{"id":251204,"date":"2021-12-30T17:58:30","date_gmt":"2021-12-30T16:58:30","guid":{"rendered":"https:\/\/www.radiopiu.net\/wordpress\/?p=251204"},"modified":"2021-12-30T17:58:30","modified_gmt":"2021-12-30T16:58:30","slug":"covid-in-provincia-2068-persone-positive-46-pazienti-ricoverati-negli-ospedali-bellunesi-l869-della-popolazione-vaccinata-con-prima-dose","status":"publish","type":"post","link":"https:\/\/www.radiopiu.net\/wordpress\/covid-in-provincia-2068-persone-positive-46-pazienti-ricoverati-negli-ospedali-bellunesi-l869-della-popolazione-vaccinata-con-prima-dose\/","title":{"rendered":"COVID IN PROVINCIA: 2068 PERSONE POSITIVE, 46 PAZIENTI RICOVERATI NEGLI OSPEDALI BELLUNESI. L&#8217;86,9% DELLA POPOLAZIONE VACCINATA CON PRIMA DOSE"},"content":{"rendered":"<p><strong>BELLUNO<\/strong> Aggiornamento sulla situazione epidemiologica in provincia a cura dell&#8217;Ulss 1 Dolomiti.<\/p>\n<p><strong>EPIDEMIOLOGIA<\/strong><\/p>\n<table width=\"652\">\n<tbody>\n<tr>\n<td width=\"326\"><strong>ATTUALI POSITIVI<\/strong><\/td>\n<td width=\"326\"><strong>2068 <\/strong><\/td>\n<\/tr>\n<tr>\n<td width=\"326\"><strong>Persone in isolamento\/quarantena<\/strong><\/td>\n<td width=\"326\"><strong>3075<\/strong><\/td>\n<\/tr>\n<\/tbody>\n<\/table>\n<p>&nbsp;<\/p>\n<p><strong>INCIDENZA SETTIMANALE<\/strong> (settimana dal 22 al 29 dicembre): <strong>548<\/strong> casi su 100 mila abitanti (media nazionale 644).Sono attualmente ricoverati:<\/p>\n<table width=\"657\">\n<tbody>\n<tr>\n<td width=\"176\"><strong>Area <\/strong><\/td>\n<td width=\"154\"><strong>Belluno<\/strong><\/td>\n<td width=\"153\"><strong>Feltre<\/strong><\/td>\n<td width=\"175\"><strong>N totale pazienti ricoverati<\/strong><\/td>\n<\/tr>\n<tr>\n<td width=\"176\"><strong>Terapia Intensiva <\/strong><\/td>\n<td width=\"154\"><strong>0<\/strong><\/td>\n<td width=\"153\"><strong>4<\/strong><\/td>\n<td width=\"175\"><strong>4<\/strong><\/td>\n<\/tr>\n<tr>\n<td width=\"176\"><strong>Area non critica Belluno<\/strong><\/td>\n<td width=\"154\"><strong>17<\/strong><\/td>\n<td width=\"153\"><strong>14<\/strong><\/td>\n<td width=\"175\"><strong>31<\/strong><\/td>\n<\/tr>\n<tr>\n<td width=\"176\"><strong>Ospedale di Comunit\u00e0 <\/strong><\/td>\n<td width=\"154\"><strong>\/<\/strong><\/td>\n<td width=\"153\"><strong>11<\/strong><\/td>\n<td width=\"175\"><strong>11<\/strong><\/td>\n<\/tr>\n<\/tbody>\n<\/table>\n<p><strong>\u00a0<\/strong><\/p>\n<p><strong>CAMPAGNA VACCINALE <\/strong>Totale dosi somministrate: 376.888, 86,9% \u2013 158.513 persone vaccinate con primo ciclo over 12, 84,5% &#8211; 154.134 persone con ciclo completo over 12, 25.060 persone ancora da vaccinare over 12 anni. <strong>TERZE DOSI\/dosi booster <\/strong>77.370 terze dosi gi\u00e0 somministrate, 82,6 % degli over 80 eleggibili gi\u00e0 vaccinati con dose booster, 81,3% dei 70-79enni eleggibili gi\u00e0 vaccinati con dose booster, 67,1% della popolazione totale eleggibile gi\u00e0 vaccinato con dose booster <strong>VACCINAZIONI PEDIATRICHE 5-11 ANNI <\/strong>Circa 1.180 bambini 5-11 anni gi\u00e0 vaccinati (10%). Aperti ulteriori posti prenotabili dal sito e aggiornata la lista delle sedute territoriali<\/p>\n<p>&nbsp;<\/p>\n<p>&nbsp;<\/p>\n<p>*****<\/p>\n","protected":false},"excerpt":{"rendered":"<p>BELLUNO Aggiornamento sulla situazione epidemiologica in provincia a cura dell&#8217;Ulss 1 Dolomiti. EPIDEMIOLOGIA ATTUALI POSITIVI 2068 Persone in isolamento\/quarantena 3075 &nbsp; INCIDENZA SETTIMANALE (settimana dal 22 al 29 dicembre): 548 casi su 100 mila abitanti (media nazionale 644).Sono attualmente ricoverati: Area Belluno Feltre N totale pazienti ricoverati Terapia Intensiva 0 4 4 Area non critica&hellip;<\/p>\n","protected":false},"author":4,"featured_media":121260,"comment_status":"closed","ping_status":"open","sticky":false,"template":"","format":"standard","meta":{"_monsterinsights_skip_tracking":false,"_monsterinsights_sitenote_active":false,"_monsterinsights_sitenote_note":"","_monsterinsights_sitenote_category":0,"footnotes":""},"categories":[51,49],"tags":[],"class_list":["post-251204","post","type-post","status-publish","format-standard","has-post-thumbnail","hentry","category-evidenza-top","category-news-18","category-51","category-49","description-off"],"img_url":"https:\/\/www.radiopiu.net\/wordpress\/wp-content\/uploads\/2020\/03\/covid-ulss.jpg","_links":{"self":[{"href":"https:\/\/www.radiopiu.net\/wordpress\/wp-json\/wp\/v2\/posts\/251204","targetHints":{"allow":["GET"]}}],"collection":[{"href":"https:\/\/www.radiopiu.net\/wordpress\/wp-json\/wp\/v2\/posts"}],"about":[{"href":"https:\/\/www.radiopiu.net\/wordpress\/wp-json\/wp\/v2\/types\/post"}],"author":[{"embeddable":true,"href":"https:\/\/www.radiopiu.net\/wordpress\/wp-json\/wp\/v2\/users\/4"}],"replies":[{"embeddable":true,"href":"https:\/\/www.radiopiu.net\/wordpress\/wp-json\/wp\/v2\/comments?post=251204"}],"version-history":[{"count":0,"href":"https:\/\/www.radiopiu.net\/wordpress\/wp-json\/wp\/v2\/posts\/251204\/revisions"}],"wp:featuredmedia":[{"embeddable":true,"href":"https:\/\/www.radiopiu.net\/wordpress\/wp-json\/wp\/v2\/media\/121260"}],"wp:attachment":[{"href":"https:\/\/www.radiopiu.net\/wordpress\/wp-json\/wp\/v2\/media?parent=251204"}],"wp:term":[{"taxonomy":"category","embeddable":true,"href":"https:\/\/www.radiopiu.net\/wordpress\/wp-json\/wp\/v2\/categories?post=251204"},{"taxonomy":"post_tag","embeddable":true,"href":"https:\/\/www.radiopiu.net\/wordpress\/wp-json\/wp\/v2\/tags?post=251204"}],"curies":[{"name":"wp","href":"https:\/\/api.w.org\/{rel}","templated":true}]}}