{"id":251257,"date":"2021-12-31T05:53:37","date_gmt":"2021-12-31T04:53:37","guid":{"rendered":"https:\/\/www.radiopiu.net\/wordpress\/?p=251257"},"modified":"2021-12-31T06:08:27","modified_gmt":"2021-12-31T05:08:27","slug":"angelacerva","status":"publish","type":"post","link":"https:\/\/www.radiopiu.net\/wordpress\/angelacerva\/","title":{"rendered":"E&#8217; MORTA &#8220;ANGELA&#8221; ADOTTATA DAI RESIDENTI HA RESO MAGICO IL NATALE"},"content":{"rendered":"<h1><\/h1>\n<p><strong><a href=\"https:\/\/www.radiopiu.net\/wordpress\/e-morta-angela-adottata-dai-residente-ha-reso-magico-lo-scorso-natale\/th-281\/\" rel=\"attachment wp-att-251260\"><img loading=\"lazy\" decoding=\"async\" class=\" wp-image-251260 alignleft\" src=\"https:\/\/www.radiopiu.net\/wordpress\/wp-content\/uploads\/2021\/12\/th-18.jpg\" alt=\"\" width=\"159\" height=\"212\" \/><\/a>AURONZO<\/strong>\u00a0 Si \u00e8 chiusa la magia di Natal. Angela, la cerva che aveva incantato tutti nel piccolo borgo delle Dolomiti, \u00e8 stata trovata morta in un fienile. A darne notizia sono gli attivisti della pagina Facebook \u201cClaretta la cerva del Comelico superiore\u201d che ne avevano raccontato la vita nel paese. <em>\u201cUn grazie speciale a tutte le persone che con la massima sensibilit\u00e0 e amorevolezza l\u2019hanno accolta nel paese\u201d,<\/em> scrivono.\u00a0 Era ospite di Giacomo Maroldo. Era anziana, ma ancora vispa e allegra: Angela ha cominciato a stare male mercoled\u00ec pomeriggio e nella notte se n&#8217;\u00e8 andata: &#8220;Purtroppo \u00e8 andata cos\u00ec, noi abbiamo fatto tutto quello che potevamo. Grazie a Laura e Matteo, soprattutto per il fieno e a tutti coloro che ci hanno aiutato, sotto qualsiasi forma. \u00c8 stato un buon Natale&#8221; ha detto Giacomo Maroldo (foto) al Corriere delle Alpi.<\/p>\n\n\t\t\t<style type='text\/css'>\n\t\t\t\t#gallery-1 {\n\t\t\t\t\tmargin: auto;\n\t\t\t\t}\n\t\t\t\t#gallery-1 .gallery-item {\n\t\t\t\t\tfloat: left;\n\t\t\t\t\tmargin-top: 10px;\n\t\t\t\t\ttext-align: center;\n\t\t\t\t\twidth: 50%;\n\t\t\t\t}\n\t\t\t\t#gallery-1 img {\n\t\t\t\t\tborder: 2px solid #cfcfcf;\n\t\t\t\t}\n\t\t\t\t#gallery-1 .gallery-caption {\n\t\t\t\t\tmargin-left: 0;\n\t\t\t\t}\n\t\t\t\t\/* see gallery_shortcode() in wp-includes\/media.php *\/\n\t\t\t<\/style>\n\t\t<div id='gallery-1' class='dt-gallery-container gallery galleryid-251257 gallery-columns-2 gallery-size-medium'><dl class='gallery-item'>\n\t\t\t\t<dt class='gallery-icon landscape'>\n\t\t\t\t\t<a class=\"rollover rollover-zoom dt-pswp-item\" title=\"WhatsApp Image 2021-12-25 at 15.33.37\" data-dt-img-description=\"\" data-large_image_width=\"980\" data-large_image_height=\"450\"href='https:\/\/www.radiopiu.net\/wordpress\/wp-content\/uploads\/2021\/12\/WhatsApp-Image-2021-12-25-at-15.33.37.jpg'><img loading=\"lazy\" decoding=\"async\" width=\"300\" height=\"138\" src=\"https:\/\/www.radiopiu.net\/wordpress\/wp-content\/uploads\/2021\/12\/WhatsApp-Image-2021-12-25-at-15.33.37-300x138.jpg\" class=\"attachment-medium size-medium\" alt=\"\" srcset=\"https:\/\/www.radiopiu.net\/wordpress\/wp-content\/uploads\/2021\/12\/WhatsApp-Image-2021-12-25-at-15.33.37-300x138.jpg 300w, https:\/\/www.radiopiu.net\/wordpress\/wp-content\/uploads\/2021\/12\/WhatsApp-Image-2021-12-25-at-15.33.37-768x353.jpg 768w, https:\/\/www.radiopiu.net\/wordpress\/wp-content\/uploads\/2021\/12\/WhatsApp-Image-2021-12-25-at-15.33.37.jpg 980w\" sizes=\"auto, (max-width: 300px) 100vw, 300px\" \/><\/a>\n\t\t\t\t<\/dt><\/dl><dl class='gallery-item'>\n\t\t\t\t<dt class='gallery-icon landscape'>\n\t\t\t\t\t<a class=\"rollover rollover-zoom dt-pswp-item\" title=\"270428372_904658413581831_3497595638584101981_n-1640869054019-638x425\" data-dt-img-description=\"\" data-large_image_width=\"638\" data-large_image_height=\"425\"href='https:\/\/www.radiopiu.net\/wordpress\/wp-content\/uploads\/2021\/12\/270428372_904658413581831_3497595638584101981_n-1640869054019-638x425-1.jpg'><img loading=\"lazy\" decoding=\"async\" width=\"300\" height=\"200\" src=\"https:\/\/www.radiopiu.net\/wordpress\/wp-content\/uploads\/2021\/12\/270428372_904658413581831_3497595638584101981_n-1640869054019-638x425-1-300x200.jpg\" class=\"attachment-medium size-medium\" alt=\"\" srcset=\"https:\/\/www.radiopiu.net\/wordpress\/wp-content\/uploads\/2021\/12\/270428372_904658413581831_3497595638584101981_n-1640869054019-638x425-1-300x200.jpg 300w, https:\/\/www.radiopiu.net\/wordpress\/wp-content\/uploads\/2021\/12\/270428372_904658413581831_3497595638584101981_n-1640869054019-638x425-1.jpg 638w\" sizes=\"auto, (max-width: 300px) 100vw, 300px\" \/><\/a>\n\t\t\t\t<\/dt><\/dl><br style=\"clear: both\" \/>\n\t\t\t<\/div>\n\n<p><iframe loading=\"lazy\" title=\"La cerva Angela ad Auronzo di Cadore\" width=\"1200\" height=\"675\" src=\"https:\/\/www.youtube.com\/embed\/seNpiXoXCXA?feature=oembed\" frameborder=\"0\" allow=\"accelerometer; autoplay; clipboard-write; encrypted-media; gyroscope; picture-in-picture\" allowfullscreen><\/iframe><\/p>\n","protected":false},"excerpt":{"rendered":"<p>AURONZO\u00a0 Si \u00e8 chiusa la magia di Natal. Angela, la cerva che aveva incantato tutti nel piccolo borgo delle Dolomiti, \u00e8 stata trovata morta in un fienile. A darne notizia sono gli attivisti della pagina Facebook \u201cClaretta la cerva del Comelico superiore\u201d che ne avevano raccontato la vita nel paese. \u201cUn grazie speciale a tutte&hellip;<\/p>\n","protected":false},"author":4,"featured_media":251259,"comment_status":"closed","ping_status":"open","sticky":false,"template":"","format":"standard","meta":{"_monsterinsights_skip_tracking":false,"_monsterinsights_sitenote_active":false,"_monsterinsights_sitenote_note":"","_monsterinsights_sitenote_category":0,"footnotes":""},"categories":[51,49],"tags":[],"class_list":["post-251257","post","type-post","status-publish","format-standard","has-post-thumbnail","hentry","category-evidenza-top","category-news-18","category-51","category-49","description-off"],"img_url":"https:\/\/www.radiopiu.net\/wordpress\/wp-content\/uploads\/2021\/12\/270428372_904658413581831_3497595638584101981_n-1640869054019-638x425-1.jpg","_links":{"self":[{"href":"https:\/\/www.radiopiu.net\/wordpress\/wp-json\/wp\/v2\/posts\/251257","targetHints":{"allow":["GET"]}}],"collection":[{"href":"https:\/\/www.radiopiu.net\/wordpress\/wp-json\/wp\/v2\/posts"}],"about":[{"href":"https:\/\/www.radiopiu.net\/wordpress\/wp-json\/wp\/v2\/types\/post"}],"author":[{"embeddable":true,"href":"https:\/\/www.radiopiu.net\/wordpress\/wp-json\/wp\/v2\/users\/4"}],"replies":[{"embeddable":true,"href":"https:\/\/www.radiopiu.net\/wordpress\/wp-json\/wp\/v2\/comments?post=251257"}],"version-history":[{"count":0,"href":"https:\/\/www.radiopiu.net\/wordpress\/wp-json\/wp\/v2\/posts\/251257\/revisions"}],"wp:featuredmedia":[{"embeddable":true,"href":"https:\/\/www.radiopiu.net\/wordpress\/wp-json\/wp\/v2\/media\/251259"}],"wp:attachment":[{"href":"https:\/\/www.radiopiu.net\/wordpress\/wp-json\/wp\/v2\/media?parent=251257"}],"wp:term":[{"taxonomy":"category","embeddable":true,"href":"https:\/\/www.radiopiu.net\/wordpress\/wp-json\/wp\/v2\/categories?post=251257"},{"taxonomy":"post_tag","embeddable":true,"href":"https:\/\/www.radiopiu.net\/wordpress\/wp-json\/wp\/v2\/tags?post=251257"}],"curies":[{"name":"wp","href":"https:\/\/api.w.org\/{rel}","templated":true}]}}