{"id":251307,"date":"2021-12-31T11:07:08","date_gmt":"2021-12-31T10:07:08","guid":{"rendered":"https:\/\/www.radiopiu.net\/wordpress\/?p=251307"},"modified":"2021-12-31T11:07:37","modified_gmt":"2021-12-31T10:07:37","slug":"dario-dal-magro-societa-partecipate-dal-comune-io-la-penso-cosi","status":"publish","type":"post","link":"https:\/\/www.radiopiu.net\/wordpress\/dario-dal-magro-societa-partecipate-dal-comune-io-la-penso-cosi\/","title":{"rendered":"DARIO DAL MAGRO: &#8220;SOCIETA&#8217; PARTECIPATE DAL COMUNE, IO LA PENSO COSI'&#8221;"},"content":{"rendered":"<p><strong>BORGO VALBELLUNA<\/strong> Ultimi giorni dell&#8217;anno, consiglio comunali a raffica per delibere di ordinaria amministrazione, non ultima per importanza quella che riassume gli impegni dei Comuni nelle societ\u00e0 partecipate. Nell&#8217;ultimo consiglio comunale il consigliere Dario Dal Magro (opposizione) ha espresso il suo parere che riportiamo.<\/p>\n<p><a href=\"https:\/\/www.radiopiu.net\/wordpress\/dario-dal-magro-societa-partecipate-dal-comune-io-la-penso-cosi\/1567244878192_dario_dal_magro_p-png\/\" rel=\"attachment wp-att-251309\"><img loading=\"lazy\" decoding=\"async\" class=\"size-medium wp-image-251309 alignleft\" src=\"https:\/\/www.radiopiu.net\/wordpress\/wp-content\/uploads\/2021\/12\/1567244878192_Dario_Dal_Magro_p.png-300x171.jpg\" alt=\"\" width=\"300\" height=\"171\" srcset=\"https:\/\/www.radiopiu.net\/wordpress\/wp-content\/uploads\/2021\/12\/1567244878192_Dario_Dal_Magro_p.png-300x171.jpg 300w, https:\/\/www.radiopiu.net\/wordpress\/wp-content\/uploads\/2021\/12\/1567244878192_Dario_Dal_Magro_p.png.jpg 350w\" sizes=\"auto, (max-width: 300px) 100vw, 300px\" \/><\/a><em>Pur capendo che forse le societ\u00e0 partecipate hanno fornito i dati con ritardo, appare poco utile esaminare bilanci utilizzando uno specchietto retrovisivo di un anno; Il Comune controlla al 100% la <strong>Valbelluna Servizi Srl,<\/strong> che gestisce le tre case di soggiorno per anziani e non solo. Visto il perdurare della pandemia, ritengo opportuno che il consigliere delegato ci dia informazioni sia sui dati del bilancio che va chiudendosi, che soprattutto sulla situazione sanitaria delle tre strutture e del personale; <strong>Bim Belluno Infrastrutture<\/strong> detiene una partecipazione del 25% in Valmontina Srl. Questa societ\u00e0 gestisce un importante impianto idroelettrico fortemente danneggiato da Vaia. A rigore di norma dovremmo dismettere tale partecipazione in quanto ha chiuso tre esercizi consecutivi in perdita, e precisamente il 2018 per 3,7\/mln, il 2019 per \u20ac 415.000 ed il 2020 per \u20ac 303.000. Nel 2020 sono state fatte rivalutazioni per 4,4\/mln finite a riserve che ora ammontano ad oltre 5\/mln, con netto miglioramento del patrimonio. A fronte di questi dati negativi, risulta per\u00f2 che al 29\/7\/2020 la centralina rimessa in funzione avesse gi\u00e0 prodotto 6 GWh su 7,4 ammessi. Dati positivi, tant\u2019\u00e8 che attraverso pi\u00f9 passaggi il 75% \u00e8 stato acquisito da una primaria societ\u00e0 austriaca del settore, la Ki-Kelag International GMBH.\u00a0 Quindi anche in questo campo gli austriaci fanno acquisti nel bellunese. Non ho elementi per valutare se gli austriaci abbiano fatto o meno un affare. Ma mi pongo una domanda.\u00a0 Visto che il piano industriale di Bim Infrastrutture prevede esplicitamente di occuparsi della produzione e della gestione degli impianti idroelettrici, i sindaci hanno valutato l\u2019opportunit\u00e0 di acquistare l\u2019impianto, del quale sono soci al 25%? <strong>La Dolomiti Ambiente<\/strong> attraverso Bim Infrastrutture, che detiene il 7,60%, la societ\u00e0 sta attuando una politica di potenziamento dei suoi impianti dei rifiuti nei quali sia potenzialmente possibile il conferimento, per esempio, dei fanghi palabili derivanti dal ciclo di depurazione delle acque a costi competitivi. L\u2019insorgere dell\u2019emergenza PFAS ha costretto a rivedere tale progettualit\u00e0. Fra gli obiettivi di <strong>Bim Infrastrutture<\/strong> vi \u00e8 il superamento della frammentazione della gestione dei rifiuti per pervenire ad una gestione unificata degli stessi in \u2019ambito provinciale. <span style=\"color: #ff0000;\">Domande<\/span>: come sindaci avete valutato l\u2019opportunit\u00e0 che sia Bim Infrastrutture ad acquisire l\u2019intera partecipazione di Dolomiti Ambiente? Ci sapete dire gli esiti della due diligence?<\/em><\/p>\n<p>&nbsp;<\/p>\n","protected":false},"excerpt":{"rendered":"<p>BORGO VALBELLUNA Ultimi giorni dell&#8217;anno, consiglio comunali a raffica per delibere di ordinaria amministrazione, non ultima per importanza quella che riassume gli impegni dei Comuni nelle societ\u00e0 partecipate. Nell&#8217;ultimo consiglio comunale il consigliere Dario Dal Magro (opposizione) ha espresso il suo parere che riportiamo. Pur capendo che forse le societ\u00e0 partecipate hanno fornito i dati&hellip;<\/p>\n","protected":false},"author":4,"featured_media":251309,"comment_status":"closed","ping_status":"open","sticky":false,"template":"","format":"standard","meta":{"_monsterinsights_skip_tracking":false,"_monsterinsights_sitenote_active":false,"_monsterinsights_sitenote_note":"","_monsterinsights_sitenote_category":0,"footnotes":""},"categories":[104,49],"tags":[],"class_list":["post-251307","post","type-post","status-publish","format-standard","has-post-thumbnail","hentry","category-evidenza_3","category-news-18","category-104","category-49","description-off"],"img_url":"https:\/\/www.radiopiu.net\/wordpress\/wp-content\/uploads\/2021\/12\/1567244878192_Dario_Dal_Magro_p.png.jpg","_links":{"self":[{"href":"https:\/\/www.radiopiu.net\/wordpress\/wp-json\/wp\/v2\/posts\/251307","targetHints":{"allow":["GET"]}}],"collection":[{"href":"https:\/\/www.radiopiu.net\/wordpress\/wp-json\/wp\/v2\/posts"}],"about":[{"href":"https:\/\/www.radiopiu.net\/wordpress\/wp-json\/wp\/v2\/types\/post"}],"author":[{"embeddable":true,"href":"https:\/\/www.radiopiu.net\/wordpress\/wp-json\/wp\/v2\/users\/4"}],"replies":[{"embeddable":true,"href":"https:\/\/www.radiopiu.net\/wordpress\/wp-json\/wp\/v2\/comments?post=251307"}],"version-history":[{"count":0,"href":"https:\/\/www.radiopiu.net\/wordpress\/wp-json\/wp\/v2\/posts\/251307\/revisions"}],"wp:featuredmedia":[{"embeddable":true,"href":"https:\/\/www.radiopiu.net\/wordpress\/wp-json\/wp\/v2\/media\/251309"}],"wp:attachment":[{"href":"https:\/\/www.radiopiu.net\/wordpress\/wp-json\/wp\/v2\/media?parent=251307"}],"wp:term":[{"taxonomy":"category","embeddable":true,"href":"https:\/\/www.radiopiu.net\/wordpress\/wp-json\/wp\/v2\/categories?post=251307"},{"taxonomy":"post_tag","embeddable":true,"href":"https:\/\/www.radiopiu.net\/wordpress\/wp-json\/wp\/v2\/tags?post=251307"}],"curies":[{"name":"wp","href":"https:\/\/api.w.org\/{rel}","templated":true}]}}