{"id":251622,"date":"2021-12-31T23:59:35","date_gmt":"2021-12-31T22:59:35","guid":{"rendered":"https:\/\/www.radiopiu.net\/wordpress\/?p=251622"},"modified":"2021-12-31T12:10:31","modified_gmt":"2021-12-31T11:10:31","slug":"disco-piu-dal-1-al-7-gennaio-2022","status":"publish","type":"post","link":"https:\/\/www.radiopiu.net\/wordpress\/disco-piu-dal-1-al-7-gennaio-2022\/","title":{"rendered":"DISCO PIU\u2019 DAL 1 AL 7 GENNAIO 2022"},"content":{"rendered":"<p><strong><a href=\"https:\/\/www.radiopiu.net\/wordpress\/?attachment_id=251623\" rel=\"attachment wp-att-251623\"><img loading=\"lazy\" decoding=\"async\" class=\"size-medium wp-image-251623 alignleft\" src=\"https:\/\/www.radiopiu.net\/wordpress\/wp-content\/uploads\/2021\/12\/MARCO-MENGONI-MATERIA-300x300.jpg\" alt=\"\" width=\"300\" height=\"300\" srcset=\"https:\/\/www.radiopiu.net\/wordpress\/wp-content\/uploads\/2021\/12\/MARCO-MENGONI-MATERIA-300x300.jpg 300w, https:\/\/www.radiopiu.net\/wordpress\/wp-content\/uploads\/2021\/12\/MARCO-MENGONI-MATERIA-150x150.jpg 150w, https:\/\/www.radiopiu.net\/wordpress\/wp-content\/uploads\/2021\/12\/MARCO-MENGONI-MATERIA.jpg 320w\" sizes=\"auto, (max-width: 300px) 100vw, 300px\" \/><\/a>I SUCCESSI DI DOMANI<\/strong><\/p>\n<p><strong>LI ASCOLTI OGGI\u2026SU RADIO PIU\u2019<\/strong><\/p>\n<p><strong>IL DISCO PIU\u2019 DAL 1 AL 7 GENNAIO 2022 E\u2019:<\/strong><\/p>\n<p><strong>ARTISTA: Marco Mengoni &amp; Madame<\/strong><\/p>\n<p><strong>TITOLO: Mi Fider\u00f2<\/strong><\/p>\n<p><strong>ETICHETTA: Sony Music\/Sugar<\/strong><\/p>\n<p>&nbsp;<\/p>\n<p>Mi fider\u00f2, scritto da Marco Mengoni con Madame, Tony Maiello, Riccardo Scir\u00e8 e Alex Andrea Vella, \u00e8 un up-tempo che esplora il funk con una ritmica preponderante. La fiducia, come elemento alla base di ogni relazione, non \u00e8 fatta solamente di promesse, ma passa anche dalla concretezza di labbra, sguardi e mani. Con questo brano up-tempo Mengoni fa un percorso a ritroso, legando la fiducia ad elementi primordiali come l\u2019istinto o la chimica, elementi che spesso sono messi in secondo piano rispetto a una miope iper-razionalit\u00e0 che ci rende poco predisposti alla conoscenza di noi stessi e degli altri. La pelle, il sapore e il tremolio dicono tanto e abbattono ogni schema. Mi fider\u00f2 \u00e8 un brano costruito da \u201cstanze sonore\u201d diverse, ognuna con la propria atmosfera e luci. Uno degli spazi pi\u00f9 eterogenei \u00e8 quello costruito e abitato da Madame, la giovanissima cantautrice che ha ridefinito e mischiato i canoni musicali tradizionali, \u201cuna voce con tanto soul al suo interno, con una capacit\u00e0 comunicativa profondissima\u201d &#8211; cos\u00ec la descrive Marco- che ha scritto di getto la sua parte e ha lasciato al brano il suo tocco distintivo. \u00abSono molto felice di aver collaborato con una delle pi\u00f9 intense voci della musica italiana \u2013 racconta Madame in occasione dell\u2019uscita di Materia (Terra). Ringrazio Marco per la fiducia e per avermi accolta nel suo mondo.\u00bb La produzione di Tino Piontek (in arte Purple Disco Machine), gi\u00e0 producer del singolo doppio platino Ma stasera, include anche gli archi della Budapest Scoring Symphonic Orchestra, contribuendo a rendere il brano un veicolo per la riscoperta della nostra fisicit\u00e0 pi\u00f9 naturale e primordiale.Madame \u00e8 stata ospite di Marco nello speakeasy nascosto nel cuore di Milano in cui il cantautore ha presentato l\u2019album Materia (Terra) e insieme hanno duettato in Mi fider\u00f2, accompagnati da una band di 9 elementi. Marco Mengoni, dopo il successo del #MengoniLive2019 \u2013 Atlantico Tour, nell\u2019estate 2022 sar\u00e0 inoltre protagonista di due concerti eccezionali, i suoi primi live negli stadi. Un\u2019esplosione di energia e condivisione con il suo pubblico, in una dimensione per Mengoni fino ad ora inedita: MARCO NEGLI STADI, organizzato e prodotto da Live Nation, sar\u00e0 il 19 giugno 2022 allo Stadio San Siro di Milano e il 22 giugno 2022 allo Stadio Olimpico di Roma.<\/p>\n<p>&nbsp;<\/p>\n<p><iframe loading=\"lazy\" title=\"Marco Mengoni - Mi Fider\u00f2 (Visual Video) ft. Madame\" width=\"1200\" height=\"675\" src=\"https:\/\/www.youtube.com\/embed\/RUE1vQ8mxCA?feature=oembed\" frameborder=\"0\" allow=\"accelerometer; autoplay; clipboard-write; encrypted-media; gyroscope; picture-in-picture\" allowfullscreen><\/iframe><\/p>\n","protected":false},"excerpt":{"rendered":"<p>I SUCCESSI DI DOMANI LI ASCOLTI OGGI\u2026SU RADIO PIU\u2019 IL DISCO PIU\u2019 DAL 1 AL 7 GENNAIO 2022 E\u2019: ARTISTA: Marco Mengoni &amp; Madame TITOLO: Mi Fider\u00f2 ETICHETTA: Sony Music\/Sugar &nbsp; Mi fider\u00f2, scritto da Marco Mengoni con Madame, Tony Maiello, Riccardo Scir\u00e8 e Alex Andrea Vella, \u00e8 un up-tempo che esplora il funk con&hellip;<\/p>\n","protected":false},"author":4,"featured_media":251623,"comment_status":"closed","ping_status":"open","sticky":false,"template":"","format":"standard","meta":{"_monsterinsights_skip_tracking":false,"_monsterinsights_sitenote_active":false,"_monsterinsights_sitenote_note":"","_monsterinsights_sitenote_category":0,"footnotes":""},"categories":[15],"tags":[],"class_list":["post-251622","post","type-post","status-publish","format-standard","has-post-thumbnail","hentry","category-discopiu","category-15","description-off"],"img_url":"https:\/\/www.radiopiu.net\/wordpress\/wp-content\/uploads\/2021\/12\/MARCO-MENGONI-MATERIA.jpg","_links":{"self":[{"href":"https:\/\/www.radiopiu.net\/wordpress\/wp-json\/wp\/v2\/posts\/251622","targetHints":{"allow":["GET"]}}],"collection":[{"href":"https:\/\/www.radiopiu.net\/wordpress\/wp-json\/wp\/v2\/posts"}],"about":[{"href":"https:\/\/www.radiopiu.net\/wordpress\/wp-json\/wp\/v2\/types\/post"}],"author":[{"embeddable":true,"href":"https:\/\/www.radiopiu.net\/wordpress\/wp-json\/wp\/v2\/users\/4"}],"replies":[{"embeddable":true,"href":"https:\/\/www.radiopiu.net\/wordpress\/wp-json\/wp\/v2\/comments?post=251622"}],"version-history":[{"count":0,"href":"https:\/\/www.radiopiu.net\/wordpress\/wp-json\/wp\/v2\/posts\/251622\/revisions"}],"wp:featuredmedia":[{"embeddable":true,"href":"https:\/\/www.radiopiu.net\/wordpress\/wp-json\/wp\/v2\/media\/251623"}],"wp:attachment":[{"href":"https:\/\/www.radiopiu.net\/wordpress\/wp-json\/wp\/v2\/media?parent=251622"}],"wp:term":[{"taxonomy":"category","embeddable":true,"href":"https:\/\/www.radiopiu.net\/wordpress\/wp-json\/wp\/v2\/categories?post=251622"},{"taxonomy":"post_tag","embeddable":true,"href":"https:\/\/www.radiopiu.net\/wordpress\/wp-json\/wp\/v2\/tags?post=251622"}],"curies":[{"name":"wp","href":"https:\/\/api.w.org\/{rel}","templated":true}]}}