{"id":251639,"date":"2022-01-03T05:48:27","date_gmt":"2022-01-03T04:48:27","guid":{"rendered":"https:\/\/www.radiopiu.net\/wordpress\/?p=251639"},"modified":"2022-01-03T10:18:53","modified_gmt":"2022-01-03T09:18:53","slug":"giornale-radiopiu-03-gennaio-2022-direttore-mirko-mezzacasa","status":"publish","type":"post","link":"https:\/\/www.radiopiu.net\/wordpress\/giornale-radiopiu-03-gennaio-2022-direttore-mirko-mezzacasa\/","title":{"rendered":"GIORNALE RADIOPIU 03 GENNAIO 2022 DIRETTORE MIRKO MEZZACASA"},"content":{"rendered":"<h3 class=\"kvgmc6g5 cxmmr5t8 oygrvhab hcukyx3x c1et5uql\"><span style=\"color: #0000ff;\"><strong>INFORMAZIONE il canale su TELEGRAM informazione di prima mano e in tempo reale. iscriviti ed aiutaci a farlo conoscere\u00a0 \u00a0<\/strong><\/span><\/h3>\n<p>&nbsp;<\/p>\n<hr \/>\n<p>&nbsp;<\/p>\n<blockquote>\n<h2 style=\"text-align: center;\"><span style=\"color: #ff00ff;\">&#8220;UNA BELLA ESPERIENZA CHE RACCOMANDO&#8221;, FRANCESCA LASCIA L&#8217;EREDITA&#8217; SFODERANDO IL SUO SORRISO<\/span><\/h2>\n<\/blockquote>\n<p><strong><a href=\"https:\/\/www.radiopiu.net\/wordpress\/unagordina-a-leredita-francesca-di-taibon-diventa-campionessa-del-gioco-condotto-da-flavio-insinna\/6f203cff-6ad3-4445-b17b-58777e2ef1eb\/\" rel=\"attachment wp-att-251876\"><img loading=\"lazy\" decoding=\"async\" class=\"size-medium wp-image-251876 alignleft\" src=\"https:\/\/www.radiopiu.net\/wordpress\/wp-content\/uploads\/2022\/01\/6f203cff-6ad3-4445-b17b-58777e2ef1eb-300x169.jpg\" alt=\"\" width=\"300\" height=\"169\" srcset=\"https:\/\/www.radiopiu.net\/wordpress\/wp-content\/uploads\/2022\/01\/6f203cff-6ad3-4445-b17b-58777e2ef1eb-300x169.jpg 300w, https:\/\/www.radiopiu.net\/wordpress\/wp-content\/uploads\/2022\/01\/6f203cff-6ad3-4445-b17b-58777e2ef1eb-1024x576.jpg 1024w, https:\/\/www.radiopiu.net\/wordpress\/wp-content\/uploads\/2022\/01\/6f203cff-6ad3-4445-b17b-58777e2ef1eb-768x432.jpg 768w, https:\/\/www.radiopiu.net\/wordpress\/wp-content\/uploads\/2022\/01\/6f203cff-6ad3-4445-b17b-58777e2ef1eb-1536x864.jpg 1536w, https:\/\/www.radiopiu.net\/wordpress\/wp-content\/uploads\/2022\/01\/6f203cff-6ad3-4445-b17b-58777e2ef1eb.jpg 1920w\" sizes=\"auto, (max-width: 300px) 100vw, 300px\" \/><\/a>REDAZIONE<\/strong> Ha partecipato a L&#8217;Eredit\u00e0, non ha vinto il premio finale ma\u00a0 senza dubbio la classifica del sorriso contagioso. Francesca Bortolin ha tenuto con il fiato sospeso il suo paese, Taibon e i tanti che da alcuni giorni stanno seguendo la sua maratona televisiva su Rai 1 con Flavio Insinna.\u00a0 Ieri sera alle 19.30 la super sfida con Marco, campione come lei. Francesca si \u00e8 ingarbugliata in un paio di parole, ma non gli toglie il &#8220;brava&#8221; comunque,\u00a0 per la bella figura da piccolo schermo. La ragazza di Taibon ha lasciato via Nomentana con il gioco L&#8217;Eredit\u00e0, a soprattutto con i saluti per genitori, ragazzo, amici di Trento e &#8230;nonna Delia che della trasmissione non ha perso una battuta.<\/p>\n<p><strong>I SALUTI DI FRANCESCA PRIMA DI ABBANDONARE LO STUDIO<\/strong><\/p>\n<div style=\"width: 848px;\" class=\"wp-video\"><video class=\"wp-video-shortcode\" id=\"video-251639-1\" width=\"848\" height=\"480\" preload=\"metadata\" controls=\"controls\"><source type=\"video\/mp4\" src=\"https:\/\/www.radiopiu.net\/wordpress\/wp-content\/uploads\/2022\/01\/WhatsApp-Video-2022-01-02-at-20.13.59.mp4?_=1\" \/><a href=\"https:\/\/www.radiopiu.net\/wordpress\/wp-content\/uploads\/2022\/01\/WhatsApp-Video-2022-01-02-at-20.13.59.mp4\">https:\/\/www.radiopiu.net\/wordpress\/wp-content\/uploads\/2022\/01\/WhatsApp-Video-2022-01-02-at-20.13.59.mp4<\/a><\/video><\/div>\n<p>&nbsp;<\/p>\n<hr \/>\n<p>&nbsp;<\/p>\n<blockquote>\n<h3><span style=\"color: #ff0000;\">LA CROCE VERDE VAL BIOIS COMUNICA I DISSERVIZI PER IL MESE DI GENNAIO 2022<\/span><\/h3>\n<\/blockquote>\n<p><strong><a href=\"https:\/\/www.radiopiu.net\/wordpress\/lassessore-gianpaolo-bottacin-ribatte-alle-accuse-del-presidente-della-croce-verde-val-biois-stefano-murer\/croce-verde-val-biois-2\/\" rel=\"attachment wp-att-153811\"><img loading=\"lazy\" decoding=\"async\" class=\" wp-image-153811 alignleft\" src=\"https:\/\/www.radiopiu.net\/wordpress\/wp-content\/uploads\/2020\/08\/CROCE-VERDE-VAL-BIOIS-300x225.jpg\" alt=\"\" width=\"217\" height=\"163\" srcset=\"https:\/\/www.radiopiu.net\/wordpress\/wp-content\/uploads\/2020\/08\/CROCE-VERDE-VAL-BIOIS-300x225.jpg 300w, https:\/\/www.radiopiu.net\/wordpress\/wp-content\/uploads\/2020\/08\/CROCE-VERDE-VAL-BIOIS-1024x768.jpg 1024w, https:\/\/www.radiopiu.net\/wordpress\/wp-content\/uploads\/2020\/08\/CROCE-VERDE-VAL-BIOIS-768x576.jpg 768w, https:\/\/www.radiopiu.net\/wordpress\/wp-content\/uploads\/2020\/08\/CROCE-VERDE-VAL-BIOIS-1536x1153.jpg 1536w, https:\/\/www.radiopiu.net\/wordpress\/wp-content\/uploads\/2020\/08\/CROCE-VERDE-VAL-BIOIS.jpg 1599w\" sizes=\"auto, (max-width: 217px) 100vw, 217px\" \/><\/a>FALCADE<\/strong> Anche nel mese di gennaio la Croce Verde Val Biois non assicura l&#8217;assistenza in alcune giornate. A comunicarlo il presidente Stefano Murer. Queste le date dei disservizi: DOMANI dalle ore 20:00 alle 6 MERCOLED\u00ec 5 GENNAIO; VENERDI&#8217; 7 GENNAIO dalle ore 6:00 alle ore 20:00; GIOVEDI&#8217; 13 GENNAIO dalle ore 20 alle 20 di VENERDI&#8217; 14 GENNAIO; VENERDI&#8217; 21 GENNAIO dalle ore 6:00 alle ore 20:00; SABATO 22 GENNAIO dalle ore 6:00 alle ore 20:00; DOMENICA 23 GENNAIO dalle ore 20:00 alle 6 di LUNEDI&#8217; 24 GENNAIO; VENERDI&#8217; 28 GENNAIO dalle ore 6:00 alle ore 20:00; SABATO 29 GENNAIO dalle ore 6:00 alle ore 20:00. Le eventuali modifiche al calendario saranno comunicate tempestivamente.<\/p>\n<p>&nbsp;<\/p>\n<hr \/>\n<p>&nbsp;<\/p>\n<p>&nbsp;<\/p>\n<p>&nbsp;<\/p>\n<blockquote>\n<h3><a href=\"https:\/\/www.radiopiu.net\/wordpress\/giornale-radiopiu-03-gennaio-2022-direttore-mirko-mezzacasa\/d6e58790-c5cb-43ea-88f8-09769b508bf5\/\" rel=\"attachment wp-att-251927\"><img loading=\"lazy\" decoding=\"async\" class=\" wp-image-251927 alignleft\" src=\"https:\/\/www.radiopiu.net\/wordpress\/wp-content\/uploads\/2022\/01\/d6e58790-c5cb-43ea-88f8-09769b508bf5-300x135.jpg\" alt=\"\" width=\"187\" height=\"84\" srcset=\"https:\/\/www.radiopiu.net\/wordpress\/wp-content\/uploads\/2022\/01\/d6e58790-c5cb-43ea-88f8-09769b508bf5-300x135.jpg 300w, https:\/\/www.radiopiu.net\/wordpress\/wp-content\/uploads\/2022\/01\/d6e58790-c5cb-43ea-88f8-09769b508bf5-1024x461.jpg 1024w, https:\/\/www.radiopiu.net\/wordpress\/wp-content\/uploads\/2022\/01\/d6e58790-c5cb-43ea-88f8-09769b508bf5-768x345.jpg 768w, https:\/\/www.radiopiu.net\/wordpress\/wp-content\/uploads\/2022\/01\/d6e58790-c5cb-43ea-88f8-09769b508bf5-1536x691.jpg 1536w, https:\/\/www.radiopiu.net\/wordpress\/wp-content\/uploads\/2022\/01\/d6e58790-c5cb-43ea-88f8-09769b508bf5.jpg 2048w\" sizes=\"auto, (max-width: 187px) 100vw, 187px\" \/><\/a>MUORE COLTO DA MALORE SOTTO IL MONTE TRANEGO<\/h3>\n<p><em>Franco Brunello 60 anni abitava in frazione Vallesella a Domegge, imprenditore nel\u00a0 mondo dell&#8217;occhiale con la Neometal dal 1986, poi con l&#8217;attivit\u00e0 di stufe e caminetti.\u00a0 Gi\u00e0 nella gestione del Gran Caff\u00e8 Tiziano e del locale Tiffany a Pieve, oltre che nel ramo immobiliare. Era impegnato nel sociale\u00a0 aveva ricoperto anche il ruolo di vicesindaco, era stato anche consigliere del Bob Club di Pieve e donatore di sangue nell&#8217;Abvs, oltre a corista del Coro Cadore.\u00a0<\/em><\/p><\/blockquote>\n<p><strong><a href=\"https:\/\/www.radiopiu.net\/wordpress\/si-fa-male-con-le-ciaspole-sotto-il-coldai\/salt-suem\/\" rel=\"attachment wp-att-247613\"><img loading=\"lazy\" decoding=\"async\" class=\"size-medium wp-image-247613 alignleft\" src=\"https:\/\/www.radiopiu.net\/wordpress\/wp-content\/uploads\/2021\/12\/salt-suem-300x225.jpg\" alt=\"\" width=\"300\" height=\"225\" srcset=\"https:\/\/www.radiopiu.net\/wordpress\/wp-content\/uploads\/2021\/12\/salt-suem-300x225.jpg 300w, https:\/\/www.radiopiu.net\/wordpress\/wp-content\/uploads\/2021\/12\/salt-suem-1024x768.jpg 1024w, https:\/\/www.radiopiu.net\/wordpress\/wp-content\/uploads\/2021\/12\/salt-suem-768x576.jpg 768w, https:\/\/www.radiopiu.net\/wordpress\/wp-content\/uploads\/2021\/12\/salt-suem.jpg 1440w\" sizes=\"auto, (max-width: 300px) 100vw, 300px\" \/><\/a>PIEVE DI CADORE <\/strong>Ieri poco prima di mezzogiorno il Soccorso alpino di Pieve di Cadore \u00e8 stato allertato per intervenire in supporto dell&#8217;elisoccorso di Bolzano, per un uomo. Franco Brunello di 60 anni,\u00a0 colto da malore due tornati sotto la cima del Monte Tranego, a 1.700 metri di quota, lungo la strada che stava percorrendo assieme alla moglie e ad alcuni amici, che hanno subito iniziato a praticargli il massaggio cardiaco. Purtroppo una volta che il personale medico del Pelikan \u00e8 sopraggiunto, non \u00e8 stato possibile che constatare il decesso dell&#8217;uomo, un sessantenne di Pieve di Cadore (BL). Una squadra del Soccorso alpino di Pieve di Cadore \u00e8 quindi salita con quad e slitta, per poi accompagnare a valle prima la moglie e un&#8217;amica e di seguito la salma dell&#8217;escursionista, affidata a Pozzale al carro funebre. Prima di arrivare a Pozzale i soccorritori sono stati fermati per un secondo intervento sotto il Tranego: un escursionista con dolori a una gamba non era pi\u00f9 in grado di proseguire. In suo aiuto sta intervenendo il Soccorso alpino del Centro Cadore.<\/p>\n<p>&nbsp;<\/p>\n<p>&nbsp;<\/p>\n<hr \/>\n<p>&nbsp;<\/p>\n<blockquote>\n<h3>ANCHE IL SOCCORSO ALPINO FELTRINO A CAVASO DEL TOMBA<\/h3>\n<p><strong>AGGIORNAMENTO DELLE 21:40<\/strong><\/p>\n<p><a href=\"https:\/\/www.radiopiu.net\/wordpress\/soccorso-alpino-al-lavoro-nella-notte-recuperato-un-escursionista-sul-monte-toc\/salt_20211114_095821_546\/\" rel=\"attachment wp-att-242743\"><img loading=\"lazy\" decoding=\"async\" class=\"wp-image-242743 alignleft\" src=\"https:\/\/www.radiopiu.net\/wordpress\/wp-content\/uploads\/2021\/11\/salt_20211114_095821_546-300x225.jpg\" alt=\"\" width=\"149\" height=\"112\" srcset=\"https:\/\/www.radiopiu.net\/wordpress\/wp-content\/uploads\/2021\/11\/salt_20211114_095821_546-300x225.jpg 300w, https:\/\/www.radiopiu.net\/wordpress\/wp-content\/uploads\/2021\/11\/salt_20211114_095821_546-1024x768.jpg 1024w, https:\/\/www.radiopiu.net\/wordpress\/wp-content\/uploads\/2021\/11\/salt_20211114_095821_546-768x576.jpg 768w, https:\/\/www.radiopiu.net\/wordpress\/wp-content\/uploads\/2021\/11\/salt_20211114_095821_546-1536x1152.jpg 1536w, https:\/\/www.radiopiu.net\/wordpress\/wp-content\/uploads\/2021\/11\/salt_20211114_095821_546-2048x1536.jpg 2048w\" sizes=\"auto, (max-width: 149px) 100vw, 149px\" \/><\/a>Stanno tornando a valle senza alcun riscontro le squadre del Soccorso alpino della Pedemontana del Grappa e di Feltre, 12 soccorritori, che dal pomeriggio stavano verificando se ci fossero persone in difficolt\u00e0 in una zona tra Cavaso del Tomba, Possagno e Alano di Piave, dopo che un escursionista ha allertato il 118 per grida di aiuto provenienti dal sentiero numero 212, che dal Tomba sale al Palon. In contatto con le diverse Stazioni dei Carabinieri, al momento non risultano segnalazioni di mancati rientri. Sul posto anche un&#8217;ambulanza del 118.<\/p><\/blockquote>\n<p><strong>CAVASO DEL TOMBA (TV<\/strong>) Le squadre del Soccorso alpino della Pedemontana del Grappa e di Feltre stanno percorrendo i sentieri e le strade carrabili di una zona a cavallo tra Cavaso, Possagno e Alano di Piave, a seguito della chiamata attorno alle 16.30 di un escursionista che dice di aver sentito delle grida di aiuto provenienti dal sentiero 212, mentre lui si trovava in localit\u00e0 Castel Cesil, di aver tentato di contattare a voce il chiamante, ma di non aver ricevuto alcuna risposta. Il sentiero numero 212 sale dal Tomba al Palon ed \u00e8 solcato da trincee della Guerra. Al momento non risultano segnalazioni di mancato rientro ed \u00e8 stato rintracciato il proprietario di un&#8217;auto parcheggiata alla base del Monte Tomba. La verifica \u00e8 in corso.<\/p>\n<p>&nbsp;<\/p>\n<p>&nbsp;<\/p>\n<p>&nbsp;<\/p>\n<p>&nbsp;<\/p>\n<hr \/>\n<p>&nbsp;<\/p>\n<blockquote>\n<h3>SOCCORSA ESCURSIONISTA SUL SENTIERO DEL BRENT DE L&#8217;ART<\/h3>\n<\/blockquote>\n<p><strong><a href=\"https:\/\/www.radiopiu.net\/wordpress\/escursionista-ruzzola-per-50-metri-in-un-canale\/salt_20210824_122827_438\/\" rel=\"attachment wp-att-229324\"><img loading=\"lazy\" decoding=\"async\" class=\"size-medium wp-image-229324 alignleft\" src=\"https:\/\/www.radiopiu.net\/wordpress\/wp-content\/uploads\/2021\/08\/salt_20210824_122827_438-300x225.jpg\" alt=\"\" width=\"300\" height=\"225\" srcset=\"https:\/\/www.radiopiu.net\/wordpress\/wp-content\/uploads\/2021\/08\/salt_20210824_122827_438-300x225.jpg 300w, https:\/\/www.radiopiu.net\/wordpress\/wp-content\/uploads\/2021\/08\/salt_20210824_122827_438-1024x768.jpg 1024w, https:\/\/www.radiopiu.net\/wordpress\/wp-content\/uploads\/2021\/08\/salt_20210824_122827_438-768x576.jpg 768w, https:\/\/www.radiopiu.net\/wordpress\/wp-content\/uploads\/2021\/08\/salt_20210824_122827_438-1536x1152.jpg 1536w, https:\/\/www.radiopiu.net\/wordpress\/wp-content\/uploads\/2021\/08\/salt_20210824_122827_438-2048x1536.jpg 2048w\" sizes=\"auto, (max-width: 300px) 100vw, 300px\" \/><\/a> <\/strong><\/p>\n<p><strong>\u00a0<\/strong><\/p>\n<p><strong>BORGO VALBELLUNA<\/strong> Sabato attorno alle 13.10 il Soccorso alpino di Belluno \u00e8 stato allertato dalla Centrale del Suem, per un&#8217;escursionista che, risalendo il sentiero dal Brent de l&#8217;Art, a Trichiana, si era procurata una probabile distorsione al ginocchio. V.C., 41 anni di Valdobbiadene (TV), che si trovava con altre persone, \u00e8 stata raggiunta da due squadre. Dopo averle immobilizzato la gamba, cinque soccorritori la hanno imbarellata e trasportata fino alla strada da dove, in accordo con la Centrale, hanno accompagnato l&#8217;infortunata direttamente al pronto soccorso di Belluno. L&#8217;intervento si \u00e8 concluso alle 15.20.<\/p>\n<p>&nbsp;<\/p>\n<p>&nbsp;<\/p>\n<p>&nbsp;<\/p>\n<hr \/>\n<p>&nbsp;<\/p>\n<h3>SOCCORSA ESCURSIONISTA PER DOLORI ALLE GAMBE<\/h3>\n<p><strong><a href=\"https:\/\/www.radiopiu.net\/wordpress\/torna-la-festa-del-volontariato-cadorino-sabato-1-settembre\/soccorsoalpino\/\" rel=\"attachment wp-att-59164\"><img loading=\"lazy\" decoding=\"async\" class=\" wp-image-59164 alignleft\" src=\"https:\/\/www.radiopiu.net\/wordpress\/wp-content\/uploads\/2018\/08\/soccorsoalpino-300x300.jpg\" alt=\"\" width=\"101\" height=\"101\" srcset=\"https:\/\/www.radiopiu.net\/wordpress\/wp-content\/uploads\/2018\/08\/soccorsoalpino-300x300.jpg 300w, https:\/\/www.radiopiu.net\/wordpress\/wp-content\/uploads\/2018\/08\/soccorsoalpino-150x150.jpg 150w, https:\/\/www.radiopiu.net\/wordpress\/wp-content\/uploads\/2018\/08\/soccorsoalpino-768x768.jpg 768w, https:\/\/www.radiopiu.net\/wordpress\/wp-content\/uploads\/2018\/08\/soccorsoalpino-1024x1024.jpg 1024w, https:\/\/www.radiopiu.net\/wordpress\/wp-content\/uploads\/2018\/08\/soccorsoalpino.jpg 1200w\" sizes=\"auto, (max-width: 101px) 100vw, 101px\" \/><\/a>PIEVE DI CADORE<\/strong> Ieri verso le 15 il Soccorso alpino del Centro Cadore \u00e8 intervenuto in supporto a quello di Pieve di Cadore con il proprio quad, per provvedere al recupero di un&#8217;escursionista che, scendendo in compagnia dal Monte Tranego, non era pi\u00f9 stata in grado di proseguire per l&#8217;insorgenza di dolori alle gambe. F.F., 31 anni, di Ceregnano (RO), \u00e8 stata raggiunta da una squadra, che l&#8217;ha caricata a bordo del quad e poi trasportata fino alla jeep, partita in direzione del pronto soccorso di Pieve di Cadore\u00a0 per gli accertamenti del caso.<\/p>\n<p>&nbsp;<\/p>\n<p>&nbsp;<\/p>\n<hr \/>\n<p>&nbsp;<\/p>\n<blockquote>\n<h3>SOCCORSA COPPIA IN DIFFICOLT\u00c0 SOTTO LE TRE CIME DI LAVAREDO<\/h3>\n<\/blockquote>\n<p><strong><a href=\"https:\/\/www.radiopiu.net\/wordpress\/il-soccorso-alpino-ritorna-al-vazzoler\/th-172\/\" rel=\"attachment wp-att-225856\"><img loading=\"lazy\" decoding=\"async\" class=\" wp-image-225856 alignleft\" src=\"https:\/\/www.radiopiu.net\/wordpress\/wp-content\/uploads\/2021\/08\/th.jpg\" alt=\"\" width=\"174\" height=\"131\" \/><\/a>AURONZO DI CADORE <\/strong>Coppia di escursionisti rimane bloccata sul sentiero di Forcella Col di Mezzo, sotto le Tre Cime di Lavaredo, e interviene il Soccorso alpino di Auronzo. Erano le 16.40, dopo l&#8217;attivazione della Centrale del Suem, tre soccorritori che si trovavano al Rifugio Auronzo sono partiti con gli sci in direzione della Forcella, dove i due &#8211; lui di Milano e lei di Bolzano &#8211; si erano fermati temendo di affrontare un tratto ghiacciato. Raggiunta dalla squadra in una ventina di minuti, la coppia \u00e8 stata aiutata ad attraversare la parte pi\u00f9 impegnativa, per poi rientrare al Rifugio con i soccorritori.<\/p>\n<p>&nbsp;<\/p>\n<p>&nbsp;<\/p>\n<hr \/>\n<p>&nbsp;<\/p>\n<blockquote>\n<h3>\u00a0AGGRESSIONE A CAPODANNO, CONVIVENTE DENUNCIATO<\/h3>\n<\/blockquote>\n<p><strong><a href=\"https:\/\/www.radiopiu.net\/wordpress\/violenza-contro-le-donne-la-questura-in-piazza-dei-martiri-con-campagna-della-polizia-di-stato-questo-non-e-amore-sabato-6-ottobre\/violenza\/\" rel=\"attachment wp-att-62916\"><img loading=\"lazy\" decoding=\"async\" class=\" wp-image-62916 alignleft\" src=\"https:\/\/www.radiopiu.net\/wordpress\/wp-content\/uploads\/2018\/10\/violenza-300x179.jpg\" alt=\"\" width=\"233\" height=\"139\" srcset=\"https:\/\/www.radiopiu.net\/wordpress\/wp-content\/uploads\/2018\/10\/violenza-300x179.jpg 300w, https:\/\/www.radiopiu.net\/wordpress\/wp-content\/uploads\/2018\/10\/violenza-768x459.jpg 768w, https:\/\/www.radiopiu.net\/wordpress\/wp-content\/uploads\/2018\/10\/violenza-1024x612.jpg 1024w, https:\/\/www.radiopiu.net\/wordpress\/wp-content\/uploads\/2018\/10\/violenza.jpg 1280w\" sizes=\"auto, (max-width: 233px) 100vw, 233px\" \/><\/a>BELLUNO<\/strong> La donna aggredita la sera di Capodanno (ne ha dato notizia ieri mattina il Corriere delle Alpi)\u00a0 \u00e8 andata all&#8217;ospedale. Avr\u00e0 in mano un certificato medico, sul quale fondare la denuncia per lesioni e minaccia aggravata dall&#8217;uso di un coltello a carico del convivente Non sarebbe stata ferita con la lama, ma avrebbe comunque riportato dei traumi nella colluttazione con l&#8217;uomo. La\u00a0 polizia,\u00a0 verso le 19.30 \u00e8 intervenuta nell&#8217;appartamento di Borgo Piave insieme ai carabinieri, sta cercando di ricostruire l&#8217;accaduto,\u00a0 l&#8217;uomo \u00e8 gi\u00e0 stato denunciato a piede libero e toccher\u00e0 al pubblico ministero decidere se farlo tornare o meno in quella casa.<\/p>\n<p>&nbsp;<\/p>\n<p>&nbsp;<\/p>\n<hr \/>\n<p>&nbsp;<\/p>\n<blockquote>\n<h3>E\u2019 LILA LA PRIMA NATA DEL 2022 IN ULSS DOLOMITI. L\u2019ULTIMO NATO DEL 2021 \u00c8 MATTEO<\/h3>\n<\/blockquote>\n<p><strong>BELLUNO <\/strong>Alle 5.33 del 1 gennaio, all\u2019ospedale di Feltre, \u00e8 venuta alla luce <strong>Lila Lucian<\/strong>, la prima bambina nata nel 2021 in Ulss Dolomiti. I genitori Martina e Cristian vivono in Primiero. L\u2019ultimo nato del 2021 invece si chiama <strong>Matteo Simonetto<\/strong>\u00a0ed \u00e8 nato il 31 dicembre alle 17.30 sempre all\u2019Ospedale di Feltre. A Belluno, l\u2019ultima nata del 2021 \u00e8 stata <strong>Sharon<\/strong>, venuta alla luce alle 12.56 del giorno di san Silvestro. La buona notizia \u00e8 che il 2021 si chiude con un numero di nuovi nati in linea con quello dello scorso anno (600 nuovi nati a Belluno, 750 a Feltre) in contro tendenza rispetto al trend nazionale indicato dall\u2019istat a met\u00e0 dicembre di una forte riduzione (-13,6%) delle nascite in Italia. Un segnale di fiducia e speranza per la nostra provincia e il suo futuro. Dopo Lila, la prima nata in ulss Dolomiti, sono nati Ena, Davide e Leo. Ena \u00e8 di Cavaso del tomba (TV), Davide di Segusino (TV) e Leo di Borgo Valbelluna Buona vita e complimenti ai genitori e alle nostre ostetriche!<\/p>\n\n\t\t\t<style type='text\/css'>\n\t\t\t\t#gallery-1 {\n\t\t\t\t\tmargin: auto;\n\t\t\t\t}\n\t\t\t\t#gallery-1 .gallery-item {\n\t\t\t\t\tfloat: left;\n\t\t\t\t\tmargin-top: 10px;\n\t\t\t\t\ttext-align: center;\n\t\t\t\t\twidth: 50%;\n\t\t\t\t}\n\t\t\t\t#gallery-1 img {\n\t\t\t\t\tborder: 2px solid #cfcfcf;\n\t\t\t\t}\n\t\t\t\t#gallery-1 .gallery-caption {\n\t\t\t\t\tmargin-left: 0;\n\t\t\t\t}\n\t\t\t\t\/* see gallery_shortcode() in wp-includes\/media.php *\/\n\t\t\t<\/style>\n\t\t<div id='gallery-1' class='dt-gallery-container gallery galleryid-251639 gallery-columns-2 gallery-size-thumbnail'><dl class='gallery-item'>\n\t\t\t\t<dt class='gallery-icon portrait'>\n\t\t\t\t\t<a class=\"rollover rollover-zoom dt-pswp-item\" title=\"Lila Lucian_prima nata a Feltre\" data-dt-img-description=\"\" data-large_image_width=\"768\" data-large_image_height=\"1024\"href='https:\/\/www.radiopiu.net\/wordpress\/wp-content\/uploads\/2022\/01\/Lila-Lucian_prima-nata-a-Feltre.jpeg'><img loading=\"lazy\" decoding=\"async\" width=\"150\" height=\"150\" src=\"https:\/\/www.radiopiu.net\/wordpress\/wp-content\/uploads\/2022\/01\/Lila-Lucian_prima-nata-a-Feltre-150x150.jpeg\" class=\"attachment-thumbnail size-thumbnail\" alt=\"\" aria-describedby=\"gallery-1-251736\" \/><\/a>\n\t\t\t\t<\/dt>\n\t\t\t\t\t<dd class='wp-caption-text gallery-caption' id='gallery-1-251736'>\n\t\t\t\t\tLILA LUCIAN, PRIMA NATA DEL 2022\n\t\t\t\t\t<\/dd><\/dl><dl class='gallery-item'>\n\t\t\t\t<dt class='gallery-icon portrait'>\n\t\t\t\t\t<a class=\"rollover rollover-zoom dt-pswp-item\" title=\"matteo smaniotto_ultimo nato Feltre\" data-dt-img-description=\"\" data-large_image_width=\"768\" data-large_image_height=\"1024\"href='https:\/\/www.radiopiu.net\/wordpress\/wp-content\/uploads\/2022\/01\/matteo-smaniotto_ultimo-nato-Feltre.jpeg'><img loading=\"lazy\" decoding=\"async\" width=\"150\" height=\"150\" src=\"https:\/\/www.radiopiu.net\/wordpress\/wp-content\/uploads\/2022\/01\/matteo-smaniotto_ultimo-nato-Feltre-150x150.jpeg\" class=\"attachment-thumbnail size-thumbnail\" alt=\"\" aria-describedby=\"gallery-1-251737\" \/><\/a>\n\t\t\t\t<\/dt>\n\t\t\t\t\t<dd class='wp-caption-text gallery-caption' id='gallery-1-251737'>\n\t\t\t\t\tMATTEO SIMONETTO, ULTIMO NATO DEL 2021 A FELTRE\n\t\t\t\t\t<\/dd><\/dl><br style=\"clear: both\" \/><dl class='gallery-item'>\n\t\t\t\t<dt class='gallery-icon portrait'>\n\t\t\t\t\t<a class=\"rollover rollover-zoom dt-pswp-item\" title=\"sharon_ultima nata Belluno\" data-dt-img-description=\"\" data-large_image_width=\"1200\" data-large_image_height=\"1600\"href='https:\/\/www.radiopiu.net\/wordpress\/wp-content\/uploads\/2022\/01\/sharon_ultima-nata-Belluno.jpg'><img loading=\"lazy\" decoding=\"async\" width=\"150\" height=\"150\" src=\"https:\/\/www.radiopiu.net\/wordpress\/wp-content\/uploads\/2022\/01\/sharon_ultima-nata-Belluno-150x150.jpg\" class=\"attachment-thumbnail size-thumbnail\" alt=\"\" aria-describedby=\"gallery-1-251738\" \/><\/a>\n\t\t\t\t<\/dt>\n\t\t\t\t\t<dd class='wp-caption-text gallery-caption' id='gallery-1-251738'>\n\t\t\t\t\tSHARON, ULTIMA NATA DEL 2021 A BELLUNO\n\t\t\t\t\t<\/dd><\/dl><dl class='gallery-item'>\n\t\t\t\t<dt class='gallery-icon landscape'>\n\t\t\t\t\t<a class=\"rollover rollover-zoom dt-pswp-item\" title=\"IMG-20220101-WA0069\" data-dt-img-description=\"\" data-large_image_width=\"1024\" data-large_image_height=\"1024\"href='https:\/\/www.radiopiu.net\/wordpress\/wp-content\/uploads\/2022\/01\/IMG-20220101-WA0069.jpg'><img loading=\"lazy\" decoding=\"async\" width=\"150\" height=\"150\" src=\"https:\/\/www.radiopiu.net\/wordpress\/wp-content\/uploads\/2022\/01\/IMG-20220101-WA0069-150x150.jpg\" class=\"attachment-thumbnail size-thumbnail\" alt=\"\" aria-describedby=\"gallery-1-251776\" srcset=\"https:\/\/www.radiopiu.net\/wordpress\/wp-content\/uploads\/2022\/01\/IMG-20220101-WA0069-150x150.jpg 150w, https:\/\/www.radiopiu.net\/wordpress\/wp-content\/uploads\/2022\/01\/IMG-20220101-WA0069-300x300.jpg 300w, https:\/\/www.radiopiu.net\/wordpress\/wp-content\/uploads\/2022\/01\/IMG-20220101-WA0069-768x768.jpg 768w, https:\/\/www.radiopiu.net\/wordpress\/wp-content\/uploads\/2022\/01\/IMG-20220101-WA0069.jpg 1024w\" sizes=\"auto, (max-width: 150px) 100vw, 150px\" \/><\/a>\n\t\t\t\t<\/dt>\n\t\t\t\t\t<dd class='wp-caption-text gallery-caption' id='gallery-1-251776'>\n\t\t\t\t\tI 4 NATI A FELTRE IL PRIMO GIORNO DELL&#8217;ANNO\n\t\t\t\t\t<\/dd><\/dl><br style=\"clear: both\" \/>\n\t\t\t<\/div>\n\n<p>&nbsp;<\/p>\n<p>&nbsp;<\/p>\n<hr \/>\n<p>&nbsp;<\/p>\n<blockquote>\n<h3>LUXOTTICA, RIENTRO IN SICUREZZA TRA TAMPONI E MASCHERINE<\/h3>\n<\/blockquote>\n<p><strong><img loading=\"lazy\" decoding=\"async\" class=\"alignleft\" src=\"https:\/\/www.radiopiu.net\/wordpress\/wp-content\/uploads\/2021\/12\/LUXOTTICA-FRAMONT.jpg\" width=\"235\" height=\"176\" \/>AGORDO\u00a0 <\/strong>Passate le feste riaprono anche i cancelli delle fabbriche. Luxottica ha gi\u00e0 previsto l&#8217;operazione &#8220;tampone massivo&#8221;. Ovvero tampone\u00a0 per tutti i circa 16mila dipendenti in tutta Italia grazie al supporto del laboratorio dell\u2019Universit\u00e0 di Padova realizzato con il sostegno della Fondazione Leonardo Del Vecchio. Iniziativa importante per integrare il sistema di sorveglianza con i test molecolari mirati tuttora attivo a conferma dell&#8217;importante lavoro svolto (come negli ultimi due anni) da Azienda e parti sociali. Seguendo le indicazioni governative Luxottica da lunedi fornir\u00e0\u00a0 mascherine Ffp2 gratuite a tutti i dipendenti che utilizzano i mezzi pubblici per recarsi al lavoro. Anche tutti i dipendenti regolarmente vaccinati in caso di contatto diretto con un positivo, potranno accedere al nuovo regime di auto sorveglianza e potranno richiedere alle infermerie nei diversi stabilimenti un kit speciale di 10 mascherine Ffp2 da utilizzare nel periodo di auto sorveglianza dentro e fuori i luoghi di lavoro. L\u2019accesso a tutte le sedi del Gruppo continuer\u00e0 a essere consentito solo ai possessori di green pass in corso di validit\u00e0, controllato ogni giorno al momento dell\u2019ingresso. Luxottica continuer\u00e0 infine a garantire il servizio di tamponi rapidi antigenici per l\u2019ottenimento del green pass.<\/p>\n<p>&nbsp;<\/p>\n<hr \/>\n<p>&nbsp;<\/p>\n<blockquote>\n<h2>I FRAZIONISTI DI TABIADON CHIEDONO DI ESSERE CONSIDERATI<\/h2>\n<\/blockquote>\n<p><strong>REDAZIONE<\/strong> Franco Tabiadon \u00e8 il primo firmatario di una giusta rivendicazione della gente di montagna, quella che sfida il territorio, decide di continuare a vivere tra i disagi ma che chiede i servizi essenziali. Purtroppo quello che mancano sono adeguate risposte. Oggi in particolare parliamo del mancato intervento di cablaggio della banda larga in frazione Tabiadon di Falcade. Questo il messaggio recapitato al Presidente dell&#8217;Unione Montana e all&#8217;intero consiglio.<\/p>\n<blockquote><p><em><a href=\"https:\/\/www.radiopiu.net\/wordpress\/i-frazionisti-di-tabiadon-chiedono-di-essere-considerati\/th-282\/\" rel=\"attachment wp-att-251922\"><img loading=\"lazy\" decoding=\"async\" class=\" wp-image-251922 alignleft\" src=\"https:\/\/www.radiopiu.net\/wordpress\/wp-content\/uploads\/2022\/01\/th-300x140.jpg\" alt=\"\" width=\"285\" height=\"133\" srcset=\"https:\/\/www.radiopiu.net\/wordpress\/wp-content\/uploads\/2022\/01\/th-300x140.jpg 300w, https:\/\/www.radiopiu.net\/wordpress\/wp-content\/uploads\/2022\/01\/th.jpg 360w\" sizes=\"auto, (max-width: 285px) 100vw, 285px\" \/><\/a>Dieci mesi fa abbiamo inviato una lettera, in cui si chiedevano spiegazioni di come mai la nostra frazione di Tabiadon di Val era stata esclusa dall\u2019importante servizio cablato di Banda Ultra Larga allegando un centinaio di firme, raccolte con difficolt\u00e0 durante il lockdown, da parte di residenti e proprietari di seconda casa della frazione. La lettera (vedi allegato) \u00e8 stata inviata attraverso PEC il 7 marzo 2021 all\u2019indirizzo del Sindaco Ing. Michele Costa, dell\u2019Amministrazione\u00a0\u00a0e all\u2019intero Consiglio Comunale del Comune di Falcade, ma nonostante l\u2019importanza del servizio per una frazione di una montagna sempre pi\u00f9 spopolata, le firme dei cittadini e il fatto che alcuni importanti media locali (radio e giornali) abbiano portato in evidenza il problema\u00a0<strong>NESSUNO AD OGGI SI E\u2019 DEGNATO DI DARCI UNA RISPOSTA <\/strong>Siamo pertanto obbligati a rivolgerci ad un Ente pi\u00f9 numerosamente ed eterogeneamente\u00a0\u00a0rappresentato come l\u2019UNIONE MONTANA AGORDINA certi di trovare fra i Vostri\/Nostri rappresentanti persone maggiormente sensibili nel sostenere le sacrosante esigenze di frazioni sempre di pi\u00f9 dimenticate (Tabiadon di Val non \u00e8 l\u2019unica frazione esclusa, nel nostro comune c\u2019\u00e8 per es. anche lo\u00a0\u00a0storico abitato di Valt)<\/em><\/p><\/blockquote>\n<p>&nbsp;<\/p>\n<hr \/>\n<p>&nbsp;<\/p>\n<blockquote>\n<h3>CONSIGLIO COMUNALE DI AGORDO: SI PENSA AL CAMBIO DI SEDE DELLA FARMACIA. APPROVATO IL BILANCIO DI AGORDO SERVIZI<\/h3>\n<\/blockquote>\n<p><strong><a href=\"https:\/\/www.radiopiu.net\/wordpress\/giornale-radiopiu-18-giugno-2020-direttore-mirko-mezzacasa\/e557474c-a46e-408a-ad77-242a0f3ef7c9\/\" rel=\"attachment wp-att-144899\"><img loading=\"lazy\" decoding=\"async\" class=\" wp-image-144899 alignleft\" src=\"https:\/\/www.radiopiu.net\/wordpress\/wp-content\/uploads\/2020\/06\/e557474c-a46e-408a-ad77-242a0f3ef7c9-225x300.jpg\" alt=\"\" width=\"99\" height=\"132\" srcset=\"https:\/\/www.radiopiu.net\/wordpress\/wp-content\/uploads\/2020\/06\/e557474c-a46e-408a-ad77-242a0f3ef7c9-225x300.jpg 225w, https:\/\/www.radiopiu.net\/wordpress\/wp-content\/uploads\/2020\/06\/e557474c-a46e-408a-ad77-242a0f3ef7c9-768x1024.jpg 768w, https:\/\/www.radiopiu.net\/wordpress\/wp-content\/uploads\/2020\/06\/e557474c-a46e-408a-ad77-242a0f3ef7c9-1152x1536.jpg 1152w, https:\/\/www.radiopiu.net\/wordpress\/wp-content\/uploads\/2020\/06\/e557474c-a46e-408a-ad77-242a0f3ef7c9.jpg 1536w\" sizes=\"auto, (max-width: 99px) 100vw, 99px\" \/><\/a>AGORDO<\/strong><\/p>\n<p>di Gianni Santomaso<\/p>\n<audio class=\"wp-audio-shortcode\" id=\"audio-251639-1\" preload=\"none\" style=\"width: 100%;\" controls=\"controls\"><source type=\"audio\/mpeg\" src=\"https:\/\/www.radiopiu.net\/wordpress\/wp-content\/uploads\/2022\/01\/GIANNI-CONSIGLIO-AGORDO-FARMACIA.mp3?_=1\" \/><a href=\"https:\/\/www.radiopiu.net\/wordpress\/wp-content\/uploads\/2022\/01\/GIANNI-CONSIGLIO-AGORDO-FARMACIA.mp3\">https:\/\/www.radiopiu.net\/wordpress\/wp-content\/uploads\/2022\/01\/GIANNI-CONSIGLIO-AGORDO-FARMACIA.mp3<\/a><\/audio>\n<p>&nbsp;<\/p>\n<hr \/>\n<p>&nbsp;<\/p>\n<p>&nbsp;<\/p>\n<p>&nbsp;<\/p>\n<hr \/>\n<p>&nbsp;<\/p>\n<blockquote>\n<h3>COVID SCUOLE IN PROVINCIA: OTTO CLASSI IN MENO IN SORVEGLIANZA GRAZIE ANCHE ALLE FESTIVITA&#8217; NATALIZIE<\/h3>\n<\/blockquote>\n<p><strong>BELLUNO<\/strong> Il team scuole, del Dipartimento di Prevenzione, fa il punto settimanale sulla situazione dei contagi nelle scuole della provincia. Si rileva un decremento (-8) delle classi in sorveglianza scolastica rispetto alla precedente settimana legato alla chiusura delle scuole; la maggior parte delle classi termineranno il periodo di quarantena o monitoraggio nei prossimi giorni. Le classi oggetto del presente report sono localizzate in modo uniforme in tutta la provincia di Belluno.<\/p>\n<p><strong><u>AGGIORNAMENTO REPORT SETTIMANALE SCUOLE<\/u><\/strong><\/p>\n<table width=\"730\">\n<tbody>\n<tr>\n<td width=\"230\"><strong>ORDINE E GRADO<\/strong><\/td>\n<td colspan=\"3\" width=\"328\"><strong>NUMERO CLASSI IN CARICO<\/strong><\/td>\n<td width=\"172\"><strong>VARIAZIONI <\/strong><\/td>\n<\/tr>\n<tr>\n<td width=\"230\"><\/td>\n<td width=\"118\"><\/td>\n<td width=\"114\"><\/td>\n<td width=\"96\"><\/td>\n<td width=\"172\">TOTALE<\/td>\n<\/tr>\n<tr>\n<td width=\"230\"><\/td>\n<td width=\"118\">*Monitoraggio<\/td>\n<td width=\"114\">**Quarantena<\/td>\n<td width=\"96\">Totale<\/td>\n<td rowspan=\"8\" width=\"172\"><strong>\u00a0<\/strong><\/p>\n<p><strong>\u00a0<\/strong><\/p>\n<p><strong>\u00a0<\/strong><\/p>\n<p>&#8211;\u00a0\u00a0\u00a0\u00a0\u00a0\u00a0 <strong>8 <\/strong><\/td>\n<\/tr>\n<tr>\n<td width=\"230\">Asili e Infanzie<\/td>\n<td width=\"118\">\/<\/td>\n<td width=\"114\">12<\/td>\n<td width=\"96\">12<\/td>\n<\/tr>\n<tr>\n<td width=\"230\">Primarie<\/td>\n<td width=\"118\">9<\/td>\n<td width=\"114\">4<\/td>\n<td width=\"96\">13<\/td>\n<\/tr>\n<tr>\n<td width=\"230\">Secondaria di primo grado<\/td>\n<td width=\"118\">7<\/td>\n<td width=\"114\">7<\/td>\n<td width=\"96\">14<\/td>\n<\/tr>\n<tr>\n<td width=\"230\">Secondaria di secondo grado<\/td>\n<td width=\"118\">10<\/td>\n<td width=\"114\">3<\/td>\n<td width=\"96\">13<\/td>\n<\/tr>\n<tr>\n<td width=\"230\">Convitto<\/td>\n<td width=\"118\">\/<\/td>\n<td width=\"114\">\/<\/td>\n<td width=\"96\">\/<\/td>\n<\/tr>\n<tr>\n<td width=\"230\">Doposcuole<\/td>\n<td width=\"118\">\/<\/td>\n<td width=\"114\">\/<\/td>\n<td width=\"96\">\/<\/td>\n<\/tr>\n<tr>\n<td width=\"230\"><strong>TOTALE<\/strong><\/td>\n<td width=\"118\">26<\/td>\n<td width=\"114\">26<\/td>\n<td width=\"96\">52<\/td>\n<\/tr>\n<\/tbody>\n<\/table>\n<p>&nbsp;<\/p>\n<p><strong>TOTALE SOGGETTI ATTUALMENTE IN CARICO: 900<\/strong><\/p>\n<p>&nbsp;<\/p>\n<p>&nbsp;<\/p>\n<hr \/>\n<p>&nbsp;<\/p>\n<blockquote>\n<h3>L&#8217;INTERVISTA A ROBERTO PADRIN, PRESIDENTE DELLA PROVINCIA DI BELLUNO<\/h3>\n<\/blockquote>\n<p><strong>REDAZIONE<\/strong> Negli studi di Radio Pi\u00f9 Roberto Padrin, presidente della Provincia di Belluno. Una lunga intervista di inizio anno dove si sono toccati vari punti.<\/p>\n<p><strong>L&#8217;INTERVISTA DI MIRKO MEZZACASA<\/strong><\/p>\n<p>https:\/\/www.facebook.com\/radiopiu\/videos\/2963408190637605<\/p>\n<p>&nbsp;<\/p>\n<p>&nbsp;<\/p>\n<hr \/>\n<p>&nbsp;<\/p>\n<blockquote>\n<h3>L&#8217;AUGURIO DELL&#8217;ASSESSORE GIANPAOLO BOTTACIN AL PRESIDENTE DELLA PROVINCIA ROBERTO PADRIN<\/h3>\n<\/blockquote>\n<p><strong><a href=\"https:\/\/www.radiopiu.net\/wordpress\/lassessore-alla-protezione-civile-del-veneto-bottacin-fa-il-punto-dopo-i-terremoti-in-croazia-e-nel-veronese\/bottacin-59\/\" rel=\"attachment wp-att-182306\"><img loading=\"lazy\" decoding=\"async\" class=\" wp-image-182306 alignleft\" src=\"https:\/\/www.radiopiu.net\/wordpress\/wp-content\/uploads\/2020\/12\/BOTTACIN-1-300x199.png\" alt=\"\" width=\"229\" height=\"152\" srcset=\"https:\/\/www.radiopiu.net\/wordpress\/wp-content\/uploads\/2020\/12\/BOTTACIN-1-300x199.png 300w, https:\/\/www.radiopiu.net\/wordpress\/wp-content\/uploads\/2020\/12\/BOTTACIN-1-1024x678.png 1024w, https:\/\/www.radiopiu.net\/wordpress\/wp-content\/uploads\/2020\/12\/BOTTACIN-1-768x509.png 768w, https:\/\/www.radiopiu.net\/wordpress\/wp-content\/uploads\/2020\/12\/BOTTACIN-1.png 1042w\" sizes=\"auto, (max-width: 229px) 100vw, 229px\" \/><\/a>VENEZIA<\/strong> Collaborazione sui grandi temi del Bellunese, perch\u00e8 il governo del territorio a Palazzo Piloni deve andare oltre il colore politico. Con una lunga lettera di augurio al presidente della Provincia per l&#8217;inizio del nuovo mandato, l&#8217;assessore regionale Gianpaolo Bottacin ricorda le questioni pi\u00f9 importanti da affrontare subito e anche come, grazie alla legge sulla specificit\u00e0 e al passaggio di competenze avvenuto negli ultimi anni su iniziativa della Regione Veneto, oggi la Provincia abbia pi\u00f9 libert\u00e0 di scelta e di autogoverno rispetto all&#8217;immediato post legge Delrio.<\/p>\n<p><strong>L&#8217;ASSESSORE REGIONALE GIANPAOLO BOTTACIN<\/strong><\/p>\n<audio class=\"wp-audio-shortcode\" id=\"audio-251639-2\" preload=\"none\" style=\"width: 100%;\" controls=\"controls\"><source type=\"audio\/mpeg\" src=\"https:\/\/www.radiopiu.net\/wordpress\/wp-content\/uploads\/2022\/01\/Bottacin-intervento-Provincia.mp3?_=2\" \/><a href=\"https:\/\/www.radiopiu.net\/wordpress\/wp-content\/uploads\/2022\/01\/Bottacin-intervento-Provincia.mp3\">https:\/\/www.radiopiu.net\/wordpress\/wp-content\/uploads\/2022\/01\/Bottacin-intervento-Provincia.mp3<\/a><\/audio>\n<p>&nbsp;<\/p>\n<hr \/>\n<p>&nbsp;<\/p>\n<blockquote>\n<h3>INTERVISTA DI FINE 2021 CON IL PRESIDENTE DELL&#8217;UNIONE MONTANA AGORDINA MICHELE COSTA<\/h3>\n<\/blockquote>\n<p><strong><a href=\"https:\/\/www.radiopiu.net\/wordpress\/lintervista-di-fine-anno-al-presidente-dellunione-montana-agordina-michele-costa\/mivhele-costa-radio-piu\/\" rel=\"attachment wp-att-182451\"><img loading=\"lazy\" decoding=\"async\" class=\" wp-image-182451 alignleft\" src=\"https:\/\/www.radiopiu.net\/wordpress\/wp-content\/uploads\/2020\/12\/mivhele-costa-radio-piu-300x300.jpg\" alt=\"\" width=\"145\" height=\"145\" srcset=\"https:\/\/www.radiopiu.net\/wordpress\/wp-content\/uploads\/2020\/12\/mivhele-costa-radio-piu-300x300.jpg 300w, https:\/\/www.radiopiu.net\/wordpress\/wp-content\/uploads\/2020\/12\/mivhele-costa-radio-piu-1024x1024.jpg 1024w, https:\/\/www.radiopiu.net\/wordpress\/wp-content\/uploads\/2020\/12\/mivhele-costa-radio-piu-150x150.jpg 150w, https:\/\/www.radiopiu.net\/wordpress\/wp-content\/uploads\/2020\/12\/mivhele-costa-radio-piu-768x768.jpg 768w, https:\/\/www.radiopiu.net\/wordpress\/wp-content\/uploads\/2020\/12\/mivhele-costa-radio-piu-1536x1536.jpg 1536w, https:\/\/www.radiopiu.net\/wordpress\/wp-content\/uploads\/2020\/12\/mivhele-costa-radio-piu.jpg 2048w\" sizes=\"auto, (max-width: 145px) 100vw, 145px\" \/><\/a>REDAZIONE<\/strong> Intervista di fine anno con il presidente dell&#8217;Unione Montana Agordina Michele Costa. Un appuntamento annuale per tirare le somme del 2021 appena concluso.<\/p>\n<audio class=\"wp-audio-shortcode\" id=\"audio-251639-3\" preload=\"none\" style=\"width: 100%;\" controls=\"controls\"><source type=\"audio\/mpeg\" src=\"https:\/\/www.radiopiu.net\/wordpress\/wp-content\/uploads\/2021\/12\/michele-costsa-intervista-di-fine-anno-2021.mp3?_=3\" \/><a href=\"https:\/\/www.radiopiu.net\/wordpress\/wp-content\/uploads\/2021\/12\/michele-costsa-intervista-di-fine-anno-2021.mp3\">https:\/\/www.radiopiu.net\/wordpress\/wp-content\/uploads\/2021\/12\/michele-costsa-intervista-di-fine-anno-2021.mp3<\/a><\/audio>\n<p>&nbsp;<\/p>\n<p>&nbsp;<\/p>\n<p>&nbsp;<\/p>\n<hr \/>\n<p>&nbsp;<\/p>\n<blockquote class=\"wp-embedded-content\" data-secret=\"mqCvHoRnoA\"><p><a href=\"https:\/\/www.radiopiu.net\/wordpress\/aggiornamentonaz2022gen02\/\">CORONAVIRUS: AGGIORNAMENTO NAZIONALE 02 GENNAIO 2022<\/a><\/p><\/blockquote>\n<p><iframe loading=\"lazy\" class=\"wp-embedded-content\" sandbox=\"allow-scripts\" security=\"restricted\" style=\"position: absolute; clip: rect(1px, 1px, 1px, 1px);\" title=\"&#8220;CORONAVIRUS: AGGIORNAMENTO NAZIONALE 02 GENNAIO 2022&#8221; &#8212; Radio Pi\u00f9\" src=\"https:\/\/www.radiopiu.net\/wordpress\/aggiornamentonaz2022gen02\/embed\/#?secret=mqCvHoRnoA\" data-secret=\"mqCvHoRnoA\" width=\"600\" height=\"338\" frameborder=\"0\" marginwidth=\"0\" marginheight=\"0\" scrolling=\"no\"><\/iframe><\/p>\n<p>&nbsp;<\/p>\n<blockquote class=\"wp-embedded-content\" data-secret=\"jNHeDUmB2E\"><p><a href=\"https:\/\/www.radiopiu.net\/wordpress\/calano-i-ricoveri-in-area-non-critica-ma-aumentano-le-terapie-intensive-tredici-decessi-e-3826-nuovi-positivi-nelle-ultime-24-ore-in-veneto\/\">CALANO I RICOVERI IN AREA NON CRITICA MA AUMENTANO LE TERAPIE INTENSIVE. TREDICI DECESSI E 3826 NUOVI POSITIVI NELLE ULTIME 24 ORE IN VENETO<\/a><\/p><\/blockquote>\n<p><iframe loading=\"lazy\" class=\"wp-embedded-content\" sandbox=\"allow-scripts\" security=\"restricted\" style=\"position: absolute; clip: rect(1px, 1px, 1px, 1px);\" title=\"&#8220;CALANO I RICOVERI IN AREA NON CRITICA MA AUMENTANO LE TERAPIE INTENSIVE. TREDICI DECESSI E 3826 NUOVI POSITIVI NELLE ULTIME 24 ORE IN VENETO&#8221; &#8212; Radio Pi\u00f9\" src=\"https:\/\/www.radiopiu.net\/wordpress\/calano-i-ricoveri-in-area-non-critica-ma-aumentano-le-terapie-intensive-tredici-decessi-e-3826-nuovi-positivi-nelle-ultime-24-ore-in-veneto\/embed\/#?secret=jNHeDUmB2E\" data-secret=\"jNHeDUmB2E\" width=\"600\" height=\"338\" frameborder=\"0\" marginwidth=\"0\" marginheight=\"0\" scrolling=\"no\"><\/iframe><\/p>\n<p>&nbsp;<\/p>\n<h2>I GRAFICI DI TIZIANO DE COL<\/h2>\n\n\t\t\t<style type='text\/css'>\n\t\t\t\t#gallery-2 {\n\t\t\t\t\tmargin: auto;\n\t\t\t\t}\n\t\t\t\t#gallery-2 .gallery-item {\n\t\t\t\t\tfloat: left;\n\t\t\t\t\tmargin-top: 10px;\n\t\t\t\t\ttext-align: center;\n\t\t\t\t\twidth: 33%;\n\t\t\t\t}\n\t\t\t\t#gallery-2 img {\n\t\t\t\t\tborder: 2px solid #cfcfcf;\n\t\t\t\t}\n\t\t\t\t#gallery-2 .gallery-caption {\n\t\t\t\t\tmargin-left: 0;\n\t\t\t\t}\n\t\t\t\t\/* see gallery_shortcode() in wp-includes\/media.php *\/\n\t\t\t<\/style>\n\t\t<div id='gallery-2' class='dt-gallery-container gallery galleryid-251639 gallery-columns-3 gallery-size-medium'><dl class='gallery-item'>\n\t\t\t\t<dt class='gallery-icon landscape'>\n\t\t\t\t\t<a class=\"rollover rollover-zoom dt-pswp-item\" title=\"29669f00-521e-497c-93a7-10132fe67d2c\" data-dt-img-description=\"\" data-large_image_width=\"584\" data-large_image_height=\"359\"href='https:\/\/www.radiopiu.net\/wordpress\/wp-content\/uploads\/2022\/01\/29669f00-521e-497c-93a7-10132fe67d2c.jpg'><img loading=\"lazy\" decoding=\"async\" width=\"300\" height=\"184\" src=\"https:\/\/www.radiopiu.net\/wordpress\/wp-content\/uploads\/2022\/01\/29669f00-521e-497c-93a7-10132fe67d2c-300x184.jpg\" class=\"attachment-medium size-medium\" alt=\"\" srcset=\"https:\/\/www.radiopiu.net\/wordpress\/wp-content\/uploads\/2022\/01\/29669f00-521e-497c-93a7-10132fe67d2c-300x184.jpg 300w, https:\/\/www.radiopiu.net\/wordpress\/wp-content\/uploads\/2022\/01\/29669f00-521e-497c-93a7-10132fe67d2c.jpg 584w\" sizes=\"auto, (max-width: 300px) 100vw, 300px\" \/><\/a>\n\t\t\t\t<\/dt><\/dl><dl class='gallery-item'>\n\t\t\t\t<dt class='gallery-icon landscape'>\n\t\t\t\t\t<a class=\"rollover rollover-zoom dt-pswp-item\" title=\"3e63151a-4fc9-4640-960f-9fc9f9b2d7b3\" data-dt-img-description=\"\" data-large_image_width=\"614\" data-large_image_height=\"356\"href='https:\/\/www.radiopiu.net\/wordpress\/wp-content\/uploads\/2022\/01\/3e63151a-4fc9-4640-960f-9fc9f9b2d7b3.jpg'><img loading=\"lazy\" decoding=\"async\" width=\"300\" height=\"174\" src=\"https:\/\/www.radiopiu.net\/wordpress\/wp-content\/uploads\/2022\/01\/3e63151a-4fc9-4640-960f-9fc9f9b2d7b3-300x174.jpg\" class=\"attachment-medium size-medium\" alt=\"\" srcset=\"https:\/\/www.radiopiu.net\/wordpress\/wp-content\/uploads\/2022\/01\/3e63151a-4fc9-4640-960f-9fc9f9b2d7b3-300x174.jpg 300w, https:\/\/www.radiopiu.net\/wordpress\/wp-content\/uploads\/2022\/01\/3e63151a-4fc9-4640-960f-9fc9f9b2d7b3.jpg 614w\" sizes=\"auto, (max-width: 300px) 100vw, 300px\" \/><\/a>\n\t\t\t\t<\/dt><\/dl><dl class='gallery-item'>\n\t\t\t\t<dt class='gallery-icon landscape'>\n\t\t\t\t\t<a class=\"rollover rollover-zoom dt-pswp-item\" title=\"efb8e8a2-47b2-4dbc-9175-3f6da3fd86e8\" data-dt-img-description=\"\" data-large_image_width=\"614\" data-large_image_height=\"352\"href='https:\/\/www.radiopiu.net\/wordpress\/wp-content\/uploads\/2022\/01\/efb8e8a2-47b2-4dbc-9175-3f6da3fd86e8.jpg'><img loading=\"lazy\" decoding=\"async\" width=\"300\" height=\"172\" src=\"https:\/\/www.radiopiu.net\/wordpress\/wp-content\/uploads\/2022\/01\/efb8e8a2-47b2-4dbc-9175-3f6da3fd86e8-300x172.jpg\" class=\"attachment-medium size-medium\" alt=\"\" srcset=\"https:\/\/www.radiopiu.net\/wordpress\/wp-content\/uploads\/2022\/01\/efb8e8a2-47b2-4dbc-9175-3f6da3fd86e8-300x172.jpg 300w, https:\/\/www.radiopiu.net\/wordpress\/wp-content\/uploads\/2022\/01\/efb8e8a2-47b2-4dbc-9175-3f6da3fd86e8.jpg 614w\" sizes=\"auto, (max-width: 300px) 100vw, 300px\" \/><\/a>\n\t\t\t\t<\/dt><\/dl><br style=\"clear: both\" \/><dl class='gallery-item'>\n\t\t\t\t<dt class='gallery-icon landscape'>\n\t\t\t\t\t<a class=\"rollover rollover-zoom dt-pswp-item\" title=\"b75ae544-c3bf-4c91-b996-1d8eb354934f\" data-dt-img-description=\"\" data-large_image_width=\"608\" data-large_image_height=\"365\"href='https:\/\/www.radiopiu.net\/wordpress\/wp-content\/uploads\/2022\/01\/b75ae544-c3bf-4c91-b996-1d8eb354934f.jpg'><img loading=\"lazy\" decoding=\"async\" width=\"300\" height=\"180\" src=\"https:\/\/www.radiopiu.net\/wordpress\/wp-content\/uploads\/2022\/01\/b75ae544-c3bf-4c91-b996-1d8eb354934f-300x180.jpg\" class=\"attachment-medium size-medium\" alt=\"\" srcset=\"https:\/\/www.radiopiu.net\/wordpress\/wp-content\/uploads\/2022\/01\/b75ae544-c3bf-4c91-b996-1d8eb354934f-300x180.jpg 300w, https:\/\/www.radiopiu.net\/wordpress\/wp-content\/uploads\/2022\/01\/b75ae544-c3bf-4c91-b996-1d8eb354934f.jpg 608w\" sizes=\"auto, (max-width: 300px) 100vw, 300px\" \/><\/a>\n\t\t\t\t<\/dt><\/dl><dl class='gallery-item'>\n\t\t\t\t<dt class='gallery-icon landscape'>\n\t\t\t\t\t<a class=\"rollover rollover-zoom dt-pswp-item\" title=\"38582f16-1b83-4c8d-b180-658f2a35b380\" data-dt-img-description=\"\" data-large_image_width=\"602\" data-large_image_height=\"367\"href='https:\/\/www.radiopiu.net\/wordpress\/wp-content\/uploads\/2022\/01\/38582f16-1b83-4c8d-b180-658f2a35b380.jpg'><img loading=\"lazy\" decoding=\"async\" width=\"300\" height=\"183\" src=\"https:\/\/www.radiopiu.net\/wordpress\/wp-content\/uploads\/2022\/01\/38582f16-1b83-4c8d-b180-658f2a35b380-300x183.jpg\" class=\"attachment-medium size-medium\" alt=\"\" srcset=\"https:\/\/www.radiopiu.net\/wordpress\/wp-content\/uploads\/2022\/01\/38582f16-1b83-4c8d-b180-658f2a35b380-300x183.jpg 300w, https:\/\/www.radiopiu.net\/wordpress\/wp-content\/uploads\/2022\/01\/38582f16-1b83-4c8d-b180-658f2a35b380.jpg 602w\" sizes=\"auto, (max-width: 300px) 100vw, 300px\" \/><\/a>\n\t\t\t\t<\/dt><\/dl>\n\t\t\t\t<br style='clear: both' \/>\n\t\t\t<\/div>\n\n<p>&nbsp;<\/p>\n<hr \/>\n<p>&nbsp;<\/p>\n<blockquote>\n<h3>SABATO 8 GENNAIO VACCINAZIONE ANTI COVID AD ACCESSO LIBERO A ROCCA PIETORE<\/h3>\n<\/blockquote>\n<p><strong>ROCCA PIETORE<\/strong>\u00a0\u00c8 in programma per sabato 8 gennaio una seduta di vaccinazione anticovid ad accesso libero presso la sede Associazione Volontari ambulanza e Protezione Civile a Bosco Verde di Rocca Pietore. La seduta ad accesso libero \u00e8 per tutte le categorie vaccinabili dai 12 anni in su per la prima o terza dose. Le vaccinazioni avverranno dalle 14:30 alle 17.<\/p>\n<p>&nbsp;<\/p>\n<p>&nbsp;<\/p>\n<hr \/>\n<p>&nbsp;<\/p>\n<blockquote>\n<h3>BILANCIO PREVENTIVO ULSS 2022: PREVISTI MAGGIORI COSTI<\/h3>\n<\/blockquote>\n<p><strong><a href=\"https:\/\/www.radiopiu.net\/wordpress\/monoclonali-pronti-per-la-somministrazione-in-ulss-1-dolomiti\/ulss-1-2\/\" rel=\"attachment wp-att-198838\"><img loading=\"lazy\" decoding=\"async\" class=\"size-medium wp-image-198838 alignleft\" src=\"https:\/\/www.radiopiu.net\/wordpress\/wp-content\/uploads\/2021\/03\/ULSS-1-300x158.jpg\" alt=\"\" width=\"300\" height=\"158\" srcset=\"https:\/\/www.radiopiu.net\/wordpress\/wp-content\/uploads\/2021\/03\/ULSS-1-300x158.jpg 300w, https:\/\/www.radiopiu.net\/wordpress\/wp-content\/uploads\/2021\/03\/ULSS-1-768x404.jpg 768w, https:\/\/www.radiopiu.net\/wordpress\/wp-content\/uploads\/2021\/03\/ULSS-1.jpg 776w\" sizes=\"auto, (max-width: 300px) 100vw, 300px\" \/><\/a>BELLUNO <\/strong>La gestione della pandemia da Covid-19, il potenziamento del personale e i rincari delle utenze energetiche a seguito degli aumenti delle materie prime fanno prevedere un aumentato dei costi di gestione dell\u2019Azienda Ulss 1 Dolomiti. L\u2019Azienda, che ha un costo della produzione previsionale di 511 milioni di euro, ha predisposto un bilancio economico preventivo con una perdita prospettica di 74 milioni di euro.<em> \u00abL\u2019Azienda \u00e8 sana e solida<\/em>\u00bb, rassicura il direttore Generale Maria Grazia Carraro,<em> \u00abil bilancio preventivo sar\u00e0 aggiustato e consolidato nel corso dei prossimi mesi, con i necessari aggiornamenti e revisioni. I maggiori costi, non sempre prevedibili, del 2021 hanno riguardano tutte le famiglie e tutto il tessuto produttivo ma anche i maggiori investimenti in personale e tecnologie che sono e saranno fatti per potenziare i servizi offerti. I maggiori costi rappresentano lo sforzo dell\u2019Azienda Ulss 1 Dolomiti in questo momento storico particolare\u00bb<\/em>. Sulla previsione esposta nel Bilancio Economico Preventivo dell&#8217;Azienda Ulss n. 1 Dolomiti incidono in particolare: i costi relativi alla gestione della pandemia da Covid-19 (vaccini, tamponi, contacttracing, ricoveri, pulizie e sanificazioni ecc.), i maggiori costi previsti per l\u2019 assunzione di personale e per il recupero delle prestazioni sospese, i maggiori costi per riscaldamento ed energia dovuti al forte aumento dell\u2019 energia elettrica e del gas metano oltre ai maggiori costi per la manutenzione delle nuove apparecchiature sanitarie e aumento degli ammortamenti . In particolare, circa 1,8milioni di euro in pi\u00f9 rispetto all\u2019anno precedente sono dovuti ai rincari delle bollette (a seguito degli aumenti delle materie prime), 1,5 dei quali per il riscaldamento, con una crescita del 16 % rispetto all\u2019anno precedente. La gestione della pandemia Covid \u00e8 costata all\u2019Azienda Ulssn. 1 Dolomiti circa19milioni di euro nel 2021. La direzione generale, inoltre, \u00e8 impegnata nel chiudere e avviare nuovi cantieri per migliorare la sicurezza e la funzionalit\u00e0 delle strutture sia in ambito ospedaliero che territoriale e nell\u2019effettuare ulteriori investimenti in innovazione tecnologica.<\/p>\n<p>&nbsp;<\/p>\n<p>&nbsp;<\/p>\n<hr \/>\n<p>&nbsp;<\/p>\n<blockquote>\n<h3>APPROVATE LE CONVENZIONI PER IL TRASPORTO IN AMBULANZA CON LE ASSOCIAZIONI DI VOLONTARIATO E LA CROCE ROSSA ITALIANA<\/h3>\n<\/blockquote>\n<p><strong><a href=\"https:\/\/www.radiopiu.net\/wordpress\/la-croce-verde-di-alleghe-non-sara-in-grado-di-garantire-il-servizio\/croce-verde-alleghe\/\" rel=\"attachment wp-att-96708\"><img loading=\"lazy\" decoding=\"async\" class=\"size-medium wp-image-96708 alignleft\" src=\"https:\/\/www.radiopiu.net\/wordpress\/wp-content\/uploads\/2019\/08\/CROCE-VERDE-ALLEGHE-300x225.jpg\" alt=\"\" width=\"300\" height=\"225\" srcset=\"https:\/\/www.radiopiu.net\/wordpress\/wp-content\/uploads\/2019\/08\/CROCE-VERDE-ALLEGHE-300x225.jpg 300w, https:\/\/www.radiopiu.net\/wordpress\/wp-content\/uploads\/2019\/08\/CROCE-VERDE-ALLEGHE.jpg 400w\" sizes=\"auto, (max-width: 300px) 100vw, 300px\" \/><\/a>BELLUNO <\/strong>Le Associazioni di Volontariato e la Croce Rossa Italiana offrono da anni il loro costante supporto all\u2019attivit\u00e0 di trasporto di pazienti che,in considerazione dell\u2019estensione territoriale dell\u2019ULSS Dolomiti, delle sue peculiari caratteristiche morfologiche e climatiche, delle distanze da percorrere e la conseguente impossibilit\u00e0 di garantire un efficace ed efficiente servizio di trasporto e soccorso con le sole risorse interne, si rivela indispensabile. Gli enti affidatari del servizio sono ben 16 e coprono territorialmente tutta la nostra estesa provincia: Ampezzo, Cadore, Comelico, Agordino, Zoldano, Alpago, Bellunese e Feltrino. La scelta dell\u2019ULSS \u00e8 suffragata dalla normativa Nazionale e Regionale che valorizza la cooperazione tra la pubblica Amministrazione e gli enti del terzo settore. Sono stati pertanto effettuati numerosi incontri con tutte le Associazioni di Volontariato e la Croce Rossa Italiana durante i quali l\u2019ULSS1 ha evidenziato le proprie aspettative in termini di servizio\u00a0 ed i propri fabbisogni e gli enti hanno espresso una previsione\u00a0 di costi, inerenti il servizio offerto, \u00a0che verranno periodicamente rimborsati secondo un modello previsto dalla Delibera Regionale citata. La convenzione che verr\u00e0 prossimamente firmata ha una durata triennale, con una spesa annuale pari a circa 1.500.000,00 \u20ac e prevede, al termine di ogni anno, una nuova previsione di spesa sulla base del servizio richiesto. L\u2019ULSS 1 Dolomiti esprime il pi\u00f9 sentito ringraziamento a tutti i Volontari che dedicano il loro tempo nell\u2019opera di soccorso alla comunit\u00e0\u00a0 con dedizione, professionalit\u00e0 ed umanit\u00e0; tale servizio assume un valore ancora pi\u00f9 rilevante nel difficile\u00a0 contesto emergenziale che stiamo vivendo.<\/p>\n<p>&nbsp;<\/p>\n<p>&nbsp;<\/p>\n<hr \/>\n<p>&nbsp;<\/p>\n<blockquote>\n<h3>CONTINUIT\u00c0 ASSISTENZIALE: ORGANIZZAZIONE PER IL MESE DI GENNAIO<\/h3>\n<\/blockquote>\n<p><strong><a href=\"https:\/\/www.radiopiu.net\/wordpress\/giornale-radiopiu-19-giugno-2021-direttore-mirko-mezzacasa\/medico\/\" rel=\"attachment wp-att-216887\"><img loading=\"lazy\" decoding=\"async\" class=\"size-medium wp-image-216887 alignleft\" src=\"https:\/\/www.radiopiu.net\/wordpress\/wp-content\/uploads\/2021\/06\/MEDICO-300x225.jpg\" alt=\"\" width=\"300\" height=\"225\" srcset=\"https:\/\/www.radiopiu.net\/wordpress\/wp-content\/uploads\/2021\/06\/MEDICO-300x225.jpg 300w, https:\/\/www.radiopiu.net\/wordpress\/wp-content\/uploads\/2021\/06\/MEDICO-1024x768.jpg 1024w, https:\/\/www.radiopiu.net\/wordpress\/wp-content\/uploads\/2021\/06\/MEDICO-768x576.jpg 768w, https:\/\/www.radiopiu.net\/wordpress\/wp-content\/uploads\/2021\/06\/MEDICO-1536x1152.jpg 1536w, https:\/\/www.radiopiu.net\/wordpress\/wp-content\/uploads\/2021\/06\/MEDICO.jpg 1920w\" sizes=\"auto, (max-width: 300px) 100vw, 300px\" \/><\/a>BELLUNO <\/strong>La Continuit\u00e0 Assistenziale sar\u00e0 garantita per tutto il mese di gennaio da un team di medici attraverso una nuova modalit\u00e0 organizzativa. Per rispondere alla carenza di professionisti disponibili a turni di guardia medica, nonostante alcuni nuovi medici entrati nel team, il servizio \u00e8 stato riorganizzato secondo un nuovo metodo che garantisce risposte a tutto il territorio, superando la logica delle sedi. L\u2019analisi dei dati di attivit\u00e0, infatti, ha evidenziato che la gran parte delle prestazioni di continuit\u00e0 assistenziale viene erogata da remoto, tramite consulenze telefoniche o tramite l\u2019emissione di ricette elettroniche che possono essere trasmesse telematicamente al paziente. La continuit\u00e0 assistenziale, infatti, ha il compito di rispondere negli orari notturni, prefestivi e festivi alle richieste di assistenza primaria (quella svolta negli orari diurni dai medici di medicina generale) non differibili al giorno successivo. Per le urgenze, invece, \u00e8 sempre attiva la rete dell\u2019emergenza-urgenza SUEM. Il servizio di continuit\u00e0 assistenziale sar\u00e0 accessibile, dal 1 gennaio 2022, Chiamando il 118 per i residenti nel distretto di Belluno, Chiamando lo 0439\/883287 per i residenti del distretto di Feltre. I medici di continuit\u00e0 assistenziale in servizio risponderanno da remoto e, se ritenuto clinicamente necessario, dando indicazioni per la sede ambulatoriale pi\u00f9 vicina sia per eventuali prescrizioni che per l\u2019eventuali necessit\u00e0 di visita domiciliare. \u00abDobbiamo entrare in una logica diversa, superare la territorialit\u00e0 con la tecnologia\u00bb, commenta il Direttore Generale Maria Grazia Carraro, \u00abal cittadino servono risposte ai propri quesiti, poco importa dove si trovi fisicamente il medico che risponde, l\u2019importante \u00e8 risolvere il bisogno in maniera efficace\u00bb.<\/p>\n<p>&nbsp;<\/p>\n<p>&nbsp;<\/p>\n<hr \/>\n<p>&nbsp;<\/p>\n<blockquote>\n<h3>63 INFERMIERI HANNO RISPOSTO ALL\u2019AVVISO PER TEMPO DETERMINATO<\/h3>\n<\/blockquote>\n<p><strong>BELLUNO <\/strong>Sono 63 gli infermieri che hanno risposto all\u2019avviso per assunzioni a tempo determinato in Ulss Dolomiti, nelle more dell\u2019esplettamento del concorso a tempo indeterminato. Verificato che tutti i 63 professionisti sono in prossesso dei requisiti richiesti, sono stati inseriti in graduatoria e saranno tutti contattati per l\u2019assunzione. E\u2019 stata prorogato, inoltre, il protocollo d\u2019intesa\u00a0 con i centri di servizio per il 2022 al fine di garantire il supporto in termini di assistenza infermieristica ai Centri di Servizio per anziani non autosufficienti.<\/p>\n<p>&nbsp;<\/p>\n<p>&nbsp;<\/p>\n<hr \/>\n<p>&nbsp;<\/p>\n<p><a href=\"https:\/\/www.radiopiu.net\/wordpress\/?attachment_id=251907\" rel=\"attachment wp-att-251907\"><img loading=\"lazy\" decoding=\"async\" class=\"wp-image-251907 alignleft\" src=\"https:\/\/www.radiopiu.net\/wordpress\/wp-content\/uploads\/2022\/01\/0-286x300.png\" alt=\"\" width=\"186\" height=\"195\" srcset=\"https:\/\/www.radiopiu.net\/wordpress\/wp-content\/uploads\/2022\/01\/0-286x300.png 286w, https:\/\/www.radiopiu.net\/wordpress\/wp-content\/uploads\/2022\/01\/0-978x1024.png 978w, https:\/\/www.radiopiu.net\/wordpress\/wp-content\/uploads\/2022\/01\/0-768x804.png 768w, https:\/\/www.radiopiu.net\/wordpress\/wp-content\/uploads\/2022\/01\/0-1466x1536.png 1466w, https:\/\/www.radiopiu.net\/wordpress\/wp-content\/uploads\/2022\/01\/0.png 1730w\" sizes=\"auto, (max-width: 186px) 100vw, 186px\" \/><\/a><\/p>\n<p>&nbsp;<\/p>\n<h2><span style=\"color: #ff0000;\">OGGI SUL CORRIERE DELLE ALPI<\/span><\/h2>\n<p><strong><em>LO SPECIALE DI GIANNI SANTOMASO<\/em><\/strong><\/p>\n<h3>DALLA PROVINCIA DI VICENZA A LA VALLE PER COLTIVARE LA TERRA. LA STORIA DI GIACOMO LAPO<\/h3>\n<p>&nbsp;<\/p>\n<p>&nbsp;<\/p>\n<p>&nbsp;<\/p>\n<hr \/>\n<p>&nbsp;<\/p>\n<blockquote>\n<h3>BIM.GSP, QUANDO L&#8217;ERRORE DI FATTURAZIONE MANDA DI TRAVERSO IL PANETTONE NATALIZIO<\/h3>\n<\/blockquote>\n<p><strong><a href=\"https:\/\/www.radiopiu.net\/wordpress\/bim-gsp-quando-lerrore-di-fatturazione-manda-di-traverso-il-panettone-natalizio\/inkedf9d7430f-378c-47fd-bc2b-dfb31713a1d3_li\/\" rel=\"attachment wp-att-251615\"><img loading=\"lazy\" decoding=\"async\" class=\" wp-image-251615 alignleft\" src=\"https:\/\/www.radiopiu.net\/wordpress\/wp-content\/uploads\/2021\/12\/Inkedf9d7430f-378c-47fd-bc2b-dfb31713a1d3_LI-300x169.jpg\" alt=\"\" width=\"266\" height=\"150\" srcset=\"https:\/\/www.radiopiu.net\/wordpress\/wp-content\/uploads\/2021\/12\/Inkedf9d7430f-378c-47fd-bc2b-dfb31713a1d3_LI-300x169.jpg 300w, https:\/\/www.radiopiu.net\/wordpress\/wp-content\/uploads\/2021\/12\/Inkedf9d7430f-378c-47fd-bc2b-dfb31713a1d3_LI-1024x576.jpg 1024w, https:\/\/www.radiopiu.net\/wordpress\/wp-content\/uploads\/2021\/12\/Inkedf9d7430f-378c-47fd-bc2b-dfb31713a1d3_LI-768x432.jpg 768w, https:\/\/www.radiopiu.net\/wordpress\/wp-content\/uploads\/2021\/12\/Inkedf9d7430f-378c-47fd-bc2b-dfb31713a1d3_LI-1536x864.jpg 1536w, https:\/\/www.radiopiu.net\/wordpress\/wp-content\/uploads\/2021\/12\/Inkedf9d7430f-378c-47fd-bc2b-dfb31713a1d3_LI.jpg 1600w\" sizes=\"auto, (max-width: 266px) 100vw, 266px\" \/><\/a>ALLEGHE<\/strong> Un errore puo&#8217; capitare, nessuno \u00e8 infallibile ma quando succede vuoi mettere la differenza se\u00a0 l&#8217;utente fosse stato preventivamente avvertito poich\u00e9\u00a0 chi ha sbagliato lo ha ammesso e quindi ne era a conoscenza.<\/p>\n<p>Mica bello l&#8217;ultimo dell&#8217;anno ricevere la corrispondenza, all&#8217;interno una fattura del servizio idrico, tre volte superiori alle precedenti.\u00a0 <em>&#8220;Ho ovviamente chiamato per chiedere spiegazioni &#8211; ci racconta Thomas.\u00a0 e la risposta \u00e8 stata che a causa di un errore di fatturazione\u00a0 \u00a0le bollette pervenute questo mese sono pari a 3 bollette messe assieme e perci\u00f2 quando si aprir\u00e0 la busta come regalo di fine anno ci si trova un bel conto salato che fa arrabbiare, ce l&#8217;avessero almeno detto invece di farci perdere anche tempo con il call center&#8221; <\/em>E adesso? &#8220;<em>La pago, mi hanno comunque prospettato lo desiderassi di rateizzare&#8221;,<\/em><\/p>\n<p>&nbsp;<\/p>\n<p>&nbsp;<\/p>\n<hr \/>\n<p>&nbsp;<\/p>\n<blockquote>\n<h3>DARIO DAL MAGRO: &#8220;SOCIETA&#8217; PARTECIPATE DAL COMUNE, IO LA PENSO COSI'&#8221;<\/h3>\n<\/blockquote>\n<p><strong>BORGO VALBELLUNA<\/strong> Ultimi giorni dell&#8217;anno, consiglio comunali a raffica per delibere di ordinaria amministrazione, non ultima per importanza quella che riassume gli impegni dei Comuni nelle societ\u00e0 partecipate. Nell&#8217;ultimo consiglio comunale il consigliere Dario Dal Magro (opposizione) ha espresso il suo parere che riportiamo.<\/p>\n<p><a href=\"https:\/\/www.radiopiu.net\/wordpress\/dario-dal-magro-societa-partecipate-dal-comune-io-la-penso-cosi\/1567244878192_dario_dal_magro_p-png\/\" rel=\"attachment wp-att-251309\"><img loading=\"lazy\" decoding=\"async\" class=\"size-medium wp-image-251309 alignleft\" src=\"https:\/\/www.radiopiu.net\/wordpress\/wp-content\/uploads\/2021\/12\/1567244878192_Dario_Dal_Magro_p.png-300x171.jpg\" alt=\"\" width=\"300\" height=\"171\" srcset=\"https:\/\/www.radiopiu.net\/wordpress\/wp-content\/uploads\/2021\/12\/1567244878192_Dario_Dal_Magro_p.png-300x171.jpg 300w, https:\/\/www.radiopiu.net\/wordpress\/wp-content\/uploads\/2021\/12\/1567244878192_Dario_Dal_Magro_p.png.jpg 350w\" sizes=\"auto, (max-width: 300px) 100vw, 300px\" \/><\/a><em>Pur capendo che forse le societ\u00e0 partecipate hanno fornito i dati con ritardo, appare poco utile esaminare bilanci utilizzando uno specchietto retrovisivo di un anno; Il Comune controlla al 100% la <strong>Valbelluna Servizi Srl,<\/strong> che gestisce le tre case di soggiorno per anziani e non solo. Visto il perdurare della pandemia, ritengo opportuno che il consigliere delegato ci dia informazioni sia sui dati del bilancio che va chiudendosi, che soprattutto sulla situazione sanitaria delle tre strutture e del personale; <strong>Bim Belluno Infrastrutture<\/strong> detiene una partecipazione del 25% in Valmontina Srl. Questa societ\u00e0 gestisce un importante impianto idroelettrico fortemente danneggiato da Vaia. A rigore di norma dovremmo dismettere tale partecipazione in quanto ha chiuso tre esercizi consecutivi in perdita, e precisamente il 2018 per 3,7\/mln, il 2019 per \u20ac 415.000 ed il 2020 per \u20ac 303.000. Nel 2020 sono state fatte rivalutazioni per 4,4\/mln finite a riserve che ora ammontano ad oltre 5\/mln, con netto miglioramento del patrimonio. A fronte di questi dati negativi, risulta per\u00f2 che al 29\/7\/2020 la centralina rimessa in funzione avesse gi\u00e0 prodotto 6 GWh su 7,4 ammessi. Dati positivi, tant\u2019\u00e8 che attraverso pi\u00f9 passaggi il 75% \u00e8 stato acquisito da una primaria societ\u00e0 austriaca del settore, la Ki-Kelag International GMBH.\u00a0 Quindi anche in questo campo gli austriaci fanno acquisti nel bellunese. Non ho elementi per valutare se gli austriaci abbiano fatto o meno un affare. Ma mi pongo una domanda.\u00a0 Visto che il piano industriale di Bim Infrastrutture prevede esplicitamente di occuparsi della produzione e della gestione degli impianti idroelettrici, i sindaci hanno valutato l\u2019opportunit\u00e0 di acquistare l\u2019impianto, del quale sono soci al 25%? <strong>La Dolomiti Ambiente<\/strong> attraverso Bim Infrastrutture, che detiene il 7,60%, la societ\u00e0 sta attuando una politica di potenziamento dei suoi impianti dei rifiuti nei quali sia potenzialmente possibile il conferimento, per esempio, dei fanghi palabili derivanti dal ciclo di depurazione delle acque a costi competitivi. L\u2019insorgere dell\u2019emergenza PFAS ha costretto a rivedere tale progettualit\u00e0. Fra gli obiettivi di <strong>Bim Infrastrutture<\/strong> vi \u00e8 il superamento della frammentazione della gestione dei rifiuti per pervenire ad una gestione unificata degli stessi in \u2019ambito provinciale. <span style=\"color: #ff0000;\">Domande<\/span>: come sindaci avete valutato l\u2019opportunit\u00e0 che sia Bim Infrastrutture ad acquisire l\u2019intera partecipazione di Dolomiti Ambiente? Ci sapete dire gli esiti della due diligence?<\/em><\/p>\n<p>&nbsp;<\/p>\n<p>&nbsp;<\/p>\n<hr \/>\n<p>&nbsp;<\/p>\n<blockquote>\n<h3>FONDO CULTURA. BOND: &#8220;PREMIATI BUONI PROGETTI. ORA AL ALVORO PER ALLARGARE LA PLATEA DEI BENEFICIARI&#8221;<\/h3>\n<\/blockquote>\n<p><strong><a href=\"https:\/\/www.radiopiu.net\/wordpress\/giornale-radiopiu-16-luglio-2020-direttore-mirko-mezzacasa\/bond-roma-2\/\" rel=\"attachment wp-att-149602\"><img loading=\"lazy\" decoding=\"async\" class=\" wp-image-149602 alignleft\" src=\"https:\/\/www.radiopiu.net\/wordpress\/wp-content\/uploads\/2020\/07\/BOND-ROMA-300x300.jpg\" alt=\"\" width=\"234\" height=\"234\" srcset=\"https:\/\/www.radiopiu.net\/wordpress\/wp-content\/uploads\/2020\/07\/BOND-ROMA-300x300.jpg 300w, https:\/\/www.radiopiu.net\/wordpress\/wp-content\/uploads\/2020\/07\/BOND-ROMA-150x150.jpg 150w, https:\/\/www.radiopiu.net\/wordpress\/wp-content\/uploads\/2020\/07\/BOND-ROMA.jpg 640w\" sizes=\"auto, (max-width: 234px) 100vw, 234px\" \/><\/a>ROMA <\/strong>\u201cChi fa buoni progetti viene premiato. Lo dimostra la graduatoria del \u201cFondo cultura\u201d. Ora dovremo lavorare perch\u00e9 si allarghi il fronte del finanziamento anche ai progetti al momento rimasti esclusi\u201d. Lo dice il deputato Dario Bond, analizzando la lista del cosiddetto \u201cFondo cultura\u201d, come da Decreto Ministero della Cultura del 9 dicembre 2021 n. 1077, che assegna 5,8 milioni di euro alle progettualit\u00e0 dell\u2019area Nordest.<span class=\"gmail-Apple-converted-space\"> \u00a0<\/span>\u201cRisultano ammessi anche tre progetti bellunesi, presentati dai Comuni di Colle Santa Lucia, Borgo Valbelluna e Feltre. Si tratta di progetti importanti, che per\u00f2 in graduatoria &#8211; al momento &#8211; si trovano in posizione non utile per il finanziamento, perch\u00e9 le risorse sono esaurite. \u00c8 necessario lavorare perch\u00e9 il finanziamento venga rimpinguato e possano rientrare tra i beneficiari anche le proposte al momento fuori graduatoria, che rappresentano iniziative importanti per i territori. A Feltre ad esempio il progetto riguarda interventi sulla nuova sezione archeologica del museo civico, in particolare la dotazione di strumenti multimediali\u201d.<\/p>\n<p>&nbsp;<\/p>\n<p>&nbsp;<\/p>\n<hr \/>\n<p>&nbsp;<\/p>\n<blockquote>\n<h3>APPROVATA LA LEGGE DI BILANCIO 2022, CONFARTIGIANATO CONFERMA IL GIUDIZIO POSITIVO<\/h3>\n<\/blockquote>\n<p><strong><a href=\"https:\/\/www.radiopiu.net\/wordpress\/la-presidente-di-confartigianato-claudia-scarzanella-parla-delle-sfide-territoriali-per-lanno-che-verra\/claudia-scarzanella-confartigianato\/\" rel=\"attachment wp-att-182277\"><img loading=\"lazy\" decoding=\"async\" class=\" wp-image-182277 alignleft\" src=\"https:\/\/www.radiopiu.net\/wordpress\/wp-content\/uploads\/2020\/12\/CLAUDIA-SCARZANELLA-CONFARTIGIANATO-300x236.png\" alt=\"\" width=\"195\" height=\"153\" srcset=\"https:\/\/www.radiopiu.net\/wordpress\/wp-content\/uploads\/2020\/12\/CLAUDIA-SCARZANELLA-CONFARTIGIANATO-300x236.png 300w, https:\/\/www.radiopiu.net\/wordpress\/wp-content\/uploads\/2020\/12\/CLAUDIA-SCARZANELLA-CONFARTIGIANATO-1024x804.png 1024w, https:\/\/www.radiopiu.net\/wordpress\/wp-content\/uploads\/2020\/12\/CLAUDIA-SCARZANELLA-CONFARTIGIANATO-768x603.png 768w, https:\/\/www.radiopiu.net\/wordpress\/wp-content\/uploads\/2020\/12\/CLAUDIA-SCARZANELLA-CONFARTIGIANATO.png 1042w\" sizes=\"auto, (max-width: 195px) 100vw, 195px\" \/><\/a>BELLUNO<\/strong> \u00ab<em>Ci lasciamo alle spalle un anno un anno faticoso, pesantemente caratterizzato dalla pandemia, fatto di ripartenze a singhiozzo, e reso complicato dall\u2019escalation dei prezzi. Ma nel bagaglio degli artigiani ci sono concretezza e ottimismo, per cui guardiamo al 2022 con fiducia e speranza, consapevoli che dovremo metterci tutto il nostro impegno quotidiano per renderlo un anno migliore rispetto a quello appena passato. L\u2019ottimismo ci deriva anche da alcuni punti della nuova finanziaria, che ha recepito le istanze del mondo dell\u2019impresa<\/em>\u00bb. \u00c8 quanto afferma la presidente di Confartigianato Belluno, Claudia Scarzanella, dopo il via libera finale alla legge di bilancio 2022.<\/p>\n<p>&nbsp;<\/p>\n<hr \/>\n<p>&nbsp;<\/p>\n<blockquote>\n<h3 class=\"p1\"><span class=\"s1\">IN PARTENZA I LAVORI AI MAGAZZINI DELLA CAL: SAR\u00c0 RIGENERATA LA PALAZZINA VICINA ALLA STRADA. <\/span><span class=\"s1\">INTANTO ARRIVANO DUE MEZZI NUOVI ALLESTITI COME OFFICINA MOBILE<\/span><\/h3>\n<\/blockquote>\n<p class=\"p1\"><span class=\"s1\"><strong><a href=\"https:\/\/www.radiopiu.net\/wordpress\/giornale-radiopiu-03-gennaio-2022-direttore-mirko-mezzacasa\/magazzini-la-cal\/\" rel=\"attachment wp-att-251826\"><img loading=\"lazy\" decoding=\"async\" class=\"size-medium wp-image-251826 alignleft\" src=\"https:\/\/www.radiopiu.net\/wordpress\/wp-content\/uploads\/2022\/01\/Magazzini-La-Cal-300x225.jpg\" alt=\"\" width=\"300\" height=\"225\" srcset=\"https:\/\/www.radiopiu.net\/wordpress\/wp-content\/uploads\/2022\/01\/Magazzini-La-Cal-300x225.jpg 300w, https:\/\/www.radiopiu.net\/wordpress\/wp-content\/uploads\/2022\/01\/Magazzini-La-Cal-1024x768.jpg 1024w, https:\/\/www.radiopiu.net\/wordpress\/wp-content\/uploads\/2022\/01\/Magazzini-La-Cal-768x576.jpg 768w, https:\/\/www.radiopiu.net\/wordpress\/wp-content\/uploads\/2022\/01\/Magazzini-La-Cal-1536x1152.jpg 1536w, https:\/\/www.radiopiu.net\/wordpress\/wp-content\/uploads\/2022\/01\/Magazzini-La-Cal-2048x1536.jpg 2048w\" sizes=\"auto, (max-width: 300px) 100vw, 300px\" \/><\/a>BELLUNO <\/strong>Lavori in vista ai magazzini provinciali. Gli uffici della Provincia hanno preparato il progetto di rigenerazione di due strutture del complesso della Cal (a Limana). In particolare, della palazzina pi\u00f9 vicina alla strada di accesso. <\/span><span class=\"s1\">Sar\u00e0 riorganizzato completamente lo spazio del primo piano, in modo da creare un magazzino-archivio. Inoltre, verr\u00e0 rifatto il bagno, a servizio dell\u2019intera palazzina, con la creazione di un ambiente adibito a spogliatoio per gli operai provinciali. L\u2019investimento \u00e8 di 80mila euro. In primavera l\u2019avvio del cantiere. <\/span><span class=\"s1\">Gi\u00e0 appaltata anche la realizzazione della nuova tettoia per il deposito del ponte Bailey di propriet\u00e0 della Provincia (e utilizzato dove necessario, come nel caso di Fusine di Zoldo, dove la struttura componibile sta servendo gli abitanti della zona durante i lavori al vecchio ponte sul Ma\u00e8). In questo caso, l\u2019importo lavori \u00e8 di 30mila euro. <\/span><span class=\"s1\">Nel frattempo, poco prima di Natale sono arrivati alla Cal due nuovi mezzi acquistati dalla Provincia. Si tratta di due Iveco Daily: un furgonato allestito come officina mobile; e un piccolo camion con cassone, dotato di gru per il carico-scarico di una ruspa (servir\u00e0 per raggiungere i luoghi in cui sono necessari lavori di movimento terra, ma anche per spostare banchi e arredi tra gli edifici scolastici).\u00a0<\/span><\/p>\n<p>&nbsp;<\/p>\n<p>&nbsp;<\/p>\n<hr \/>\n<p>&nbsp;<\/p>\n<blockquote>\n<h3>LA CASA DEL SOLE DIVENTERA&#8217; CITTADELLA DEI SERVIZI<\/h3>\n<\/blockquote>\n<p><strong>PONTE NELLE ALPI <\/strong>Il consiglio comunale di Ponte nelle Alpi ha approvato all\u2019unanimit\u00e0 la convenzione con la Provincia di Belluno, proprietaria degli edifici, per la riqualificazione della Casa del Sole.<span class=\"gmail-Apple-converted-space\"> \u00a0<\/span>Grazie a simili progetti sono stati avviati nel corso degli anni l\u2019avvio della casa di riposo e la realizzazione del parco \u201cAlessandro Mares\u201d, oltre alla sede della Pro Loco.<span class=\"gmail-Apple-converted-space\"> \u00a0<\/span>Gli stabili interessati al nuovo progetto sono confinanti con viale Roma e via dei Zattieri: 35mila euro \u00e8 la cifra prevista dalla Provincia che ha demandato al Comune l\u2019avvio di un bando progettuale: bando che \u00e8 finalizzato a individuare un professionista orientato a cercare le soluzioni adatte per trasformare l\u2019area in una cittadella dei servizi.<span class=\"gmail-Apple-converted-space\"> \u00a0<\/span>Gli spazi saranno destinati a servizi e attivit\u00e0 socio-assistenziali, in collaborazione con l\u2019Ulss 1 Dolomiti e le istituzioni preposte: \u00abSar\u00e0 un progetto condiviso con cittadinanza, associazioni, enti e Regione &#8211; afferma il sindaco Paolo Vendramini -. Una grande opportunit\u00e0 per la comunit\u00e0 pontalpina e la provincia\u00bb.<\/p>\n\n\t\t\t<style type='text\/css'>\n\t\t\t\t#gallery-3 {\n\t\t\t\t\tmargin: auto;\n\t\t\t\t}\n\t\t\t\t#gallery-3 .gallery-item {\n\t\t\t\t\tfloat: left;\n\t\t\t\t\tmargin-top: 10px;\n\t\t\t\t\ttext-align: center;\n\t\t\t\t\twidth: 33%;\n\t\t\t\t}\n\t\t\t\t#gallery-3 img {\n\t\t\t\t\tborder: 2px solid #cfcfcf;\n\t\t\t\t}\n\t\t\t\t#gallery-3 .gallery-caption {\n\t\t\t\t\tmargin-left: 0;\n\t\t\t\t}\n\t\t\t\t\/* see gallery_shortcode() in wp-includes\/media.php *\/\n\t\t\t<\/style>\n\t\t<div id='gallery-3' class='dt-gallery-container gallery galleryid-251639 gallery-columns-3 gallery-size-medium'><dl class='gallery-item'>\n\t\t\t\t<dt class='gallery-icon landscape'>\n\t\t\t\t\t<a class=\"rollover rollover-zoom dt-pswp-item\" title=\"Casa_del_Sole_1\" data-dt-img-description=\"\" data-large_image_width=\"1024\" data-large_image_height=\"674\"href='https:\/\/www.radiopiu.net\/wordpress\/wp-content\/uploads\/2022\/01\/Casa_del_Sole_1.jpg'><img loading=\"lazy\" decoding=\"async\" width=\"300\" height=\"197\" src=\"https:\/\/www.radiopiu.net\/wordpress\/wp-content\/uploads\/2022\/01\/Casa_del_Sole_1-300x197.jpg\" class=\"attachment-medium size-medium\" alt=\"\" srcset=\"https:\/\/www.radiopiu.net\/wordpress\/wp-content\/uploads\/2022\/01\/Casa_del_Sole_1-300x197.jpg 300w, https:\/\/www.radiopiu.net\/wordpress\/wp-content\/uploads\/2022\/01\/Casa_del_Sole_1-768x506.jpg 768w, https:\/\/www.radiopiu.net\/wordpress\/wp-content\/uploads\/2022\/01\/Casa_del_Sole_1.jpg 1024w\" sizes=\"auto, (max-width: 300px) 100vw, 300px\" \/><\/a>\n\t\t\t\t<\/dt><\/dl><dl class='gallery-item'>\n\t\t\t\t<dt class='gallery-icon landscape'>\n\t\t\t\t\t<a class=\"rollover rollover-zoom dt-pswp-item\" title=\"Casa_del_Sole_2\" data-dt-img-description=\"\" data-large_image_width=\"1024\" data-large_image_height=\"661\"href='https:\/\/www.radiopiu.net\/wordpress\/wp-content\/uploads\/2022\/01\/Casa_del_Sole_2.jpg'><img loading=\"lazy\" decoding=\"async\" width=\"300\" height=\"194\" src=\"https:\/\/www.radiopiu.net\/wordpress\/wp-content\/uploads\/2022\/01\/Casa_del_Sole_2-300x194.jpg\" class=\"attachment-medium size-medium\" alt=\"\" srcset=\"https:\/\/www.radiopiu.net\/wordpress\/wp-content\/uploads\/2022\/01\/Casa_del_Sole_2-300x194.jpg 300w, https:\/\/www.radiopiu.net\/wordpress\/wp-content\/uploads\/2022\/01\/Casa_del_Sole_2-768x496.jpg 768w, https:\/\/www.radiopiu.net\/wordpress\/wp-content\/uploads\/2022\/01\/Casa_del_Sole_2.jpg 1024w\" sizes=\"auto, (max-width: 300px) 100vw, 300px\" \/><\/a>\n\t\t\t\t<\/dt><\/dl><dl class='gallery-item'>\n\t\t\t\t<dt class='gallery-icon landscape'>\n\t\t\t\t\t<a class=\"rollover rollover-zoom dt-pswp-item\" title=\"Casa_del_Sole_3\" data-dt-img-description=\"\" data-large_image_width=\"1024\" data-large_image_height=\"768\"href='https:\/\/www.radiopiu.net\/wordpress\/wp-content\/uploads\/2022\/01\/Casa_del_Sole_3.jpg'><img loading=\"lazy\" decoding=\"async\" width=\"300\" height=\"225\" src=\"https:\/\/www.radiopiu.net\/wordpress\/wp-content\/uploads\/2022\/01\/Casa_del_Sole_3-300x225.jpg\" class=\"attachment-medium size-medium\" alt=\"\" srcset=\"https:\/\/www.radiopiu.net\/wordpress\/wp-content\/uploads\/2022\/01\/Casa_del_Sole_3-300x225.jpg 300w, https:\/\/www.radiopiu.net\/wordpress\/wp-content\/uploads\/2022\/01\/Casa_del_Sole_3-768x576.jpg 768w, https:\/\/www.radiopiu.net\/wordpress\/wp-content\/uploads\/2022\/01\/Casa_del_Sole_3.jpg 1024w\" sizes=\"auto, (max-width: 300px) 100vw, 300px\" \/><\/a>\n\t\t\t\t<\/dt><\/dl><br style=\"clear: both\" \/>\n\t\t\t<\/div>\n\n<p>&nbsp;<\/p>\n<p>&nbsp;<\/p>\n<hr \/>\n<p>&nbsp;<\/p>\n<blockquote>\n<h3>MERAVIGLIE DAL CIELO<\/h3>\n<\/blockquote>\n<p><strong>di Claudio Pra<\/strong><\/p>\n<p>In questi primi giorni del 2022 il pianeta Venere sta passando fra noi e il sole, raggiungendo la minima distanza dalla Terra (ci\u00f2 avverr\u00e0 il giorno 8 gennaio). Per questo \u00e8 visibile nelle sue dimensioni massime ed a forma di esilissimo falcetto. Basta un piccolo binocolo per osservarlo, anche se l&#8217; operazione non \u00e8 semplice a causa della vicinanza al Sole. Proprio per questo occorre prestare la massima attenzione per non rischiare danni all&#8217;occhio. Venere, da lungo tempo visibile alla sera dopo il tramonto, dopo il 9 gennaio diverr\u00e0 visibile al mattino prima della levata della nostra stella, ricominciando ad aumentare di fase man mano che si allontana dal Sole. La sua grande luminosit\u00e0 permette per\u00f2 di poterlo scorgere anche in pieno giorno (sapendo dove puntare lo sguardo). Nella foto 1 il pianeta ripreso il 2 gennaio nei pressi della Cima di Terranova (Gruppo Civetta). Nella foto 2 Venere al telescopio con interposizione di un filtro rosso per evidenziarlo meglio.<\/p>\n\n\t\t\t<style type='text\/css'>\n\t\t\t\t#gallery-4 {\n\t\t\t\t\tmargin: auto;\n\t\t\t\t}\n\t\t\t\t#gallery-4 .gallery-item {\n\t\t\t\t\tfloat: left;\n\t\t\t\t\tmargin-top: 10px;\n\t\t\t\t\ttext-align: center;\n\t\t\t\t\twidth: 50%;\n\t\t\t\t}\n\t\t\t\t#gallery-4 img {\n\t\t\t\t\tborder: 2px solid #cfcfcf;\n\t\t\t\t}\n\t\t\t\t#gallery-4 .gallery-caption {\n\t\t\t\t\tmargin-left: 0;\n\t\t\t\t}\n\t\t\t\t\/* see gallery_shortcode() in wp-includes\/media.php *\/\n\t\t\t<\/style>\n\t\t<div id='gallery-4' class='dt-gallery-container gallery galleryid-251639 gallery-columns-2 gallery-size-medium'><dl class='gallery-item'>\n\t\t\t\t<dt class='gallery-icon landscape'>\n\t\t\t\t\t<a class=\"rollover rollover-zoom dt-pswp-item\" title=\"a424d5f0-96f7-4f50-a7eb-37721820f2ca\" data-dt-img-description=\"\" data-large_image_width=\"1334\" data-large_image_height=\"1000\"href='https:\/\/www.radiopiu.net\/wordpress\/wp-content\/uploads\/2022\/01\/a424d5f0-96f7-4f50-a7eb-37721820f2ca.jpg'><img loading=\"lazy\" decoding=\"async\" width=\"300\" height=\"225\" src=\"https:\/\/www.radiopiu.net\/wordpress\/wp-content\/uploads\/2022\/01\/a424d5f0-96f7-4f50-a7eb-37721820f2ca-300x225.jpg\" class=\"attachment-medium size-medium\" alt=\"\" aria-describedby=\"gallery-4-251863\" srcset=\"https:\/\/www.radiopiu.net\/wordpress\/wp-content\/uploads\/2022\/01\/a424d5f0-96f7-4f50-a7eb-37721820f2ca-300x225.jpg 300w, https:\/\/www.radiopiu.net\/wordpress\/wp-content\/uploads\/2022\/01\/a424d5f0-96f7-4f50-a7eb-37721820f2ca-1024x768.jpg 1024w, https:\/\/www.radiopiu.net\/wordpress\/wp-content\/uploads\/2022\/01\/a424d5f0-96f7-4f50-a7eb-37721820f2ca-768x576.jpg 768w, https:\/\/www.radiopiu.net\/wordpress\/wp-content\/uploads\/2022\/01\/a424d5f0-96f7-4f50-a7eb-37721820f2ca.jpg 1334w\" sizes=\"auto, (max-width: 300px) 100vw, 300px\" \/><\/a>\n\t\t\t\t<\/dt>\n\t\t\t\t\t<dd class='wp-caption-text gallery-caption' id='gallery-4-251863'>\n\t\t\t\t\tFOTO 1\n\t\t\t\t\t<\/dd><\/dl><dl class='gallery-item'>\n\t\t\t\t<dt class='gallery-icon landscape'>\n\t\t\t\t\t<a class=\"rollover rollover-zoom dt-pswp-item\" title=\"d53e50bf-d45b-4a7d-8d08-a8b9f1311ba0\" data-dt-img-description=\"\" data-large_image_width=\"1600\" data-large_image_height=\"900\"href='https:\/\/www.radiopiu.net\/wordpress\/wp-content\/uploads\/2022\/01\/d53e50bf-d45b-4a7d-8d08-a8b9f1311ba0.jpg'><img loading=\"lazy\" decoding=\"async\" width=\"300\" height=\"169\" src=\"https:\/\/www.radiopiu.net\/wordpress\/wp-content\/uploads\/2022\/01\/d53e50bf-d45b-4a7d-8d08-a8b9f1311ba0-300x169.jpg\" class=\"attachment-medium size-medium\" alt=\"\" aria-describedby=\"gallery-4-251864\" srcset=\"https:\/\/www.radiopiu.net\/wordpress\/wp-content\/uploads\/2022\/01\/d53e50bf-d45b-4a7d-8d08-a8b9f1311ba0-300x169.jpg 300w, https:\/\/www.radiopiu.net\/wordpress\/wp-content\/uploads\/2022\/01\/d53e50bf-d45b-4a7d-8d08-a8b9f1311ba0-1024x576.jpg 1024w, https:\/\/www.radiopiu.net\/wordpress\/wp-content\/uploads\/2022\/01\/d53e50bf-d45b-4a7d-8d08-a8b9f1311ba0-768x432.jpg 768w, https:\/\/www.radiopiu.net\/wordpress\/wp-content\/uploads\/2022\/01\/d53e50bf-d45b-4a7d-8d08-a8b9f1311ba0-1536x864.jpg 1536w, https:\/\/www.radiopiu.net\/wordpress\/wp-content\/uploads\/2022\/01\/d53e50bf-d45b-4a7d-8d08-a8b9f1311ba0.jpg 1600w\" sizes=\"auto, (max-width: 300px) 100vw, 300px\" \/><\/a>\n\t\t\t\t<\/dt>\n\t\t\t\t\t<dd class='wp-caption-text gallery-caption' id='gallery-4-251864'>\n\t\t\t\t\tFOTO 2\n\t\t\t\t\t<\/dd><\/dl><br style=\"clear: both\" \/>\n\t\t\t<\/div>\n\n<p>&nbsp;<\/p>\n<hr \/>\n<p>&nbsp;<\/p>\n<blockquote>\n<h3>IL CALENDARIO AGORDINO 2022 DEDICATO AI VIAGGI DI GIULIANA DA RONCH<\/h3>\n<\/blockquote>\n<p><strong>DI GIANNI SANTOMASO<\/strong><\/p>\n<audio class=\"wp-audio-shortcode\" id=\"audio-251639-4\" preload=\"none\" style=\"width: 100%;\" controls=\"controls\"><source type=\"audio\/mpeg\" src=\"https:\/\/www.radiopiu.net\/wordpress\/wp-content\/uploads\/2022\/01\/GIANNI-CALENDARIO-AGORDINO.mp3?_=4\" \/><a href=\"https:\/\/www.radiopiu.net\/wordpress\/wp-content\/uploads\/2022\/01\/GIANNI-CALENDARIO-AGORDINO.mp3\">https:\/\/www.radiopiu.net\/wordpress\/wp-content\/uploads\/2022\/01\/GIANNI-CALENDARIO-AGORDINO.mp3<\/a><\/audio>\n<p>&nbsp;<\/p>\n<p><strong><a href=\"https:\/\/www.radiopiu.net\/wordpress\/il-calendario-agordino-2022-dedicato-ai-viaggi-di-giuliana-da-ronch\/agordo-la-copertina-del-calendario-agordino-2022\/\" rel=\"attachment wp-att-251631\"><img loading=\"lazy\" decoding=\"async\" class=\"size-medium wp-image-251631 alignleft\" src=\"https:\/\/www.radiopiu.net\/wordpress\/wp-content\/uploads\/2021\/12\/AGORDO-La-copertina-del-Calendario-Agordino-2022-202x300.jpg\" alt=\"\" width=\"202\" height=\"300\" srcset=\"https:\/\/www.radiopiu.net\/wordpress\/wp-content\/uploads\/2021\/12\/AGORDO-La-copertina-del-Calendario-Agordino-2022-202x300.jpg 202w, https:\/\/www.radiopiu.net\/wordpress\/wp-content\/uploads\/2021\/12\/AGORDO-La-copertina-del-Calendario-Agordino-2022-689x1024.jpg 689w, https:\/\/www.radiopiu.net\/wordpress\/wp-content\/uploads\/2021\/12\/AGORDO-La-copertina-del-Calendario-Agordino-2022-768x1142.jpg 768w, https:\/\/www.radiopiu.net\/wordpress\/wp-content\/uploads\/2021\/12\/AGORDO-La-copertina-del-Calendario-Agordino-2022-1033x1536.jpg 1033w, https:\/\/www.radiopiu.net\/wordpress\/wp-content\/uploads\/2021\/12\/AGORDO-La-copertina-del-Calendario-Agordino-2022-1377x2048.jpg 1377w, https:\/\/www.radiopiu.net\/wordpress\/wp-content\/uploads\/2021\/12\/AGORDO-La-copertina-del-Calendario-Agordino-2022.jpg 1476w\" sizes=\"auto, (max-width: 202px) 100vw, 202px\" \/><\/a>AGORDO <\/strong>Una piccola strenna natalizia, sempre attesa e gradita dagli agordini ma anche dai 1200 tra emigranti, amici ed estimatori ai quali viene spedita nel mondo, e fa loro compagnia nella scansione dei 365 giorni con notizie e immagini della terra agordina. \u00c8 il Calendario Agordino 2022, l\u2019ormai tradizionale numero di fine anno di \u201cEchi di Agordo\u201d, bimestrale della pieve arcidiaconale, che \u00e8 in distribuzione per la 46a volta. Dal 1976, infatti, esce puntualmente per le festivit\u00e0 natalizie (stampato dalle Grafiche Castaldi) questo piccolo \u201calmanacco\u201d che anche questa volta mantiene fede alla formula dei tre temi della storia (in particolare con gli anniversari), dell\u2019arte e della fotografia che negli ultimi anni compongono l\u2019insieme della pubblicazione. Per l\u2019occasione il compilatore (da sempre Loris Santomaso) si pone il problema di essere del tutto coerente con il significato originario del termine \u201cCalendario\u201d, cio\u00e8 con la sua etimologia, perch\u00e9: \u00abSe da un lato, secondo la concezione popolare, rispetta il sistema di scansione del tempo e il ruolo di strumento che segna la data corrente e ricorda vari eventi (nel nostro caso anche delle liturgie della parrocchia), secondo la voce latina dotta \u201ccalendarium\u201d starebbe per libro dei conti nel senso commerciale. Ma avendo scelto fin dall\u2019inizio di riempire la cornice mensile con una scansione temporale pi\u00f9 ampia, mediante immagini che richiamino sia momenti attuali che avvenimenti del passato vissuti dal nostro territorio, pare possa essere ancora pertinente la rievocazione di vicende e personaggi significativi della cultura e della storia agordina\u00bb. Ecco allora i viaggi fotografici \u201cattraverso la mia terra\u201d di Giuliana Da Ronch, da anni collaboratrice del periodico, innamorata della montagna e impegnata a ricordare con una serie di racconti un passato rurale, vissuto in prima persona, prima che cada nell\u2019oblio. Il suo \u201cAndar per monti\u201d, qui testimoniato dal suo \u201csensibile\u201d obbiettivo, \u201c\u00e8 occasione per elevare il proprio spirito e trovare nella bellezza del Creato l\u2019immensit\u00e0 di Dio\u201d. Ed ecco nuovamente gli anniversari, a ricordare doverosamente alcune esemplari figure di agordini che hanno ben meritato con la loro arte e con la loro cultura per la nostra piccolo patria. Non per niente la Valle del Bi\u00f3is \u00e8 stata giustamente definita \u201cla piccola valle dei grandi uomini\u201d, potendo vantare, fra gli altri, i natali di un artista come lo scultore Augusto Murer, di Falcade, di cui nel 2022 ricorre il centenario della nascita e il cui ricordo aleggia costantemente fra questi monti e queste valli dolomitici che egli ha onorato e reso famosi oltre i confini nazionali con la sua eccezionale vicenda artistica. <a href=\"https:\/\/www.radiopiu.net\/wordpress\/il-calendario-agordino-2022-dedicato-ai-viaggi-di-giuliana-da-ronch\/giuliana-da-ronch-al-coldai\/\" rel=\"attachment wp-att-251632\"><img loading=\"lazy\" decoding=\"async\" class=\"size-medium wp-image-251632 alignright\" src=\"https:\/\/www.radiopiu.net\/wordpress\/wp-content\/uploads\/2021\/12\/Giuliana-Da-Ronch-al-Coldai-300x225.jpg\" alt=\"\" width=\"300\" height=\"225\" srcset=\"https:\/\/www.radiopiu.net\/wordpress\/wp-content\/uploads\/2021\/12\/Giuliana-Da-Ronch-al-Coldai-300x225.jpg 300w, https:\/\/www.radiopiu.net\/wordpress\/wp-content\/uploads\/2021\/12\/Giuliana-Da-Ronch-al-Coldai-1024x768.jpg 1024w, https:\/\/www.radiopiu.net\/wordpress\/wp-content\/uploads\/2021\/12\/Giuliana-Da-Ronch-al-Coldai-768x576.jpg 768w, https:\/\/www.radiopiu.net\/wordpress\/wp-content\/uploads\/2021\/12\/Giuliana-Da-Ronch-al-Coldai-1536x1152.jpg 1536w, https:\/\/www.radiopiu.net\/wordpress\/wp-content\/uploads\/2021\/12\/Giuliana-Da-Ronch-al-Coldai.jpg 1772w\" sizes=\"auto, (max-width: 300px) 100vw, 300px\" \/><\/a>E rimanendo nella Valle del Bi\u00f3is, non poteva essere ignorato il bicentenario della morte nel 1822, a Carf\u00f3n di Canale d\u2019Agordo, del \u201cpoeta-contadino\u201d Valerio Da Pos, altra rilevante figura che non va dimenticata perch\u00e9, nonostante l\u2019umile origine, ha nobilitato la terra natia, ma non solo, primeggiando nella poesia onesta e arguta, alternata con le fatiche dei campi. Un\u2019ispirazione autentica, dimostrata dalla copiosa serie di liriche in lingua e dialetto veneziano raccolte in preziose pubblicazioni. Scendendo poi a San Tomaso e a Cencenighe, altrettanto dovuta \u00e8 stata l\u2019attenzione e l\u2019omaggio, nel centenario della nascita, pure a Gio.Batta Rossi, glottologo, uomo di scuola, di studio e di impegno sociale. Anche con la collaborazione della moglie Flora Parissenti, ha lasciato, soprattutto con lo straordinario \u201cVocabolario dei dialetti ladini e ladino-veneti dell\u2019Agordino\u201d un inestimabile patrimonio di indiscusso valore scientifico e letterario, riconosciuto da studiosi e linguisti di fama internazionale.<br \/>\nIl tutto corredato di significative immagini e di relative note biografiche<\/p>\n<p>&nbsp;<\/p>\n\n\t\t\t<style type='text\/css'>\n\t\t\t\t#gallery-5 {\n\t\t\t\t\tmargin: auto;\n\t\t\t\t}\n\t\t\t\t#gallery-5 .gallery-item {\n\t\t\t\t\tfloat: left;\n\t\t\t\t\tmargin-top: 10px;\n\t\t\t\t\ttext-align: center;\n\t\t\t\t\twidth: 33%;\n\t\t\t\t}\n\t\t\t\t#gallery-5 img {\n\t\t\t\t\tborder: 2px solid #cfcfcf;\n\t\t\t\t}\n\t\t\t\t#gallery-5 .gallery-caption {\n\t\t\t\t\tmargin-left: 0;\n\t\t\t\t}\n\t\t\t\t\/* see gallery_shortcode() in wp-includes\/media.php *\/\n\t\t\t<\/style>\n\t\t<div id='gallery-5' class='dt-gallery-container gallery galleryid-251639 gallery-columns-3 gallery-size-medium'><dl class='gallery-item'>\n\t\t\t\t<dt class='gallery-icon portrait'>\n\t\t\t\t\t<a class=\"rollover rollover-zoom dt-pswp-item\" title=\"Valerio DaPos Ritratto\" data-dt-img-description=\"\" data-large_image_width=\"1068\" data-large_image_height=\"1640\"href='https:\/\/www.radiopiu.net\/wordpress\/wp-content\/uploads\/2021\/12\/Valerio-DaPos-Ritratto.jpg'><img loading=\"lazy\" decoding=\"async\" width=\"195\" height=\"300\" src=\"https:\/\/www.radiopiu.net\/wordpress\/wp-content\/uploads\/2021\/12\/Valerio-DaPos-Ritratto-195x300.jpg\" class=\"attachment-medium size-medium\" alt=\"\" aria-describedby=\"gallery-5-251633\" srcset=\"https:\/\/www.radiopiu.net\/wordpress\/wp-content\/uploads\/2021\/12\/Valerio-DaPos-Ritratto-195x300.jpg 195w, https:\/\/www.radiopiu.net\/wordpress\/wp-content\/uploads\/2021\/12\/Valerio-DaPos-Ritratto-667x1024.jpg 667w, https:\/\/www.radiopiu.net\/wordpress\/wp-content\/uploads\/2021\/12\/Valerio-DaPos-Ritratto-768x1179.jpg 768w, https:\/\/www.radiopiu.net\/wordpress\/wp-content\/uploads\/2021\/12\/Valerio-DaPos-Ritratto-1000x1536.jpg 1000w, https:\/\/www.radiopiu.net\/wordpress\/wp-content\/uploads\/2021\/12\/Valerio-DaPos-Ritratto.jpg 1068w\" sizes=\"auto, (max-width: 195px) 100vw, 195px\" \/><\/a>\n\t\t\t\t<\/dt>\n\t\t\t\t\t<dd class='wp-caption-text gallery-caption' id='gallery-5-251633'>\n\t\t\t\t\tVALERIO DA POS\n\t\t\t\t\t<\/dd><\/dl><dl class='gallery-item'>\n\t\t\t\t<dt class='gallery-icon portrait'>\n\t\t\t\t\t<a class=\"rollover rollover-zoom dt-pswp-item\" title=\"Augusto Murer 1970\" data-dt-img-description=\"\" data-large_image_width=\"1181\" data-large_image_height=\"1496\"href='https:\/\/www.radiopiu.net\/wordpress\/wp-content\/uploads\/2021\/12\/Augusto-Murer-1970.jpg'><img loading=\"lazy\" decoding=\"async\" width=\"237\" height=\"300\" src=\"https:\/\/www.radiopiu.net\/wordpress\/wp-content\/uploads\/2021\/12\/Augusto-Murer-1970-237x300.jpg\" class=\"attachment-medium size-medium\" alt=\"\" aria-describedby=\"gallery-5-251634\" srcset=\"https:\/\/www.radiopiu.net\/wordpress\/wp-content\/uploads\/2021\/12\/Augusto-Murer-1970-237x300.jpg 237w, https:\/\/www.radiopiu.net\/wordpress\/wp-content\/uploads\/2021\/12\/Augusto-Murer-1970-808x1024.jpg 808w, https:\/\/www.radiopiu.net\/wordpress\/wp-content\/uploads\/2021\/12\/Augusto-Murer-1970-768x973.jpg 768w, https:\/\/www.radiopiu.net\/wordpress\/wp-content\/uploads\/2021\/12\/Augusto-Murer-1970.jpg 1181w\" sizes=\"auto, (max-width: 237px) 100vw, 237px\" \/><\/a>\n\t\t\t\t<\/dt>\n\t\t\t\t\t<dd class='wp-caption-text gallery-caption' id='gallery-5-251634'>\n\t\t\t\t\tAUGUSTO MURER\n\t\t\t\t\t<\/dd><\/dl><dl class='gallery-item'>\n\t\t\t\t<dt class='gallery-icon portrait'>\n\t\t\t\t\t<a class=\"rollover rollover-zoom dt-pswp-item\" title=\"Gio Batta Rossi\" data-dt-img-description=\"\" data-large_image_width=\"1181\" data-large_image_height=\"1574\"href='https:\/\/www.radiopiu.net\/wordpress\/wp-content\/uploads\/2021\/12\/Gio-Batta-Rossi.jpg'><img loading=\"lazy\" decoding=\"async\" width=\"225\" height=\"300\" src=\"https:\/\/www.radiopiu.net\/wordpress\/wp-content\/uploads\/2021\/12\/Gio-Batta-Rossi-225x300.jpg\" class=\"attachment-medium size-medium\" alt=\"\" aria-describedby=\"gallery-5-251635\" srcset=\"https:\/\/www.radiopiu.net\/wordpress\/wp-content\/uploads\/2021\/12\/Gio-Batta-Rossi-225x300.jpg 225w, https:\/\/www.radiopiu.net\/wordpress\/wp-content\/uploads\/2021\/12\/Gio-Batta-Rossi-768x1024.jpg 768w, https:\/\/www.radiopiu.net\/wordpress\/wp-content\/uploads\/2021\/12\/Gio-Batta-Rossi-1152x1536.jpg 1152w, https:\/\/www.radiopiu.net\/wordpress\/wp-content\/uploads\/2021\/12\/Gio-Batta-Rossi.jpg 1181w\" sizes=\"auto, (max-width: 225px) 100vw, 225px\" \/><\/a>\n\t\t\t\t<\/dt>\n\t\t\t\t\t<dd class='wp-caption-text gallery-caption' id='gallery-5-251635'>\n\t\t\t\t\tGIO BATTA ROSSI\n\t\t\t\t\t<\/dd><\/dl><br style=\"clear: both\" \/>\n\t\t\t<\/div>\n\n<p>&nbsp;<\/p>\n<p><strong>DI RENATO BONA<\/strong><\/p>\n<blockquote class=\"wp-embedded-content\" data-secret=\"SFvpWhq51K\"><p><a href=\"https:\/\/www.radiopiu.net\/wordpress\/i-viaggi-fotografici-di-giuliana-da-ronch-e-momenti-dedicati-a-murer-da-pos-e-rossi\/\">I \u201cVIAGGI FOTOGRAFICI\u201d DI GIULIANA DA RONCH E \u201cMOMENTI\u201d DEDICATI A MURER, DA POS E ROSSI<\/a><\/p><\/blockquote>\n<p><iframe loading=\"lazy\" class=\"wp-embedded-content\" sandbox=\"allow-scripts\" security=\"restricted\" style=\"position: absolute; clip: rect(1px, 1px, 1px, 1px);\" title=\"&#8220;I \u201cVIAGGI FOTOGRAFICI\u201d DI GIULIANA DA RONCH E \u201cMOMENTI\u201d DEDICATI A MURER, DA POS E ROSSI&#8221; &#8212; Radio Pi\u00f9\" src=\"https:\/\/www.radiopiu.net\/wordpress\/i-viaggi-fotografici-di-giuliana-da-ronch-e-momenti-dedicati-a-murer-da-pos-e-rossi\/embed\/#?secret=SFvpWhq51K\" data-secret=\"SFvpWhq51K\" width=\"600\" height=\"338\" frameborder=\"0\" marginwidth=\"0\" marginheight=\"0\" scrolling=\"no\"><\/iframe><\/p>\n<p>&nbsp;<\/p>\n<hr \/>\n<p>&nbsp;<\/p>\n<blockquote>\n<h3>CARO ENERGIA: NEI PRIMI 6 MESI DEL 2022 A RISCHIO ALMENO 35 MILA POSTI DI LAVORO<\/h3>\n<\/blockquote>\n<p>Gli aumenti di luce e gas avranno degli effetti molto pesanti sul fronte occupazionale. A dirlo \u00e8 l\u2019Ufficio studi della CGIA che stima in almeno 35 mila gli addetti presenti in Veneto nei settori energivori che, a causa dei rincari delle bollette, potrebbero rimanere temporaneamente a casa nei primi sei mesi del 2022.<\/p>\n<p>Nei prossimi mesi, infatti, con variazioni annue delle tariffe che in alcuni comparti rischiano di raggiungere il +250 per cento, molte aziende del vetro, della carta, della ceramica, del cemento, della plastica, della produzione laterizi, della meccanica pesante, dell\u2019alimentazione, della chimica, etc., potrebbero essere costrette a fermare la produzione, perch\u00e9 non in grado di far fronte all\u2019aumento esponenziale di questi costi fissi.<\/p>\n<p><strong>A soffrire \u00e8 il made in Italy<\/strong><\/p>\n<p>Questa esplosione dei prezzi colpisce indistintamente tutte le attivit\u00e0, anche se alcune eccellenze del nostro made in Italy rischiano molto pi\u00f9 di altre. Settori che in questo momento stanno dando un contributo fondamentale alla ripresa economica del Veneto, con livelli di vendite all\u2019estero mai toccati in precedenza. Non sono poche, infatti, le realt\u00e0 territoriali che dovranno fare i conti con i prossimi aumenti, con il risultato che per molte aziende sar\u00e0 pi\u00f9 conveniente spegnere i macchinari, si spera temporaneamente, che tenere gli impianti accesi.<\/p>\n<p><strong>A rischio tanti distretti produttivi<\/strong><\/p>\n<p>Le difficolt\u00e0, fanno sapere gli artigiani di Mestre, sono gi\u00e0 emerse in questi ultimi mesi, in particolar modo nei seguenti distretti produttivi:<\/p>\n<p><strong>Fonderie di Vicenza<\/strong><br \/>\n<strong>Materie plastiche di Treviso, Vicenza e Padova;<\/strong><br \/>\n<strong>Termomeccanica Padova e Verona;<\/strong><br \/>\n<strong>Vetro di Murano.<\/strong><\/p>\n<p>Come sappiamo, commentano dalla CGIA, le ragioni alla base dell\u2019impennata dei prezzi, sono molteplici, anche se due, in particolar modo, ne hanno condizionato profondamente il trend di crescita in questa seconda parte dell\u2019anno. In primo luogo, c\u2019\u00e8 il tema dell\u2019acquisto delle quote di emissione di CO2 (il cui prezzo \u00e8 quadruplicato negli ultimi mesi e, per almeno il 40 per cento, si sta scaricando sul costo dell\u2019energia). In secondo luogo la fallimentare politica di approvvigionamento del gas naturale che ha mostrato molti limiti, facendo schizzare i prezzi di oltre sei volte rispetto ai primi mesi di quest\u2019anno.<\/p>\n<p>Altri 6 miliardi per mitigare gli aumenti<br \/>\nAuspicando che questa fiammata si esaurisca entro la prima parte del 2022, non pu\u00f2 che essere affrontata con una misura tampone. Secondo l\u2019Ufficio studi della CGIA, infatti, il Governo dovrebbe incrementate le misure gi\u00e0 prese con la legge di Bilancio 2022, mettendo a disposizione delle imprese almeno 1 miliardo di euro al mese fino al prossimo mese di giugno.<\/p>\n<p><strong>Quanto previsto dalla legge di Bilancio 2022<\/strong><\/p>\n<p>Per mitigare l\u2019aumento del cosiddetto caro bollette, nella seconda parte di quest\u2019anno il Governo Draghi ha stanziato 4,7 miliardi di euro; mentre con la legge di Bilancio per il 2022 ha messo a disposizione 3,8 miliardi di euro, introducendo la possibilit\u00e0 di formulare piani di rateizzazione per le famiglie pi\u00f9 in difficolt\u00e0 con il pagamento delle utenze di luce e gas. In particolare, 1,8 miliardi di euro permetteranno di azzerare gli oneri di sistema nelle bollette dell\u2019elettricit\u00e0 applicati alle famiglie e alle microimprese con l\u2019obiettivo di alleggerire il conto pagato da 29 milioni di famiglie e circa 6 milioni di microimprese come attivit\u00e0 commerciali, artigianali e professionali. Per quel che riguarda il gas, oltre al taglio degli oneri (che sono minori rispetto a quelli della bolletta elettrica), si aggiunge anche la riduzione dell\u2019Iva al 5% sia per le somministrazioni di gas per usi civili che per quelli industriali (rispettivamente al 10 per cento e al 22 per cento). \u00c8 stato reiterato inoltre anche il potenziamento del bonus sociale, lo sconto in bolletta previsto per le famiglie con disagio economico e fisico, in modo da azzerare l\u2019effetto dei rincari.<\/p>\n<p>&nbsp;<\/p>\n<p>&nbsp;<\/p>\n<hr \/>\n<p>&nbsp;<\/p>\n<blockquote>\n<h3>L&#8217;UNIONE MONTANA FELTRINA APRE DUE BANDI<\/h3>\n<\/blockquote>\n<p><strong>FELTRE<\/strong> Sono due i bandi aperti dall&#8217;Unione Montana Feltrina. \u00c8 indetto un concorso pubblico per l&#8217;assunzione a tempo parziale (25 ore) ed indeterminato di un collaboratore amministrativo categoria giuridica B (posizione economica B3) presso l\u2019area amministrativa \u2013 finanziaria del Comune di Sovramonte (BL). Termine di scadenza per la presentazione delle domande ore 12:00 del 17\/02\/2022. E\u0300 indetto un concorso pubblico per soli esami per l&#8217;assunzione a tempo pieno e indeterminato un Istruttore Direttivo Area Tecnica (cat. D1) presso il comune di Fonzaso (BL). Termine di scadenza per la presentazione delle domande ore 12:00 del 17\/02\/2022. Le domande di partecipazione dovranno essere presentate tramite apposita piattaforma dell&#8217;Unione Montana Feltrina secondo le modalita\u0300 e i termini indicati nel bando. Le modalita\u0300&#8217; e i requisiti di partecipazione sono disponibili presso l\u2019ufficio del personale dell&#8217;Unione Montana Feltrina in via C. Rizzarda, 21 a Feltre (BL) (tel 0439.310259) e sul sito istituzionale dell&#8217;ente all&#8217;indirizzo: http:\/\/www.feltrino.bl.it\/web\/cmfeltrina nella sezione \u201cBandi di Concorso\u201d.<\/p>\n<p>&nbsp;<\/p>\n<p>&nbsp;<\/p>\n<hr \/>\n<p>&nbsp;<\/p>\n<blockquote>\n<h3>IL CEIS CERCA UN OPERATORE SOCIO SANITARIO A BELLUNO<\/h3>\n<\/blockquote>\n<p><strong>BELLUNO <\/strong>Rinviata al 15 febbraio 2022 la selezione per il corso Operatore Socio Sanitario.\u00a0 L\u2019Operatore Socio Sanitario \u00e8 una figura professionale regolata dalla L.R. n. 20 del 2001, si occupa di soddisfare i bisogni primari di persone in disagio, difficolt\u00e0 e malattia ospiti o in carico a Servizi Socio- Sanitari pubblici e privati. Chi sente e pensa che potrebbe essere la strada professionale giusta, per collocarsi o ricollocarsi lavorativamente pu\u00f2 accedere, previa iscrizione, alla selezione prevista per il 15\/02\/2022 alle ore 8.30, a Belluno presso il Ce.I.S. La selezione \u00e8 obbligatoria per poter iscriversi al corso. Per ogni informazione rivolgersi all\u2019Ente di Formazione di Ce.I.S. al telefono: 0437 950895 \u2013 mail: <a href=\"mailto:info@ceisbelluno.org\">info@ceisbelluno.org<\/a>. Ulteriori informazioni anche su: <a href=\"http:\/\/www.ceisbelluno.org\">www.ceisbelluno.org<\/a><\/p>\n<p>&nbsp;<\/p>\n<p>&nbsp;<\/p>\n<hr \/>\n<p>&nbsp;<\/p>\n<blockquote>\n<h3>POESIA E MUSICA NELLE DOLOMITI<\/h3>\n<\/blockquote>\n<p><strong>ALLEGHE <\/strong>Venerd\u00ec alle 17:30 in sala Stoppani delle scuole elementari di Alleghe Chiara Sbrissa presnta il libro &#8220;Ti racconter\u00f2 di quando&#8221;. La presentazione sar\u00e0 accompagnata dalla musica di Ivan Zasso e la presentazione a cura di Gianni Santomaso. Ingresso gratuito con green pass rafforzato.<\/p>\n<p>&nbsp;<\/p>\n<p>&nbsp;<\/p>\n<hr \/>\n<p>&nbsp;<\/p>\n<blockquote>\n<h3>IL CONCERTO DELL&#8217;EPIFANIA A SAN GREGORIO NELLE ALPI<\/h3>\n<\/blockquote>\n<p><strong>SAN GREGORIO NELLE ALPI <\/strong>Gioved\u00ec alle 16.00 nella Sala Tina Merlin del Museo delle Zoche di San Gregorio nelle Alpi si terr\u00e0 il Concerto dell\u2019Epifania con il Coro OIO\u00a0 diretto da Enzo Dal Molin. Ingresso libero.<\/p>\n<p>&nbsp;<\/p>\n<p>&nbsp;<\/p>\n<hr \/>\n<p>&nbsp;<\/p>\n<blockquote>\n<h3>ALLA RICERCA DELLE CANZONI DI SAN MARTINO CANTATE DAI BIMBI<\/h3>\n<\/blockquote>\n<p><strong><a href=\"https:\/\/www.radiopiu.net\/wordpress\/alla-ricerca-delle-canzoni-di-san-martino-cantate-dai-bimbi\/san-martino-2\/\" rel=\"attachment wp-att-251717\"><img loading=\"lazy\" decoding=\"async\" class=\"size-medium wp-image-251717 alignleft\" src=\"https:\/\/www.radiopiu.net\/wordpress\/wp-content\/uploads\/2022\/01\/SAN-MARTINO-300x185.jpg\" alt=\"\" width=\"300\" height=\"185\" srcset=\"https:\/\/www.radiopiu.net\/wordpress\/wp-content\/uploads\/2022\/01\/SAN-MARTINO-300x185.jpg 300w, https:\/\/www.radiopiu.net\/wordpress\/wp-content\/uploads\/2022\/01\/SAN-MARTINO.jpg 740w\" sizes=\"auto, (max-width: 300px) 100vw, 300px\" \/><\/a>AGORDO<\/strong> Il Direttore del Coro Agordo Roberta Conedera fa un appello sulle proprie pagine Facebook. Roberta sta raccogliendo le canzoncine che i bambini cantano in occasione di San Martino.<\/p>\n<p><strong>IL MESSAGGIO DI ROBERTA CONEDERA<\/strong><\/p>\n<div class=\"kvgmc6g5 cxmmr5t8 oygrvhab hcukyx3x c1et5uql ii04i59q\">\n<blockquote>\n<div dir=\"auto\"><em>Buongiorno e&#8230;auguri a tutti. Chiedo a tutti gli Agordini che leggeranno questo messaggio se fosse possibile che mi inviassero tramite WAP, Messanger o mail , le registrazioni delle canzoncine che venivano cantate dai bimbi a San Martin nei rispettivi paesi. Sto cercando di raccogliere soprattutto tutte le melodie prima che spariscano del tutto. Passate parola , tutti insieme possiamo salvare qualcosa della nostra storia locale. Grazie mille gi\u00e0 da ora. Sono il direttore del coro Agordo. Se volete contattarmi fatelo tramite la mail del CORO AGORDO : info.coroagordo@gmail com. Oppure tramite robywally3@gmail.com. Attendo il vostro aiuto.<\/em><\/div>\n<\/blockquote>\n<div dir=\"auto\"><\/div>\n<hr \/>\n<p dir=\"auto\">\n<\/div>\n<h2><span style=\"color: #ff0000;\">IERI ALLA RADIO<\/span><\/h2>\n<h2><strong><a href=\"https:\/\/www.radiopiu.net\/wordpress\/laugurio-di-monsignor-giorgio-lise-agli-agordini\/don-giorgio-lise\/\" rel=\"attachment wp-att-177420\"><img loading=\"lazy\" decoding=\"async\" class=\"size-medium wp-image-177420 alignleft\" src=\"https:\/\/www.radiopiu.net\/wordpress\/wp-content\/uploads\/2020\/12\/DON-GIORGIO-LISE-300x169.jpg\" alt=\"\" width=\"300\" height=\"169\" srcset=\"https:\/\/www.radiopiu.net\/wordpress\/wp-content\/uploads\/2020\/12\/DON-GIORGIO-LISE-300x169.jpg 300w, https:\/\/www.radiopiu.net\/wordpress\/wp-content\/uploads\/2020\/12\/DON-GIORGIO-LISE-1024x577.jpg 1024w, https:\/\/www.radiopiu.net\/wordpress\/wp-content\/uploads\/2020\/12\/DON-GIORGIO-LISE-768x432.jpg 768w, https:\/\/www.radiopiu.net\/wordpress\/wp-content\/uploads\/2020\/12\/DON-GIORGIO-LISE-1536x865.jpg 1536w, https:\/\/www.radiopiu.net\/wordpress\/wp-content\/uploads\/2020\/12\/DON-GIORGIO-LISE.jpg 1600w\" sizes=\"auto, (max-width: 300px) 100vw, 300px\" \/><\/a><span style=\"color: #ff6600;\">DUE MINUTI PER TE&#8230;CON DON GIORGIO LISE &#8211; CAPODANNO<\/span><\/strong><\/h2>\n<p><strong>Appuntamento settimanale con Don Giorgio Lise<\/strong><\/p>\n<p>&nbsp;<\/p>\n<p>&nbsp;<\/p>\n<p>&nbsp;<\/p>\n<p><strong>01 GENNAIO 2022<\/strong><\/p>\n<audio class=\"wp-audio-shortcode\" id=\"audio-251639-5\" preload=\"none\" style=\"width: 100%;\" controls=\"controls\"><source type=\"audio\/mpeg\" src=\"https:\/\/www.radiopiu.net\/wordpress\/wp-content\/uploads\/2021\/09\/DON-GIORGIO-1.mp3?_=5\" \/><a href=\"https:\/\/www.radiopiu.net\/wordpress\/wp-content\/uploads\/2021\/09\/DON-GIORGIO-1.mp3\">https:\/\/www.radiopiu.net\/wordpress\/wp-content\/uploads\/2021\/09\/DON-GIORGIO-1.mp3<\/a><\/audio>\n<p>&nbsp;<\/p>\n<p><strong>02 GENNAIO 2022<\/strong><\/p>\n<audio class=\"wp-audio-shortcode\" id=\"audio-251639-6\" preload=\"none\" style=\"width: 100%;\" controls=\"controls\"><source type=\"audio\/mpeg\" src=\"https:\/\/www.radiopiu.net\/wordpress\/wp-content\/uploads\/2022\/01\/DON-GIORGIO.mp3?_=6\" \/><a href=\"https:\/\/www.radiopiu.net\/wordpress\/wp-content\/uploads\/2022\/01\/DON-GIORGIO.mp3\">https:\/\/www.radiopiu.net\/wordpress\/wp-content\/uploads\/2022\/01\/DON-GIORGIO.mp3<\/a><\/audio>\n<p>&nbsp;<\/p>\n<p>&nbsp;<\/p>\n<p>&nbsp;<\/p>\n<hr \/>\n<p>&nbsp;<\/p>\n<div>\n<div class=\"b654a4as d2edcug0\">\n<div class=\"rq0escxv hkbzh7o3 jwdofwj8 n8tt0mok r8blr3vg hyh9befq\">\n<p><a class=\"dt-pswp-item\" href=\"https:\/\/www.radiopiu.net\/wordpress\/wp-content\/uploads\/2020\/10\/pp.jpg\" data-dt-img-description=\"\" data-large_image_width=\"640\" data-large_image_height=\"640\"><img loading=\"lazy\" decoding=\"async\" class=\"wp-image-163678 alignleft\" src=\"https:\/\/www.radiopiu.net\/wordpress\/wp-content\/uploads\/2020\/10\/pp-300x300.jpg\" alt=\"\" width=\"106\" height=\"106\" srcset=\"https:\/\/www.radiopiu.net\/wordpress\/wp-content\/uploads\/2020\/10\/pp-300x300.jpg 300w, https:\/\/www.radiopiu.net\/wordpress\/wp-content\/uploads\/2020\/10\/pp-150x150.jpg 150w, https:\/\/www.radiopiu.net\/wordpress\/wp-content\/uploads\/2020\/10\/pp-125x125.jpg 125w, https:\/\/www.radiopiu.net\/wordpress\/wp-content\/uploads\/2020\/10\/pp-200x200.jpg 200w, https:\/\/www.radiopiu.net\/wordpress\/wp-content\/uploads\/2020\/10\/pp-80x80.jpg 80w, https:\/\/www.radiopiu.net\/wordpress\/wp-content\/uploads\/2020\/10\/pp-480x480.jpg 480w, https:\/\/www.radiopiu.net\/wordpress\/wp-content\/uploads\/2020\/10\/pp.jpg 640w\" sizes=\"auto, (max-width: 106px) 100vw, 106px\" \/><\/a><\/p>\n<\/div>\n<\/div>\n<\/div>\n<div>\n<div class=\"page-title-head hgroup\">\n<div class=\"page-title-head hgroup\">\n<div class=\"b654a4as d2edcug0\">\n<div class=\"j83agx80 btwxx1t3 lhclo0ds hop8lmos nkwizq5d scwd0bx6 roh60bw9\">\n<div class=\"rq0escxv hkbzh7o3 jwdofwj8 n8tt0mok r8blr3vg hyh9befq\">\n<div class=\"do00u71z l9j0dhe7 k4urcfbm\">\n<h2><span style=\"color: #000080;\">DON CESARE, IL PENSIERO DEL GIORNO. ALLA RADIO ALLE 7 DEL MATTINO E ALLE 19.30 DELLA SERA.\u00a0\u00a0<\/span><\/h2>\n<\/div>\n<div class=\"do00u71z l9j0dhe7 k4urcfbm\">\n<p>&nbsp;<\/p>\n<p>&nbsp;<\/p>\n<audio class=\"wp-audio-shortcode\" id=\"audio-251639-7\" preload=\"none\" style=\"width: 100%;\" controls=\"controls\"><source type=\"audio\/mpeg\" src=\"https:\/\/www.radiopiu.net\/wordpress\/wp-content\/uploads\/2022\/01\/CESARE.mp3?_=7\" \/><a href=\"https:\/\/www.radiopiu.net\/wordpress\/wp-content\/uploads\/2022\/01\/CESARE.mp3\">https:\/\/www.radiopiu.net\/wordpress\/wp-content\/uploads\/2022\/01\/CESARE.mp3<\/a><\/audio>\n<p>&nbsp;<\/p>\n<p>&nbsp;<\/p>\n<hr \/>\n<p>&nbsp;<\/p>\n<p>&nbsp;<\/p>\n<blockquote class=\"wp-embedded-content\" data-secret=\"IUAadbQJ1c\"><p><a href=\"https:\/\/www.radiopiu.net\/wordpress\/sestadisei\/\">LA VALLE AGORDINA &#8211; 320 anni dalla BOA del 1701  RACCONTO IN SEI PARTI<\/a><\/p><\/blockquote>\n<p><iframe loading=\"lazy\" class=\"wp-embedded-content\" sandbox=\"allow-scripts\" security=\"restricted\" style=\"position: absolute; clip: rect(1px, 1px, 1px, 1px);\" title=\"&#8220;LA VALLE AGORDINA &#8211; 320 anni dalla BOA del 1701  RACCONTO IN SEI PARTI&#8221; &#8212; Radio Pi\u00f9\" src=\"https:\/\/www.radiopiu.net\/wordpress\/sestadisei\/embed\/#?secret=IUAadbQJ1c\" data-secret=\"IUAadbQJ1c\" width=\"600\" height=\"338\" frameborder=\"0\" marginwidth=\"0\" marginheight=\"0\" scrolling=\"no\"><\/iframe><\/p>\n<p>&nbsp;<\/p>\n<p>&nbsp;<\/p>\n<hr \/>\n<p>&nbsp;<\/p>\n<div>\n<div class=\"page-title-head hgroup\">\n<div class=\"page-title-head hgroup\">\n<div class=\"b654a4as d2edcug0\">\n<div class=\"j83agx80 btwxx1t3 lhclo0ds hop8lmos nkwizq5d scwd0bx6 roh60bw9\">\n<div class=\"rq0escxv hkbzh7o3 jwdofwj8 n8tt0mok r8blr3vg hyh9befq\">\n<div class=\"do00u71z l9j0dhe7 k4urcfbm\">\n<div class=\"ecm0bbzt e5nlhep0 a8c37x1j\">\n<div class=\"kvgmc6g5 cxmmr5t8 oygrvhab hcukyx3x c1et5uql\">\n<div class=\"gmail-kvgmc6g5 gmail-cxmmr5t8 gmail-oygrvhab gmail-hcukyx3x gmail-c1et5uql gmail-ii04i59q\">\n<div class=\"page-title-head hgroup\">\n<div class=\"page-title-head hgroup\">\n<div class=\"b654a4as d2edcug0\">\n<div class=\"j83agx80 btwxx1t3 lhclo0ds hop8lmos nkwizq5d scwd0bx6 roh60bw9\">\n<div class=\"rq0escxv hkbzh7o3 jwdofwj8 n8tt0mok r8blr3vg hyh9befq\">\n<div class=\"do00u71z l9j0dhe7 k4urcfbm\">\n<h3 class=\"kvgmc6g5 cxmmr5t8 oygrvhab hcukyx3x c1et5uql\"><span style=\"color: #0000ff;\"><strong>INFORMAZIONE il canale su TELEGRAM informazione di prima mano e in tempo reale. iscriviti ed aiutaci a farlo conoscere\u00a0\u00a0<\/strong><\/span><\/h3>\n<p>&nbsp;<\/p>\n<p>&nbsp;<\/p>\n<hr \/>\n<blockquote>\n<h3><\/h3>\n<h3>IN VIVO VERSO, SETTIMA STAGIONE CON BRUNELLA MORO, DAL LUNEDI AL VENERDI ALLE 7.10, 10.10 E 18.50<\/h3>\n<\/blockquote>\n<p>&nbsp;<\/p>\n<p>&nbsp;<\/p>\n<p><strong>LA RACCOLTA COMPLETA\u00a0 \u00a0<\/strong><\/p>\n<blockquote class=\"wp-embedded-content\" data-secret=\"QD1JFZ2AiU\"><p><a href=\"https:\/\/www.radiopiu.net\/wordpress\/in-vivo-verso\/\">In Vivo Verso<\/a><\/p><\/blockquote>\n<p><iframe loading=\"lazy\" class=\"wp-embedded-content\" sandbox=\"allow-scripts\" security=\"restricted\" style=\"position: absolute; clip: rect(1px, 1px, 1px, 1px);\" title=\"&#8220;In Vivo Verso&#8221; &#8212; Radio Pi\u00f9\" src=\"https:\/\/www.radiopiu.net\/wordpress\/in-vivo-verso\/embed\/#?secret=QD1JFZ2AiU\" data-secret=\"QD1JFZ2AiU\" width=\"600\" height=\"338\" frameborder=\"0\" marginwidth=\"0\" marginheight=\"0\" scrolling=\"no\"><\/iframe><\/p>\n<p>&nbsp;<\/p>\n<p>&nbsp;<\/p>\n<hr \/>\n<p>&nbsp;<\/p>\n<p><span style=\"color: #0000ff;\">MUSICA PIU&#8217;\u00a0<\/span><\/p>\n<p><a href=\"https:\/\/www.radiopiu.net\/wordpress\/giornale-radiopiu-20-settembre-2021-direttore-mirko-mezzacasa\/pp-79\/\" rel=\"attachment wp-att-232921\"><img loading=\"lazy\" decoding=\"async\" class=\"wp-image-232921 alignleft\" src=\"https:\/\/www.radiopiu.net\/wordpress\/wp-content\/uploads\/2021\/09\/pp-1-300x300.jpg\" alt=\"\" width=\"135\" height=\"135\" srcset=\"https:\/\/www.radiopiu.net\/wordpress\/wp-content\/uploads\/2021\/09\/pp-1-300x300.jpg 300w, https:\/\/www.radiopiu.net\/wordpress\/wp-content\/uploads\/2021\/09\/pp-1-150x150.jpg 150w, https:\/\/www.radiopiu.net\/wordpress\/wp-content\/uploads\/2021\/09\/pp-1.jpg 640w\" sizes=\"auto, (max-width: 135px) 100vw, 135px\" \/><\/a><\/p>\n<div class=\"mkdf-post-text\">\n<div class=\"mkdf-post-text-inner\">\n<div class=\"mkdf-post-text-main\">\n<div class=\"mkdf-post-text\">\n<div class=\"mkdf-post-text-inner\">\n<div class=\"mkdf-post-text-main\">\n<div class=\"mkdf-post-text\">\n<div class=\"mkdf-post-text-inner\">\n<div class=\"mkdf-post-text-main\">\n<div class=\"page-title-head hgroup\">\n<div class=\"page-title-head hgroup\">\n<div class=\"mkdf-post-text\">\n<div class=\"mkdf-post-text-inner\">\n<div class=\"mkdf-post-text-main\">\n<div class=\"mkdf-post-text\">\n<div class=\"mkdf-post-text-inner\">\n<div class=\"mkdf-post-text-main\">\n<div class=\"page-title-head hgroup\">\n<div class=\"page-title-head hgroup\">\n<div class=\"page-title-head hgroup\">\n<div class=\"page-title-head hgroup\">\n<div class=\"b654a4as d2edcug0\">\n<div class=\"page-title-head hgroup\">\n<div class=\"page-title-head hgroup\">\n<div class=\"page-title-head hgroup\">\n<div class=\"page-title-head hgroup\">\n<div class=\"b654a4as d2edcug0\">\n<div class=\"page-title-head hgroup\">\n<div class=\"page-title-head hgroup\">\n<div class=\"page-title-head hgroup\">\n<div class=\"page-title-head hgroup\">\n<div class=\"b654a4as d2edcug0\">\n<div class=\"mkdf-post-text\">\n<div class=\"mkdf-post-text-inner\">\n<div class=\"mkdf-post-text-main\">\n<div class=\"mkdf-post-text\">\n<div class=\"mkdf-post-text-inner\">\n<div class=\"mkdf-post-text-main\">\n<div class=\"mkdf-post-text\">\n<div class=\"mkdf-post-text-inner\">\n<div class=\"mkdf-post-text-main\">\n<div class=\"page-title-head hgroup\">\n<div class=\"page-title-head hgroup\">\n<div class=\"mkdf-post-text\">\n<div class=\"mkdf-post-text-inner\">\n<div class=\"mkdf-post-text-main\">\n<div class=\"mkdf-post-text\">\n<div class=\"mkdf-post-text-inner\">\n<div class=\"mkdf-post-text-main\">\n<div class=\"page-title-head hgroup\">\n<div class=\"page-title-head hgroup\">\n<div class=\"page-title-head hgroup\">\n<div class=\"page-title-head hgroup\">\n<div class=\"b654a4as d2edcug0\">\n<div class=\"page-title-head hgroup\">\n<div class=\"page-title-head hgroup\">\n<div class=\"page-title-head hgroup\">\n<div class=\"page-title-head hgroup\">\n<div class=\"b654a4as d2edcug0\">\n<div class=\"page-title-head hgroup\">\n<div class=\"page-title-head hgroup\">\n<div class=\"page-title-head hgroup\">\n<div class=\"page-title-head hgroup\">\n<div class=\"b654a4as d2edcug0\">\n<div><\/div>\n<div><\/div>\n<div>\n<p><strong>MUSICA ALLA RADIO, IL PROGRAMMA DI LORIS SCUSSEL &#8220;COLLAGE OPERAZIONE NOSTALGIA&#8221; DAL LUNEDI AL VENERDI ALLE 16.00\u00a0 E ALLE 23\u00a0<\/strong><\/p>\n<\/div>\n<p>&nbsp;<\/p>\n<\/div>\n<\/div>\n<\/div>\n<\/div>\n<\/div>\n<\/div>\n<\/div>\n<\/div>\n<\/div>\n<\/div>\n<\/div>\n<\/div>\n<\/div>\n<\/div>\n<\/div>\n<\/div>\n<\/div>\n<\/div>\n<\/div>\n<\/div>\n<\/div>\n<\/div>\n<\/div>\n<\/div>\n<\/div>\n<\/div>\n<\/div>\n<\/div>\n<\/div>\n<\/div>\n<\/div>\n<\/div>\n<\/div>\n<\/div>\n<\/div>\n<\/div>\n<\/div>\n<\/div>\n<\/div>\n<\/div>\n<\/div>\n<\/div>\n<\/div>\n<\/div>\n<\/div>\n<\/div>\n<\/div>\n<\/div>\n<\/div>\n<\/div>\n<\/div>\n<\/div>\n<\/div>\n<\/div>\n<\/div>\n<\/div>\n<\/div>\n<\/div>\n<\/div>\n<\/div>\n<\/div>\n<\/div>\n<\/div>\n<\/div>\n<p><strong>\u00a0<\/strong><\/p>\n<p><a href=\"https:\/\/www.radiopiu.net\/wordpress\/giornale-radiopiu-03-gennaio-2022-direttore-mirko-mezzacasa\/barbara-ann\/\" rel=\"attachment wp-att-251797\"><img loading=\"lazy\" decoding=\"async\" class=\" wp-image-251797 alignleft\" src=\"https:\/\/www.radiopiu.net\/wordpress\/wp-content\/uploads\/2022\/01\/Barbara-Ann.jpg\" alt=\"\" width=\"137\" height=\"96\" \/><\/a>Anche nel nuovo anno Collage prosegue la sua programmazione iniziata nel dicembre 2013 con le proposte musicali pi\u00f9 o meno note, alternando generi spesso molto diversi tra loro con l\u2019obiettivo di creare un collage musicale vario, questa settimana ascolteremo tra l\u2019altro una puntata dedicata alle voci femminili italiane ed un\u2019altra ai complessi cosiddetti \u201cbeat\u201d che molti ascoltatori hanno dimostrato di gradire in modo particolare. Il programma andr\u00e0 in onda dal luned\u00ec al venerd\u00ec alle 16,00 e alle 23,00.<\/p>\n<p>&nbsp;<\/p>\n<p>&nbsp;<\/p>\n<hr \/>\n<p>&nbsp;<\/p>\n<p>&nbsp;<\/p>\n<blockquote class=\"wp-embedded-content\" data-secret=\"yq9S0vR9CL\"><p><a href=\"https:\/\/www.radiopiu.net\/wordpress\/freemix-la-liberta-musicale-mixata-da-dj-athos-e-raccontata-da-dj-jack\/\">FREEMIX, LA LIBERTA&#8217; MUSICALE MIXATA DA DJ ATHOS E RACCONTATA DA DJ JACK<\/a><\/p><\/blockquote>\n<p><iframe loading=\"lazy\" class=\"wp-embedded-content\" sandbox=\"allow-scripts\" security=\"restricted\" style=\"position: absolute; clip: rect(1px, 1px, 1px, 1px);\" title=\"&#8220;FREEMIX, LA LIBERTA&#8217; MUSICALE MIXATA DA DJ ATHOS E RACCONTATA DA DJ JACK&#8221; &#8212; Radio Pi\u00f9\" src=\"https:\/\/www.radiopiu.net\/wordpress\/freemix-la-liberta-musicale-mixata-da-dj-athos-e-raccontata-da-dj-jack\/embed\/#?secret=yq9S0vR9CL\" data-secret=\"yq9S0vR9CL\" width=\"600\" height=\"338\" frameborder=\"0\" marginwidth=\"0\" marginheight=\"0\" scrolling=\"no\"><\/iframe><\/p>\n<p>&nbsp;<\/p>\n<blockquote class=\"wp-embedded-content\" data-secret=\"6l6FcXbdFL\"><p><a href=\"https:\/\/www.radiopiu.net\/wordpress\/da-ieri-alla-radio-in-palinsesto-loris-e-maurizio-con-la-grande-musica\/\">IL BLUES ALLA RADIO &#8230; COME NON L&#8217;AVETE MAI SENTITO PRIMA<\/a><\/p><\/blockquote>\n<p><iframe loading=\"lazy\" class=\"wp-embedded-content\" sandbox=\"allow-scripts\" security=\"restricted\" style=\"position: absolute; clip: rect(1px, 1px, 1px, 1px);\" title=\"&#8220;IL BLUES ALLA RADIO &#8230; COME NON L&#8217;AVETE MAI SENTITO PRIMA&#8221; &#8212; Radio Pi\u00f9\" src=\"https:\/\/www.radiopiu.net\/wordpress\/da-ieri-alla-radio-in-palinsesto-loris-e-maurizio-con-la-grande-musica\/embed\/#?secret=6l6FcXbdFL\" data-secret=\"6l6FcXbdFL\" width=\"600\" height=\"338\" frameborder=\"0\" marginwidth=\"0\" marginheight=\"0\" scrolling=\"no\"><\/iframe><\/p>\n<p>&nbsp;<\/p>\n<hr \/>\n<p>&nbsp;<\/p>\n<blockquote>\n<h3><span style=\"color: #0000ff;\">INFORMAZIONE il canale su TELEGRAM informazione di prima mano e in tempo reale. iscriviti ed aiutaci a farlo conoscere\u00a0\u00a0<\/span><\/h3>\n<\/blockquote>\n<div>\n<div class=\"page-title-head hgroup\">\n<div class=\"page-title-head hgroup\">\n<div class=\"page-title-head hgroup\">\n<div class=\"page-title-head hgroup\">\n<div class=\"b654a4as d2edcug0\">\n<div class=\"page-title-head hgroup\">\n<div class=\"page-title-head hgroup\">\n<div class=\"page-title-head hgroup\">\n<div class=\"page-title-head hgroup\">\n<div class=\"b654a4as d2edcug0\">\n<div class=\"page-title-head hgroup\">\n<div class=\"page-title-head hgroup\">\n<div class=\"page-title-head hgroup\">\n<div class=\"page-title-head hgroup\">\n<div class=\"page-title-head hgroup\">\n<div class=\"page-title-head hgroup\">\n<div class=\"page-title-head hgroup\">\n<div class=\"page-title-head hgroup\">\n<div class=\"page-title-head hgroup\">\n<div class=\"b654a4as d2edcug0\">\n<div class=\"page-title-head hgroup\">\n<div class=\"page-title-head hgroup\">\n<div class=\"page-title-head hgroup\">\n<div class=\"page-title-head hgroup\">\n<div class=\"b654a4as d2edcug0\">\n<div>\n<p>&nbsp;<\/p>\n<\/div>\n<div>\n<div class=\"page-title-head hgroup\">\n<div class=\"page-title-head hgroup\">\n<div class=\"page-title-head hgroup\">\n<div class=\"page-title-head hgroup\">\n<div class=\"page-title-head hgroup\">\n<div class=\"b654a4as d2edcug0\">\n<div>\n<hr \/>\n<\/div>\n<\/div>\n<div>\n<div>\n<p>&nbsp;<\/p>\n<\/div>\n<div>\n<div>\n<p>&nbsp;<\/p>\n<\/div>\n<div>\n<div>\n<p><strong>DUE MINUTI UN LIBRO, TUTTI I GIORNI ALLA RADIO ALLE 9.40 E ALLE 17.50<\/strong><\/p>\n<div>\n<div>\n<p><strong>LA RACCOLTA COMPLETA\u00a0\u00a0<\/strong><\/p>\n<\/div>\n<div>\n<blockquote class=\"wp-embedded-content\" data-secret=\"yCATkzKniy\"><p><a href=\"https:\/\/www.radiopiu.net\/wordpress\/due-minuti-un-libro\/\">Due minuti un libro<\/a><\/p><\/blockquote>\n<p><iframe loading=\"lazy\" class=\"wp-embedded-content\" sandbox=\"allow-scripts\" security=\"restricted\" style=\"position: absolute; clip: rect(1px, 1px, 1px, 1px);\" title=\"&#8220;Due minuti un libro&#8221; &#8212; Radio Pi\u00f9\" src=\"https:\/\/www.radiopiu.net\/wordpress\/due-minuti-un-libro\/embed\/#?secret=yCATkzKniy\" data-secret=\"yCATkzKniy\" width=\"600\" height=\"338\" frameborder=\"0\" marginwidth=\"0\" marginheight=\"0\" scrolling=\"no\"><\/iframe><\/p>\n<\/div>\n<\/div>\n<\/div>\n<div class=\"mkdf-post-text\">\n<div class=\"mkdf-post-text-inner\">\n<div class=\"mkdf-post-text-main\">\n<div class=\"mkdf-post-text\">\n<div class=\"mkdf-post-text-inner\">\n<div class=\"mkdf-post-text-main\">\n<div class=\"mkdf-post-text\">\n<div class=\"mkdf-post-text-inner\">\n<div class=\"mkdf-post-text-main\">\n<div class=\"page-title-head hgroup\">\n<div class=\"page-title-head hgroup\">\n<div class=\"mkdf-post-text\">\n<div class=\"mkdf-post-text-inner\">\n<div class=\"mkdf-post-text-main\">\n<div class=\"mkdf-post-text\">\n<div class=\"mkdf-post-text-inner\">\n<div class=\"mkdf-post-text-main\">\n<div class=\"page-title-head hgroup\">\n<div class=\"page-title-head hgroup\">\n<div class=\"page-title-head hgroup\">\n<div class=\"page-title-head hgroup\">\n<div class=\"b654a4as d2edcug0\">\n<div class=\"page-title-head hgroup\">\n<div class=\"page-title-head hgroup\">\n<div class=\"page-title-head hgroup\">\n<div class=\"page-title-head hgroup\">\n<div class=\"b654a4as d2edcug0\">\n<div class=\"page-title-head hgroup\">\n<div class=\"page-title-head hgroup\">\n<div class=\"page-title-head hgroup\">\n<div class=\"page-title-head hgroup\">\n<div class=\"b654a4as d2edcug0\">\n<div>\n<p>&nbsp;<\/p>\n<\/div>\n<div>\n<hr \/>\n<p>&nbsp;<\/p>\n<\/div>\n<h2><span style=\"color: #808000;\">L&#8217;ALMANACCO LADINO\u00a0\u00a0<\/span><\/h2>\n<p><strong>LA RACCOLTA<\/strong><\/p>\n<blockquote class=\"wp-embedded-content\" data-secret=\"H19JfF3vPR\"><p><a href=\"https:\/\/www.radiopiu.net\/wordpress\/almanacco-ladino\/\">Almanacco Ladino<\/a><\/p><\/blockquote>\n<p><iframe loading=\"lazy\" class=\"wp-embedded-content\" sandbox=\"allow-scripts\" security=\"restricted\" style=\"position: absolute; clip: rect(1px, 1px, 1px, 1px);\" title=\"&#8220;Almanacco Ladino&#8221; &#8212; Radio Pi\u00f9\" src=\"https:\/\/www.radiopiu.net\/wordpress\/almanacco-ladino\/embed\/#?secret=H19JfF3vPR\" data-secret=\"H19JfF3vPR\" width=\"600\" height=\"338\" frameborder=\"0\" marginwidth=\"0\" marginheight=\"0\" scrolling=\"no\"><\/iframe><\/p>\n<p>&nbsp;<\/p>\n<hr \/>\n<p>&nbsp;<\/p>\n<h2><span style=\"color: #33cccc;\">LA RASSEGNA STAMPA DA L&#8217;AMICO DEL POPOLO<\/span><\/h2>\n<p><strong>LA RACCOLTA COMPLETA<\/strong><\/p>\n<blockquote class=\"wp-embedded-content\" data-secret=\"VLJ6AElKwj\"><p><a href=\"https:\/\/www.radiopiu.net\/wordpress\/rassegna-stampa-di-gianni-santomaso\/\">Rassegna stampa da l&#8217;amico del popolo &#8211; di Gianni Santomaso<\/a><\/p><\/blockquote>\n<p><iframe loading=\"lazy\" class=\"wp-embedded-content\" sandbox=\"allow-scripts\" security=\"restricted\" style=\"position: absolute; clip: rect(1px, 1px, 1px, 1px);\" title=\"&#8220;Rassegna stampa da l&#8217;amico del popolo &#8211; di Gianni Santomaso&#8221; &#8212; Radio Pi\u00f9\" src=\"https:\/\/www.radiopiu.net\/wordpress\/rassegna-stampa-di-gianni-santomaso\/embed\/#?secret=VLJ6AElKwj\" data-secret=\"VLJ6AElKwj\" width=\"600\" height=\"338\" frameborder=\"0\" marginwidth=\"0\" marginheight=\"0\" scrolling=\"no\"><\/iframe><\/p>\n<p>&nbsp;<\/p>\n<hr \/>\n<p>&nbsp;<\/p>\n<h2><span style=\"color: #800080;\">I RACCONTI DI PAOLO SOPPELSA\u00a0<\/span><\/h2>\n<p><strong>LA RACCOLTA COMPLETA<\/strong><\/p>\n<blockquote class=\"wp-embedded-content\" data-secret=\"kYjiZNGgyb\"><p><a href=\"https:\/\/www.radiopiu.net\/wordpress\/i-racconti-di-paolo-soppelsa\/\">I racconti di Paolo Soppelsa<\/a><\/p><\/blockquote>\n<p><iframe loading=\"lazy\" class=\"wp-embedded-content\" sandbox=\"allow-scripts\" security=\"restricted\" style=\"position: absolute; clip: rect(1px, 1px, 1px, 1px);\" title=\"&#8220;I racconti di Paolo Soppelsa&#8221; &#8212; Radio Pi\u00f9\" src=\"https:\/\/www.radiopiu.net\/wordpress\/i-racconti-di-paolo-soppelsa\/embed\/#?secret=kYjiZNGgyb\" data-secret=\"kYjiZNGgyb\" width=\"600\" height=\"338\" frameborder=\"0\" marginwidth=\"0\" marginheight=\"0\" scrolling=\"no\"><\/iframe><\/p>\n<p>&nbsp;<\/p>\n<hr \/>\n<\/div>\n<div class=\"b654a4as d2edcug0\">\n<p>&nbsp;<\/p>\n<p><a href=\"https:\/\/www.radiopiu.net\/wordpress\/giornale-radiopiu-26-settembre-2018-direttore-mirko-mezzacasa\/viabilita-2\/\" rel=\"attachment wp-att-61954\"><img loading=\"lazy\" decoding=\"async\" class=\"aligncenter wp-image-61954 size-full\" src=\"https:\/\/www.radiopiu.net\/wordpress\/wp-content\/uploads\/2018\/09\/viabilita.jpeg\" sizes=\"auto, (max-width: 800px) 100vw, 800px\" srcset=\"https:\/\/www.radiopiu.net\/wordpress\/wp-content\/uploads\/2018\/09\/viabilita.jpeg 800w, https:\/\/www.radiopiu.net\/wordpress\/wp-content\/uploads\/2018\/09\/viabilita-300x38.jpeg 300w, https:\/\/www.radiopiu.net\/wordpress\/wp-content\/uploads\/2018\/09\/viabilita-768x96.jpeg 768w\" alt=\"\" width=\"800\" height=\"100\" \/><\/a><\/p>\n<div class=\"ecm0bbzt e5nlhep0 a8c37x1j\">\n<div class=\"kvgmc6g5 cxmmr5t8 oygrvhab hcukyx3x c1et5uql\">\n<div class=\"gmail-kvgmc6g5 gmail-cxmmr5t8 gmail-oygrvhab gmail-hcukyx3x gmail-c1et5uql gmail-ii04i59q\">\n<div class=\"page-title-head hgroup\">\n<div class=\"page-title-head hgroup\">\n<div class=\"b654a4as d2edcug0\">\n<div class=\"j83agx80 btwxx1t3 lhclo0ds hop8lmos nkwizq5d scwd0bx6 roh60bw9\">\n<div class=\"rq0escxv hkbzh7o3 jwdofwj8 n8tt0mok r8blr3vg hyh9befq\">\n<div class=\"do00u71z l9j0dhe7 k4urcfbm\">\n<div class=\"page-title-head hgroup\">\n<div class=\"page-title-head hgroup\">\n<div class=\"page-title-head hgroup\">\n<div class=\"page-title-head hgroup\">\n<div class=\"b654a4as d2edcug0\">\n<div class=\"page-title-head hgroup\">\n<div class=\"page-title-head hgroup\">\n<div class=\"page-title-head hgroup\">\n<div class=\"page-title-head hgroup\">\n<div class=\"b654a4as d2edcug0\">\n<div class=\"page-title-head hgroup\">\n<div class=\"page-title-head hgroup\">\n<div class=\"page-title-head hgroup\">\n<div class=\"page-title-head hgroup\">\n<div class=\"page-title-head hgroup\">\n<div class=\"page-title-head hgroup\">\n<div class=\"page-title-head hgroup\">\n<div class=\"page-title-head hgroup\">\n<div class=\"page-title-head hgroup\">\n<div class=\"b654a4as d2edcug0\">\n<div class=\"page-title-head hgroup\">\n<div class=\"page-title-head hgroup\">\n<div class=\"page-title-head hgroup\">\n<div class=\"page-title-head hgroup\">\n<div class=\"b654a4as d2edcug0\">\n<div class=\"page-title-head hgroup\">\n<div class=\"page-title-head hgroup\">\n<div class=\"page-title-head hgroup\">\n<div class=\"page-title-head hgroup\">\n<div class=\"page-title-head hgroup\">\n<div class=\"mkdf-post-text\">\n<div class=\"mkdf-post-text-inner\">\n<div class=\"mkdf-post-text-main\">\n<div class=\"mkdf-post-text\">\n<div class=\"mkdf-post-text-inner\">\n<div class=\"mkdf-post-text-main\">\n<div class=\"mkdf-post-text\">\n<div class=\"mkdf-post-text-inner\">\n<div class=\"mkdf-post-text-main\">\n<div class=\"page-title-head hgroup\">\n<div class=\"page-title-head hgroup\">\n<div class=\"mkdf-post-text\">\n<div class=\"mkdf-post-text-inner\">\n<div class=\"mkdf-post-text-main\">\n<div class=\"mkdf-post-text\">\n<div class=\"mkdf-post-text-inner\">\n<div class=\"mkdf-post-text-main\">\n<div class=\"page-title-head hgroup\">\n<div class=\"page-title-head hgroup\">\n<div class=\"page-title-head hgroup\">\n<div class=\"page-title-head hgroup\">\n<div class=\"b654a4as d2edcug0\">\n<div class=\"page-title-head hgroup\">\n<div class=\"page-title-head hgroup\">\n<div class=\"page-title-head hgroup\">\n<div class=\"page-title-head hgroup\">\n<div class=\"b654a4as d2edcug0\">\n<div class=\"page-title-head hgroup\">\n<div class=\"page-title-head hgroup\">\n<div class=\"page-title-head hgroup\">\n<div class=\"page-title-head hgroup\">\n<div class=\"b654a4as d2edcug0\">\n<div class=\"chat-input\">\n<div class=\"chat-input-container\">\n<div class=\"rows-wrapper chat-input-wrapper\">\n<div class=\"reply-wrapper\">\n<div class=\"btn-menu\">\n<div class=\"btn-menu-item tgico-replace rp\">\n<div class=\"c-ripple\">\n<div class=\"bubbles scrolled-down\">\n<div class=\"scrollable scrollable-y\">\n<div class=\"bubbles-inner has-rights is-chat is-channel\">\n<div class=\"bubbles-date-group\">\n<div class=\"bubble hide-name is-out can-have-tail is-group-first is-group-last is-read\" data-mid=\"5377294335\" data-peer-id=\"-1478820725\" data-timestamp=\"1638437407\">\n<div class=\"bubble-content-wrapper\">\n<div class=\"bubble-content\">\n<p class=\"message\" dir=\"auto\"><strong>\u00a0<\/strong><\/p>\n<\/div>\n<\/div>\n<\/div>\n<\/div>\n<\/div>\n<\/div>\n<\/div>\n<\/div>\n<\/div>\n<\/div>\n<\/div>\n<\/div>\n<\/div>\n<\/div>\n<\/div>\n<\/div>\n<\/div>\n<\/div>\n<\/div>\n<\/div>\n<\/div>\n<\/div>\n<\/div>\n<\/div>\n<\/div>\n<\/div>\n<\/div>\n<\/div>\n<\/div>\n<\/div>\n<\/div>\n<\/div>\n<\/div>\n<\/div>\n<\/div>\n<\/div>\n<\/div>\n<\/div>\n<\/div>\n<\/div>\n<\/div>\n<\/div>\n<\/div>\n<\/div>\n<\/div>\n<\/div>\n<\/div>\n<\/div>\n<\/div>\n<\/div>\n<\/div>\n<\/div>\n<\/div>\n<\/div>\n<\/div>\n<\/div>\n<\/div>\n<\/div>\n<\/div>\n<\/div>\n<\/div>\n<\/div>\n<\/div>\n<\/div>\n<\/div>\n<\/div>\n<\/div>\n<\/div>\n<\/div>\n<\/div>\n<\/div>\n<\/div>\n<\/div>\n<\/div>\n<\/div>\n<\/div>\n<\/div>\n<\/div>\n<\/div>\n<\/div>\n<\/div>\n<\/div>\n<\/div>\n<\/div>\n<\/div>\n<\/div>\n<\/div>\n<\/div>\n<\/div>\n<\/div>\n<\/div>\n<\/div>\n<\/div>\n<\/div>\n<\/div>\n<\/div>\n<\/div>\n<\/div>\n<\/div>\n<\/div>\n<\/div>\n<\/div>\n<\/div>\n<\/div>\n<\/div>\n<\/div>\n<\/div>\n<\/div>\n<\/div>\n<\/div>\n<\/div>\n<\/div>\n<\/div>\n<\/div>\n<\/div>\n<\/div>\n<\/div>\n<\/div>\n<\/div>\n<\/div>\n<\/div>\n<\/div>\n<\/div>\n<\/div>\n<\/div>\n<\/div>\n<\/div>\n<\/div>\n<\/div>\n<\/div>\n<\/div>\n<\/div>\n<\/div>\n<\/div>\n<\/div>\n<\/div>\n<\/div>\n<\/div>\n<\/div>\n<\/div>\n<\/div>\n<\/div>\n<\/div>\n<\/div>\n<\/div>\n<\/div>\n<\/div>\n<\/div>\n<\/div>\n<\/div>\n<\/div>\n<\/div>\n<\/div>\n<\/div>\n<\/div>\n<\/div>\n<\/div>\n<\/div>\n<\/div>\n<\/div>\n<\/div>\n<\/div>\n<\/div>\n<\/div>\n<\/div>\n<\/div>\n<\/div>\n<\/div>\n<div>\n<div class=\"page-title-head hgroup\">\n<div class=\"page-title-head hgroup\">\n<div class=\"b654a4as d2edcug0\">\n<div class=\"j83agx80 btwxx1t3 lhclo0ds hop8lmos nkwizq5d scwd0bx6 roh60bw9\">\n<div class=\"rq0escxv hkbzh7o3 jwdofwj8 n8tt0mok r8blr3vg hyh9befq\">\n<div class=\"do00u71z l9j0dhe7 k4urcfbm\">\n<div class=\"ecm0bbzt e5nlhep0 a8c37x1j\">\n<div class=\"kvgmc6g5 cxmmr5t8 oygrvhab hcukyx3x c1et5uql\">\n<div class=\"gmail-kvgmc6g5 gmail-cxmmr5t8 gmail-oygrvhab gmail-hcukyx3x gmail-c1et5uql gmail-ii04i59q\">\n<div class=\"page-title-head hgroup\">\n<div class=\"page-title-head hgroup\">\n<div class=\"b654a4as d2edcug0\">\n<div class=\"j83agx80 btwxx1t3 lhclo0ds hop8lmos nkwizq5d scwd0bx6 roh60bw9\">\n<div class=\"rq0escxv hkbzh7o3 jwdofwj8 n8tt0mok r8blr3vg hyh9befq\">\n<div class=\"do00u71z l9j0dhe7 k4urcfbm\">\n<div class=\"page-title-head hgroup\">\n<div class=\"page-title-head hgroup\">\n<div class=\"page-title-head hgroup\">\n<div class=\"page-title-head hgroup\">\n<div class=\"b654a4as d2edcug0\">\n<div class=\"page-title-head hgroup\">\n<div class=\"page-title-head hgroup\">\n<div class=\"page-title-head hgroup\">\n<div class=\"page-title-head hgroup\">\n<div class=\"b654a4as d2edcug0\">\n<div class=\"page-title-head hgroup\">\n<div class=\"page-title-head hgroup\">\n<div class=\"page-title-head hgroup\">\n<div class=\"page-title-head hgroup\">\n<div class=\"page-title-head hgroup\">\n<div class=\"page-title-head hgroup\">\n<div class=\"page-title-head hgroup\">\n<div class=\"page-title-head hgroup\">\n<div class=\"page-title-head hgroup\">\n<div class=\"b654a4as d2edcug0\">\n<div class=\"page-title-head hgroup\">\n<div class=\"page-title-head hgroup\">\n<div class=\"page-title-head hgroup\">\n<div class=\"page-title-head hgroup\">\n<div class=\"b654a4as d2edcug0\">\n<div class=\"page-title-head hgroup\">\n<div class=\"page-title-head hgroup\">\n<div class=\"page-title-head hgroup\">\n<div class=\"page-title-head hgroup\">\n<div class=\"page-title-head hgroup\">\n<div class=\"mkdf-post-text\">\n<div class=\"mkdf-post-text-inner\">\n<div class=\"mkdf-post-text-main\">\n<div class=\"mkdf-post-text\">\n<div class=\"mkdf-post-text-inner\">\n<div class=\"mkdf-post-text-main\">\n<div class=\"mkdf-post-text\">\n<div class=\"mkdf-post-text-inner\">\n<div class=\"mkdf-post-text-main\">\n<div class=\"page-title-head hgroup\">\n<div class=\"page-title-head hgroup\">\n<div class=\"mkdf-post-text\">\n<div class=\"mkdf-post-text-inner\">\n<div class=\"mkdf-post-text-main\">\n<div class=\"mkdf-post-text\">\n<div class=\"mkdf-post-text-inner\">\n<div class=\"mkdf-post-text-main\">\n<div class=\"page-title-head hgroup\">\n<div class=\"page-title-head hgroup\">\n<div class=\"page-title-head hgroup\">\n<div class=\"page-title-head hgroup\">\n<div class=\"b654a4as d2edcug0\">\n<div class=\"page-title-head hgroup\">\n<div class=\"page-title-head hgroup\">\n<div class=\"page-title-head hgroup\">\n<div class=\"page-title-head hgroup\">\n<div class=\"b654a4as d2edcug0\">\n<div class=\"page-title-head hgroup\">\n<div class=\"page-title-head hgroup\">\n<div class=\"page-title-head hgroup\">\n<div class=\"page-title-head hgroup\">\n<div class=\"b654a4as d2edcug0\">\n<div class=\"ecm0bbzt e5nlhep0 a8c37x1j\">\n<div class=\"kvgmc6g5 cxmmr5t8 oygrvhab hcukyx3x c1et5uql\">\n<div class=\"gmail-kvgmc6g5 gmail-cxmmr5t8 gmail-oygrvhab gmail-hcukyx3x gmail-c1et5uql gmail-ii04i59q\">\n<div class=\"page-title-head hgroup\">\n<div class=\"page-title-head hgroup\">\n<div class=\"b654a4as d2edcug0\">\n<div class=\"j83agx80 btwxx1t3 lhclo0ds hop8lmos nkwizq5d scwd0bx6 roh60bw9\">\n<div class=\"rq0escxv hkbzh7o3 jwdofwj8 n8tt0mok r8blr3vg hyh9befq\">\n<div class=\"do00u71z l9j0dhe7 k4urcfbm\">\n<div class=\"page-title-head hgroup\">\n<div class=\"page-title-head hgroup\">\n<div class=\"page-title-head hgroup\">\n<div class=\"page-title-head hgroup\">\n<div class=\"b654a4as d2edcug0\">\n<div class=\"page-title-head hgroup\">\n<div class=\"page-title-head hgroup\">\n<div class=\"page-title-head hgroup\">\n<div class=\"page-title-head hgroup\">\n<div class=\"b654a4as d2edcug0\">\n<div class=\"page-title-head hgroup\">\n<div class=\"page-title-head hgroup\">\n<div class=\"page-title-head hgroup\">\n<div class=\"page-title-head hgroup\">\n<div class=\"page-title-head hgroup\">\n<div class=\"page-title-head hgroup\">\n<div class=\"page-title-head hgroup\">\n<div class=\"page-title-head hgroup\">\n<div class=\"page-title-head hgroup\">\n<div class=\"b654a4as d2edcug0\">\n<div class=\"page-title-head hgroup\">\n<div class=\"page-title-head hgroup\">\n<div class=\"page-title-head hgroup\">\n<div class=\"page-title-head hgroup\">\n<div class=\"b654a4as d2edcug0\">\n<div class=\"page-title-head hgroup\">\n<div class=\"page-title-head hgroup\">\n<div class=\"page-title-head hgroup\">\n<div class=\"page-title-head hgroup\">\n<div class=\"page-title-head hgroup\">\n<div class=\"mkdf-post-text\">\n<div class=\"mkdf-post-text-inner\">\n<div class=\"mkdf-post-text-main\">\n<div class=\"mkdf-post-text\">\n<div class=\"mkdf-post-text-inner\">\n<div class=\"mkdf-post-text-main\">\n<div class=\"mkdf-post-text\">\n<div class=\"mkdf-post-text-inner\">\n<div class=\"mkdf-post-text-main\">\n<div class=\"page-title-head hgroup\">\n<div class=\"page-title-head hgroup\">\n<div class=\"mkdf-post-text\">\n<div class=\"mkdf-post-text-inner\">\n<div class=\"mkdf-post-text-main\">\n<div class=\"mkdf-post-text\">\n<div class=\"mkdf-post-text-inner\">\n<div class=\"mkdf-post-text-main\">\n<div class=\"page-title-head hgroup\">\n<div class=\"page-title-head hgroup\">\n<div class=\"page-title-head hgroup\">\n<div class=\"page-title-head hgroup\">\n<div class=\"b654a4as d2edcug0\">\n<div class=\"page-title-head hgroup\">\n<div class=\"page-title-head hgroup\">\n<div class=\"page-title-head hgroup\">\n<div class=\"page-title-head hgroup\">\n<div class=\"b654a4as d2edcug0\">\n<div class=\"page-title-head hgroup\">\n<div class=\"page-title-head hgroup\">\n<div class=\"page-title-head hgroup\">\n<div class=\"page-title-head hgroup\">\n<div class=\"b654a4as d2edcug0\">\n<blockquote class=\"wp-embedded-content\" data-secret=\"yl8YuLhox4\"><p><a href=\"https:\/\/www.radiopiu.net\/wordpress\/viabilita\/\">viabilita<\/a><\/p><\/blockquote>\n<p><iframe loading=\"lazy\" class=\"wp-embedded-content\" sandbox=\"allow-scripts\" security=\"restricted\" style=\"position: absolute; clip: rect(1px, 1px, 1px, 1px);\" title=\"&#8220;viabilita&#8221; &#8212; Radio Pi\u00f9\" src=\"https:\/\/www.radiopiu.net\/wordpress\/viabilita\/embed\/#?secret=yl8YuLhox4\" data-secret=\"yl8YuLhox4\" width=\"600\" height=\"338\" frameborder=\"0\" marginwidth=\"0\" marginheight=\"0\" scrolling=\"no\"><\/iframe><\/p>\n<p>&nbsp;<\/p>\n<hr \/>\n<p>&nbsp;<\/p>\n<\/div>\n<div class=\"b654a4as d2edcug0\">\n<div class=\"ecm0bbzt e5nlhep0 a8c37x1j\">\n<div class=\"kvgmc6g5 cxmmr5t8 oygrvhab hcukyx3x c1et5uql\">\n<div class=\"gmail-kvgmc6g5 gmail-cxmmr5t8 gmail-oygrvhab gmail-hcukyx3x gmail-c1et5uql gmail-ii04i59q\">\n<div>\n<div class=\"page-title-head hgroup\">\n<div class=\"page-title-head hgroup\">\n<div class=\"b654a4as d2edcug0\">\n<div class=\"j83agx80 btwxx1t3 lhclo0ds hop8lmos nkwizq5d scwd0bx6 roh60bw9\">\n<div class=\"rq0escxv hkbzh7o3 jwdofwj8 n8tt0mok r8blr3vg hyh9befq\">\n<div class=\"do00u71z l9j0dhe7 k4urcfbm\">\n<div>\n<div class=\"page-title-head hgroup\">\n<div class=\"page-title-head hgroup\">\n<div class=\"page-title-head hgroup\">\n<div class=\"page-title-head hgroup\">\n<div class=\"b654a4as d2edcug0\">\n<div class=\"page-title-head hgroup\">\n<div class=\"page-title-head hgroup\">\n<div class=\"page-title-head hgroup\">\n<div class=\"page-title-head hgroup\">\n<div class=\"b654a4as d2edcug0\">\n<div class=\"page-title-head hgroup\">\n<div class=\"page-title-head hgroup\">\n<div class=\"page-title-head hgroup\">\n<div class=\"page-title-head hgroup\">\n<div class=\"page-title-head hgroup\">\n<div class=\"mkdf-post-text\">\n<div class=\"mkdf-post-text-inner\">\n<div class=\"mkdf-post-text-main\">\n<div class=\"mkdf-post-text\">\n<div class=\"mkdf-post-text-inner\">\n<div class=\"mkdf-post-text-main\">\n<div class=\"mkdf-post-text\">\n<div class=\"mkdf-post-text-inner\">\n<div class=\"mkdf-post-text-main\">\n<div class=\"page-title-head hgroup\">\n<div class=\"page-title-head hgroup\">\n<div class=\"mkdf-post-text\">\n<div class=\"mkdf-post-text-inner\">\n<div class=\"mkdf-post-text-main\">\n<div class=\"mkdf-post-text\">\n<div class=\"mkdf-post-text-inner\">\n<div class=\"mkdf-post-text-main\">\n<div>\n<div class=\"page-title-head hgroup\">\n<div class=\"page-title-head hgroup\">\n<div>\n<div class=\"page-title-head hgroup\">\n<div class=\"page-title-head hgroup\">\n<div class=\"b654a4as d2edcug0\">\n<div>\n<div class=\"page-title-head hgroup\" style=\"text-align: left;\">\n<div class=\"page-title-head hgroup\">\n<div dir=\"auto\">\n<p><a class=\"dt-pswp-item pspw-wrap-ready\" href=\"https:\/\/i0.wp.com\/www.radiopiu.net\/wordpress\/wp-content\/uploads\/2018\/09\/WhatsApp-Image-2018-09-20-at-16.04.06.jpeg?ssl=1\" data-dt-img-description=\"\" data-large_image_width=\"800\" data-large_image_height=\"100\"><img loading=\"lazy\" decoding=\"async\" class=\"aligncenter wp-image-61378 size-full jetpack-lazy-image jetpack-lazy-image--handled\" src=\"https:\/\/i0.wp.com\/www.radiopiu.net\/wordpress\/wp-content\/uploads\/2018\/09\/WhatsApp-Image-2018-09-20-at-16.04.06.jpeg?resize=800%2C100&amp;ssl=1\" sizes=\"auto, (max-width: 800px) 100vw, 800px\" srcset=\"https:\/\/i0.wp.com\/www.radiopiu.net\/wordpress\/wp-content\/uploads\/2018\/09\/WhatsApp-Image-2018-09-20-at-16.04.06.jpeg?w=800&amp;ssl=1 800w, https:\/\/i0.wp.com\/www.radiopiu.net\/wordpress\/wp-content\/uploads\/2018\/09\/WhatsApp-Image-2018-09-20-at-16.04.06.jpeg?resize=300%2C38&amp;ssl=1 300w, https:\/\/i0.wp.com\/www.radiopiu.net\/wordpress\/wp-content\/uploads\/2018\/09\/WhatsApp-Image-2018-09-20-at-16.04.06.jpeg?resize=768%2C96&amp;ssl=1 768w\" alt=\"\" width=\"800\" height=\"100\" data-lazy-loaded=\"1\" \/><\/a><\/p>\n<\/div>\n<\/div>\n<\/div>\n<\/div>\n<\/div>\n<\/div>\n<\/div>\n<\/div>\n<\/div>\n<\/div>\n<\/div>\n<\/div>\n<\/div>\n<\/div>\n<\/div>\n<\/div>\n<\/div>\n<\/div>\n<\/div>\n<\/div>\n<\/div>\n<\/div>\n<\/div>\n<\/div>\n<\/div>\n<\/div>\n<\/div>\n<\/div>\n<\/div>\n<\/div>\n<\/div>\n<\/div>\n<\/div>\n<\/div>\n<\/div>\n<\/div>\n<\/div>\n<\/div>\n<\/div>\n<\/div>\n<\/div>\n<\/div>\n<\/div>\n<\/div>\n<p>&nbsp;<\/p>\n<\/div>\n<\/div>\n<\/div>\n<\/div>\n<\/div>\n<\/div>\n<\/div>\n<\/div>\n<\/div>\n<\/div>\n<\/div>\n<\/div>\n<\/div>\n<\/div>\n<\/div>\n<\/div>\n<\/div>\n<\/div>\n<\/div>\n<\/div>\n<\/div>\n<\/div>\n<\/div>\n<\/div>\n<\/div>\n<\/div>\n<\/div>\n<\/div>\n<\/div>\n<\/div>\n<\/div>\n<\/div>\n<\/div>\n<\/div>\n<\/div>\n<\/div>\n<\/div>\n<\/div>\n<\/div>\n<\/div>\n<\/div>\n<\/div>\n<\/div>\n<\/div>\n<\/div>\n<\/div>\n<\/div>\n<\/div>\n<\/div>\n<\/div>\n<\/div>\n<\/div>\n<\/div>\n<\/div>\n<\/div>\n<\/div>\n<\/div>\n<\/div>\n<\/div>\n<\/div>\n<\/div>\n<\/div>\n<\/div>\n<\/div>\n<\/div>\n<\/div>\n<\/div>\n<\/div>\n<\/div>\n<\/div>\n<\/div>\n<\/div>\n<\/div>\n<\/div>\n<\/div>\n<\/div>\n<\/div>\n<\/div>\n<\/div>\n<\/div>\n<\/div>\n<\/div>\n<\/div>\n<\/div>\n<\/div>\n<\/div>\n<\/div>\n<\/div>\n<\/div>\n<\/div>\n<\/div>\n<\/div>\n<\/div>\n<\/div>\n<\/div>\n<\/div>\n<\/div>\n<\/div>\n<\/div>\n<\/div>\n<\/div>\n<\/div>\n<\/div>\n<\/div>\n<\/div>\n<\/div>\n<\/div>\n<\/div>\n<\/div>\n<\/div>\n<\/div>\n<\/div>\n<\/div>\n<\/div>\n<\/div>\n<\/div>\n<\/div>\n<\/div>\n<\/div>\n<\/div>\n<\/div>\n<\/div>\n<\/div>\n<\/div>\n<\/div>\n<\/div>\n<\/div>\n<\/div>\n<\/div>\n<\/div>\n<\/div>\n<\/div>\n<\/div>\n<\/div>\n<\/div>\n<\/div>\n<\/div>\n<\/div>\n<\/div>\n<\/div>\n<\/div>\n<\/div>\n<\/div>\n<\/div>\n<\/div>\n<\/div>\n<\/div>\n<\/div>\n<\/div>\n<\/div>\n<\/div>\n<\/div>\n<\/div>\n<\/div>\n<\/div>\n<\/div>\n<\/div>\n<\/div>\n<\/div>\n<div>\n<p style=\"text-align: center;\"><strong>Luned\u00ec 3<\/strong><\/p>\n<p>Tempo stabile, ma con cielo che si presenter\u00e0 velato per la presenza di nubi medio-alte anche estese in grado a tratti di mascherare il sole. Nella notte e al mattino possibile formazione di nebbia in qualche fondovalle Prealpino. Contesto termico meno mite rispetto a domenica ma ancora con temperature superiori alla media.<br \/>\n<strong>Precipitazioni.<\/strong>\u00a0Assenti (0%).<br \/>\n<strong>Temperature.<\/strong>\u00a0In generale calo, eccetto le minime nelle valli, con minime raggiunte in serata in quota. Ancora marcata inversione termica notturna nelle valli, seppure in attenuazione. Su Prealpi a 1500 m min 4\u00b0C max 8\u00b0C, a 2000 m min 3\u00b0C max 7\u00b0C. Su Dolomiti a 2000 m min 2\u00b0C max 5\u00b0C, a 3000 m min -5\u00b0C max 0\u00b0C.<br \/>\n<strong>Venti.<\/strong>\u00a0Nelle valli deboli di direzione variabile; in quota moderati\/tesi da ovest nord-ovest, a 10-25 km\/h a 2000 m e 30-45 km\/h a 3000 m.<\/p>\n<p style=\"text-align: center;\"><strong>Marted\u00ec 4<\/strong><\/p>\n<p>Al mattino cielo parzialmente nuvoloso sia per nubi alte su Dolomiti che per nubi basse su Prealpi, specie occidentali. Dal pomeriggio generale aumento della nuvolosit\u00e0 ovunque fino a molto nuvoloso in serata, quando potranno verificarsi i primi sporadici fenomeni.<br \/>\n<strong>Precipitazioni.<\/strong>\u00a0Assenti fino a sera (0%); nella notte possibili deboli o debolissime precipitazioni a partire dalle Prealpi occidentali (20\/40%), dove saranno eventualmente nevose a 1800\/1900 m, con limite in calo.<br \/>\n<strong>Temperature.<\/strong>\u00a0In ulteriore calo nelle valli e alle quote medie; in temporaneo aumento in alta quota, con colonna d&#8217;aria quasi isotermica. Su Prealpi a 1500 m min 1\u00b0C max 3\u00b0C, a 2000 m min 0\u00b0C max 1\u00b0C. Su Dolomiti a 2000 m min -1\u00b0C max 1\u00b0C, a 3000 m min -4\u00b0C max -1\u00b0C.<br \/>\n<strong>Venti.<\/strong>\u00a0Nelle valli perlopi\u00f9 deboli; in quota prevalentemente tesi da ovest sud-ovest, a 15-30 km\/h a 2000 m e 40-55 km\/h a 3000 m.<\/p>\n<p style=\"text-align: center;\"><strong>Mercoled\u00ec 5<\/strong><\/p>\n<p>Tra la notte e il mattino tempo perturbato, con cielo coperto e precipitazioni diffuse, deboli, a tratti moderate nelle ore centrali della mattina, in esaurimento a partire da ovest al pomeriggio, cessate ovunque alla sera. Limite della neve in calo entro met\u00e0 giornata a 1000\/1200 sulle Dolomiti, a 1300\/1500 m sulle Prealpi, in ulteriore lieve abbassamento al pomeriggio, quando tuttavia le precipitazioni saranno in esaurimento. In serata comparsa di schiarite a partire da ovest. Contesto termico decisamente pi\u00f9 freddo, con tempo ventoso in quota per venti dapprima sud-occidentali, in rotazione a nord-ovest al pomeriggio\/sera.<\/p>\n<p style=\"text-align: center;\"><strong>Gioved\u00ec 6<\/strong><\/p>\n<p>Tempo in netto miglioramento, con residua nuvolosit\u00e0 notturna e cielo perlopi\u00f9 sereno in giornata, con aria nitida ed ottima visibilit\u00e0. Tempo ventoso, anche per Foehn nelle valli e sulle dorsali prealpine, con ulteriore calo termico in quota, e lieve rialzo delle temperature diurne nelle valli, per Foehn e per il maggiore soleggiamento. Previsore: G.M.<\/p>\n<\/div>\n<\/div>\n<\/div>\n<\/div>\n<\/div>\n<\/div>\n<\/div>\n<\/div>\n<p>&nbsp;<\/p>\n<p>&nbsp;<\/p>\n<hr \/>\n<p>&nbsp;<\/p>\n<p><a href=\"https:\/\/www.radiopiu.net\/wordpress\/giornale-radiopiu-15-settembre-2018-direttore-mirko-mezzacasa\/sport-7\/\" rel=\"attachment wp-att-60761\"><img loading=\"lazy\" decoding=\"async\" class=\"wp-image-60761 size-full aligncenter\" src=\"https:\/\/www.radiopiu.net\/wordpress\/wp-content\/uploads\/2018\/09\/sport.jpg\" alt=\"\" width=\"800\" height=\"100\" srcset=\"https:\/\/www.radiopiu.net\/wordpress\/wp-content\/uploads\/2018\/09\/sport.jpg 800w, https:\/\/www.radiopiu.net\/wordpress\/wp-content\/uploads\/2018\/09\/sport-300x38.jpg 300w, https:\/\/www.radiopiu.net\/wordpress\/wp-content\/uploads\/2018\/09\/sport-768x96.jpg 768w\" sizes=\"auto, (max-width: 800px) 100vw, 800px\" \/><\/a><\/p>\n<p>&nbsp;<\/p>\n<p><span style=\"color: #0000ff;\"><strong>HOCKEY SU GHIACCIO<\/strong><\/span><\/p>\n<blockquote>\n<h3 class=\"entry-title\">L\u2019ALLEGHE TORNA DA APPIANO CON 3 PUNTI. ORA SI ASPETTA LA DECISIONE DELLA PARTITA COL COMO<\/h3>\n<\/blockquote>\n<p><strong><a href=\"https:\/\/www.radiopiu.net\/wordpress\/le-interviste-post-partita-dellamichevole-tra-alleghe-e-fassa\/alleghe-matteo-floridia\/\" rel=\"attachment wp-att-228974\"><img loading=\"lazy\" decoding=\"async\" class=\"size-medium wp-image-228974 alignleft\" src=\"https:\/\/www.radiopiu.net\/wordpress\/wp-content\/uploads\/2021\/08\/alleghe-matteo-floridia-300x234.jpg\" alt=\"\" width=\"300\" height=\"234\" srcset=\"https:\/\/www.radiopiu.net\/wordpress\/wp-content\/uploads\/2021\/08\/alleghe-matteo-floridia-300x234.jpg 300w, https:\/\/www.radiopiu.net\/wordpress\/wp-content\/uploads\/2021\/08\/alleghe-matteo-floridia-768x600.jpg 768w, https:\/\/www.radiopiu.net\/wordpress\/wp-content\/uploads\/2021\/08\/alleghe-matteo-floridia.jpg 1000w\" sizes=\"auto, (max-width: 300px) 100vw, 300px\" \/><\/a>APPIANO \u2013 ALLEGHE 3-7<\/strong><\/p>\n<p>PARZIALI: 1-2, 2-3, 0-2<\/p>\n<p>GOL: pt. 2\u201903\u201d e 16\u201927\u201d Berger, 10\u201930\u201d Arnost. st. 1\u201947\u201d Oberrauch, 11\u201951\u201d Berger, 13\u201902\u201d Calovi, 17\u201910\u201d Soppelsa, 17\u201948\u201d \u00a0Ganz. tt. 0\u201915\u201d Giolai, 13\u201900\u201d Kiviranta<\/p>\n<p>&nbsp;<\/p>\n<p>L\u2019Alleghe incamera 3 punti importantissimi dalla trasferta altoatesina con l\u2019Appiano. Le civette lottano per pi\u00f9 di 40\u2019 minuti poi ingranano la marcia giusta per chiudere la partita contro un avversario che, nonostante l\u2019ultima posizione in classifica, ha fatto il suo dovere mettendo in difficolt\u00e0 gli agordini. Ora si attendono le decisioni del giudice sportivo sulla partita non giocata con il Como, ma questo dopo l\u2019incontro tra lega e federazione. Intanto il 6 gennaio dovrebbero iniziare le partite del Master Round ma il calendario ufficiale ci sar\u00e0 solo tra qualche giorno. Partono bene le civette che dopo appena 2\u2019 passano in vantaggio. Tutto nasce da Kiviranta che si smarca e serve Berger che solo davanti al portiere non sbaglia. L\u2019Appiano sembra non essere in partita e lo si capisce al primo powerplay in favore con la squadra di casa che non riesce ad impensierire gli agordini. Alleghe che continua a spingere alla ricerca del secondo gol. A fare la differenza \u00e8 la prima linea alleghese con Kiviranta e Berger che ci provano pi\u00f9 volte. Alla prima disattenzione difensiva i biancorossi subiscono la rete del pareggio. Ci pensa Arnost a sorprendere Scola con un tiro dalla linea blu. Non mollano gli agordini che alla prima buona occasione tornano in vantaggio e Berger sigla la doppietta. Nonostante il vantaggio l\u2019Alleghe vuole chiudere il match il prima possibile prendendo di mira la gabbia altoatesina. Nel finale di tempo Giolai colpisce il palo a portiere battuto. Nel secondo drittel Scola salva subito il risultato ma Oberrauch subito dopo trova una deviazione vincente che porta in pareggio il match. Rispondono subito le civette che con Giolai e Ganz sfiorano la rete. L\u2019Appiano, dopo il pareggio, alza il ritmo e cerca di mettere in difficolt\u00e0 la squadra agordina. Si lotta a centrocampo ma le due formazioni non si rendono pericolose. A riportare in vantaggio le civette ci pensa di nuovo Berger che ancora una volta coglie un assist d\u2019oro di Kiviranta per spedire in fondo alla gabbia il disco. Dura poco il vantaggio alleghese perch\u00e9 subito dopo gli altoatesini pareggiano di nuovo con Calovi. L\u2019Alleghe cala il poker e questa volta \u00e8 Soppelsa che trova il gol con un polsino velenoso quando le civette erano con l\u2019uomo in pi\u00f9. Ganz sigla anche la quinta marcatura agordina trovando la rete da posizione impossibile. Nel terzo tempo bastano solo 15\u201d alle civette per incrementare il punteggio. Giolai buca la porta dell\u2019Appiano in superiorit\u00e0 numerica. Dopo una fase di stanca, l\u2019Alleghe chiude la partita con Kiviranta bravo a battere il golie altoatesino. Ultimi minuti senza tante emozioni e alleghesi che tornano da Appiano con il bottino pieno.<\/p>\n<p>&nbsp;<\/p>\n<p>&nbsp;<\/p>\n<blockquote>\n<h3>IL FELTREGHIACCIO VINCE ALL&#8217;OVERTIME CON IL VAL VENOSTA<\/h3>\n<\/blockquote>\n<p><strong><a href=\"https:\/\/www.radiopiu.net\/wordpress\/giornale-radiopiu-03-gennaio-2022-direttore-mirko-mezzacasa\/feltreghiaccio\/\" rel=\"attachment wp-att-251913\"><img loading=\"lazy\" decoding=\"async\" class=\" wp-image-251913 alignleft\" src=\"https:\/\/www.radiopiu.net\/wordpress\/wp-content\/uploads\/2022\/01\/FELTREGHIACCIO-300x300.png\" alt=\"\" width=\"171\" height=\"171\" srcset=\"https:\/\/www.radiopiu.net\/wordpress\/wp-content\/uploads\/2022\/01\/FELTREGHIACCIO-300x300.png 300w, https:\/\/www.radiopiu.net\/wordpress\/wp-content\/uploads\/2022\/01\/FELTREGHIACCIO-1024x1024.png 1024w, https:\/\/www.radiopiu.net\/wordpress\/wp-content\/uploads\/2022\/01\/FELTREGHIACCIO-150x150.png 150w, https:\/\/www.radiopiu.net\/wordpress\/wp-content\/uploads\/2022\/01\/FELTREGHIACCIO-768x768.png 768w, https:\/\/www.radiopiu.net\/wordpress\/wp-content\/uploads\/2022\/01\/FELTREGHIACCIO.png 1135w\" sizes=\"auto, (max-width: 171px) 100vw, 171px\" \/><\/a>FELTREGHIACCIO &#8211; VAL VENOSTA 3-2 dot<\/strong><\/p>\n<p>PARZIALI: 0-1, 2-1, 0-0, 1-0<\/p>\n<p>GOL FELTREGHIACCIO: 2 Matteo Dall&#8217;Agnol, Lorenzo Dall&#8217;Agnol<\/p>\n<p>Grazie ai fratelli Dall&#8217;Agnol, il Feltreghiaccio conquista 2 punti contro il Val Venosta nella partita valida per il qualification round della IHL Division I. I feltrini la spuntano dopo i primi 30 minuti da dimenticare con gli altoatesini che si portano in vantaggio per 2 a 0. Poi la rimonta dei padroni di casa che vanno a segno con Matteo e Lorenzo dall&#8217;Agnol. Terza frazione a reti inviolate e vittoria all&#8217;overtime per il Feltreghiaccio a 2 secondi dal termine con Matteo Dall&#8217;Agnol che mette la firma alla doppietta personale.<\/p>\n<p>&nbsp;<\/p>\n<p>&nbsp;<\/p>\n<hr \/>\n<p>&nbsp;<\/p>\n<p><span style=\"color: #0000ff;\"><strong>PALLAVOLO<\/strong><\/span><\/p>\n<blockquote>\n<h3>LA DA ROLD LOGISTIC IN COPPA ITALIA, BLINDATO L&#8217;OTTAVO POSTO<\/h3>\n<\/blockquote>\n<p><a href=\"https:\/\/www.radiopiu.net\/wordpress\/giornale-radiopiu-03-gennaio-2022-direttore-mirko-mezzacasa\/drl_ottava_alla_fine_del_girone_d_andata\/\" rel=\"attachment wp-att-251914\"><img loading=\"lazy\" decoding=\"async\" class=\"size-medium wp-image-251914 alignleft\" src=\"https:\/\/www.radiopiu.net\/wordpress\/wp-content\/uploads\/2022\/01\/Drl_ottava_alla_fine_del_girone_d_andata-300x150.jpg\" alt=\"\" width=\"300\" height=\"150\" srcset=\"https:\/\/www.radiopiu.net\/wordpress\/wp-content\/uploads\/2022\/01\/Drl_ottava_alla_fine_del_girone_d_andata-300x150.jpg 300w, https:\/\/www.radiopiu.net\/wordpress\/wp-content\/uploads\/2022\/01\/Drl_ottava_alla_fine_del_girone_d_andata-768x384.jpg 768w, https:\/\/www.radiopiu.net\/wordpress\/wp-content\/uploads\/2022\/01\/Drl_ottava_alla_fine_del_girone_d_andata.jpg 800w\" sizes=\"auto, (max-width: 300px) 100vw, 300px\" \/><\/a>Ora \u00e8 ufficiale: la Da Rold Logistics Belluno chiude all\u2019ottavo posto l\u2019andata del campionato di Serie A3 Credem Banca. E si qualifica per il primo turno di Coppa Italia: un turno che andr\u00e0 in scena infrasettimanalmente (mercoled\u00ec 19 gennaio) e in cui i rinoceronti se la vedranno con la squadra campione d\u2019inverno (una tra Abba Pineto e Videx Grattazzolina).<span class=\"gmail-Apple-converted-space\"> \u00a0<\/span>A sancire l\u2019approdo dolomitico in coppa \u00e8 stato l\u2019esito del recupero di campionato tra la Vigilar Fano e la Med Store Tunit Macerata: dopo la sconfitta al tie-break, Fano aggancia quota 16, mentre il gruppo di coach Poletto, a 17 punti, conserva lo scalino numero 8 in classifica. Al giro di boa, i biancobl\u00f9 possono quindi sorridere per un percorso di assoluto rilievo. Soprattutto se si considera che la Drl \u00e8 una formazione neopromossa e la piazza bellunese non calcava i parquet di serie A da oltre trent\u2019anni.<span class=\"gmail-Apple-converted-space\">\u00a0<\/span><\/p>\n","protected":false},"excerpt":{"rendered":"<p>INFORMAZIONE il canale su TELEGRAM informazione di prima mano e in tempo reale. iscriviti ed aiutaci a farlo conoscere\u00a0 \u00a0 &nbsp; &nbsp; &#8220;UNA BELLA ESPERIENZA CHE RACCOMANDO&#8221;, FRANCESCA LASCIA L&#8217;EREDITA&#8217; SFODERANDO IL SUO SORRISO REDAZIONE Ha partecipato a L&#8217;Eredit\u00e0, non ha vinto il premio finale ma\u00a0 senza dubbio la classifica del sorriso contagioso. Francesca Bortolin&hellip;<\/p>\n","protected":false},"author":4,"featured_media":251876,"comment_status":"closed","ping_status":"open","sticky":false,"template":"","format":"standard","meta":{"_monsterinsights_skip_tracking":false,"_monsterinsights_sitenote_active":false,"_monsterinsights_sitenote_note":"","_monsterinsights_sitenote_category":0,"footnotes":""},"categories":[104,86,49],"tags":[],"class_list":["post-251639","post","type-post","status-publish","format-standard","has-post-thumbnail","hentry","category-evidenza_3","category-gr","category-news-18","category-104","category-86","category-49","description-off"],"img_url":"https:\/\/www.radiopiu.net\/wordpress\/wp-content\/uploads\/2022\/01\/6f203cff-6ad3-4445-b17b-58777e2ef1eb.jpg","_links":{"self":[{"href":"https:\/\/www.radiopiu.net\/wordpress\/wp-json\/wp\/v2\/posts\/251639","targetHints":{"allow":["GET"]}}],"collection":[{"href":"https:\/\/www.radiopiu.net\/wordpress\/wp-json\/wp\/v2\/posts"}],"about":[{"href":"https:\/\/www.radiopiu.net\/wordpress\/wp-json\/wp\/v2\/types\/post"}],"author":[{"embeddable":true,"href":"https:\/\/www.radiopiu.net\/wordpress\/wp-json\/wp\/v2\/users\/4"}],"replies":[{"embeddable":true,"href":"https:\/\/www.radiopiu.net\/wordpress\/wp-json\/wp\/v2\/comments?post=251639"}],"version-history":[{"count":0,"href":"https:\/\/www.radiopiu.net\/wordpress\/wp-json\/wp\/v2\/posts\/251639\/revisions"}],"wp:featuredmedia":[{"embeddable":true,"href":"https:\/\/www.radiopiu.net\/wordpress\/wp-json\/wp\/v2\/media\/251876"}],"wp:attachment":[{"href":"https:\/\/www.radiopiu.net\/wordpress\/wp-json\/wp\/v2\/media?parent=251639"}],"wp:term":[{"taxonomy":"category","embeddable":true,"href":"https:\/\/www.radiopiu.net\/wordpress\/wp-json\/wp\/v2\/categories?post=251639"},{"taxonomy":"post_tag","embeddable":true,"href":"https:\/\/www.radiopiu.net\/wordpress\/wp-json\/wp\/v2\/tags?post=251639"}],"curies":[{"name":"wp","href":"https:\/\/api.w.org\/{rel}","templated":true}]}}