{"id":251645,"date":"2021-12-31T14:34:48","date_gmt":"2021-12-31T13:34:48","guid":{"rendered":"https:\/\/www.radiopiu.net\/wordpress\/?p=251645"},"modified":"2021-12-31T14:34:48","modified_gmt":"2021-12-31T13:34:48","slug":"i-primi-due-giorni-del-2022-allinsegna-del-bel-tempo-il-bolettino-di-arpav-dolomiti","status":"publish","type":"post","link":"https:\/\/www.radiopiu.net\/wordpress\/i-primi-due-giorni-del-2022-allinsegna-del-bel-tempo-il-bolettino-di-arpav-dolomiti\/","title":{"rendered":"I PRIMI DUE GIORNI DEL 2022 ALL&#8217;INSEGNA DEL BEL TEMPO. IL BOLETTINO DI ARPAV DOLOMITI"},"content":{"rendered":"<p><center><b>Sabato 1<\/b><\/center><b>Tempo atteso: <\/b>Cielo sereno o al pi\u00f9 poco nuvoloso per qualche sottile velatura con ottima visibilit\u00e0 ad eccezione della Valbelluna dove sar\u00e0 probabile la formazione di nebbia nelle notte e al primo mattino. Contesto termico anomalo in quota, dove i valori saranno senza notevoli variazioni e molto superiori alla media del periodo (fino a 9\/12 gradi oltre la media)<br \/>\n<b>Precipitazioni: <\/b>Assenti (0%).<br \/>\n<b>Temperature: <\/b>Temperature stazionarie o in ulteriore lieve aumento, eccetto calo delle minime nei fondovalle prealpini non interessati da nebbie. Forte inversione termica nei settori in ombra con assenza di gelo notturno in quota. Su Prealpi a 1500 m min 11\u00b0C, max 13\u00b0C; a 2000 m min 9\u00b0C, max 11\u00b0C. Su Dolomiti a 2000 m min 6\u00b0C, max 10\u00b0C; a 3000 m min 2\u00b0C, max 4\u00b0C.<br \/>\n<b>Venti: <\/b>Venti moderati\/tesi da nord-ovest in quota nelle notte e fino al mattino poi in attenuazione; deboli di direzione variabile nelle valli, salvo locali rinforzi per brezze di monte nelle ore pi\u00f9 fredde in alcuni settori prealpini, a 5-20 km\/h a 2000 m e 20-35 km\/h a 3000 m.<\/p>\n<hr \/>\n<p><center><b>Domenica 2<\/b><\/center><b>Tempo atteso: <\/b>Persistenza del tempo stabile e anormalmente mite per il periodo con sole, cielo poco nuvoloso per sottili velature specie nel pomeriggio-sera quando risulteranno a tratti anche estese fino a parzialmente nuvoloso. Presenza di qualche nebbia in Valbelluna durante le ore pi\u00f9 fredde. La forte inversione termica notturna rimarr\u00e0 la stessa dei due giorni precedenti, specie nelle valli in ombra.<br \/>\n<b>Precipitazioni: <\/b>Assenti (0%)<br \/>\n<b>Temperature: <\/b>Senza notevoli variazioni o in lieve calo nei valori massimi e sempre molto superiori la media del periodo. Su Prealpi a 1500 m min 8\u00b0C, max 10\u00b0C; a 2000 m min 7\u00b0C, max 9\u00b0C. Su Dolomiti a 2000 m min 6\u00b0C, max 8\u00b0C; a 3000 m min 1\u00b0C, max 4\u00b0C.<br \/>\n<b>Venti: <\/b>Venti moderati da sud-ovest in quota; deboli di direzione variabile nelle valli, salvo locali rinforzi per brezze di monte nelle ore pi\u00f9 fredde in alcuni settori prealpini a 10-15 km\/h a 2000 m e 20-30 km\/h a 3000 m.<\/p>\n<hr \/>\n<p><center><b>Lunedi 3<\/b><\/center>Tempo stabile ma con cielo che si presenter\u00e0 velato per la presenza di nubi medio-alte anche estese. Ancora molto mite per il periodo seppur con temperature in generale calo specie le massime mentre potrebbero aumentare le minime a fondovalle in caso di presenza di velatura gi\u00e0 durante la notte. Venti moderati o tesi occidentali in quota, deboli variabili nelle valli.<\/p>\n<hr \/>\n<p><center><b>Martedi 4<\/b><\/center>Cielo parzialmente nuvoloso sia per nubi medio-alte che per nubi basse su Prealpi specie tra pomeriggio e sera quando la nuvolosit\u00e0 sar\u00e0 maggiormente presente su tutti i settori. Precipitazioni generalmente assenti fino a sera, poi lieve aumento della probabilit\u00e0 di deboli o debolissime precipitazioni sparse con qualche fiocco oltre i 1600\/2000 m. Temperature in calo in quota dalla sera. Venti in quota moderati o tesi occidentali in rotazione e rinforzo da nord in tarda serata, deboli variabili nelle valli. Previsore: DDL<\/p>\n<p>&nbsp;<\/p>\n<p>&nbsp;<\/p>\n<p>******<\/p>\n","protected":false},"excerpt":{"rendered":"<p>Sabato 1Tempo atteso: Cielo sereno o al pi\u00f9 poco nuvoloso per qualche sottile velatura con ottima visibilit\u00e0 ad eccezione della Valbelluna dove sar\u00e0 probabile la formazione di nebbia nelle notte e al primo mattino. Contesto termico anomalo in quota, dove i valori saranno senza notevoli variazioni e molto superiori alla media del periodo (fino a&hellip;<\/p>\n","protected":false},"author":4,"featured_media":251646,"comment_status":"closed","ping_status":"open","sticky":false,"template":"","format":"standard","meta":{"_monsterinsights_skip_tracking":false,"_monsterinsights_sitenote_active":false,"_monsterinsights_sitenote_note":"","_monsterinsights_sitenote_category":0,"footnotes":""},"categories":[49],"tags":[],"class_list":["post-251645","post","type-post","status-publish","format-standard","has-post-thumbnail","hentry","category-news-18","category-49","description-off"],"img_url":"https:\/\/www.radiopiu.net\/wordpress\/wp-content\/uploads\/2021\/12\/METEO-NUVOLE.jpg","_links":{"self":[{"href":"https:\/\/www.radiopiu.net\/wordpress\/wp-json\/wp\/v2\/posts\/251645","targetHints":{"allow":["GET"]}}],"collection":[{"href":"https:\/\/www.radiopiu.net\/wordpress\/wp-json\/wp\/v2\/posts"}],"about":[{"href":"https:\/\/www.radiopiu.net\/wordpress\/wp-json\/wp\/v2\/types\/post"}],"author":[{"embeddable":true,"href":"https:\/\/www.radiopiu.net\/wordpress\/wp-json\/wp\/v2\/users\/4"}],"replies":[{"embeddable":true,"href":"https:\/\/www.radiopiu.net\/wordpress\/wp-json\/wp\/v2\/comments?post=251645"}],"version-history":[{"count":0,"href":"https:\/\/www.radiopiu.net\/wordpress\/wp-json\/wp\/v2\/posts\/251645\/revisions"}],"wp:featuredmedia":[{"embeddable":true,"href":"https:\/\/www.radiopiu.net\/wordpress\/wp-json\/wp\/v2\/media\/251646"}],"wp:attachment":[{"href":"https:\/\/www.radiopiu.net\/wordpress\/wp-json\/wp\/v2\/media?parent=251645"}],"wp:term":[{"taxonomy":"category","embeddable":true,"href":"https:\/\/www.radiopiu.net\/wordpress\/wp-json\/wp\/v2\/categories?post=251645"},{"taxonomy":"post_tag","embeddable":true,"href":"https:\/\/www.radiopiu.net\/wordpress\/wp-json\/wp\/v2\/tags?post=251645"}],"curies":[{"name":"wp","href":"https:\/\/api.w.org\/{rel}","templated":true}]}}