{"id":251678,"date":"2022-01-01T08:32:00","date_gmt":"2022-01-01T07:32:00","guid":{"rendered":"https:\/\/www.radiopiu.net\/wordpress\/?p=251678"},"modified":"2022-01-01T08:32:00","modified_gmt":"2022-01-01T07:32:00","slug":"in-vivo-verso-2021-2022-il-buon-anno-in-poesia-e-a-tutti-auguri","status":"publish","type":"post","link":"https:\/\/www.radiopiu.net\/wordpress\/in-vivo-verso-2021-2022-il-buon-anno-in-poesia-e-a-tutti-auguri\/","title":{"rendered":"IN VIVO VERSO 2021-2022, IL BUON ANNO IN POESIA E A TUTTI AUGURI!"},"content":{"rendered":"<p>Dal delicato animo di John Francis Della Pietra, una poesia in dialetto che ci accompagna verso il nuovo anno&#8230;e che lo sia, luminoso!<\/p>\n<p>Un&#8217;augurio per tuti voi da RADIO PIU Mirko e Brunella<\/p>\n<p>AUDIO<\/p>\n<audio class=\"wp-audio-shortcode\" id=\"audio-251678-1\" preload=\"none\" style=\"width: 100%;\" controls=\"controls\"><source type=\"audio\/mpeg\" src=\"https:\/\/www.radiopiu.net\/wordpress\/wp-content\/uploads\/2022\/01\/john.mp3?_=1\" \/><a href=\"https:\/\/www.radiopiu.net\/wordpress\/wp-content\/uploads\/2022\/01\/john.mp3\">https:\/\/www.radiopiu.net\/wordpress\/wp-content\/uploads\/2022\/01\/john.mp3<\/a><\/audio>\n<p>&nbsp;<\/p>\n<p><a href=\"https:\/\/www.radiopiu.net\/wordpress\/in-vivo-verso-2021-2022-il-buon-anno-in-poesia-e-a-tutti-auguri\/d96cec0f-42c2-4f72-8778-6c0fd8fa38cf\/\" rel=\"attachment wp-att-251679\"><img loading=\"lazy\" decoding=\"async\" class=\" wp-image-251679 alignleft\" src=\"https:\/\/www.radiopiu.net\/wordpress\/wp-content\/uploads\/2022\/01\/d96cec0f-42c2-4f72-8778-6c0fd8fa38cf-300x291.jpg\" alt=\"\" width=\"216\" height=\"210\" srcset=\"https:\/\/www.radiopiu.net\/wordpress\/wp-content\/uploads\/2022\/01\/d96cec0f-42c2-4f72-8778-6c0fd8fa38cf-300x291.jpg 300w, https:\/\/www.radiopiu.net\/wordpress\/wp-content\/uploads\/2022\/01\/d96cec0f-42c2-4f72-8778-6c0fd8fa38cf-768x746.jpg 768w, https:\/\/www.radiopiu.net\/wordpress\/wp-content\/uploads\/2022\/01\/d96cec0f-42c2-4f72-8778-6c0fd8fa38cf.jpg 1024w\" sizes=\"auto, (max-width: 216px) 100vw, 216px\" \/><\/a><strong>&#8230;le fregole&#8230;<\/strong><\/p>\n<p>Encora sto d\u00ec<br \/>\nE dap\u00f2 l ann l \u00e8 fin\u00ec i<br \/>\nSe resta valch da d\u00ec<br \/>\nTason l\u00e0 e sciao<br \/>\nDa se content\u00e0<br \/>\nDe esse qua<br \/>\nGiusta el temp<br \/>\nPar en ringraziament<br \/>\nTra chest e chel<br \/>\nL \u00e8 stat el so burt el so bel<br \/>\nNo ston tant a cat\u00e0 qua<br \/>\nAdess l \u00e8 domai sgol\u00e0<br \/>\nA esse senzier<br \/>\nFursi podon lev\u00e0 el bicier<br \/>\nA ti a mi a el<br \/>\nA chi che ritz su l or del ziel<br \/>\nCala pian pian el busnor del fornel<br \/>\nDa inte el foc<br \/>\nL \u00e8 quasi destus\u00e0 manca poc<br \/>\nA una i coscritti ghe fa bela compagnia<br \/>\nDomilavintiun<br \/>\nSani e grazie e cos\u00ec sia&#8230;<\/p>\n","protected":false},"excerpt":{"rendered":"<p>Dal delicato animo di John Francis Della Pietra, una poesia in dialetto che ci accompagna verso il nuovo anno&#8230;e che lo sia, luminoso! Un&#8217;augurio per tuti voi da RADIO PIU Mirko e Brunella AUDIO &nbsp; &#8230;le fregole&#8230; Encora sto d\u00ec E dap\u00f2 l ann l \u00e8 fin\u00ec i Se resta valch da d\u00ec Tason l\u00e0&hellip;<\/p>\n","protected":false},"author":4,"featured_media":251679,"comment_status":"closed","ping_status":"open","sticky":false,"template":"","format":"standard","meta":{"_monsterinsights_skip_tracking":false,"_monsterinsights_sitenote_active":false,"_monsterinsights_sitenote_note":"","_monsterinsights_sitenote_category":0,"footnotes":""},"categories":[104,49],"tags":[],"class_list":["post-251678","post","type-post","status-publish","format-standard","has-post-thumbnail","hentry","category-evidenza_3","category-news-18","category-104","category-49","description-off"],"img_url":"https:\/\/www.radiopiu.net\/wordpress\/wp-content\/uploads\/2022\/01\/d96cec0f-42c2-4f72-8778-6c0fd8fa38cf.jpg","_links":{"self":[{"href":"https:\/\/www.radiopiu.net\/wordpress\/wp-json\/wp\/v2\/posts\/251678","targetHints":{"allow":["GET"]}}],"collection":[{"href":"https:\/\/www.radiopiu.net\/wordpress\/wp-json\/wp\/v2\/posts"}],"about":[{"href":"https:\/\/www.radiopiu.net\/wordpress\/wp-json\/wp\/v2\/types\/post"}],"author":[{"embeddable":true,"href":"https:\/\/www.radiopiu.net\/wordpress\/wp-json\/wp\/v2\/users\/4"}],"replies":[{"embeddable":true,"href":"https:\/\/www.radiopiu.net\/wordpress\/wp-json\/wp\/v2\/comments?post=251678"}],"version-history":[{"count":0,"href":"https:\/\/www.radiopiu.net\/wordpress\/wp-json\/wp\/v2\/posts\/251678\/revisions"}],"wp:featuredmedia":[{"embeddable":true,"href":"https:\/\/www.radiopiu.net\/wordpress\/wp-json\/wp\/v2\/media\/251679"}],"wp:attachment":[{"href":"https:\/\/www.radiopiu.net\/wordpress\/wp-json\/wp\/v2\/media?parent=251678"}],"wp:term":[{"taxonomy":"category","embeddable":true,"href":"https:\/\/www.radiopiu.net\/wordpress\/wp-json\/wp\/v2\/categories?post=251678"},{"taxonomy":"post_tag","embeddable":true,"href":"https:\/\/www.radiopiu.net\/wordpress\/wp-json\/wp\/v2\/tags?post=251678"}],"curies":[{"name":"wp","href":"https:\/\/api.w.org\/{rel}","templated":true}]}}