{"id":251735,"date":"2022-01-01T16:53:15","date_gmt":"2022-01-01T15:53:15","guid":{"rendered":"https:\/\/www.radiopiu.net\/wordpress\/?p=251735"},"modified":"2022-01-02T08:36:25","modified_gmt":"2022-01-02T07:36:25","slug":"e-lila-la-prima-nata-del-2022-in-ulss-dolomiti-lultimo-nato-del-2021-e-matteo","status":"publish","type":"post","link":"https:\/\/www.radiopiu.net\/wordpress\/e-lila-la-prima-nata-del-2022-in-ulss-dolomiti-lultimo-nato-del-2021-e-matteo\/","title":{"rendered":"E\u2019 LILA LA PRIMA NATA DEL 2022 IN ULSS DOLOMITI. L\u2019ULTIMO NATO DEL 2021 \u00c8 MATTEO"},"content":{"rendered":"<p><strong>BELLUNO <\/strong>Alle 5.33 di questa mattina, all\u2019ospedale di Feltre, \u00e8 venuta alla luce <strong>Lila Lucian<\/strong>, la prima bambina nata nel 2021 in Ulss Dolomiti. I genitori Martina e Cristian vivono in Primiero. Altre tre mamme sono in travaglio nel reparto di ostetricia del Santa Maria del Prato. L\u2019ultimo nato del 2021 invece si chiama <strong>Matteo Simonetto<\/strong>\u00a0ed \u00e8 nato il 31 dicembre alle 17.30 sempre all\u2019Ospedale di Feltre. A Belluno, l\u2019ultima nata del 2021 \u00e8 stata <strong>Sharon<\/strong>, venuta alla luce alle 12.56 del giorno di san Silvestro. La buona notizia \u00e8 che il 2021 si chiude con un numero di nuovi nati in linea con quello dello scorso anno (600 nuovi nati a Belluno, 750 a Feltre) in contro tendenza rispetto al trend nazionale indicato dall\u2019istat a met\u00e0 dicembre di una forte riduzione (-13,6%) delle nascite in Italia. Un segnale di fiducia e speranza per la nostra provincia e il suo futuro. E&#8217; stato un altro anno impegnativo, la pandemia l&#8217;ha fatta ancora da padrona, tuttavia, forti dell&#8217;esperienza maturata l&#8217;anno precedente,\u00a0 le unit\u00e0 operative di ostetricia e ginecologia sono riuscite a mantenere la normalit\u00e0 del percorso nascita, preservando l&#8217;integrit\u00e0 della triade genitori-bambino, presupposto fondamentale per la costituzione di un nucleo familiare solido e stabile. \u00a0 \u00c8 stato possibile mantenere tutte le attivit\u00e0 previste nell&#8217;ambito del percorso nascita, dai controlli ostetrici, ai\u00a0 corsi di preparazione al parto, agli incontri coi pap\u00e0, agli incontri informativi su &#8220;gravidanza e parto al tempo del Coronavirus&#8221; , con modalit\u00e0 differenti a seconda della condizione epidemiologica, attivando e perfezionando, quando necessario, le modalit\u00e0 informatizzate di cui siamo diventati, per necessit\u00e0, abili utilizzatori. In questo modello organizzativo le donne durante il travaglio e parto hanno sempre potuto contare sulla vicinanza del loro partner o di una persona cara e condividere poi con gli stessi i primi giorni di vita del nuovo arrivato. Tutto ci\u00f2 \u00e8 stato reso possibile grazie all&#8217;adozione di misure di prevenzione dell&#8217;infezione da Covid-19 molto rigide, che hanno permesso di tutelare sia gli utenti che i professionisti sanitari. Un&#8217;iniziativa introdotta quest&#8217;anno, molto apprezzata dall&#8217;utenza, \u00e8 stata l&#8217;istituzione degli ambulatori\u00a0 settimanali per vaccinazione anti Covid rivolto a gravide, puerpere e pazienti in epoca preconcezionale. In questo modo le donne, anche quelle pi\u00f9 dubbiose, hanno avuto modo di compiere la scelta di proteggere se stesse e i loro nascituri\/neonati in un contesto protetto, dove hanno potuto ricevere tutte le informazioni e le rassicurazioni necessarie ad effettuare la scelta con serenit\u00e0. Grazie alle \u00e9quipe dei punti nascita sempre propositive ed attende ad accompagnare la coppia in tutto il percorso del parto, dal punto di vista clinico e umano.<\/p>\n\n\t\t\t<style type='text\/css'>\n\t\t\t\t#gallery-1 {\n\t\t\t\t\tmargin: auto;\n\t\t\t\t}\n\t\t\t\t#gallery-1 .gallery-item {\n\t\t\t\t\tfloat: left;\n\t\t\t\t\tmargin-top: 10px;\n\t\t\t\t\ttext-align: center;\n\t\t\t\t\twidth: 33%;\n\t\t\t\t}\n\t\t\t\t#gallery-1 img {\n\t\t\t\t\tborder: 2px solid #cfcfcf;\n\t\t\t\t}\n\t\t\t\t#gallery-1 .gallery-caption {\n\t\t\t\t\tmargin-left: 0;\n\t\t\t\t}\n\t\t\t\t\/* see gallery_shortcode() in wp-includes\/media.php *\/\n\t\t\t<\/style>\n\t\t<div id='gallery-1' class='dt-gallery-container gallery galleryid-251735 gallery-columns-3 gallery-size-medium'><dl class='gallery-item'>\n\t\t\t\t<dt class='gallery-icon portrait'>\n\t\t\t\t\t<a class=\"rollover rollover-zoom dt-pswp-item\" title=\"Lila Lucian_prima nata a Feltre\" data-dt-img-description=\"\" data-large_image_width=\"768\" data-large_image_height=\"1024\"href='https:\/\/www.radiopiu.net\/wordpress\/wp-content\/uploads\/2022\/01\/Lila-Lucian_prima-nata-a-Feltre.jpeg'><img loading=\"lazy\" decoding=\"async\" width=\"225\" height=\"300\" src=\"https:\/\/www.radiopiu.net\/wordpress\/wp-content\/uploads\/2022\/01\/Lila-Lucian_prima-nata-a-Feltre-225x300.jpeg\" class=\"attachment-medium size-medium\" alt=\"\" aria-describedby=\"gallery-1-251736\" srcset=\"https:\/\/www.radiopiu.net\/wordpress\/wp-content\/uploads\/2022\/01\/Lila-Lucian_prima-nata-a-Feltre-225x300.jpeg 225w, https:\/\/www.radiopiu.net\/wordpress\/wp-content\/uploads\/2022\/01\/Lila-Lucian_prima-nata-a-Feltre.jpeg 768w\" sizes=\"auto, (max-width: 225px) 100vw, 225px\" \/><\/a>\n\t\t\t\t<\/dt>\n\t\t\t\t\t<dd class='wp-caption-text gallery-caption' id='gallery-1-251736'>\n\t\t\t\t\tLILA LUCIAN, PRIMA NATA DEL 2022\n\t\t\t\t\t<\/dd><\/dl><dl class='gallery-item'>\n\t\t\t\t<dt class='gallery-icon portrait'>\n\t\t\t\t\t<a class=\"rollover rollover-zoom dt-pswp-item\" title=\"matteo smaniotto_ultimo nato Feltre\" data-dt-img-description=\"\" data-large_image_width=\"768\" data-large_image_height=\"1024\"href='https:\/\/www.radiopiu.net\/wordpress\/wp-content\/uploads\/2022\/01\/matteo-smaniotto_ultimo-nato-Feltre.jpeg'><img loading=\"lazy\" decoding=\"async\" width=\"225\" height=\"300\" src=\"https:\/\/www.radiopiu.net\/wordpress\/wp-content\/uploads\/2022\/01\/matteo-smaniotto_ultimo-nato-Feltre-225x300.jpeg\" class=\"attachment-medium size-medium\" alt=\"\" aria-describedby=\"gallery-1-251737\" srcset=\"https:\/\/www.radiopiu.net\/wordpress\/wp-content\/uploads\/2022\/01\/matteo-smaniotto_ultimo-nato-Feltre-225x300.jpeg 225w, https:\/\/www.radiopiu.net\/wordpress\/wp-content\/uploads\/2022\/01\/matteo-smaniotto_ultimo-nato-Feltre.jpeg 768w\" sizes=\"auto, (max-width: 225px) 100vw, 225px\" \/><\/a>\n\t\t\t\t<\/dt>\n\t\t\t\t\t<dd class='wp-caption-text gallery-caption' id='gallery-1-251737'>\n\t\t\t\t\tMATTEO SIMONETTO, ULTIMO NATO DEL 2021 A FELTRE\n\t\t\t\t\t<\/dd><\/dl><dl class='gallery-item'>\n\t\t\t\t<dt class='gallery-icon portrait'>\n\t\t\t\t\t<a class=\"rollover rollover-zoom dt-pswp-item\" title=\"sharon_ultima nata Belluno\" data-dt-img-description=\"\" data-large_image_width=\"1200\" data-large_image_height=\"1600\"href='https:\/\/www.radiopiu.net\/wordpress\/wp-content\/uploads\/2022\/01\/sharon_ultima-nata-Belluno.jpg'><img loading=\"lazy\" decoding=\"async\" width=\"225\" height=\"300\" src=\"https:\/\/www.radiopiu.net\/wordpress\/wp-content\/uploads\/2022\/01\/sharon_ultima-nata-Belluno-225x300.jpg\" class=\"attachment-medium size-medium\" alt=\"\" aria-describedby=\"gallery-1-251738\" srcset=\"https:\/\/www.radiopiu.net\/wordpress\/wp-content\/uploads\/2022\/01\/sharon_ultima-nata-Belluno-225x300.jpg 225w, https:\/\/www.radiopiu.net\/wordpress\/wp-content\/uploads\/2022\/01\/sharon_ultima-nata-Belluno-768x1024.jpg 768w, https:\/\/www.radiopiu.net\/wordpress\/wp-content\/uploads\/2022\/01\/sharon_ultima-nata-Belluno-1152x1536.jpg 1152w, https:\/\/www.radiopiu.net\/wordpress\/wp-content\/uploads\/2022\/01\/sharon_ultima-nata-Belluno.jpg 1200w\" sizes=\"auto, (max-width: 225px) 100vw, 225px\" \/><\/a>\n\t\t\t\t<\/dt>\n\t\t\t\t\t<dd class='wp-caption-text gallery-caption' id='gallery-1-251738'>\n\t\t\t\t\tSHARON, ULTIMA NATA DEL 2021 A BELLUNO\n\t\t\t\t\t<\/dd><\/dl><br style=\"clear: both\" \/>\n\t\t\t<\/div>\n\n<p>&nbsp;<\/p>\n<p>&nbsp;<\/p>\n<p>*****<\/p>\n","protected":false},"excerpt":{"rendered":"<p>BELLUNO Alle 5.33 di questa mattina, all\u2019ospedale di Feltre, \u00e8 venuta alla luce Lila Lucian, la prima bambina nata nel 2021 in Ulss Dolomiti. I genitori Martina e Cristian vivono in Primiero. Altre tre mamme sono in travaglio nel reparto di ostetricia del Santa Maria del Prato. L\u2019ultimo nato del 2021 invece si chiama Matteo&hellip;<\/p>\n","protected":false},"author":4,"featured_media":251739,"comment_status":"closed","ping_status":"open","sticky":false,"template":"","format":"standard","meta":{"_monsterinsights_skip_tracking":false,"_monsterinsights_sitenote_active":false,"_monsterinsights_sitenote_note":"","_monsterinsights_sitenote_category":0,"footnotes":""},"categories":[49],"tags":[],"class_list":["post-251735","post","type-post","status-publish","format-standard","has-post-thumbnail","hentry","category-news-18","category-49","description-off"],"img_url":"https:\/\/www.radiopiu.net\/wordpress\/wp-content\/uploads\/2022\/01\/858f6ada-99ed-4f0d-be46-daacbca89f34.jpg","_links":{"self":[{"href":"https:\/\/www.radiopiu.net\/wordpress\/wp-json\/wp\/v2\/posts\/251735","targetHints":{"allow":["GET"]}}],"collection":[{"href":"https:\/\/www.radiopiu.net\/wordpress\/wp-json\/wp\/v2\/posts"}],"about":[{"href":"https:\/\/www.radiopiu.net\/wordpress\/wp-json\/wp\/v2\/types\/post"}],"author":[{"embeddable":true,"href":"https:\/\/www.radiopiu.net\/wordpress\/wp-json\/wp\/v2\/users\/4"}],"replies":[{"embeddable":true,"href":"https:\/\/www.radiopiu.net\/wordpress\/wp-json\/wp\/v2\/comments?post=251735"}],"version-history":[{"count":0,"href":"https:\/\/www.radiopiu.net\/wordpress\/wp-json\/wp\/v2\/posts\/251735\/revisions"}],"wp:featuredmedia":[{"embeddable":true,"href":"https:\/\/www.radiopiu.net\/wordpress\/wp-json\/wp\/v2\/media\/251739"}],"wp:attachment":[{"href":"https:\/\/www.radiopiu.net\/wordpress\/wp-json\/wp\/v2\/media?parent=251735"}],"wp:term":[{"taxonomy":"category","embeddable":true,"href":"https:\/\/www.radiopiu.net\/wordpress\/wp-json\/wp\/v2\/categories?post=251735"},{"taxonomy":"post_tag","embeddable":true,"href":"https:\/\/www.radiopiu.net\/wordpress\/wp-json\/wp\/v2\/tags?post=251735"}],"curies":[{"name":"wp","href":"https:\/\/api.w.org\/{rel}","templated":true}]}}