{"id":251747,"date":"2022-01-02T09:42:33","date_gmt":"2022-01-02T08:42:33","guid":{"rendered":"https:\/\/www.radiopiu.net\/wordpress\/?p=251747"},"modified":"2022-01-02T09:43:00","modified_gmt":"2022-01-02T08:43:00","slug":"luxottica-rientro-in-sicurezza-tra-tamponi-e-mascherine","status":"publish","type":"post","link":"https:\/\/www.radiopiu.net\/wordpress\/luxottica-rientro-in-sicurezza-tra-tamponi-e-mascherine\/","title":{"rendered":"LUXOTTICA, RIENTRO IN SICUREZZA TRA TAMPONI E MASCHERINE"},"content":{"rendered":"<p><strong><img loading=\"lazy\" decoding=\"async\" class=\"alignleft\" src=\"https:\/\/www.radiopiu.net\/wordpress\/wp-content\/uploads\/2021\/12\/LUXOTTICA-FRAMONT.jpg\" width=\"235\" height=\"176\" \/>AGORDO\u00a0 <\/strong>Passate le feste riaprono anche i cancelli delle fabbriche. Luxottica ha gi\u00e0 previsto l&#8217;operazione &#8220;tampone massivo&#8221;. Ovvero tampone\u00a0 per tutti i circa 16mila dipendenti in tutta Italia grazie al supporto del laboratorio dell\u2019Universit\u00e0 di Padova realizzato con il sostegno della Fondazione Leonardo Del Vecchio. Iniziativa importante per integrare il sistema di sorveglianza con i test molecolari mirati tuttora attivo a conferma dell&#8217;importante lavoro svolto (come negli ultimi due anni) da Azienda e parti sociali. Seguendo le indicazioni governative Luxottica da lunedi fornir\u00e0\u00a0 mascherine Ffp2 gratuite a tutti i dipendenti che utilizzano i mezzi pubblici per recarsi al lavoro. Anche tutti i dipendenti regolarmente vaccinati in caso di contatto diretto con un positivo, potranno accedere al nuovo regime di auto sorveglianza e potranno richiedere alle infermerie nei diversi stabilimenti un kit speciale di 10 mascherine Ffp2 da utilizzare nel periodo di auto sorveglianza dentro e fuori i luoghi di lavoro. L\u2019accesso a tutte le sedi del Gruppo continuer\u00e0 a essere consentito solo ai possessori di green pass in corso di validit\u00e0, controllato ogni giorno al momento dell\u2019ingresso. Luxottica continuer\u00e0 infine a garantire il servizio di tamponi rapidi antigenici per l\u2019ottenimento del green pass. Chi volesse prenotare il proprio tampone rapido per rientrare in azienda luned\u00ec 3 gennaio potr\u00e0 farlo gi\u00e0 per la giornata di domenica o\u00a0 per il luned\u00ec mattina prima dell\u2019inizio del turno, tramite la piattaforma aziendale.<\/p>\n<p>&nbsp;<\/p>\n","protected":false},"excerpt":{"rendered":"<p>AGORDO\u00a0 Passate le feste riaprono anche i cancelli delle fabbriche. Luxottica ha gi\u00e0 previsto l&#8217;operazione &#8220;tampone massivo&#8221;. Ovvero tampone\u00a0 per tutti i circa 16mila dipendenti in tutta Italia grazie al supporto del laboratorio dell\u2019Universit\u00e0 di Padova realizzato con il sostegno della Fondazione Leonardo Del Vecchio. Iniziativa importante per integrare il sistema di sorveglianza con i&hellip;<\/p>\n","protected":false},"author":4,"featured_media":246066,"comment_status":"closed","ping_status":"open","sticky":false,"template":"","format":"standard","meta":{"_monsterinsights_skip_tracking":false,"_monsterinsights_sitenote_active":false,"_monsterinsights_sitenote_note":"","_monsterinsights_sitenote_category":0,"footnotes":""},"categories":[51,49],"tags":[],"class_list":["post-251747","post","type-post","status-publish","format-standard","has-post-thumbnail","hentry","category-evidenza-top","category-news-18","category-51","category-49","description-off"],"img_url":"https:\/\/www.radiopiu.net\/wordpress\/wp-content\/uploads\/2021\/12\/LUXOTTICA-FRAMONT.jpg","_links":{"self":[{"href":"https:\/\/www.radiopiu.net\/wordpress\/wp-json\/wp\/v2\/posts\/251747","targetHints":{"allow":["GET"]}}],"collection":[{"href":"https:\/\/www.radiopiu.net\/wordpress\/wp-json\/wp\/v2\/posts"}],"about":[{"href":"https:\/\/www.radiopiu.net\/wordpress\/wp-json\/wp\/v2\/types\/post"}],"author":[{"embeddable":true,"href":"https:\/\/www.radiopiu.net\/wordpress\/wp-json\/wp\/v2\/users\/4"}],"replies":[{"embeddable":true,"href":"https:\/\/www.radiopiu.net\/wordpress\/wp-json\/wp\/v2\/comments?post=251747"}],"version-history":[{"count":0,"href":"https:\/\/www.radiopiu.net\/wordpress\/wp-json\/wp\/v2\/posts\/251747\/revisions"}],"wp:featuredmedia":[{"embeddable":true,"href":"https:\/\/www.radiopiu.net\/wordpress\/wp-json\/wp\/v2\/media\/246066"}],"wp:attachment":[{"href":"https:\/\/www.radiopiu.net\/wordpress\/wp-json\/wp\/v2\/media?parent=251747"}],"wp:term":[{"taxonomy":"category","embeddable":true,"href":"https:\/\/www.radiopiu.net\/wordpress\/wp-json\/wp\/v2\/categories?post=251747"},{"taxonomy":"post_tag","embeddable":true,"href":"https:\/\/www.radiopiu.net\/wordpress\/wp-json\/wp\/v2\/tags?post=251747"}],"curies":[{"name":"wp","href":"https:\/\/api.w.org\/{rel}","templated":true}]}}