{"id":251763,"date":"2022-01-01T19:15:18","date_gmt":"2022-01-01T18:15:18","guid":{"rendered":"https:\/\/www.radiopiu.net\/wordpress\/?p=251763"},"modified":"2022-01-02T08:38:48","modified_gmt":"2022-01-02T07:38:48","slug":"approvate-le-convenzioni-per-il-trasporto-in-ambulanza-con-le-associazioni-di-volontariato-e-la-croce-rossa-italiana","status":"publish","type":"post","link":"https:\/\/www.radiopiu.net\/wordpress\/approvate-le-convenzioni-per-il-trasporto-in-ambulanza-con-le-associazioni-di-volontariato-e-la-croce-rossa-italiana\/","title":{"rendered":"APPROVATE LE CONVENZIONI PER IL TRASPORTO IN AMBULANZA CON LE ASSOCIAZIONI DI VOLONTARIATO E LA CROCE ROSSA ITALIANA"},"content":{"rendered":"<p><strong><a href=\"https:\/\/www.radiopiu.net\/wordpress\/la-croce-verde-di-alleghe-non-sara-in-grado-di-garantire-il-servizio\/croce-verde-alleghe\/\" rel=\"attachment wp-att-96708\"><img loading=\"lazy\" decoding=\"async\" class=\"size-medium wp-image-96708 alignleft\" src=\"https:\/\/www.radiopiu.net\/wordpress\/wp-content\/uploads\/2019\/08\/CROCE-VERDE-ALLEGHE-300x225.jpg\" alt=\"\" width=\"300\" height=\"225\" srcset=\"https:\/\/www.radiopiu.net\/wordpress\/wp-content\/uploads\/2019\/08\/CROCE-VERDE-ALLEGHE-300x225.jpg 300w, https:\/\/www.radiopiu.net\/wordpress\/wp-content\/uploads\/2019\/08\/CROCE-VERDE-ALLEGHE.jpg 400w\" sizes=\"auto, (max-width: 300px) 100vw, 300px\" \/><\/a>BELLUNO <\/strong>Le Associazioni di Volontariato e la Croce Rossa Italiana offrono da anni il loro costante supporto all\u2019attivit\u00e0 di trasporto di pazienti che,in considerazione dell\u2019estensione territoriale dell\u2019ULSS Dolomiti, delle sue peculiari caratteristiche morfologiche e climatiche, delle distanze da percorrere e la conseguente impossibilit\u00e0 di garantire un efficace ed efficiente servizio di trasporto e soccorso con le sole risorse interne, si rivela indispensabile. Gli enti affidatari del servizio sono ben 16 e coprono territorialmente tutta la nostra estesa provincia: Ampezzo, Cadore, Comelico, Agordino, Zoldano, Alpago, Bellunese e Feltrino. La scelta dell\u2019ULSS \u00e8 suffragata dalla normativa Nazionale e Regionale che valorizza la cooperazione tra la pubblica Amministrazione e gli enti del terzo settore. Sono stati pertanto effettuati numerosi incontri con tutte le Associazioni di Volontariato e la Croce Rossa Italiana durante i quali l\u2019ULSS1 ha evidenziato le proprie aspettative in termini di servizio\u00a0 ed i propri fabbisogni e gli enti hanno espresso una previsione\u00a0 di costi, inerenti il servizio offerto, \u00a0che verranno periodicamente rimborsati secondo un modello previsto dalla Delibera Regionale citata. La convenzione che verr\u00e0 prossimamente firmata ha una durata triennale, con una spesa annuale pari a circa 1.500.000,00 \u20ac e prevede, al termine di ogni anno, una nuova previsione di spesa sulla base del servizio richiesto. L\u2019ULSS 1 Dolomiti esprime il pi\u00f9 sentito ringraziamento a tutti i Volontari che dedicano il loro tempo nell\u2019opera di soccorso alla comunit\u00e0\u00a0 con dedizione, professionalit\u00e0 ed umanit\u00e0; tale servizio assume un valore ancora pi\u00f9 rilevante nel difficile\u00a0 contesto emergenziale che stiamo vivendo.<\/p>\n<p>&nbsp;<\/p>\n<p>&nbsp;<\/p>\n<p>*****<\/p>\n","protected":false},"excerpt":{"rendered":"<p>BELLUNO Le Associazioni di Volontariato e la Croce Rossa Italiana offrono da anni il loro costante supporto all\u2019attivit\u00e0 di trasporto di pazienti che,in considerazione dell\u2019estensione territoriale dell\u2019ULSS Dolomiti, delle sue peculiari caratteristiche morfologiche e climatiche, delle distanze da percorrere e la conseguente impossibilit\u00e0 di garantire un efficace ed efficiente servizio di trasporto e soccorso con&hellip;<\/p>\n","protected":false},"author":4,"featured_media":96708,"comment_status":"closed","ping_status":"open","sticky":false,"template":"","format":"standard","meta":{"_monsterinsights_skip_tracking":false,"_monsterinsights_sitenote_active":false,"_monsterinsights_sitenote_note":"","_monsterinsights_sitenote_category":0,"footnotes":""},"categories":[51,49],"tags":[],"class_list":["post-251763","post","type-post","status-publish","format-standard","has-post-thumbnail","hentry","category-evidenza-top","category-news-18","category-51","category-49","description-off"],"img_url":"https:\/\/www.radiopiu.net\/wordpress\/wp-content\/uploads\/2019\/08\/CROCE-VERDE-ALLEGHE.jpg","_links":{"self":[{"href":"https:\/\/www.radiopiu.net\/wordpress\/wp-json\/wp\/v2\/posts\/251763","targetHints":{"allow":["GET"]}}],"collection":[{"href":"https:\/\/www.radiopiu.net\/wordpress\/wp-json\/wp\/v2\/posts"}],"about":[{"href":"https:\/\/www.radiopiu.net\/wordpress\/wp-json\/wp\/v2\/types\/post"}],"author":[{"embeddable":true,"href":"https:\/\/www.radiopiu.net\/wordpress\/wp-json\/wp\/v2\/users\/4"}],"replies":[{"embeddable":true,"href":"https:\/\/www.radiopiu.net\/wordpress\/wp-json\/wp\/v2\/comments?post=251763"}],"version-history":[{"count":0,"href":"https:\/\/www.radiopiu.net\/wordpress\/wp-json\/wp\/v2\/posts\/251763\/revisions"}],"wp:featuredmedia":[{"embeddable":true,"href":"https:\/\/www.radiopiu.net\/wordpress\/wp-json\/wp\/v2\/media\/96708"}],"wp:attachment":[{"href":"https:\/\/www.radiopiu.net\/wordpress\/wp-json\/wp\/v2\/media?parent=251763"}],"wp:term":[{"taxonomy":"category","embeddable":true,"href":"https:\/\/www.radiopiu.net\/wordpress\/wp-json\/wp\/v2\/categories?post=251763"},{"taxonomy":"post_tag","embeddable":true,"href":"https:\/\/www.radiopiu.net\/wordpress\/wp-json\/wp\/v2\/tags?post=251763"}],"curies":[{"name":"wp","href":"https:\/\/api.w.org\/{rel}","templated":true}]}}