{"id":251822,"date":"2022-01-02T13:29:20","date_gmt":"2022-01-02T12:29:20","guid":{"rendered":"https:\/\/www.radiopiu.net\/wordpress\/?p=251822"},"modified":"2022-01-02T13:29:21","modified_gmt":"2022-01-02T12:29:21","slug":"collage-operazione-nostalgia-da-domani-le-puntate-che-inaugurano-il-2022","status":"publish","type":"post","link":"https:\/\/www.radiopiu.net\/wordpress\/collage-operazione-nostalgia-da-domani-le-puntate-che-inaugurano-il-2022\/","title":{"rendered":"COLLAGE, OPERAZIONE NOSTALGIA. DA DOMANI LE PUNTATE CHE INAUGURANO IL 2022"},"content":{"rendered":"<p><strong>di Loris Scussel<\/strong><\/p>\n<p><a href=\"https:\/\/www.radiopiu.net\/wordpress\/?attachment_id=251797\" rel=\"attachment wp-att-251797\"><img loading=\"lazy\" decoding=\"async\" class=\" wp-image-251797 alignleft\" src=\"https:\/\/www.radiopiu.net\/wordpress\/wp-content\/uploads\/2022\/01\/Barbara-Ann.jpg\" alt=\"\" width=\"137\" height=\"96\" \/><\/a>Anche nel nuovo anno Collage prosegue la sua programmazione iniziata nel dicembre 2013 con le proposte musicali pi\u00f9 o meno note, alternando generi spesso molto diversi tra loro con l\u2019obiettivo di creare un collage musicale vario, questa settimana ascolteremo tra l\u2019altro una puntata dedicata alle voci femminili italiane ed un\u2019altra ai complessi cosiddetti \u201cbeat\u201d che molti ascoltatori hanno dimostrato di gradire in modo particolare. Il programma andr\u00e0 in onda dal luned\u00ec al venerd\u00ec alle 16,00 e alle 23,00.<\/p>\n<p>&nbsp;<\/p>\n<p>&nbsp;<\/p>\n<p>&nbsp;<\/p>\n<p>*****<\/p>\n","protected":false},"excerpt":{"rendered":"<p>di Loris Scussel Anche nel nuovo anno Collage prosegue la sua programmazione iniziata nel dicembre 2013 con le proposte musicali pi\u00f9 o meno note, alternando generi spesso molto diversi tra loro con l\u2019obiettivo di creare un collage musicale vario, questa settimana ascolteremo tra l\u2019altro una puntata dedicata alle voci femminili italiane ed un\u2019altra ai complessi&hellip;<\/p>\n","protected":false},"author":4,"featured_media":251797,"comment_status":"closed","ping_status":"open","sticky":false,"template":"","format":"standard","meta":{"_monsterinsights_skip_tracking":false,"_monsterinsights_sitenote_active":false,"_monsterinsights_sitenote_note":"","_monsterinsights_sitenote_category":0,"footnotes":""},"categories":[49],"tags":[],"class_list":["post-251822","post","type-post","status-publish","format-standard","has-post-thumbnail","hentry","category-news-18","category-49","description-off"],"img_url":"https:\/\/www.radiopiu.net\/wordpress\/wp-content\/uploads\/2022\/01\/Barbara-Ann.jpg","_links":{"self":[{"href":"https:\/\/www.radiopiu.net\/wordpress\/wp-json\/wp\/v2\/posts\/251822","targetHints":{"allow":["GET"]}}],"collection":[{"href":"https:\/\/www.radiopiu.net\/wordpress\/wp-json\/wp\/v2\/posts"}],"about":[{"href":"https:\/\/www.radiopiu.net\/wordpress\/wp-json\/wp\/v2\/types\/post"}],"author":[{"embeddable":true,"href":"https:\/\/www.radiopiu.net\/wordpress\/wp-json\/wp\/v2\/users\/4"}],"replies":[{"embeddable":true,"href":"https:\/\/www.radiopiu.net\/wordpress\/wp-json\/wp\/v2\/comments?post=251822"}],"version-history":[{"count":0,"href":"https:\/\/www.radiopiu.net\/wordpress\/wp-json\/wp\/v2\/posts\/251822\/revisions"}],"wp:featuredmedia":[{"embeddable":true,"href":"https:\/\/www.radiopiu.net\/wordpress\/wp-json\/wp\/v2\/media\/251797"}],"wp:attachment":[{"href":"https:\/\/www.radiopiu.net\/wordpress\/wp-json\/wp\/v2\/media?parent=251822"}],"wp:term":[{"taxonomy":"category","embeddable":true,"href":"https:\/\/www.radiopiu.net\/wordpress\/wp-json\/wp\/v2\/categories?post=251822"},{"taxonomy":"post_tag","embeddable":true,"href":"https:\/\/www.radiopiu.net\/wordpress\/wp-json\/wp\/v2\/tags?post=251822"}],"curies":[{"name":"wp","href":"https:\/\/api.w.org\/{rel}","templated":true}]}}