{"id":251832,"date":"2022-01-02T15:52:51","date_gmt":"2022-01-02T14:52:51","guid":{"rendered":"https:\/\/www.radiopiu.net\/wordpress\/?p=251832"},"modified":"2022-01-02T15:58:26","modified_gmt":"2022-01-02T14:58:26","slug":"meraviglie-dal-cielo","status":"publish","type":"post","link":"https:\/\/www.radiopiu.net\/wordpress\/meraviglie-dal-cielo\/","title":{"rendered":"MERAVIGLIE DAL CIELO"},"content":{"rendered":"<p><strong>di Claudio Pra<\/strong><\/p>\n<p>In questi primi giorni del 2022 il pianeta Venere sta passando fra noi e il sole, raggiungendo la minima distanza dalla Terra (ci\u00f2 avverr\u00e0 il giorno 8 gennaio). Per questo \u00e8 visibile nelle sue dimensioni massime ed a forma di esilissimo falcetto. Basta un piccolo binocolo per osservarlo, anche se l&#8217; operazione non \u00e8 semplice a causa della vicinanza al Sole. Proprio per questo occorre prestare la massima attenzione per non rischiare danni all&#8217;occhio. Venere, da lungo tempo visibile alla sera dopo il tramonto, dopo il 9 gennaio diverr\u00e0 visibile al mattino prima della levata della nostra stella, ricominciando ad aumentare di fase man mano che si allontana dal Sole. La sua grande luminosit\u00e0 permette per\u00f2 di poterlo scorgere anche in pieno giorno (sapendo dove puntare lo sguardo). Nella foto 1 il pianeta ripreso il 2 gennaio nei pressi della Cima di Terranova (Gruppo Civetta). Nella foto 2 Venere al telescopio con interposizione di un filtro rosso per evidenziarlo meglio.<\/p>\n\n\t\t\t<style type='text\/css'>\n\t\t\t\t#gallery-1 {\n\t\t\t\t\tmargin: auto;\n\t\t\t\t}\n\t\t\t\t#gallery-1 .gallery-item {\n\t\t\t\t\tfloat: left;\n\t\t\t\t\tmargin-top: 10px;\n\t\t\t\t\ttext-align: center;\n\t\t\t\t\twidth: 50%;\n\t\t\t\t}\n\t\t\t\t#gallery-1 img {\n\t\t\t\t\tborder: 2px solid #cfcfcf;\n\t\t\t\t}\n\t\t\t\t#gallery-1 .gallery-caption {\n\t\t\t\t\tmargin-left: 0;\n\t\t\t\t}\n\t\t\t\t\/* see gallery_shortcode() in wp-includes\/media.php *\/\n\t\t\t<\/style>\n\t\t<div id='gallery-1' class='dt-gallery-container gallery galleryid-251832 gallery-columns-2 gallery-size-medium'><dl class='gallery-item'>\n\t\t\t\t<dt class='gallery-icon landscape'>\n\t\t\t\t\t<a class=\"rollover rollover-zoom dt-pswp-item\" title=\"a424d5f0-96f7-4f50-a7eb-37721820f2ca\" data-dt-img-description=\"\" data-large_image_width=\"1334\" data-large_image_height=\"1000\"href='https:\/\/www.radiopiu.net\/wordpress\/wp-content\/uploads\/2022\/01\/a424d5f0-96f7-4f50-a7eb-37721820f2ca.jpg'><img loading=\"lazy\" decoding=\"async\" width=\"300\" height=\"225\" src=\"https:\/\/www.radiopiu.net\/wordpress\/wp-content\/uploads\/2022\/01\/a424d5f0-96f7-4f50-a7eb-37721820f2ca-300x225.jpg\" class=\"attachment-medium size-medium\" alt=\"\" aria-describedby=\"gallery-1-251863\" srcset=\"https:\/\/www.radiopiu.net\/wordpress\/wp-content\/uploads\/2022\/01\/a424d5f0-96f7-4f50-a7eb-37721820f2ca-300x225.jpg 300w, https:\/\/www.radiopiu.net\/wordpress\/wp-content\/uploads\/2022\/01\/a424d5f0-96f7-4f50-a7eb-37721820f2ca-1024x768.jpg 1024w, https:\/\/www.radiopiu.net\/wordpress\/wp-content\/uploads\/2022\/01\/a424d5f0-96f7-4f50-a7eb-37721820f2ca-768x576.jpg 768w, https:\/\/www.radiopiu.net\/wordpress\/wp-content\/uploads\/2022\/01\/a424d5f0-96f7-4f50-a7eb-37721820f2ca.jpg 1334w\" sizes=\"auto, (max-width: 300px) 100vw, 300px\" \/><\/a>\n\t\t\t\t<\/dt>\n\t\t\t\t\t<dd class='wp-caption-text gallery-caption' id='gallery-1-251863'>\n\t\t\t\t\tFOTO 1\n\t\t\t\t\t<\/dd><\/dl><dl class='gallery-item'>\n\t\t\t\t<dt class='gallery-icon landscape'>\n\t\t\t\t\t<a class=\"rollover rollover-zoom dt-pswp-item\" title=\"d53e50bf-d45b-4a7d-8d08-a8b9f1311ba0\" data-dt-img-description=\"\" data-large_image_width=\"1600\" data-large_image_height=\"900\"href='https:\/\/www.radiopiu.net\/wordpress\/wp-content\/uploads\/2022\/01\/d53e50bf-d45b-4a7d-8d08-a8b9f1311ba0.jpg'><img loading=\"lazy\" decoding=\"async\" width=\"300\" height=\"169\" src=\"https:\/\/www.radiopiu.net\/wordpress\/wp-content\/uploads\/2022\/01\/d53e50bf-d45b-4a7d-8d08-a8b9f1311ba0-300x169.jpg\" class=\"attachment-medium size-medium\" alt=\"\" aria-describedby=\"gallery-1-251864\" srcset=\"https:\/\/www.radiopiu.net\/wordpress\/wp-content\/uploads\/2022\/01\/d53e50bf-d45b-4a7d-8d08-a8b9f1311ba0-300x169.jpg 300w, https:\/\/www.radiopiu.net\/wordpress\/wp-content\/uploads\/2022\/01\/d53e50bf-d45b-4a7d-8d08-a8b9f1311ba0-1024x576.jpg 1024w, https:\/\/www.radiopiu.net\/wordpress\/wp-content\/uploads\/2022\/01\/d53e50bf-d45b-4a7d-8d08-a8b9f1311ba0-768x432.jpg 768w, https:\/\/www.radiopiu.net\/wordpress\/wp-content\/uploads\/2022\/01\/d53e50bf-d45b-4a7d-8d08-a8b9f1311ba0-1536x864.jpg 1536w, https:\/\/www.radiopiu.net\/wordpress\/wp-content\/uploads\/2022\/01\/d53e50bf-d45b-4a7d-8d08-a8b9f1311ba0.jpg 1600w\" sizes=\"auto, (max-width: 300px) 100vw, 300px\" \/><\/a>\n\t\t\t\t<\/dt>\n\t\t\t\t\t<dd class='wp-caption-text gallery-caption' id='gallery-1-251864'>\n\t\t\t\t\tFOTO 2\n\t\t\t\t\t<\/dd><\/dl><br style=\"clear: both\" \/>\n\t\t\t<\/div>\n\n<p>&nbsp;<\/p>\n<p>&nbsp;<\/p>\n<p>*****<\/p>\n","protected":false},"excerpt":{"rendered":"<p>di Claudio Pra In questi primi giorni del 2022 il pianeta Venere sta passando fra noi e il sole, raggiungendo la minima distanza dalla Terra (ci\u00f2 avverr\u00e0 il giorno 8 gennaio). Per questo \u00e8 visibile nelle sue dimensioni massime ed a forma di esilissimo falcetto. Basta un piccolo binocolo per osservarlo, anche se l&#8217; operazione&hellip;<\/p>\n","protected":false},"author":4,"featured_media":251863,"comment_status":"closed","ping_status":"open","sticky":false,"template":"","format":"standard","meta":{"_monsterinsights_skip_tracking":false,"_monsterinsights_sitenote_active":false,"_monsterinsights_sitenote_note":"","_monsterinsights_sitenote_category":0,"footnotes":""},"categories":[49],"tags":[],"class_list":["post-251832","post","type-post","status-publish","format-standard","has-post-thumbnail","hentry","category-news-18","category-49","description-off"],"img_url":"https:\/\/www.radiopiu.net\/wordpress\/wp-content\/uploads\/2022\/01\/a424d5f0-96f7-4f50-a7eb-37721820f2ca.jpg","_links":{"self":[{"href":"https:\/\/www.radiopiu.net\/wordpress\/wp-json\/wp\/v2\/posts\/251832","targetHints":{"allow":["GET"]}}],"collection":[{"href":"https:\/\/www.radiopiu.net\/wordpress\/wp-json\/wp\/v2\/posts"}],"about":[{"href":"https:\/\/www.radiopiu.net\/wordpress\/wp-json\/wp\/v2\/types\/post"}],"author":[{"embeddable":true,"href":"https:\/\/www.radiopiu.net\/wordpress\/wp-json\/wp\/v2\/users\/4"}],"replies":[{"embeddable":true,"href":"https:\/\/www.radiopiu.net\/wordpress\/wp-json\/wp\/v2\/comments?post=251832"}],"version-history":[{"count":0,"href":"https:\/\/www.radiopiu.net\/wordpress\/wp-json\/wp\/v2\/posts\/251832\/revisions"}],"wp:featuredmedia":[{"embeddable":true,"href":"https:\/\/www.radiopiu.net\/wordpress\/wp-json\/wp\/v2\/media\/251863"}],"wp:attachment":[{"href":"https:\/\/www.radiopiu.net\/wordpress\/wp-json\/wp\/v2\/media?parent=251832"}],"wp:term":[{"taxonomy":"category","embeddable":true,"href":"https:\/\/www.radiopiu.net\/wordpress\/wp-json\/wp\/v2\/categories?post=251832"},{"taxonomy":"post_tag","embeddable":true,"href":"https:\/\/www.radiopiu.net\/wordpress\/wp-json\/wp\/v2\/tags?post=251832"}],"curies":[{"name":"wp","href":"https:\/\/api.w.org\/{rel}","templated":true}]}}