{"id":251992,"date":"2022-01-04T05:41:28","date_gmt":"2022-01-04T04:41:28","guid":{"rendered":"https:\/\/www.radiopiu.net\/wordpress\/?p=251992"},"modified":"2022-01-04T06:16:16","modified_gmt":"2022-01-04T05:16:16","slug":"puntastampa03","status":"publish","type":"post","link":"https:\/\/www.radiopiu.net\/wordpress\/puntastampa03\/","title":{"rendered":"ANCORA UN PAIO DI SETTIMANE IN GIALLO"},"content":{"rendered":"<p><strong>VENEZIA<\/strong>\u00a0Diretta da Marghera, punto stampa del Presidente Luca Zaia.<\/p>\n<p><strong>IL BOLLETTINO <\/strong>POSITIVI 6468\u00a0 INCIDENZA\u00a0 \u00a012,99 % POSITIVI TOTALI 670.277\u00a0 \u00a0 POSITIVI ATTUALI 111.589\u00a0 \u00a0RICOVERATI 1516\u00a0 (+50), IN AREA NON CRITICA 1316\u00a0 (+52) IN TERAPIA INTENSIVA 200\u00a0 (-2) TERAPIE INTENSIVE NON COVID 267\u00a0 DECESSI 12417\u00a0 (+9)<\/p>\n<blockquote>\n<h3>LEGGI LA CONFERENZA STAMPA<\/h3>\n<p><em>Siamo comunque preoccupati per la situazione dei ricoveri, dove i non vaccinati sono l&#8217;80% dei pazienti in terapia intensiva. E uno su due in area non critica \u00e8 non vaccinato,\u00a0 sono meno del 13% della popolazione veneta. Io penso che\u00a0mandare in Dad i bambini non vaccinati, quando non c&#8217;\u00e8 l&#8217;obbligo, sia\u00a0discriminatorio.<\/em><\/p><\/blockquote>\n<p><strong>VENETO ANCORA IN GIALLO<\/strong> 33.770 vaccini nelle ultime 24 ore, 26mila dosi booster. ,\u00a0 incidenza 820 su 100mila abitanti, Rt 1,19 area non critica 19,5% (si passa in arancione quando questa percentuale arriver\u00e0 a 30% con 1800 ricoverati) terapia intensiva 18,6 (fascia arancione a 20%). Ancora per due settimane in giallo<strong> RISPETTARE LE REGOLE<\/strong> Abbiamo reportage fotografici dove le mascherine sono un&#8217;utopia. E siamo in zona gialla, la mascherina all&#8217;aperto \u00e8 obbligatoria. L&#8217;altro aspetto sono gli incontri, le cene: io dico, fate un tampone rapido prima, anche se siete amici o parenti. <strong>SCUOLA DAD AL RIENTRO DALLE VACANZE<\/strong> Il mio pensiero: non si puo&#8217; mandare in Dad i bimbi non vaccinati perch\u00e9 \u00e8 discriminatorio. Spesso sono bimbi di genitori vaccinati, si rischierebbe un mix di conflitti sociali, anche se sulla scuola bisogner\u00e0 intervenire\u00a0 e lo faremo con proposte innovative, ma sia chiaro non sto parlando di chiusure. Per ora non anticipiamo nulla delle modifiche delle regole rispetto alla durata delle quarantene e chi dovr\u00e0 farla rispetto alla situazione vaccinale. Non discrimineremo il vaccinato e il non vaccinato.\u00a0 Avremmo potuto fare come la Gran Bretagna se avessimo portato avanti il tampone fai da te, e cos\u00ec chiedere il test prima del ritorno in classe. <strong>CHI PRENDERA&#8217; LE DECISIONI ?<\/strong> Il tavolo nazionale, scusatemi ma per correttezza verso gli altri dobbiamo attendere le decisioni ufficiali e comuni.\u00a0 <strong>COME SONO LE RE INFEZIONI?<\/strong> Di norma. I dati rientrano nello spettro delle casistiche note. Aver avuto il covid non \u00e8 come ottenere una patente. <strong>QUARTA DOSE<\/strong>\u00a0 \u00a0presumo che a giugno ci faranno la quarta. Chiederemo che questo sia comunicato almeno per tempo<\/p>\n<p><strong><a href=\"https:\/\/www.radiopiu.net\/wordpress\/il-punto-stampa-di-luca-zaia-sullemergenza-covid-19\/ce2e1d43-a711-4eb8-9a36-15c6439836a8\/\" rel=\"attachment wp-att-178348\"><img loading=\"lazy\" decoding=\"async\" class=\"size-medium wp-image-178348 alignleft\" src=\"https:\/\/www.radiopiu.net\/wordpress\/wp-content\/uploads\/2020\/12\/ce2e1d43-a711-4eb8-9a36-15c6439836a8-300x225.jpg\" alt=\"\" width=\"300\" height=\"225\" srcset=\"https:\/\/www.radiopiu.net\/wordpress\/wp-content\/uploads\/2020\/12\/ce2e1d43-a711-4eb8-9a36-15c6439836a8-300x225.jpg 300w, https:\/\/www.radiopiu.net\/wordpress\/wp-content\/uploads\/2020\/12\/ce2e1d43-a711-4eb8-9a36-15c6439836a8-1024x768.jpg 1024w, https:\/\/www.radiopiu.net\/wordpress\/wp-content\/uploads\/2020\/12\/ce2e1d43-a711-4eb8-9a36-15c6439836a8-768x576.jpg 768w, https:\/\/www.radiopiu.net\/wordpress\/wp-content\/uploads\/2020\/12\/ce2e1d43-a711-4eb8-9a36-15c6439836a8-1536x1152.jpg 1536w, https:\/\/www.radiopiu.net\/wordpress\/wp-content\/uploads\/2020\/12\/ce2e1d43-a711-4eb8-9a36-15c6439836a8.jpg 1600w\" sizes=\"auto, (max-width: 300px) 100vw, 300px\" \/><\/a>LA DOTTORESSA FRANCESCA RUSSO il capo della prevenzione in Veneto<\/strong><br \/>\nnorme sulle quarantene. Abbiamo moltissimi positivi in tutte le regioni, il tracciamento \u00e8 difficile da seguire, e ci sono moltissimi vaccinati, anche con terza dose. Abbiamo una nuova variante e occorre tener conto delle caratteristiche della Omicron, che\u00a0 si risolve in 5 giorni. Per il soggetto positivo scatta l&#8217;isolamento, se \u00e8 vaccinato anche con booster e negli ultimi 3 giorni \u00e8 asintomatico\u00a0 i giorni di quarantena scendono da 10 a 7. Se il contatto non \u00e8 vaccinato o ha fatto una prima dose da meno di 14 giorni, resta la quarantena dei 10 giorni e alla fine far\u00e0 un tampone antigenico o molecolare, se negativo esce. Se il contatto ha fatto 2 dosi da pi\u00f9 di 120 giorni, la quarantena \u00e8 di 5 giorni, alla fine test. Se ha fatto 2 dosi e booster, oppure \u00e8 guarito da meno di 120 giorni dal Covid, non \u00e8 soggetto a quarantena ma va in autosorveglianza, deve mantenere sempre la mascherina Ffp2. Se diventa positivo diventa un caso. I contatti a basso rischio vanno in auto sorveglianza senza restrizioni. Gli operatori sanitari seguono il DPCM \u00a0e chi si contagia fuori dall&#8217;ambiente lavorativo pu\u00f2 tornare al lavoro ma facendo un tampone al giorno.<\/p>\n<p><span style=\"color: #0000ff;\"><strong><a style=\"color: #0000ff;\" href=\"https:\/\/www.facebook.com\/ReteVeneta\/videos\/961212054823053\">AUDIO CLICCA QUI\u00a0<\/a><\/strong><\/span><\/p>\n<p>&nbsp;<\/p>\n<p>&nbsp;<\/p>\n<h3><\/h3>\n<p>&nbsp;<\/p>\n<p>&nbsp;<\/p>\n<h3><\/h3>\n<p>&nbsp;<\/p>\n<p>&nbsp;<\/p>\n<p>&nbsp;<\/p>\n<h3><\/h3>\n<p>&nbsp;<\/p>\n<p>&nbsp;<\/p>\n<p>&nbsp;<\/p>\n<p>&nbsp;<\/p>\n<p>&nbsp;<\/p>\n<p>&nbsp;<\/p>\n","protected":false},"excerpt":{"rendered":"<p>VENEZIA\u00a0Diretta da Marghera, punto stampa del Presidente Luca Zaia. IL BOLLETTINO POSITIVI 6468\u00a0 INCIDENZA\u00a0 \u00a012,99 % POSITIVI TOTALI 670.277\u00a0 \u00a0 POSITIVI ATTUALI 111.589\u00a0 \u00a0RICOVERATI 1516\u00a0 (+50), IN AREA NON CRITICA 1316\u00a0 (+52) IN TERAPIA INTENSIVA 200\u00a0 (-2) TERAPIE INTENSIVE NON COVID 267\u00a0 DECESSI 12417\u00a0 (+9) LEGGI LA CONFERENZA STAMPA Siamo comunque preoccupati per la situazione&hellip;<\/p>\n","protected":false},"author":4,"featured_media":175390,"comment_status":"closed","ping_status":"open","sticky":false,"template":"","format":"standard","meta":{"_monsterinsights_skip_tracking":false,"_monsterinsights_sitenote_active":false,"_monsterinsights_sitenote_note":"","_monsterinsights_sitenote_category":0,"footnotes":""},"categories":[51,49],"tags":[],"class_list":["post-251992","post","type-post","status-publish","format-standard","has-post-thumbnail","hentry","category-evidenza-top","category-news-18","category-51","category-49","description-off"],"img_url":"https:\/\/www.radiopiu.net\/wordpress\/wp-content\/uploads\/2020\/11\/ZAIA-2.jpg","_links":{"self":[{"href":"https:\/\/www.radiopiu.net\/wordpress\/wp-json\/wp\/v2\/posts\/251992","targetHints":{"allow":["GET"]}}],"collection":[{"href":"https:\/\/www.radiopiu.net\/wordpress\/wp-json\/wp\/v2\/posts"}],"about":[{"href":"https:\/\/www.radiopiu.net\/wordpress\/wp-json\/wp\/v2\/types\/post"}],"author":[{"embeddable":true,"href":"https:\/\/www.radiopiu.net\/wordpress\/wp-json\/wp\/v2\/users\/4"}],"replies":[{"embeddable":true,"href":"https:\/\/www.radiopiu.net\/wordpress\/wp-json\/wp\/v2\/comments?post=251992"}],"version-history":[{"count":0,"href":"https:\/\/www.radiopiu.net\/wordpress\/wp-json\/wp\/v2\/posts\/251992\/revisions"}],"wp:featuredmedia":[{"embeddable":true,"href":"https:\/\/www.radiopiu.net\/wordpress\/wp-json\/wp\/v2\/media\/175390"}],"wp:attachment":[{"href":"https:\/\/www.radiopiu.net\/wordpress\/wp-json\/wp\/v2\/media?parent=251992"}],"wp:term":[{"taxonomy":"category","embeddable":true,"href":"https:\/\/www.radiopiu.net\/wordpress\/wp-json\/wp\/v2\/categories?post=251992"},{"taxonomy":"post_tag","embeddable":true,"href":"https:\/\/www.radiopiu.net\/wordpress\/wp-json\/wp\/v2\/tags?post=251992"}],"curies":[{"name":"wp","href":"https:\/\/api.w.org\/{rel}","templated":true}]}}