{"id":252048,"date":"2022-01-03T12:32:33","date_gmt":"2022-01-03T11:32:33","guid":{"rendered":"https:\/\/www.radiopiu.net\/wordpress\/?p=252048"},"modified":"2022-01-04T05:57:32","modified_gmt":"2022-01-04T04:57:32","slug":"dal-capo-comun-fodom","status":"publish","type":"post","link":"https:\/\/www.radiopiu.net\/wordpress\/dal-capo-comun-fodom\/","title":{"rendered":"DAL CAPO COMUN FODOM L&#8217;AUGURIO DI BUON ANNO"},"content":{"rendered":"<div dir=\"auto\"><\/div>\n<div dir=\"auto\"><strong>IL MESSAGGIO D&#8217;INIZIO ANNO DEL SINDACO LEANDRO GRONES<\/strong><\/div>\n<div dir=\"auto\"><a href=\"https:\/\/www.radiopiu.net\/wordpress\/dal-capo-comun-fodom-laugurio-di-buon-anno\/95571921_3368240483228901_6324138944480935936_n\/\" rel=\"attachment wp-att-252049\"><img loading=\"lazy\" decoding=\"async\" class=\"wp-image-252049 alignleft\" src=\"https:\/\/www.radiopiu.net\/wordpress\/wp-content\/uploads\/2022\/01\/95571921_3368240483228901_6324138944480935936_n-300x300.jpg\" alt=\"\" width=\"165\" height=\"165\" srcset=\"https:\/\/www.radiopiu.net\/wordpress\/wp-content\/uploads\/2022\/01\/95571921_3368240483228901_6324138944480935936_n-300x300.jpg 300w, https:\/\/www.radiopiu.net\/wordpress\/wp-content\/uploads\/2022\/01\/95571921_3368240483228901_6324138944480935936_n-150x150.jpg 150w, https:\/\/www.radiopiu.net\/wordpress\/wp-content\/uploads\/2022\/01\/95571921_3368240483228901_6324138944480935936_n.jpg 724w\" sizes=\"auto, (max-width: 165px) 100vw, 165px\" \/><\/a><strong>LIVINALLONGO<\/strong> A San Silvestro \u00e8 intitolata la Chiesa di Larzonei consacrata nel 1516, distrutta dai bombardamenti il 7 luglio 1915 e riconsacrata nel 1929. L\u2019altare \u00e8 opera dello scultore Ingenuino Degasper e la pala raffigurante il Santo tutelare \u00e8 opera del pittore Orazio Gaiger. Oggi dopo la S. Messa celebrata da Don Andrea non si \u00e8 potuto festeggiare come di consueto il Santo Patrono ma \u00e8 stata ugualmente una giornata speciale, unica, vera. Una giornata che chiude un anno difficile ma ne apre uno nuovo, da dipingere giorno per giorno con nuovi sogni da realizzare, con le proprie sfide e le proprie aspirazioni, con le piccole gioie quotidiane e anche con le difficolt\u00e0 che sapremo superare con carattere e con la forza della fede, con il mettere a disposizione un po\u2019 del proprio tempo per chi vive situazioni di difficolt\u00e0 ma anche per la collettivit\u00e0, con l\u2019impegno quotidiano nello studio e nel lavoro, con la gioia di vivere quotidianamente la nostra comunit\u00e0! Dalla bellissima Frazione di Larzonei l\u2019augurio mio e di tutta l\u2019Amministrazione comunale per un nuovo anno ricco di soddisfazioni e opportunit\u00e0.<\/div>\n<div dir=\"auto\">Buon2022! Bon Ann a du\u0107!<\/div>\n<div dir=\"auto\"><\/div>\n<div dir=\"auto\">\n\n\t\t\t<style type='text\/css'>\n\t\t\t\t#gallery-1 {\n\t\t\t\t\tmargin: auto;\n\t\t\t\t}\n\t\t\t\t#gallery-1 .gallery-item {\n\t\t\t\t\tfloat: left;\n\t\t\t\t\tmargin-top: 10px;\n\t\t\t\t\ttext-align: center;\n\t\t\t\t\twidth: 50%;\n\t\t\t\t}\n\t\t\t\t#gallery-1 img {\n\t\t\t\t\tborder: 2px solid #cfcfcf;\n\t\t\t\t}\n\t\t\t\t#gallery-1 .gallery-caption {\n\t\t\t\t\tmargin-left: 0;\n\t\t\t\t}\n\t\t\t\t\/* see gallery_shortcode() in wp-includes\/media.php *\/\n\t\t\t<\/style>\n\t\t<div id='gallery-1' class='dt-gallery-container gallery galleryid-252048 gallery-columns-2 gallery-size-medium'><dl class='gallery-item'>\n\t\t\t\t<dt class='gallery-icon landscape'>\n\t\t\t\t\t<a class=\"rollover rollover-zoom dt-pswp-item\" title=\"270919982_5174940382558893_9157831392617465076_n\" data-dt-img-description=\"\" data-large_image_width=\"587\" data-large_image_height=\"403\"href='https:\/\/www.radiopiu.net\/wordpress\/wp-content\/uploads\/2022\/01\/270919982_5174940382558893_9157831392617465076_n.jpg'><img loading=\"lazy\" decoding=\"async\" width=\"300\" height=\"206\" src=\"https:\/\/www.radiopiu.net\/wordpress\/wp-content\/uploads\/2022\/01\/270919982_5174940382558893_9157831392617465076_n-300x206.jpg\" class=\"attachment-medium size-medium\" alt=\"\" srcset=\"https:\/\/www.radiopiu.net\/wordpress\/wp-content\/uploads\/2022\/01\/270919982_5174940382558893_9157831392617465076_n-300x206.jpg 300w, https:\/\/www.radiopiu.net\/wordpress\/wp-content\/uploads\/2022\/01\/270919982_5174940382558893_9157831392617465076_n.jpg 587w\" sizes=\"auto, (max-width: 300px) 100vw, 300px\" \/><\/a>\n\t\t\t\t<\/dt><\/dl><dl class='gallery-item'>\n\t\t\t\t<dt class='gallery-icon landscape'>\n\t\t\t\t\t<a class=\"rollover rollover-zoom dt-pswp-item\" title=\"271119368_5174883302564601_3087658170984327144_n\" data-dt-img-description=\"\" data-large_image_width=\"600\" data-large_image_height=\"450\"href='https:\/\/www.radiopiu.net\/wordpress\/wp-content\/uploads\/2022\/01\/271119368_5174883302564601_3087658170984327144_n.jpg'><img loading=\"lazy\" decoding=\"async\" width=\"300\" height=\"225\" src=\"https:\/\/www.radiopiu.net\/wordpress\/wp-content\/uploads\/2022\/01\/271119368_5174883302564601_3087658170984327144_n-300x225.jpg\" class=\"attachment-medium size-medium\" alt=\"\" srcset=\"https:\/\/www.radiopiu.net\/wordpress\/wp-content\/uploads\/2022\/01\/271119368_5174883302564601_3087658170984327144_n-300x225.jpg 300w, https:\/\/www.radiopiu.net\/wordpress\/wp-content\/uploads\/2022\/01\/271119368_5174883302564601_3087658170984327144_n.jpg 600w\" sizes=\"auto, (max-width: 300px) 100vw, 300px\" \/><\/a>\n\t\t\t\t<\/dt><\/dl><br style=\"clear: both\" \/>\n\t\t\t<\/div>\n\n<\/div>\n","protected":false},"excerpt":{"rendered":"<p>IL MESSAGGIO D&#8217;INIZIO ANNO DEL SINDACO LEANDRO GRONES LIVINALLONGO A San Silvestro \u00e8 intitolata la Chiesa di Larzonei consacrata nel 1516, distrutta dai bombardamenti il 7 luglio 1915 e riconsacrata nel 1929. L\u2019altare \u00e8 opera dello scultore Ingenuino Degasper e la pala raffigurante il Santo tutelare \u00e8 opera del pittore Orazio Gaiger. Oggi dopo la&hellip;<\/p>\n","protected":false},"author":4,"featured_media":252049,"comment_status":"closed","ping_status":"open","sticky":false,"template":"","format":"standard","meta":{"_monsterinsights_skip_tracking":false,"_monsterinsights_sitenote_active":false,"_monsterinsights_sitenote_note":"","_monsterinsights_sitenote_category":0,"footnotes":""},"categories":[51,49],"tags":[],"class_list":["post-252048","post","type-post","status-publish","format-standard","has-post-thumbnail","hentry","category-evidenza-top","category-news-18","category-51","category-49","description-off"],"img_url":"https:\/\/www.radiopiu.net\/wordpress\/wp-content\/uploads\/2022\/01\/95571921_3368240483228901_6324138944480935936_n.jpg","_links":{"self":[{"href":"https:\/\/www.radiopiu.net\/wordpress\/wp-json\/wp\/v2\/posts\/252048","targetHints":{"allow":["GET"]}}],"collection":[{"href":"https:\/\/www.radiopiu.net\/wordpress\/wp-json\/wp\/v2\/posts"}],"about":[{"href":"https:\/\/www.radiopiu.net\/wordpress\/wp-json\/wp\/v2\/types\/post"}],"author":[{"embeddable":true,"href":"https:\/\/www.radiopiu.net\/wordpress\/wp-json\/wp\/v2\/users\/4"}],"replies":[{"embeddable":true,"href":"https:\/\/www.radiopiu.net\/wordpress\/wp-json\/wp\/v2\/comments?post=252048"}],"version-history":[{"count":0,"href":"https:\/\/www.radiopiu.net\/wordpress\/wp-json\/wp\/v2\/posts\/252048\/revisions"}],"wp:featuredmedia":[{"embeddable":true,"href":"https:\/\/www.radiopiu.net\/wordpress\/wp-json\/wp\/v2\/media\/252049"}],"wp:attachment":[{"href":"https:\/\/www.radiopiu.net\/wordpress\/wp-json\/wp\/v2\/media?parent=252048"}],"wp:term":[{"taxonomy":"category","embeddable":true,"href":"https:\/\/www.radiopiu.net\/wordpress\/wp-json\/wp\/v2\/categories?post=252048"},{"taxonomy":"post_tag","embeddable":true,"href":"https:\/\/www.radiopiu.net\/wordpress\/wp-json\/wp\/v2\/tags?post=252048"}],"curies":[{"name":"wp","href":"https:\/\/api.w.org\/{rel}","templated":true}]}}