{"id":252093,"date":"2022-01-04T05:37:14","date_gmt":"2022-01-04T04:37:14","guid":{"rendered":"https:\/\/www.radiopiu.net\/wordpress\/?p=252093"},"modified":"2022-01-04T06:16:57","modified_gmt":"2022-01-04T05:16:57","slug":"montanari-incuneati-tra-le-valli-in-attesa-di-segnali-forti-dal-governo-i","status":"publish","type":"post","link":"https:\/\/www.radiopiu.net\/wordpress\/montanari-incuneati-tra-le-valli-in-attesa-di-segnali-forti-dal-governo-i\/","title":{"rendered":"MONTANARI INCUNEATI TRA LE VALLI, IN ATTESA DI SEGNALI FORTI DAL GOVERNO"},"content":{"rendered":"<blockquote><p><em>Scendendo dall&#8217;Agordino verso la pianura<\/em> <em>l&#8217;angoscia mi si incunea nell&#8217;animo\u00a0 (cit.)<\/em><\/p><\/blockquote>\n<p><strong><img loading=\"lazy\" decoding=\"async\" class=\"alignleft\" src=\"https:\/\/www.radiopiu.net\/wordpress\/wp-content\/uploads\/2022\/01\/th-2.jpg\" width=\"307\" height=\"173\" \/>REDAZIONE<\/strong> Il consigliere regionale Silvia Cestaro e il sindaco di Cibiana Mattia Gosetti si appellano al Governo, perch\u00e8 i fondi del Pnrr vengano spesi anche per la viabilit\u00e0 della parte alta del Bellunese. L&#8217;ennesimo fine settimana da incubo nelle strade della provincia richiama al problema. Ad esempio oggi la regionale 203 agordina \u00e8 rimasta totalmente chiusa (causa incidente) per oltre un&#8217;ora, ieri sono caduti diversi sassi ma \u00e8 andata bene, alcune settimane fa un pezzo di montagna \u00e8 franato bloccando\u00a0 di nuovo il principale collegamento per l&#8217;Agordino. E poi ci sono gli imbottigliamenti che non sono pi\u00f9 accettabili n\u00e8 in Cadore o Ampezzano sede di Olimpiade n\u00e8 in Agordino da dove ci si sposta per lavoro o per emergenze, con le strade chiuse tutto diventa pi\u00f9 difficile e non tutti i Comuni sono attrezzati con eliporto. E&#8217; evidente la necessit\u00e0 di collegamenti tra le valli e di una viabilit\u00e0 complanare.\u00a0 La viabilit\u00e0 bloccata, le lunghe code, il traffico in tilt sono ormai un incubo che, di fatto, aggiunge isolamento all&#8217;isolamento e rema contro la lotta portata avanti per combattere lo spopolamento.<\/p>\n<p><strong>IL CONSIGLIERE REGIONALE SILVIA CESTARO\u00a0<\/strong><\/p>\n<audio class=\"wp-audio-shortcode\" id=\"audio-252093-1\" preload=\"none\" style=\"width: 100%;\" controls=\"controls\"><source type=\"audio\/mpeg\" src=\"https:\/\/www.radiopiu.net\/wordpress\/wp-content\/uploads\/2022\/01\/CESTARO.mp3?_=1\" \/><a href=\"https:\/\/www.radiopiu.net\/wordpress\/wp-content\/uploads\/2022\/01\/CESTARO.mp3\">https:\/\/www.radiopiu.net\/wordpress\/wp-content\/uploads\/2022\/01\/CESTARO.mp3<\/a><\/audio>\n<p><strong>IL SINDACO MATTIA GOSETTI<\/strong><\/p>\n<audio class=\"wp-audio-shortcode\" id=\"audio-252093-2\" preload=\"none\" style=\"width: 100%;\" controls=\"controls\"><source type=\"audio\/mpeg\" src=\"https:\/\/www.radiopiu.net\/wordpress\/wp-content\/uploads\/2022\/01\/GOSETTYI.mp3?_=2\" \/><a href=\"https:\/\/www.radiopiu.net\/wordpress\/wp-content\/uploads\/2022\/01\/GOSETTYI.mp3\">https:\/\/www.radiopiu.net\/wordpress\/wp-content\/uploads\/2022\/01\/GOSETTYI.mp3<\/a><\/audio>\n<p>&nbsp;<\/p>\n<p>&nbsp;<\/p>\n<p>***<\/p>\n","protected":false},"excerpt":{"rendered":"<p>Scendendo dall&#8217;Agordino verso la pianura l&#8217;angoscia mi si incunea nell&#8217;animo\u00a0 (cit.) REDAZIONE Il consigliere regionale Silvia Cestaro e il sindaco di Cibiana Mattia Gosetti si appellano al Governo, perch\u00e8 i fondi del Pnrr vengano spesi anche per la viabilit\u00e0 della parte alta del Bellunese. L&#8217;ennesimo fine settimana da incubo nelle strade della provincia richiama al&hellip;<\/p>\n","protected":false},"author":4,"featured_media":252097,"comment_status":"closed","ping_status":"open","sticky":false,"template":"","format":"standard","meta":{"_monsterinsights_skip_tracking":false,"_monsterinsights_sitenote_active":false,"_monsterinsights_sitenote_note":"","_monsterinsights_sitenote_category":0,"footnotes":""},"categories":[51,49],"tags":[],"class_list":["post-252093","post","type-post","status-publish","format-standard","has-post-thumbnail","hentry","category-evidenza-top","category-news-18","category-51","category-49","description-off"],"img_url":"https:\/\/www.radiopiu.net\/wordpress\/wp-content\/uploads\/2022\/01\/th-2.jpg","_links":{"self":[{"href":"https:\/\/www.radiopiu.net\/wordpress\/wp-json\/wp\/v2\/posts\/252093","targetHints":{"allow":["GET"]}}],"collection":[{"href":"https:\/\/www.radiopiu.net\/wordpress\/wp-json\/wp\/v2\/posts"}],"about":[{"href":"https:\/\/www.radiopiu.net\/wordpress\/wp-json\/wp\/v2\/types\/post"}],"author":[{"embeddable":true,"href":"https:\/\/www.radiopiu.net\/wordpress\/wp-json\/wp\/v2\/users\/4"}],"replies":[{"embeddable":true,"href":"https:\/\/www.radiopiu.net\/wordpress\/wp-json\/wp\/v2\/comments?post=252093"}],"version-history":[{"count":0,"href":"https:\/\/www.radiopiu.net\/wordpress\/wp-json\/wp\/v2\/posts\/252093\/revisions"}],"wp:featuredmedia":[{"embeddable":true,"href":"https:\/\/www.radiopiu.net\/wordpress\/wp-json\/wp\/v2\/media\/252097"}],"wp:attachment":[{"href":"https:\/\/www.radiopiu.net\/wordpress\/wp-json\/wp\/v2\/media?parent=252093"}],"wp:term":[{"taxonomy":"category","embeddable":true,"href":"https:\/\/www.radiopiu.net\/wordpress\/wp-json\/wp\/v2\/categories?post=252093"},{"taxonomy":"post_tag","embeddable":true,"href":"https:\/\/www.radiopiu.net\/wordpress\/wp-json\/wp\/v2\/tags?post=252093"}],"curies":[{"name":"wp","href":"https:\/\/api.w.org\/{rel}","templated":true}]}}