{"id":252101,"date":"2022-01-04T12:44:49","date_gmt":"2022-01-04T11:44:49","guid":{"rendered":"https:\/\/www.radiopiu.net\/wordpress\/?p=252101"},"modified":"2022-01-04T12:44:39","modified_gmt":"2022-01-04T11:44:39","slug":"uiltec-luxottica-se-i-no-vax-rimarranno-fuori-dal-lavoro-ci-saranno-ricadute-sociali","status":"publish","type":"post","link":"https:\/\/www.radiopiu.net\/wordpress\/uiltec-luxottica-se-i-no-vax-rimarranno-fuori-dal-lavoro-ci-saranno-ricadute-sociali\/","title":{"rendered":"UILTEC-LUXOTTICA &#8220;SE I NO VAX RIMARRANNO FUORI DAL LAVORO CI SARANNO RICADUTE SOCIALI&#8221;"},"content":{"rendered":"<p>&nbsp;<\/p>\n<p><strong><img loading=\"lazy\" decoding=\"async\" class=\"alignleft\" src=\"https:\/\/www.radiopiu.net\/wordpress\/wp-content\/uploads\/2020\/03\/entrata-luxottica-coronavirus.jpg\" width=\"333\" height=\"187\" \/>REDAZIONE<\/strong> Basta accendere la radio ed attendere il primo notiziario per capire che l&#8217;argomento principale oggi \u00e8\u00a0 l&#8217;obbligo del super green pass per i trasporti e poi l&#8217;ipotesi di renderlo obbligatorio al posto di lavoro. Per i delegati della Uiltec Luxottica di Agordo, in considerazione del rapido aumento dei contagi, le decisioni non sono utili, ma si rivelano controproducenti per tutti.<em> &#8220;Si pu\u00f2 affrontare efficacemente l&#8217;epidemia con azioni mirate, concrete e attentamente valutate, non certo limitandosi a obblighi e divieti come da triste consuetudine italiana &#8211; si legge nel comunicato vergato Uiltec-\u00a0 L&#8217;azienda in cui lavoriamo ha messo in campo sin dall&#8217;inizio della pandemia numerose iniziative per mettere in sicurezza\u00a0 i propri lavoratori con un costante monitoraggio. Il Governo ha poi introdotto la mascherina ffp2 sui trasporti pubblici, solo da pochi giorni nonostante ne fosse riconosciuta l&#8217;utilit\u00e0 da tempo. Invece sui tamponi, dopo l&#8217;invito esteso anche ai vaccinati a farsi i test in occasioni delle festivit\u00e0 ha trovato le &#8220;soluzioni&#8221;: meno tamponi e minor durata della quarantena. Per contro \u00e8 stato esteso l&#8217;obbligo di green pass agli utenti dei trasporti pubblici e si parla di imporlo nei luoghi di lavoro, escludendo chi ha il green pass base: in un periodo di contagi elevati, si interviene solo contro chi fa il tampone 48 ore. Questo nonostante sia riconosciuto che i vaccini hanno una rilevante efficacia nel ridurre le probabilit\u00e0 di ospedalizzazione e decesso ma assi meno come protezione dal contagio specialmente per la variante Omicron&#8221; <\/em>In conclusione i delegati della Uiltec Uil Luxottica di Agordo ritengono che l&#8217;esclusione di coloro che hanno il green pass base dalla possibilit\u00e0 di utilizzo dei trasporti pubblici e (forse) dai luoghi di lavoro sia una decisione dalle pesanti ricadute sociali, sproporzionate rispetto all&#8217;effettiva utilit\u00e0 nel contenimento dell&#8217;epidemia.<\/p>\n<p>&nbsp;<\/p>\n<p>&nbsp;<\/p>\n<p>***<\/p>\n","protected":false},"excerpt":{"rendered":"<p>&nbsp; REDAZIONE Basta accendere la radio ed attendere il primo notiziario per capire che l&#8217;argomento principale oggi \u00e8\u00a0 l&#8217;obbligo del super green pass per i trasporti e poi l&#8217;ipotesi di renderlo obbligatorio al posto di lavoro. Per i delegati della Uiltec Luxottica di Agordo, in considerazione del rapido aumento dei contagi, le decisioni non sono&hellip;<\/p>\n","protected":false},"author":4,"featured_media":124022,"comment_status":"closed","ping_status":"open","sticky":false,"template":"","format":"standard","meta":{"_monsterinsights_skip_tracking":false,"_monsterinsights_sitenote_active":false,"_monsterinsights_sitenote_note":"","_monsterinsights_sitenote_category":0,"footnotes":""},"categories":[104,49],"tags":[],"class_list":["post-252101","post","type-post","status-publish","format-standard","has-post-thumbnail","hentry","category-evidenza_3","category-news-18","category-104","category-49","description-off"],"img_url":"https:\/\/www.radiopiu.net\/wordpress\/wp-content\/uploads\/2020\/03\/entrata-luxottica-coronavirus.jpg","_links":{"self":[{"href":"https:\/\/www.radiopiu.net\/wordpress\/wp-json\/wp\/v2\/posts\/252101","targetHints":{"allow":["GET"]}}],"collection":[{"href":"https:\/\/www.radiopiu.net\/wordpress\/wp-json\/wp\/v2\/posts"}],"about":[{"href":"https:\/\/www.radiopiu.net\/wordpress\/wp-json\/wp\/v2\/types\/post"}],"author":[{"embeddable":true,"href":"https:\/\/www.radiopiu.net\/wordpress\/wp-json\/wp\/v2\/users\/4"}],"replies":[{"embeddable":true,"href":"https:\/\/www.radiopiu.net\/wordpress\/wp-json\/wp\/v2\/comments?post=252101"}],"version-history":[{"count":0,"href":"https:\/\/www.radiopiu.net\/wordpress\/wp-json\/wp\/v2\/posts\/252101\/revisions"}],"wp:featuredmedia":[{"embeddable":true,"href":"https:\/\/www.radiopiu.net\/wordpress\/wp-json\/wp\/v2\/media\/124022"}],"wp:attachment":[{"href":"https:\/\/www.radiopiu.net\/wordpress\/wp-json\/wp\/v2\/media?parent=252101"}],"wp:term":[{"taxonomy":"category","embeddable":true,"href":"https:\/\/www.radiopiu.net\/wordpress\/wp-json\/wp\/v2\/categories?post=252101"},{"taxonomy":"post_tag","embeddable":true,"href":"https:\/\/www.radiopiu.net\/wordpress\/wp-json\/wp\/v2\/tags?post=252101"}],"curies":[{"name":"wp","href":"https:\/\/api.w.org\/{rel}","templated":true}]}}