{"id":252115,"date":"2022-01-03T23:59:41","date_gmt":"2022-01-03T22:59:41","guid":{"rendered":"https:\/\/www.radiopiu.net\/wordpress\/?p=252115"},"modified":"2022-01-03T17:02:38","modified_gmt":"2022-01-03T16:02:38","slug":"cortina-il-forte-tre-sassi-e-due-castelli-il-botestagno-e-il-de-zanna-alla-ribalta","status":"publish","type":"post","link":"https:\/\/www.radiopiu.net\/wordpress\/cortina-il-forte-tre-sassi-e-due-castelli-il-botestagno-e-il-de-zanna-alla-ribalta\/","title":{"rendered":"CORTINA. IL FORTE \u201cTRE SASSI\u201d E DUE CASTELLI (IL BOTESTAGNO E IL DE ZANNA) ALLA RIBALTA"},"content":{"rendered":"<p><strong>di\u00a0 RENATO BONA<\/strong><\/p>\n<p>Tra le fortificazioni della provincia di Belluno il sito \u201cmondimedievali.net\u201d che con ottimi risultati si occupa a livello nazionale della ricerca di notizie su: castelli, fortezze, rocche, torri, borghi ed edifici fortificati oltre ai \u2018palazzi del potere) ha indicato anche tre realt\u00e0 di Cortina d\u2019Ampezzo: il Forte Tre Sassi, le rovine del Castello di Botestagno o Potestagno, il Castello De Zanna di Majon. Vediamo di conoscere queste tre realt\u00e0 della conca ampezzana partendo dal Forte Tre Sassi, o Tra i Sassi, fortificazione austro-ungarica che risale all\u2019epoca della Grande Guerra 1915-18 ed \u00e8 stata riconvertita a \u201cmuseo dedicato alle battaglie che si sono succedute tra la Val Parola ed il Passo Falzarego\u201d. Realizzato tra il 1897 ed il 1901 per presidiare il passaggio della rotabile che conduceva verso la Val Badia e controllare le cine del Lagazuoi e del Sass de Stria\u201d \u00e8 posizionato a quota 2183. Nel 1911 fu oggetto di alcune modifiche ma ci\u00f2 nonostante gli austro-ungarici lo abbandonarono fin dai primi giorni dio luglio 1915. Poco prima della conclusione di queste operazioni fu centrato in pieno da una granata italiana che caus\u00f2 ingenti danni. Di forma rettangolare su tre piani, il Tre Sassi era dotato di feritoie lungo i due lati rivolti verso il Falzarego a sud e la Val Parola ad est dove erano installati due cannoni da 60 mm. Non c\u2019erano invece le tipiche cupole dei forti che solitamente ospitavano cannoni o obici dal calibro pi\u00f9 potente. Di medie dimensioni poteva ospitare un centinaio di militari: all\u2019interno di erano magazzini, cucine, le stanze dell\u2019infermeria e loculi per eventuali decessi. L\u2019illuminazione era garantita da lampade ad olio e l\u2019acqua era pompata dal vicino lago della val Parola. Nel corso degli ultimi decenni una famiglia locale, i Lancedelli, ha dedicato molto tempo alla ricerca di materiale e testimonianze della Grande Guerra. Assieme al Comune di Cortina d&#8217;Ampezzo ha quindi provveduto al restauro del Forte e ne ha creato un museo di notevole interesse, inaugurato nel 2003, che all\u2019 interno propone resti sia militari (tra cui una granata da 305mm) sia della vita quotidiana sul difficile fronte dolomitico. Ed eccoci alle rovine del Castello di Botestafgno o Potestagno fortilizio medievale che &#8211; \u00e8 scritto nel sito &#8211; \u201csi ergeva sull\u2019omonimo monte (quota 12513) situato nella valle del torrente Boite, qualche chilometro a nord di Cortina (localit\u00e0 Pr\u00e0 del Castil)\u201d. Dell\u2019intero complesso restano oggi, purtroppo, solo poche rovine. Quanto alla storia del maniero, si pensa che \u201ci primi a costruire un avamposto stabile a Botestagno siano stati i longobardi nel corso del VII o VIII secolo, certamente con l\u2019intenzione di dominare le tre valli che qui convergono, quella del Boite, la principale, quindi Val di Fanes e Val Felizon. Probabilmente, edificarono un fortino in legno\u201dfondamentale baluardo strategico sul pasaggio obbligato della forra del Rio Felizon. Quanto al prino nucleo in pietra della fortezza, venne probabilmente fatto costruire verso il 1100 (si presume ad iniziativa del Patriarca Ulrico di Eppenstein) dopo che, nel 1077 il Sacro romano imperatore Enrico IV aveva donato tutta la zona al potente Patriarcato di Aquileia. Grande importanza ebbero i signori da Camino che del Cadore e dell\u2019aAmopezzi fecero il proprio feudo. Nel 1618 la fortezza venne completamente restaurata ed ingrandita, raggiungendo il proprio massimo splendore. Ma dopo gli ultimi, marginali impieghi militari durante i fatti del 1809 e del 1848, il castello venne man mano demolito a seguito dell&#8217;apertura della Strada d&#8217;Alemagna (1830), e fu infine definitivamente abbattuto nel 1867 dalla comunit\u00e0 di Cortina. Conclusione: \u201cLa rocca di Botestagno si trova oggi all&#8217;interno del Parco naturale delle Dolomiti d&#8217;Ampezzo. Versa in stato di totale abbandono e, bench\u00e9 quasi completamente inghiottiti dalla vegetazione, i suoi poveri ruderi sono visitabili dal pubblico\u201d. Concludiamo con Stefano Favero il quale ha curato il capitolo dedicato all\u2019incompiuto Castello De Zanna di Majon, frazione a nord di Cortina, che risale alla fine del XVII secolo. Detto che sono \u201csopravvissuti\u201d i resti della cinta muraria ed il rudere di una delle torri, l\u2019autore propone alcuni cenni storici ricordando che \u201cIl nobile ampezzano Zamaria Zanna (o Gianmaria Zanna), discendente di Pietro De Zanna, fece erigere il castello verso la fine del diciassettesimo secolo. Secondo un documento catastale, i lavori presero il via nel 1694. L\u2019edificio \u00e8 simile ad una fortezza di ridotte dimensioni ed era costituito da mura perimetrale piuttosto basse, di colore bianco, lo stesso delle due torrette angolari rivolte verso la facciata principale. Su questo lato &#8211; ricorda Favero &#8211; vi \u00e8 una cappelletta dedicata alla Trinit\u00e0, risalente a fine \u2018600, al cui esterno campeggia un porticato e nel cui interno vi sono due altari in legno ed una pittura di Palma il Giovane. Una curiosit\u00e0: il cantiere del castello venne bloccato nell\u2019agosto del 1696 per volont\u00e0 popolare, non riconoscendo a Zamaria Zanna la facolt\u00e0 di costruirsi come dimora una fortezza. E questo perch\u00e9 gli ampezzani temevano conseguenze dal governo centrale in caso di guerra. Nella motivazione con cui bloccarono i lavori si affermava: \u201cPer il pregiudizio che la costruzione pu\u00f2 apportare alla patria\u201d. Dunque il castello non venne mai portato a termine e nel 1809 sub\u00ec l\u2019attacco delle truppe napoleoniche, fu incendiato e parzialmente danneggiato; da allora non fu pi\u00f9 oggetto di restauro o ricostruzione tanto che oggi \u201csi presenta con una fortezza diroccata ed integrata nel moderno inurbamento cortinese\u201d.<\/p>\n\n\t\t\t<style type='text\/css'>\n\t\t\t\t#gallery-1 {\n\t\t\t\t\tmargin: auto;\n\t\t\t\t}\n\t\t\t\t#gallery-1 .gallery-item {\n\t\t\t\t\tfloat: left;\n\t\t\t\t\tmargin-top: 10px;\n\t\t\t\t\ttext-align: center;\n\t\t\t\t\twidth: 25%;\n\t\t\t\t}\n\t\t\t\t#gallery-1 img {\n\t\t\t\t\tborder: 2px solid #cfcfcf;\n\t\t\t\t}\n\t\t\t\t#gallery-1 .gallery-caption {\n\t\t\t\t\tmargin-left: 0;\n\t\t\t\t}\n\t\t\t\t\/* see gallery_shortcode() in wp-includes\/media.php *\/\n\t\t\t<\/style>\n\t\t<div id='gallery-1' class='dt-gallery-container gallery galleryid-252115 gallery-columns-4 gallery-size-thumbnail'><dl class='gallery-item'>\n\t\t\t\t<dt class='gallery-icon landscape'>\n\t\t\t\t\t<a class=\"rollover rollover-zoom dt-pswp-item\" title=\"269115169_480941306746338_2635775554562852209_n\" data-dt-img-description=\"\" data-large_image_width=\"102\" data-large_image_height=\"76\"href='https:\/\/www.radiopiu.net\/wordpress\/wp-content\/uploads\/2022\/01\/269115169_480941306746338_2635775554562852209_n.png'><img loading=\"lazy\" decoding=\"async\" width=\"102\" height=\"76\" src=\"https:\/\/www.radiopiu.net\/wordpress\/wp-content\/uploads\/2022\/01\/269115169_480941306746338_2635775554562852209_n.png\" class=\"attachment-thumbnail size-thumbnail\" alt=\"\" \/><\/a>\n\t\t\t\t<\/dt><\/dl><dl class='gallery-item'>\n\t\t\t\t<dt class='gallery-icon landscape'>\n\t\t\t\t\t<a class=\"rollover rollover-zoom dt-pswp-item\" title=\"268657537_941699999785267_315702491837170532_n\" data-dt-img-description=\"\" data-large_image_width=\"99\" data-large_image_height=\"77\"href='https:\/\/www.radiopiu.net\/wordpress\/wp-content\/uploads\/2022\/01\/268657537_941699999785267_315702491837170532_n.png'><img loading=\"lazy\" decoding=\"async\" width=\"99\" height=\"77\" src=\"https:\/\/www.radiopiu.net\/wordpress\/wp-content\/uploads\/2022\/01\/268657537_941699999785267_315702491837170532_n.png\" class=\"attachment-thumbnail size-thumbnail\" alt=\"\" \/><\/a>\n\t\t\t\t<\/dt><\/dl><dl class='gallery-item'>\n\t\t\t\t<dt class='gallery-icon landscape'>\n\t\t\t\t\t<a class=\"rollover rollover-zoom dt-pswp-item\" title=\"271190459_653608249108314_7400000193567239817_n\" data-dt-img-description=\"\" data-large_image_width=\"98\" data-large_image_height=\"77\"href='https:\/\/www.radiopiu.net\/wordpress\/wp-content\/uploads\/2022\/01\/271190459_653608249108314_7400000193567239817_n.png'><img loading=\"lazy\" decoding=\"async\" width=\"98\" height=\"77\" src=\"https:\/\/www.radiopiu.net\/wordpress\/wp-content\/uploads\/2022\/01\/271190459_653608249108314_7400000193567239817_n.png\" class=\"attachment-thumbnail size-thumbnail\" alt=\"\" \/><\/a>\n\t\t\t\t<\/dt><\/dl><dl class='gallery-item'>\n\t\t\t\t<dt class='gallery-icon landscape'>\n\t\t\t\t\t<a class=\"rollover rollover-zoom dt-pswp-item\" title=\"271290448_1503140033393920_7937942374905851385_n\" data-dt-img-description=\"\" data-large_image_width=\"98\" data-large_image_height=\"76\"href='https:\/\/www.radiopiu.net\/wordpress\/wp-content\/uploads\/2022\/01\/271290448_1503140033393920_7937942374905851385_n.png'><img loading=\"lazy\" decoding=\"async\" width=\"98\" height=\"76\" src=\"https:\/\/www.radiopiu.net\/wordpress\/wp-content\/uploads\/2022\/01\/271290448_1503140033393920_7937942374905851385_n.png\" class=\"attachment-thumbnail size-thumbnail\" alt=\"\" \/><\/a>\n\t\t\t\t<\/dt><\/dl><br style=\"clear: both\" \/><dl class='gallery-item'>\n\t\t\t\t<dt class='gallery-icon landscape'>\n\t\t\t\t\t<a class=\"rollover rollover-zoom dt-pswp-item\" title=\"270070042_290140209625679_4465599278934567472_n\" data-dt-img-description=\"\" data-large_image_width=\"279\" data-large_image_height=\"206\"href='https:\/\/www.radiopiu.net\/wordpress\/wp-content\/uploads\/2022\/01\/270070042_290140209625679_4465599278934567472_n.jpg'><img loading=\"lazy\" decoding=\"async\" width=\"150\" height=\"150\" src=\"https:\/\/www.radiopiu.net\/wordpress\/wp-content\/uploads\/2022\/01\/270070042_290140209625679_4465599278934567472_n-150x150.jpg\" class=\"attachment-thumbnail size-thumbnail\" alt=\"\" \/><\/a>\n\t\t\t\t<\/dt><\/dl><dl class='gallery-item'>\n\t\t\t\t<dt class='gallery-icon portrait'>\n\t\t\t\t\t<a class=\"rollover rollover-zoom dt-pswp-item\" title=\"268966234_962793127975307_8881923094955950839_n\" data-dt-img-description=\"\" data-large_image_width=\"154\" data-large_image_height=\"225\"href='https:\/\/www.radiopiu.net\/wordpress\/wp-content\/uploads\/2022\/01\/268966234_962793127975307_8881923094955950839_n.jpg'><img loading=\"lazy\" decoding=\"async\" width=\"150\" height=\"150\" src=\"https:\/\/www.radiopiu.net\/wordpress\/wp-content\/uploads\/2022\/01\/268966234_962793127975307_8881923094955950839_n-150x150.jpg\" class=\"attachment-thumbnail size-thumbnail\" alt=\"\" \/><\/a>\n\t\t\t\t<\/dt><\/dl><dl class='gallery-item'>\n\t\t\t\t<dt class='gallery-icon landscape'>\n\t\t\t\t\t<a class=\"rollover rollover-zoom dt-pswp-item\" title=\"270821077_281947920479628_6452371230990095747_n\" data-dt-img-description=\"\" data-large_image_width=\"275\" data-large_image_height=\"206\"href='https:\/\/www.radiopiu.net\/wordpress\/wp-content\/uploads\/2022\/01\/270821077_281947920479628_6452371230990095747_n.jpg'><img loading=\"lazy\" decoding=\"async\" width=\"150\" height=\"150\" src=\"https:\/\/www.radiopiu.net\/wordpress\/wp-content\/uploads\/2022\/01\/270821077_281947920479628_6452371230990095747_n-150x150.jpg\" class=\"attachment-thumbnail size-thumbnail\" alt=\"\" \/><\/a>\n\t\t\t\t<\/dt><\/dl><dl class='gallery-item'>\n\t\t\t\t<dt class='gallery-icon portrait'>\n\t\t\t\t\t<a class=\"rollover rollover-zoom dt-pswp-item\" title=\"270208994_666848637644596_8282985709622166043_n\" data-dt-img-description=\"\" data-large_image_width=\"160\" data-large_image_height=\"220\"href='https:\/\/www.radiopiu.net\/wordpress\/wp-content\/uploads\/2022\/01\/270208994_666848637644596_8282985709622166043_n.jpg'><img loading=\"lazy\" decoding=\"async\" width=\"150\" height=\"150\" src=\"https:\/\/www.radiopiu.net\/wordpress\/wp-content\/uploads\/2022\/01\/270208994_666848637644596_8282985709622166043_n-150x150.jpg\" class=\"attachment-thumbnail size-thumbnail\" alt=\"\" \/><\/a>\n\t\t\t\t<\/dt><\/dl><br style=\"clear: both\" \/>\n\t\t\t<\/div>\n\n<p>NELLE FOTO (dal sito: \u201cmondimedievali.net\u201d): due scorci del Forte Tre Sassi; altrettanti del Castello di Bodestagno; quattro del Castello De Zanna di Majon.<\/p>\n","protected":false},"excerpt":{"rendered":"<p>di\u00a0 RENATO BONA Tra le fortificazioni della provincia di Belluno il sito \u201cmondimedievali.net\u201d che con ottimi risultati si occupa a livello nazionale della ricerca di notizie su: castelli, fortezze, rocche, torri, borghi ed edifici fortificati oltre ai \u2018palazzi del potere) ha indicato anche tre realt\u00e0 di Cortina d\u2019Ampezzo: il Forte Tre Sassi, le rovine del&hellip;<\/p>\n","protected":false},"author":4,"featured_media":252123,"comment_status":"closed","ping_status":"open","sticky":false,"template":"","format":"standard","meta":{"_monsterinsights_skip_tracking":false,"_monsterinsights_sitenote_active":false,"_monsterinsights_sitenote_note":"","_monsterinsights_sitenote_category":0,"footnotes":""},"categories":[104,49],"tags":[],"class_list":["post-252115","post","type-post","status-publish","format-standard","has-post-thumbnail","hentry","category-evidenza_3","category-news-18","category-104","category-49","description-off"],"img_url":"https:\/\/www.radiopiu.net\/wordpress\/wp-content\/uploads\/2022\/01\/270208994_666848637644596_8282985709622166043_n.jpg","_links":{"self":[{"href":"https:\/\/www.radiopiu.net\/wordpress\/wp-json\/wp\/v2\/posts\/252115","targetHints":{"allow":["GET"]}}],"collection":[{"href":"https:\/\/www.radiopiu.net\/wordpress\/wp-json\/wp\/v2\/posts"}],"about":[{"href":"https:\/\/www.radiopiu.net\/wordpress\/wp-json\/wp\/v2\/types\/post"}],"author":[{"embeddable":true,"href":"https:\/\/www.radiopiu.net\/wordpress\/wp-json\/wp\/v2\/users\/4"}],"replies":[{"embeddable":true,"href":"https:\/\/www.radiopiu.net\/wordpress\/wp-json\/wp\/v2\/comments?post=252115"}],"version-history":[{"count":0,"href":"https:\/\/www.radiopiu.net\/wordpress\/wp-json\/wp\/v2\/posts\/252115\/revisions"}],"wp:featuredmedia":[{"embeddable":true,"href":"https:\/\/www.radiopiu.net\/wordpress\/wp-json\/wp\/v2\/media\/252123"}],"wp:attachment":[{"href":"https:\/\/www.radiopiu.net\/wordpress\/wp-json\/wp\/v2\/media?parent=252115"}],"wp:term":[{"taxonomy":"category","embeddable":true,"href":"https:\/\/www.radiopiu.net\/wordpress\/wp-json\/wp\/v2\/categories?post=252115"},{"taxonomy":"post_tag","embeddable":true,"href":"https:\/\/www.radiopiu.net\/wordpress\/wp-json\/wp\/v2\/tags?post=252115"}],"curies":[{"name":"wp","href":"https:\/\/api.w.org\/{rel}","templated":true}]}}