{"id":252190,"date":"2022-01-05T06:02:31","date_gmt":"2022-01-05T05:02:31","guid":{"rendered":"https:\/\/www.radiopiu.net\/wordpress\/?p=252190"},"modified":"2022-01-05T18:53:55","modified_gmt":"2022-01-05T17:53:55","slug":"giornale-radiopiu-05-gennaio-2022-direttore-mirko-mezzacasa","status":"publish","type":"post","link":"https:\/\/www.radiopiu.net\/wordpress\/giornale-radiopiu-05-gennaio-2022-direttore-mirko-mezzacasa\/","title":{"rendered":"GIORNALE RADIOPIU 05 GENNAIO 2022 DIRETTORE MIRKO MEZZACASA"},"content":{"rendered":"<h3 class=\"kvgmc6g5 cxmmr5t8 oygrvhab hcukyx3x c1et5uql\"><span style=\"color: #0000ff;\"><strong>INFORMAZIONE il canale su TELEGRAM informazione di prima mano e in tempo reale. iscriviti ed aiutaci a farlo conoscere\u00a0<\/strong><\/span><\/h3>\n<p>&nbsp;<\/p>\n<hr \/>\n<p>&nbsp;<\/p>\n<blockquote>\n<h3><span style=\"color: #ff0000;\">LA CROCE VERDE VAL BIOIS COMUNICA I DISSERVIZI PER IL MESE DI GENNAIO 2022<\/span><\/h3>\n<\/blockquote>\n<p><strong><a href=\"https:\/\/www.radiopiu.net\/wordpress\/lassessore-gianpaolo-bottacin-ribatte-alle-accuse-del-presidente-della-croce-verde-val-biois-stefano-murer\/croce-verde-val-biois-2\/\" rel=\"attachment wp-att-153811\"><img loading=\"lazy\" decoding=\"async\" class=\" wp-image-153811 alignleft\" src=\"https:\/\/www.radiopiu.net\/wordpress\/wp-content\/uploads\/2020\/08\/CROCE-VERDE-VAL-BIOIS-300x225.jpg\" alt=\"\" width=\"217\" height=\"163\" srcset=\"https:\/\/www.radiopiu.net\/wordpress\/wp-content\/uploads\/2020\/08\/CROCE-VERDE-VAL-BIOIS-300x225.jpg 300w, https:\/\/www.radiopiu.net\/wordpress\/wp-content\/uploads\/2020\/08\/CROCE-VERDE-VAL-BIOIS-1024x768.jpg 1024w, https:\/\/www.radiopiu.net\/wordpress\/wp-content\/uploads\/2020\/08\/CROCE-VERDE-VAL-BIOIS-768x576.jpg 768w, https:\/\/www.radiopiu.net\/wordpress\/wp-content\/uploads\/2020\/08\/CROCE-VERDE-VAL-BIOIS-1536x1153.jpg 1536w, https:\/\/www.radiopiu.net\/wordpress\/wp-content\/uploads\/2020\/08\/CROCE-VERDE-VAL-BIOIS.jpg 1599w\" sizes=\"auto, (max-width: 217px) 100vw, 217px\" \/><\/a>FALCADE<\/strong> Anche nel mese di gennaio la Croce Verde Val Biois non assicura l&#8217;assistenza in alcune giornate. A comunicarlo il presidente Stefano Murer. Queste le date dei disservizi: VENERDI&#8217; 7 GENNAIO dalle ore 6:00 alle ore 20:00; GIOVEDI&#8217; 13 GENNAIO dalle ore 20 alle 20 di VENERDI&#8217; 14 GENNAIO; VENERDI&#8217; 21 GENNAIO dalle ore 6:00 alle ore 20:00; SABATO 22 GENNAIO dalle ore 6:00 alle ore 20:00; DOMENICA 23 GENNAIO dalle ore 20:00 alle 6 di LUNEDI&#8217; 24 GENNAIO; VENERDI&#8217; 28 GENNAIO dalle ore 6:00 alle ore 20:00; SABATO 29 GENNAIO dalle ore 6:00 alle ore 20:00. Le eventuali modifiche al calendario saranno comunicate tempestivamente.<\/p>\n<p>&nbsp;<\/p>\n<p>&nbsp;<\/p>\n<hr \/>\n<p>&nbsp;<\/p>\n<blockquote>\n<h2>METEO. STATO DI ATTENZIONE IN VENETO PER GELATE<\/h2>\n<\/blockquote>\n<blockquote><p><strong><span style=\"color: #ff0000; font-size: large;\">PRECIPITAZIONI ATTESE DALLA NOTTE IN TUTTA LA REGIONE, VENTO FORTE\u00a0 IN PIANURA, NEVICATE NEI FONDOVALLE PREALPINI <\/span><\/strong><\/p><\/blockquote>\n<p>Il Centro Funzionale Decentrato della Protezione Civile della Regione del Veneto, alla luce delle previsioni meteo ha emesso un bollettino nel quale si dichiara lo stato di attenzione:4 in tutto il territorio regionale per gelate previste dalla mezzanotte di oggi alle\u00a0 8 di domani. Vento forte dalle 18 di oggi alle 8 del 6 gennaio; nei fondovalle prealpini per nevicate attese dalle 15 di oggi alle 8 di domani.<\/p>\n<p>&nbsp;<\/p>\n<p>&nbsp;<\/p>\n<hr \/>\n<p>&nbsp;<\/p>\n<blockquote>\n<h3>COVID: A FELTRE MUORE UN UOMO DI 33 ANNI<\/h3>\n<\/blockquote>\n<p><strong><a href=\"https:\/\/www.radiopiu.net\/wordpress\/covid-a-feltre-muore-un-uomo-di-33-anni\/173868212_10224863546367106_5420337043862686013_n\/\" rel=\"attachment wp-att-252388\"><img loading=\"lazy\" decoding=\"async\" class=\" wp-image-252388 alignleft\" src=\"https:\/\/www.radiopiu.net\/wordpress\/wp-content\/uploads\/2022\/01\/173868212_10224863546367106_5420337043862686013_n.jpg\" alt=\"\" width=\"138\" height=\"138\" srcset=\"https:\/\/www.radiopiu.net\/wordpress\/wp-content\/uploads\/2022\/01\/173868212_10224863546367106_5420337043862686013_n.jpg 206w, https:\/\/www.radiopiu.net\/wordpress\/wp-content\/uploads\/2022\/01\/173868212_10224863546367106_5420337043862686013_n-150x150.jpg 150w\" sizes=\"auto, (max-width: 138px) 100vw, 138px\" \/><\/a>FELTRE<\/strong> Un altra vittima del covid in provincia, dopo i due decessi di ieri la tragica conta aggiunge un uomo di 33 anni che era ricoverato in rianimazione al Santa Maria del Prato di Feltre, vaccinato da alcuni mesi ma sofferente di patologie pregresse.<\/p>\n<p><strong>PERAROLO<\/strong> Davide Bianchi, 33enne originario di Cibiana ma residente da qualche anno a Caralte,\u00a0 viveva con i genitori, gi\u00e0 studente dell&#8217;Ipssar di Cortina \u00e8 la vittima pi\u00f9 giovane del covid-19. Il virus ha aggravato una situazione clinica gi\u00e0 complicata e non gli ha lasciato scampo. Alle 17 di oggi al Bikers&#8217; Bos Bar di Cibiana di Cadore, gli amici\u00a0 si ritroveranno per ricordarlo.<\/p>\n<p><strong>LA SITUAZIONE<\/strong> 2959 attualmente positivi, 3460 persone in isolamento. 6 pazienti in terapia intensiva a Feltre e 15 in area non critica, 19 in area non critica a Belluno, 10 all&#8217;ospedale di comunit\u00e0 di Feltre. Casi da inizio epidemia 28759, nelle ultime 24 ore 299. Deceduti da inizio epidemi 672 guariti 25.129<\/p>\n<p>&nbsp;<\/p>\n<p>&nbsp;<\/p>\n<p>&nbsp;<\/p>\n<p>&nbsp;<\/p>\n<hr \/>\n<p>&nbsp;<\/p>\n<blockquote>\n<h3 class=\"entry-title\">MEDICI NO VAX CHE OPERANO NEL BELLUNESE: DIECI SANZIONI DI SOSPENSIONE<\/h3>\n<\/blockquote>\n<p><strong><img loading=\"lazy\" decoding=\"async\" class=\"alignleft\" src=\"https:\/\/www.radiopiu.net\/wordpress\/wp-content\/uploads\/2021\/12\/th-11.jpg\" width=\"188\" height=\"108\" \/>BELLUNO<\/strong> L\u2019 Ordine dei Medici Chirurghi ed Odontoiatri della provincia di Belluno ha reso note le conseguenze per coloro che operando nella sanit\u00e0 risultano inadempienti all\u2019obbligo di vaccinazione verso SARS-Cov-2.\u00a0 Lo ha fatto al termine dell\u2019assemblea dell&#8217;altra sera:\u00a0 sono state irrogate 10 sanzioni di sospensione, pari allo 0,8 % del totale degli attuali iscritti. Sono stati sospesi 6 medici, 3 odontoiatri e un iscritto ad entrambi gli Albi. Nel prosieguo saranno possibili ulteriori provvedimenti di sospensione.<\/p>\n<p>&nbsp;<\/p>\n<hr \/>\n<p>&nbsp;<\/p>\n<div class=\"page-title-head hgroup\">\n<blockquote>\n<h3 class=\"entry-title\">DOPO LA VACCINAZIONE LA DECISIONE DI LICENZIARSI<\/h3>\n<\/blockquote>\n<\/div>\n<div class=\"page-title-breadcrumbs\"><\/div>\n<p><a href=\"https:\/\/www.radiopiu.net\/wordpress\/dopo-la-vaccinazione-la-decisione-di-licenziarsi\/163394915_3308657419235178_2256665177312296886_n\/\" rel=\"attachment wp-att-252393\"><img loading=\"lazy\" decoding=\"async\" class=\" wp-image-252393 alignleft\" src=\"https:\/\/www.radiopiu.net\/wordpress\/wp-content\/uploads\/2022\/01\/163394915_3308657419235178_2256665177312296886_n-300x297.jpg\" alt=\"\" width=\"188\" height=\"186\" srcset=\"https:\/\/www.radiopiu.net\/wordpress\/wp-content\/uploads\/2022\/01\/163394915_3308657419235178_2256665177312296886_n-300x297.jpg 300w, https:\/\/www.radiopiu.net\/wordpress\/wp-content\/uploads\/2022\/01\/163394915_3308657419235178_2256665177312296886_n.jpg 590w\" sizes=\"auto, (max-width: 188px) 100vw, 188px\" \/><\/a><strong>LIVINALLONGO\u00a0<\/strong> Luca Favero, medico padovano dallo scorso agosto alla casa di riposo Villa San Giuseppe di\u00a0 Livinallongo si \u00e8 licenziato e annuncia l&#8217;intenzione di denunciare l&#8217;Ulss. Ed \u00e8 lo stesso Favero a renderlo noto.<b> I<\/b>l dottor Favero era stato sospeso perch\u00e9 sino all&#8217;inizio di dicembre\u00a0 &#8211; a seguito di una malattia autoimmune &#8211; non si era vaccinato. Si \u00e8 sottoposto alla prima dose il 9 dicembre, la seconda venerd\u00ec ma non \u00e8 sufficiente per il reintegro.<\/p>\n<p>&nbsp;<\/p>\n<p><strong>IERI L&#8217;ANNUNCIO SU FACEBOOK: MI SONO LICENZIATO DALLA RSA DI LIVINALLONGO<\/strong><\/p>\n<p>&nbsp;<\/p>\n<p><strong>LA LETTERA DEL MEDICO ALL&#8217;ULSS<\/strong><\/p>\n<div>\n<div class=\"\" dir=\"auto\">\n<div id=\"jsc_c_uh\" class=\"ecm0bbzt hv4rvrfc dati1w0a e5nlhep0\" data-ad-comet-preview=\"message\" data-ad-preview=\"message\">\n<div class=\"j83agx80 cbu4d94t ew0dbk1b irj2b8pg\">\n<div class=\"qzhwtbm6 knvmm38d\">\n<div class=\"kvgmc6g5 cxmmr5t8 oygrvhab hcukyx3x c1et5uql ii04i59q\">\n<blockquote>\n<div dir=\"auto\"><em>Si comunica che dal giorno 01\/01\/2022 il sottoscritto sta&#8217; dando seguito ai normali accessi alla struttura RSA di Livinallongo (comunque servita nel periodo per via telematica e telefonica!) sia come Guardia Medica sia come MMG incaricato in forza del decadimento automatico della impropria sospensione del 07\/12\/&#8217;21 secondo le chiare indicazioni della Delibera 384 del 30\/11\/&#8217;21 dell&#8217;Ordine dei Medici di Padova, valide anche senza ulteriori consensi. Si comunica altres\u00ec che essendo il sottoscritto stato &#8220;allontanato&#8221; dalla struttura il giorno 10\/12\/&#8217;21 pur essendo in possesso del Greenpass rafforzato che mi autorizzava ad accedere a qualsiasi struttura sia pubblica che privata, mi astengo per ora dal denunciare, per diffamazione e impedimento di pubblico ufficio secondo legge, la Direzione della struttura in quanto consapevole della buona fede nel rispettare le improprie direttive da parte della Aulss. Per quello che riguarda la retribuzione del gravoso impegno professionale svolto nel mese di Dicembre dal giorno 09\/12\/&#8217;21 in cui \u00e8 comunque gi\u00e0 decaduta la sospensione per assolvimento dell&#8217;obbligo vaccinale, mi riservo di denunciare gli Organi competenti se non mi verr\u00e0 dato l&#8217;intero stipendio.<\/em><\/div>\n<\/blockquote>\n<\/div>\n<\/div>\n<\/div>\n<\/div>\n<\/div>\n<\/div>\n<p>&nbsp;<\/p>\n<p>&nbsp;<\/p>\n<hr \/>\n<p>&nbsp;<\/p>\n<blockquote>\n<h3>COVID. REGIONE VENETO AUMENTA DA 1.500 a 1.800 IL MASSIMO DI ASSISTITI PER I MEDICI DI MEDICINA GENERALE.<\/h3>\n<\/blockquote>\n<p><strong><img loading=\"lazy\" decoding=\"async\" class=\"alignleft\" src=\"https:\/\/www.radiopiu.net\/wordpress\/wp-content\/uploads\/2020\/10\/Medicina_generale.jpg\" width=\"237\" height=\"157\" \/>VENEZIA\u00a0<\/strong> La Giunta regionale del Veneto ha varato alcune \u201cdisposizioni temporanee ed eccezionali in materia di Assistenza Primaria e di Continuit\u00e0 Assistenziale\u201d per far fronte all\u2019emergenza Covid in atto e all\u2019attuale carenza di medici. Su base volontaria, e prevista la possibilit\u00e0 dell\u2019aumento da 1.500 a 1.800 assistiti per ogni medico di medicina generale in attivit\u00e0; un\u2019integrazione regionale all\u2019indennit\u00e0 annua per avere il collaboratore di studio pari a due euro per assistito in carico; per quanto riguarda i medici di continuit\u00e0 assistenziale \u00e8 previsto un aumento del compenso previsto dall\u2019Accordo Integrativo Regionale da 32 a 40 euro lordi l\u2019ora. La situazione legata al covid \u00e8 di vera e propria emergenza, e la Giunta veneta ha assunto una serie di decisioni temporanee ed eccezionali, valide, comunque, non oltre il 31 dicembre 2022, con una previsione di spesa massima di circa 52 milioni di euro.<\/p>\n<p>&nbsp;<\/p>\n<p>&nbsp;<\/p>\n<hr \/>\n<blockquote>\n<h3><\/h3>\n<h3>MASSIMO BOARETTO PRIMARIO A PIEVE DI CADORE<\/h3>\n<\/blockquote>\n<p><strong>BELLUNO <\/strong>Dopo la nomina del dottor Cristiano Perbellini nel veronese, \u00e8 stato nominato facente funzioni anche per l\u2019unit\u00e0 operativa di Pieve di Cadore il dr Massimo Boaretto, direttore della Medicina di Belluno. L\u2019iter per la copertura del primariato di Pieve \u00e8 gi\u00e0 avviato<\/p>\n<p>&nbsp;<\/p>\n<p>&nbsp;<\/p>\n<hr \/>\n<p>&nbsp;<\/p>\n<blockquote>\n<h3>IL COLPO DEI LADRI ACROBATI FRUTTA 15 EURO IN CONTANTI<\/h3>\n<\/blockquote>\n<p>&nbsp;<\/p>\n<p><strong><img loading=\"lazy\" decoding=\"async\" class=\"alignleft\" src=\"https:\/\/www.radiopiu.net\/wordpress\/wp-content\/uploads\/2022\/01\/burglar-4925202__340.webp\" width=\"190\" height=\"155\" \/>BELLUNO<\/strong> Il clich\u00e8 \u00e8 sempre lo stesso, la famiglia esce (in questo caso per alcuni giorni) e i mal intenzionati forzano gli infissi, entrano nell&#8217;appartamento, mettono tutto a soqquadro e poi la fuga con 15 euro in tasca, nulla pi\u00f9.\u00a0 Il furto denunciato dai proprietari dell&#8217;abitazione di Safforze agli operatori della Volante di polizia che gi\u00e0 stanno indagando sui furti di Cusighe a Capodanno. L&#8217;ultimo furto\u00a0 nell&#8217;abitazione di Safforze-Andreane, nei pressi della linea ferroviaria, i ladri\u00a0 hanno agito\u00a0 salendo dalla grondaia.<\/p>\n<p>&nbsp;<\/p>\n<p>&nbsp;<\/p>\n<hr \/>\n<blockquote>\n<h3>RIGENERAZIONE URBANA: NORD CONTRO SUD. MASSARO &#8220;VANE LE PROMESSE DEL GOVERNO&#8221;<\/h3>\n<p><strong>BELLUNO<\/strong><\/p><\/blockquote>\n<p><strong>di MORENO GIOLI<\/strong><\/p>\n<audio class=\"wp-audio-shortcode\" id=\"audio-252190-1\" preload=\"none\" style=\"width: 100%;\" controls=\"controls\"><source type=\"audio\/mpeg\" src=\"https:\/\/www.radiopiu.net\/wordpress\/wp-content\/uploads\/2022\/01\/moreno-gioli.mp3?_=1\" \/><a href=\"https:\/\/www.radiopiu.net\/wordpress\/wp-content\/uploads\/2022\/01\/moreno-gioli.mp3\">https:\/\/www.radiopiu.net\/wordpress\/wp-content\/uploads\/2022\/01\/moreno-gioli.mp3<\/a><\/audio>\n<p>&nbsp;<\/p>\n<p><strong><img loading=\"lazy\" decoding=\"async\" class=\"alignleft\" src=\"https:\/\/www.radiopiu.net\/wordpress\/wp-content\/uploads\/2021\/05\/VIA-DE-MIN-BELLUNO.png\" width=\"222\" height=\"121\" \/>BELLUNO<\/strong> In tutta Italia scoppia la polemica perch\u00e9 al sud il bando di rigenerazione urbana 2 ha avuto ampio successo, molto meno al nord dove sono state accolte ben poche domande. Sul piede di guerra anche Anci Veneto, l&#8217;associazione dei Comuni perch\u00e9 in Regione su 3,5 miliardi di euro arrivano 30 milioni. Nessun finanziamento n\u00e8 a Belluno n\u00e8 a Feltre. Una situazione grave per il sindaco di Belluno Jacopo Massaro<\/p>\n<div style=\"width: 640px;\" class=\"wp-video\"><video class=\"wp-video-shortcode\" id=\"video-252190-1\" width=\"640\" height=\"352\" preload=\"metadata\" controls=\"controls\"><source type=\"video\/mp4\" src=\"https:\/\/www.radiopiu.net\/wordpress\/wp-content\/uploads\/2022\/01\/WhatsApp-Video-2022-01-04-at-15.43.08.mp4?_=1\" \/><a href=\"https:\/\/www.radiopiu.net\/wordpress\/wp-content\/uploads\/2022\/01\/WhatsApp-Video-2022-01-04-at-15.43.08.mp4\">https:\/\/www.radiopiu.net\/wordpress\/wp-content\/uploads\/2022\/01\/WhatsApp-Video-2022-01-04-at-15.43.08.mp4<\/a><\/video><\/div>\n<p>&nbsp;<\/p>\n<p><a href=\"https:\/\/www.radiopiu.net\/wordpress\/rigenerazione-urbana-nord-contro-sud-massaro-vane-le-promesse-del-governo\/f7584aab-f2e7-43bb-8b09-330be329e8b1\/\" rel=\"attachment wp-att-252304\"><img loading=\"lazy\" decoding=\"async\" class=\"size-medium wp-image-252304 alignleft\" src=\"https:\/\/www.radiopiu.net\/wordpress\/wp-content\/uploads\/2022\/01\/f7584aab-f2e7-43bb-8b09-330be329e8b1-169x300.jpg\" alt=\"\" width=\"169\" height=\"300\" srcset=\"https:\/\/www.radiopiu.net\/wordpress\/wp-content\/uploads\/2022\/01\/f7584aab-f2e7-43bb-8b09-330be329e8b1-169x300.jpg 169w, https:\/\/www.radiopiu.net\/wordpress\/wp-content\/uploads\/2022\/01\/f7584aab-f2e7-43bb-8b09-330be329e8b1-576x1024.jpg 576w, https:\/\/www.radiopiu.net\/wordpress\/wp-content\/uploads\/2022\/01\/f7584aab-f2e7-43bb-8b09-330be329e8b1-768x1366.jpg 768w, https:\/\/www.radiopiu.net\/wordpress\/wp-content\/uploads\/2022\/01\/f7584aab-f2e7-43bb-8b09-330be329e8b1-864x1536.jpg 864w, https:\/\/www.radiopiu.net\/wordpress\/wp-content\/uploads\/2022\/01\/f7584aab-f2e7-43bb-8b09-330be329e8b1.jpg 899w\" sizes=\"auto, (max-width: 169px) 100vw, 169px\" \/><\/a><\/p>\n<p><em>489 milioni alla Campania 1 milione e mezzo al Friuli Venezia Giulia.<\/em><br \/>\n<em>423 milioni di euro alla Sicilia e 11 milioni alla Valle d&#8217;Aosta. 399 milioni alla Puglia e 28mila al Trentino Alto Adige. 336 milioni di euro al Lazio e 30 milioni al Veneto, ma met\u00e0 del Molise (60milioni) e poco meno della Basilicata (33milioni)<\/em><\/p>\n<p>Il Comune di Belluno aveva presentato 13 domande, per 3 sono state chieste integrazioni. Si tratta dei progetti per la nuova scuola di Cavarzano, sostituzione impianto termico della casa di riposo Gaggia Lante, e poi i progetti per il Nevegal di area vasta con riferimento al laghetto e alle strade. Tutti i progetti sono stati ammessi, ritenuti validi, ma da finanziare. E intanto i sindaci si indignano.<br \/>\n<strong>\u00a0<\/strong><\/p>\n<p><strong>IL SINDACO DI FELTRE, PAOLO PERENZIN<\/strong> Il decreto pubblicato oggi riguardante la graduatoria dei progetti del piano di rigenerazione urbana, le cui destinazioni di massima erano state in parte anticipate in via ufficiosa una decina di giorni fa, non pu\u00f2 che lasciarci con l&#8217;amaro in bocca. Feltre &#8211; sfruttando il fatto che il bando era stato aperto per la prima volta anche a centri minori &#8211; aveva candidato un primo corposo stralcio di interventi sulla caserma Zannettelli, struttura strategica nel cuore della citt\u00e0, per un importo complessivo di circa 5,8 milioni di euro. Un intervento che aveva ed ha, a tutti gli effetti, il senso appunto della &#8220;rigenerazione urbana&#8221; di prospettiva e che per la sua valenza, anche finanziaria, il Comune non ha certo la possibilit\u00e0 di accollarsi da solo. La citt\u00e0 rischia cos\u00ec di perdere un&#8217;opportunit\u00e0 molto importante per dare avvio al piano di recupero e valorizzazione di questa storica struttura, aperta a numerose ipotesi di nuova destinazione.<br \/>\nIn linea con quanto auspicato dall&#8217;ANCI, ci auguriamo che il governo trovi in tempi rapidissimi i correttivi necessari a ristabilire una situazione di equit\u00e0 che, se da un lato tiene conto delle prerogative di sviluppo dell&#8217;area del Mezzogiorno, non penalizzi ancora una volta le ragioni di altre amministrazioni, impegnate a 360 gradi nella gestione della cosa pubblica a livello locale per lo sviluppo responsabile dei territori e delle comunit\u00e0 locali che li abitano.<\/p>\n<p>LA LETTERA&#8230;<\/p>\n<a href=\"https:\/\/www.radiopiu.net\/wordpress\/wp-content\/uploads\/2022\/01\/lettera-rigenerazione-urbana-pres-anci-regionali.pdf\" class=\"pdfemb-viewer\" style=\"\" data-width=\"max\" data-height=\"max\" data-toolbar=\"top\" data-toolbar-fixed=\"on\">lettera rigenerazione urbana pres anci regionali<\/a>\n<p>&nbsp;<\/p>\n<p><strong>\u00a0\u00a0<\/strong><\/p>\n<p>&nbsp;<\/p>\n<hr \/>\n<p>&nbsp;<\/p>\n<blockquote>\n<h3>MAURO SALVATERRA PER ORA UNICO CANDIDATO SINDACO A FALCADE, A PRIMAVERA SI VOTA ANCHE A RIVAMONTE<\/h3>\n<\/blockquote>\n<p><img loading=\"lazy\" decoding=\"async\" class=\"alignleft\" src=\"https:\/\/www.radiopiu.net\/wordpress\/wp-content\/uploads\/2021\/07\/mauro-salvaterra.jpg\" width=\"115\" height=\"165\" \/><strong>FALCADE\u00a0<\/strong><\/p>\n<p><strong>DI GIANNI SANTOMASO\u00a0<\/strong><\/p>\n<audio class=\"wp-audio-shortcode\" id=\"audio-252190-2\" preload=\"none\" style=\"width: 100%;\" controls=\"controls\"><source type=\"audio\/mpeg\" src=\"https:\/\/www.radiopiu.net\/wordpress\/wp-content\/uploads\/2022\/01\/GIANNI-SALVA.mp3?_=2\" \/><a href=\"https:\/\/www.radiopiu.net\/wordpress\/wp-content\/uploads\/2022\/01\/GIANNI-SALVA.mp3\">https:\/\/www.radiopiu.net\/wordpress\/wp-content\/uploads\/2022\/01\/GIANNI-SALVA.mp3<\/a><\/audio>\n<p>&nbsp;<\/p>\n<p>&nbsp;<\/p>\n<hr \/>\n<blockquote>\n<h3><\/h3>\n<h3>UNA PETIZIONE PER SALVARE IL NEGOZIO DI FRASSENE&#8217;<\/h3>\n<p><a href=\"https:\/\/www.radiopiu.net\/wordpress\/una-petizione-per-salvare-il-negozio-di-frassene\/vbwzrsitdxnroho-800x450-nopad\/\" rel=\"attachment wp-att-252371\"><img loading=\"lazy\" decoding=\"async\" class=\"size-medium wp-image-252371 alignleft\" src=\"https:\/\/www.radiopiu.net\/wordpress\/wp-content\/uploads\/2022\/01\/VbWzrSItdxnrOHo-800x450-noPad-300x169.jpg\" alt=\"\" width=\"300\" height=\"169\" srcset=\"https:\/\/www.radiopiu.net\/wordpress\/wp-content\/uploads\/2022\/01\/VbWzrSItdxnrOHo-800x450-noPad-300x169.jpg 300w, https:\/\/www.radiopiu.net\/wordpress\/wp-content\/uploads\/2022\/01\/VbWzrSItdxnrOHo-800x450-noPad.jpg 604w\" sizes=\"auto, (max-width: 300px) 100vw, 300px\" \/><\/a><strong>VOLTAGO<\/strong> Su change.org ha preso il via una petizione a sostegno della Fam. Coop di Primiero per la gestione del negozio di vicinato del paese. L&#8217;iniziativa\u00a0 ha come primo firmatario Luigi Paolo Della Lucia:<\/p>\n<blockquote><p><em>Appresa l&#8217;imminente\u00a0chiusura del negozio alimentare di Frassen\u00e8 si rischia che la nostra frazione venga a perdere un&#8217;importante ed unico servizio di &#8220;prima necessit\u00e0&#8221;.\u00a0 Dobbiamo tutti noi fare la nostra parte affinch\u00e9 questo non accada. \u00c8 stata chiesta la disponibilit\u00e0 agli attuali gestori di poter usufruire dei locali del loro negozio con riscontro positivo.\u00a0 Sentita la \u201cFamiglia Cooperativa di Primiero\u201d che gi\u00e0 ha disposto un servizio analogo nel comune di Gosaldo, \u00e8 stata valutata la loro disponibilit\u00e0 ad un insediamento anche nella nostra frazione. Si \u00e8 constatata la loro\u00a0disponibilit\u00e0, subordinata\u00a0ad una\u00a0dimostrazione\u00a0formale di\u00a0interesse da parte della popolazione. Ora spetta a noi abitanti di Frassen\u00e8, residenti e non, manifestare alla Famiglia Cooperativa di Primiero il nostro forte interesse a supporto di tale iniziativa. Firma anche tu\u00a0per poter avere un negozio a Frassen\u00e8<\/em><\/p>\n<p>PER FIRMARE <span style=\"color: #0000ff;\"><strong><a style=\"color: #0000ff;\" href=\"https:\/\/www.change.org\/p\/famiglia-cooperativa-di-primiero-sostegno-insediamento-fam-coop-di-primiero-come-negozio-di-vicinato-a-frassen%C3%A8-agordino?recruiter=1244581631&amp;recruited_by_id=eccd52c0-6d90-11ec-a86d-63de11c43c34&amp;utm_source=share_petition&amp;utm_campaign=share_petition&amp;utm_term=share_petition&amp;utm_medium=copylink&amp;utm_content=cl_sharecopy_31924333_it-IT%3A6\">CLICCA QUI\u00a0<\/a><\/strong><\/span><\/p><\/blockquote>\n<p>&nbsp;<\/p><\/blockquote>\n<p>&nbsp;<\/p>\n<hr \/>\n<p>&nbsp;<\/p>\n<blockquote>\n<h3>NOVE MILIONI PER LA &#8220;REGINA&#8221;, PUBBLICATO IL BANDO PER LA CICLABILE BRIBANO-CENCENIGHE<\/h3>\n<\/blockquote>\n<p>&nbsp;<\/p>\n<p><strong><img loading=\"lazy\" decoding=\"async\" class=\"alignleft\" src=\"https:\/\/www.radiopiu.net\/wordpress\/wp-content\/uploads\/2018\/03\/CICLABILE1.jpg\" width=\"261\" height=\"165\" \/>AGORDO<\/strong><\/p>\n<p><strong>DI GIANNI SANTOMASO\u00a0<\/strong><\/p>\n<audio class=\"wp-audio-shortcode\" id=\"audio-252190-3\" preload=\"none\" style=\"width: 100%;\" controls=\"controls\"><source type=\"audio\/mpeg\" src=\"https:\/\/www.radiopiu.net\/wordpress\/wp-content\/uploads\/2022\/01\/GIANNI-UNIONEu.mp3?_=3\" \/><a href=\"https:\/\/www.radiopiu.net\/wordpress\/wp-content\/uploads\/2022\/01\/GIANNI-UNIONEu.mp3\">https:\/\/www.radiopiu.net\/wordpress\/wp-content\/uploads\/2022\/01\/GIANNI-UNIONEu.mp3<\/a><\/audio>\n<p>&nbsp;<\/p>\n<hr \/>\n<p>&nbsp;<\/p>\n<blockquote>\n<h3>BLACKFIN NELLO SPAZIO CON PAOLO NESPOLI<\/h3>\n<\/blockquote>\n<p><strong><img loading=\"lazy\" decoding=\"async\" class=\"alignleft\" src=\"https:\/\/www.radiopiu.net\/wordpress\/wp-content\/uploads\/2022\/01\/nespoli_x_newsroom_email.jpg\" width=\"322\" height=\"181\" \/>TAIBON<\/strong> In occasione della recente inaugurazione della nuova sede per i 50 anni dell\u2019azienda, Blackfin ha svelato la speciale collaborazione con Paolo Nespoli. Nel 2017, durante l\u2019ultima missione del celebre astronauta dell\u2019ESA sulla Stazione Spaziale Internazionale, Blackfin ha infatti realizzato alcune montature utilizzate appositamente in orbita per alcuni test scientifici legati alla visione.<\/p>\n<p>Ma quella tra Blackfin e Nespoli \u00e8 una vera e propria amicizia che parte dalla condivisione di alcuni valori profondi, come la determinazione nel raggiungere i propri obiettivi nonostante le difficolt\u00e0, la sensibilit\u00e0 e il rispetto nei confronti dell\u2019ambiente e in generale del Pianeta, e l\u2019eccellenza italiana, che l\u2019astronauta rappresenta e a cui l\u2019azienda aspira da sempre.\u00a0 <span style=\"color: #0000ff;\"><strong><a style=\"color: #0000ff;\" href=\"https:\/\/www.blackfin.eu\/newsroom\/175\/Blackfin-nello-spazio-con-l%E2%80%99astronauta-Paolo-Nespoli?key=5ycCxkSNpKJTbCuxzaEcXamg2vJFk9bCn8CZrimAJyaho6M4a5W330Ech0NNqGTOBru1etQsdgQhHPpWWH3SjA%3D%3D\">ALTRE FOTO<\/a><\/strong><\/span><\/p>\n<p>&nbsp;<\/p>\n<hr \/>\n<p>&nbsp;<\/p>\n<blockquote>\n<h3>QUESTA SERA CIME ILLUMINATE, CANCELLATA LA FESTA SUL BROI<\/h3>\n<\/blockquote>\n<p><strong><img loading=\"lazy\" decoding=\"async\" class=\"alignleft\" src=\"https:\/\/www.radiopiu.net\/wordpress\/wp-content\/uploads\/2022\/01\/54a27bae-dbda-4f48-99be-dc3dbefdcb1e.jpg\" width=\"239\" height=\"80\" \/>AGORDO<\/strong> La sezione agordina del Club Alpino Italiano ha porto gli auguri agli associati attraverso il periodico CaiInForm il cui primo numero \u00e8 uscito 14 anni fa. E&#8217; anche l&#8217;occasione per ribadire le difficolt\u00e0 del periodo con il <span style=\"color: #000000; font-family: 'comic sans ms', 'marker felt-thin', arial, sans-serif;\"> riacutizzarsi del numero di contagi.<em>\u00a0 &#8220;Per questo <\/em><\/span><em><span style=\"color: #000000; font-family: comic sans ms, marker felt-thin, arial, sans-serif;\">\u00a0 la prevista serata dei Pavaroi non verr\u00e0 effettuata a causa delle restrizioni sanitarie che non consentono assembramenti neanche all&#8217;aperto. Dunque il grande fal\u00f2 al centro del Broi di Agordo non si accender\u00e0 per illuminare la via ai Magi e le faville non ci diranno se l&#8217;anno sar\u00e0 buono o meno. Tuttavia, salvo ordinanze comunali locali e condizioni meteo proibitive,\u00a0<u>sulle cime agordine<\/u> verranno ugualmente <u>accese le fiaccole<\/u>\u00a0come da tradizione per dare comunque un segno di coraggio e speranza a valligiani e turisti. L&#8217;accensione sar\u00e0 simultanea in tutta la Conca Agordina alle ore 17,30&#8243;.<\/span><\/em><br \/>\n<em>\u00a0<\/em><\/p>\n<p>&nbsp;<\/p>\n<hr \/>\n<p>&nbsp;<\/p>\n<blockquote class=\"wp-embedded-content\" data-secret=\"EN2SfTe84G\"><p><a href=\"https:\/\/www.radiopiu.net\/wordpress\/aggiornamentonaz2022gen04\/\">CORONAVIRUS: AGGIORNAMENTO NAZIONALE 04 GENNAIO 2022<\/a><\/p><\/blockquote>\n<p><iframe loading=\"lazy\" class=\"wp-embedded-content\" sandbox=\"allow-scripts\" security=\"restricted\" style=\"position: absolute; clip: rect(1px, 1px, 1px, 1px);\" title=\"&#8220;CORONAVIRUS: AGGIORNAMENTO NAZIONALE 04 GENNAIO 2022&#8221; &#8212; Radio Pi\u00f9\" src=\"https:\/\/www.radiopiu.net\/wordpress\/aggiornamentonaz2022gen04\/embed\/#?secret=EN2SfTe84G\" data-secret=\"EN2SfTe84G\" width=\"600\" height=\"338\" frameborder=\"0\" marginwidth=\"0\" marginheight=\"0\" scrolling=\"no\"><\/iframe><\/p>\n<p>&nbsp;<\/p>\n<p>&nbsp;<\/p>\n<blockquote class=\"wp-embedded-content\" data-secret=\"bICHHARMvK\"><p><a href=\"https:\/\/www.radiopiu.net\/wordpress\/oltre-16-mila-positivi-in-24-ore-nel-veneto-la-pressione-ospedaliera-aumenta-28-decessi\/\">OLTRE 16 MILA POSITIVI IN 24 ORE NEL VENETO. LA PRESSIONE OSPEDALIERA AUMENTA, 28 DECESSI<\/a><\/p><\/blockquote>\n<p><iframe loading=\"lazy\" class=\"wp-embedded-content\" sandbox=\"allow-scripts\" security=\"restricted\" style=\"position: absolute; clip: rect(1px, 1px, 1px, 1px);\" title=\"&#8220;OLTRE 16 MILA POSITIVI IN 24 ORE NEL VENETO. LA PRESSIONE OSPEDALIERA AUMENTA, 28 DECESSI&#8221; &#8212; Radio Pi\u00f9\" src=\"https:\/\/www.radiopiu.net\/wordpress\/oltre-16-mila-positivi-in-24-ore-nel-veneto-la-pressione-ospedaliera-aumenta-28-decessi\/embed\/#?secret=bICHHARMvK\" data-secret=\"bICHHARMvK\" width=\"600\" height=\"338\" frameborder=\"0\" marginwidth=\"0\" marginheight=\"0\" scrolling=\"no\"><\/iframe><\/p>\n<p>&nbsp;<\/p>\n<h2>I GRAFICI DI TIZIANO DE COL<\/h2>\n\n\t\t\t<style type='text\/css'>\n\t\t\t\t#gallery-1 {\n\t\t\t\t\tmargin: auto;\n\t\t\t\t}\n\t\t\t\t#gallery-1 .gallery-item {\n\t\t\t\t\tfloat: left;\n\t\t\t\t\tmargin-top: 10px;\n\t\t\t\t\ttext-align: center;\n\t\t\t\t\twidth: 33%;\n\t\t\t\t}\n\t\t\t\t#gallery-1 img {\n\t\t\t\t\tborder: 2px solid #cfcfcf;\n\t\t\t\t}\n\t\t\t\t#gallery-1 .gallery-caption {\n\t\t\t\t\tmargin-left: 0;\n\t\t\t\t}\n\t\t\t\t\/* see gallery_shortcode() in wp-includes\/media.php *\/\n\t\t\t<\/style>\n\t\t<div id='gallery-1' class='dt-gallery-container gallery galleryid-252190 gallery-columns-3 gallery-size-medium'><dl class='gallery-item'>\n\t\t\t\t<dt class='gallery-icon landscape'>\n\t\t\t\t\t<a class=\"rollover rollover-zoom dt-pswp-item\" title=\"fdf2e196-bd8a-465c-9d09-1bdb63c4f995\" data-dt-img-description=\"\" data-large_image_width=\"586\" data-large_image_height=\"358\"href='https:\/\/www.radiopiu.net\/wordpress\/wp-content\/uploads\/2022\/01\/fdf2e196-bd8a-465c-9d09-1bdb63c4f995.jpg'><img loading=\"lazy\" decoding=\"async\" width=\"300\" height=\"183\" src=\"https:\/\/www.radiopiu.net\/wordpress\/wp-content\/uploads\/2022\/01\/fdf2e196-bd8a-465c-9d09-1bdb63c4f995-300x183.jpg\" class=\"attachment-medium size-medium\" alt=\"\" srcset=\"https:\/\/www.radiopiu.net\/wordpress\/wp-content\/uploads\/2022\/01\/fdf2e196-bd8a-465c-9d09-1bdb63c4f995-300x183.jpg 300w, https:\/\/www.radiopiu.net\/wordpress\/wp-content\/uploads\/2022\/01\/fdf2e196-bd8a-465c-9d09-1bdb63c4f995.jpg 586w\" sizes=\"auto, (max-width: 300px) 100vw, 300px\" \/><\/a>\n\t\t\t\t<\/dt><\/dl><dl class='gallery-item'>\n\t\t\t\t<dt class='gallery-icon landscape'>\n\t\t\t\t\t<a class=\"rollover rollover-zoom dt-pswp-item\" title=\"7b09511c-0552-4df7-b9fd-ce67eaa32403\" data-dt-img-description=\"\" data-large_image_width=\"610\" data-large_image_height=\"356\"href='https:\/\/www.radiopiu.net\/wordpress\/wp-content\/uploads\/2022\/01\/7b09511c-0552-4df7-b9fd-ce67eaa32403.jpg'><img loading=\"lazy\" decoding=\"async\" width=\"300\" height=\"175\" src=\"https:\/\/www.radiopiu.net\/wordpress\/wp-content\/uploads\/2022\/01\/7b09511c-0552-4df7-b9fd-ce67eaa32403-300x175.jpg\" class=\"attachment-medium size-medium\" alt=\"\" srcset=\"https:\/\/www.radiopiu.net\/wordpress\/wp-content\/uploads\/2022\/01\/7b09511c-0552-4df7-b9fd-ce67eaa32403-300x175.jpg 300w, https:\/\/www.radiopiu.net\/wordpress\/wp-content\/uploads\/2022\/01\/7b09511c-0552-4df7-b9fd-ce67eaa32403.jpg 610w\" sizes=\"auto, (max-width: 300px) 100vw, 300px\" \/><\/a>\n\t\t\t\t<\/dt><\/dl><dl class='gallery-item'>\n\t\t\t\t<dt class='gallery-icon landscape'>\n\t\t\t\t\t<a class=\"rollover rollover-zoom dt-pswp-item\" title=\"feec1b30-b2ca-46fc-b29d-e11ceac662cf\" data-dt-img-description=\"\" data-large_image_width=\"600\" data-large_image_height=\"354\"href='https:\/\/www.radiopiu.net\/wordpress\/wp-content\/uploads\/2022\/01\/feec1b30-b2ca-46fc-b29d-e11ceac662cf.jpg'><img loading=\"lazy\" decoding=\"async\" width=\"300\" height=\"177\" src=\"https:\/\/www.radiopiu.net\/wordpress\/wp-content\/uploads\/2022\/01\/feec1b30-b2ca-46fc-b29d-e11ceac662cf-300x177.jpg\" class=\"attachment-medium size-medium\" alt=\"\" srcset=\"https:\/\/www.radiopiu.net\/wordpress\/wp-content\/uploads\/2022\/01\/feec1b30-b2ca-46fc-b29d-e11ceac662cf-300x177.jpg 300w, https:\/\/www.radiopiu.net\/wordpress\/wp-content\/uploads\/2022\/01\/feec1b30-b2ca-46fc-b29d-e11ceac662cf.jpg 600w\" sizes=\"auto, (max-width: 300px) 100vw, 300px\" \/><\/a>\n\t\t\t\t<\/dt><\/dl><br style=\"clear: both\" \/><dl class='gallery-item'>\n\t\t\t\t<dt class='gallery-icon landscape'>\n\t\t\t\t\t<a class=\"rollover rollover-zoom dt-pswp-item\" title=\"a7b896dd-ce6a-4cc2-b0db-f9cece033554\" data-dt-img-description=\"\" data-large_image_width=\"620\" data-large_image_height=\"358\"href='https:\/\/www.radiopiu.net\/wordpress\/wp-content\/uploads\/2022\/01\/a7b896dd-ce6a-4cc2-b0db-f9cece033554.jpg'><img loading=\"lazy\" decoding=\"async\" width=\"300\" height=\"173\" src=\"https:\/\/www.radiopiu.net\/wordpress\/wp-content\/uploads\/2022\/01\/a7b896dd-ce6a-4cc2-b0db-f9cece033554-300x173.jpg\" class=\"attachment-medium size-medium\" alt=\"\" srcset=\"https:\/\/www.radiopiu.net\/wordpress\/wp-content\/uploads\/2022\/01\/a7b896dd-ce6a-4cc2-b0db-f9cece033554-300x173.jpg 300w, https:\/\/www.radiopiu.net\/wordpress\/wp-content\/uploads\/2022\/01\/a7b896dd-ce6a-4cc2-b0db-f9cece033554.jpg 620w\" sizes=\"auto, (max-width: 300px) 100vw, 300px\" \/><\/a>\n\t\t\t\t<\/dt><\/dl><dl class='gallery-item'>\n\t\t\t\t<dt class='gallery-icon landscape'>\n\t\t\t\t\t<a class=\"rollover rollover-zoom dt-pswp-item\" title=\"2530f865-7bc9-43e2-a5cc-2f0ef4095bc4\" data-dt-img-description=\"\" data-large_image_width=\"608\" data-large_image_height=\"351\"href='https:\/\/www.radiopiu.net\/wordpress\/wp-content\/uploads\/2022\/01\/2530f865-7bc9-43e2-a5cc-2f0ef4095bc4.jpg'><img loading=\"lazy\" decoding=\"async\" width=\"300\" height=\"173\" src=\"https:\/\/www.radiopiu.net\/wordpress\/wp-content\/uploads\/2022\/01\/2530f865-7bc9-43e2-a5cc-2f0ef4095bc4-300x173.jpg\" class=\"attachment-medium size-medium\" alt=\"\" srcset=\"https:\/\/www.radiopiu.net\/wordpress\/wp-content\/uploads\/2022\/01\/2530f865-7bc9-43e2-a5cc-2f0ef4095bc4-300x173.jpg 300w, https:\/\/www.radiopiu.net\/wordpress\/wp-content\/uploads\/2022\/01\/2530f865-7bc9-43e2-a5cc-2f0ef4095bc4.jpg 608w\" sizes=\"auto, (max-width: 300px) 100vw, 300px\" \/><\/a>\n\t\t\t\t<\/dt><\/dl>\n\t\t\t\t<br style='clear: both' \/>\n\t\t\t<\/div>\n\n<p>&nbsp;<\/p>\n<hr \/>\n<p>&nbsp;<\/p>\n<blockquote>\n<h3>SABATO 8 GENNAIO VACCINAZIONE ANTI COVID AD ACCESSO LIBERO A ROCCA PIETORE<\/h3>\n<\/blockquote>\n<p><strong>ROCCA PIETORE<\/strong>\u00a0\u00c8 in programma per sabato 8 gennaio una seduta di vaccinazione anticovid ad accesso libero presso la sede Associazione Volontari ambulanza e Protezione Civile a Bosco Verde di Rocca Pietore. La seduta ad accesso libero \u00e8 per tutte le categorie vaccinabili dai 12 anni in su per la prima o terza dose. Le vaccinazioni avverranno dalle 14:30 alle 17.<\/p>\n<p>&nbsp;<\/p>\n<p>&nbsp;<\/p>\n<hr \/>\n<p>&nbsp;<\/p>\n<blockquote>\n<h3>AGGIORNAMENTO VACCINAZIONE IN PROVINCIA<\/h3>\n<\/blockquote>\n<p><strong><a href=\"https:\/\/www.radiopiu.net\/wordpress\/giornale-radiopiu-18-dicembre-2021-direttore-mirko-mezzacasa\/vaccini_pala_mares_1\/\" rel=\"attachment wp-att-249002\"><img loading=\"lazy\" decoding=\"async\" class=\"wp-image-249002 alignleft\" src=\"https:\/\/www.radiopiu.net\/wordpress\/wp-content\/uploads\/2021\/12\/Vaccini_Pala_Mares_1-300x225.jpg\" alt=\"\" width=\"209\" height=\"157\" srcset=\"https:\/\/www.radiopiu.net\/wordpress\/wp-content\/uploads\/2021\/12\/Vaccini_Pala_Mares_1-300x225.jpg 300w, https:\/\/www.radiopiu.net\/wordpress\/wp-content\/uploads\/2021\/12\/Vaccini_Pala_Mares_1-1024x768.jpg 1024w, https:\/\/www.radiopiu.net\/wordpress\/wp-content\/uploads\/2021\/12\/Vaccini_Pala_Mares_1-768x576.jpg 768w, https:\/\/www.radiopiu.net\/wordpress\/wp-content\/uploads\/2021\/12\/Vaccini_Pala_Mares_1-1536x1152.jpg 1536w, https:\/\/www.radiopiu.net\/wordpress\/wp-content\/uploads\/2021\/12\/Vaccini_Pala_Mares_1.jpg 1600w\" sizes=\"auto, (max-width: 209px) 100vw, 209px\" \/><\/a>BELLUNO<\/strong>\u00a0 Totale dosi somministrate: 382.435 \u2981 86,5% \u2013 157.583 persone vaccinate con primo ciclo over 12 \u2981 85,8% &#8211; 156.527 persone con ciclo completo over 12 \u2981 24.809 persone ancora da\u00a0 Vaccinare over 12 anni Risultano vaccinati con almeno una dose: \u2981 il 78 % dei 12- 19 enni (11.075 persone) \u2981 il 84,2 % dei 20-29enni (15.955) \u2981 il 80 % dei 30-39enni (15.883) \u2981 il 79,6% dei 40-49enni (21.892) \u2981 l\u201986,2% dei 50-59enni (28.619) \u2981 l\u201988,7 % dei 60-69enni (24.779) \u2981 il 93,2% dei 70-79enni (22.167) \u2981 circa il 100% degli over 80 (17.220) Le persone ancora da vaccinare sono cos\u00ec suddivise: \u2981 12-19 anni: 3.132 (22%) \u2981 20-29 anni: 2.994 (15,8%) \u2981 30-39 anni: 3.965 (20,0%) \u2981 40-49 anni: 5.600 (20,4%) \u2981 50-59 anni: 4.599 (13,8%) \u2981 60-69 anni: 3.146 (11,3%) \u2981 70 79 anni: 1.606 (6,8%) TERZE DOSI\/dosi booster \u2981 81.873 terze dosi gi\u00e0 somministrate \u2981 83,6 % degli over 80 eleggibili gi\u00e0 vaccinati con dose booster \u2981 82,8% dei 70-79enni eleggibili gi\u00e0 vaccinati con dose booster<br \/>\n\u2981 68,9% della popolazione totale eleggibile gi\u00e0 vaccinato con dose booster VACCINAZIONI PEDIATRICHE 5-11 ANNI \u2981 1.416 bambini 5-11 anni gi\u00e0 vaccinati (13%)<\/p>\n<blockquote><p>SEDUTE VACCINALI venerd\u00ec 7 gennaio 2022 SEDICO &#8211; Palaskating Sedico BAMBINI 12:00\/20:00 sabato 8 gennaio 2022 SEDICO &#8211; Palaskating Sedico BAMBINI 9:00\/18:00 domenica 9 gennaio 2022 FELTRE Centro Prelievi PLS 5-11 anni 15:00-18:30 prenotazioni dal sito www.aulss1.veneto.it<\/p><\/blockquote>\n<p>&nbsp;<\/p>\n<hr \/>\n<p>&nbsp;<\/p>\n<blockquote>\n<h3>CHIUSURA GALLERIA COMELICO. BARD: \u00abDIALOGO CON LE REALTA&#8217; CONFINANTI. LO STATO RIFONDA I DANNI\u00bb<\/h3>\n<\/blockquote>\n<p><strong><a href=\"https:\/\/www.radiopiu.net\/wordpress\/bona-bard-in-bocca-al-lupo-a-tutti-ora-al-lavoro-per-una-provincia-forte\/andrea-bona-bard\/\" rel=\"attachment wp-att-235612\"><img loading=\"lazy\" decoding=\"async\" class=\" wp-image-235612 alignleft\" src=\"https:\/\/www.radiopiu.net\/wordpress\/wp-content\/uploads\/2021\/10\/Andrea-Bona-BARD-300x237.jpg\" alt=\"\" width=\"246\" height=\"194\" srcset=\"https:\/\/www.radiopiu.net\/wordpress\/wp-content\/uploads\/2021\/10\/Andrea-Bona-BARD-300x237.jpg 300w, https:\/\/www.radiopiu.net\/wordpress\/wp-content\/uploads\/2021\/10\/Andrea-Bona-BARD-768x607.jpg 768w, https:\/\/www.radiopiu.net\/wordpress\/wp-content\/uploads\/2021\/10\/Andrea-Bona-BARD.jpg 1024w\" sizes=\"auto, (max-width: 246px) 100vw, 246px\" \/><\/a>BELLUNO <\/strong>\u00ab<em>Se ci ostiniamo a considerare il Comelico come una zona di confine senza sbocchi, non si trover\u00e0 mai una soluzione al problema della viabilit\u00e0. L&#8217;annunciata chiusura della Galleria Comelico deve far avviare confronti con Bolzano e il Friuli Venezia Giulia per la realizzazione di collegamenti a est e a ovest; nel frattempo, lo Stato deve pensare a come rifondere i danni ad un territorio che dal solo annuncio della chiusura ha gi\u00e0 perso milioni di euro in investimenti e che stima in oltre 200 milioni di euro la perdita complessiva con la chiusura della galleria<\/em>\u00bb: questa la posizione del presidente del movimento Belluno Autonoma Regione Dolomiti, Andrea Bona, sulla discussione relativa alla chiusura della Galleria Comelico e del futuro della viabilit\u00e0 di quel territorio.<\/p>\n<p>&nbsp;<\/p>\n<p>&nbsp;<\/p>\n<hr \/>\n<p>&nbsp;<\/p>\n<blockquote>\n<h3>STUDIO E VALORIZZAZIONE DEL CIMITERO MONUMENTALE CITTADINO: AL VIA UNA CONVENZIONE FRA IL COMUNE DI FELTRE E IL DIPARTIMENTO DEI BENI CULTURALI DELL&#8217;UNIVERSIT\u00c0 DI PADOVA<\/h3>\n<\/blockquote>\n<p><strong>FELTRE <\/strong>Studiare gli aspetti storici, architettonici ed artistici del cimitero di Feltre attraverso una borsa di studio di ricerca attivata in collaborazione con il Dipartimento dei Beni Culturali dell&#8217;universit\u00e0 di Padova. Va in questa direzione la delibera di giunta assunta dall&#8217;amministrazione feltrina nella sua ultima seduta. Il cimitero monumentale del Comune di Feltre, che costituisce il nucleo centrale del del cimitero urbano cittadino, rappresenta infatti un vero e proprio museo all&#8217;aperto. Il Comune di Feltre corrisponder\u00e0 al Dipartimento di Beni Culturali dell&#8217;Universit\u00e0 di Padova la somma di 10 mila euro per il finanziamento della borsa di studio e condivider\u00e0 con lo stesso Dipartimento le progettualit\u00e0 inerenti la ricerca.<\/p>\n<p><strong>DANIELA PERCO, CONSIGLIERE COMUNALE DI FELTRE<\/strong><\/p>\n<audio class=\"wp-audio-shortcode\" id=\"audio-252190-4\" preload=\"none\" style=\"width: 100%;\" controls=\"controls\"><source type=\"audio\/mpeg\" src=\"https:\/\/www.radiopiu.net\/wordpress\/wp-content\/uploads\/2022\/01\/DANIELA-PERCO-CIMITERO.mp3?_=4\" \/><a href=\"https:\/\/www.radiopiu.net\/wordpress\/wp-content\/uploads\/2022\/01\/DANIELA-PERCO-CIMITERO.mp3\">https:\/\/www.radiopiu.net\/wordpress\/wp-content\/uploads\/2022\/01\/DANIELA-PERCO-CIMITERO.mp3<\/a><\/audio>\n<p>&nbsp;<\/p>\n\n\t\t\t<style type='text\/css'>\n\t\t\t\t#gallery-2 {\n\t\t\t\t\tmargin: auto;\n\t\t\t\t}\n\t\t\t\t#gallery-2 .gallery-item {\n\t\t\t\t\tfloat: left;\n\t\t\t\t\tmargin-top: 10px;\n\t\t\t\t\ttext-align: center;\n\t\t\t\t\twidth: 50%;\n\t\t\t\t}\n\t\t\t\t#gallery-2 img {\n\t\t\t\t\tborder: 2px solid #cfcfcf;\n\t\t\t\t}\n\t\t\t\t#gallery-2 .gallery-caption {\n\t\t\t\t\tmargin-left: 0;\n\t\t\t\t}\n\t\t\t\t\/* see gallery_shortcode() in wp-includes\/media.php *\/\n\t\t\t<\/style>\n\t\t<div id='gallery-2' class='dt-gallery-container gallery galleryid-252190 gallery-columns-2 gallery-size-medium'><dl class='gallery-item'>\n\t\t\t\t<dt class='gallery-icon landscape'>\n\t\t\t\t\t<a class=\"rollover rollover-zoom dt-pswp-item\" title=\"Cimitero di Feltre (2)\" data-dt-img-description=\"\" data-large_image_width=\"2560\" data-large_image_height=\"1440\"href='https:\/\/www.radiopiu.net\/wordpress\/wp-content\/uploads\/2022\/01\/Cimitero-di-Feltre-2-scaled.jpg'><img loading=\"lazy\" decoding=\"async\" width=\"300\" height=\"169\" src=\"https:\/\/www.radiopiu.net\/wordpress\/wp-content\/uploads\/2022\/01\/Cimitero-di-Feltre-2-300x169.jpg\" class=\"attachment-medium size-medium\" alt=\"\" srcset=\"https:\/\/www.radiopiu.net\/wordpress\/wp-content\/uploads\/2022\/01\/Cimitero-di-Feltre-2-300x169.jpg 300w, https:\/\/www.radiopiu.net\/wordpress\/wp-content\/uploads\/2022\/01\/Cimitero-di-Feltre-2-1024x576.jpg 1024w, https:\/\/www.radiopiu.net\/wordpress\/wp-content\/uploads\/2022\/01\/Cimitero-di-Feltre-2-768x432.jpg 768w, https:\/\/www.radiopiu.net\/wordpress\/wp-content\/uploads\/2022\/01\/Cimitero-di-Feltre-2-1536x864.jpg 1536w, https:\/\/www.radiopiu.net\/wordpress\/wp-content\/uploads\/2022\/01\/Cimitero-di-Feltre-2-2048x1152.jpg 2048w\" sizes=\"auto, (max-width: 300px) 100vw, 300px\" \/><\/a>\n\t\t\t\t<\/dt><\/dl><dl class='gallery-item'>\n\t\t\t\t<dt class='gallery-icon landscape'>\n\t\t\t\t\t<a class=\"rollover rollover-zoom dt-pswp-item\" title=\"Cimitero di Feltre (5)\" data-dt-img-description=\"\" data-large_image_width=\"2560\" data-large_image_height=\"1440\"href='https:\/\/www.radiopiu.net\/wordpress\/wp-content\/uploads\/2022\/01\/Cimitero-di-Feltre-5-scaled.jpg'><img loading=\"lazy\" decoding=\"async\" width=\"300\" height=\"169\" src=\"https:\/\/www.radiopiu.net\/wordpress\/wp-content\/uploads\/2022\/01\/Cimitero-di-Feltre-5-300x169.jpg\" class=\"attachment-medium size-medium\" alt=\"\" srcset=\"https:\/\/www.radiopiu.net\/wordpress\/wp-content\/uploads\/2022\/01\/Cimitero-di-Feltre-5-300x169.jpg 300w, https:\/\/www.radiopiu.net\/wordpress\/wp-content\/uploads\/2022\/01\/Cimitero-di-Feltre-5-1024x576.jpg 1024w, https:\/\/www.radiopiu.net\/wordpress\/wp-content\/uploads\/2022\/01\/Cimitero-di-Feltre-5-768x432.jpg 768w, https:\/\/www.radiopiu.net\/wordpress\/wp-content\/uploads\/2022\/01\/Cimitero-di-Feltre-5-1536x864.jpg 1536w, https:\/\/www.radiopiu.net\/wordpress\/wp-content\/uploads\/2022\/01\/Cimitero-di-Feltre-5-2048x1152.jpg 2048w\" sizes=\"auto, (max-width: 300px) 100vw, 300px\" \/><\/a>\n\t\t\t\t<\/dt><\/dl><br style=\"clear: both\" \/>\n\t\t\t<\/div>\n\n<p>&nbsp;<\/p>\n<p>&nbsp;<\/p>\n<hr \/>\n<p>&nbsp;<\/p>\n<p><strong>A PROPOSITO DEL PROLUNGAMENTO DELL&#8217;A27 E DELL&#8217;INTERVENTO DEL CONSIGLIERE REGIONALE, SILVIA CESTARO.<\/strong><\/p>\n<blockquote><p>L&#8217;OPINIONE<br \/>\ndi Massimo Bortoluzzi<\/p>\n<p><em><a href=\"https:\/\/www.radiopiu.net\/wordpress\/giornale-radiopiu-24-ottobre-2019-direttore-mirko-mezzacasa\/download-666\/\" rel=\"attachment wp-att-103547\"><img loading=\"lazy\" decoding=\"async\" class=\"size-full wp-image-103547 alignright\" src=\"https:\/\/www.radiopiu.net\/wordpress\/wp-content\/uploads\/2019\/10\/download-23.jpg\" alt=\"\" width=\"182\" height=\"277\" \/><\/a>\u00abBene la presa di posizione della consigliera regionale Cestaro e del consigliere provinciale Gosetti sul prolungamento della A27. Una posizione che da un lato mi fa molto piacere &#8211; \u00e8 un\u2019idea che ho sempre portato avanti -; dall\u2019altra, mi stupisce e mi meraviglia, perch\u00e9 la Regione non ha mai mostrato di crederci davvero\u00bb<\/em>. Lo dice Massimo Bortoluzzi, gi\u00e0 consigliere in Provincia di Belluno.<br \/>\n<em>\u00abHo sempre sostenuto che per risolvere buona parte dei problemi infrastrutturali del Bellunese servisse il prolungamento dell\u2019autostrada, con sbocco a Nord. Un\u2019opera utile alle imprese e ai cittadini, in grado di togliere il territorio dall\u2019isolamento, ma anche di portare risorse utili da investire nei collegamenti intervallivi, senza dimenticare la gestione delle strade provinciali demandata a Veneto Strade, con un\u2019attenzione particolare alla 203 agordina, alla strada del Cansiglio, e alla 251 di Val di Zoldo che gi\u00e0 ha ricevuto finanziamenti particolari da parte della Provincia.\u00a0 Mi auguro che l&#8217;idea di SIlvia Cestaro venga condivisa anche dall\u2019amministrazione regionale e inserita quanto prima nell\u2019agenda politica. Un\u2019idea che \u00e8 gi\u00e0 inserita nel Ptcp provinciale dall\u2019epoca di Sergio Reolon, che aveva previsto in parte il prolungamento della A27. Quindi davvero serve pochissimo. Serve che la Regione ci creda, a partire dal governatore Luca Zaia. Finora invece, da parte della Regione, \u00e8 stata portata avanti esclusivamente la variante di Longarone che &#8211; se realizzata &#8211; preclude ogni possibilit\u00e0 di prolungamento autostradale, visto che la valle del Piave non avrebbe altre possibilit\u00e0 di realizzazioni infrastrutturali\u00bb.\u00a0<\/em><\/p>\n<p>&nbsp;<\/p>\n<hr \/>\n<p>&nbsp;<\/p>\n<h3>PROLUNGAMENTO A 27, BOTTACIN &#8220;L&#8217;INSERIMENTO NEL PTCP PORTA LA MIA FIRMA&#8221;<\/h3>\n<\/blockquote>\n<p><strong><a href=\"https:\/\/www.radiopiu.net\/wordpress\/252347-2\/whatsapp-image-2022-01-04-at-18-49-34\/\" rel=\"attachment wp-att-252349\"><img loading=\"lazy\" decoding=\"async\" class=\"size-medium wp-image-252349 alignleft\" src=\"https:\/\/www.radiopiu.net\/wordpress\/wp-content\/uploads\/2022\/01\/WhatsApp-Image-2022-01-04-at-18.49.34-146x300.jpeg\" alt=\"\" width=\"146\" height=\"300\" srcset=\"https:\/\/www.radiopiu.net\/wordpress\/wp-content\/uploads\/2022\/01\/WhatsApp-Image-2022-01-04-at-18.49.34-146x300.jpeg 146w, https:\/\/www.radiopiu.net\/wordpress\/wp-content\/uploads\/2022\/01\/WhatsApp-Image-2022-01-04-at-18.49.34-498x1024.jpeg 498w, https:\/\/www.radiopiu.net\/wordpress\/wp-content\/uploads\/2022\/01\/WhatsApp-Image-2022-01-04-at-18.49.34-768x1579.jpeg 768w, https:\/\/www.radiopiu.net\/wordpress\/wp-content\/uploads\/2022\/01\/WhatsApp-Image-2022-01-04-at-18.49.34-747x1536.jpeg 747w, https:\/\/www.radiopiu.net\/wordpress\/wp-content\/uploads\/2022\/01\/WhatsApp-Image-2022-01-04-at-18.49.34.jpeg 778w\" sizes=\"auto, (max-width: 146px) 100vw, 146px\" \/><\/a>BELLUNO<\/strong> Nell&#8217;intervento di oggi l&#8217;ex consigliere provinciale Massimo Bortoluzzi a proposito del prolungamento dell&#8217;A27 non solo ha chiesto alla Regione di crederci, ma ha pure ricordato l&#8217;impegno di Sergio Reolon quando era presidente della Provincia.<br \/>\nL&#8217;assessore regionale Gianpaolo Bottacini interviene nel dibattito portando alcune correzioni alle prove di tiro. <em>&#8220;Sergio\u00a0 Reolon\u00a0 &#8211; precisa Bottacin &#8211; non\u00a0 aveva inserito il prolungamento della A27 nel PTCP e la Regione mi aveva chiesto di inserirlo\u00a0 (il 23 nov 2009 ero io il presidente della Provincia) per renderlo compatibile col piano territoriale regionale di coordinamento. Cosa che ho fatto io&#8221;<\/em><\/p>\n<p>&nbsp;<\/p>\n<p>&nbsp;<\/p>\n<p>&nbsp;<\/p>\n<p>&nbsp;<\/p>\n<p>&nbsp;<\/p>\n<hr \/>\n<p>&nbsp;<\/p>\n<blockquote>\n<h3>LA NUOVA SCUOLA DELL&#8217;INFANZIA, INVESTIMENTO\u00a0 DA 3 MILIONI DI EURO<\/h3>\n<\/blockquote>\n<p><strong><a href=\"https:\/\/www.radiopiu.net\/wordpress\/giornale-radiopiu-06-marzo-2021-direttore-mirko-mezzacasa\/1200px-limana_bl\/\" rel=\"attachment wp-att-195411\"><img loading=\"lazy\" decoding=\"async\" class=\"wp-image-195411 alignleft\" src=\"https:\/\/www.radiopiu.net\/wordpress\/wp-content\/uploads\/2021\/03\/1200px-Limana_BL-300x225.jpg\" alt=\"\" width=\"200\" height=\"150\" srcset=\"https:\/\/www.radiopiu.net\/wordpress\/wp-content\/uploads\/2021\/03\/1200px-Limana_BL-300x225.jpg 300w, https:\/\/www.radiopiu.net\/wordpress\/wp-content\/uploads\/2021\/03\/1200px-Limana_BL-1024x768.jpg 1024w, https:\/\/www.radiopiu.net\/wordpress\/wp-content\/uploads\/2021\/03\/1200px-Limana_BL-768x576.jpg 768w, https:\/\/www.radiopiu.net\/wordpress\/wp-content\/uploads\/2021\/03\/1200px-Limana_BL.jpg 1200w\" sizes=\"auto, (max-width: 200px) 100vw, 200px\" \/><\/a>LIMANA<\/strong><\/p>\n<p><strong>DI DAMIANO TORMEN<\/strong><\/p>\n<audio class=\"wp-audio-shortcode\" id=\"audio-252190-5\" preload=\"none\" style=\"width: 100%;\" controls=\"controls\"><source type=\"audio\/mpeg\" src=\"https:\/\/www.radiopiu.net\/wordpress\/wp-content\/uploads\/2022\/01\/DAMIANO.mp3?_=5\" \/><a href=\"https:\/\/www.radiopiu.net\/wordpress\/wp-content\/uploads\/2022\/01\/DAMIANO.mp3\">https:\/\/www.radiopiu.net\/wordpress\/wp-content\/uploads\/2022\/01\/DAMIANO.mp3<\/a><\/audio>\n<p>&nbsp;<\/p>\n<hr \/>\n<p>&nbsp;<\/p>\n<blockquote>\n<h3>COMUNE DI LIMANA E SCUOLA DEL LEGNO DI SEDICO ASSIEME NEL NOME DI DINO BUZZATI<\/h3>\n<\/blockquote>\n<p><strong><a href=\"https:\/\/www.radiopiu.net\/wordpress\/giornale-radiopiu-05-gennaio-2022-direttore-mirko-mezzacasa\/tutti-limana\/\" rel=\"attachment wp-att-252248\"><img loading=\"lazy\" decoding=\"async\" class=\"size-medium wp-image-252248 alignleft\" src=\"https:\/\/www.radiopiu.net\/wordpress\/wp-content\/uploads\/2022\/01\/tutti-limana-300x215.jpg\" alt=\"\" width=\"300\" height=\"215\" srcset=\"https:\/\/www.radiopiu.net\/wordpress\/wp-content\/uploads\/2022\/01\/tutti-limana-300x215.jpg 300w, https:\/\/www.radiopiu.net\/wordpress\/wp-content\/uploads\/2022\/01\/tutti-limana-1024x733.jpg 1024w, https:\/\/www.radiopiu.net\/wordpress\/wp-content\/uploads\/2022\/01\/tutti-limana-768x550.jpg 768w, https:\/\/www.radiopiu.net\/wordpress\/wp-content\/uploads\/2022\/01\/tutti-limana-1536x1100.jpg 1536w, https:\/\/www.radiopiu.net\/wordpress\/wp-content\/uploads\/2022\/01\/tutti-limana.jpg 1600w\" sizes=\"auto, (max-width: 300px) 100vw, 300px\" \/><\/a>BELLUNO <\/strong>Nell\u2019ambito dei festeggiamenti in onore di Dino Buzzati la Scuola del Legno di Sedico su invito del Comune di Limana, ha realizzato un percorso didattic formativo che il 21 dicembre\u00a0 ha visto la fase celebrativa presso la biblioteca di Limana alla presenza, tra gli altri, del Sindaco De Zanet Milena che ha avuto belle parole di ringraziamento per le opere donate all\u2019Amministrazione. Gli studenti della Scuola di Formazione Professionale che fa capo a Centro Consorzi, sono stati coinvolti dall\u2019Insegnante e Scultrice Sara Andrich in un progetto che prevede l\u2019abbellimento del sentiero dedicato a Buzzati che da Giaon conduce a Valmorel. Un percorso iniziato in primavera dalla classe ora di 3 sez. A e concluso in queste settimana. Sono stati realizzati 4 pannelli in legno scolpiti rappresentati alcuni ex voto citrati in un libro del grande scrittore bellunese scomparso quasi 50 anni fa.<\/p>\n<p>&nbsp;<\/p>\n<p>&nbsp;<\/p>\n<hr \/>\n<p>&nbsp;<\/p>\n<blockquote>\n<h3>SERVIZIO CIVILE NEL BELLUNESE. CHI SONO I GIOVANI CHE LO SCELGONO<\/h3>\n<\/blockquote>\n<p><strong><a href=\"https:\/\/www.radiopiu.net\/wordpress\/giornale-radiopiu-27-settembre-2019-direttore-mirko-mezzacasa\/servizio-civile-bellunese\/\" rel=\"attachment wp-att-100118\"><img loading=\"lazy\" decoding=\"async\" class=\"size-medium wp-image-100118 alignleft\" src=\"https:\/\/www.radiopiu.net\/wordpress\/wp-content\/uploads\/2019\/09\/SERVIZIO-CIVILE-BELLUNESE-300x225.jpg\" alt=\"\" width=\"300\" height=\"225\" srcset=\"https:\/\/www.radiopiu.net\/wordpress\/wp-content\/uploads\/2019\/09\/SERVIZIO-CIVILE-BELLUNESE-300x225.jpg 300w, https:\/\/www.radiopiu.net\/wordpress\/wp-content\/uploads\/2019\/09\/SERVIZIO-CIVILE-BELLUNESE-768x576.jpg 768w, https:\/\/www.radiopiu.net\/wordpress\/wp-content\/uploads\/2019\/09\/SERVIZIO-CIVILE-BELLUNESE-1024x768.jpg 1024w, https:\/\/www.radiopiu.net\/wordpress\/wp-content\/uploads\/2019\/09\/SERVIZIO-CIVILE-BELLUNESE.jpg 2048w\" sizes=\"auto, (max-width: 300px) 100vw, 300px\" \/><\/a>FELTRE<\/strong> Mentre e\u0300 aperto il bando per il Servizio Civile Universale, che vede numerosi progetti anche per la provincia di Belluno e che scadra\u0300 il 26 gennaio 2022, l\u2019Unione Montana Feltrina rende noti i risultati dell\u2019indagine svolta nei confronti dei giovani che hanno svolto il Servizio Civile nell\u2019anno appena trascorso. Ne esce un quadro interessante che consente di delineare profili, motivazioni e legame con il territorio delle ragazze e dei ragazzi che decidono di fare questo percorso. Su una base statistica significativa di oltre 60 partecipanti al sondaggio, i ragazzi tra i 18 e 21 anni sono circa la meta\u0300 (48%), mentre gli altri sono ripartiti equamente nelle fasce 22-24 e 25-28 anni.<\/p>\n<p>&nbsp;<\/p>\n<p>&nbsp;<\/p>\n<hr \/>\n<p>&nbsp;<\/p>\n<blockquote>\n<h3>LA VOCE NELLE MANI, CORO MANI BIANCHE BELLUNO<\/h3>\n<\/blockquote>\n<p><strong><a href=\"https:\/\/www.radiopiu.net\/wordpress\/giornale-radiopiu-05-gennaio-2022-direttore-mirko-mezzacasa\/logo-coro-mani-bianche-belluno\/\" rel=\"attachment wp-att-252258\"><img loading=\"lazy\" decoding=\"async\" class=\"size-medium wp-image-252258 alignleft\" src=\"https:\/\/www.radiopiu.net\/wordpress\/wp-content\/uploads\/2022\/01\/logo-coro-mani-bianche-belluno-300x212.jpeg\" alt=\"\" width=\"300\" height=\"212\" srcset=\"https:\/\/www.radiopiu.net\/wordpress\/wp-content\/uploads\/2022\/01\/logo-coro-mani-bianche-belluno-300x212.jpeg 300w, https:\/\/www.radiopiu.net\/wordpress\/wp-content\/uploads\/2022\/01\/logo-coro-mani-bianche-belluno-1024x724.jpeg 1024w, https:\/\/www.radiopiu.net\/wordpress\/wp-content\/uploads\/2022\/01\/logo-coro-mani-bianche-belluno-768x543.jpeg 768w, https:\/\/www.radiopiu.net\/wordpress\/wp-content\/uploads\/2022\/01\/logo-coro-mani-bianche-belluno-1536x1087.jpeg 1536w, https:\/\/www.radiopiu.net\/wordpress\/wp-content\/uploads\/2022\/01\/logo-coro-mani-bianche-belluno.jpeg 1600w\" sizes=\"auto, (max-width: 300px) 100vw, 300px\" \/><\/a>BELLUNO\u00a0 <\/strong>Prende avvio \u201cLa Voce nelle Mani\u201d, un\u00a0 progetto ideato da Gocce di Sole. Il progetto, attraverso il doppio canale comunicativo della musica e della Lingua dei Segni, promuove un percorso di sensibilizzazione culturale, aggregazione e integrazione nel territorio di Belluno e si rivolge alle persone sorde e non, senza limiti di et\u00e0. Azione portante de \u201cLa Voce nelle Mani\u201d \u00e8 l\u2019avvio sperimentale e innovativo di un Coro Mani Bianche Belluno intergenerazionale che potr\u00e0, grazie all\u2019intervento di docenti e interpreti di LIS, imparare a segnare i canti, alcuni dei quali individuati ad hoc per il progetto.\u00a0 \u00a0Coro Belluno Young Voices., diretto da Radmila Visentin, dell\u2019Associazione Culturale Arte Nuova, conta\u00a0 ad oggi circa 35 coristi di tutte le et\u00e0 ed \u00e8 pronto ad accogliere nuove adesioni, anche in corso d\u2019opera.<\/p>\n<p>&nbsp;<\/p>\n<hr \/>\n<p>&nbsp;<\/p>\n<blockquote>\n<h3>LA BEFANA DEL VIGILE NON SCENDERA&#8217; IN PIAZZA<\/h3>\n<\/blockquote>\n<div><strong>BELLUNO<\/strong> Per il secondo anno consecutivo la Befana non sar\u00e0 in piazza dei Martiri a Belluno il giorno dell&#8217;Epifania. Lo annuncia il Presidente del Circolo bellunese auto e moto d&#8217;epoca. L&#8217;aggravarsi della situazione pandemica e l&#8217;oggettiva difficolt\u00e0 a gestire un evento che per il passato ha portato in piazza centinaia di persone\u00a0 obbliga a questa questa dolorosa rinuncia. <em>&#8220;Non potevamo per\u00f2 rinunciare alla parte per noi pi\u00f9 bella che \u00e8 quella dell&#8217;aiuto concreto a chi oggi ha necessit\u00e0 di essere sostenuto\u00a0 &#8211;\u00a0 dichiara il presidente del sodalizio Franco Gidoni &#8211;\u00a0 I soci dei circoli potranno dunque recarsi il giorno dell&#8217;Epifania dalle 10 alle 12 presso la carrozzeria Da Rold e Zanvettor in via Marisiga dove, con la formula del drive in, potranno consegnare i propri pacchi alimentari che al termine della manifestazione saranno consegnati ai Frati Cappuccini di Mussoi a favore di chi oggi si trova in difficolt\u00e0&#8221;.\u00a0 <\/em>Nello stesso orario anche i cittadini che vorranno potranno portare il proprio contributo e per i pi\u00f9 piccini sar\u00e0 presente la Befana che li omagger\u00e0 con un dolce ricordo. Quest&#8217;anno per la prima volta la manifestazione si inserisce nel circuito della Befana solidale voluto dall&#8217;Automotoclub storico italiano e che vedr\u00e0 coinvolte una cinquantina di localit\u00e0 italiane.<\/div>\n<div><\/div>\n<p>&nbsp;<\/p>\n<hr \/>\n<p>&nbsp;<\/p>\n<blockquote>\n<h3>L&#8217;UNIONE MONTANA FELTRINA APRE DUE BANDI<\/h3>\n<\/blockquote>\n<p><strong>FELTRE<\/strong> Sono due i bandi aperti dall&#8217;Unione Montana Feltrina. \u00c8 indetto un concorso pubblico per l&#8217;assunzione a tempo parziale (25 ore) presso l\u2019area amministrativa e un concorso per l&#8217;assunzione a tempo pieno e indeterminato un Istruttore Direttivo Area Tecnica\u00a0 presso il comune di Fonzaso. Termine di scadenza per la presentazione delle domande il 17 febbraio. Informazioni sul sito istituzionale\u00a0 \u00a0http:\/\/www.feltrino.bl.it\/web\/cmfeltrina nella sezione \u201cBandi di Concorso\u201d.<\/p>\n<p>&nbsp;<\/p>\n<p>&nbsp;<\/p>\n<hr \/>\n<p>&nbsp;<\/p>\n<blockquote>\n<h3>IL CEIS CERCA UN OPERATORE SOCIO SANITARIO A BELLUNO<\/h3>\n<\/blockquote>\n<p><strong>BELLUNO <\/strong>Rinviata al 15 febbraio 2022 la selezione per il corso Operatore Socio Sanitario.\u00a0 L\u2019Operatore Socio Sanitario \u00e8 una figura professionale regolata dalla L.R. n. 20 del 2001, si occupa di soddisfare i bisogni primari di persone in disagio, difficolt\u00e0 e malattia ospiti o in carico a Servizi Socio- Sanitari pubblici e privati. Chi sente e pensa che potrebbe essere la strada professionale giusta, per collocarsi o ricollocarsi lavorativamente pu\u00f2 accedere, previa iscrizione, alla selezione prevista per il 15\/02\/2022 alle ore 8.30, a Belluno presso il Ce.I.S. La selezione \u00e8 obbligatoria per poter iscriversi al corso. Per ogni informazione rivolgersi all\u2019Ente di Formazione di Ce.I.S. al telefono: 0437 950895 \u2013 mail: <a href=\"mailto:info@ceisbelluno.org\">info@ceisbelluno.org<\/a>. Ulteriori informazioni anche su: <a href=\"http:\/\/www.ceisbelluno.org\">www.ceisbelluno.org<\/a><\/p>\n<p>&nbsp;<\/p>\n<p>&nbsp;<\/p>\n<hr \/>\n<p>&nbsp;<\/p>\n<blockquote>\n<h3>POESIA E MUSICA NELLE DOLOMITI<\/h3>\n<\/blockquote>\n<p><strong>ALLEGHE <\/strong>Venerd\u00ec alle 17:30 in sala Stoppani delle scuole elementari di Alleghe Chiara Sbrissa presnta il libro &#8220;Ti racconter\u00f2 di quando&#8221;. La presentazione sar\u00e0 accompagnata dalla musica di Ivan Zasso e la presentazione a cura di Gianni Santomaso. Ingresso gratuito con green pass rafforzato.<\/p>\n<p>&nbsp;<\/p>\n<p>&nbsp;<\/p>\n<hr \/>\n<p>&nbsp;<\/p>\n<blockquote>\n<h3>10 ANNI DE LE MUSE E LE DOLOMITI, LA RIPARTENZA CON IL CONCERTO A MOENA<\/h3>\n<\/blockquote>\n<p><strong>MOENA<\/strong> Oggi alle 20:45 presso la Chiesa Parrocchiale di San Vigilio a Moena il primo concerto dell&#8217;anno de Le Muse e Le Dolomiti. Ingresso libero con mascherina e precauzioni anti covid. Consigliata la prenotazione al 340 2305439<\/p>\n<p>&nbsp;<\/p>\n<p>&nbsp;<\/p>\n<hr \/>\n<p>&nbsp;<\/p>\n<blockquote>\n<h3>IL CONCERTO DELL&#8217;EPIFANIA A SAN GREGORIO NELLE ALPI<\/h3>\n<\/blockquote>\n<p><strong>SAN GREGORIO NELLE ALPI <\/strong>Domani alle 16.00 nella Sala Tina Merlin del Museo delle Zoche di San Gregorio nelle Alpi si terr\u00e0 il Concerto dell\u2019Epifania con il Coro OIO\u00a0 diretto da Enzo Dal Molin. Ingresso libero.<\/p>\n<p>&nbsp;<\/p>\n<p>&nbsp;<\/p>\n<hr \/>\n<p>&nbsp;<\/p>\n<blockquote>\n<h3>CORSO DI SCI PER BAMBINI A FORCELLA AURINE<\/h3>\n<\/blockquote>\n<p><strong>GOSALDO<\/strong> Aurine Ski Dolomiti organizza un corso di sci per bambini a Forcella Aurine dal 13 gennaio al 10 febbraio per 5 gioved\u00ec dalle 16:30 alle 18:30. Per iscrizioni chiamare Sharon al 346 4190977 entro luned\u00ec 10 gennaio. Il corso si terr\u00e0 solo al raggiungimento dei 20 bambini.<\/p>\n<p>&nbsp;<\/p>\n<p>&nbsp;<\/p>\n<hr \/>\n<p>&nbsp;<\/p>\n<div>\n<div class=\"b654a4as d2edcug0\">\n<div class=\"rq0escxv hkbzh7o3 jwdofwj8 n8tt0mok r8blr3vg hyh9befq\">\n<p><a class=\"dt-pswp-item\" href=\"https:\/\/www.radiopiu.net\/wordpress\/wp-content\/uploads\/2020\/10\/pp.jpg\" data-dt-img-description=\"\" data-large_image_width=\"640\" data-large_image_height=\"640\"><img loading=\"lazy\" decoding=\"async\" class=\"wp-image-163678 alignleft\" src=\"https:\/\/www.radiopiu.net\/wordpress\/wp-content\/uploads\/2020\/10\/pp-300x300.jpg\" alt=\"\" width=\"106\" height=\"106\" srcset=\"https:\/\/www.radiopiu.net\/wordpress\/wp-content\/uploads\/2020\/10\/pp-300x300.jpg 300w, https:\/\/www.radiopiu.net\/wordpress\/wp-content\/uploads\/2020\/10\/pp-150x150.jpg 150w, https:\/\/www.radiopiu.net\/wordpress\/wp-content\/uploads\/2020\/10\/pp-125x125.jpg 125w, https:\/\/www.radiopiu.net\/wordpress\/wp-content\/uploads\/2020\/10\/pp-200x200.jpg 200w, https:\/\/www.radiopiu.net\/wordpress\/wp-content\/uploads\/2020\/10\/pp-80x80.jpg 80w, https:\/\/www.radiopiu.net\/wordpress\/wp-content\/uploads\/2020\/10\/pp-480x480.jpg 480w, https:\/\/www.radiopiu.net\/wordpress\/wp-content\/uploads\/2020\/10\/pp.jpg 640w\" sizes=\"auto, (max-width: 106px) 100vw, 106px\" \/><\/a><\/p>\n<\/div>\n<\/div>\n<\/div>\n<div>\n<div class=\"page-title-head hgroup\">\n<div class=\"page-title-head hgroup\">\n<div class=\"b654a4as d2edcug0\">\n<div class=\"j83agx80 btwxx1t3 lhclo0ds hop8lmos nkwizq5d scwd0bx6 roh60bw9\">\n<div class=\"rq0escxv hkbzh7o3 jwdofwj8 n8tt0mok r8blr3vg hyh9befq\">\n<div class=\"do00u71z l9j0dhe7 k4urcfbm\">\n<h2><span style=\"color: #000080;\">DON CESARE, IL PENSIERO DEL GIORNO. ALLA RADIO ALLE 7 DEL MATTINO E ALLE 19.30 DELLA SERA.\u00a0\u00a0<\/span><\/h2>\n<\/div>\n<div class=\"do00u71z l9j0dhe7 k4urcfbm\">\n<audio class=\"wp-audio-shortcode\" id=\"audio-252190-6\" preload=\"none\" style=\"width: 100%;\" controls=\"controls\"><source type=\"audio\/mpeg\" src=\"https:\/\/www.radiopiu.net\/wordpress\/wp-content\/uploads\/2022\/01\/CESARE-1.mp3?_=6\" \/><a href=\"https:\/\/www.radiopiu.net\/wordpress\/wp-content\/uploads\/2022\/01\/CESARE-1.mp3\">https:\/\/www.radiopiu.net\/wordpress\/wp-content\/uploads\/2022\/01\/CESARE-1.mp3<\/a><\/audio>\n<p>&nbsp;<\/p>\n<p>&nbsp;<\/p>\n<p>&nbsp;<\/p>\n<hr \/>\n<p>&nbsp;<\/p>\n<p>&nbsp;<\/p>\n<blockquote class=\"wp-embedded-content\" data-secret=\"Gn2C3RMrzS\"><p><a href=\"https:\/\/www.radiopiu.net\/wordpress\/sestadisei\/\">LA VALLE AGORDINA &#8211; 320 anni dalla BOA del 1701  RACCONTO IN SEI PARTI<\/a><\/p><\/blockquote>\n<p><iframe loading=\"lazy\" class=\"wp-embedded-content\" sandbox=\"allow-scripts\" security=\"restricted\" style=\"position: absolute; clip: rect(1px, 1px, 1px, 1px);\" title=\"&#8220;LA VALLE AGORDINA &#8211; 320 anni dalla BOA del 1701  RACCONTO IN SEI PARTI&#8221; &#8212; Radio Pi\u00f9\" src=\"https:\/\/www.radiopiu.net\/wordpress\/sestadisei\/embed\/#?secret=Gn2C3RMrzS\" data-secret=\"Gn2C3RMrzS\" width=\"600\" height=\"338\" frameborder=\"0\" marginwidth=\"0\" marginheight=\"0\" scrolling=\"no\"><\/iframe><\/p>\n<p>&nbsp;<\/p>\n<p>&nbsp;<\/p>\n<hr \/>\n<p>&nbsp;<\/p>\n<p>&nbsp;<\/p>\n<blockquote class=\"wp-embedded-content\" data-secret=\"jEnIKjaJvf\"><p><a href=\"https:\/\/www.radiopiu.net\/wordpress\/nella-rivista-le-dolomiti-bellunesi-riflessioni-su-vaia\/\">NELLA RIVISTA \u201cLE DOLOMITI BELLUNESI\u201d RIFLESSIONI SU VAIA<\/a><\/p><\/blockquote>\n<p><iframe loading=\"lazy\" class=\"wp-embedded-content\" sandbox=\"allow-scripts\" security=\"restricted\" style=\"position: absolute; clip: rect(1px, 1px, 1px, 1px);\" title=\"&#8220;NELLA RIVISTA \u201cLE DOLOMITI BELLUNESI\u201d RIFLESSIONI SU VAIA&#8221; &#8212; Radio Pi\u00f9\" src=\"https:\/\/www.radiopiu.net\/wordpress\/nella-rivista-le-dolomiti-bellunesi-riflessioni-su-vaia\/embed\/#?secret=jEnIKjaJvf\" data-secret=\"jEnIKjaJvf\" width=\"600\" height=\"338\" frameborder=\"0\" marginwidth=\"0\" marginheight=\"0\" scrolling=\"no\"><\/iframe><\/p>\n<p>&nbsp;<\/p>\n<p>&nbsp;<\/p>\n<hr \/>\n<p>&nbsp;<\/p>\n<div>\n<div class=\"page-title-head hgroup\">\n<div class=\"page-title-head hgroup\">\n<div class=\"b654a4as d2edcug0\">\n<div class=\"j83agx80 btwxx1t3 lhclo0ds hop8lmos nkwizq5d scwd0bx6 roh60bw9\">\n<div class=\"rq0escxv hkbzh7o3 jwdofwj8 n8tt0mok r8blr3vg hyh9befq\">\n<div class=\"do00u71z l9j0dhe7 k4urcfbm\">\n<div class=\"ecm0bbzt e5nlhep0 a8c37x1j\">\n<div class=\"kvgmc6g5 cxmmr5t8 oygrvhab hcukyx3x c1et5uql\">\n<div class=\"gmail-kvgmc6g5 gmail-cxmmr5t8 gmail-oygrvhab gmail-hcukyx3x gmail-c1et5uql gmail-ii04i59q\">\n<div class=\"page-title-head hgroup\">\n<div class=\"page-title-head hgroup\">\n<div class=\"b654a4as d2edcug0\">\n<div class=\"j83agx80 btwxx1t3 lhclo0ds hop8lmos nkwizq5d scwd0bx6 roh60bw9\">\n<div class=\"rq0escxv hkbzh7o3 jwdofwj8 n8tt0mok r8blr3vg hyh9befq\">\n<div class=\"do00u71z l9j0dhe7 k4urcfbm\">\n<h3 class=\"kvgmc6g5 cxmmr5t8 oygrvhab hcukyx3x c1et5uql\"><span style=\"color: #0000ff;\"><strong>INFORMAZIONE il canale su TELEGRAM informazione di prima mano e in tempo reale. iscriviti ed aiutaci a farlo conoscere\u00a0\u00a0<\/strong><\/span><\/h3>\n<p>&nbsp;<\/p>\n<p>&nbsp;<\/p>\n<hr \/>\n<blockquote>\n<h3><\/h3>\n<h3>IN VIVO VERSO, SETTIMA STAGIONE CON BRUNELLA MORO, DAL LUNEDI AL VENERDI ALLE 7.10, 10.10 E 18.50<\/h3>\n<h3>COSI&#8217; SARA&#8217; di RENATO MOSENA<\/h3>\n<\/blockquote>\n<p><strong>AUDIO<\/strong><\/p>\n<audio class=\"wp-audio-shortcode\" id=\"audio-252190-7\" preload=\"none\" style=\"width: 100%;\" controls=\"controls\"><source type=\"audio\/mpeg\" src=\"https:\/\/www.radiopiu.net\/wordpress\/wp-content\/uploads\/2022\/01\/02-renato-mosena_cosi-sara.mp3?_=7\" \/><a href=\"https:\/\/www.radiopiu.net\/wordpress\/wp-content\/uploads\/2022\/01\/02-renato-mosena_cosi-sara.mp3\">https:\/\/www.radiopiu.net\/wordpress\/wp-content\/uploads\/2022\/01\/02-renato-mosena_cosi-sara.mp3<\/a><\/audio>\n<p>&nbsp;<\/p>\n<p><img loading=\"lazy\" decoding=\"async\" class=\"alignleft\" src=\"https:\/\/www.radiopiu.net\/wordpress\/wp-content\/uploads\/2019\/04\/FOTO-X-SITO-MOSENA-300x300.jpg\" width=\"226\" height=\"226\" \/>COSI&#8217; SARA&#8217;<\/p>\n<p>&#8230;Nell&#8217;aspro delle mancanze vuote..<br \/>\nnel dolce tepore delle presenze..<br \/>\nnella vita che si ripete attraverso la continuazione degli affetti e del sangue come miele caldo..<br \/>\n..nei colori di un fiore, che si fa stretto abbraccio..nello spirito che si fa altare bianco..<br \/>\n..nella fiammella di cera, che, triste, si fa luccichio negli occhi..<br \/>\n..nel coraggio, del silenzio che percuote il cuore e che si esprime nell&#8217;anima tersa dei suoi cieli buoni..<br \/>\n..nei messaggi della mente che riascolta le parole&#8230;<br \/>\n&#8230; tutto questo si fa vita, e la vita si trasforma giorno per giorno, nella consapevolezza di amare e di essere amata&#8230;<br \/>\n..perch\u00e8 cosi deve essere&#8230;<br \/>\ne perch\u00e8 cosi sar\u00e0..<br \/>\nnell&#8217;oblio che contiene le notti stanche e i sonni belli da sognare,<br \/>\n..di prossimi tempi, e di quelli d&#8217;aver dovuto riporre nelle mani del destino&#8230;<br \/>\n..nei paradisi affollati dai ricordi di bont\u00e0 e di bellezza, dentro le profondit\u00e0 di ogni passo&#8230;<\/p>\n<p><strong>LA RACCOLTA COMPLETA\u00a0 \u00a0<\/strong><\/p>\n<blockquote class=\"wp-embedded-content\" data-secret=\"yXN6ItZti2\"><p><a href=\"https:\/\/www.radiopiu.net\/wordpress\/in-vivo-verso\/\">In Vivo Verso<\/a><\/p><\/blockquote>\n<p><iframe loading=\"lazy\" class=\"wp-embedded-content\" sandbox=\"allow-scripts\" security=\"restricted\" style=\"position: absolute; clip: rect(1px, 1px, 1px, 1px);\" title=\"&#8220;In Vivo Verso&#8221; &#8212; Radio Pi\u00f9\" src=\"https:\/\/www.radiopiu.net\/wordpress\/in-vivo-verso\/embed\/#?secret=yXN6ItZti2\" data-secret=\"yXN6ItZti2\" width=\"600\" height=\"338\" frameborder=\"0\" marginwidth=\"0\" marginheight=\"0\" scrolling=\"no\"><\/iframe><\/p>\n<p>&nbsp;<\/p>\n<p>&nbsp;<\/p>\n<hr \/>\n<p>&nbsp;<\/p>\n<h2><span style=\"color: #808000;\">GOCCE DI FILOSOFIA<\/span><\/h2>\n<p><strong>AUDIO Marted\u00ec 4 gennaio 2022<\/strong><\/p>\n<audio class=\"wp-audio-shortcode\" id=\"audio-252190-8\" preload=\"none\" style=\"width: 100%;\" controls=\"controls\"><source type=\"audio\/mpeg\" src=\"https:\/\/www.radiopiu.net\/wordpress\/wp-content\/uploads\/2022\/01\/FI2.mp3?_=8\" \/><a href=\"https:\/\/www.radiopiu.net\/wordpress\/wp-content\/uploads\/2022\/01\/FI2.mp3\">https:\/\/www.radiopiu.net\/wordpress\/wp-content\/uploads\/2022\/01\/FI2.mp3<\/a><\/audio>\n<p><strong>raccolta completa<\/strong><\/p>\n<blockquote class=\"wp-embedded-content\" data-secret=\"pKRdfu3Poa\"><p><a href=\"https:\/\/www.radiopiu.net\/wordpress\/gocce-filosofia\/\">Gocce di filosofia, PRIMA E SECONDA STAGIONE 2022<\/a><\/p><\/blockquote>\n<p><iframe loading=\"lazy\" class=\"wp-embedded-content\" sandbox=\"allow-scripts\" security=\"restricted\" style=\"position: absolute; clip: rect(1px, 1px, 1px, 1px);\" title=\"&#8220;Gocce di filosofia, PRIMA E SECONDA STAGIONE 2022&#8221; &#8212; Radio Pi\u00f9\" src=\"https:\/\/www.radiopiu.net\/wordpress\/gocce-filosofia\/embed\/#?secret=pKRdfu3Poa\" data-secret=\"pKRdfu3Poa\" width=\"600\" height=\"338\" frameborder=\"0\" marginwidth=\"0\" marginheight=\"0\" scrolling=\"no\"><\/iframe><\/p>\n<p>&nbsp;<\/p>\n<hr \/>\n<p>&nbsp;<\/p>\n<p><span style=\"color: #0000ff;\">MUSICA PIU&#8217;\u00a0<\/span><\/p>\n<p><a href=\"https:\/\/www.radiopiu.net\/wordpress\/giornale-radiopiu-20-settembre-2021-direttore-mirko-mezzacasa\/pp-79\/\" rel=\"attachment wp-att-232921\"><img loading=\"lazy\" decoding=\"async\" class=\"wp-image-232921 alignleft\" src=\"https:\/\/www.radiopiu.net\/wordpress\/wp-content\/uploads\/2021\/09\/pp-1-300x300.jpg\" alt=\"\" width=\"135\" height=\"135\" srcset=\"https:\/\/www.radiopiu.net\/wordpress\/wp-content\/uploads\/2021\/09\/pp-1-300x300.jpg 300w, https:\/\/www.radiopiu.net\/wordpress\/wp-content\/uploads\/2021\/09\/pp-1-150x150.jpg 150w, https:\/\/www.radiopiu.net\/wordpress\/wp-content\/uploads\/2021\/09\/pp-1.jpg 640w\" sizes=\"auto, (max-width: 135px) 100vw, 135px\" \/><\/a><\/p>\n<div class=\"mkdf-post-text\">\n<div class=\"mkdf-post-text-inner\">\n<div class=\"mkdf-post-text-main\">\n<div class=\"mkdf-post-text\">\n<div class=\"mkdf-post-text-inner\">\n<div class=\"mkdf-post-text-main\">\n<div class=\"mkdf-post-text\">\n<div class=\"mkdf-post-text-inner\">\n<div class=\"mkdf-post-text-main\">\n<div class=\"page-title-head hgroup\">\n<div class=\"page-title-head hgroup\">\n<div class=\"mkdf-post-text\">\n<div class=\"mkdf-post-text-inner\">\n<div class=\"mkdf-post-text-main\">\n<div class=\"mkdf-post-text\">\n<div class=\"mkdf-post-text-inner\">\n<div class=\"mkdf-post-text-main\">\n<div class=\"page-title-head hgroup\">\n<div class=\"page-title-head hgroup\">\n<div class=\"page-title-head hgroup\">\n<div class=\"page-title-head hgroup\">\n<div class=\"b654a4as d2edcug0\">\n<div class=\"page-title-head hgroup\">\n<div class=\"page-title-head hgroup\">\n<div class=\"page-title-head hgroup\">\n<div class=\"page-title-head hgroup\">\n<div class=\"b654a4as d2edcug0\">\n<div class=\"page-title-head hgroup\">\n<div class=\"page-title-head hgroup\">\n<div class=\"page-title-head hgroup\">\n<div class=\"page-title-head hgroup\">\n<div class=\"b654a4as d2edcug0\">\n<div class=\"mkdf-post-text\">\n<div class=\"mkdf-post-text-inner\">\n<div class=\"mkdf-post-text-main\">\n<div class=\"mkdf-post-text\">\n<div class=\"mkdf-post-text-inner\">\n<div class=\"mkdf-post-text-main\">\n<div class=\"mkdf-post-text\">\n<div class=\"mkdf-post-text-inner\">\n<div class=\"mkdf-post-text-main\">\n<div class=\"page-title-head hgroup\">\n<div class=\"page-title-head hgroup\">\n<div class=\"mkdf-post-text\">\n<div class=\"mkdf-post-text-inner\">\n<div class=\"mkdf-post-text-main\">\n<div class=\"mkdf-post-text\">\n<div class=\"mkdf-post-text-inner\">\n<div class=\"mkdf-post-text-main\">\n<div class=\"page-title-head hgroup\">\n<div class=\"page-title-head hgroup\">\n<div class=\"page-title-head hgroup\">\n<div class=\"page-title-head hgroup\">\n<div class=\"b654a4as d2edcug0\">\n<div class=\"page-title-head hgroup\">\n<div class=\"page-title-head hgroup\">\n<div class=\"page-title-head hgroup\">\n<div class=\"page-title-head hgroup\">\n<div class=\"b654a4as d2edcug0\">\n<div class=\"page-title-head hgroup\">\n<div class=\"page-title-head hgroup\">\n<div class=\"page-title-head hgroup\">\n<div class=\"page-title-head hgroup\">\n<div class=\"b654a4as d2edcug0\">\n<div><\/div>\n<div><\/div>\n<div>\n<p><strong>MUSICA ALLA RADIO, IL PROGRAMMA DI LORIS SCUSSEL &#8220;COLLAGE OPERAZIONE NOSTALGIA&#8221; DAL LUNEDI AL VENERDI ALLE 16.00\u00a0 E ALLE 23\u00a0<\/strong><\/p>\n<\/div>\n<p>&nbsp;<\/p>\n<\/div>\n<\/div>\n<\/div>\n<\/div>\n<\/div>\n<\/div>\n<\/div>\n<\/div>\n<\/div>\n<\/div>\n<\/div>\n<\/div>\n<\/div>\n<\/div>\n<\/div>\n<\/div>\n<\/div>\n<\/div>\n<\/div>\n<\/div>\n<\/div>\n<\/div>\n<\/div>\n<\/div>\n<\/div>\n<\/div>\n<\/div>\n<\/div>\n<\/div>\n<\/div>\n<\/div>\n<\/div>\n<\/div>\n<\/div>\n<\/div>\n<\/div>\n<\/div>\n<\/div>\n<\/div>\n<\/div>\n<\/div>\n<\/div>\n<\/div>\n<\/div>\n<\/div>\n<\/div>\n<\/div>\n<\/div>\n<\/div>\n<\/div>\n<\/div>\n<\/div>\n<\/div>\n<\/div>\n<\/div>\n<\/div>\n<\/div>\n<\/div>\n<\/div>\n<\/div>\n<\/div>\n<\/div>\n<\/div>\n<\/div>\n<p><strong>\u00a0<em>PUNTATA 512<\/em><\/strong><\/p>\n<audio class=\"wp-audio-shortcode\" id=\"audio-252190-9\" preload=\"none\" style=\"width: 100%;\" controls=\"controls\"><source type=\"audio\/mpeg\" src=\"https:\/\/www.radiopiu.net\/wordpress\/wp-content\/uploads\/2022\/01\/Collage-512.mp3?_=9\" \/><a href=\"https:\/\/www.radiopiu.net\/wordpress\/wp-content\/uploads\/2022\/01\/Collage-512.mp3\">https:\/\/www.radiopiu.net\/wordpress\/wp-content\/uploads\/2022\/01\/Collage-512.mp3<\/a><\/audio>\n<p>&nbsp;<\/p>\n<p><a href=\"https:\/\/www.radiopiu.net\/wordpress\/giornale-radiopiu-03-gennaio-2022-direttore-mirko-mezzacasa\/barbara-ann\/\" rel=\"attachment wp-att-251797\"><img loading=\"lazy\" decoding=\"async\" class=\" wp-image-251797 alignleft\" src=\"https:\/\/www.radiopiu.net\/wordpress\/wp-content\/uploads\/2022\/01\/Barbara-Ann.jpg\" alt=\"\" width=\"137\" height=\"96\" \/><\/a>Anche nel nuovo anno Collage prosegue la sua programmazione iniziata nel dicembre 2013 con le proposte musicali pi\u00f9 o meno note, alternando generi spesso molto diversi tra loro con l\u2019obiettivo di creare un collage musicale vario, questa settimana ascolteremo tra l\u2019altro una puntata dedicata alle voci femminili italiane ed un\u2019altra ai complessi cosiddetti \u201cbeat\u201d che molti ascoltatori hanno dimostrato di gradire in modo particolare. Il programma andr\u00e0 in onda dal luned\u00ec al venerd\u00ec alle 16,00 e alle 23,00.<\/p>\n<p>&nbsp;<\/p>\n<p>&nbsp;<\/p>\n<hr \/>\n<p>&nbsp;<\/p>\n<p>&nbsp;<\/p>\n<blockquote class=\"wp-embedded-content\" data-secret=\"44HVHTYIOr\"><p><a href=\"https:\/\/www.radiopiu.net\/wordpress\/freemix-la-liberta-musicale-mixata-da-dj-athos-e-raccontata-da-dj-jack\/\">FREEMIX, LA LIBERTA&#8217; MUSICALE MIXATA DA DJ ATHOS E RACCONTATA DA DJ JACK<\/a><\/p><\/blockquote>\n<p><iframe loading=\"lazy\" class=\"wp-embedded-content\" sandbox=\"allow-scripts\" security=\"restricted\" style=\"position: absolute; clip: rect(1px, 1px, 1px, 1px);\" title=\"&#8220;FREEMIX, LA LIBERTA&#8217; MUSICALE MIXATA DA DJ ATHOS E RACCONTATA DA DJ JACK&#8221; &#8212; Radio Pi\u00f9\" src=\"https:\/\/www.radiopiu.net\/wordpress\/freemix-la-liberta-musicale-mixata-da-dj-athos-e-raccontata-da-dj-jack\/embed\/#?secret=44HVHTYIOr\" data-secret=\"44HVHTYIOr\" width=\"600\" height=\"338\" frameborder=\"0\" marginwidth=\"0\" marginheight=\"0\" scrolling=\"no\"><\/iframe><\/p>\n<p>&nbsp;<\/p>\n<blockquote class=\"wp-embedded-content\" data-secret=\"gMagm5mVmM\"><p><a href=\"https:\/\/www.radiopiu.net\/wordpress\/da-ieri-alla-radio-in-palinsesto-loris-e-maurizio-con-la-grande-musica\/\">IL BLUES ALLA RADIO &#8230; COME NON L&#8217;AVETE MAI SENTITO PRIMA<\/a><\/p><\/blockquote>\n<p><iframe loading=\"lazy\" class=\"wp-embedded-content\" sandbox=\"allow-scripts\" security=\"restricted\" style=\"position: absolute; clip: rect(1px, 1px, 1px, 1px);\" title=\"&#8220;IL BLUES ALLA RADIO &#8230; COME NON L&#8217;AVETE MAI SENTITO PRIMA&#8221; &#8212; Radio Pi\u00f9\" src=\"https:\/\/www.radiopiu.net\/wordpress\/da-ieri-alla-radio-in-palinsesto-loris-e-maurizio-con-la-grande-musica\/embed\/#?secret=gMagm5mVmM\" data-secret=\"gMagm5mVmM\" width=\"600\" height=\"338\" frameborder=\"0\" marginwidth=\"0\" marginheight=\"0\" scrolling=\"no\"><\/iframe><\/p>\n<p>&nbsp;<\/p>\n<hr \/>\n<p>&nbsp;<\/p>\n<blockquote>\n<h3><span style=\"color: #0000ff;\">INFORMAZIONE il canale su TELEGRAM informazione di prima mano e in tempo reale. iscriviti ed aiutaci a farlo conoscere\u00a0\u00a0<\/span><\/h3>\n<\/blockquote>\n<div>\n<div class=\"page-title-head hgroup\">\n<div class=\"page-title-head hgroup\">\n<div class=\"page-title-head hgroup\">\n<div class=\"page-title-head hgroup\">\n<div class=\"b654a4as d2edcug0\">\n<div class=\"page-title-head hgroup\">\n<div class=\"page-title-head hgroup\">\n<div class=\"page-title-head hgroup\">\n<div class=\"page-title-head hgroup\">\n<div class=\"b654a4as d2edcug0\">\n<div class=\"page-title-head hgroup\">\n<div class=\"page-title-head hgroup\">\n<div class=\"page-title-head hgroup\">\n<div class=\"page-title-head hgroup\">\n<div class=\"page-title-head hgroup\">\n<div class=\"page-title-head hgroup\">\n<div class=\"page-title-head hgroup\">\n<div class=\"page-title-head hgroup\">\n<div class=\"page-title-head hgroup\">\n<div class=\"b654a4as d2edcug0\">\n<div class=\"page-title-head hgroup\">\n<div class=\"page-title-head hgroup\">\n<div class=\"page-title-head hgroup\">\n<div class=\"page-title-head hgroup\">\n<div class=\"b654a4as d2edcug0\">\n<div>\n<p>&nbsp;<\/p>\n<\/div>\n<div>\n<div class=\"page-title-head hgroup\">\n<div class=\"page-title-head hgroup\">\n<div class=\"page-title-head hgroup\">\n<div class=\"page-title-head hgroup\">\n<div class=\"page-title-head hgroup\">\n<div class=\"b654a4as d2edcug0\">\n<div>\n<hr \/>\n<\/div>\n<\/div>\n<div>\n<div>\n<p>&nbsp;<\/p>\n<\/div>\n<div>\n<div>\n<p>&nbsp;<\/p>\n<\/div>\n<div>\n<div>\n<p><strong>DUE MINUTI UN LIBRO, TUTTI I GIORNI ALLA RADIO ALLE 9.40 E ALLE 17.50<\/strong><\/p>\n<div>\n<div>\n<p><strong>LA RACCOLTA COMPLETA\u00a0\u00a0<\/strong><\/p>\n<\/div>\n<div>\n<blockquote class=\"wp-embedded-content\" data-secret=\"sceqptlXhy\"><p><a href=\"https:\/\/www.radiopiu.net\/wordpress\/due-minuti-un-libro\/\">Due minuti un libro<\/a><\/p><\/blockquote>\n<p><iframe loading=\"lazy\" class=\"wp-embedded-content\" sandbox=\"allow-scripts\" security=\"restricted\" style=\"position: absolute; clip: rect(1px, 1px, 1px, 1px);\" title=\"&#8220;Due minuti un libro&#8221; &#8212; Radio Pi\u00f9\" src=\"https:\/\/www.radiopiu.net\/wordpress\/due-minuti-un-libro\/embed\/#?secret=sceqptlXhy\" data-secret=\"sceqptlXhy\" width=\"600\" height=\"338\" frameborder=\"0\" marginwidth=\"0\" marginheight=\"0\" scrolling=\"no\"><\/iframe><\/p>\n<\/div>\n<\/div>\n<\/div>\n<div class=\"mkdf-post-text\">\n<div class=\"mkdf-post-text-inner\">\n<div class=\"mkdf-post-text-main\">\n<div class=\"mkdf-post-text\">\n<div class=\"mkdf-post-text-inner\">\n<div class=\"mkdf-post-text-main\">\n<div class=\"mkdf-post-text\">\n<div class=\"mkdf-post-text-inner\">\n<div class=\"mkdf-post-text-main\">\n<div class=\"page-title-head hgroup\">\n<div class=\"page-title-head hgroup\">\n<div class=\"mkdf-post-text\">\n<div class=\"mkdf-post-text-inner\">\n<div class=\"mkdf-post-text-main\">\n<div class=\"mkdf-post-text\">\n<div class=\"mkdf-post-text-inner\">\n<div class=\"mkdf-post-text-main\">\n<div class=\"page-title-head hgroup\">\n<div class=\"page-title-head hgroup\">\n<div class=\"page-title-head hgroup\">\n<div class=\"page-title-head hgroup\">\n<div class=\"b654a4as d2edcug0\">\n<div class=\"page-title-head hgroup\">\n<div class=\"page-title-head hgroup\">\n<div class=\"page-title-head hgroup\">\n<div class=\"page-title-head hgroup\">\n<div class=\"b654a4as d2edcug0\">\n<div class=\"page-title-head hgroup\">\n<div class=\"page-title-head hgroup\">\n<div class=\"page-title-head hgroup\">\n<div class=\"page-title-head hgroup\">\n<div class=\"b654a4as d2edcug0\">\n<div>\n<p>&nbsp;<\/p>\n<\/div>\n<div>\n<hr \/>\n<p>&nbsp;<\/p>\n<\/div>\n<h2><span style=\"color: #808000;\">L&#8217;ALMANACCO LADINO\u00a0\u00a0<\/span><\/h2>\n<p><em><strong>PUNTATA DEL 03 GENNAIO 2022<\/strong><\/em><\/p>\n<audio class=\"wp-audio-shortcode\" id=\"audio-252190-10\" preload=\"none\" style=\"width: 100%;\" controls=\"controls\"><source type=\"audio\/mpeg\" src=\"https:\/\/www.radiopiu.net\/wordpress\/wp-content\/uploads\/2022\/01\/74\u00b0Almanacco-Ladino_Col.mp3?_=10\" \/><a href=\"https:\/\/www.radiopiu.net\/wordpress\/wp-content\/uploads\/2022\/01\/74\u00b0Almanacco-Ladino_Col.mp3\">https:\/\/www.radiopiu.net\/wordpress\/wp-content\/uploads\/2022\/01\/74\u00b0Almanacco-Ladino_Col.mp3<\/a><\/audio>\n<p>&nbsp;<\/p>\n<p><strong>LA RACCOLTA<\/strong><\/p>\n<blockquote class=\"wp-embedded-content\" data-secret=\"FJpGiM8gJb\"><p><a href=\"https:\/\/www.radiopiu.net\/wordpress\/almanacco-ladino\/\">Almanacco Ladino<\/a><\/p><\/blockquote>\n<p><iframe loading=\"lazy\" class=\"wp-embedded-content\" sandbox=\"allow-scripts\" security=\"restricted\" style=\"position: absolute; clip: rect(1px, 1px, 1px, 1px);\" title=\"&#8220;Almanacco Ladino&#8221; &#8212; Radio Pi\u00f9\" src=\"https:\/\/www.radiopiu.net\/wordpress\/almanacco-ladino\/embed\/#?secret=FJpGiM8gJb\" data-secret=\"FJpGiM8gJb\" width=\"600\" height=\"338\" frameborder=\"0\" marginwidth=\"0\" marginheight=\"0\" scrolling=\"no\"><\/iframe><\/p>\n<p>&nbsp;<\/p>\n<hr \/>\n<p>&nbsp;<\/p>\n<h2><span style=\"color: #33cccc;\">LA RASSEGNA STAMPA DA L&#8217;AMICO DEL POPOLO<\/span><\/h2>\n<p><strong>LA RACCOLTA COMPLETA<\/strong><\/p>\n<blockquote class=\"wp-embedded-content\" data-secret=\"Dab9AWkekR\"><p><a href=\"https:\/\/www.radiopiu.net\/wordpress\/rassegna-stampa-di-gianni-santomaso\/\">Rassegna stampa da l&#8217;amico del popolo &#8211; di Gianni Santomaso<\/a><\/p><\/blockquote>\n<p><iframe loading=\"lazy\" class=\"wp-embedded-content\" sandbox=\"allow-scripts\" security=\"restricted\" style=\"position: absolute; clip: rect(1px, 1px, 1px, 1px);\" title=\"&#8220;Rassegna stampa da l&#8217;amico del popolo &#8211; di Gianni Santomaso&#8221; &#8212; Radio Pi\u00f9\" src=\"https:\/\/www.radiopiu.net\/wordpress\/rassegna-stampa-di-gianni-santomaso\/embed\/#?secret=Dab9AWkekR\" data-secret=\"Dab9AWkekR\" width=\"600\" height=\"338\" frameborder=\"0\" marginwidth=\"0\" marginheight=\"0\" scrolling=\"no\"><\/iframe><\/p>\n<p>&nbsp;<\/p>\n<hr \/>\n<p>&nbsp;<\/p>\n<h2><span style=\"color: #800080;\">I RACCONTI DI PAOLO SOPPELSA\u00a0<\/span><\/h2>\n<p><strong>LA RACCOLTA COMPLETA<\/strong><\/p>\n<blockquote class=\"wp-embedded-content\" data-secret=\"T0HkfYqMpo\"><p><a href=\"https:\/\/www.radiopiu.net\/wordpress\/i-racconti-di-paolo-soppelsa\/\">I racconti di Paolo Soppelsa<\/a><\/p><\/blockquote>\n<p><iframe loading=\"lazy\" class=\"wp-embedded-content\" sandbox=\"allow-scripts\" security=\"restricted\" style=\"position: absolute; clip: rect(1px, 1px, 1px, 1px);\" title=\"&#8220;I racconti di Paolo Soppelsa&#8221; &#8212; Radio Pi\u00f9\" src=\"https:\/\/www.radiopiu.net\/wordpress\/i-racconti-di-paolo-soppelsa\/embed\/#?secret=T0HkfYqMpo\" data-secret=\"T0HkfYqMpo\" width=\"600\" height=\"338\" frameborder=\"0\" marginwidth=\"0\" marginheight=\"0\" scrolling=\"no\"><\/iframe><\/p>\n<p>&nbsp;<\/p>\n<hr \/>\n<\/div>\n<div class=\"b654a4as d2edcug0\">\n<p>&nbsp;<\/p>\n<p><a href=\"https:\/\/www.radiopiu.net\/wordpress\/giornale-radiopiu-26-settembre-2018-direttore-mirko-mezzacasa\/viabilita-2\/\" rel=\"attachment wp-att-61954\"><img loading=\"lazy\" decoding=\"async\" class=\"aligncenter wp-image-61954 size-full\" src=\"https:\/\/www.radiopiu.net\/wordpress\/wp-content\/uploads\/2018\/09\/viabilita.jpeg\" sizes=\"auto, (max-width: 800px) 100vw, 800px\" srcset=\"https:\/\/www.radiopiu.net\/wordpress\/wp-content\/uploads\/2018\/09\/viabilita.jpeg 800w, https:\/\/www.radiopiu.net\/wordpress\/wp-content\/uploads\/2018\/09\/viabilita-300x38.jpeg 300w, https:\/\/www.radiopiu.net\/wordpress\/wp-content\/uploads\/2018\/09\/viabilita-768x96.jpeg 768w\" alt=\"\" width=\"800\" height=\"100\" \/><\/a><\/p>\n<div class=\"ecm0bbzt e5nlhep0 a8c37x1j\">\n<div class=\"kvgmc6g5 cxmmr5t8 oygrvhab hcukyx3x c1et5uql\">\n<div class=\"gmail-kvgmc6g5 gmail-cxmmr5t8 gmail-oygrvhab gmail-hcukyx3x gmail-c1et5uql gmail-ii04i59q\">\n<div class=\"page-title-head hgroup\">\n<div class=\"page-title-head hgroup\">\n<div class=\"b654a4as d2edcug0\">\n<div class=\"j83agx80 btwxx1t3 lhclo0ds hop8lmos nkwizq5d scwd0bx6 roh60bw9\">\n<div class=\"rq0escxv hkbzh7o3 jwdofwj8 n8tt0mok r8blr3vg hyh9befq\">\n<div class=\"do00u71z l9j0dhe7 k4urcfbm\">\n<div class=\"page-title-head hgroup\">\n<div class=\"page-title-head hgroup\">\n<div class=\"page-title-head hgroup\">\n<div class=\"page-title-head hgroup\">\n<div class=\"b654a4as d2edcug0\">\n<div class=\"page-title-head hgroup\">\n<div class=\"page-title-head hgroup\">\n<div class=\"page-title-head hgroup\">\n<div class=\"page-title-head hgroup\">\n<div class=\"b654a4as d2edcug0\">\n<div class=\"page-title-head hgroup\">\n<div class=\"page-title-head hgroup\">\n<div class=\"page-title-head hgroup\">\n<div class=\"page-title-head hgroup\">\n<div class=\"page-title-head hgroup\">\n<div class=\"page-title-head hgroup\">\n<div class=\"page-title-head hgroup\">\n<div class=\"page-title-head hgroup\">\n<div class=\"page-title-head hgroup\">\n<div class=\"b654a4as d2edcug0\">\n<div class=\"page-title-head hgroup\">\n<div class=\"page-title-head hgroup\">\n<div class=\"page-title-head hgroup\">\n<div class=\"page-title-head hgroup\">\n<div class=\"b654a4as d2edcug0\">\n<div class=\"page-title-head hgroup\">\n<div class=\"page-title-head hgroup\">\n<div class=\"page-title-head hgroup\">\n<div class=\"page-title-head hgroup\">\n<div class=\"page-title-head hgroup\">\n<div class=\"mkdf-post-text\">\n<div class=\"mkdf-post-text-inner\">\n<div class=\"mkdf-post-text-main\">\n<div class=\"mkdf-post-text\">\n<div class=\"mkdf-post-text-inner\">\n<div class=\"mkdf-post-text-main\">\n<div class=\"mkdf-post-text\">\n<div class=\"mkdf-post-text-inner\">\n<div class=\"mkdf-post-text-main\">\n<div class=\"page-title-head hgroup\">\n<div class=\"page-title-head hgroup\">\n<div class=\"mkdf-post-text\">\n<div class=\"mkdf-post-text-inner\">\n<div class=\"mkdf-post-text-main\">\n<div class=\"mkdf-post-text\">\n<div class=\"mkdf-post-text-inner\">\n<div class=\"mkdf-post-text-main\">\n<div class=\"page-title-head hgroup\">\n<div class=\"page-title-head hgroup\">\n<div class=\"page-title-head hgroup\">\n<div class=\"page-title-head hgroup\">\n<div class=\"b654a4as d2edcug0\">\n<div class=\"page-title-head hgroup\">\n<div class=\"page-title-head hgroup\">\n<div class=\"page-title-head hgroup\">\n<div class=\"page-title-head hgroup\">\n<div class=\"b654a4as d2edcug0\">\n<div class=\"page-title-head hgroup\">\n<div class=\"page-title-head hgroup\">\n<div class=\"page-title-head hgroup\">\n<div class=\"page-title-head hgroup\">\n<div class=\"b654a4as d2edcug0\">\n<div class=\"chat-input\">\n<div class=\"chat-input-container\">\n<div class=\"rows-wrapper chat-input-wrapper\">\n<div class=\"reply-wrapper\">\n<div class=\"btn-menu\">\n<div class=\"btn-menu-item tgico-replace rp\">\n<div class=\"c-ripple\">\n<div class=\"bubbles scrolled-down\">\n<div class=\"scrollable scrollable-y\">\n<div class=\"bubbles-inner has-rights is-chat is-channel\">\n<div class=\"bubbles-date-group\">\n<div class=\"bubble hide-name is-out can-have-tail is-group-first is-group-last is-read\" data-mid=\"5377294335\" data-peer-id=\"-1478820725\" data-timestamp=\"1638437407\">\n<div class=\"bubble-content-wrapper\">\n<div class=\"bubble-content\">\n<p class=\"message\" dir=\"auto\"><strong>\u00a0<\/strong><\/p>\n<\/div>\n<\/div>\n<\/div>\n<\/div>\n<\/div>\n<\/div>\n<\/div>\n<\/div>\n<\/div>\n<\/div>\n<\/div>\n<\/div>\n<\/div>\n<\/div>\n<\/div>\n<\/div>\n<\/div>\n<\/div>\n<\/div>\n<\/div>\n<\/div>\n<\/div>\n<\/div>\n<\/div>\n<\/div>\n<\/div>\n<\/div>\n<\/div>\n<\/div>\n<\/div>\n<\/div>\n<\/div>\n<\/div>\n<\/div>\n<\/div>\n<\/div>\n<\/div>\n<\/div>\n<\/div>\n<\/div>\n<\/div>\n<\/div>\n<\/div>\n<\/div>\n<\/div>\n<\/div>\n<\/div>\n<\/div>\n<\/div>\n<\/div>\n<\/div>\n<\/div>\n<\/div>\n<\/div>\n<\/div>\n<\/div>\n<\/div>\n<\/div>\n<\/div>\n<\/div>\n<\/div>\n<\/div>\n<\/div>\n<\/div>\n<\/div>\n<\/div>\n<\/div>\n<\/div>\n<\/div>\n<\/div>\n<\/div>\n<\/div>\n<\/div>\n<\/div>\n<\/div>\n<\/div>\n<\/div>\n<\/div>\n<\/div>\n<\/div>\n<\/div>\n<\/div>\n<\/div>\n<\/div>\n<\/div>\n<\/div>\n<\/div>\n<\/div>\n<\/div>\n<\/div>\n<\/div>\n<\/div>\n<\/div>\n<\/div>\n<\/div>\n<\/div>\n<\/div>\n<\/div>\n<\/div>\n<\/div>\n<\/div>\n<\/div>\n<\/div>\n<\/div>\n<\/div>\n<\/div>\n<\/div>\n<\/div>\n<\/div>\n<\/div>\n<\/div>\n<\/div>\n<\/div>\n<\/div>\n<\/div>\n<\/div>\n<\/div>\n<\/div>\n<\/div>\n<\/div>\n<\/div>\n<\/div>\n<\/div>\n<\/div>\n<\/div>\n<\/div>\n<\/div>\n<\/div>\n<\/div>\n<\/div>\n<\/div>\n<\/div>\n<\/div>\n<\/div>\n<\/div>\n<\/div>\n<\/div>\n<\/div>\n<\/div>\n<\/div>\n<\/div>\n<\/div>\n<\/div>\n<\/div>\n<\/div>\n<\/div>\n<\/div>\n<\/div>\n<\/div>\n<\/div>\n<\/div>\n<\/div>\n<\/div>\n<\/div>\n<\/div>\n<\/div>\n<\/div>\n<\/div>\n<\/div>\n<\/div>\n<\/div>\n<\/div>\n<\/div>\n<\/div>\n<\/div>\n<\/div>\n<\/div>\n<\/div>\n<div>\n<div class=\"page-title-head hgroup\">\n<div class=\"page-title-head hgroup\">\n<div class=\"b654a4as d2edcug0\">\n<div class=\"j83agx80 btwxx1t3 lhclo0ds hop8lmos nkwizq5d scwd0bx6 roh60bw9\">\n<div class=\"rq0escxv hkbzh7o3 jwdofwj8 n8tt0mok r8blr3vg hyh9befq\">\n<div class=\"do00u71z l9j0dhe7 k4urcfbm\">\n<div class=\"ecm0bbzt e5nlhep0 a8c37x1j\">\n<div class=\"kvgmc6g5 cxmmr5t8 oygrvhab hcukyx3x c1et5uql\">\n<div class=\"gmail-kvgmc6g5 gmail-cxmmr5t8 gmail-oygrvhab gmail-hcukyx3x gmail-c1et5uql gmail-ii04i59q\">\n<div class=\"page-title-head hgroup\">\n<div class=\"page-title-head hgroup\">\n<div class=\"b654a4as d2edcug0\">\n<div class=\"j83agx80 btwxx1t3 lhclo0ds hop8lmos nkwizq5d scwd0bx6 roh60bw9\">\n<div class=\"rq0escxv hkbzh7o3 jwdofwj8 n8tt0mok r8blr3vg hyh9befq\">\n<div class=\"do00u71z l9j0dhe7 k4urcfbm\">\n<div class=\"page-title-head hgroup\">\n<div class=\"page-title-head hgroup\">\n<div class=\"page-title-head hgroup\">\n<div class=\"page-title-head hgroup\">\n<div class=\"b654a4as d2edcug0\">\n<div class=\"page-title-head hgroup\">\n<div class=\"page-title-head hgroup\">\n<div class=\"page-title-head hgroup\">\n<div class=\"page-title-head hgroup\">\n<div class=\"b654a4as d2edcug0\">\n<div class=\"page-title-head hgroup\">\n<div class=\"page-title-head hgroup\">\n<div class=\"page-title-head hgroup\">\n<div class=\"page-title-head hgroup\">\n<div class=\"page-title-head hgroup\">\n<div class=\"page-title-head hgroup\">\n<div class=\"page-title-head hgroup\">\n<div class=\"page-title-head hgroup\">\n<div class=\"page-title-head hgroup\">\n<div class=\"b654a4as d2edcug0\">\n<div class=\"page-title-head hgroup\">\n<div class=\"page-title-head hgroup\">\n<div class=\"page-title-head hgroup\">\n<div class=\"page-title-head hgroup\">\n<div class=\"b654a4as d2edcug0\">\n<div class=\"page-title-head hgroup\">\n<div class=\"page-title-head hgroup\">\n<div class=\"page-title-head hgroup\">\n<div class=\"page-title-head hgroup\">\n<div class=\"page-title-head hgroup\">\n<div class=\"mkdf-post-text\">\n<div class=\"mkdf-post-text-inner\">\n<div class=\"mkdf-post-text-main\">\n<div class=\"mkdf-post-text\">\n<div class=\"mkdf-post-text-inner\">\n<div class=\"mkdf-post-text-main\">\n<div class=\"mkdf-post-text\">\n<div class=\"mkdf-post-text-inner\">\n<div class=\"mkdf-post-text-main\">\n<div class=\"page-title-head hgroup\">\n<div class=\"page-title-head hgroup\">\n<div class=\"mkdf-post-text\">\n<div class=\"mkdf-post-text-inner\">\n<div class=\"mkdf-post-text-main\">\n<div class=\"mkdf-post-text\">\n<div class=\"mkdf-post-text-inner\">\n<div class=\"mkdf-post-text-main\">\n<div class=\"page-title-head hgroup\">\n<div class=\"page-title-head hgroup\">\n<div class=\"page-title-head hgroup\">\n<div class=\"page-title-head hgroup\">\n<div class=\"b654a4as d2edcug0\">\n<div class=\"page-title-head hgroup\">\n<div class=\"page-title-head hgroup\">\n<div class=\"page-title-head hgroup\">\n<div class=\"page-title-head hgroup\">\n<div class=\"b654a4as d2edcug0\">\n<div class=\"page-title-head hgroup\">\n<div class=\"page-title-head hgroup\">\n<div class=\"page-title-head hgroup\">\n<div class=\"page-title-head hgroup\">\n<div class=\"b654a4as d2edcug0\">\n<div class=\"ecm0bbzt e5nlhep0 a8c37x1j\">\n<div class=\"kvgmc6g5 cxmmr5t8 oygrvhab hcukyx3x c1et5uql\">\n<div class=\"gmail-kvgmc6g5 gmail-cxmmr5t8 gmail-oygrvhab gmail-hcukyx3x gmail-c1et5uql gmail-ii04i59q\">\n<div class=\"page-title-head hgroup\">\n<div class=\"page-title-head hgroup\">\n<div class=\"b654a4as d2edcug0\">\n<div class=\"j83agx80 btwxx1t3 lhclo0ds hop8lmos nkwizq5d scwd0bx6 roh60bw9\">\n<div class=\"rq0escxv hkbzh7o3 jwdofwj8 n8tt0mok r8blr3vg hyh9befq\">\n<div class=\"do00u71z l9j0dhe7 k4urcfbm\">\n<div class=\"page-title-head hgroup\">\n<div class=\"page-title-head hgroup\">\n<div class=\"page-title-head hgroup\">\n<div class=\"page-title-head hgroup\">\n<div class=\"b654a4as d2edcug0\">\n<div class=\"page-title-head hgroup\">\n<div class=\"page-title-head hgroup\">\n<div class=\"page-title-head hgroup\">\n<div class=\"page-title-head hgroup\">\n<div class=\"b654a4as d2edcug0\">\n<div class=\"page-title-head hgroup\">\n<div class=\"page-title-head hgroup\">\n<div class=\"page-title-head hgroup\">\n<div class=\"page-title-head hgroup\">\n<div class=\"page-title-head hgroup\">\n<div class=\"page-title-head hgroup\">\n<div class=\"page-title-head hgroup\">\n<div class=\"page-title-head hgroup\">\n<div class=\"page-title-head hgroup\">\n<div class=\"b654a4as d2edcug0\">\n<div class=\"page-title-head hgroup\">\n<div class=\"page-title-head hgroup\">\n<div class=\"page-title-head hgroup\">\n<div class=\"page-title-head hgroup\">\n<div class=\"b654a4as d2edcug0\">\n<div class=\"page-title-head hgroup\">\n<div class=\"page-title-head hgroup\">\n<div class=\"page-title-head hgroup\">\n<div class=\"page-title-head hgroup\">\n<div class=\"page-title-head hgroup\">\n<div class=\"mkdf-post-text\">\n<div class=\"mkdf-post-text-inner\">\n<div class=\"mkdf-post-text-main\">\n<div class=\"mkdf-post-text\">\n<div class=\"mkdf-post-text-inner\">\n<div class=\"mkdf-post-text-main\">\n<div class=\"mkdf-post-text\">\n<div class=\"mkdf-post-text-inner\">\n<div class=\"mkdf-post-text-main\">\n<div class=\"page-title-head hgroup\">\n<div class=\"page-title-head hgroup\">\n<div class=\"mkdf-post-text\">\n<div class=\"mkdf-post-text-inner\">\n<div class=\"mkdf-post-text-main\">\n<div class=\"mkdf-post-text\">\n<div class=\"mkdf-post-text-inner\">\n<div class=\"mkdf-post-text-main\">\n<div class=\"page-title-head hgroup\">\n<div class=\"page-title-head hgroup\">\n<div class=\"page-title-head hgroup\">\n<div class=\"page-title-head hgroup\">\n<div class=\"b654a4as d2edcug0\">\n<div class=\"page-title-head hgroup\">\n<div class=\"page-title-head hgroup\">\n<div class=\"page-title-head hgroup\">\n<div class=\"page-title-head hgroup\">\n<div class=\"b654a4as d2edcug0\">\n<div class=\"page-title-head hgroup\">\n<div class=\"page-title-head hgroup\">\n<div class=\"page-title-head hgroup\">\n<div class=\"page-title-head hgroup\">\n<div class=\"b654a4as d2edcug0\">\n<blockquote class=\"wp-embedded-content\" data-secret=\"QroLrUxvbi\"><p><a href=\"https:\/\/www.radiopiu.net\/wordpress\/viabilita\/\">viabilita<\/a><\/p><\/blockquote>\n<p><iframe loading=\"lazy\" class=\"wp-embedded-content\" sandbox=\"allow-scripts\" security=\"restricted\" style=\"position: absolute; clip: rect(1px, 1px, 1px, 1px);\" title=\"&#8220;viabilita&#8221; &#8212; Radio Pi\u00f9\" src=\"https:\/\/www.radiopiu.net\/wordpress\/viabilita\/embed\/#?secret=QroLrUxvbi\" data-secret=\"QroLrUxvbi\" width=\"600\" height=\"338\" frameborder=\"0\" marginwidth=\"0\" marginheight=\"0\" scrolling=\"no\"><\/iframe><\/p>\n<p>&nbsp;<\/p>\n<hr \/>\n<p>&nbsp;<\/p>\n<\/div>\n<div class=\"b654a4as d2edcug0\">\n<div class=\"ecm0bbzt e5nlhep0 a8c37x1j\">\n<div class=\"kvgmc6g5 cxmmr5t8 oygrvhab hcukyx3x c1et5uql\">\n<div class=\"gmail-kvgmc6g5 gmail-cxmmr5t8 gmail-oygrvhab gmail-hcukyx3x gmail-c1et5uql gmail-ii04i59q\">\n<div>\n<div class=\"page-title-head hgroup\">\n<div class=\"page-title-head hgroup\">\n<div class=\"b654a4as d2edcug0\">\n<div class=\"j83agx80 btwxx1t3 lhclo0ds hop8lmos nkwizq5d scwd0bx6 roh60bw9\">\n<div class=\"rq0escxv hkbzh7o3 jwdofwj8 n8tt0mok r8blr3vg hyh9befq\">\n<div class=\"do00u71z l9j0dhe7 k4urcfbm\">\n<div>\n<div class=\"page-title-head hgroup\">\n<div class=\"page-title-head hgroup\">\n<div class=\"page-title-head hgroup\">\n<div class=\"page-title-head hgroup\">\n<div class=\"b654a4as d2edcug0\">\n<div class=\"page-title-head hgroup\">\n<div class=\"page-title-head hgroup\">\n<div class=\"page-title-head hgroup\">\n<div class=\"page-title-head hgroup\">\n<div class=\"b654a4as d2edcug0\">\n<div class=\"page-title-head hgroup\">\n<div class=\"page-title-head hgroup\">\n<div class=\"page-title-head hgroup\">\n<div class=\"page-title-head hgroup\">\n<div class=\"page-title-head hgroup\">\n<div class=\"mkdf-post-text\">\n<div class=\"mkdf-post-text-inner\">\n<div class=\"mkdf-post-text-main\">\n<div class=\"mkdf-post-text\">\n<div class=\"mkdf-post-text-inner\">\n<div class=\"mkdf-post-text-main\">\n<div class=\"mkdf-post-text\">\n<div class=\"mkdf-post-text-inner\">\n<div class=\"mkdf-post-text-main\">\n<div class=\"page-title-head hgroup\">\n<div class=\"page-title-head hgroup\">\n<div class=\"mkdf-post-text\">\n<div class=\"mkdf-post-text-inner\">\n<div class=\"mkdf-post-text-main\">\n<div class=\"mkdf-post-text\">\n<div class=\"mkdf-post-text-inner\">\n<div class=\"mkdf-post-text-main\">\n<div>\n<div class=\"page-title-head hgroup\">\n<div class=\"page-title-head hgroup\">\n<div>\n<div class=\"page-title-head hgroup\">\n<div class=\"page-title-head hgroup\">\n<div class=\"b654a4as d2edcug0\">\n<div>\n<div class=\"page-title-head hgroup\" style=\"text-align: left;\">\n<div class=\"page-title-head hgroup\">\n<div dir=\"auto\">\n<p><a class=\"dt-pswp-item pspw-wrap-ready\" href=\"https:\/\/i0.wp.com\/www.radiopiu.net\/wordpress\/wp-content\/uploads\/2018\/09\/WhatsApp-Image-2018-09-20-at-16.04.06.jpeg?ssl=1\" data-dt-img-description=\"\" data-large_image_width=\"800\" data-large_image_height=\"100\"><img loading=\"lazy\" decoding=\"async\" class=\"aligncenter wp-image-61378 size-full jetpack-lazy-image jetpack-lazy-image--handled\" src=\"https:\/\/i0.wp.com\/www.radiopiu.net\/wordpress\/wp-content\/uploads\/2018\/09\/WhatsApp-Image-2018-09-20-at-16.04.06.jpeg?resize=800%2C100&amp;ssl=1\" sizes=\"auto, (max-width: 800px) 100vw, 800px\" srcset=\"https:\/\/i0.wp.com\/www.radiopiu.net\/wordpress\/wp-content\/uploads\/2018\/09\/WhatsApp-Image-2018-09-20-at-16.04.06.jpeg?w=800&amp;ssl=1 800w, https:\/\/i0.wp.com\/www.radiopiu.net\/wordpress\/wp-content\/uploads\/2018\/09\/WhatsApp-Image-2018-09-20-at-16.04.06.jpeg?resize=300%2C38&amp;ssl=1 300w, https:\/\/i0.wp.com\/www.radiopiu.net\/wordpress\/wp-content\/uploads\/2018\/09\/WhatsApp-Image-2018-09-20-at-16.04.06.jpeg?resize=768%2C96&amp;ssl=1 768w\" alt=\"\" width=\"800\" height=\"100\" data-lazy-loaded=\"1\" \/><\/a><\/p>\n<\/div>\n<\/div>\n<\/div>\n<\/div>\n<\/div>\n<\/div>\n<\/div>\n<\/div>\n<\/div>\n<\/div>\n<\/div>\n<\/div>\n<\/div>\n<\/div>\n<\/div>\n<\/div>\n<\/div>\n<\/div>\n<\/div>\n<\/div>\n<\/div>\n<\/div>\n<\/div>\n<\/div>\n<\/div>\n<\/div>\n<\/div>\n<\/div>\n<\/div>\n<\/div>\n<\/div>\n<\/div>\n<\/div>\n<\/div>\n<\/div>\n<\/div>\n<\/div>\n<\/div>\n<\/div>\n<\/div>\n<\/div>\n<\/div>\n<\/div>\n<\/div>\n<p>&nbsp;<\/p>\n<\/div>\n<\/div>\n<\/div>\n<\/div>\n<\/div>\n<\/div>\n<\/div>\n<\/div>\n<\/div>\n<\/div>\n<\/div>\n<\/div>\n<\/div>\n<\/div>\n<\/div>\n<\/div>\n<\/div>\n<\/div>\n<\/div>\n<\/div>\n<\/div>\n<\/div>\n<\/div>\n<\/div>\n<\/div>\n<\/div>\n<\/div>\n<\/div>\n<\/div>\n<\/div>\n<\/div>\n<\/div>\n<\/div>\n<\/div>\n<\/div>\n<\/div>\n<\/div>\n<\/div>\n<\/div>\n<\/div>\n<\/div>\n<\/div>\n<\/div>\n<\/div>\n<\/div>\n<\/div>\n<\/div>\n<\/div>\n<\/div>\n<\/div>\n<\/div>\n<\/div>\n<\/div>\n<\/div>\n<\/div>\n<\/div>\n<\/div>\n<\/div>\n<\/div>\n<\/div>\n<\/div>\n<\/div>\n<\/div>\n<\/div>\n<\/div>\n<\/div>\n<\/div>\n<\/div>\n<\/div>\n<\/div>\n<\/div>\n<\/div>\n<\/div>\n<\/div>\n<\/div>\n<\/div>\n<\/div>\n<\/div>\n<\/div>\n<\/div>\n<\/div>\n<\/div>\n<\/div>\n<\/div>\n<\/div>\n<\/div>\n<\/div>\n<\/div>\n<\/div>\n<\/div>\n<\/div>\n<\/div>\n<\/div>\n<\/div>\n<\/div>\n<\/div>\n<\/div>\n<\/div>\n<\/div>\n<\/div>\n<\/div>\n<\/div>\n<\/div>\n<\/div>\n<\/div>\n<\/div>\n<\/div>\n<\/div>\n<\/div>\n<\/div>\n<\/div>\n<\/div>\n<\/div>\n<\/div>\n<\/div>\n<\/div>\n<\/div>\n<\/div>\n<\/div>\n<\/div>\n<\/div>\n<\/div>\n<\/div>\n<\/div>\n<\/div>\n<\/div>\n<\/div>\n<\/div>\n<\/div>\n<\/div>\n<\/div>\n<\/div>\n<\/div>\n<\/div>\n<\/div>\n<\/div>\n<\/div>\n<\/div>\n<\/div>\n<\/div>\n<\/div>\n<\/div>\n<\/div>\n<\/div>\n<\/div>\n<\/div>\n<\/div>\n<\/div>\n<\/div>\n<\/div>\n<\/div>\n<\/div>\n<\/div>\n<\/div>\n<\/div>\n<\/div>\n<\/div>\n<\/div>\n<\/div>\n<div>\n<p>&nbsp;<\/p>\n<\/div>\n<\/div>\n<\/div>\n<\/div>\n<\/div>\n<\/div>\n<\/div>\n<\/div>\n<p><center><b>Mercoledi 5<\/b><\/center><b>Tempo atteso: <\/b>Tempo perturbato, con cielo coperto e precipitazioni diffuse, deboli, a tratti moderate tra met\u00e0 mattinata e nel pomeriggio, in graduale attenuazione a partire da ovest dalla sera. Contesto termico via via pi\u00f9 freddo a tutte le quote durante la giornata.<br \/>\n<b>Precipitazioni: <\/b>Nella notte possibili prime deboli fenomeni sparsi ed intermittenti (40-60%) da met\u00e0 mattinata e nel pomeriggio precipitazioni diffuse a tratti moderate (100%) in successivo graduale attenuazione partire da Prealpi occidentali in serata mentre insisteranno pi\u00f9 a lungo sul bellunese specie sui settori prealpini. Limite della neve in calo entro met\u00e0 giornata a 1000\/1200 m sulle Dolomiti, a 1200\/1500 m sulle Prealpi, in ulteriore abbassamento al pomeriggio\/sera fino a fondovalle sulle Dolomiti, sui fondovalle prealpini possibile dalla serata specie in caso di precipitazioni moderate. Sono previsti mediamente 15-35 cm di neve oltre i 1500 m, localmente anche di pi\u00f9 su Prealpi orientali, quantitativi via via inferiori alle quote pi\u00f9 basse per neve umida e contributo di pioggia iniziale specie sui settori Prealpini.<br \/>\n<b>Temperature: <\/b>In calo marcato dal pomeriggio ed in serata, con minime raggiunte in serata. Su Prealpi a 1500 m: min -5 max 2, a 2000 m: min -6 max 1 Su Dolomiti a 2000 m: min -9 max -1, a 3000 m: min -12 max -4<br \/>\n<b>Venti: <\/b>in quota tesi o forti dapprima sud-occidentali, in rotazione a settentrionali pomeriggio\/sera a 15-40 km\/h a 2000 m a 40-60 km\/h a 3000 m<\/p>\n<hr \/>\n<p><center><b>Giovedi 6<\/b><\/center><b>Tempo atteso: <\/b>Tempo in netto miglioramento, con residua nuvolosit\u00e0 fino al primo mattino, poi cielo perlopi\u00f9 sereno in giornata, con aria nitida ed ottima visibilit\u00e0 ad eccezione delle dolomiti settentrionali dove si potranno verificare alcuni annuvolamenti portati da vento da Nord specie al mattino.<br \/>\n<b>Precipitazioni: <\/b>Nella notte residue debolissime nevicate fino a fondovalle specie su Prealpi (30-50 %) in esaurimento entro il primo mattino, in giornata assenti.(0%)<br \/>\n<b>Temperature: <\/b>Ulteriore calo termico, con possibile lieve rialzo delle temperature diurne nelle valli, per Foehn e per il maggiore soleggiamento. Su Prealpi a 1500 m: min -5 max -3, a 2000 m: min -8 max -6 Su Dolomiti a 2000 m: min -10 max -9, a 3000 m: min -13 max -11<br \/>\n<b>Venti: <\/b>Nella notte teso\/forte da nord in quota con qualche raffica possibile anche nelle valli, in attenuazione dal primo mattino a debole o moderato a 10-20 km\/h a 2000 m, a 10-30 km\/h a 3000 m<\/p>\n<hr \/>\n<p><center><b>Venerdi 7<\/b><\/center>Tempo stabile e soleggiato con cielo sereno o al pi\u00f9 poco nuvoloso tra il tardo pomeriggio ed in serata per qualche velatura in arrivo da ovest. Precipitazioni assenti. Temperature in generale ulteriore lieve calo, con diffuse e forti gelate nei fondovalle, in temporaneo lieve aumento solo in alta quota. Venti in quota deboli settentrionali, deboli variabili nelle valli.<\/p>\n<hr \/>\n<p><center><b>Sabato 8<\/b><\/center>Tempo stabile con qualche innocua velatura fino al primo mattino, in giornata ben soleggiato ovunque, dalla sera arrivo di nubi alte da ovest. Precipitazioni assenti. Temperature stazionarie o in lieve aumento. Venti moderati o tesi settentrionali in quota, deboli variabili nelle valli. Previsore: DDL<\/p>\n<hr \/>\n<p>&nbsp;<\/p>\n<hr \/>\n<p>&nbsp;<\/p>\n<p><a href=\"https:\/\/www.radiopiu.net\/wordpress\/giornale-radiopiu-15-settembre-2018-direttore-mirko-mezzacasa\/sport-7\/\" rel=\"attachment wp-att-60761\"><img loading=\"lazy\" decoding=\"async\" class=\"wp-image-60761 size-full aligncenter\" src=\"https:\/\/www.radiopiu.net\/wordpress\/wp-content\/uploads\/2018\/09\/sport.jpg\" alt=\"\" width=\"800\" height=\"100\" srcset=\"https:\/\/www.radiopiu.net\/wordpress\/wp-content\/uploads\/2018\/09\/sport.jpg 800w, https:\/\/www.radiopiu.net\/wordpress\/wp-content\/uploads\/2018\/09\/sport-300x38.jpg 300w, https:\/\/www.radiopiu.net\/wordpress\/wp-content\/uploads\/2018\/09\/sport-768x96.jpg 768w\" sizes=\"auto, (max-width: 800px) 100vw, 800px\" \/><\/a><\/p>\n<p>&nbsp;<\/p>\n<p><span style=\"color: #0000ff;\"><strong>HOCKEY SU GHIACCIO<\/strong><\/span><\/p>\n<blockquote>\n<h3>L&#8217;ALLEGHE E&#8217; NEL MASTER ROUND E LA PRIMA PARTITA LA GIOCHERA&#8217; IN CASA<\/h3>\n<\/blockquote>\n<p><strong><a href=\"https:\/\/www.radiopiu.net\/wordpress\/il-merano-vince-gara-1-dei-quarti-di-finale-ma-lalleghe-torna-a-casa-a-testa-alta\/hockey-2744905_1920\/\" rel=\"attachment wp-att-197447\"><img loading=\"lazy\" decoding=\"async\" class=\"size-medium wp-image-197447 alignleft\" src=\"https:\/\/www.radiopiu.net\/wordpress\/wp-content\/uploads\/2021\/03\/hockey-2744905_1920-300x200.jpg\" alt=\"\" width=\"300\" height=\"200\" srcset=\"https:\/\/www.radiopiu.net\/wordpress\/wp-content\/uploads\/2021\/03\/hockey-2744905_1920-300x200.jpg 300w, https:\/\/www.radiopiu.net\/wordpress\/wp-content\/uploads\/2021\/03\/hockey-2744905_1920-1024x682.jpg 1024w, https:\/\/www.radiopiu.net\/wordpress\/wp-content\/uploads\/2021\/03\/hockey-2744905_1920-768x512.jpg 768w, https:\/\/www.radiopiu.net\/wordpress\/wp-content\/uploads\/2021\/03\/hockey-2744905_1920-1536x1023.jpg 1536w, https:\/\/www.radiopiu.net\/wordpress\/wp-content\/uploads\/2021\/03\/hockey-2744905_1920.jpg 1920w\" sizes=\"auto, (max-width: 300px) 100vw, 300px\" \/><\/a>ALLEGHE<\/strong> Si \u00e8 conclusa a tarda notte la videoconferenza della Lega Italiana Hockey Ghiaccio per decidere il da farsi sul campionato IHL. Sono due le notizie trapelate dalla riunione. La prima che l&#8217;Alleghe \u00e8 stato ammesso al Master Round, cio\u00e8 alla parte alta della classifica con le 5 squadre che giocheranno sicuramente i playoff. La seconda che la seconda fase del campionato inizier\u00e0 regolarmente il 6 gennaio. Al momento un calendario ufficiale delle gare in programma non \u00e8 ancora stato ufficializzato dalla Federazione ma si sa solo che le civette giocheranno in casa la prima partita. Sar\u00e0 il Caldaro la prima squadra che affronteranno gli agordini e il giorno dell&#8217;Epifania i biancorossi saranno al De Toni con ingaggio alle 20:30. Il turno di riposo per l&#8217;Alleghe sar\u00e0 invece sabato 8 gennaio. Per le altre partite si dovr\u00e0 aspettare un comunicato ufficiale della FISG. Comunicato in cui saranno rese note le decisioni della videoconferenza su classifica finale, recuperi e del giudice sportivo sulla partita che l&#8217;Alleghe non ha giocato con il Como.<\/p>\n<p>&nbsp;<\/p>\n<p>&nbsp;<\/p>\n<p>&nbsp;<\/p>\n<p>&nbsp;<\/p>\n<p>&nbsp;<\/p>\n<hr \/>\n<p>&nbsp;<\/p>\n<p><span style=\"color: #0000ff;\"><strong>PALLAVOLO<\/strong><\/span><\/p>\n<div>\n<blockquote>\n<h1><b><a href=\"https:\/\/www.radiopiu.net\/wordpress\/giornale-radiopiu-05-gennaio-2022-direttore-mirko-mezzacasa\/drl_pineto_rinviata\/\" rel=\"attachment wp-att-252361\"><img loading=\"lazy\" decoding=\"async\" class=\"size-medium wp-image-252361 alignleft\" src=\"https:\/\/www.radiopiu.net\/wordpress\/wp-content\/uploads\/2022\/01\/Drl_Pineto_rinviata-300x200.jpg\" alt=\"\" width=\"300\" height=\"200\" srcset=\"https:\/\/www.radiopiu.net\/wordpress\/wp-content\/uploads\/2022\/01\/Drl_Pineto_rinviata-300x200.jpg 300w, https:\/\/www.radiopiu.net\/wordpress\/wp-content\/uploads\/2022\/01\/Drl_Pineto_rinviata-1024x681.jpg 1024w, https:\/\/www.radiopiu.net\/wordpress\/wp-content\/uploads\/2022\/01\/Drl_Pineto_rinviata-768x511.jpg 768w, https:\/\/www.radiopiu.net\/wordpress\/wp-content\/uploads\/2022\/01\/Drl_Pineto_rinviata-1536x1022.jpg 1536w, https:\/\/www.radiopiu.net\/wordpress\/wp-content\/uploads\/2022\/01\/Drl_Pineto_rinviata-2048x1363.jpg 2048w\" sizes=\"auto, (max-width: 300px) 100vw, 300px\" \/><\/a>Rinviata la trasferta di Pineto: domenica la Da Rold Logistics non scende in campo\u00a0<\/b><\/h1>\n<\/blockquote>\n<p>&nbsp;<\/p>\n<p>\u00c8 stata rinviata la sfida tra l\u2019Abba Pineto e la Da Rold Logistics Belluno.<span class=\"gmail-Apple-converted-space\"> \u00a0<\/span>Sfida che avrebbe aperto il girone di ritorno, in Serie A3 Credem Banca, e inizialmente prevista per domenica 9 gennaio.<span class=\"gmail-Apple-converted-space\"> \u00a0<\/span>Ma la Lega Pallavolo Serie A ha comunicato in via ufficiale il rinvio \u00aba data da destinarsi, causa positivit\u00e0 al Covid-19 di pi\u00f9 di tre atleti di entrambe le squadre\u00bb.<span class=\"gmail-Apple-converted-space\"> \u00a0<\/span>In casa Da Rold Logistics, comunque, la situazione \u00e8 tranquilla. I cinque pallavolisti che hanno contratto il virus non manifestano alcun problema e aspettano solo il via libera per tornare sul parquet.<span class=\"gmail-Apple-converted-space\"> \u00a0<\/span>L\u2019attivit\u00e0 \u00e8 invece ripresa regolarmente per il resto del gruppo, impegnato da luned\u00ec scorso, alla Spes Arena, agli ordini di coach Diego Poletto e del resto dello staff.<span class=\"gmail-Apple-converted-space\">\u00a0<\/span><\/p>\n<\/div>\n<p>&nbsp;<\/p>\n","protected":false},"excerpt":{"rendered":"<p>INFORMAZIONE il canale su TELEGRAM informazione di prima mano e in tempo reale. iscriviti ed aiutaci a farlo conoscere\u00a0 &nbsp; &nbsp; LA CROCE VERDE VAL BIOIS COMUNICA I DISSERVIZI PER IL MESE DI GENNAIO 2022 FALCADE Anche nel mese di gennaio la Croce Verde Val Biois non assicura l&#8217;assistenza in alcune giornate. A comunicarlo il&hellip;<\/p>\n","protected":false},"author":4,"featured_media":252248,"comment_status":"closed","ping_status":"open","sticky":false,"template":"","format":"standard","meta":{"_monsterinsights_skip_tracking":false,"_monsterinsights_sitenote_active":false,"_monsterinsights_sitenote_note":"","_monsterinsights_sitenote_category":0,"footnotes":""},"categories":[104,86,49],"tags":[],"class_list":["post-252190","post","type-post","status-publish","format-standard","has-post-thumbnail","hentry","category-evidenza_3","category-gr","category-news-18","category-104","category-86","category-49","description-off"],"img_url":"https:\/\/www.radiopiu.net\/wordpress\/wp-content\/uploads\/2022\/01\/tutti-limana.jpg","_links":{"self":[{"href":"https:\/\/www.radiopiu.net\/wordpress\/wp-json\/wp\/v2\/posts\/252190","targetHints":{"allow":["GET"]}}],"collection":[{"href":"https:\/\/www.radiopiu.net\/wordpress\/wp-json\/wp\/v2\/posts"}],"about":[{"href":"https:\/\/www.radiopiu.net\/wordpress\/wp-json\/wp\/v2\/types\/post"}],"author":[{"embeddable":true,"href":"https:\/\/www.radiopiu.net\/wordpress\/wp-json\/wp\/v2\/users\/4"}],"replies":[{"embeddable":true,"href":"https:\/\/www.radiopiu.net\/wordpress\/wp-json\/wp\/v2\/comments?post=252190"}],"version-history":[{"count":0,"href":"https:\/\/www.radiopiu.net\/wordpress\/wp-json\/wp\/v2\/posts\/252190\/revisions"}],"wp:featuredmedia":[{"embeddable":true,"href":"https:\/\/www.radiopiu.net\/wordpress\/wp-json\/wp\/v2\/media\/252248"}],"wp:attachment":[{"href":"https:\/\/www.radiopiu.net\/wordpress\/wp-json\/wp\/v2\/media?parent=252190"}],"wp:term":[{"taxonomy":"category","embeddable":true,"href":"https:\/\/www.radiopiu.net\/wordpress\/wp-json\/wp\/v2\/categories?post=252190"},{"taxonomy":"post_tag","embeddable":true,"href":"https:\/\/www.radiopiu.net\/wordpress\/wp-json\/wp\/v2\/tags?post=252190"}],"curies":[{"name":"wp","href":"https:\/\/api.w.org\/{rel}","templated":true}]}}