{"id":252247,"date":"2022-01-04T10:31:43","date_gmt":"2022-01-04T09:31:43","guid":{"rendered":"https:\/\/www.radiopiu.net\/wordpress\/?p=252247"},"modified":"2022-01-05T06:11:58","modified_gmt":"2022-01-05T05:11:58","slug":"chiusura-galleria-comelico-bard-dialogo-con-le-realta-confinanti-lo-stato-rifonda-i-danni","status":"publish","type":"post","link":"https:\/\/www.radiopiu.net\/wordpress\/chiusura-galleria-comelico-bard-dialogo-con-le-realta-confinanti-lo-stato-rifonda-i-danni\/","title":{"rendered":"CHIUSURA GALLERIA COMELICO. BARD: \u00abDIALOGO CON LE REALTA&#8217; CONFINANTI. LO STATO RIFONDA I DANNI\u00bb"},"content":{"rendered":"<p><strong><a href=\"https:\/\/www.radiopiu.net\/wordpress\/bona-bard-in-bocca-al-lupo-a-tutti-ora-al-lavoro-per-una-provincia-forte\/andrea-bona-bard\/\" rel=\"attachment wp-att-235612\"><img loading=\"lazy\" decoding=\"async\" class=\"size-medium wp-image-235612 alignleft\" src=\"https:\/\/www.radiopiu.net\/wordpress\/wp-content\/uploads\/2021\/10\/Andrea-Bona-BARD-300x237.jpg\" alt=\"\" width=\"300\" height=\"237\" srcset=\"https:\/\/www.radiopiu.net\/wordpress\/wp-content\/uploads\/2021\/10\/Andrea-Bona-BARD-300x237.jpg 300w, https:\/\/www.radiopiu.net\/wordpress\/wp-content\/uploads\/2021\/10\/Andrea-Bona-BARD-768x607.jpg 768w, https:\/\/www.radiopiu.net\/wordpress\/wp-content\/uploads\/2021\/10\/Andrea-Bona-BARD.jpg 1024w\" sizes=\"auto, (max-width: 300px) 100vw, 300px\" \/><\/a>BELLUNO <\/strong>\u00ab<em>Se ci ostiniamo a considerare il Comelico come una zona di confine senza sbocchi, non si trover\u00e0 mai una soluzione al problema della viabilit\u00e0. L&#8217;annunciata chiusura della Galleria Comelico deve far avviare confronti con Bolzano e il Friuli Venezia Giulia per la realizzazione di collegamenti a est e a ovest; nel frattempo, lo Stato deve pensare a come rifondere i danni ad un territorio che dal solo annuncio della chiusura ha gi\u00e0 perso milioni di euro in investimenti e che stima in oltre 200 milioni di euro la perdita complessiva con la chiusura della galleria<\/em>\u00bb: questa la posizione del presidente del movimento Belluno Autonoma Regione Dolomiti, Andrea Bona, sulla discussione relativa alla chiusura della Galleria Comelico e del futuro della viabilit\u00e0 di quel territorio. \u00ab<em>Il Comelico ha solo bisogno di infrastrutture adeguate per crescere e svilupparsi ulteriormente: pensiamo alla realizzazione del collegamento sciistico con la Pusteria, la cui realizzazione ora non pu\u00f2 prescindere da un ragionamento anche sulla viabilit\u00e0; pensiamo alle opportunit\u00e0 turistiche ed economiche che un collegamento con le realt\u00e0 confinanti fuori dalla nostra provincia pu\u00f2 sviluppare. &#8211; continua Bona \u2013 Con la chiusura della galleria, bisogner\u00e0 anche pensare ai servizi, e in questo senso sar\u00e0 necessario anche aprire un confronto con la Pusteria per non lasciare da soli i residenti. Questo era l&#8217;obbiettivo del referendum per il cambio di regione che avevamo sostenuto nel 2014, un modo per sollevare la questione comeliana e per rimarcare la necessit\u00e0 di collegamenti con le realt\u00e0 autonome contermini<\/em>\u00bb. C&#8217;\u00e8 poi anche l&#8217;aspetto economico che avr\u00e0 conseguenze devastanti sul Comelico: \u00ab<em>Abbiamo letto nei giorni scorsi come il solo annuncio della chiusura ha fatto crollare il mercato immobiliare nella valle; in questi giorni, un imprenditore di grande visione come Francesco De Bettin ha stimato in oltre 200 milioni di euro il danno economico globale. Come sostiene De Bettin, lo Stato dovr\u00e0 riconoscere a questo territorio dove ha sempre preso e pochissimo dato il giusto risarcimento, sotto forma di servizi e infrastrutture. Ci auguriamo che i nostri rappresentanti a Roma, che tutti insieme hanno sostenuto la necessit\u00e0 della realizzazione del collegamento sciistico, si rendano conto della gravit\u00e0 di quello che sta succedendo in Comelico e affrontino insieme questa battaglia per dare a questo territorio nuovi collegamenti, nuove risorse e nuovi servizi; in altre parole, un nuovo futuro<\/em>\u00bb.<\/p>\n<p>&nbsp;<\/p>\n<p>&nbsp;<\/p>\n<p>&nbsp;<\/p>\n<p>*****<\/p>\n","protected":false},"excerpt":{"rendered":"<p>BELLUNO \u00abSe ci ostiniamo a considerare il Comelico come una zona di confine senza sbocchi, non si trover\u00e0 mai una soluzione al problema della viabilit\u00e0. L&#8217;annunciata chiusura della Galleria Comelico deve far avviare confronti con Bolzano e il Friuli Venezia Giulia per la realizzazione di collegamenti a est e a ovest; nel frattempo, lo Stato&hellip;<\/p>\n","protected":false},"author":4,"featured_media":247298,"comment_status":"closed","ping_status":"open","sticky":false,"template":"","format":"standard","meta":{"_monsterinsights_skip_tracking":false,"_monsterinsights_sitenote_active":false,"_monsterinsights_sitenote_note":"","_monsterinsights_sitenote_category":0,"footnotes":""},"categories":[51,49],"tags":[],"class_list":["post-252247","post","type-post","status-publish","format-standard","has-post-thumbnail","hentry","category-evidenza-top","category-news-18","category-51","category-49","description-off"],"img_url":"https:\/\/www.radiopiu.net\/wordpress\/wp-content\/uploads\/2021\/12\/BARD.png","_links":{"self":[{"href":"https:\/\/www.radiopiu.net\/wordpress\/wp-json\/wp\/v2\/posts\/252247","targetHints":{"allow":["GET"]}}],"collection":[{"href":"https:\/\/www.radiopiu.net\/wordpress\/wp-json\/wp\/v2\/posts"}],"about":[{"href":"https:\/\/www.radiopiu.net\/wordpress\/wp-json\/wp\/v2\/types\/post"}],"author":[{"embeddable":true,"href":"https:\/\/www.radiopiu.net\/wordpress\/wp-json\/wp\/v2\/users\/4"}],"replies":[{"embeddable":true,"href":"https:\/\/www.radiopiu.net\/wordpress\/wp-json\/wp\/v2\/comments?post=252247"}],"version-history":[{"count":0,"href":"https:\/\/www.radiopiu.net\/wordpress\/wp-json\/wp\/v2\/posts\/252247\/revisions"}],"wp:featuredmedia":[{"embeddable":true,"href":"https:\/\/www.radiopiu.net\/wordpress\/wp-json\/wp\/v2\/media\/247298"}],"wp:attachment":[{"href":"https:\/\/www.radiopiu.net\/wordpress\/wp-json\/wp\/v2\/media?parent=252247"}],"wp:term":[{"taxonomy":"category","embeddable":true,"href":"https:\/\/www.radiopiu.net\/wordpress\/wp-json\/wp\/v2\/categories?post=252247"},{"taxonomy":"post_tag","embeddable":true,"href":"https:\/\/www.radiopiu.net\/wordpress\/wp-json\/wp\/v2\/tags?post=252247"}],"curies":[{"name":"wp","href":"https:\/\/api.w.org\/{rel}","templated":true}]}}