{"id":252250,"date":"2022-01-04T12:12:59","date_gmt":"2022-01-04T11:12:59","guid":{"rendered":"https:\/\/www.radiopiu.net\/wordpress\/?p=252250"},"modified":"2022-01-04T12:43:12","modified_gmt":"2022-01-04T11:43:12","slug":"il-punto-stampa-del-presidente-del-veneto-luca-zaia-da-palazzo-balbi","status":"publish","type":"post","link":"https:\/\/www.radiopiu.net\/wordpress\/il-punto-stampa-del-presidente-del-veneto-luca-zaia-da-palazzo-balbi\/","title":{"rendered":"ZAIA OTTIMISTA  &#8220;LE CURVE SONO MENO INCATTIVITE&#8221;, RICOVERI IN AREA CRITICA AL 20% UN PUNTO IN PIU&#8217; DI IERI, A 30 SCATTA L&#8217;ARANCIONE"},"content":{"rendered":"<p><strong>VENEZIA<\/strong> Diretta da Palazzo Balbi a Venezia, il punto stampa del Presidente Luca Zaia.<\/p>\n<p><strong>IL BOLLETTINO\u00a0<\/strong>POSITIVI 16602\u00a0 INCIDENZA\u00a0 \u00a010,83% POSITIVI TOTALI\u00a0 686879 POSITIVI ATTUALI 124359\u00a0 RICOVERATI\u00a0 1575 (+59), IN AREA NON CRITICA\u00a0 1366 (+50) IN TERAPIA INTENSIVA 209 (+9) TERAPIE INTENSIVE NON COVID\u00a0 268\u00a0 DECESSI\u00a0 12445\u00a0 (+28)<\/p>\n<blockquote>\n<h3>LEGGI LA CONFERENZA STAMPA<\/h3>\n<p><em>Ieri 153mila tamponi, 25mila molecolari analizzati. La maggior parte dei pazienti si cura a casa, ma crescono anche i ricoveri in ospedale\u00a0<\/em><\/p><\/blockquote>\n<p>Abbiamo fatto oltre 50 mila vaccini nelle ultime 24 ore. Si cresce bene con le prime dosi (5800). Il nostro dato di vaccinazione media \u00e8 del 87,6%. <strong>SITUAZIONE VACCINAZION<\/strong>I over 80 100% 79-70\u00a0 93,7% 69-60\u00a0 91,1% 59-50\u00a0 83,7% 49-40 81,9% 39-30 82,3% 29-20 86,6% 19 81,7% 11-5\u00a0 18% <strong>VENETO SEMPRE IN GIALLO -10% IN AREA NON CRITICA\u00a0<\/strong> La nostra incidenza \u00e8 820,1 su centomila abitanti ampiamente oltre i valori da zona gialla, l&#8217;area non critica al 20,2% (scatta la zona aranzione a 30%)\u00a0 e le terapie intensive 19,4% (limite per il passaggio di colorazione 20%). RT a 1,19% ampiamente oltre i valori da zona gialla. OTTIMISMO Questa cosa finir\u00e0 \u00e8 questione di mesi e posso anticipare che le curve dei ricoveri sono meno &#8220;incattivite&#8221;, Nelle terapie intensive potremmo arrivare a 239 persone ricoverate,\u00a0 sostenibile per la nostra Sanit\u00e0. SCUOLA La comunit\u00e0 scientifica dovr\u00e0, dati alla mano, certificare la ripresa. Entro questa settima ci dica se dal 10 le scuole riaprono e per chi facendo diagnosi e facendo screening. Indicazioni fondamentali dal fai da te o sensazioni dello scorso anno. Ora \u00e8 importante essere severi anche su questa valutazione. Oggi parleremo di questo durante la riunione delle 14 con i Presidenti io sono perch\u00e9 la scuola riapra magari con \u00a0i test fai da te, visto che non sempre si possono fare i molecolari. E questo dobbiamo portarlo con un po&#8217; di coraggio anche nelle scuole, cosa che si fa gi\u00e0 in\u00a0 \u00a0Israele e Gran Bretagna. <strong>EMERGENZA MEDICI DI BASE<\/strong> \u00a0Abbiamo portato una delibera con la possibilit\u00e0 di ampliare gli assistiti da 1500 a 1800 per coprire i territori scoperti. Spero che sia temporanea.<\/p>\n<p>https:\/\/www.facebook.com\/zaiaufficiale\/videos\/439854001136556<\/p>\n","protected":false},"excerpt":{"rendered":"<p>VENEZIA Diretta da Palazzo Balbi a Venezia, il punto stampa del Presidente Luca Zaia. IL BOLLETTINO\u00a0POSITIVI 16602\u00a0 INCIDENZA\u00a0 \u00a010,83% POSITIVI TOTALI\u00a0 686879 POSITIVI ATTUALI 124359\u00a0 RICOVERATI\u00a0 1575 (+59), IN AREA NON CRITICA\u00a0 1366 (+50) IN TERAPIA INTENSIVA 209 (+9) TERAPIE INTENSIVE NON COVID\u00a0 268\u00a0 DECESSI\u00a0 12445\u00a0 (+28) LEGGI LA CONFERENZA STAMPA Ieri 153mila tamponi, 25mila&hellip;<\/p>\n","protected":false},"author":4,"featured_media":175303,"comment_status":"closed","ping_status":"open","sticky":false,"template":"","format":"standard","meta":{"_monsterinsights_skip_tracking":false,"_monsterinsights_sitenote_active":false,"_monsterinsights_sitenote_note":"","_monsterinsights_sitenote_category":0,"footnotes":""},"categories":[51,49],"tags":[],"class_list":["post-252250","post","type-post","status-publish","format-standard","has-post-thumbnail","hentry","category-evidenza-top","category-news-18","category-51","category-49","description-off"],"img_url":"https:\/\/www.radiopiu.net\/wordpress\/wp-content\/uploads\/2020\/11\/ZAIA-MASCHERINA-e1616680380412.png","_links":{"self":[{"href":"https:\/\/www.radiopiu.net\/wordpress\/wp-json\/wp\/v2\/posts\/252250","targetHints":{"allow":["GET"]}}],"collection":[{"href":"https:\/\/www.radiopiu.net\/wordpress\/wp-json\/wp\/v2\/posts"}],"about":[{"href":"https:\/\/www.radiopiu.net\/wordpress\/wp-json\/wp\/v2\/types\/post"}],"author":[{"embeddable":true,"href":"https:\/\/www.radiopiu.net\/wordpress\/wp-json\/wp\/v2\/users\/4"}],"replies":[{"embeddable":true,"href":"https:\/\/www.radiopiu.net\/wordpress\/wp-json\/wp\/v2\/comments?post=252250"}],"version-history":[{"count":0,"href":"https:\/\/www.radiopiu.net\/wordpress\/wp-json\/wp\/v2\/posts\/252250\/revisions"}],"wp:featuredmedia":[{"embeddable":true,"href":"https:\/\/www.radiopiu.net\/wordpress\/wp-json\/wp\/v2\/media\/175303"}],"wp:attachment":[{"href":"https:\/\/www.radiopiu.net\/wordpress\/wp-json\/wp\/v2\/media?parent=252250"}],"wp:term":[{"taxonomy":"category","embeddable":true,"href":"https:\/\/www.radiopiu.net\/wordpress\/wp-json\/wp\/v2\/categories?post=252250"},{"taxonomy":"post_tag","embeddable":true,"href":"https:\/\/www.radiopiu.net\/wordpress\/wp-json\/wp\/v2\/tags?post=252250"}],"curies":[{"name":"wp","href":"https:\/\/api.w.org\/{rel}","templated":true}]}}