{"id":252327,"date":"2022-01-04T17:05:59","date_gmt":"2022-01-04T16:05:59","guid":{"rendered":"https:\/\/www.radiopiu.net\/wordpress\/?p=252327"},"modified":"2022-01-04T17:05:59","modified_gmt":"2022-01-04T16:05:59","slug":"prolungamento-a-27-bortoluzzi-che-la-regione-ci-creda-la-provincia-lo-aveva-gia-fatto-con-reolon","status":"publish","type":"post","link":"https:\/\/www.radiopiu.net\/wordpress\/prolungamento-a-27-bortoluzzi-che-la-regione-ci-creda-la-provincia-lo-aveva-gia-fatto-con-reolon\/","title":{"rendered":"PROLUNGAMENTO A 27, BORTOLUZZI &#8220;CHE LA REGIONE CI CREDA, LA PROVINCIA LO AVEVA GIA&#8217; FATTO CON REOLON&#8221;"},"content":{"rendered":"<p><strong>A PROPOSITO DEL PROLUNGAMENTO DELL&#8217;A27 E DELL&#8217;INTERVENTO DEL CONSIGLIERE REGIONALE, SILVIA CESTARO.<\/strong><\/p>\n<blockquote><p>L&#8217;OPINIONE<br \/>\ndi Massimo Bortoluzzi<\/p>\n<p><em><a href=\"https:\/\/www.radiopiu.net\/wordpress\/giornale-radiopiu-24-ottobre-2019-direttore-mirko-mezzacasa\/download-666\/\" rel=\"attachment wp-att-103547\"><img loading=\"lazy\" decoding=\"async\" class=\"size-full wp-image-103547 alignright\" src=\"https:\/\/www.radiopiu.net\/wordpress\/wp-content\/uploads\/2019\/10\/download-23.jpg\" alt=\"\" width=\"182\" height=\"277\" \/><\/a>\u00abBene la presa di posizione della consigliera regionale Cestaro e del consigliere provinciale Gosetti sul prolungamento della A27. Una posizione che da un lato mi fa molto piacere &#8211; \u00e8 un\u2019idea che ho sempre portato avanti -; dall\u2019altra, mi stupisce e mi meraviglia, perch\u00e9 la Regione non ha mai mostrato di crederci davvero\u00bb<\/em>. Lo dice Massimo Bortoluzzi, gi\u00e0 consigliere in Provincia di Belluno.<br \/>\n<em>\u00abHo sempre sostenuto che per risolvere buona parte dei problemi infrastrutturali del Bellunese servisse il prolungamento dell\u2019autostrada, con sbocco a Nord. Un\u2019opera utile alle imprese e ai cittadini, in grado di togliere il territorio dall\u2019isolamento, ma anche di portare risorse utili da investire nei collegamenti intervallivi, senza dimenticare la gestione delle strade provinciali demandata a Veneto Strade, con un\u2019attenzione particolare alla 203 agordina, alla strada del Cansiglio, e alla 251 di Val di Zoldo che gi\u00e0 ha ricevuto finanziamenti particolari da parte della Provincia.\u00a0 Mi auguro che l&#8217;idea di SIlvia Cestaro venga condivisa anche dall\u2019amministrazione regionale e inserita quanto prima nell\u2019agenda politica. Un\u2019idea che \u00e8 gi\u00e0 inserita nel Ptcp provinciale dall\u2019epoca di Sergio Reolon, che aveva previsto in parte il prolungamento della A27. Quindi davvero serve pochissimo. Serve che la Regione ci creda, a partire dal governatore Luca Zaia. Finora invece, da parte della Regione, \u00e8 stata portata avanti esclusivamente la variante di Longarone che &#8211; se realizzata &#8211; preclude ogni possibilit\u00e0 di prolungamento autostradale, visto che la valle del Piave non avrebbe altre possibilit\u00e0 di realizzazioni infrastrutturali\u00bb.<\/em><\/p><\/blockquote>\n<p>&nbsp;<\/p>\n","protected":false},"excerpt":{"rendered":"<p>A PROPOSITO DEL PROLUNGAMENTO DELL&#8217;A27 E DELL&#8217;INTERVENTO DEL CONSIGLIERE REGIONALE, SILVIA CESTARO. L&#8217;OPINIONE di Massimo Bortoluzzi \u00abBene la presa di posizione della consigliera regionale Cestaro e del consigliere provinciale Gosetti sul prolungamento della A27. Una posizione che da un lato mi fa molto piacere &#8211; \u00e8 un\u2019idea che ho sempre portato avanti -; dall\u2019altra, mi&hellip;<\/p>\n","protected":false},"author":4,"featured_media":252328,"comment_status":"closed","ping_status":"open","sticky":false,"template":"","format":"standard","meta":{"_monsterinsights_skip_tracking":false,"_monsterinsights_sitenote_active":false,"_monsterinsights_sitenote_note":"","_monsterinsights_sitenote_category":0,"footnotes":""},"categories":[49],"tags":[],"class_list":["post-252327","post","type-post","status-publish","format-standard","has-post-thumbnail","hentry","category-news-18","category-49","description-off"],"img_url":"https:\/\/www.radiopiu.net\/wordpress\/wp-content\/uploads\/2022\/01\/th-4.jpg","_links":{"self":[{"href":"https:\/\/www.radiopiu.net\/wordpress\/wp-json\/wp\/v2\/posts\/252327","targetHints":{"allow":["GET"]}}],"collection":[{"href":"https:\/\/www.radiopiu.net\/wordpress\/wp-json\/wp\/v2\/posts"}],"about":[{"href":"https:\/\/www.radiopiu.net\/wordpress\/wp-json\/wp\/v2\/types\/post"}],"author":[{"embeddable":true,"href":"https:\/\/www.radiopiu.net\/wordpress\/wp-json\/wp\/v2\/users\/4"}],"replies":[{"embeddable":true,"href":"https:\/\/www.radiopiu.net\/wordpress\/wp-json\/wp\/v2\/comments?post=252327"}],"version-history":[{"count":0,"href":"https:\/\/www.radiopiu.net\/wordpress\/wp-json\/wp\/v2\/posts\/252327\/revisions"}],"wp:featuredmedia":[{"embeddable":true,"href":"https:\/\/www.radiopiu.net\/wordpress\/wp-json\/wp\/v2\/media\/252328"}],"wp:attachment":[{"href":"https:\/\/www.radiopiu.net\/wordpress\/wp-json\/wp\/v2\/media?parent=252327"}],"wp:term":[{"taxonomy":"category","embeddable":true,"href":"https:\/\/www.radiopiu.net\/wordpress\/wp-json\/wp\/v2\/categories?post=252327"},{"taxonomy":"post_tag","embeddable":true,"href":"https:\/\/www.radiopiu.net\/wordpress\/wp-json\/wp\/v2\/tags?post=252327"}],"curies":[{"name":"wp","href":"https:\/\/api.w.org\/{rel}","templated":true}]}}