{"id":252381,"date":"2022-01-05T05:55:30","date_gmt":"2022-01-05T04:55:30","guid":{"rendered":"https:\/\/www.radiopiu.net\/wordpress\/?p=252381"},"modified":"2022-01-05T06:10:42","modified_gmt":"2022-01-05T05:10:42","slug":"questa-sera-cime-illuminate-cancellata-la-festa-sul-broi","status":"publish","type":"post","link":"https:\/\/www.radiopiu.net\/wordpress\/questa-sera-cime-illuminate-cancellata-la-festa-sul-broi\/","title":{"rendered":"QUESTA SERA CIME ILLUMINATE, CANCELLATA LA FESTA SUL BROI"},"content":{"rendered":"<p><strong><img loading=\"lazy\" decoding=\"async\" class=\"alignleft\" src=\"https:\/\/www.radiopiu.net\/wordpress\/wp-content\/uploads\/2022\/01\/54a27bae-dbda-4f48-99be-dc3dbefdcb1e.jpg\" width=\"239\" height=\"80\" \/>AGORDO<\/strong> La sezione agordina del Club Alpino Italiano ha porto gli auguri agli associati attraverso il periodico CaiInForm il cui primo numero \u00e8 uscito 14 anni fa. E&#8217; anche l&#8217;occasione per ribadire le difficolt\u00e0 del periodo con il <span style=\"color: #000000; font-family: 'comic sans ms', 'marker felt-thin', arial, sans-serif;\">\u00a0riacutizzarsi del numero di contagi.<em>\u00a0 &#8220;Per questo <\/em><\/span><em><span style=\"color: #000000; font-family: comic sans ms, marker felt-thin, arial, sans-serif;\">\u00a0 la prevista serata dei Pavaroi non verr\u00e0 effettuata a causa delle restrizioni sanitarie che non consentono assembramenti neanche all&#8217;aperto. Dunque il grande fal\u00f2 al centro del Broi di Agordo non si accender\u00e0 per illuminare la via ai Magi e le faville non ci diranno se l&#8217;anno sar\u00e0 buono o meno. Tuttavia, salvo ordinanze comunali locali e condizioni meteo proibitive,\u00a0<u>sulle cime agordine<\/u> verranno ugualmente <u>accese le fiaccole<\/u>\u00a0come da tradizione per dare comunque un segno di coraggio e speranza a valligiani e turisti. L&#8217;accensione sar\u00e0 simultanea in tutta la Conca Agordina alle ore 17,30&#8243;.<\/span><\/em><br \/>\n<em>\u00a0<\/em><\/p>\n","protected":false},"excerpt":{"rendered":"<p>AGORDO La sezione agordina del Club Alpino Italiano ha porto gli auguri agli associati attraverso il periodico CaiInForm il cui primo numero \u00e8 uscito 14 anni fa. E&#8217; anche l&#8217;occasione per ribadire le difficolt\u00e0 del periodo con il \u00a0riacutizzarsi del numero di contagi.\u00a0 &#8220;Per questo \u00a0 la prevista serata dei Pavaroi non verr\u00e0 effettuata a&hellip;<\/p>\n","protected":false},"author":4,"featured_media":252382,"comment_status":"closed","ping_status":"open","sticky":false,"template":"","format":"standard","meta":{"_monsterinsights_skip_tracking":false,"_monsterinsights_sitenote_active":false,"_monsterinsights_sitenote_note":"","_monsterinsights_sitenote_category":0,"footnotes":""},"categories":[104,49],"tags":[],"class_list":["post-252381","post","type-post","status-publish","format-standard","has-post-thumbnail","hentry","category-evidenza_3","category-news-18","category-104","category-49","description-off"],"img_url":"https:\/\/www.radiopiu.net\/wordpress\/wp-content\/uploads\/2022\/01\/54a27bae-dbda-4f48-99be-dc3dbefdcb1e.jpg","_links":{"self":[{"href":"https:\/\/www.radiopiu.net\/wordpress\/wp-json\/wp\/v2\/posts\/252381","targetHints":{"allow":["GET"]}}],"collection":[{"href":"https:\/\/www.radiopiu.net\/wordpress\/wp-json\/wp\/v2\/posts"}],"about":[{"href":"https:\/\/www.radiopiu.net\/wordpress\/wp-json\/wp\/v2\/types\/post"}],"author":[{"embeddable":true,"href":"https:\/\/www.radiopiu.net\/wordpress\/wp-json\/wp\/v2\/users\/4"}],"replies":[{"embeddable":true,"href":"https:\/\/www.radiopiu.net\/wordpress\/wp-json\/wp\/v2\/comments?post=252381"}],"version-history":[{"count":0,"href":"https:\/\/www.radiopiu.net\/wordpress\/wp-json\/wp\/v2\/posts\/252381\/revisions"}],"wp:featuredmedia":[{"embeddable":true,"href":"https:\/\/www.radiopiu.net\/wordpress\/wp-json\/wp\/v2\/media\/252382"}],"wp:attachment":[{"href":"https:\/\/www.radiopiu.net\/wordpress\/wp-json\/wp\/v2\/media?parent=252381"}],"wp:term":[{"taxonomy":"category","embeddable":true,"href":"https:\/\/www.radiopiu.net\/wordpress\/wp-json\/wp\/v2\/categories?post=252381"},{"taxonomy":"post_tag","embeddable":true,"href":"https:\/\/www.radiopiu.net\/wordpress\/wp-json\/wp\/v2\/tags?post=252381"}],"curies":[{"name":"wp","href":"https:\/\/api.w.org\/{rel}","templated":true}]}}