{"id":252441,"date":"2022-01-05T13:02:49","date_gmt":"2022-01-05T12:02:49","guid":{"rendered":"https:\/\/www.radiopiu.net\/wordpress\/?p=252441"},"modified":"2022-01-05T13:02:49","modified_gmt":"2022-01-05T12:02:49","slug":"santo-e-lina-che-storia-gli-ospiti-della-casa-di-riposo-di-fonzaso-assieme-da-60-anni","status":"publish","type":"post","link":"https:\/\/www.radiopiu.net\/wordpress\/santo-e-lina-che-storia-gli-ospiti-della-casa-di-riposo-di-fonzaso-assieme-da-60-anni\/","title":{"rendered":"SANTO E LINA, CHE STORIA! GLI OSPITI DELLA CASA DI RIPOSO DI FONZASO ASSIEME DA 60 ANNI"},"content":{"rendered":"<p><strong>FONZASO<\/strong> \u2013 Dal fiore della giovent\u00f9 alla fragilit\u00e0 dell&#8217;et\u00e0 anziana, insieme. Da sposi, uno a fianco all&#8217;altra. E&#8217; la vita di Santo D&#8217;Agostini, 84 anni, e Lina Faoro, 80 anni, che marted\u00ec 4 gennaio hanno festeggiato 60 anni di matrimonio: le nozze di diamante. Lo hanno fatto in quella che \u00e8 da qualche tempo la loro casa: la Casa di riposo Sant&#8217;Antonio di Fonzaso. Si sposarono il 4 gennaio 1961 a Lamon, poi per 40 anni vissero in Svizzera, da emigranti. Santo, 84 anni, si prende ancora cura della sua Lina, oggi pi\u00f9 fragile: spesso \u00e8 accanto al suo letto che le tiene la mano o l&#8217;accarezza. Casa Sant&#8217;Antonio ha organizzato per gli sposi una piccola festa con tanto di torta e applauso corale di anziani e personale, con la preziosa collaborazione della volontaria Loretta Sebben di Anteas V.i.t.a. La stessa associazione V.i.t.a ha anche donato un mazzo di fiori agli sposi.<\/p>\n<p>&nbsp;<\/p>\n\n\t\t\t<style type='text\/css'>\n\t\t\t\t#gallery-1 {\n\t\t\t\t\tmargin: auto;\n\t\t\t\t}\n\t\t\t\t#gallery-1 .gallery-item {\n\t\t\t\t\tfloat: left;\n\t\t\t\t\tmargin-top: 10px;\n\t\t\t\t\ttext-align: center;\n\t\t\t\t\twidth: 33%;\n\t\t\t\t}\n\t\t\t\t#gallery-1 img {\n\t\t\t\t\tborder: 2px solid #cfcfcf;\n\t\t\t\t}\n\t\t\t\t#gallery-1 .gallery-caption {\n\t\t\t\t\tmargin-left: 0;\n\t\t\t\t}\n\t\t\t\t\/* see gallery_shortcode() in wp-includes\/media.php *\/\n\t\t\t<\/style>\n\t\t<div id='gallery-1' class='dt-gallery-container gallery galleryid-252441 gallery-columns-3 gallery-size-medium'><dl class='gallery-item'>\n\t\t\t\t<dt class='gallery-icon landscape'>\n\t\t\t\t\t<a class=\"rollover rollover-zoom dt-pswp-item\" title=\"lina faoro santo d agostini2\" data-dt-img-description=\"\" data-large_image_width=\"1278\" data-large_image_height=\"902\"href='https:\/\/www.radiopiu.net\/wordpress\/wp-content\/uploads\/2022\/01\/lina-faoro-santo-d-agostini2.jpeg'><img loading=\"lazy\" decoding=\"async\" width=\"300\" height=\"212\" src=\"https:\/\/www.radiopiu.net\/wordpress\/wp-content\/uploads\/2022\/01\/lina-faoro-santo-d-agostini2-300x212.jpeg\" class=\"attachment-medium size-medium\" alt=\"\" srcset=\"https:\/\/www.radiopiu.net\/wordpress\/wp-content\/uploads\/2022\/01\/lina-faoro-santo-d-agostini2-300x212.jpeg 300w, https:\/\/www.radiopiu.net\/wordpress\/wp-content\/uploads\/2022\/01\/lina-faoro-santo-d-agostini2-1024x723.jpeg 1024w, https:\/\/www.radiopiu.net\/wordpress\/wp-content\/uploads\/2022\/01\/lina-faoro-santo-d-agostini2-768x542.jpeg 768w, https:\/\/www.radiopiu.net\/wordpress\/wp-content\/uploads\/2022\/01\/lina-faoro-santo-d-agostini2.jpeg 1278w\" sizes=\"auto, (max-width: 300px) 100vw, 300px\" \/><\/a>\n\t\t\t\t<\/dt><\/dl><dl class='gallery-item'>\n\t\t\t\t<dt class='gallery-icon landscape'>\n\t\t\t\t\t<a class=\"rollover rollover-zoom dt-pswp-item\" title=\"lina faoro santo d agostini3\" data-dt-img-description=\"\" data-large_image_width=\"1494\" data-large_image_height=\"1080\"href='https:\/\/www.radiopiu.net\/wordpress\/wp-content\/uploads\/2022\/01\/lina-faoro-santo-d-agostini3.jpeg'><img loading=\"lazy\" decoding=\"async\" width=\"300\" height=\"217\" src=\"https:\/\/www.radiopiu.net\/wordpress\/wp-content\/uploads\/2022\/01\/lina-faoro-santo-d-agostini3-300x217.jpeg\" class=\"attachment-medium size-medium\" alt=\"\" srcset=\"https:\/\/www.radiopiu.net\/wordpress\/wp-content\/uploads\/2022\/01\/lina-faoro-santo-d-agostini3-300x217.jpeg 300w, https:\/\/www.radiopiu.net\/wordpress\/wp-content\/uploads\/2022\/01\/lina-faoro-santo-d-agostini3-1024x740.jpeg 1024w, https:\/\/www.radiopiu.net\/wordpress\/wp-content\/uploads\/2022\/01\/lina-faoro-santo-d-agostini3-768x555.jpeg 768w, https:\/\/www.radiopiu.net\/wordpress\/wp-content\/uploads\/2022\/01\/lina-faoro-santo-d-agostini3.jpeg 1494w\" sizes=\"auto, (max-width: 300px) 100vw, 300px\" \/><\/a>\n\t\t\t\t<\/dt><\/dl><dl class='gallery-item'>\n\t\t\t\t<dt class='gallery-icon landscape'>\n\t\t\t\t\t<a class=\"rollover rollover-zoom dt-pswp-item\" title=\"lina faoro santo d agostini-1\" data-dt-img-description=\"\" data-large_image_width=\"1527\" data-large_image_height=\"1080\"href='https:\/\/www.radiopiu.net\/wordpress\/wp-content\/uploads\/2022\/01\/lina-faoro-santo-d-agostini-1.jpeg'><img loading=\"lazy\" decoding=\"async\" width=\"300\" height=\"212\" src=\"https:\/\/www.radiopiu.net\/wordpress\/wp-content\/uploads\/2022\/01\/lina-faoro-santo-d-agostini-1-300x212.jpeg\" class=\"attachment-medium size-medium\" alt=\"\" srcset=\"https:\/\/www.radiopiu.net\/wordpress\/wp-content\/uploads\/2022\/01\/lina-faoro-santo-d-agostini-1-300x212.jpeg 300w, https:\/\/www.radiopiu.net\/wordpress\/wp-content\/uploads\/2022\/01\/lina-faoro-santo-d-agostini-1-1024x724.jpeg 1024w, https:\/\/www.radiopiu.net\/wordpress\/wp-content\/uploads\/2022\/01\/lina-faoro-santo-d-agostini-1-768x543.jpeg 768w, https:\/\/www.radiopiu.net\/wordpress\/wp-content\/uploads\/2022\/01\/lina-faoro-santo-d-agostini-1.jpeg 1527w\" sizes=\"auto, (max-width: 300px) 100vw, 300px\" \/><\/a>\n\t\t\t\t<\/dt><\/dl><br style=\"clear: both\" \/>\n\t\t\t<\/div>\n\n","protected":false},"excerpt":{"rendered":"<p>FONZASO \u2013 Dal fiore della giovent\u00f9 alla fragilit\u00e0 dell&#8217;et\u00e0 anziana, insieme. Da sposi, uno a fianco all&#8217;altra. E&#8217; la vita di Santo D&#8217;Agostini, 84 anni, e Lina Faoro, 80 anni, che marted\u00ec 4 gennaio hanno festeggiato 60 anni di matrimonio: le nozze di diamante. Lo hanno fatto in quella che \u00e8 da qualche tempo la&hellip;<\/p>\n","protected":false},"author":4,"featured_media":252445,"comment_status":"closed","ping_status":"open","sticky":false,"template":"","format":"standard","meta":{"_monsterinsights_skip_tracking":false,"_monsterinsights_sitenote_active":false,"_monsterinsights_sitenote_note":"","_monsterinsights_sitenote_category":0,"footnotes":""},"categories":[51,49],"tags":[],"class_list":["post-252441","post","type-post","status-publish","format-standard","has-post-thumbnail","hentry","category-evidenza-top","category-news-18","category-51","category-49","description-off"],"img_url":"https:\/\/www.radiopiu.net\/wordpress\/wp-content\/uploads\/2022\/01\/lina-faoro-santo-d-agostini3.jpeg","_links":{"self":[{"href":"https:\/\/www.radiopiu.net\/wordpress\/wp-json\/wp\/v2\/posts\/252441","targetHints":{"allow":["GET"]}}],"collection":[{"href":"https:\/\/www.radiopiu.net\/wordpress\/wp-json\/wp\/v2\/posts"}],"about":[{"href":"https:\/\/www.radiopiu.net\/wordpress\/wp-json\/wp\/v2\/types\/post"}],"author":[{"embeddable":true,"href":"https:\/\/www.radiopiu.net\/wordpress\/wp-json\/wp\/v2\/users\/4"}],"replies":[{"embeddable":true,"href":"https:\/\/www.radiopiu.net\/wordpress\/wp-json\/wp\/v2\/comments?post=252441"}],"version-history":[{"count":0,"href":"https:\/\/www.radiopiu.net\/wordpress\/wp-json\/wp\/v2\/posts\/252441\/revisions"}],"wp:featuredmedia":[{"embeddable":true,"href":"https:\/\/www.radiopiu.net\/wordpress\/wp-json\/wp\/v2\/media\/252445"}],"wp:attachment":[{"href":"https:\/\/www.radiopiu.net\/wordpress\/wp-json\/wp\/v2\/media?parent=252441"}],"wp:term":[{"taxonomy":"category","embeddable":true,"href":"https:\/\/www.radiopiu.net\/wordpress\/wp-json\/wp\/v2\/categories?post=252441"},{"taxonomy":"post_tag","embeddable":true,"href":"https:\/\/www.radiopiu.net\/wordpress\/wp-json\/wp\/v2\/tags?post=252441"}],"curies":[{"name":"wp","href":"https:\/\/api.w.org\/{rel}","templated":true}]}}