{"id":252456,"date":"2022-01-05T15:15:16","date_gmt":"2022-01-05T14:15:16","guid":{"rendered":"https:\/\/www.radiopiu.net\/wordpress\/?p=252456"},"modified":"2022-01-05T15:17:07","modified_gmt":"2022-01-05T14:17:07","slug":"le-reazioni-ai-mancati-finanziamenti-previsti-dalla-rigenerazione-urbana","status":"publish","type":"post","link":"https:\/\/www.radiopiu.net\/wordpress\/le-reazioni-ai-mancati-finanziamenti-previsti-dalla-rigenerazione-urbana\/","title":{"rendered":"LE REAZIONI AI MANCATI FINANZIAMENTI PREVISTI DALLA RIGENERAZIONE URBANA"},"content":{"rendered":"<p><strong>REDAZIONE<\/strong> In questa pagina alcune reazioni alla notizia divulgata gi\u00e0 nella giornata di ieri circa il mancato finanziamento dei progetti di rigenerazione urbana 2.<\/p>\n<p><strong>GIMMY DAL FARRA, ASSOCIAZIONE BELLUNO ALPINA<\/strong><\/p>\n<p><em><a href=\"https:\/\/www.radiopiu.net\/wordpress\/giornale-radiopiu-01-luglio-2020-direttore-mirko-mezzacasa\/be8b9967-cf21-4f23-8e42-b56b1c184d9b\/\" rel=\"attachment wp-att-147116\"><img loading=\"lazy\" decoding=\"async\" class=\"size-medium wp-image-147116 alignleft\" src=\"https:\/\/www.radiopiu.net\/wordpress\/wp-content\/uploads\/2020\/06\/be8b9967-cf21-4f23-8e42-b56b1c184d9b-300x150.jpg\" alt=\"\" width=\"300\" height=\"150\" srcset=\"https:\/\/www.radiopiu.net\/wordpress\/wp-content\/uploads\/2020\/06\/be8b9967-cf21-4f23-8e42-b56b1c184d9b-300x150.jpg 300w, https:\/\/www.radiopiu.net\/wordpress\/wp-content\/uploads\/2020\/06\/be8b9967-cf21-4f23-8e42-b56b1c184d9b-1024x512.jpg 1024w, https:\/\/www.radiopiu.net\/wordpress\/wp-content\/uploads\/2020\/06\/be8b9967-cf21-4f23-8e42-b56b1c184d9b-768x384.jpg 768w, https:\/\/www.radiopiu.net\/wordpress\/wp-content\/uploads\/2020\/06\/be8b9967-cf21-4f23-8e42-b56b1c184d9b-1536x768.jpg 1536w, https:\/\/www.radiopiu.net\/wordpress\/wp-content\/uploads\/2020\/06\/be8b9967-cf21-4f23-8e42-b56b1c184d9b.jpg 2048w\" sizes=\"auto, (max-width: 300px) 100vw, 300px\" \/><\/a>\u201cQuesta \u00e8 l&#8217;attenzione che Roma riserva alla montagna. Per una volta che finalmente venivano previsti fondi anche per le zone periferiche e non solo per i centri storici, ecco che la possibilit\u00e0 di realizzare investimenti fondamentali per le Prealpi salta. Siamo delusi e arrabbiati. \u201cSi sarebbe potenziata la rete sentieristica e, soprattutto, avrebbe potuto finalmente vedere la luce il lago multifunzione, utilissimo per la protezione civile e per il sostegno alle attivit\u00e0 sportive invernali. Invece, si sono investiti i fondi verso altre realt\u00e0 nazionali: \u00e8 vero che a Belluno non c&#8217;\u00e8 alto degrado sociale, che avrebbe portato punti in questa classifica, ma perch\u00e9 non si \u00e8 tenuto conto del fattore montano, dove opere e servizi costano molto di pi\u00f9 e dove le alternative agli investimenti sono spopolamento e abbandono?. In questi anni, abbiamo portato avanti diverse proposte con il progetto Ronce 2020 e con il tavolo antispopolamento coordinato dal comune e dall&#8217;assessore Giannone, che ringraziamo ancora per l&#8217;impegno. Ad oggi per\u00f2 per i tanti progetti nati per mantenere la gente nelle Prealpi e dare occasioni di lavoro, dalla silvopastorale al lago al consorzio forestale, non si sono ancora visti finanziamenti, e ora confidiamo anche nel supporto della provincia, visto il discorso di insediamento del presidente Padrin che ha puntato molto sulla lotta allo spopolamento. Se per\u00f2 non c&#8217;\u00e8 la volont\u00e0 politica a Roma di sostenere realmente la montagna, anzi la si taglia fuori da questi contributi, c&#8217;\u00e8 poco da fare; ci preoccupa ancora di pi\u00f9 il fatto che tutto questo avvenga mentre abbiamo al Governo due ministri bellunesi e quattro parlamentari tra Camera e Senato: gi\u00e0 ora otteniamo poco, cosa accadr\u00e0 tra due anni quando, con il rinnovo delle cariche e la nuova legge elettorale, saremo fortunati se potremo contare su un solo rappresentante? La delusione \u00e8 tanta, ma noi proviamo ad andare avanti e siamo pronti a proporre, non appena la situazione Covid ce lo permetter\u00e0, ad organizzare una nuova tre giorni in Nevegal come gi\u00e0 fatto in passato per fare luce sullo stato di salute e sulle necessit\u00e0 urgenti delle Prealpi\u201d<\/em><\/p>\n<p>&nbsp;<\/p>\n<p><strong>IL SEGRETARIO DELLA LEGA NORD BELLUNO, PAOLO LUCIANI\u00a0<\/strong><\/p>\n<audio class=\"wp-audio-shortcode\" id=\"audio-252456-1\" preload=\"none\" style=\"width: 100%;\" controls=\"controls\"><source type=\"audio\/mpeg\" src=\"https:\/\/www.radiopiu.net\/wordpress\/wp-content\/uploads\/2022\/01\/LUCIANI.mp3?_=1\" \/><a href=\"https:\/\/www.radiopiu.net\/wordpress\/wp-content\/uploads\/2022\/01\/LUCIANI.mp3\">https:\/\/www.radiopiu.net\/wordpress\/wp-content\/uploads\/2022\/01\/LUCIANI.mp3<\/a><\/audio>\n<p>&nbsp;<\/p>\n<p><strong>IL CONSIGLIERE COMUNALE MARZIO SOVILLA<\/strong><\/p>\n<audio class=\"wp-audio-shortcode\" id=\"audio-252456-2\" preload=\"none\" style=\"width: 100%;\" controls=\"controls\"><source type=\"audio\/mpeg\" src=\"https:\/\/www.radiopiu.net\/wordpress\/wp-content\/uploads\/2022\/01\/SOVILLA.mp3?_=2\" \/><a href=\"https:\/\/www.radiopiu.net\/wordpress\/wp-content\/uploads\/2022\/01\/SOVILLA.mp3\">https:\/\/www.radiopiu.net\/wordpress\/wp-content\/uploads\/2022\/01\/SOVILLA.mp3<\/a><\/audio>\n<p>&nbsp;<\/p>\n<p>&nbsp;<\/p>\n<p>***<\/p>\n<p>&nbsp;<\/p>\n","protected":false},"excerpt":{"rendered":"<p>REDAZIONE In questa pagina alcune reazioni alla notizia divulgata gi\u00e0 nella giornata di ieri circa il mancato finanziamento dei progetti di rigenerazione urbana 2. GIMMY DAL FARRA, ASSOCIAZIONE BELLUNO ALPINA \u201cQuesta \u00e8 l&#8217;attenzione che Roma riserva alla montagna. Per una volta che finalmente venivano previsti fondi anche per le zone periferiche e non solo per&hellip;<\/p>\n","protected":false},"author":4,"featured_media":252459,"comment_status":"closed","ping_status":"open","sticky":false,"template":"","format":"standard","meta":{"_monsterinsights_skip_tracking":false,"_monsterinsights_sitenote_active":false,"_monsterinsights_sitenote_note":"","_monsterinsights_sitenote_category":0,"footnotes":""},"categories":[49],"tags":[],"class_list":["post-252456","post","type-post","status-publish","format-standard","has-post-thumbnail","hentry","category-news-18","category-49","description-off"],"img_url":"https:\/\/www.radiopiu.net\/wordpress\/wp-content\/uploads\/2022\/01\/4611912_pckg_40156280088809207-20190711.jpg","_links":{"self":[{"href":"https:\/\/www.radiopiu.net\/wordpress\/wp-json\/wp\/v2\/posts\/252456","targetHints":{"allow":["GET"]}}],"collection":[{"href":"https:\/\/www.radiopiu.net\/wordpress\/wp-json\/wp\/v2\/posts"}],"about":[{"href":"https:\/\/www.radiopiu.net\/wordpress\/wp-json\/wp\/v2\/types\/post"}],"author":[{"embeddable":true,"href":"https:\/\/www.radiopiu.net\/wordpress\/wp-json\/wp\/v2\/users\/4"}],"replies":[{"embeddable":true,"href":"https:\/\/www.radiopiu.net\/wordpress\/wp-json\/wp\/v2\/comments?post=252456"}],"version-history":[{"count":0,"href":"https:\/\/www.radiopiu.net\/wordpress\/wp-json\/wp\/v2\/posts\/252456\/revisions"}],"wp:featuredmedia":[{"embeddable":true,"href":"https:\/\/www.radiopiu.net\/wordpress\/wp-json\/wp\/v2\/media\/252459"}],"wp:attachment":[{"href":"https:\/\/www.radiopiu.net\/wordpress\/wp-json\/wp\/v2\/media?parent=252456"}],"wp:term":[{"taxonomy":"category","embeddable":true,"href":"https:\/\/www.radiopiu.net\/wordpress\/wp-json\/wp\/v2\/categories?post=252456"},{"taxonomy":"post_tag","embeddable":true,"href":"https:\/\/www.radiopiu.net\/wordpress\/wp-json\/wp\/v2\/tags?post=252456"}],"curies":[{"name":"wp","href":"https:\/\/api.w.org\/{rel}","templated":true}]}}