{"id":252572,"date":"2022-01-06T09:45:21","date_gmt":"2022-01-06T08:45:21","guid":{"rendered":"https:\/\/www.radiopiu.net\/wordpress\/?p=252572"},"modified":"2022-01-06T09:45:21","modified_gmt":"2022-01-06T08:45:21","slug":"respiro-di-renato-mosena","status":"publish","type":"post","link":"https:\/\/www.radiopiu.net\/wordpress\/respiro-di-renato-mosena\/","title":{"rendered":"RESPIRO di  RENATO MOSENA"},"content":{"rendered":"<p>AUDIO<\/p>\n<audio class=\"wp-audio-shortcode\" id=\"audio-252572-1\" preload=\"none\" style=\"width: 100%;\" controls=\"controls\"><source type=\"audio\/mpeg\" src=\"https:\/\/www.radiopiu.net\/wordpress\/wp-content\/uploads\/2022\/01\/04-renato-mosena-respiro.mp3?_=1\" \/><a href=\"https:\/\/www.radiopiu.net\/wordpress\/wp-content\/uploads\/2022\/01\/04-renato-mosena-respiro.mp3\">https:\/\/www.radiopiu.net\/wordpress\/wp-content\/uploads\/2022\/01\/04-renato-mosena-respiro.mp3<\/a><\/audio>\n<p>&nbsp;<\/p>\n<p><strong><a href=\"https:\/\/www.radiopiu.net\/wordpress\/terzo-occhio-di-deborah-zerovnik\/foto-renato-mosena-3\/\" rel=\"attachment wp-att-198410\"><img loading=\"lazy\" decoding=\"async\" class=\" wp-image-198410 alignleft\" src=\"https:\/\/www.radiopiu.net\/wordpress\/wp-content\/uploads\/2021\/03\/foto-renato-mosena-164x300.jpg\" alt=\"\" width=\"115\" height=\"210\" srcset=\"https:\/\/www.radiopiu.net\/wordpress\/wp-content\/uploads\/2021\/03\/foto-renato-mosena-164x300.jpg 164w, https:\/\/www.radiopiu.net\/wordpress\/wp-content\/uploads\/2021\/03\/foto-renato-mosena.jpg 342w\" sizes=\"auto, (max-width: 115px) 100vw, 115px\" \/><\/a>RESPIRO<\/strong><\/p>\n<p>Respiro in un battito d&#8217;ali<br \/>\nl&#8217;ultimo grido di una felicit\u00e0<br \/>\nche non abita pi\u00f9 il cuore<br \/>\nme l&#8217;ha uccisa il sogno pi\u00f9 bello della mia vita<br \/>\ne il suo eco si perde<br \/>\ncome piuma sbattuta dal vento<\/p>\n","protected":false},"excerpt":{"rendered":"<p>AUDIO &nbsp; RESPIRO Respiro in un battito d&#8217;ali l&#8217;ultimo grido di una felicit\u00e0 che non abita pi\u00f9 il cuore me l&#8217;ha uccisa il sogno pi\u00f9 bello della mia vita e il suo eco si perde come piuma sbattuta dal vento<\/p>\n","protected":false},"author":4,"featured_media":132468,"comment_status":"closed","ping_status":"open","sticky":false,"template":"","format":"standard","meta":{"_monsterinsights_skip_tracking":false,"_monsterinsights_sitenote_active":false,"_monsterinsights_sitenote_note":"","_monsterinsights_sitenote_category":0,"footnotes":""},"categories":[22,49],"tags":[],"class_list":["post-252572","post","type-post","status-publish","format-standard","has-post-thumbnail","hentry","category-invivoverso","category-news-18","category-22","category-49","description-off"],"img_url":"https:\/\/www.radiopiu.net\/wordpress\/wp-content\/uploads\/2020\/04\/RENATO-MOSENA-FOTO.jpg","_links":{"self":[{"href":"https:\/\/www.radiopiu.net\/wordpress\/wp-json\/wp\/v2\/posts\/252572","targetHints":{"allow":["GET"]}}],"collection":[{"href":"https:\/\/www.radiopiu.net\/wordpress\/wp-json\/wp\/v2\/posts"}],"about":[{"href":"https:\/\/www.radiopiu.net\/wordpress\/wp-json\/wp\/v2\/types\/post"}],"author":[{"embeddable":true,"href":"https:\/\/www.radiopiu.net\/wordpress\/wp-json\/wp\/v2\/users\/4"}],"replies":[{"embeddable":true,"href":"https:\/\/www.radiopiu.net\/wordpress\/wp-json\/wp\/v2\/comments?post=252572"}],"version-history":[{"count":0,"href":"https:\/\/www.radiopiu.net\/wordpress\/wp-json\/wp\/v2\/posts\/252572\/revisions"}],"wp:featuredmedia":[{"embeddable":true,"href":"https:\/\/www.radiopiu.net\/wordpress\/wp-json\/wp\/v2\/media\/132468"}],"wp:attachment":[{"href":"https:\/\/www.radiopiu.net\/wordpress\/wp-json\/wp\/v2\/media?parent=252572"}],"wp:term":[{"taxonomy":"category","embeddable":true,"href":"https:\/\/www.radiopiu.net\/wordpress\/wp-json\/wp\/v2\/categories?post=252572"},{"taxonomy":"post_tag","embeddable":true,"href":"https:\/\/www.radiopiu.net\/wordpress\/wp-json\/wp\/v2\/tags?post=252572"}],"curies":[{"name":"wp","href":"https:\/\/api.w.org\/{rel}","templated":true}]}}