{"id":252587,"date":"2022-01-06T10:54:07","date_gmt":"2022-01-06T09:54:07","guid":{"rendered":"https:\/\/www.radiopiu.net\/wordpress\/?p=252587"},"modified":"2022-01-06T10:54:08","modified_gmt":"2022-01-06T09:54:08","slug":"un-natale-speciale-alla-scuola-media-di-canale-dagordo","status":"publish","type":"post","link":"https:\/\/www.radiopiu.net\/wordpress\/un-natale-speciale-alla-scuola-media-di-canale-dagordo\/","title":{"rendered":"UN NATALE SPECIALE ALLA SCUOLA MEDIA DI CANALE D&#8217;AGORDO"},"content":{"rendered":"<p><strong><a href=\"https:\/\/www.radiopiu.net\/wordpress\/un-natale-speciale-alla-scuola-media-di-canale-dagordo\/albero-canale\/\" rel=\"attachment wp-att-252588\"><img loading=\"lazy\" decoding=\"async\" class=\"size-medium wp-image-252588 alignleft\" src=\"https:\/\/www.radiopiu.net\/wordpress\/wp-content\/uploads\/2022\/01\/albero-canale-192x300.jpg\" alt=\"\" width=\"192\" height=\"300\" srcset=\"https:\/\/www.radiopiu.net\/wordpress\/wp-content\/uploads\/2022\/01\/albero-canale-192x300.jpg 192w, https:\/\/www.radiopiu.net\/wordpress\/wp-content\/uploads\/2022\/01\/albero-canale-655x1024.jpg 655w, https:\/\/www.radiopiu.net\/wordpress\/wp-content\/uploads\/2022\/01\/albero-canale.jpg 666w\" sizes=\"auto, (max-width: 192px) 100vw, 192px\" \/><\/a>CANALE D&#8217;AGORDO<\/strong> La scuola Media di Canale d&#8217;Agordo si contraddistingue per il grande impegno che alunni e docenti mettono in campo di anno in anno per affrontare tematiche &#8220;grandi&#8221;. Quest&#8217;anno hanno lavorato sulla relazione, la condivisione, la solidariet\u00e0, facendo confluire il tutto in un Natale speciale.<\/p>\n<blockquote><p><strong>LA RELAZIONE<\/strong><\/p>\n<p>L\u2019attenzione agli altri e il senso di gratuit\u00e0 sono tematiche che stiamo trattando trasversalmente in maniera diretta e indiretta con tutti i ragazzi della scuola. In occasione del Natale abbiamo proposto ad ogni abitante della scuola, alunno, docente e collaboratore, di decorare una pallina e di scrivere un augurio in maniera fantasiosa; queste sono diventate le decorazioni dell\u2019albero che nel giro di un paio di settimane si \u00e8 arricchito e riempito e sono state il regalo che ognuno di noi ha portato a casa per Natale. Un po\u2019 del nostro tempo messo a disposizione di tutti per abbellire l\u2019albero, ma anche un oggetto fatto con le nostre mani per regalare ad un compagno a caso, per il gusto di fare qualcosa per gli altri. Un\u2019esperienza che ci ha visti tutti impegnati e che man mano si avvicinava la data dello scambio ha creato attesa, curiosit\u00e0 e trepidazione. Nei mesi di novembre e dicembre abbiamo fatto un progetto chiamato \u201cTutta la pace del mondo\u201d con l\u2019associazione Insieme si pu\u00f2, un viaggio in paesi in cui non c\u2019\u00e8 la pace e dove i bambini e ragazzi come loro, vivono in situazioni difficili o sono costretti a fare i soldati. Abbiamo cercato di capire l\u2019importanza dei diritti fondamentali come avere acqua e cibo, ma anche come la possibilit\u00e0 di poter andare a scuola e avere un\u2019istruzione possa essere fattore di cambiamento in meglio per la propria vita perch\u00e9 ci rende protagonisti del nostro futuro. In alcuni di questi paesi non \u00e8 possibile perch\u00e9 teatro di guerra. Per essere promotori del cambiamento e per poter dare una mano e fare la nostra parte abbiamo pensato ad una raccolta di matite e matite colorate come segno del nostro impegno e come dono dato in maniera gratuita e senza aspettarsi nulla in cambio.\u00a0 Queste matite verranno poi consegnate a Insieme si pu\u00f2 che le far\u00e0 arrivare a bambine e bambini afgani di Nangarhar, destinatari del loro progetto \u201cIstruzione \u00e8 futuro\u201d.<\/p><\/blockquote>\n<p>&nbsp;<\/p>\n<p>&nbsp;<\/p>\n<p>*****<\/p>\n","protected":false},"excerpt":{"rendered":"<p>CANALE D&#8217;AGORDO La scuola Media di Canale d&#8217;Agordo si contraddistingue per il grande impegno che alunni e docenti mettono in campo di anno in anno per affrontare tematiche &#8220;grandi&#8221;. Quest&#8217;anno hanno lavorato sulla relazione, la condivisione, la solidariet\u00e0, facendo confluire il tutto in un Natale speciale. LA RELAZIONE L\u2019attenzione agli altri e il senso di&hellip;<\/p>\n","protected":false},"author":4,"featured_media":252588,"comment_status":"closed","ping_status":"open","sticky":false,"template":"","format":"standard","meta":{"_monsterinsights_skip_tracking":false,"_monsterinsights_sitenote_active":false,"_monsterinsights_sitenote_note":"","_monsterinsights_sitenote_category":0,"footnotes":""},"categories":[49],"tags":[],"class_list":["post-252587","post","type-post","status-publish","format-standard","has-post-thumbnail","hentry","category-news-18","category-49","description-off"],"img_url":"https:\/\/www.radiopiu.net\/wordpress\/wp-content\/uploads\/2022\/01\/albero-canale.jpg","_links":{"self":[{"href":"https:\/\/www.radiopiu.net\/wordpress\/wp-json\/wp\/v2\/posts\/252587","targetHints":{"allow":["GET"]}}],"collection":[{"href":"https:\/\/www.radiopiu.net\/wordpress\/wp-json\/wp\/v2\/posts"}],"about":[{"href":"https:\/\/www.radiopiu.net\/wordpress\/wp-json\/wp\/v2\/types\/post"}],"author":[{"embeddable":true,"href":"https:\/\/www.radiopiu.net\/wordpress\/wp-json\/wp\/v2\/users\/4"}],"replies":[{"embeddable":true,"href":"https:\/\/www.radiopiu.net\/wordpress\/wp-json\/wp\/v2\/comments?post=252587"}],"version-history":[{"count":0,"href":"https:\/\/www.radiopiu.net\/wordpress\/wp-json\/wp\/v2\/posts\/252587\/revisions"}],"wp:featuredmedia":[{"embeddable":true,"href":"https:\/\/www.radiopiu.net\/wordpress\/wp-json\/wp\/v2\/media\/252588"}],"wp:attachment":[{"href":"https:\/\/www.radiopiu.net\/wordpress\/wp-json\/wp\/v2\/media?parent=252587"}],"wp:term":[{"taxonomy":"category","embeddable":true,"href":"https:\/\/www.radiopiu.net\/wordpress\/wp-json\/wp\/v2\/categories?post=252587"},{"taxonomy":"post_tag","embeddable":true,"href":"https:\/\/www.radiopiu.net\/wordpress\/wp-json\/wp\/v2\/tags?post=252587"}],"curies":[{"name":"wp","href":"https:\/\/api.w.org\/{rel}","templated":true}]}}