{"id":252635,"date":"2022-01-06T11:09:49","date_gmt":"2022-01-06T10:09:49","guid":{"rendered":"https:\/\/www.radiopiu.net\/wordpress\/?p=252635"},"modified":"2022-01-07T05:58:45","modified_gmt":"2022-01-07T04:58:45","slug":"petizione-per-mantenere-aperto-il-negozio-di-alimentari-a-frassene-raccolte-500-firme-le-considerazioni-di-luigi-paolo-della-lucia","status":"publish","type":"post","link":"https:\/\/www.radiopiu.net\/wordpress\/petizione-per-mantenere-aperto-il-negozio-di-alimentari-a-frassene-raccolte-500-firme-le-considerazioni-di-luigi-paolo-della-lucia\/","title":{"rendered":"PETIZIONE PER MANTENERE APERTO IL NEGOZIO DI ALIMENTARI A FRASSENE&#8217;: RACCOLTE 500 FIRME. LE CONSIDERAZIONI DI LUIGI PAOLO DELLA LUCIA"},"content":{"rendered":"<p><strong><a href=\"https:\/\/www.radiopiu.net\/wordpress\/petizione-per-mantenere-aperto-il-negozio-di-alimentari-a-frassene-raccolte-500-firme-le-considerazioni-di-luigi-paolo-della-lucia\/alimentari-frassene\/\" rel=\"attachment wp-att-252637\"><img loading=\"lazy\" decoding=\"async\" class=\"size-medium wp-image-252637 alignleft\" src=\"https:\/\/www.radiopiu.net\/wordpress\/wp-content\/uploads\/2022\/01\/ALIMENTARI-FRASSENE-300x225.jpeg\" alt=\"\" width=\"300\" height=\"225\" srcset=\"https:\/\/www.radiopiu.net\/wordpress\/wp-content\/uploads\/2022\/01\/ALIMENTARI-FRASSENE-300x225.jpeg 300w, https:\/\/www.radiopiu.net\/wordpress\/wp-content\/uploads\/2022\/01\/ALIMENTARI-FRASSENE.jpeg 600w\" sizes=\"auto, (max-width: 300px) 100vw, 300px\" \/><\/a>REDAZIONE<\/strong> Riceviamo e volentieri pubblichiamo alcune considerazioni di Luigi Paolo Della Lucia dopo l&#8217;intervento del sindaco di Voltago Giuseppe Schena in merito alla chiusura del negozio di alimentari a Frassen\u00e8.<\/p>\n<blockquote><p><em><strong>LA LETTERA<\/strong><\/em><\/p>\n<p><em>Rispondo volentieri \u00a0pubblicamente al Sindaco Giuseppe Schena in merito alla raccolta di interesse lanciata sul Web da parte mia a \u00a0sostegno dell\u2019insediamento da parte della Famiglia Cooperativa di Primiero con un negozio di vicinato a Frassen\u00e8 Agordino, bench\u00e9 personalmente ci siamo gi\u00e0 sentiti in tarda nottata in una distesa telefonata, al suo rientro dal controllo della pulizia della neve sulle strade del territorio comunale. Come presentato e dibattuto in sede di consiglio comunale, al quale ho presenziato volentieri fra il pubblico, si \u00e8 inteso che la Famiglia Cooperativa di Primiero vorrebbe avere sia un riscontro da parte della Amministrazione Comunale di Voltago che \u00a0da parte della cittadinanza sull\u2019ipotesi di approdare anche a Frassen\u00e8 con un loro negozio, in modo da capire preventivamente \u00a0se il supporto di entrambi \u00a0possa giustificare \u00a0l\u2019investimento. Come correttamente rimarcato dal Sindaco nella sua nota a Radio Pi\u00f9, l\u2019amministrazione si sta muovendo , con i modi, tempi e luoghi a lei consentita, e con i dibattimenti nelle opportune sedi; per il riconoscimento \u00a0invece da parte dei cittadini interessati al problema: residenti , seconde case , villeggianti\u00a0 o semplici amanti e frequentatori del luogo (tenuto oltremodo \u00a0conto della attuale situazione pandemica che non permette di \u00a0raggiungere il paese ed accedere ala raccolta di interesse \u00a0cartacea in corso, promossa una parte del consiglio comunale) ho pensato autonomamente di dare loro voce attraverso il web a una manifestazione di interesse rivolta direttamente alla Famiglia Cooperativa di Primiero, in modo da consegnare \u00a0a quest\u2019ultima un chiaro segno da parte della popolazione residente e non. Per quanto riguarda il contenuto, riprendendo appunto \u00a0la lettera recapitata alle famiglie da parte di alcuni consiglieri, ho volutamente tolto ogni riferimento a chi la avesse promossa e alla amministrazione comunale \u00a0stessa, lasciandone solo i contenuti salienti, in modo da non influenzare il pensiero di chi andava a leggere la raccolta di interesse. Abbiamo condiviso col Sindaco che, indipendentemente dalle possibilit\u00e0 che si apriranno alla amministrazione, avere alle spalle una significativa espressione della volont\u00e0 popolare, aiuter\u00e0 \u00a0sia l\u2019amministrazione Comunale a sentirsi supportata nella ricerca di una possibile soluzione, che la Famiglia Cooperativa di Primiero a sentirsi accettata e in futuro frequentata nel nuovo negozio. Ad oggi le oltre 350 firme su Change,org e le oltre 150 raccolte su carta \u00a0confermano l\u2019importanza \u00a0che si st\u00e0 \u00a0dando a questo argomento. Alla fine della telefonata ci siamo salutati cordialmente.<\/em><\/p>\n<p><em><strong>Luigi Paolo Della Lucia<\/strong><\/em><\/p><\/blockquote>\n<p>&nbsp;<\/p>\n<p>&nbsp;<\/p>\n<hr \/>\n<p>&nbsp;<\/p>\n","protected":false},"excerpt":{"rendered":"<p>REDAZIONE Riceviamo e volentieri pubblichiamo alcune considerazioni di Luigi Paolo Della Lucia dopo l&#8217;intervento del sindaco di Voltago Giuseppe Schena in merito alla chiusura del negozio di alimentari a Frassen\u00e8. LA LETTERA Rispondo volentieri \u00a0pubblicamente al Sindaco Giuseppe Schena in merito alla raccolta di interesse lanciata sul Web da parte mia a \u00a0sostegno dell\u2019insediamento da&hellip;<\/p>\n","protected":false},"author":4,"featured_media":252637,"comment_status":"closed","ping_status":"open","sticky":false,"template":"","format":"standard","meta":{"_monsterinsights_skip_tracking":false,"_monsterinsights_sitenote_active":false,"_monsterinsights_sitenote_note":"","_monsterinsights_sitenote_category":0,"footnotes":""},"categories":[51,49],"tags":[],"class_list":["post-252635","post","type-post","status-publish","format-standard","has-post-thumbnail","hentry","category-evidenza-top","category-news-18","category-51","category-49","description-off"],"img_url":"https:\/\/www.radiopiu.net\/wordpress\/wp-content\/uploads\/2022\/01\/ALIMENTARI-FRASSENE.jpeg","_links":{"self":[{"href":"https:\/\/www.radiopiu.net\/wordpress\/wp-json\/wp\/v2\/posts\/252635","targetHints":{"allow":["GET"]}}],"collection":[{"href":"https:\/\/www.radiopiu.net\/wordpress\/wp-json\/wp\/v2\/posts"}],"about":[{"href":"https:\/\/www.radiopiu.net\/wordpress\/wp-json\/wp\/v2\/types\/post"}],"author":[{"embeddable":true,"href":"https:\/\/www.radiopiu.net\/wordpress\/wp-json\/wp\/v2\/users\/4"}],"replies":[{"embeddable":true,"href":"https:\/\/www.radiopiu.net\/wordpress\/wp-json\/wp\/v2\/comments?post=252635"}],"version-history":[{"count":0,"href":"https:\/\/www.radiopiu.net\/wordpress\/wp-json\/wp\/v2\/posts\/252635\/revisions"}],"wp:featuredmedia":[{"embeddable":true,"href":"https:\/\/www.radiopiu.net\/wordpress\/wp-json\/wp\/v2\/media\/252637"}],"wp:attachment":[{"href":"https:\/\/www.radiopiu.net\/wordpress\/wp-json\/wp\/v2\/media?parent=252635"}],"wp:term":[{"taxonomy":"category","embeddable":true,"href":"https:\/\/www.radiopiu.net\/wordpress\/wp-json\/wp\/v2\/categories?post=252635"},{"taxonomy":"post_tag","embeddable":true,"href":"https:\/\/www.radiopiu.net\/wordpress\/wp-json\/wp\/v2\/tags?post=252635"}],"curies":[{"name":"wp","href":"https:\/\/api.w.org\/{rel}","templated":true}]}}