{"id":252671,"date":"2022-01-08T05:52:41","date_gmt":"2022-01-08T04:52:41","guid":{"rendered":"https:\/\/www.radiopiu.net\/wordpress\/?p=252671"},"modified":"2022-01-08T12:46:28","modified_gmt":"2022-01-08T11:46:28","slug":"giornale-radiopiu-08-gennaio-2022-direttore-mirko-mezzacasa","status":"publish","type":"post","link":"https:\/\/www.radiopiu.net\/wordpress\/giornale-radiopiu-08-gennaio-2022-direttore-mirko-mezzacasa\/","title":{"rendered":"GIORNALE RADIOPIU 08 GENNAIO 2022 DIRETTORE MIRKO MEZZACASA"},"content":{"rendered":"<h3 class=\"kvgmc6g5 cxmmr5t8 oygrvhab hcukyx3x c1et5uql\"><span style=\"color: #0000ff;\"><strong>INFORMAZIONE il canale su TELEGRAM informazione di prima mano e in tempo reale. iscriviti ed aiutaci a farlo conoscere\u00a0<\/strong><\/span><\/h3>\n<p>&nbsp;<\/p>\n<p>&nbsp;<\/p>\n<hr \/>\n<p>&nbsp;<\/p>\n<h2 style=\"text-align: center;\"><span style=\"color: #ff6600;\">PASSO STAULANZA: QUANTA GENTE<\/span><\/h2>\n<p><strong>REDAZIONE <\/strong>Da Telegram, Viabilit\u00e0 Provincia di Belluno, lo scatto di Paolo mette in evidenza il grande afflusso turistico odierno al Passo Staulanza e verso il Rifugio Citt\u00e0 di Fiume.<\/p>\n\n\t\t\t<style type='text\/css'>\n\t\t\t\t#gallery-1 {\n\t\t\t\t\tmargin: auto;\n\t\t\t\t}\n\t\t\t\t#gallery-1 .gallery-item {\n\t\t\t\t\tfloat: left;\n\t\t\t\t\tmargin-top: 10px;\n\t\t\t\t\ttext-align: center;\n\t\t\t\t\twidth: 100%;\n\t\t\t\t}\n\t\t\t\t#gallery-1 img {\n\t\t\t\t\tborder: 2px solid #cfcfcf;\n\t\t\t\t}\n\t\t\t\t#gallery-1 .gallery-caption {\n\t\t\t\t\tmargin-left: 0;\n\t\t\t\t}\n\t\t\t\t\/* see gallery_shortcode() in wp-includes\/media.php *\/\n\t\t\t<\/style>\n\t\t<div id='gallery-1' class='dt-gallery-container gallery galleryid-252671 gallery-columns-1 gallery-size-medium'><dl class='gallery-item'>\n\t\t\t\t<dt class='gallery-icon portrait'>\n\t\t\t\t\t<a class=\"rollover rollover-zoom dt-pswp-item\" title=\"dd2c92c7-27c4-4243-8f7a-a514d52933b5\" data-dt-img-description=\"\" data-large_image_width=\"450\" data-large_image_height=\"800\"href='https:\/\/www.radiopiu.net\/wordpress\/wp-content\/uploads\/2022\/01\/dd2c92c7-27c4-4243-8f7a-a514d52933b5.jpg'><img loading=\"lazy\" decoding=\"async\" width=\"169\" height=\"300\" src=\"https:\/\/www.radiopiu.net\/wordpress\/wp-content\/uploads\/2022\/01\/dd2c92c7-27c4-4243-8f7a-a514d52933b5-169x300.jpg\" class=\"attachment-medium size-medium\" alt=\"\" srcset=\"https:\/\/www.radiopiu.net\/wordpress\/wp-content\/uploads\/2022\/01\/dd2c92c7-27c4-4243-8f7a-a514d52933b5-169x300.jpg 169w, https:\/\/www.radiopiu.net\/wordpress\/wp-content\/uploads\/2022\/01\/dd2c92c7-27c4-4243-8f7a-a514d52933b5.jpg 450w\" sizes=\"auto, (max-width: 169px) 100vw, 169px\" \/><\/a>\n\t\t\t\t<\/dt><\/dl><br style=\"clear: both\" \/>\n\t\t\t<\/div>\n\n<p>&nbsp;<\/p>\n<h2 style=\"text-align: center;\"><span style=\"color: #ff9900;\">E QUANTA GENTE ANCHE TRA ARABBA E COLFOSCO<\/span><\/h2>\n<p><strong>LIVINALLONGO<\/strong> E&#8217; Fabio Sorarui testimone della notevole e auspicata presenza turistica nelle vallate. Neve fresca, sole ideale per sciare, ma anche una nevicata a complicare la viabilit\u00e0 con una conseguenza, oggi da Arabba e Colfosco Fabio ha impiegato due ore <em>&#8220;Normalmente &#8211; dice dice &#8211; impiego 35 minuti<\/em><\/p>\n<p>&nbsp;<\/p>\n\n\t\t\t<style type='text\/css'>\n\t\t\t\t#gallery-2 {\n\t\t\t\t\tmargin: auto;\n\t\t\t\t}\n\t\t\t\t#gallery-2 .gallery-item {\n\t\t\t\t\tfloat: left;\n\t\t\t\t\tmargin-top: 10px;\n\t\t\t\t\ttext-align: center;\n\t\t\t\t\twidth: 33%;\n\t\t\t\t}\n\t\t\t\t#gallery-2 img {\n\t\t\t\t\tborder: 2px solid #cfcfcf;\n\t\t\t\t}\n\t\t\t\t#gallery-2 .gallery-caption {\n\t\t\t\t\tmargin-left: 0;\n\t\t\t\t}\n\t\t\t\t\/* see gallery_shortcode() in wp-includes\/media.php *\/\n\t\t\t<\/style>\n\t\t<div id='gallery-2' class='dt-gallery-container gallery galleryid-252671 gallery-columns-3 gallery-size-medium'><dl class='gallery-item'>\n\t\t\t\t<dt class='gallery-icon portrait'>\n\t\t\t\t\t<a class=\"rollover rollover-zoom dt-pswp-item\" title=\"ab908eec-db34-4f1f-b18f-625f4b07a4c4\" data-dt-img-description=\"\" data-large_image_width=\"560\" data-large_image_height=\"750\"href='https:\/\/www.radiopiu.net\/wordpress\/wp-content\/uploads\/2022\/01\/ab908eec-db34-4f1f-b18f-625f4b07a4c4.jpg'><img loading=\"lazy\" decoding=\"async\" width=\"224\" height=\"300\" src=\"https:\/\/www.radiopiu.net\/wordpress\/wp-content\/uploads\/2022\/01\/ab908eec-db34-4f1f-b18f-625f4b07a4c4-224x300.jpg\" class=\"attachment-medium size-medium\" alt=\"\" srcset=\"https:\/\/www.radiopiu.net\/wordpress\/wp-content\/uploads\/2022\/01\/ab908eec-db34-4f1f-b18f-625f4b07a4c4-224x300.jpg 224w, https:\/\/www.radiopiu.net\/wordpress\/wp-content\/uploads\/2022\/01\/ab908eec-db34-4f1f-b18f-625f4b07a4c4.jpg 560w\" sizes=\"auto, (max-width: 224px) 100vw, 224px\" \/><\/a>\n\t\t\t\t<\/dt><\/dl><dl class='gallery-item'>\n\t\t\t\t<dt class='gallery-icon portrait'>\n\t\t\t\t\t<a class=\"rollover rollover-zoom dt-pswp-item\" title=\"f33de673-8f01-4be2-bec4-a76579590afe\" data-dt-img-description=\"\" data-large_image_width=\"560\" data-large_image_height=\"750\"href='https:\/\/www.radiopiu.net\/wordpress\/wp-content\/uploads\/2022\/01\/f33de673-8f01-4be2-bec4-a76579590afe.jpg'><img loading=\"lazy\" decoding=\"async\" width=\"224\" height=\"300\" src=\"https:\/\/www.radiopiu.net\/wordpress\/wp-content\/uploads\/2022\/01\/f33de673-8f01-4be2-bec4-a76579590afe-224x300.jpg\" class=\"attachment-medium size-medium\" alt=\"\" srcset=\"https:\/\/www.radiopiu.net\/wordpress\/wp-content\/uploads\/2022\/01\/f33de673-8f01-4be2-bec4-a76579590afe-224x300.jpg 224w, https:\/\/www.radiopiu.net\/wordpress\/wp-content\/uploads\/2022\/01\/f33de673-8f01-4be2-bec4-a76579590afe.jpg 560w\" sizes=\"auto, (max-width: 224px) 100vw, 224px\" \/><\/a>\n\t\t\t\t<\/dt><\/dl><dl class='gallery-item'>\n\t\t\t\t<dt class='gallery-icon portrait'>\n\t\t\t\t\t<a class=\"rollover rollover-zoom dt-pswp-item\" title=\"71f8b624-2cf4-42ab-9a06-19a303cb065e\" data-dt-img-description=\"\" data-large_image_width=\"560\" data-large_image_height=\"750\"href='https:\/\/www.radiopiu.net\/wordpress\/wp-content\/uploads\/2022\/01\/71f8b624-2cf4-42ab-9a06-19a303cb065e.jpg'><img loading=\"lazy\" decoding=\"async\" width=\"224\" height=\"300\" src=\"https:\/\/www.radiopiu.net\/wordpress\/wp-content\/uploads\/2022\/01\/71f8b624-2cf4-42ab-9a06-19a303cb065e-224x300.jpg\" class=\"attachment-medium size-medium\" alt=\"\" srcset=\"https:\/\/www.radiopiu.net\/wordpress\/wp-content\/uploads\/2022\/01\/71f8b624-2cf4-42ab-9a06-19a303cb065e-224x300.jpg 224w, https:\/\/www.radiopiu.net\/wordpress\/wp-content\/uploads\/2022\/01\/71f8b624-2cf4-42ab-9a06-19a303cb065e.jpg 560w\" sizes=\"auto, (max-width: 224px) 100vw, 224px\" \/><\/a>\n\t\t\t\t<\/dt><\/dl><br style=\"clear: both\" \/>\n\t\t\t<\/div>\n\n<p>&nbsp;<\/p>\n<hr \/>\n<p>&nbsp;<\/p>\n<blockquote>\n<h3><span style=\"color: #ff0000;\">LA CROCE VERDE VAL BIOIS COMUNICA I DISSERVIZI PER IL MESE DI GENNAIO 2022<\/span><\/h3>\n<\/blockquote>\n<p><strong><a href=\"https:\/\/www.radiopiu.net\/wordpress\/lassessore-gianpaolo-bottacin-ribatte-alle-accuse-del-presidente-della-croce-verde-val-biois-stefano-murer\/croce-verde-val-biois-2\/\" rel=\"attachment wp-att-153811\"><img loading=\"lazy\" decoding=\"async\" class=\" wp-image-153811 alignleft\" src=\"https:\/\/www.radiopiu.net\/wordpress\/wp-content\/uploads\/2020\/08\/CROCE-VERDE-VAL-BIOIS-300x225.jpg\" alt=\"\" width=\"157\" height=\"118\" srcset=\"https:\/\/www.radiopiu.net\/wordpress\/wp-content\/uploads\/2020\/08\/CROCE-VERDE-VAL-BIOIS-300x225.jpg 300w, https:\/\/www.radiopiu.net\/wordpress\/wp-content\/uploads\/2020\/08\/CROCE-VERDE-VAL-BIOIS-1024x768.jpg 1024w, https:\/\/www.radiopiu.net\/wordpress\/wp-content\/uploads\/2020\/08\/CROCE-VERDE-VAL-BIOIS-768x576.jpg 768w, https:\/\/www.radiopiu.net\/wordpress\/wp-content\/uploads\/2020\/08\/CROCE-VERDE-VAL-BIOIS-1536x1153.jpg 1536w, https:\/\/www.radiopiu.net\/wordpress\/wp-content\/uploads\/2020\/08\/CROCE-VERDE-VAL-BIOIS.jpg 1599w\" sizes=\"auto, (max-width: 157px) 100vw, 157px\" \/><\/a>FALCADE<\/strong> Anche nel mese di gennaio la Croce Verde Val Biois non assicura l&#8217;assistenza in alcune giornate. A comunicarlo il presidente Stefano Murer. Queste le date dei disservizi: GIOVEDI&#8217; 13 GENNAIO dalle ore 20 alle 20 di VENERDI&#8217; 14 GENNAIO; VENERDI&#8217; 21 GENNAIO dalle ore 6:00 alle ore 20:00; SABATO 22 GENNAIO dalle ore 6:00 alle ore 20:00; DOMENICA 23 GENNAIO dalle ore 20:00 alle 6 di LUNEDI&#8217; 24 GENNAIO; VENERDI&#8217; 28 GENNAIO dalle ore 6:00 alle ore 20:00; SABATO 29 GENNAIO dalle ore 6:00 alle ore 20:00. Le eventuali modifiche al calendario saranno comunicate tempestivamente.<\/p>\n<p>&nbsp;<\/p>\n<p>&nbsp;<\/p>\n<hr \/>\n<p>&nbsp;<\/p>\n<blockquote>\n<h3>ILENIA TURRIN, MALORE IMPROVVISO TRA LE MURA DI CASA MUORE A 39 ANNI<\/h3>\n<\/blockquote>\n<div class=\"articlePlainText\"><strong><a href=\"https:\/\/www.radiopiu.net\/wordpress\/giornale-radiopiu-08-gennaio-2022-direttore-mirko-mezzacasa\/acffad39-6f4d-4e02-87f0-f2d63b70ae0b\/\" rel=\"attachment wp-att-252894\"><img loading=\"lazy\" decoding=\"async\" class=\"size-medium wp-image-252894 alignleft\" src=\"https:\/\/www.radiopiu.net\/wordpress\/wp-content\/uploads\/2022\/01\/acffad39-6f4d-4e02-87f0-f2d63b70ae0b-300x169.jpg\" alt=\"\" width=\"300\" height=\"169\" srcset=\"https:\/\/www.radiopiu.net\/wordpress\/wp-content\/uploads\/2022\/01\/acffad39-6f4d-4e02-87f0-f2d63b70ae0b-300x169.jpg 300w, https:\/\/www.radiopiu.net\/wordpress\/wp-content\/uploads\/2022\/01\/acffad39-6f4d-4e02-87f0-f2d63b70ae0b-1024x576.jpg 1024w, https:\/\/www.radiopiu.net\/wordpress\/wp-content\/uploads\/2022\/01\/acffad39-6f4d-4e02-87f0-f2d63b70ae0b-768x432.jpg 768w, https:\/\/www.radiopiu.net\/wordpress\/wp-content\/uploads\/2022\/01\/acffad39-6f4d-4e02-87f0-f2d63b70ae0b-1536x864.jpg 1536w, https:\/\/www.radiopiu.net\/wordpress\/wp-content\/uploads\/2022\/01\/acffad39-6f4d-4e02-87f0-f2d63b70ae0b.jpg 1920w\" sizes=\"auto, (max-width: 300px) 100vw, 300px\" \/><\/a>FELTRE<\/strong> A Pren \u00e8 morta a 39 anni Ilenia Turrin, colpita da un improvviso arresto cardiaco. La tragedi mercoled\u00ec: la giovane casalinga, sposata con Omar Zanella, \u00e8 stata colpita all&#8217;improvviso dal malore in casa e nemmeno i sanitari del 118 hanno potuto fare nulla. Oggi alle 14,30 l&#8217;ultimo nella chiesa parrocchiale di Pren.<\/div>\n<div><\/div>\n<div><strong>I GENITORI<\/strong> <em>&#8220;Vogliamo che ora sia fatta chiarezza, che non si ripeta quanto stiamo passando noi&#8221;<\/em><\/div>\n<div><\/div>\n<div><\/div>\n<div><\/div>\n<div><\/div>\n<div><\/div>\n<div><\/div>\n<blockquote>\n<hr \/>\n<h3><\/h3>\n<p>&nbsp;<\/p>\n<p>&nbsp;<\/p><\/blockquote>\n<h3>IN CORO DA LAMON &#8220;FORZA MANUEL&#8221; DOPO LE NOTIZIE POSITIVE DA TREVISO<\/h3>\n<p><strong><img loading=\"lazy\" decoding=\"async\" class=\"alignleft\" src=\"https:\/\/www.radiopiu.net\/wordpress\/wp-content\/uploads\/2022\/01\/469940_4692297597054_1278472485_o.jpg\" width=\"206\" height=\"275\" \/> <\/strong><\/p>\n<p><strong>\u00a0<\/strong><\/p>\n<p><strong>\u00a0<\/strong><strong>LAMON <\/strong>Una bella notizia per Lamon con il fiato sospeso dall&#8217;altra sera dopo l&#8217;incidente a Manuel Tommasini 26 anni, finito con la sua moto Ktm da cross contro la facciata di un&#8217;abitazione con conseguenze pesanti.\u00a0 La bella notizia \u00e8 che il giovane \u00e8 stato svegliato dal coma e sar\u00e0\u00a0 trasferito a &#8220;casa&#8221; all&#8217;ospedale Santa Maria del Prato di Feltre. <em>&#8220;Nel corso della giornata, infatti, Manuel \u00e8 stato risvegliato ed estubato ed \u00e8 stata comunicata ai familiari l\u2019intenzione di trasferirlo all\u2019ospedale di Feltre&#8221;<\/em> lo scrive\u00a0 il sito on line del Corriere delle Alpi. Manuel ha riportato diverse fratture nell&#8217;impatto La zia Donatella, ha ringraziato dai social a nome della famiglia i tantissimi lamonesi e non solo che hanno mandato messaggi di affetto a Manuel.<\/p>\n<p>&nbsp;<\/p>\n<p>&nbsp;<\/p>\n<p>&nbsp;<\/p>\n<p>&nbsp;<\/p>\n<hr \/>\n<p>&nbsp;<\/p>\n<blockquote>\n<h3>IN PASSEGGIATA CON GLI AMICI SCIVOLA SUL GHIACCIO<\/h3>\n<\/blockquote>\n<p><strong>DOMEGGE DI CADORE<\/strong> Durante una passeggiata con altre 3 persone, un uomo \u00e8\u00a0 scivolato sul ghiaccio all&#8217;altezza del Ponte sul Cridola, riportando un sospetto trauma alla caviglia. Poich\u00e9 era impossibile l&#8217;avvicinamento dell&#8217;ambulanza, una squadra \u00e8 partita con la jeep, per poi proseguire con il quad e raggiungere A.C., 52 anni, di Marcon (VE). L&#8217;uomo \u00e8 stato stabilizzato, trasportato al fuoristrada e poi accompagnato all&#8217;ospedale di Pieve di Cadore.<\/p>\n<p>&nbsp;<\/p>\n<p>&nbsp;<\/p>\n<hr \/>\n<p>&nbsp;<\/p>\n<blockquote>\n<h3>INCIDENTE SULLA CULIADA, QUATTRO IN OSPEDALE<\/h3>\n<\/blockquote>\n<p><strong>FELTRE\u00a0<\/strong> Quattro persone al pronto soccorso con ferite lievi in seguito al sinistro lungo la Culiada, chiusa per un&#8217;ora per permettere le operazioni di soccorso e recupero mezzi.\u00a0 Ieri sera alle 17,30 sono entrate in collisione una Fiat Punto sulla quale viaggiava una famiglia composta dai genitori e da due figli minori e un fuoristrada Jeep Renegade con a bordo una coppia feltrina. Gli occupanti delle due auto sono usciti da soli dai mezzi incidentati.<\/p>\n<p>&nbsp;<\/p>\n<hr \/>\n<p>&nbsp;<\/p>\n<blockquote>\n<h2>COVID NELL&#8217;AGORDINO, NUMERI ANCORA IN CRESCITA, DA AGORDO A ROCCA PIETORE.<\/h2>\n<p><span style=\"color: #ff0000;\">AGORDO:<\/span> 63 POSITIVI (+10) 5 IN SORVEGLIANZA <span style=\"color: #ff0000;\">ROCCA PIETORE<\/span> 21 POSITIVI (+2)\u00a0 1 PAZIENTE IN TERAPIA INTENSIVA\u00a0 <span style=\"color: #ff0000;\">TAIBON<\/span> 14 (+2) POSITIVI 1 QUARANTENA <span style=\"color: #ff0000;\">CANALE D&#8217;AGORDO\u00a0<span style=\"color: #000000;\">2 POSITIVI ALLEGHE 6 POSITIVI (+2) VOLTAGO 9 (+2) 2 ISOLAMENTO FALCADE 7 POSITIVI (+1) 0 ISOLAMENTO<\/span><\/span><\/p><\/blockquote>\n<p><strong><a href=\"https:\/\/www.radiopiu.net\/wordpress\/collecolaasarrrra\/250889dd-7abb-4f18-9024-6671217d3eda\/\" rel=\"attachment wp-att-252561\"><img loading=\"lazy\" decoding=\"async\" class=\"size-medium wp-image-252561 alignleft\" src=\"https:\/\/www.radiopiu.net\/wordpress\/wp-content\/uploads\/2022\/01\/250889dd-7abb-4f18-9024-6671217d3eda-300x176.jpg\" sizes=\"auto, (max-width: 300px) 100vw, 300px\" srcset=\"https:\/\/www.radiopiu.net\/wordpress\/wp-content\/uploads\/2022\/01\/250889dd-7abb-4f18-9024-6671217d3eda-300x176.jpg 300w, https:\/\/www.radiopiu.net\/wordpress\/wp-content\/uploads\/2022\/01\/250889dd-7abb-4f18-9024-6671217d3eda.jpg 608w\" alt=\"\" width=\"300\" height=\"176\" \/><\/a><br \/>\n<\/strong><\/p>\n<p><span style=\"color: #ff0000;\"><strong>CASI DI COVID NELL\u2019AGORDINO IN CONTINUO AGGIORNAMENTO<\/strong><\/span><\/p>\n<p>LIVINALLONGO 28 (33) positivi 3 in isolamento\u00a0 CENCENIGHE 6\u00a0 (4) positivi\u00a0 positivi VALLADA 1\u00a0 (1) LA VALLE\u00a0 16 (12)\u00a0 positivi 4 (3) isolamento RIVAMONTE\u00a0 8\u00a0 positivi\u00a0 5 (9)\u00a0 isolamento SELVA DI CADORE 2 SAN TOMASO 7 positivi\u00a0 0\u00a0 isolamento COLLE SANTA LUCIA 3 positivi 2 isolamento<\/p>\n<p>&nbsp;<\/p>\n<p>&nbsp;<\/p>\n<p>&nbsp;<\/p>\n<p>&nbsp;<\/p>\n<p>&nbsp;<\/p>\n<hr \/>\n<p>&nbsp;<\/p>\n<blockquote>\n<h3>UN AUMENTO PER I DIPENDENTI DEL COMUNE, FIOCCO &#8220;Abbiamo rotto le scatole per un buon fine&#8221;<\/h3>\n<\/blockquote>\n<blockquote><p><em>\u00a0isolare chi, in questi 2 anni ha traccheggiato, dimostrando di non avere la volont\u00e0 di portare a termine una procedura che, affrontata con il debito anticipo, non avrebbe fatto lavorare le persone con l\u2019acqua alla gola.<\/em><\/p><\/blockquote>\n<p><strong>AURONZO<\/strong> Dopo due anni di lavoro la buona notizia, l&#8217;aumento dello stipendio, le cosiddette \u201cprogressioni economiche\u201d,\u00a0 aumenti di\u00a0 60-70 euro lordi mensili. Una buona notizia si diceva per i \u00a0dipendenti, &#8220;spremuti&#8221; in tempi di covid per carenza d&#8217;organico\u00a0 e che si sono visti\u00a0 negare un piccolo ma importante riconoscimento del <a href=\"https:\/\/www.radiopiu.net\/wordpress\/tormen-e-fiocco-contro-regione-e-ulss1-de-bernardin-contro-la-tormen-e-il-gruppo-sanita\/andrea-fiocco\/\" rel=\"attachment wp-att-43617\"><img loading=\"lazy\" decoding=\"async\" class=\"wp-image-43617 alignleft\" src=\"https:\/\/www.radiopiu.net\/wordpress\/wp-content\/uploads\/2018\/02\/ANDREA-FIOCCO-300x300.jpg\" alt=\"\" width=\"209\" height=\"209\" srcset=\"https:\/\/www.radiopiu.net\/wordpress\/wp-content\/uploads\/2018\/02\/ANDREA-FIOCCO-300x300.jpg 300w, https:\/\/www.radiopiu.net\/wordpress\/wp-content\/uploads\/2018\/02\/ANDREA-FIOCCO-150x150.jpg 150w, https:\/\/www.radiopiu.net\/wordpress\/wp-content\/uploads\/2018\/02\/ANDREA-FIOCCO-768x768.jpg 768w, https:\/\/www.radiopiu.net\/wordpress\/wp-content\/uploads\/2018\/02\/ANDREA-FIOCCO.jpg 960w\" sizes=\"auto, (max-width: 209px) 100vw, 209px\" \/><\/a>loro lavoro. A\u00a0 districare la matassa il \u00a0dialogo\u00a0 tra la parte sindacale e la sindaca Tatiana Pais Becher\u00a0 con l\u2019assessore Andrea Costa. E cos\u00ec, il 31 dicembre, i dipendenti hanno avuto la sospirata graduatoria. Andrea Fiocco a nome della FP CGIL di Belluno esprime grande soddisfazione<\/p>\n<audio class=\"wp-audio-shortcode\" id=\"audio-252671-1\" preload=\"none\" style=\"width: 100%;\" controls=\"controls\"><source type=\"audio\/mpeg\" src=\"https:\/\/www.radiopiu.net\/wordpress\/wp-content\/uploads\/2022\/01\/auronzo-gennaio.mp3?_=1\" \/><a href=\"https:\/\/www.radiopiu.net\/wordpress\/wp-content\/uploads\/2022\/01\/auronzo-gennaio.mp3\">https:\/\/www.radiopiu.net\/wordpress\/wp-content\/uploads\/2022\/01\/auronzo-gennaio.mp3<\/a><\/audio>\n<blockquote><p><em>Ora lavoriamo con il Comune\u00a0 anche per riconoscere, come da contratto, i buoni pasto, \u00a0abbiamo gi\u00e0 la disponibilit\u00e0 della giunta<\/em><\/p><\/blockquote>\n<p>&nbsp;<\/p>\n<p>&nbsp;<\/p>\n<hr \/>\n<blockquote>\n<h3><\/h3>\n<h3>IERI LA FESTA DEL TRICOLORE<\/h3>\n<\/blockquote>\n<p><strong><a href=\"https:\/\/www.radiopiu.net\/wordpress\/giornale-radiopiu-08-gennaio-2022-direttore-mirko-mezzacasa\/festa-del-tricolore\/\" rel=\"attachment wp-att-252844\"><img loading=\"lazy\" decoding=\"async\" class=\"size-medium wp-image-252844 alignleft\" src=\"https:\/\/www.radiopiu.net\/wordpress\/wp-content\/uploads\/2022\/01\/Festa-del-Tricolore-300x293.jpg\" alt=\"\" width=\"300\" height=\"293\" srcset=\"https:\/\/www.radiopiu.net\/wordpress\/wp-content\/uploads\/2022\/01\/Festa-del-Tricolore-300x293.jpg 300w, https:\/\/www.radiopiu.net\/wordpress\/wp-content\/uploads\/2022\/01\/Festa-del-Tricolore.jpg 400w\" sizes=\"auto, (max-width: 300px) 100vw, 300px\" \/><\/a>ROMA\u00a0 <\/strong>\u201cNella data odierna che segna il nono giubileo del nostro <em>Tricolore<\/em> Italiano di verde, bianco e rosso \u2013 colori ufficialmente adottati il 7 gennaio 1797 dalla Repubblica Cispadana su proposta del letterato Marco Giuseppe Compagnoni, poi simbolo in clandestinit\u00e0 delle lotte risorgimentali, vessillo nazionale dell\u2019Italia unita dal 17 marzo 1861 e infine nuova Bandiera della neonata Repubblica con decreto presidenziale del 19 giugno 1946, confermata nella seduta dell\u2019Assemblea Costituente del 24 marzo 1947 e ufficialmente consegnata in forma solenne alle Forze Armate e ai Corpi militari italiani nelle celebrazioni del 4 novembre 1947 \u2013 l\u2019invito \u00e8 a stringerci con rinnovato spirito di coesione intorno a questo nostro luminoso Simbolo Patrio sancito nell\u2019articolo 12 della Carta Costituzionale, riconoscendone con ancor pi\u00f9 forza e convinzione l\u2019altissimo valore identitario a cui fare appello nel prosieguo dello sforzo unanime necessario a superare il perdurante momento di difficolt\u00e0.\u201d \u2013 cos\u00ec il Sottosegretario di Stato alla Difesa, Senatore Stefania Pucciarelli, ha voluto celebrare la Giornata nazionale della Bandiera, istituita con la legge n. 671 del 31 dicembre 1996 per celebrare il bicentenario della nascita a Reggio Emilia del Tricolore Italiano nel 7 gennaio 1797. \u201cLa grande valenza di questa giornata celebrativa nazionale \u2013 ha proseguito Pucciarelli \u2013 \u00e8 rafforzata quest\u2019anno dalla ricorrenza del settimo giubileo di un altro dei nostri Simboli condivisi: il <em>Canto degli Italiani, <\/em>scritto dal poeta Goffredo Mameli e musicato in s\u00ec bemolle maggiore dal compositore Michele Novaro, entrambe genovesi e patrioti che lo idearono 175 anni fa, tra settembre e novembre 1847. Del resto, anche questi solenni emblemi che fanno parte della nostra identit\u00e0 di nazione e di popolo hanno contribuito ad aiutarci in questi dolorosi mesi di pandemia, rappresentando nobili germi di cristallizzazione per un virtuoso patriottismo a cui fare riferimento \u2013 \u2018<em>Raccolgaci un\u2019unica bandiera, una speme<\/em>\u2019 come ebbe a scrivere Mameli \u2013 nei momenti di difficolt\u00e0. Come ha sottolineato il nostro Presidente della Repubblica, Sergio Mattarella, nel suo recente messaggio di fine anno, oggi si avverte ancor di pi\u00f9 la necessit\u00e0 ed il bisogno di una maggiore unit\u00e0 nazionale, quella forte e sentita coesione che ci consentir\u00e0 di superare anche questa pandemia, un\u2019emergenza sanitaria che ha sconvolto la nostra quotidianit\u00e0, il nostro Paese e il mondo intero. Ritengo, quindi, che l\u2019insegnamento pi\u00f9 autentico da trarre rispetto alle celebrazioni nazionali di questa Festa del Tricolore 2022 sia proprio il riscoprirci pi\u00f9 forti nell\u2019unione ideale intorno ai nostri principali riferimenti valoriali, riscoprendone parimenti il profondo e intramontabile messaggio di fiducia e speranza nelle nostre capacit\u00e0 di comunit\u00e0, di aiuto solidale verso il prossimo in difficolt\u00e0 e di importanza nel tornare a guardare al futuro con sana ambizione e concreta voglia di rinascita.\u201d \u2013 ha concluso il Sottosegretario Pucciarelli.<\/p>\n<p>&nbsp;<\/p>\n<p>&nbsp;<\/p>\n<hr \/>\n<p>&nbsp;<\/p>\n<blockquote>\n<h3>RIGENERAZIONE URBANA: D&#8217;INCA&#8217;: &#8220;I PROGETTI GIA&#8217; CANTIERABILI SARANNO FINANZIATI&#8221;<\/h3>\n<\/blockquote>\n<p><strong><a href=\"https:\/\/www.radiopiu.net\/wordpress\/giornale-radiopiu-13-febbraio-2021-direttore-mirko-mezzacasa\/dinca-5\/\" rel=\"attachment wp-att-190918\"><img loading=\"lazy\" decoding=\"async\" class=\"size-medium wp-image-190918 alignleft\" src=\"https:\/\/www.radiopiu.net\/wordpress\/wp-content\/uploads\/2021\/02\/dinca-300x300.jpg\" alt=\"\" width=\"300\" height=\"300\" srcset=\"https:\/\/www.radiopiu.net\/wordpress\/wp-content\/uploads\/2021\/02\/dinca-300x300.jpg 300w, https:\/\/www.radiopiu.net\/wordpress\/wp-content\/uploads\/2021\/02\/dinca-1024x1024.jpg 1024w, https:\/\/www.radiopiu.net\/wordpress\/wp-content\/uploads\/2021\/02\/dinca-150x150.jpg 150w, https:\/\/www.radiopiu.net\/wordpress\/wp-content\/uploads\/2021\/02\/dinca-768x767.jpg 768w, https:\/\/www.radiopiu.net\/wordpress\/wp-content\/uploads\/2021\/02\/dinca.jpg 1080w\" sizes=\"auto, (max-width: 300px) 100vw, 300px\" \/><\/a>ROMA <\/strong>\u201c<em>I 541 progetti di rigenerazione urbana presentati dai Comuni della nostra regione e del nord e gi\u00e0 ammessi, saranno finanziati: ne ho parlato con il Ministro dell\u2019Economia Daniele Franco, con cui ci siamo confrontati sulla problematica. Ora si dovranno reperire 900 milioni di euro necessari: le Regioni hanno un proprio fondo di 2 miliardi di euro e nell\u2019ultima legge di bilancio le abbiamo autorizzate ad utilizzare le somme residue. Non solo: sar\u00e0 possibile anche servirsi delle risorse destinate al nord del Fondo di sviluppo e coesione. Inoltre, sar\u00e0 fatto un censimento dei fondi di parte capitale residui non investiti che si potranno riutilizzare su progetti gi\u00e0 ammessi ed escutivi<\/em>\u201d. Lo dichiara Federico D\u2019Inc\u00e0, Ministro per i Rapporti con il Parlamento in merito ai progetti di rigenerazione urbana che riguardano diversi comuni del Veneto e del nord Italia. &#8220;<em>Ho seguito con particolare attenzione la vicenda legata ai progetti di rigenerazione urbana con i Comuni che sono rimasti esclusi nonostante l\u2019approvazione di progetti gi\u00e0 cantierabili, ascoltando gli appelli dei sindaci di molti territori del Veneto. I criteri utilizzati per l\u2019assegnazione dei finanziamenti hanno avuto una particolare definizione ma \u00e8 giusto che i progetti ammessi trovino le dovute risorse per essere pienamente attuati. Abbiamo una grande opportunit\u00e0 per rilanciare i nostri territori che hanno bisogno di veri e propri interventi di riqualificazione: parliamo di progetti molto importanti per i che puntano a migliorare la qualit\u00e0 degli edifici, il decoro urbano e, di conseguenza, i servizi per i cittadini. E proprio per le nostre comunit\u00e0, dal Pnrr, per il Veneto, ci sono rilevanti risorse per il settore scolastico, con oltre 300 milioni per costruire nuove scuole, asili nido, nuove palestre e mense, oltre a 32 milioni destinati alla ristrutturazione dei borghi storici su cui dobbiamo necessariamente puntare per valorizzarli anche in un\u2019ottica di rilancio turistico. Un\u2019occasione da cogliere al meglio con un continuo raccordo tra Stato ed Enti Locali<\/em>&#8220;.<\/p>\n<p>&nbsp;<\/p>\n<p>&nbsp;<\/p>\n<hr \/>\n<p>&nbsp;<\/p>\n<blockquote>\n<h3>LANTERNE CINESI E PERICOLO INCENDI. PERETTI &#8220;SERVE UN&#8217;ORDINANZA E RISPETTO PER LA MONTAGNA&#8221;<\/h3>\n<\/blockquote>\n<p><a href=\"https:\/\/www.radiopiu.net\/wordpress\/lanterne-cinesi-e-pericolo-incendi-peretti-serve-unordinanza-e-rispetto-per-la-montagna\/271277903_4460172504108357_2521488045072165807_n\/\" rel=\"attachment wp-att-252848\"><img loading=\"lazy\" decoding=\"async\" class=\"size-medium wp-image-252848 alignleft\" src=\"https:\/\/www.radiopiu.net\/wordpress\/wp-content\/uploads\/2022\/01\/271277903_4460172504108357_2521488045072165807_n-225x300.jpg\" alt=\"\" width=\"225\" height=\"300\" srcset=\"https:\/\/www.radiopiu.net\/wordpress\/wp-content\/uploads\/2022\/01\/271277903_4460172504108357_2521488045072165807_n-225x300.jpg 225w, https:\/\/www.radiopiu.net\/wordpress\/wp-content\/uploads\/2022\/01\/271277903_4460172504108357_2521488045072165807_n.jpg 526w\" sizes=\"auto, (max-width: 225px) 100vw, 225px\" \/><\/a><strong>REDAZIONE<\/strong> Gi\u00e0 il sindaco di Rocca Pietore, Andrea De Bernardin, all&#8217;indomani del capodano era stato molto critico verso coloro che nella notte del 31 dicembre hanno lasciato &#8220;volare&#8221; le lanterne cinesi sopra tetti, alberi, legnaie o semplicemente il bosco e in montagna gli\u00a0 incendi di sterpaglia, fienili e abitazioni non sono cosa rara. Nelle stesse ore <span class=\"\"><span class=\"nc684nl6\"><a class=\"oajrlxb2 g5ia77u1 qu0x051f esr5mh6w e9989ue4 r7d6kgcz rq0escxv nhd2j8a9 nc684nl6 p7hjln8o kvgmc6g5 cxmmr5t8 oygrvhab hcukyx3x jb3vyjys rz4wbd8a qt6c0cv9 a8nywdso i1ao9s8h esuyzwwr f1sip0of lzcic4wl gpro0wi8 oo9gr5id lrazzd5p\" tabindex=\"0\" role=\"link\" href=\"https:\/\/www.facebook.com\/groups\/1441840852715463\/user\/100003469558554\/?__cft__[0]=AZVmvzhoyT9U-5ZqhPlcFbpA9DU2QDuIOvQj9ayxW1-C4E9ud7JE35_unJe4Q5W7fmt6pUC76ycjeTghNyHkprg_dQ5ubkYwQvNCVRam2mVKkq9heYcqpKQerzs_mS1PjlqbCfbmbKBnKLqGoGQE3XkvfOH_hBkAUwrtVQmbUH5lxbMT-S68m_R1fchXkJSzxG0&amp;__tn__=-UC%2CP-R\"><strong>Agostino Dell Andrea<\/strong><\/a>\u00a0 sulla pagina facebook &#8220;Son di Selva se&#8230;&#8221; ha pubblicato la foto (a lato) di ci\u00f2 che resta delle piccole <\/span><\/span>\u00a0mongolfiera di fuoco trasportate dal vento\u00a0 che\u00a0 quando cadono spesso sono ancora accese. <em>&#8220;Spero le proibiscano&#8221;<\/em> il commento di Agostino.<br \/>\nIl gruppo di minoranza &#8220;Insieme per Selva&#8221; critica il modo di divertirsi in montagna, mancando di rispetto alla montagna ed a chi l&#8217;abita tutto l&#8217;anno. <em>\u201cSono delle attrazioni pericolose gi\u00e0 vietate, perch\u00e9 una volta in aria non governabili e nel ricadere rischiano di finire in luoghi impervi dove \u00e8 difficile recuperarle &#8211; fa notare Adriano Peretti, capogruppo di minoranza in Comune e gestore dell\u2019hotel ski Lorenzini &#8211; senza contare che in alcuni casi hanno gi\u00e0 provocato in giro per l\u2019Italia dei principio di incendio, e qui in paese tra fienili e prati secchi non possiamo permetterci queste leggerezze\u201d. <\/em>Peretti mette in evidenza che non \u00e8 possibile n\u00e8 ammissibile che l&#8217;agente di Polizia Locale possa controllare un territorio comunale tanto vasto. Il consigliere chiede invece un&#8217;ordinanza specifica con opera di sensibilizzazione da parte delle associazioni locali e strutture ricettive. Giusto per non dimenticare nella notte di Capodanno i vigili del fuoco sono intervenuti a Pian di Falzarego e gli uomini di Veneto Strade sono stati costretti a chiudere la strada per alcune ore in seguito ad un incendio, provocato dai &#8220;botti&#8221; che ha poi causato anche caduta di materiale dai pendii in fiamme.<\/p>\n<p>DAL GIORNALE RADIOPIU DEL 01 GENNAIO 2022<\/p>\n<p><strong>ROCCA PIETORE<\/strong>, <span style=\"color: #ff0000;\">Il messaggio del sindaco<\/span>\u00a0 Ringrazio il Soccorso Alpino per le ronde effettuate che sono servite e la gente che ha perlopi\u00f9 capito la situazione ed ha usato anche determinate accortezze nello &#8220;sparare&#8221;. Ringrazio i nostri Vigili del Fuoco Volontari per l&#8217;intervento a Pian Falzarego per &#8220;incendio da botti&#8221; appiccato alla boscaglia con conseguente distacco di materiale. L&#8217;ignoranza estrema di qualche caso anche in valle andrebbe sottolineata ma evito polemiche. Menziono solo gli ignoti e permettetemi anche idioti che hanno mollato in cielo le pericolosissime lampade cinesi. In ogni caso anche stavolta ce la siamo cavata senza danni e quindi Buon Anno a tutti<\/p>\n<p>&nbsp;<\/p>\n<p>&nbsp;<\/p>\n<hr \/>\n<p>&nbsp;<\/p>\n<blockquote>\n<h3>AL VIA CINQUE CANTIERI PER LA SICUREZZA IDRAULICA DEL BELLLUNESE<\/h3>\n<\/blockquote>\n<p><strong><a href=\"https:\/\/www.radiopiu.net\/wordpress\/impianto-rifiuti-pedesalto-a-fonzaso-contributo-della-regione-di-340mila-euro-al-comune-bottacin-al-fianco-del-territorio-per-risolvere-un-grave-problema\/bottacin-57\/\" rel=\"attachment wp-att-179675\"><img loading=\"lazy\" decoding=\"async\" class=\"size-medium wp-image-179675 alignleft\" src=\"https:\/\/www.radiopiu.net\/wordpress\/wp-content\/uploads\/2020\/12\/BOTTACIN-300x165.png\" alt=\"\" width=\"300\" height=\"165\" srcset=\"https:\/\/www.radiopiu.net\/wordpress\/wp-content\/uploads\/2020\/12\/BOTTACIN-300x165.png 300w, https:\/\/www.radiopiu.net\/wordpress\/wp-content\/uploads\/2020\/12\/BOTTACIN-1024x563.png 1024w, https:\/\/www.radiopiu.net\/wordpress\/wp-content\/uploads\/2020\/12\/BOTTACIN-768x422.png 768w, https:\/\/www.radiopiu.net\/wordpress\/wp-content\/uploads\/2020\/12\/BOTTACIN.png 1240w\" sizes=\"auto, (max-width: 300px) 100vw, 300px\" \/><\/a>VENEZIA <\/strong>Le struttura regionale del Genio Civile di Belluno ha consegnato in questi giorni una serie di interventi idraulici per la sicurezza del territorio. \u201c<em>Si tratta di cinque cantieri, per i quali abbiamo impegnato 8,4 milioni di euro \u2013 spiega l\u2019Assessore della Regione del Veneto al Dissesto idrogeologico, Gianpaolo Bottacin \u2013 per i quali gli uffici, dopo aver seguito la progettazione ed espletato le diverse gare d\u2019appalto, hanno ora effettuato la consegna cosicch\u00e9 nelle prossime settimane potranno essere effettivamente avviati interessando diverse vallate del Bellunese<\/em>\u201d. L\u2019intervento pi\u00f9 consistente, del valore di 3 milioni di euro, \u00e8 previsto a Cortina d\u2019Ampezzo e riguarder\u00e0 una serie di opere idrauliche trasversali e longitudinali sul torrente Boite, nel tratto compreso tra Pontechiesa e il ponte Corona: \u201c<em>lavori che si vanno ad aggiungere &#8211; dettaglia l\u2019Assessore &#8211; a quelli relativi a un primo stralcio esecutivo, che avevamo avviato la scorsa primavera ed \u00e8 ora in stato di avanzata esecuzione, il quale si estendeva dalla prima briglia a valle di ponte Corona, sulla S.S. 48 del Falzarego, fino alla zona appena a monte del ponte stesso e che avevamo finanziato con precedenti 3 milioni di eur<\/em>o\u201d. \u201c<em>Abbiamo, inoltre, in partenza lavori per la messa in sicurezza e mitigazione del rischio del torrente Rai, nei comuni di Alpago e Ponte nelle Alpi, per un importo complessivo di 1,9 milioni di euro e, sempre in Alpago, il completamento delle opere di difesa delle sponde destra e sinistra del torrente Valda per 800mila euro<\/em>\u201d. Nella parte bassa del Bellunese gli altri due cantieri in partenza riguarderanno il ripristino di scogliere, briglie e manufatti lungo la Val Veses, nei comuni di San Gregorio nelle Alpi e Santa Giustina e una serie di opere di mitigazione del rischio dei torrenti Sonna, Stizzon e Colmeda mediante interventi diffusi di difesa spondale e ricalibratura dell&#8217;asta fluviale in varie localit\u00e0 del Feltrino: \u201canche qui investimenti importanti, \u2013 sottolinea Bottacin &#8211; 400mila euro per il primo progetto, ben 2,3 milioni per il secondo. Le attivit\u00e0 si svolgeranno durante tutto il corso dell\u2019anno con l\u2019obiettivo, condizioni climatiche e imprevisti permettendo, di concludere gli interventi pi\u00f9 consistenti entro il 2023, quelli minori gi\u00e0 entro il prossimo autunno. \u201c<em>Ancora una volta progettazioni puntuali e mirate \u2013 conclude Bottacin \u2013 attraverso cui cerchiamo di intervenire con opere che mirano non solo alla sistemazione del territorio, ma che ne aumentano anche il livello di resilienza<\/em>\u201d.<\/p>\n<p>&nbsp;<\/p>\n<p>&nbsp;<\/p>\n<hr \/>\n<p>&nbsp;<\/p>\n<blockquote>\n<h3>COVID IN PROVINCIA: UN DECESSO A FELTRE, 51 PAZIENTI RICOVERATI NEGLI OSPEDALI BELLUNESI, QUASI 3300 POSITIVI<\/h3>\n<\/blockquote>\n<p><strong>BELLUNO<\/strong> L&#8217;Ulss 1 Dolomiti ha diramato un aggiornamento sulla situazione epidemiologica in provincia di Belluno. Nelle ultime 24 ore \u00e8 deceduta una donna covid positiva di anni 86 ricoverata in Pneumologia a Feltre.<\/p>\n<p>&nbsp;<\/p>\n<p><strong>EPIDEMIOLOGIA<\/strong><\/p>\n<table width=\"652\">\n<tbody>\n<tr>\n<td width=\"326\"><strong>ATTUALI POSITIVI<\/strong><\/td>\n<td width=\"326\"><strong>3292<\/strong><\/td>\n<\/tr>\n<tr>\n<td width=\"326\"><strong>Persone in isolamento\/quarantena<\/strong><\/td>\n<td width=\"326\"><strong>4069<\/strong><\/td>\n<\/tr>\n<\/tbody>\n<\/table>\n<p>&nbsp;<\/p>\n<p>Sono attualmente ricoverati:<\/p>\n<table width=\"657\">\n<tbody>\n<tr>\n<td width=\"175\"><strong>Area <\/strong><\/td>\n<td width=\"154\"><strong>Belluno<\/strong><\/td>\n<td width=\"153\"><strong>Feltre<\/strong><\/td>\n<td width=\"175\"><strong>N totale pazienti ricoverati<\/strong><\/td>\n<\/tr>\n<tr>\n<td width=\"175\"><strong>Terapia Intensiva <\/strong><\/td>\n<td width=\"154\"><strong>0<\/strong><\/td>\n<td width=\"153\"><strong>4<\/strong><\/td>\n<td width=\"175\"><strong>4<\/strong><\/td>\n<\/tr>\n<tr>\n<td width=\"175\"><strong>Area non critica Belluno<\/strong><\/td>\n<td width=\"154\"><strong>21<\/strong><\/td>\n<td width=\"153\"><strong>14<\/strong><\/td>\n<td width=\"175\"><strong>35<\/strong><\/td>\n<\/tr>\n<tr>\n<td width=\"175\"><strong>Ospedale di Comunit\u00e0 <\/strong><\/td>\n<td width=\"154\"><strong>\/<\/strong><\/td>\n<td width=\"153\"><strong>12<\/strong><\/td>\n<td width=\"175\"><strong>12<\/strong><\/td>\n<\/tr>\n<\/tbody>\n<\/table>\n<p><strong>\u00a0<\/strong><\/p>\n<p>&nbsp;<\/p>\n<p>&nbsp;<\/p>\n<hr \/>\n<p>&nbsp;<\/p>\n<blockquote class=\"wp-embedded-content\" data-secret=\"QPZK1uFTdF\"><p><a href=\"https:\/\/www.radiopiu.net\/wordpress\/aggiornamentonaz2022gen07\/\">CORONAVIRUS: AGGIORNAMENTO NAZIONALE 07 GENNAIO 2022<\/a><\/p><\/blockquote>\n<p><iframe loading=\"lazy\" class=\"wp-embedded-content\" sandbox=\"allow-scripts\" security=\"restricted\" style=\"position: absolute; clip: rect(1px, 1px, 1px, 1px);\" title=\"&#8220;CORONAVIRUS: AGGIORNAMENTO NAZIONALE 07 GENNAIO 2022&#8221; &#8212; Radio Pi\u00f9\" src=\"https:\/\/www.radiopiu.net\/wordpress\/aggiornamentonaz2022gen07\/embed\/#?secret=QPZK1uFTdF\" data-secret=\"QPZK1uFTdF\" width=\"600\" height=\"338\" frameborder=\"0\" marginwidth=\"0\" marginheight=\"0\" scrolling=\"no\"><\/iframe><\/p>\n<blockquote class=\"wp-embedded-content\" data-secret=\"mgkt2pY5s4\"><p><a href=\"https:\/\/www.radiopiu.net\/wordpress\/aumentano-i-ricoveri-33-decessi-6846-nuovi-positivi-in-veneto-nelle-ultime-24-ore\/\">AUMENTANO I RICOVERI, 33 DECESSI, 6846 NUOVI POSITIVI IN VENETO NELLE ULTIME 24 ORE<\/a><\/p><\/blockquote>\n<p><iframe loading=\"lazy\" class=\"wp-embedded-content\" sandbox=\"allow-scripts\" security=\"restricted\" style=\"position: absolute; clip: rect(1px, 1px, 1px, 1px);\" title=\"&#8220;AUMENTANO I RICOVERI, 33 DECESSI, 6846 NUOVI POSITIVI IN VENETO NELLE ULTIME 24 ORE&#8221; &#8212; Radio Pi\u00f9\" src=\"https:\/\/www.radiopiu.net\/wordpress\/aumentano-i-ricoveri-33-decessi-6846-nuovi-positivi-in-veneto-nelle-ultime-24-ore\/embed\/#?secret=mgkt2pY5s4\" data-secret=\"mgkt2pY5s4\" width=\"600\" height=\"338\" frameborder=\"0\" marginwidth=\"0\" marginheight=\"0\" scrolling=\"no\"><\/iframe><\/p>\n<p>&nbsp;<\/p>\n<h2>I GRAFICI DI TIZIANO DE COL<\/h2>\n\n\t\t\t<style type='text\/css'>\n\t\t\t\t#gallery-3 {\n\t\t\t\t\tmargin: auto;\n\t\t\t\t}\n\t\t\t\t#gallery-3 .gallery-item {\n\t\t\t\t\tfloat: left;\n\t\t\t\t\tmargin-top: 10px;\n\t\t\t\t\ttext-align: center;\n\t\t\t\t\twidth: 33%;\n\t\t\t\t}\n\t\t\t\t#gallery-3 img {\n\t\t\t\t\tborder: 2px solid #cfcfcf;\n\t\t\t\t}\n\t\t\t\t#gallery-3 .gallery-caption {\n\t\t\t\t\tmargin-left: 0;\n\t\t\t\t}\n\t\t\t\t\/* see gallery_shortcode() in wp-includes\/media.php *\/\n\t\t\t<\/style>\n\t\t<div id='gallery-3' class='dt-gallery-container gallery galleryid-252671 gallery-columns-3 gallery-size-thumbnail'><dl class='gallery-item'>\n\t\t\t\t<dt class='gallery-icon landscape'>\n\t\t\t\t\t<a class=\"rollover rollover-zoom dt-pswp-item\" title=\"e6aded74-9319-4356-8e9d-02e420f13e69\" data-dt-img-description=\"\" data-large_image_width=\"593\" data-large_image_height=\"361\"href='https:\/\/www.radiopiu.net\/wordpress\/wp-content\/uploads\/2022\/01\/e6aded74-9319-4356-8e9d-02e420f13e69.jpg'><img loading=\"lazy\" decoding=\"async\" width=\"150\" height=\"150\" src=\"https:\/\/www.radiopiu.net\/wordpress\/wp-content\/uploads\/2022\/01\/e6aded74-9319-4356-8e9d-02e420f13e69-150x150.jpg\" class=\"attachment-thumbnail size-thumbnail\" alt=\"\" \/><\/a>\n\t\t\t\t<\/dt><\/dl><dl class='gallery-item'>\n\t\t\t\t<dt class='gallery-icon landscape'>\n\t\t\t\t\t<a class=\"rollover rollover-zoom dt-pswp-item\" title=\"1ca750d4-c67a-4fda-8329-b0dbaf5c4bd6\" data-dt-img-description=\"\" data-large_image_width=\"614\" data-large_image_height=\"347\"href='https:\/\/www.radiopiu.net\/wordpress\/wp-content\/uploads\/2022\/01\/1ca750d4-c67a-4fda-8329-b0dbaf5c4bd6.jpg'><img loading=\"lazy\" decoding=\"async\" width=\"150\" height=\"150\" src=\"https:\/\/www.radiopiu.net\/wordpress\/wp-content\/uploads\/2022\/01\/1ca750d4-c67a-4fda-8329-b0dbaf5c4bd6-150x150.jpg\" class=\"attachment-thumbnail size-thumbnail\" alt=\"\" \/><\/a>\n\t\t\t\t<\/dt><\/dl><dl class='gallery-item'>\n\t\t\t\t<dt class='gallery-icon landscape'>\n\t\t\t\t\t<a class=\"rollover rollover-zoom dt-pswp-item\" title=\"fa596d05-be69-4648-9d89-5417a1b3cd6a\" data-dt-img-description=\"\" data-large_image_width=\"614\" data-large_image_height=\"358\"href='https:\/\/www.radiopiu.net\/wordpress\/wp-content\/uploads\/2022\/01\/fa596d05-be69-4648-9d89-5417a1b3cd6a.jpg'><img loading=\"lazy\" decoding=\"async\" width=\"150\" height=\"150\" src=\"https:\/\/www.radiopiu.net\/wordpress\/wp-content\/uploads\/2022\/01\/fa596d05-be69-4648-9d89-5417a1b3cd6a-150x150.jpg\" class=\"attachment-thumbnail size-thumbnail\" alt=\"\" \/><\/a>\n\t\t\t\t<\/dt><\/dl><br style=\"clear: both\" \/><dl class='gallery-item'>\n\t\t\t\t<dt class='gallery-icon landscape'>\n\t\t\t\t\t<a class=\"rollover rollover-zoom dt-pswp-item\" title=\"8bd531a4-55a1-4b4a-9be4-2955488ddcc2\" data-dt-img-description=\"\" data-large_image_width=\"598\" data-large_image_height=\"351\"href='https:\/\/www.radiopiu.net\/wordpress\/wp-content\/uploads\/2022\/01\/8bd531a4-55a1-4b4a-9be4-2955488ddcc2.jpg'><img loading=\"lazy\" decoding=\"async\" width=\"150\" height=\"150\" src=\"https:\/\/www.radiopiu.net\/wordpress\/wp-content\/uploads\/2022\/01\/8bd531a4-55a1-4b4a-9be4-2955488ddcc2-150x150.jpg\" class=\"attachment-thumbnail size-thumbnail\" alt=\"\" \/><\/a>\n\t\t\t\t<\/dt><\/dl><dl class='gallery-item'>\n\t\t\t\t<dt class='gallery-icon landscape'>\n\t\t\t\t\t<a class=\"rollover rollover-zoom dt-pswp-item\" title=\"a1702e34-9aa6-4fe3-a0b3-889bd5f4c346\" data-dt-img-description=\"\" data-large_image_width=\"616\" data-large_image_height=\"356\"href='https:\/\/www.radiopiu.net\/wordpress\/wp-content\/uploads\/2022\/01\/a1702e34-9aa6-4fe3-a0b3-889bd5f4c346.jpg'><img loading=\"lazy\" decoding=\"async\" width=\"150\" height=\"150\" src=\"https:\/\/www.radiopiu.net\/wordpress\/wp-content\/uploads\/2022\/01\/a1702e34-9aa6-4fe3-a0b3-889bd5f4c346-150x150.jpg\" class=\"attachment-thumbnail size-thumbnail\" alt=\"\" \/><\/a>\n\t\t\t\t<\/dt><\/dl>\n\t\t\t\t<br style='clear: both' \/>\n\t\t\t<\/div>\n\n<p>&nbsp;<\/p>\n<hr \/>\n<p>&nbsp;<\/p>\n<blockquote>\n<h3>POCHE ORE E RIAPRONO LE SCUOLE INTANTO I CONTAGI CRESCONO, DA VENEZIA IL PRESIDENTE LUCA ZAIA<\/h3>\n<\/blockquote>\n<h3>LEGGI LA CONFERENZA STAMPA<\/h3>\n<blockquote><p><em>Scuole chiuse a centinaia\u00a0 per mancanza di docentiin quarantena, in malattia, non vaccinati. Auspico che il covid diventi una malattia endemica, molto vicina al raffreddore. Con le 26mila inoculazione di ieri i veneti vaccinati sono l&#8217;87,8%.<\/em><\/p><\/blockquote>\n<p><strong>ARANCIONE<\/strong> Terapia\u00a0 intensiva al 19 % in area non critica 20% , con la terapia a 20% e l&#8217;area non critica a 30% scatta la zona arancione. <strong>SCUOLE\u00a0<\/strong> Riaprono lunedi ma molte rimarranno chiuse, altre in DAD e non ci sono altre soluzioni,\u00a0 c&#8217;\u00e8 molta confusione per i contact tracing, per i contatti stretti etc. La fase di testint \u00e8 impossibile, rischiamo di dover contattare 180mila persone in un giorno. Sono sempre pi\u00f9 convinto che bisogna modificare la definizione di caso e avere un altro e diverso atteggiamento con gli asintomatici positivi e coloro che positivi proprio non lo sono. Una volta con il morbillo chi stava male se ne stava a casa, ma i contatti, gli amici etc. rimanevano comunque in classe senza sintomi. Io ho chiesto al Governo se dal punto di vista scientifico \u00e8 auspicabile l&#8217;apertura delle scuole, ma nessuno ha risposto <strong>VACCINAZIONI<\/strong> Per gli oltre 150mila over 50 non vaccinati da oggi possibilit\u00e0 di prenotarsi o di approfittare dell&#8217;accesso libero. Domenica giornata dedicata ai piu&#8217; piccoli, vaccinazioni per la fascia 5-12 <strong>OBBIGO PER GLI OVER 50<\/strong> In Germania hanno imposto l&#8217;obbigo per gli over 60, resto dell&#8217;idea che l&#8217;obbligo vaccinale con l&#8217;uso della forza non \u00e8 degno di un Paese civile <strong>AUTONOMIA PER LA SCUOLA<\/strong> La Regione ha autonomia solo su base scientifica, il Governo dice che le scuole riaprono lunedi. <strong>ATTIVITA&#8217; PROGRAMMATA <\/strong>Dobbiamo fare una verifica sui numeri, oggi una circolare chiude l&#8217;attivit\u00e0 non urgente e programmatore di elezione che richiedono la terapia intensiva.<\/p>\n<p>&nbsp;<\/p>\n<blockquote>\n<h3><strong>Evelina Tacconelli<\/strong> prof.ordinario di Malattie infettive e direttore Clinica Malattie infettive di Verona<\/h3>\n<\/blockquote>\n<p><em>usiamo gli stessi termini e parametri di 2 anni fa per una situazione che \u00e8 oggi completamente cambiata<\/em><\/p>\n<p>Ci sono quattro visuali: medico infettivologo che da 24 mesi fanno solo questo con gli intensivisti e pneumologi o internisti a seconda della specializzazione. Noi vogliamo si riduca la mortalit\u00e0 dei pazienti, non ci importa se siano vaccinati o meno. Il chiurgo invece \u00e8 di non avere pazienti covid in ospedale. Poi c&#8217;\u00e8 l&#8217;opinione del paziente che ha diritto alle cure migliori sia esso vaccinato o meno e poi l&#8217;opzione politiica-sociale di sanit\u00e0 pubblica da valutare aspetti economici, diritto al lavoro e allo studio. Io posso parlare solo riferirmi alle malattie infettive con lo scopo di ridurre la mortalit\u00e0 e l&#8217;accesso agli ospedali. Rispetto ad un anno fa ho molte pi\u00f9 terapie, cinque diverse terapie per il paziente ambulatoriale. I pazienti ad alto rischio di covid hanno la possibilit\u00e0 di accedere a terapie anche per bocca e possojno essere trattati. C&#8217;\u00e8 una pillola antivirale da 4 compresse al giorno per 5 giorni con effetti collaterali gastro intestinali o cefalee molto lievi. Con il nuovo farmaco Molnupilavirabbiamo ridotto del 50% mortalit\u00e0 o ospedalizzazione. Ne hanno diritto gli stessi che hanno diritto agli anticorpi monoclonali che sono tre. C&#8217;\u00e8 anche la terapia orale e in breve anche il Remdesivir in uso della case di riposo.\u00a0 La variante Omicron nel vaccinato \u00e8 simil-influenzale\u00a0 trattabile a domicilio, continuo per\u00f2 a vedere pazienti non vaccinati che acquisiscono la variante Delta e che, complici<strong>i <\/strong>fattori di rischio per un Covid grave (obesit\u00e0, diabete scompensato, patologie oncologiche, deficienze immunitarie),\u00a0in tre giorni finiscono in Rianimazione.<\/p>\n<p>&nbsp;<\/p>\n<p><span style=\"color: #0000ff;\"><strong><a style=\"color: #0000ff;\" href=\"https:\/\/www.facebook.com\/ReteVeneta\/videos\/972722636679368\/\">VIDEO CLICCA QUI<\/a><\/strong><\/span><\/p>\n<p>&nbsp;<\/p>\n\n\t\t\t<style type='text\/css'>\n\t\t\t\t#gallery-4 {\n\t\t\t\t\tmargin: auto;\n\t\t\t\t}\n\t\t\t\t#gallery-4 .gallery-item {\n\t\t\t\t\tfloat: left;\n\t\t\t\t\tmargin-top: 10px;\n\t\t\t\t\ttext-align: center;\n\t\t\t\t\twidth: 50%;\n\t\t\t\t}\n\t\t\t\t#gallery-4 img {\n\t\t\t\t\tborder: 2px solid #cfcfcf;\n\t\t\t\t}\n\t\t\t\t#gallery-4 .gallery-caption {\n\t\t\t\t\tmargin-left: 0;\n\t\t\t\t}\n\t\t\t\t\/* see gallery_shortcode() in wp-includes\/media.php *\/\n\t\t\t<\/style>\n\t\t<div id='gallery-4' class='dt-gallery-container gallery galleryid-252671 gallery-columns-2 gallery-size-medium'><dl class='gallery-item'>\n\t\t\t\t<dt class='gallery-icon landscape'>\n\t\t\t\t\t<a class=\"rollover rollover-zoom dt-pswp-item\" title=\"tasso di nuovi positivi per stato vaccinale\" data-dt-img-description=\"\" data-large_image_width=\"1024\" data-large_image_height=\"532\"href='https:\/\/www.radiopiu.net\/wordpress\/wp-content\/uploads\/2022\/01\/tasso-di-nuovi-positivi-per-stato-vaccinale.jpg'><img loading=\"lazy\" decoding=\"async\" width=\"300\" height=\"156\" src=\"https:\/\/www.radiopiu.net\/wordpress\/wp-content\/uploads\/2022\/01\/tasso-di-nuovi-positivi-per-stato-vaccinale-300x156.jpg\" class=\"attachment-medium size-medium\" alt=\"\" aria-describedby=\"gallery-4-252818\" srcset=\"https:\/\/www.radiopiu.net\/wordpress\/wp-content\/uploads\/2022\/01\/tasso-di-nuovi-positivi-per-stato-vaccinale-300x156.jpg 300w, https:\/\/www.radiopiu.net\/wordpress\/wp-content\/uploads\/2022\/01\/tasso-di-nuovi-positivi-per-stato-vaccinale-768x399.jpg 768w, https:\/\/www.radiopiu.net\/wordpress\/wp-content\/uploads\/2022\/01\/tasso-di-nuovi-positivi-per-stato-vaccinale.jpg 1024w\" sizes=\"auto, (max-width: 300px) 100vw, 300px\" \/><\/a>\n\t\t\t\t<\/dt>\n\t\t\t\t\t<dd class='wp-caption-text gallery-caption' id='gallery-4-252818'>\n\t\t\t\t\tTasso di nuovi positivi per stato vaccinale\n\t\t\t\t\t<\/dd><\/dl><dl class='gallery-item'>\n\t\t\t\t<dt class='gallery-icon landscape'>\n\t\t\t\t\t<a class=\"rollover rollover-zoom dt-pswp-item\" title=\"tasso di nuovi ricoveri per stato vaccinale\" data-dt-img-description=\"\" data-large_image_width=\"1024\" data-large_image_height=\"541\"href='https:\/\/www.radiopiu.net\/wordpress\/wp-content\/uploads\/2022\/01\/tasso-di-nuovi-ricoveri-per-stato-vaccinale.jpg'><img loading=\"lazy\" decoding=\"async\" width=\"300\" height=\"158\" src=\"https:\/\/www.radiopiu.net\/wordpress\/wp-content\/uploads\/2022\/01\/tasso-di-nuovi-ricoveri-per-stato-vaccinale-300x158.jpg\" class=\"attachment-medium size-medium\" alt=\"\" aria-describedby=\"gallery-4-252819\" srcset=\"https:\/\/www.radiopiu.net\/wordpress\/wp-content\/uploads\/2022\/01\/tasso-di-nuovi-ricoveri-per-stato-vaccinale-300x158.jpg 300w, https:\/\/www.radiopiu.net\/wordpress\/wp-content\/uploads\/2022\/01\/tasso-di-nuovi-ricoveri-per-stato-vaccinale-768x406.jpg 768w, https:\/\/www.radiopiu.net\/wordpress\/wp-content\/uploads\/2022\/01\/tasso-di-nuovi-ricoveri-per-stato-vaccinale.jpg 1024w\" sizes=\"auto, (max-width: 300px) 100vw, 300px\" \/><\/a>\n\t\t\t\t<\/dt>\n\t\t\t\t\t<dd class='wp-caption-text gallery-caption' id='gallery-4-252819'>\n\t\t\t\t\tTasso di nuovi ricoveri per stato vaccinale\n\t\t\t\t\t<\/dd><\/dl><br style=\"clear: both\" \/>\n\t\t\t<\/div>\n\n<p>&nbsp;<\/p>\n<hr \/>\n<p>&nbsp;<\/p>\n<blockquote>\n<h3 class=\"entry-title\">DA LUNEDI TAMPONI SOLO SU PRENOTAZIONE<\/h3>\n<\/blockquote>\n<p><strong>BELLUNO<\/strong>\u00a0L\u2019attuale impegnativa fase epidemica sta determinando un enorme accesso ai 4 covid point aziendali, con lunghi tempi di attesa per l\u2019esecuzione del tampone e impatto sulla viabilit\u00e0 di contorno. Per questo\u00a0 da luned\u00ec 10 gennaio 2022 per eseguire un tampone diagnostico (molecolare o antigenico) prescritto con impegnativa dal medico curante \u00e8 necessaria la prenotazione online<\/p>\n\n\t\t\t<style type='text\/css'>\n\t\t\t\t#gallery-5 {\n\t\t\t\t\tmargin: auto;\n\t\t\t\t}\n\t\t\t\t#gallery-5 .gallery-item {\n\t\t\t\t\tfloat: left;\n\t\t\t\t\tmargin-top: 10px;\n\t\t\t\t\ttext-align: center;\n\t\t\t\t\twidth: 50%;\n\t\t\t\t}\n\t\t\t\t#gallery-5 img {\n\t\t\t\t\tborder: 2px solid #cfcfcf;\n\t\t\t\t}\n\t\t\t\t#gallery-5 .gallery-caption {\n\t\t\t\t\tmargin-left: 0;\n\t\t\t\t}\n\t\t\t\t\/* see gallery_shortcode() in wp-includes\/media.php *\/\n\t\t\t<\/style>\n\t\t<div id='gallery-5' class='dt-gallery-container gallery galleryid-252671 gallery-columns-2 gallery-size-medium'><dl class='gallery-item'>\n\t\t\t\t<dt class='gallery-icon portrait'>\n\t\t\t\t\t<a class=\"rollover rollover-zoom dt-pswp-item\" title=\"isolamento_gen2022\" data-dt-img-description=\"\" data-large_image_width=\"635\" data-large_image_height=\"891\"href='https:\/\/www.radiopiu.net\/wordpress\/wp-content\/uploads\/2022\/01\/isolamento_gen2022.jpeg'><img loading=\"lazy\" decoding=\"async\" width=\"214\" height=\"300\" src=\"https:\/\/www.radiopiu.net\/wordpress\/wp-content\/uploads\/2022\/01\/isolamento_gen2022-214x300.jpeg\" class=\"attachment-medium size-medium\" alt=\"\" aria-describedby=\"gallery-5-252837\" srcset=\"https:\/\/www.radiopiu.net\/wordpress\/wp-content\/uploads\/2022\/01\/isolamento_gen2022-214x300.jpeg 214w, https:\/\/www.radiopiu.net\/wordpress\/wp-content\/uploads\/2022\/01\/isolamento_gen2022.jpeg 635w\" sizes=\"auto, (max-width: 214px) 100vw, 214px\" \/><\/a>\n\t\t\t\t<\/dt>\n\t\t\t\t\t<dd class='wp-caption-text gallery-caption' id='gallery-5-252837'>\n\t\t\t\t\tREGOLE PER L&#8217;ISOLAMENTO\n\t\t\t\t\t<\/dd><\/dl><dl class='gallery-item'>\n\t\t\t\t<dt class='gallery-icon portrait'>\n\t\t\t\t\t<a class=\"rollover rollover-zoom dt-pswp-item\" title=\"quarantena_gen2022\" data-dt-img-description=\"\" data-large_image_width=\"631\" data-large_image_height=\"893\"href='https:\/\/www.radiopiu.net\/wordpress\/wp-content\/uploads\/2022\/01\/quarantena_gen2022.jpeg'><img loading=\"lazy\" decoding=\"async\" width=\"212\" height=\"300\" src=\"https:\/\/www.radiopiu.net\/wordpress\/wp-content\/uploads\/2022\/01\/quarantena_gen2022-212x300.jpeg\" class=\"attachment-medium size-medium\" alt=\"\" aria-describedby=\"gallery-5-252838\" srcset=\"https:\/\/www.radiopiu.net\/wordpress\/wp-content\/uploads\/2022\/01\/quarantena_gen2022-212x300.jpeg 212w, https:\/\/www.radiopiu.net\/wordpress\/wp-content\/uploads\/2022\/01\/quarantena_gen2022.jpeg 631w\" sizes=\"auto, (max-width: 212px) 100vw, 212px\" \/><\/a>\n\t\t\t\t<\/dt>\n\t\t\t\t\t<dd class='wp-caption-text gallery-caption' id='gallery-5-252838'>\n\t\t\t\t\tREGOLE PER LA QUARANTENA\n\t\t\t\t\t<\/dd><\/dl><br style=\"clear: both\" \/>\n\t\t\t<\/div>\n\n<p>&nbsp;<\/p>\n<p>&nbsp;<\/p>\n<hr \/>\n<p>&nbsp;<\/p>\n<blockquote>\n<h3>PUNTI TAMPONI STRAORDINARI OGGI E DOMANI A PALUDI<\/h3>\n<\/blockquote>\n<p><strong><a href=\"https:\/\/www.radiopiu.net\/wordpress\/tampone-drive-in-a-feltre-per-chi-rientra-da-spagna-croazia-grecia-o-malta\/tampone\/\" rel=\"attachment wp-att-155278\"><img loading=\"lazy\" decoding=\"async\" class=\"size-medium wp-image-155278 alignleft\" src=\"https:\/\/www.radiopiu.net\/wordpress\/wp-content\/uploads\/2020\/08\/TAMPONE-300x200.jpg\" alt=\"\" width=\"300\" height=\"200\" srcset=\"https:\/\/www.radiopiu.net\/wordpress\/wp-content\/uploads\/2020\/08\/TAMPONE-300x200.jpg 300w, https:\/\/www.radiopiu.net\/wordpress\/wp-content\/uploads\/2020\/08\/TAMPONE-1024x683.jpg 1024w, https:\/\/www.radiopiu.net\/wordpress\/wp-content\/uploads\/2020\/08\/TAMPONE-768x512.jpg 768w, https:\/\/www.radiopiu.net\/wordpress\/wp-content\/uploads\/2020\/08\/TAMPONE-1536x1024.jpg 1536w, https:\/\/www.radiopiu.net\/wordpress\/wp-content\/uploads\/2020\/08\/TAMPONE.jpg 1920w\" sizes=\"auto, (max-width: 300px) 100vw, 300px\" \/><\/a>BELLUNO<\/strong> In via straordinaria, l\u2019Ulss Dolomiti attiva per oggi e domani, dalle 14.30 alle 18.30 un punto tamponi a Paludi per persone con sintomatologia covid, per le quali non sia possibile rinviare il tampone nei giorni successivi. Sar\u00e0 presente un medico per un triage all\u2019ingresso e l\u2019eventuale prescrizione. NON \u00e8 quindi necessario chiamare il 118 o la Guardia medica per l\u2019impegnativa. Si ricorda che il contatto stretto vaccinato con dose booster o che ha completato il ciclo vaccinale da meno di 120 giorni o guarito da meno di 120 giorni NON DEVE eseguire alcun tampone se ASINTOMATICO. Dal 10 gennaio, i tamponi antigenici o molecolari prescritti dal medico di medicina generale o dal pediatria di famiglia dovranno essere prenotati dal sito <a href=\"http:\/\/www.aulss1.veneto.it\/\">www.aulss1.veneto.it<\/a> \u2013 sportello online. Si invitano le persone a NON rivolgersi al 118 per richieste di prescrizione di tampone o di informazioni<\/p>\n<p>Le risposte alle <strong>domande pi\u00f9 frequenti<\/strong> sono disponibili qui: <a href=\"https:\/\/bit.ly\/3G3hxjB\">https:\/\/bit.ly\/3G3hxjB<\/a><\/p>\n<p>Le <strong>informazioni utili da seguire in caso di tampone positivo<\/strong> sono disponibili qui: <a href=\"https:\/\/bit.ly\/3F0mqZp\">https:\/\/bit.ly\/3F0mqZp<\/a><\/p>\n<p>Le disposizioni circa l\u2019isolamento dei positivi e la <strong>quarantena dei contatti<\/strong> sono consultabili qui: <a href=\"https:\/\/bit.ly\/3t2DIml\">https:\/\/bit.ly\/3t2DIml<\/a><\/p>\n<p><strong>Le farmacie di turno<\/strong> sono consultabili qui: <a href=\"https:\/\/bit.ly\/3FcCvvr\">https:\/\/bit.ly\/3FcCvvr<\/a><\/p>\n<p><strong>Si chiede ai cittadini la massima collaborazione, con senso di responsabilit\u00e0 verso la comunit\u00e0.<\/strong><\/p>\n<p>&nbsp;<\/p>\n<p>&nbsp;<\/p>\n<hr \/>\n<p>&nbsp;<\/p>\n<blockquote>\n<h3>OBBLIGO VACCINALE OVER 50: PRENOTAZIONI ED ACCESSO LIBERO<\/h3>\n<\/blockquote>\n<p><strong>BELLUNO <\/strong>In relazione all\u2019obbligo vaccinale per gli over 50, circa 9.200 residenti in Ulss Dolomiti, si ricorda che per le prime dosi \u00e8 possibile l\u2019accesso libero o la prenotazione dal sito <a href=\"http:\/\/www.aulss1.veneto.it\/\">www.aulss1.veneto.it<\/a> con ampi spazi disponibili in tutte le sedi (Ospedale Pieve di Cadore, Palaskating Sedico)<\/p>\n<p>Ecco la lista delle sedute territoriali disponibili nei prossimi giorni:<\/p>\n<table width=\"646\">\n<tbody>\n<tr>\n<td width=\"158\"><\/td>\n<td width=\"397\"><\/td>\n<td width=\"91\"><\/td>\n<\/tr>\n<tr>\n<td rowspan=\"3\" width=\"158\">sabato 8 gennaio 2022<\/td>\n<td width=\"397\"><strong>SELVA DI CADORE Palestra scuola primaria <\/strong><\/td>\n<td width=\"91\">10:00-12:30<\/td>\n<\/tr>\n<tr>\n<td width=\"397\"><strong>AGORDO<\/strong>&#8211; Piazzale Tamonich<\/td>\n<td width=\"91\">12:00\/15:00<\/td>\n<\/tr>\n<tr>\n<td width=\"397\"><strong>ROCCA PIETORE sede protezione civile loc Boscoverde<\/strong><\/td>\n<td width=\"91\">14.30-17.00<\/td>\n<\/tr>\n<tr>\n<td width=\"158\"><\/td>\n<td width=\"397\"><\/td>\n<td width=\"91\"><\/td>\n<\/tr>\n<tr>\n<td width=\"158\">domenica 9 gennaio 2022<\/td>\n<td width=\"397\"><strong>SEDICO &#8211; <\/strong>Palaskating Sedico<\/td>\n<td width=\"91\">12:00-20:00<\/td>\n<\/tr>\n<tr>\n<td width=\"158\"><\/td>\n<td width=\"397\"><\/td>\n<td width=\"91\"><\/td>\n<\/tr>\n<tr>\n<td width=\"158\">luned\u00ec 10 gennaio 2022<\/td>\n<td width=\"397\"><strong>FELTRE Centro Prelievi (Rotary)<\/strong><\/td>\n<td width=\"91\">16.00 &#8211; 19.30<\/td>\n<\/tr>\n<tr>\n<td width=\"158\"><\/td>\n<td width=\"397\"><\/td>\n<td width=\"91\"><\/td>\n<\/tr>\n<tr>\n<td width=\"158\">marted\u00ec 11 gennaio 2022<\/td>\n<td width=\"397\"><strong>FELTRE Centro Prelievi<\/strong><\/td>\n<td width=\"91\">14.30 &#8211; 17.00<\/td>\n<\/tr>\n<tr>\n<td width=\"158\"><\/td>\n<td width=\"397\"><\/td>\n<td width=\"91\"><\/td>\n<\/tr>\n<tr>\n<td width=\"158\"><\/td>\n<td width=\"397\"><\/td>\n<td width=\"91\"><\/td>\n<\/tr>\n<tr>\n<td rowspan=\"2\" width=\"158\">gioved\u00ec 13 gennaio 2022<\/td>\n<td width=\"397\"><strong>SANTO STEFANO DI CADORE Palasport<\/strong><\/td>\n<td width=\"91\">15:00-18:00<\/td>\n<\/tr>\n<tr>\n<td width=\"397\"><strong>FELTRE Centro Prelievi<\/strong><\/td>\n<td width=\"91\">14.30 &#8211; 17.00<\/td>\n<\/tr>\n<\/tbody>\n<\/table>\n<p>&nbsp;<\/p>\n<p>&nbsp;<\/p>\n<hr \/>\n<p>&nbsp;<\/p>\n<blockquote>\n<h3>OPEN DAY VACCINAZIONI PEDIATRICHE DOMENICA A SEDICO<\/h3>\n<\/blockquote>\n<p><strong>BELLUNO <\/strong>Domani dalle 9.00 alle 20.00 al Centro Vaccinale di Sedico \u00e8 stato organizzato un open day con vaccinazioni ad accesso libero per i bambini tra 5 e 11 anni.<\/p>\n<p>&nbsp;<\/p>\n<hr \/>\n<p>&nbsp;<\/p>\n<p><span style=\"color: #ff0000;\"><strong>OSPITALITA&#8217; DIFFUSA NELLA CONCA AGORDINA<\/strong><\/span><\/p>\n<blockquote>\n<h3><a href=\"https:\/\/www.radiopiu.net\/wordpress\/giornale-radiopiu-08-gennaio-2022-direttore-mirko-mezzacasa\/196750417_2904374896442341_7200316897607826579_n\/\" rel=\"attachment wp-att-252906\"><img loading=\"lazy\" decoding=\"async\" class=\"wp-image-252906 alignleft\" src=\"https:\/\/www.radiopiu.net\/wordpress\/wp-content\/uploads\/2022\/01\/196750417_2904374896442341_7200316897607826579_n-300x300.jpg\" alt=\"\" width=\"142\" height=\"142\" srcset=\"https:\/\/www.radiopiu.net\/wordpress\/wp-content\/uploads\/2022\/01\/196750417_2904374896442341_7200316897607826579_n-300x300.jpg 300w, https:\/\/www.radiopiu.net\/wordpress\/wp-content\/uploads\/2022\/01\/196750417_2904374896442341_7200316897607826579_n-1024x1024.jpg 1024w, https:\/\/www.radiopiu.net\/wordpress\/wp-content\/uploads\/2022\/01\/196750417_2904374896442341_7200316897607826579_n-150x150.jpg 150w, https:\/\/www.radiopiu.net\/wordpress\/wp-content\/uploads\/2022\/01\/196750417_2904374896442341_7200316897607826579_n-768x768.jpg 768w, https:\/\/www.radiopiu.net\/wordpress\/wp-content\/uploads\/2022\/01\/196750417_2904374896442341_7200316897607826579_n.jpg 1080w\" sizes=\"auto, (max-width: 142px) 100vw, 142px\" \/><\/a>DILLO A RADIO PIU&#8217;&#8230;. INFORMARE PER POTER DARE UN SERVIZIO MIGLIORE AL TURISTA<\/h3>\n<\/blockquote>\n<p><strong>TAIBON<\/strong> Dal B&amp;B Nordest-Sudest\u00a0 <a class=\"oajrlxb2 g5ia77u1 qu0x051f esr5mh6w e9989ue4 r7d6kgcz rq0escxv nhd2j8a9 nc684nl6 p7hjln8o kvgmc6g5 cxmmr5t8 oygrvhab hcukyx3x jb3vyjys rz4wbd8a qt6c0cv9 a8nywdso i1ao9s8h esuyzwwr f1sip0of lzcic4wl gpro0wi8 oo9gr5id lrazzd5p\" tabindex=\"0\" role=\"link\" href=\"https:\/\/www.facebook.com\/mariagrazia.cannalire?__cft__[0]=AZWkCTV3MmB0Yi6l_nfDYQhwhQIbXyR1KQR1kgDrpqOdvuY5LtWnVECGWdWe7waU1uWRdGv_4Z37xoV6W7KIa2xhh7g0HfakoX6wEw47ZkHodNj4pHSrcQuSGVkNTH4mGMA11w3WF5acUBBpwRYJkhFNl_Tc_UNn9pLhJg04L82IVw&amp;__tn__=-UC%2CP-y-R\"><strong>Maria Grazia Cannalire\u00a0<\/strong><\/a>scrive: <em>&#8220;Ristoranti e pizzerie potete avvisare quando chiudete per ferie o altro? Consigliare i clienti dove mangiare nella conca Agordina un&#8217;impresa non facile. Mi ritrovo a mandare i clienti in ristoranti chiusi che non avvisano, non voglio fare figuracce ogni volta con i clienti. Chiedo ai gestori dei ristoranti di aiutarmi ad offrire un buon servizio di ospitalit\u00e0 e di scrivere sui social quando chiudete&#8221;.<\/em><\/p>\n<div class=\"f10w8fjw\" dir=\"auto\">\n<div class=\"\" dir=\"auto\">\n<div class=\"ecm0bbzt hv4rvrfc dati1w0a e5nlhep0\" data-ad-comet-preview=\"message\" data-ad-preview=\"message\">\n<div class=\"j83agx80 cbu4d94t ew0dbk1b irj2b8pg\">\n<div class=\"qzhwtbm6 knvmm38d\">\n<div class=\"kvgmc6g5 cxmmr5t8 oygrvhab hcukyx3x c1et5uql ii04i59q\">\n<div dir=\"auto\"><\/div>\n<\/div>\n<\/div>\n<\/div>\n<\/div>\n<\/div>\n<\/div>\n<p>&nbsp;<\/p>\n<p>&nbsp;<\/p>\n<hr \/>\n<blockquote>\n<h2><\/h2>\n<h2>NATALE A FELTRE, VISALLI &#8220;DAI TURISTI E CITTADINI RISPOSTA OTTIMA NEL NATALE ALL&#8217;INSEGNA DELLA LUCE&#8221;<\/h2>\n<\/blockquote>\n<p>&nbsp;<\/p>\n<p><strong>FELTRE<\/strong><\/p>\n<p><strong>MORENO GIOLI<\/strong><\/p>\n<audio class=\"wp-audio-shortcode\" id=\"audio-252671-2\" preload=\"none\" style=\"width: 100%;\" controls=\"controls\"><source type=\"audio\/mpeg\" src=\"https:\/\/www.radiopiu.net\/wordpress\/wp-content\/uploads\/2022\/01\/moreno-feltre.mp3?_=2\" \/><a href=\"https:\/\/www.radiopiu.net\/wordpress\/wp-content\/uploads\/2022\/01\/moreno-feltre.mp3\">https:\/\/www.radiopiu.net\/wordpress\/wp-content\/uploads\/2022\/01\/moreno-feltre.mp3<\/a><\/audio>\n<p>&nbsp;<\/p>\n<p><span style=\"color: #0000ff;\"><strong>FOTO FACEBOOK DA LUOGHI FELTRINI <\/strong><\/span><span class=\"d2edcug0 hpfvmrgz qv66sw1b c1et5uql lr9zc1uh jq4qci2q a3bd9o3v b1v8xokw m9osqain\"><span class=\"\"><span class=\"nc684nl6\"><span style=\"color: #0000ff;\"><strong><a class=\"oajrlxb2 g5ia77u1 qu0x051f esr5mh6w e9989ue4 r7d6kgcz rq0escxv nhd2j8a9 nc684nl6 p7hjln8o kvgmc6g5 cxmmr5t8 oygrvhab hcukyx3x jb3vyjys rz4wbd8a qt6c0cv9 a8nywdso i1ao9s8h esuyzwwr f1sip0of lzcic4wl gpro0wi8 oo9gr5id lrazzd5p\" style=\"color: #0000ff;\" tabindex=\"0\" role=\"link\" href=\"https:\/\/www.facebook.com\/groups\/490226331148764\/user\/100055837609787\/?__tn__=-UC*F\">Virginia Da Canal<\/a><\/strong><\/span><br \/>\n<\/span><\/span><\/span><\/p>\n\n\t\t\t<style type='text\/css'>\n\t\t\t\t#gallery-6 {\n\t\t\t\t\tmargin: auto;\n\t\t\t\t}\n\t\t\t\t#gallery-6 .gallery-item {\n\t\t\t\t\tfloat: left;\n\t\t\t\t\tmargin-top: 10px;\n\t\t\t\t\ttext-align: center;\n\t\t\t\t\twidth: 33%;\n\t\t\t\t}\n\t\t\t\t#gallery-6 img {\n\t\t\t\t\tborder: 2px solid #cfcfcf;\n\t\t\t\t}\n\t\t\t\t#gallery-6 .gallery-caption {\n\t\t\t\t\tmargin-left: 0;\n\t\t\t\t}\n\t\t\t\t\/* see gallery_shortcode() in wp-includes\/media.php *\/\n\t\t\t<\/style>\n\t\t<div id='gallery-6' class='dt-gallery-container gallery galleryid-252671 gallery-columns-3 gallery-size-medium'><dl class='gallery-item'>\n\t\t\t\t<dt class='gallery-icon portrait'>\n\t\t\t\t\t<a class=\"rollover rollover-zoom dt-pswp-item\" title=\"269899139_409441617593755_6243837608694693591_n\" data-dt-img-description=\"\" data-large_image_width=\"944\" data-large_image_height=\"2048\"href='https:\/\/www.radiopiu.net\/wordpress\/wp-content\/uploads\/2022\/01\/269899139_409441617593755_6243837608694693591_n.jpg'><img loading=\"lazy\" decoding=\"async\" width=\"138\" height=\"300\" src=\"https:\/\/www.radiopiu.net\/wordpress\/wp-content\/uploads\/2022\/01\/269899139_409441617593755_6243837608694693591_n-138x300.jpg\" class=\"attachment-medium size-medium\" alt=\"\" srcset=\"https:\/\/www.radiopiu.net\/wordpress\/wp-content\/uploads\/2022\/01\/269899139_409441617593755_6243837608694693591_n-138x300.jpg 138w, https:\/\/www.radiopiu.net\/wordpress\/wp-content\/uploads\/2022\/01\/269899139_409441617593755_6243837608694693591_n-472x1024.jpg 472w, https:\/\/www.radiopiu.net\/wordpress\/wp-content\/uploads\/2022\/01\/269899139_409441617593755_6243837608694693591_n-768x1666.jpg 768w, https:\/\/www.radiopiu.net\/wordpress\/wp-content\/uploads\/2022\/01\/269899139_409441617593755_6243837608694693591_n-708x1536.jpg 708w, https:\/\/www.radiopiu.net\/wordpress\/wp-content\/uploads\/2022\/01\/269899139_409441617593755_6243837608694693591_n.jpg 944w\" sizes=\"auto, (max-width: 138px) 100vw, 138px\" \/><\/a>\n\t\t\t\t<\/dt><\/dl><dl class='gallery-item'>\n\t\t\t\t<dt class='gallery-icon portrait'>\n\t\t\t\t\t<a class=\"rollover rollover-zoom dt-pswp-item\" title=\"269909916_409441880927062_9006279568670291789_n\" data-dt-img-description=\"\" data-large_image_width=\"945\" data-large_image_height=\"2048\"href='https:\/\/www.radiopiu.net\/wordpress\/wp-content\/uploads\/2022\/01\/269909916_409441880927062_9006279568670291789_n.jpg'><img loading=\"lazy\" decoding=\"async\" width=\"138\" height=\"300\" src=\"https:\/\/www.radiopiu.net\/wordpress\/wp-content\/uploads\/2022\/01\/269909916_409441880927062_9006279568670291789_n-138x300.jpg\" class=\"attachment-medium size-medium\" alt=\"\" srcset=\"https:\/\/www.radiopiu.net\/wordpress\/wp-content\/uploads\/2022\/01\/269909916_409441880927062_9006279568670291789_n-138x300.jpg 138w, https:\/\/www.radiopiu.net\/wordpress\/wp-content\/uploads\/2022\/01\/269909916_409441880927062_9006279568670291789_n-473x1024.jpg 473w, https:\/\/www.radiopiu.net\/wordpress\/wp-content\/uploads\/2022\/01\/269909916_409441880927062_9006279568670291789_n-768x1664.jpg 768w, https:\/\/www.radiopiu.net\/wordpress\/wp-content\/uploads\/2022\/01\/269909916_409441880927062_9006279568670291789_n-709x1536.jpg 709w, https:\/\/www.radiopiu.net\/wordpress\/wp-content\/uploads\/2022\/01\/269909916_409441880927062_9006279568670291789_n.jpg 945w\" sizes=\"auto, (max-width: 138px) 100vw, 138px\" \/><\/a>\n\t\t\t\t<\/dt><\/dl><dl class='gallery-item'>\n\t\t\t\t<dt class='gallery-icon portrait'>\n\t\t\t\t\t<a class=\"rollover rollover-zoom dt-pswp-item\" title=\"269882524_409441534260430_1770231443337133363_n\" data-dt-img-description=\"\" data-large_image_width=\"945\" data-large_image_height=\"2048\"href='https:\/\/www.radiopiu.net\/wordpress\/wp-content\/uploads\/2022\/01\/269882524_409441534260430_1770231443337133363_n.jpg'><img loading=\"lazy\" decoding=\"async\" width=\"138\" height=\"300\" src=\"https:\/\/www.radiopiu.net\/wordpress\/wp-content\/uploads\/2022\/01\/269882524_409441534260430_1770231443337133363_n-138x300.jpg\" class=\"attachment-medium size-medium\" alt=\"\" srcset=\"https:\/\/www.radiopiu.net\/wordpress\/wp-content\/uploads\/2022\/01\/269882524_409441534260430_1770231443337133363_n-138x300.jpg 138w, https:\/\/www.radiopiu.net\/wordpress\/wp-content\/uploads\/2022\/01\/269882524_409441534260430_1770231443337133363_n-473x1024.jpg 473w, https:\/\/www.radiopiu.net\/wordpress\/wp-content\/uploads\/2022\/01\/269882524_409441534260430_1770231443337133363_n-768x1664.jpg 768w, https:\/\/www.radiopiu.net\/wordpress\/wp-content\/uploads\/2022\/01\/269882524_409441534260430_1770231443337133363_n-709x1536.jpg 709w, https:\/\/www.radiopiu.net\/wordpress\/wp-content\/uploads\/2022\/01\/269882524_409441534260430_1770231443337133363_n.jpg 945w\" sizes=\"auto, (max-width: 138px) 100vw, 138px\" \/><\/a>\n\t\t\t\t<\/dt><\/dl><br style=\"clear: both\" \/><dl class='gallery-item'>\n\t\t\t\t<dt class='gallery-icon portrait'>\n\t\t\t\t\t<a class=\"rollover rollover-zoom dt-pswp-item\" title=\"269904529_409441994260384_1663074524189485344_n\" data-dt-img-description=\"\" data-large_image_width=\"944\" data-large_image_height=\"2048\"href='https:\/\/www.radiopiu.net\/wordpress\/wp-content\/uploads\/2022\/01\/269904529_409441994260384_1663074524189485344_n.jpg'><img loading=\"lazy\" decoding=\"async\" width=\"138\" height=\"300\" src=\"https:\/\/www.radiopiu.net\/wordpress\/wp-content\/uploads\/2022\/01\/269904529_409441994260384_1663074524189485344_n-138x300.jpg\" class=\"attachment-medium size-medium\" alt=\"\" srcset=\"https:\/\/www.radiopiu.net\/wordpress\/wp-content\/uploads\/2022\/01\/269904529_409441994260384_1663074524189485344_n-138x300.jpg 138w, https:\/\/www.radiopiu.net\/wordpress\/wp-content\/uploads\/2022\/01\/269904529_409441994260384_1663074524189485344_n-472x1024.jpg 472w, https:\/\/www.radiopiu.net\/wordpress\/wp-content\/uploads\/2022\/01\/269904529_409441994260384_1663074524189485344_n-768x1666.jpg 768w, https:\/\/www.radiopiu.net\/wordpress\/wp-content\/uploads\/2022\/01\/269904529_409441994260384_1663074524189485344_n-708x1536.jpg 708w, https:\/\/www.radiopiu.net\/wordpress\/wp-content\/uploads\/2022\/01\/269904529_409441994260384_1663074524189485344_n.jpg 944w\" sizes=\"auto, (max-width: 138px) 100vw, 138px\" \/><\/a>\n\t\t\t\t<\/dt><\/dl><dl class='gallery-item'>\n\t\t\t\t<dt class='gallery-icon portrait'>\n\t\t\t\t\t<a class=\"rollover rollover-zoom dt-pswp-item\" title=\"269882524_409441730927077_5524952612556424472_n\" data-dt-img-description=\"\" data-large_image_width=\"945\" data-large_image_height=\"2048\"href='https:\/\/www.radiopiu.net\/wordpress\/wp-content\/uploads\/2022\/01\/269882524_409441730927077_5524952612556424472_n.jpg'><img loading=\"lazy\" decoding=\"async\" width=\"138\" height=\"300\" src=\"https:\/\/www.radiopiu.net\/wordpress\/wp-content\/uploads\/2022\/01\/269882524_409441730927077_5524952612556424472_n-138x300.jpg\" class=\"attachment-medium size-medium\" alt=\"\" srcset=\"https:\/\/www.radiopiu.net\/wordpress\/wp-content\/uploads\/2022\/01\/269882524_409441730927077_5524952612556424472_n-138x300.jpg 138w, https:\/\/www.radiopiu.net\/wordpress\/wp-content\/uploads\/2022\/01\/269882524_409441730927077_5524952612556424472_n-473x1024.jpg 473w, https:\/\/www.radiopiu.net\/wordpress\/wp-content\/uploads\/2022\/01\/269882524_409441730927077_5524952612556424472_n-768x1664.jpg 768w, https:\/\/www.radiopiu.net\/wordpress\/wp-content\/uploads\/2022\/01\/269882524_409441730927077_5524952612556424472_n-709x1536.jpg 709w, https:\/\/www.radiopiu.net\/wordpress\/wp-content\/uploads\/2022\/01\/269882524_409441730927077_5524952612556424472_n.jpg 945w\" sizes=\"auto, (max-width: 138px) 100vw, 138px\" \/><\/a>\n\t\t\t\t<\/dt><\/dl>\n\t\t\t\t<br style='clear: both' \/>\n\t\t\t<\/div>\n\n<p>&nbsp;<\/p>\n<p>&nbsp;<\/p>\n<hr \/>\n<p>&nbsp;<\/p>\n<blockquote>\n<h3>DILLO A RADIO PIU&#8217;&#8230;IL GRAZIE ALLA BEFANA DA FORNO VAL DI TAIBON<\/h3>\n<\/blockquote>\n<p><strong><a href=\"https:\/\/www.radiopiu.net\/wordpress\/dillo-a-radio-piu-il-grazie-alla-befana-da-forno-val-di-taibon\/befana\/\" rel=\"attachment wp-att-252833\"><img loading=\"lazy\" decoding=\"async\" class=\" wp-image-252833 alignleft\" src=\"https:\/\/www.radiopiu.net\/wordpress\/wp-content\/uploads\/2022\/01\/befana-300x200.jpg\" alt=\"\" width=\"209\" height=\"139\" srcset=\"https:\/\/www.radiopiu.net\/wordpress\/wp-content\/uploads\/2022\/01\/befana-300x200.jpg 300w, https:\/\/www.radiopiu.net\/wordpress\/wp-content\/uploads\/2022\/01\/befana-1024x683.jpg 1024w, https:\/\/www.radiopiu.net\/wordpress\/wp-content\/uploads\/2022\/01\/befana-768x512.jpg 768w, https:\/\/www.radiopiu.net\/wordpress\/wp-content\/uploads\/2022\/01\/befana-1536x1024.jpg 1536w, https:\/\/www.radiopiu.net\/wordpress\/wp-content\/uploads\/2022\/01\/befana.jpg 1920w\" sizes=\"auto, (max-width: 209px) 100vw, 209px\" \/><\/a>TAIBON<\/strong> Riceviamo e volentieri pubblichiamo un ringraziamento da parte di un abitante della frazione Forno Val di Taibon Agordino dove la Befana ogni anno si ricorda dei bambini che abitano nella zona.<\/p>\n<blockquote><p><em>Sono un genitore di Taibon Agordino, precisamente che abita nella frazione di Forno Val. Volevo approfittare di questa radio per ringraziare di cuore le Befane e Befani, che da quattro anni ( covid o non covid), rallegrano i pi\u00f9 piccini della frazione medesima, facendogli trovare la famosa calza all&#8217;entrata della loro abitazione.\u00a0<\/em><\/p><\/blockquote>\n<p>&nbsp;<\/p>\n<hr \/>\n<p>&nbsp;<\/p>\n<p>&nbsp;<\/p>\n<blockquote>\n<h3>L&#8217;UNIONE MONTANA FELTRINA APRE DUE BANDI<\/h3>\n<\/blockquote>\n<p><strong>FELTRE<\/strong> Sono due i bandi aperti dall&#8217;Unione Montana Feltrina. \u00c8 indetto un concorso pubblico per l&#8217;assunzione a tempo parziale (25 ore) presso l\u2019area amministrativa e un concorso per l&#8217;assunzione a tempo pieno e indeterminato un Istruttore Direttivo Area Tecnica\u00a0 presso il comune di Fonzaso. Termine di scadenza per la presentazione delle domande il 17 febbraio. Informazioni sul sito istituzionale\u00a0 \u00a0http:\/\/www.feltrino.bl.it\/web\/cmfeltrina nella sezione \u201cBandi di Concorso\u201d.<\/p>\n<p>&nbsp;<\/p>\n<p>&nbsp;<\/p>\n<hr \/>\n<p>&nbsp;<\/p>\n<blockquote>\n<h3>IL CEIS CERCA UN OPERATORE SOCIO SANITARIO A BELLUNO<\/h3>\n<\/blockquote>\n<p><strong>BELLUNO <\/strong>Rinviata al 15 febbraio 2022 la selezione per il corso Operatore Socio Sanitario.\u00a0 L\u2019Operatore Socio Sanitario \u00e8 una figura professionale regolata dalla L.R. n. 20 del 2001, si occupa di soddisfare i bisogni primari di persone in disagio, difficolt\u00e0 e malattia ospiti o in carico a Servizi Socio- Sanitari pubblici e privati. Chi sente e pensa che potrebbe essere la strada professionale giusta, per collocarsi o ricollocarsi lavorativamente pu\u00f2 accedere, previa iscrizione, alla selezione prevista per il 15\/02\/2022 alle ore 8.30, a Belluno presso il Ce.I.S. La selezione \u00e8 obbligatoria per poter iscriversi al corso. Per ogni informazione rivolgersi all\u2019Ente di Formazione di Ce.I.S. al telefono: 0437 950895 \u2013 mail: <a href=\"mailto:info@ceisbelluno.org\">info@ceisbelluno.org<\/a>. Ulteriori informazioni anche su: <a href=\"http:\/\/www.ceisbelluno.org\">www.ceisbelluno.org<\/a><\/p>\n<p>&nbsp;<\/p>\n<hr \/>\n<p>&nbsp;<\/p>\n<blockquote>\n<h3><a href=\"https:\/\/www.radiopiu.net\/wordpress\/oggi-alla-radio-chiara-sbrissa-alle-17-30-in-sala-stoppani\/268462762_10224629662183143_7327488795159290856_n-2\/\" rel=\"attachment wp-att-252757\"><img loading=\"lazy\" decoding=\"async\" class=\"wp-image-252757 alignleft\" src=\"https:\/\/www.radiopiu.net\/wordpress\/wp-content\/uploads\/2022\/01\/268462762_10224629662183143_7327488795159290856_n-1-300x300.jpg\" alt=\"\" width=\"185\" height=\"185\" srcset=\"https:\/\/www.radiopiu.net\/wordpress\/wp-content\/uploads\/2022\/01\/268462762_10224629662183143_7327488795159290856_n-1-300x300.jpg 300w, https:\/\/www.radiopiu.net\/wordpress\/wp-content\/uploads\/2022\/01\/268462762_10224629662183143_7327488795159290856_n-1-1024x1024.jpg 1024w, https:\/\/www.radiopiu.net\/wordpress\/wp-content\/uploads\/2022\/01\/268462762_10224629662183143_7327488795159290856_n-1-150x150.jpg 150w, https:\/\/www.radiopiu.net\/wordpress\/wp-content\/uploads\/2022\/01\/268462762_10224629662183143_7327488795159290856_n-1-768x768.jpg 768w, https:\/\/www.radiopiu.net\/wordpress\/wp-content\/uploads\/2022\/01\/268462762_10224629662183143_7327488795159290856_n-1-1536x1536.jpg 1536w, https:\/\/www.radiopiu.net\/wordpress\/wp-content\/uploads\/2022\/01\/268462762_10224629662183143_7327488795159290856_n-1.jpg 2048w\" sizes=\"auto, (max-width: 185px) 100vw, 185px\" \/><\/a>IERI\u00a0 ALLA RADIO CHIARA SBRISSA, ALLE 17.30 IN SALA STOPPANI<\/h3>\n<\/blockquote>\n<p><strong>REDAZIONE\u00a0<\/strong><\/p>\n<p><strong>OSPITE CHIARA SBRISSA<\/strong><\/p>\n<p><strong>intervista di Mirko Mezzacasa\u00a0<\/strong><\/p>\n<p><strong>AUDIO\u00a0<\/strong><\/p>\n<audio class=\"wp-audio-shortcode\" id=\"audio-252671-3\" preload=\"none\" style=\"width: 100%;\" controls=\"controls\"><source type=\"audio\/mpeg\" src=\"https:\/\/www.radiopiu.net\/wordpress\/wp-content\/uploads\/2022\/01\/CHIARA-SBRISSA-GENNAIO-2022.mp3?_=3\" \/><a href=\"https:\/\/www.radiopiu.net\/wordpress\/wp-content\/uploads\/2022\/01\/CHIARA-SBRISSA-GENNAIO-2022.mp3\">https:\/\/www.radiopiu.net\/wordpress\/wp-content\/uploads\/2022\/01\/CHIARA-SBRISSA-GENNAIO-2022.mp3<\/a><\/audio>\n<p>INIZIA AL 25\u00b0 SECONDO<\/p>\n<p><a href=\"https:\/\/www.facebook.com\/radiopiu\/videos\/4845459262143784\">https:\/\/www.facebook.com\/radiopiu\/videos\/4845459262143784<\/a><\/p>\n<p>&nbsp;<\/p>\n<p>&nbsp;<\/p>\n<p>&nbsp;<\/p>\n<hr \/>\n<p>&nbsp;<\/p>\n<blockquote>\n<h3>MARTEDI&#8217; AL TEATRO COMUNALE PARTE LA 69\u00aa STAGIONE DEL CIRCOLO CULTURALE BELLUNESE<\/h3>\n<\/blockquote>\n<p><strong><a href=\"https:\/\/www.radiopiu.net\/wordpress\/giornale-radiopiu-07-gennaio-2022-direttore-mirko-mezzacasa\/foto-1-quartetto-werther\/\" rel=\"attachment wp-att-252664\"><img loading=\"lazy\" decoding=\"async\" class=\"size-medium wp-image-252664 alignleft\" src=\"https:\/\/www.radiopiu.net\/wordpress\/wp-content\/uploads\/2022\/01\/Foto-1.-Quartetto-Werther-300x216.jpg\" alt=\"\" width=\"300\" height=\"216\" srcset=\"https:\/\/www.radiopiu.net\/wordpress\/wp-content\/uploads\/2022\/01\/Foto-1.-Quartetto-Werther-300x216.jpg 300w, https:\/\/www.radiopiu.net\/wordpress\/wp-content\/uploads\/2022\/01\/Foto-1.-Quartetto-Werther-1024x738.jpg 1024w, https:\/\/www.radiopiu.net\/wordpress\/wp-content\/uploads\/2022\/01\/Foto-1.-Quartetto-Werther-768x554.jpg 768w, https:\/\/www.radiopiu.net\/wordpress\/wp-content\/uploads\/2022\/01\/Foto-1.-Quartetto-Werther-1536x1107.jpg 1536w, https:\/\/www.radiopiu.net\/wordpress\/wp-content\/uploads\/2022\/01\/Foto-1.-Quartetto-Werther-2048x1476.jpg 2048w\" sizes=\"auto, (max-width: 300px) 100vw, 300px\" \/><\/a>BELLUNO<\/strong> Parte la 69a Stagione 2022 del Circolo Culturale Bellunese, con una serata di presentazione degli appuntamenti di musica classica e jazz dell&#8217;anno, da parte del Presidente Sandro De Vecchi e il direttore musicale Melita Fontana: marted\u00ec 11 gennaio, ore 20:00, Teatro Comunale di Belluno, con a seguire, alle ore 20:30, il concerto inaugurale tenuto dal Quartetto Werther, (violino, viola, violoncello e pianoforte), composto da giovani musicisti di Roma, che proprio a Belluno iniziano il loro tour 2022. Prenotazione richiesta, presso Agenzia Alpe Bellunese: tel. 0437 940407, e-mail: <a href=\"mailto:info@alpebellunese.it\">info@alpebellunese.it<\/a>. Si accede con greenpass (a partire dai 12 anni) e con utilizzo della mascherina FFP2, nel rispetto delle distanze e delle norme anti Covid-19. Informazioni e aggiornamenti, come sempre, su <a href=\"http:\/\/www.belcircolo.org\/?fbclid=IwAR2izSUAVTlC4hs0H96AbyD10mlC_ghaG9qpPXhlQOqEutlluBICQ3y_C2c\">www.belcircolo.org<\/a><\/p>\n<p>&nbsp;<\/p>\n<p>&nbsp;<\/p>\n<p>&nbsp;<\/p>\n<p>&nbsp;<\/p>\n<hr \/>\n<p>&nbsp;<\/p>\n<blockquote>\n<h3>LA FUSIONE DEL BRONZO A MEL<\/h3>\n<\/blockquote>\n<p><strong>BORGO VALBELLUNA <\/strong>Una giornata all\u2019insegna dell\u2019archeologia sperimentale \u00e8 prevista domenica 9 gennaio a Mel. Nel cortile dello storico Palazzo delle Contesse si terr\u00e0 una dimostrazione di fusione del bronzo con tecniche e strumentazioni riprese dall\u2019antico ad opera del Gruppo Archeologico Agordino ARCA. La dimostrazione vedr\u00e0 le prime fusioni tra le 11.00 e le 12.30\u00a0 per poi riprendere dalle 13.30 alle 16.00. Accesso libero con green pass.<\/p>\n<p>&nbsp;<\/p>\n<p>&nbsp;<\/p>\n<hr \/>\n<p>&nbsp;<\/p>\n<div>\n<div class=\"b654a4as d2edcug0\">\n<div class=\"rq0escxv hkbzh7o3 jwdofwj8 n8tt0mok r8blr3vg hyh9befq\">\n<p><a class=\"dt-pswp-item\" href=\"https:\/\/www.radiopiu.net\/wordpress\/wp-content\/uploads\/2020\/10\/pp.jpg\" data-dt-img-description=\"\" data-large_image_width=\"640\" data-large_image_height=\"640\"><img loading=\"lazy\" decoding=\"async\" class=\"wp-image-163678 alignleft\" src=\"https:\/\/www.radiopiu.net\/wordpress\/wp-content\/uploads\/2020\/10\/pp-300x300.jpg\" alt=\"\" width=\"106\" height=\"106\" srcset=\"https:\/\/www.radiopiu.net\/wordpress\/wp-content\/uploads\/2020\/10\/pp-300x300.jpg 300w, https:\/\/www.radiopiu.net\/wordpress\/wp-content\/uploads\/2020\/10\/pp-150x150.jpg 150w, https:\/\/www.radiopiu.net\/wordpress\/wp-content\/uploads\/2020\/10\/pp-125x125.jpg 125w, https:\/\/www.radiopiu.net\/wordpress\/wp-content\/uploads\/2020\/10\/pp-200x200.jpg 200w, https:\/\/www.radiopiu.net\/wordpress\/wp-content\/uploads\/2020\/10\/pp-80x80.jpg 80w, https:\/\/www.radiopiu.net\/wordpress\/wp-content\/uploads\/2020\/10\/pp-480x480.jpg 480w, https:\/\/www.radiopiu.net\/wordpress\/wp-content\/uploads\/2020\/10\/pp.jpg 640w\" sizes=\"auto, (max-width: 106px) 100vw, 106px\" \/><\/a><\/p>\n<\/div>\n<\/div>\n<\/div>\n<div>\n<div class=\"page-title-head hgroup\">\n<div class=\"page-title-head hgroup\">\n<div class=\"b654a4as d2edcug0\">\n<div class=\"j83agx80 btwxx1t3 lhclo0ds hop8lmos nkwizq5d scwd0bx6 roh60bw9\">\n<div class=\"rq0escxv hkbzh7o3 jwdofwj8 n8tt0mok r8blr3vg hyh9befq\">\n<div class=\"do00u71z l9j0dhe7 k4urcfbm\">\n<h2><span style=\"color: #000080;\">DON CESARE, IL PENSIERO DEL GIORNO. ALLA RADIO ALLE 7 DEL MATTINO E ALLE 19.30 DELLA SERA.\u00a0\u00a0<\/span><\/h2>\n<\/div>\n<div class=\"do00u71z l9j0dhe7 k4urcfbm\">\n<audio class=\"wp-audio-shortcode\" id=\"audio-252671-4\" preload=\"none\" style=\"width: 100%;\" controls=\"controls\"><source type=\"audio\/mpeg\" src=\"https:\/\/www.radiopiu.net\/wordpress\/wp-content\/uploads\/2022\/01\/cesare-2.mp3?_=4\" \/><a href=\"https:\/\/www.radiopiu.net\/wordpress\/wp-content\/uploads\/2022\/01\/cesare-2.mp3\">https:\/\/www.radiopiu.net\/wordpress\/wp-content\/uploads\/2022\/01\/cesare-2.mp3<\/a><\/audio>\n<p>&nbsp;<\/p>\n<p>&nbsp;<\/p>\n<hr \/>\n<p>&nbsp;<\/p>\n<div>\n<div class=\"page-title-head hgroup\">\n<div class=\"page-title-head hgroup\">\n<div class=\"b654a4as d2edcug0\">\n<div class=\"j83agx80 btwxx1t3 lhclo0ds hop8lmos nkwizq5d scwd0bx6 roh60bw9\">\n<div class=\"rq0escxv hkbzh7o3 jwdofwj8 n8tt0mok r8blr3vg hyh9befq\">\n<div class=\"do00u71z l9j0dhe7 k4urcfbm\">\n<div class=\"ecm0bbzt e5nlhep0 a8c37x1j\">\n<div class=\"kvgmc6g5 cxmmr5t8 oygrvhab hcukyx3x c1et5uql\">\n<div class=\"gmail-kvgmc6g5 gmail-cxmmr5t8 gmail-oygrvhab gmail-hcukyx3x gmail-c1et5uql gmail-ii04i59q\">\n<div class=\"page-title-head hgroup\">\n<div class=\"page-title-head hgroup\">\n<div class=\"b654a4as d2edcug0\">\n<div class=\"j83agx80 btwxx1t3 lhclo0ds hop8lmos nkwizq5d scwd0bx6 roh60bw9\">\n<div class=\"rq0escxv hkbzh7o3 jwdofwj8 n8tt0mok r8blr3vg hyh9befq\">\n<div class=\"do00u71z l9j0dhe7 k4urcfbm\">\n<h3 class=\"kvgmc6g5 cxmmr5t8 oygrvhab hcukyx3x c1et5uql\"><span style=\"color: #0000ff;\"><strong>INFORMAZIONE il canale su TELEGRAM informazione di prima mano e in tempo reale. iscriviti ed aiutaci a farlo conoscere\u00a0\u00a0<\/strong><\/span><\/h3>\n<p>&nbsp;<\/p>\n<p>&nbsp;<\/p>\n<hr \/>\n<blockquote>\n<h3><\/h3>\n<h3>IN VIVO VERSO, SETTIMA STAGIONE CON BRUNELLA MORO, DAL LUNEDI AL VENERDI ALLE 7.10, 10.10 E 18.50<\/h3>\n<\/blockquote>\n<p><strong>SE TI MUOIO ADDOSSO di GUIDO CATALANO letto da GUIDO BERETTA<\/strong><\/p>\n<p>AUDIO<\/p>\n<audio class=\"wp-audio-shortcode\" id=\"audio-252671-5\" preload=\"none\" style=\"width: 100%;\" controls=\"controls\"><source type=\"audio\/mpeg\" src=\"https:\/\/www.radiopiu.net\/wordpress\/wp-content\/uploads\/2022\/01\/05-guido-beretta-se-ti-muoio-addosso.mp3?_=5\" \/><a href=\"https:\/\/www.radiopiu.net\/wordpress\/wp-content\/uploads\/2022\/01\/05-guido-beretta-se-ti-muoio-addosso.mp3\">https:\/\/www.radiopiu.net\/wordpress\/wp-content\/uploads\/2022\/01\/05-guido-beretta-se-ti-muoio-addosso.mp3<\/a><\/audio>\n<p><strong><a href=\"https:\/\/www.radiopiu.net\/wordpress\/oggi-alla-radio-chiara-sbrissa-alle-17-30-in-sala-stoppani\/3511e041-06bc-42dc-be92-65d37ccdd5e5\/\" rel=\"attachment wp-att-252761\"><img loading=\"lazy\" decoding=\"async\" class=\"wp-image-252761 alignleft\" src=\"https:\/\/www.radiopiu.net\/wordpress\/wp-content\/uploads\/2022\/01\/3511e041-06bc-42dc-be92-65d37ccdd5e5-253x300.jpg\" alt=\"\" width=\"163\" height=\"194\" srcset=\"https:\/\/www.radiopiu.net\/wordpress\/wp-content\/uploads\/2022\/01\/3511e041-06bc-42dc-be92-65d37ccdd5e5-253x300.jpg 253w, https:\/\/www.radiopiu.net\/wordpress\/wp-content\/uploads\/2022\/01\/3511e041-06bc-42dc-be92-65d37ccdd5e5.jpg 741w\" sizes=\"auto, (max-width: 163px) 100vw, 163px\" \/><\/a><\/strong>SE TI MUOIO ADDOSSO<\/p>\n<p>Se ti muoio addosso<br \/>\nseppelliscimi<br \/>\nvista mare<br \/>\nva bene anche vista lago<br \/>\no montagna<br \/>\no bosco<br \/>\no prato<br \/>\nva bene anche cemento<br \/>\nvista cemento va bene<br \/>\nma seppelliscimi<br \/>\nla paletta e il secchiello<br \/>\nche ti regalai<br \/>\nservono a questo<br \/>\nin caso di cemento<br \/>\ntrovi nel mio armadio a muro<br \/>\nil martello pneumatico<br \/>\nvoglio<br \/>\n\u2013 ma gi\u00e0 lo sai \u2013<br \/>\nuna lapide di pongo blu<br \/>\nche i bambini<br \/>\nche mi vengono a trovare<br \/>\nla possano plasmare<br \/>\na piacer loro<br \/>\nvoglio<br \/>\nche il mio corpo sia abbondantemente zuccherato<br \/>\nche ai vermetti<br \/>\nche mi vengono a mangiare<br \/>\nsia dolce il pasto<br \/>\nvorrei<br \/>\nche mi ricordassi bello<br \/>\nbello e buono<br \/>\nbuono e canterino<br \/>\ne ballerino<br \/>\nvoglio<br \/>\nche tu voglia bene ad altri<br \/>\nma sempre un poco meno<br \/>\nun centimetro in meno<br \/>\nun filo d\u2019erba in meno<br \/>\nuno spillo<br \/>\nun chicco d\u2019uva<br \/>\nun microbo<br \/>\nun istante<br \/>\nin meno<br \/>\ndi quel che m\u2019hai voluto amm\u00e8<\/p>\n<p><strong>LA RACCOLTA COMPLETA\u00a0 \u00a0<\/strong><\/p>\n<blockquote class=\"wp-embedded-content\" data-secret=\"hUQYLOKln6\"><p><a href=\"https:\/\/www.radiopiu.net\/wordpress\/in-vivo-verso\/\">In Vivo Verso<\/a><\/p><\/blockquote>\n<p><iframe loading=\"lazy\" class=\"wp-embedded-content\" sandbox=\"allow-scripts\" security=\"restricted\" style=\"position: absolute; clip: rect(1px, 1px, 1px, 1px);\" title=\"&#8220;In Vivo Verso&#8221; &#8212; Radio Pi\u00f9\" src=\"https:\/\/www.radiopiu.net\/wordpress\/in-vivo-verso\/embed\/#?secret=hUQYLOKln6\" data-secret=\"hUQYLOKln6\" width=\"600\" height=\"338\" frameborder=\"0\" marginwidth=\"0\" marginheight=\"0\" scrolling=\"no\"><\/iframe><\/p>\n<p>&nbsp;<\/p>\n<p>&nbsp;<\/p>\n<hr \/>\n<p>&nbsp;<\/p>\n<h2><span style=\"color: #808000;\">GOCCE DI FILOSOFIA<\/span><\/h2>\n<p><strong>AUDIO Venerd\u00ec 7 gennaio 2022<\/strong><\/p>\n<audio class=\"wp-audio-shortcode\" id=\"audio-252671-6\" preload=\"none\" style=\"width: 100%;\" controls=\"controls\"><source type=\"audio\/mpeg\" src=\"https:\/\/www.radiopiu.net\/wordpress\/wp-content\/uploads\/2022\/01\/FI5.mp3?_=6\" \/><a href=\"https:\/\/www.radiopiu.net\/wordpress\/wp-content\/uploads\/2022\/01\/FI5.mp3\">https:\/\/www.radiopiu.net\/wordpress\/wp-content\/uploads\/2022\/01\/FI5.mp3<\/a><\/audio>\n<p>&nbsp;<\/p>\n<p><strong>raccolta completa<\/strong><\/p>\n<blockquote class=\"wp-embedded-content\" data-secret=\"zQZSwnyL8R\"><p><a href=\"https:\/\/www.radiopiu.net\/wordpress\/gocce-filosofia\/\">Gocce di filosofia, PRIMA E SECONDA STAGIONE 2022<\/a><\/p><\/blockquote>\n<p><iframe loading=\"lazy\" class=\"wp-embedded-content\" sandbox=\"allow-scripts\" security=\"restricted\" style=\"position: absolute; clip: rect(1px, 1px, 1px, 1px);\" title=\"&#8220;Gocce di filosofia, PRIMA E SECONDA STAGIONE 2022&#8221; &#8212; Radio Pi\u00f9\" src=\"https:\/\/www.radiopiu.net\/wordpress\/gocce-filosofia\/embed\/#?secret=zQZSwnyL8R\" data-secret=\"zQZSwnyL8R\" width=\"600\" height=\"338\" frameborder=\"0\" marginwidth=\"0\" marginheight=\"0\" scrolling=\"no\"><\/iframe><\/p>\n<p>&nbsp;<\/p>\n<hr \/>\n<p>&nbsp;<\/p>\n<p><span style=\"color: #0000ff;\">MUSICA PIU&#8217;\u00a0<\/span><\/p>\n<p><a href=\"https:\/\/www.radiopiu.net\/wordpress\/giornale-radiopiu-20-settembre-2021-direttore-mirko-mezzacasa\/pp-79\/\" rel=\"attachment wp-att-232921\"><img loading=\"lazy\" decoding=\"async\" class=\"wp-image-232921 alignleft\" src=\"https:\/\/www.radiopiu.net\/wordpress\/wp-content\/uploads\/2021\/09\/pp-1-300x300.jpg\" alt=\"\" width=\"135\" height=\"135\" srcset=\"https:\/\/www.radiopiu.net\/wordpress\/wp-content\/uploads\/2021\/09\/pp-1-300x300.jpg 300w, https:\/\/www.radiopiu.net\/wordpress\/wp-content\/uploads\/2021\/09\/pp-1-150x150.jpg 150w, https:\/\/www.radiopiu.net\/wordpress\/wp-content\/uploads\/2021\/09\/pp-1.jpg 640w\" sizes=\"auto, (max-width: 135px) 100vw, 135px\" \/><\/a><\/p>\n<div class=\"mkdf-post-text\">\n<div class=\"mkdf-post-text-inner\">\n<div class=\"mkdf-post-text-main\">\n<div class=\"mkdf-post-text\">\n<div class=\"mkdf-post-text-inner\">\n<div class=\"mkdf-post-text-main\">\n<div class=\"mkdf-post-text\">\n<div class=\"mkdf-post-text-inner\">\n<div class=\"mkdf-post-text-main\">\n<div class=\"page-title-head hgroup\">\n<div class=\"page-title-head hgroup\">\n<div class=\"mkdf-post-text\">\n<div class=\"mkdf-post-text-inner\">\n<div class=\"mkdf-post-text-main\">\n<div class=\"mkdf-post-text\">\n<div class=\"mkdf-post-text-inner\">\n<div class=\"mkdf-post-text-main\">\n<div class=\"page-title-head hgroup\">\n<div class=\"page-title-head hgroup\">\n<div class=\"page-title-head hgroup\">\n<div class=\"page-title-head hgroup\">\n<div class=\"b654a4as d2edcug0\">\n<div class=\"page-title-head hgroup\">\n<div class=\"page-title-head hgroup\">\n<div class=\"page-title-head hgroup\">\n<div class=\"page-title-head hgroup\">\n<div class=\"b654a4as d2edcug0\">\n<div class=\"page-title-head hgroup\">\n<div class=\"page-title-head hgroup\">\n<div class=\"page-title-head hgroup\">\n<div class=\"page-title-head hgroup\">\n<div class=\"b654a4as d2edcug0\">\n<div class=\"mkdf-post-text\">\n<div class=\"mkdf-post-text-inner\">\n<div class=\"mkdf-post-text-main\">\n<div class=\"mkdf-post-text\">\n<div class=\"mkdf-post-text-inner\">\n<div class=\"mkdf-post-text-main\">\n<div class=\"mkdf-post-text\">\n<div class=\"mkdf-post-text-inner\">\n<div class=\"mkdf-post-text-main\">\n<div class=\"page-title-head hgroup\">\n<div class=\"page-title-head hgroup\">\n<div class=\"mkdf-post-text\">\n<div class=\"mkdf-post-text-inner\">\n<div class=\"mkdf-post-text-main\">\n<div class=\"mkdf-post-text\">\n<div class=\"mkdf-post-text-inner\">\n<div class=\"mkdf-post-text-main\">\n<div class=\"page-title-head hgroup\">\n<div class=\"page-title-head hgroup\">\n<div class=\"page-title-head hgroup\">\n<div class=\"page-title-head hgroup\">\n<div class=\"b654a4as d2edcug0\">\n<div class=\"page-title-head hgroup\">\n<div class=\"page-title-head hgroup\">\n<div class=\"page-title-head hgroup\">\n<div class=\"page-title-head hgroup\">\n<div class=\"b654a4as d2edcug0\">\n<div class=\"page-title-head hgroup\">\n<div class=\"page-title-head hgroup\">\n<div class=\"page-title-head hgroup\">\n<div class=\"page-title-head hgroup\">\n<div class=\"b654a4as d2edcug0\">\n<div><\/div>\n<div><\/div>\n<div>\n<p><strong>MUSICA ALLA RADIO, IL PROGRAMMA DI LORIS SCUSSEL &#8220;COLLAGE OPERAZIONE NOSTALGIA&#8221; DAL LUNEDI AL VENERDI ALLE 16.00\u00a0 E ALLE 23\u00a0<\/strong><\/p>\n<\/div>\n<p>&nbsp;<\/p>\n<\/div>\n<\/div>\n<\/div>\n<\/div>\n<\/div>\n<\/div>\n<\/div>\n<\/div>\n<\/div>\n<\/div>\n<\/div>\n<\/div>\n<\/div>\n<\/div>\n<\/div>\n<\/div>\n<\/div>\n<\/div>\n<\/div>\n<\/div>\n<\/div>\n<\/div>\n<\/div>\n<\/div>\n<\/div>\n<\/div>\n<\/div>\n<\/div>\n<\/div>\n<\/div>\n<\/div>\n<\/div>\n<\/div>\n<\/div>\n<\/div>\n<\/div>\n<\/div>\n<\/div>\n<\/div>\n<\/div>\n<\/div>\n<\/div>\n<\/div>\n<\/div>\n<\/div>\n<\/div>\n<\/div>\n<\/div>\n<\/div>\n<\/div>\n<\/div>\n<\/div>\n<\/div>\n<\/div>\n<\/div>\n<\/div>\n<\/div>\n<\/div>\n<\/div>\n<\/div>\n<\/div>\n<\/div>\n<\/div>\n<\/div>\n<p><strong>\u00a0<em>PUNTATA 515<\/em><\/strong><\/p>\n<audio class=\"wp-audio-shortcode\" id=\"audio-252671-7\" preload=\"none\" style=\"width: 100%;\" controls=\"controls\"><source type=\"audio\/mpeg\" src=\"https:\/\/www.radiopiu.net\/wordpress\/wp-content\/uploads\/2022\/01\/Collage-515.mp3?_=7\" \/><a href=\"https:\/\/www.radiopiu.net\/wordpress\/wp-content\/uploads\/2022\/01\/Collage-515.mp3\">https:\/\/www.radiopiu.net\/wordpress\/wp-content\/uploads\/2022\/01\/Collage-515.mp3<\/a><\/audio>\n<p>&nbsp;<\/p>\n<p>&nbsp;<\/p>\n<p>&nbsp;<\/p>\n<p>&nbsp;<\/p>\n<hr \/>\n<p>&nbsp;<\/p>\n<p>&nbsp;<\/p>\n<blockquote class=\"wp-embedded-content\" data-secret=\"EMflL7ULtS\"><p><a href=\"https:\/\/www.radiopiu.net\/wordpress\/freemix-la-liberta-musicale-mixata-da-dj-athos-e-raccontata-da-dj-jack\/\">FREEMIX, LA LIBERTA&#8217; MUSICALE MIXATA DA DJ ATHOS E RACCONTATA DA DJ JACK<\/a><\/p><\/blockquote>\n<p><iframe loading=\"lazy\" class=\"wp-embedded-content\" sandbox=\"allow-scripts\" security=\"restricted\" style=\"position: absolute; clip: rect(1px, 1px, 1px, 1px);\" title=\"&#8220;FREEMIX, LA LIBERTA&#8217; MUSICALE MIXATA DA DJ ATHOS E RACCONTATA DA DJ JACK&#8221; &#8212; Radio Pi\u00f9\" src=\"https:\/\/www.radiopiu.net\/wordpress\/freemix-la-liberta-musicale-mixata-da-dj-athos-e-raccontata-da-dj-jack\/embed\/#?secret=EMflL7ULtS\" data-secret=\"EMflL7ULtS\" width=\"600\" height=\"338\" frameborder=\"0\" marginwidth=\"0\" marginheight=\"0\" scrolling=\"no\"><\/iframe><\/p>\n<p>&nbsp;<\/p>\n<blockquote class=\"wp-embedded-content\" data-secret=\"dNGH9Cw5ma\"><p><a href=\"https:\/\/www.radiopiu.net\/wordpress\/da-ieri-alla-radio-in-palinsesto-loris-e-maurizio-con-la-grande-musica\/\">IL BLUES ALLA RADIO &#8230; COME NON L&#8217;AVETE MAI SENTITO PRIMA<\/a><\/p><\/blockquote>\n<p><iframe loading=\"lazy\" class=\"wp-embedded-content\" sandbox=\"allow-scripts\" security=\"restricted\" style=\"position: absolute; clip: rect(1px, 1px, 1px, 1px);\" title=\"&#8220;IL BLUES ALLA RADIO &#8230; COME NON L&#8217;AVETE MAI SENTITO PRIMA&#8221; &#8212; Radio Pi\u00f9\" src=\"https:\/\/www.radiopiu.net\/wordpress\/da-ieri-alla-radio-in-palinsesto-loris-e-maurizio-con-la-grande-musica\/embed\/#?secret=dNGH9Cw5ma\" data-secret=\"dNGH9Cw5ma\" width=\"600\" height=\"338\" frameborder=\"0\" marginwidth=\"0\" marginheight=\"0\" scrolling=\"no\"><\/iframe><\/p>\n<p>&nbsp;<\/p>\n<hr \/>\n<p>&nbsp;<\/p>\n<blockquote>\n<h3><span style=\"color: #0000ff;\">INFORMAZIONE il canale su TELEGRAM informazione di prima mano e in tempo reale. iscriviti ed aiutaci a farlo conoscere\u00a0\u00a0<\/span><\/h3>\n<\/blockquote>\n<div>\n<div class=\"page-title-head hgroup\">\n<div class=\"page-title-head hgroup\">\n<div class=\"page-title-head hgroup\">\n<div class=\"page-title-head hgroup\">\n<div class=\"b654a4as d2edcug0\">\n<div class=\"page-title-head hgroup\">\n<div class=\"page-title-head hgroup\">\n<div class=\"page-title-head hgroup\">\n<div class=\"page-title-head hgroup\">\n<div class=\"b654a4as d2edcug0\">\n<div class=\"page-title-head hgroup\">\n<div class=\"page-title-head hgroup\">\n<div class=\"page-title-head hgroup\">\n<div class=\"page-title-head hgroup\">\n<div class=\"page-title-head hgroup\">\n<div class=\"page-title-head hgroup\">\n<div class=\"page-title-head hgroup\">\n<div class=\"page-title-head hgroup\">\n<div class=\"page-title-head hgroup\">\n<div class=\"b654a4as d2edcug0\">\n<div class=\"page-title-head hgroup\">\n<div class=\"page-title-head hgroup\">\n<div class=\"page-title-head hgroup\">\n<div class=\"page-title-head hgroup\">\n<div class=\"b654a4as d2edcug0\">\n<div>\n<p>&nbsp;<\/p>\n<\/div>\n<div>\n<div class=\"page-title-head hgroup\">\n<div class=\"page-title-head hgroup\">\n<div class=\"page-title-head hgroup\">\n<div class=\"page-title-head hgroup\">\n<div class=\"page-title-head hgroup\">\n<div class=\"b654a4as d2edcug0\">\n<div>\n<hr \/>\n<\/div>\n<\/div>\n<div>\n<div>\n<p>&nbsp;<\/p>\n<\/div>\n<div>\n<div>\n<p>&nbsp;<\/p>\n<\/div>\n<div>\n<div>\n<p><strong>DUE MINUTI UN LIBRO, TUTTI I GIORNI ALLA RADIO ALLE 9.40 E ALLE 17.50<\/strong><\/p>\n<div>\n<div>\n<p><strong>LA RACCOLTA COMPLETA\u00a0\u00a0<\/strong><\/p>\n<\/div>\n<div>\n<blockquote class=\"wp-embedded-content\" data-secret=\"uVhxS2JHLD\"><p><a href=\"https:\/\/www.radiopiu.net\/wordpress\/due-minuti-un-libro\/\">Due minuti un libro<\/a><\/p><\/blockquote>\n<p><iframe loading=\"lazy\" class=\"wp-embedded-content\" sandbox=\"allow-scripts\" security=\"restricted\" style=\"position: absolute; clip: rect(1px, 1px, 1px, 1px);\" title=\"&#8220;Due minuti un libro&#8221; &#8212; Radio Pi\u00f9\" src=\"https:\/\/www.radiopiu.net\/wordpress\/due-minuti-un-libro\/embed\/#?secret=uVhxS2JHLD\" data-secret=\"uVhxS2JHLD\" width=\"600\" height=\"338\" frameborder=\"0\" marginwidth=\"0\" marginheight=\"0\" scrolling=\"no\"><\/iframe><\/p>\n<\/div>\n<\/div>\n<\/div>\n<div class=\"mkdf-post-text\">\n<div class=\"mkdf-post-text-inner\">\n<div class=\"mkdf-post-text-main\">\n<div class=\"mkdf-post-text\">\n<div class=\"mkdf-post-text-inner\">\n<div class=\"mkdf-post-text-main\">\n<div class=\"mkdf-post-text\">\n<div class=\"mkdf-post-text-inner\">\n<div class=\"mkdf-post-text-main\">\n<div class=\"page-title-head hgroup\">\n<div class=\"page-title-head hgroup\">\n<div class=\"mkdf-post-text\">\n<div class=\"mkdf-post-text-inner\">\n<div class=\"mkdf-post-text-main\">\n<div class=\"mkdf-post-text\">\n<div class=\"mkdf-post-text-inner\">\n<div class=\"mkdf-post-text-main\">\n<div class=\"page-title-head hgroup\">\n<div class=\"page-title-head hgroup\">\n<div class=\"page-title-head hgroup\">\n<div class=\"page-title-head hgroup\">\n<div class=\"b654a4as d2edcug0\">\n<div class=\"page-title-head hgroup\">\n<div class=\"page-title-head hgroup\">\n<div class=\"page-title-head hgroup\">\n<div class=\"page-title-head hgroup\">\n<div class=\"b654a4as d2edcug0\">\n<div class=\"page-title-head hgroup\">\n<div class=\"page-title-head hgroup\">\n<div class=\"page-title-head hgroup\">\n<div class=\"page-title-head hgroup\">\n<div class=\"b654a4as d2edcug0\">\n<div>\n<p>&nbsp;<\/p>\n<\/div>\n<div>\n<hr \/>\n<p>&nbsp;<\/p>\n<\/div>\n<h2><span style=\"color: #808000;\">L&#8217;ALMANACCO LADINO\u00a0\u00a0<\/span><\/h2>\n<p><em><strong>PUNTATA DEL 03 GENNAIO 2022<\/strong><\/em><\/p>\n<audio class=\"wp-audio-shortcode\" id=\"audio-252671-8\" preload=\"none\" style=\"width: 100%;\" controls=\"controls\"><source type=\"audio\/mpeg\" src=\"https:\/\/www.radiopiu.net\/wordpress\/wp-content\/uploads\/2022\/01\/74\u00b0Almanacco-Ladino_Col.mp3?_=8\" \/><a href=\"https:\/\/www.radiopiu.net\/wordpress\/wp-content\/uploads\/2022\/01\/74\u00b0Almanacco-Ladino_Col.mp3\">https:\/\/www.radiopiu.net\/wordpress\/wp-content\/uploads\/2022\/01\/74\u00b0Almanacco-Ladino_Col.mp3<\/a><\/audio>\n<p>&nbsp;<\/p>\n<p><strong>LA RACCOLTA<\/strong><\/p>\n<blockquote class=\"wp-embedded-content\" data-secret=\"nohlh5iqyi\"><p><a href=\"https:\/\/www.radiopiu.net\/wordpress\/almanacco-ladino\/\">Almanacco Ladino<\/a><\/p><\/blockquote>\n<p><iframe loading=\"lazy\" class=\"wp-embedded-content\" sandbox=\"allow-scripts\" security=\"restricted\" style=\"position: absolute; clip: rect(1px, 1px, 1px, 1px);\" title=\"&#8220;Almanacco Ladino&#8221; &#8212; Radio Pi\u00f9\" src=\"https:\/\/www.radiopiu.net\/wordpress\/almanacco-ladino\/embed\/#?secret=nohlh5iqyi\" data-secret=\"nohlh5iqyi\" width=\"600\" height=\"338\" frameborder=\"0\" marginwidth=\"0\" marginheight=\"0\" scrolling=\"no\"><\/iframe><\/p>\n<p>&nbsp;<\/p>\n<hr \/>\n<p>&nbsp;<\/p>\n<h2><span style=\"color: #33cccc;\">LA RASSEGNA STAMPA DA L&#8217;AMICO DEL POPOLO<\/span><\/h2>\n<p><strong>LA RACCOLTA COMPLETA<\/strong><\/p>\n<blockquote class=\"wp-embedded-content\" data-secret=\"kOhl7cN680\"><p><a href=\"https:\/\/www.radiopiu.net\/wordpress\/rassegna-stampa-di-gianni-santomaso\/\">Rassegna stampa da l&#8217;amico del popolo &#8211; di Gianni Santomaso<\/a><\/p><\/blockquote>\n<p><iframe loading=\"lazy\" class=\"wp-embedded-content\" sandbox=\"allow-scripts\" security=\"restricted\" style=\"position: absolute; clip: rect(1px, 1px, 1px, 1px);\" title=\"&#8220;Rassegna stampa da l&#8217;amico del popolo &#8211; di Gianni Santomaso&#8221; &#8212; Radio Pi\u00f9\" src=\"https:\/\/www.radiopiu.net\/wordpress\/rassegna-stampa-di-gianni-santomaso\/embed\/#?secret=kOhl7cN680\" data-secret=\"kOhl7cN680\" width=\"600\" height=\"338\" frameborder=\"0\" marginwidth=\"0\" marginheight=\"0\" scrolling=\"no\"><\/iframe><\/p>\n<p>&nbsp;<\/p>\n<hr \/>\n<p>&nbsp;<\/p>\n<h2><span style=\"color: #800080;\">I RACCONTI DI PAOLO SOPPELSA\u00a0<\/span><\/h2>\n<p><strong>LA RACCOLTA COMPLETA<\/strong><\/p>\n<blockquote class=\"wp-embedded-content\" data-secret=\"3KadC1pA5z\"><p><a href=\"https:\/\/www.radiopiu.net\/wordpress\/i-racconti-di-paolo-soppelsa\/\">I racconti di Paolo Soppelsa<\/a><\/p><\/blockquote>\n<p><iframe loading=\"lazy\" class=\"wp-embedded-content\" sandbox=\"allow-scripts\" security=\"restricted\" style=\"position: absolute; clip: rect(1px, 1px, 1px, 1px);\" title=\"&#8220;I racconti di Paolo Soppelsa&#8221; &#8212; Radio Pi\u00f9\" src=\"https:\/\/www.radiopiu.net\/wordpress\/i-racconti-di-paolo-soppelsa\/embed\/#?secret=3KadC1pA5z\" data-secret=\"3KadC1pA5z\" width=\"600\" height=\"338\" frameborder=\"0\" marginwidth=\"0\" marginheight=\"0\" scrolling=\"no\"><\/iframe><\/p>\n<p>&nbsp;<\/p>\n<hr \/>\n<\/div>\n<div class=\"b654a4as d2edcug0\">\n<p>&nbsp;<\/p>\n<p><a href=\"https:\/\/www.radiopiu.net\/wordpress\/giornale-radiopiu-26-settembre-2018-direttore-mirko-mezzacasa\/viabilita-2\/\" rel=\"attachment wp-att-61954\"><img loading=\"lazy\" decoding=\"async\" class=\"aligncenter wp-image-61954 size-full\" src=\"https:\/\/www.radiopiu.net\/wordpress\/wp-content\/uploads\/2018\/09\/viabilita.jpeg\" sizes=\"auto, (max-width: 800px) 100vw, 800px\" srcset=\"https:\/\/www.radiopiu.net\/wordpress\/wp-content\/uploads\/2018\/09\/viabilita.jpeg 800w, https:\/\/www.radiopiu.net\/wordpress\/wp-content\/uploads\/2018\/09\/viabilita-300x38.jpeg 300w, https:\/\/www.radiopiu.net\/wordpress\/wp-content\/uploads\/2018\/09\/viabilita-768x96.jpeg 768w\" alt=\"\" width=\"800\" height=\"100\" \/><\/a><\/p>\n<div class=\"ecm0bbzt e5nlhep0 a8c37x1j\">\n<div class=\"kvgmc6g5 cxmmr5t8 oygrvhab hcukyx3x c1et5uql\">\n<div class=\"gmail-kvgmc6g5 gmail-cxmmr5t8 gmail-oygrvhab gmail-hcukyx3x gmail-c1et5uql gmail-ii04i59q\">\n<div class=\"page-title-head hgroup\">\n<div class=\"page-title-head hgroup\">\n<div class=\"b654a4as d2edcug0\">\n<div class=\"j83agx80 btwxx1t3 lhclo0ds hop8lmos nkwizq5d scwd0bx6 roh60bw9\">\n<div class=\"rq0escxv hkbzh7o3 jwdofwj8 n8tt0mok r8blr3vg hyh9befq\">\n<div class=\"do00u71z l9j0dhe7 k4urcfbm\">\n<div class=\"page-title-head hgroup\">\n<div class=\"page-title-head hgroup\">\n<div class=\"page-title-head hgroup\">\n<div class=\"page-title-head hgroup\">\n<div class=\"b654a4as d2edcug0\">\n<div class=\"page-title-head hgroup\">\n<div class=\"page-title-head hgroup\">\n<div class=\"page-title-head hgroup\">\n<div class=\"page-title-head hgroup\">\n<div class=\"b654a4as d2edcug0\">\n<div class=\"page-title-head hgroup\">\n<div class=\"page-title-head hgroup\">\n<div class=\"page-title-head hgroup\">\n<div class=\"page-title-head hgroup\">\n<div class=\"page-title-head hgroup\">\n<div class=\"page-title-head hgroup\">\n<div class=\"page-title-head hgroup\">\n<div class=\"page-title-head hgroup\">\n<div class=\"page-title-head hgroup\">\n<div class=\"b654a4as d2edcug0\">\n<div class=\"page-title-head hgroup\">\n<div class=\"page-title-head hgroup\">\n<div class=\"page-title-head hgroup\">\n<div class=\"page-title-head hgroup\">\n<div class=\"b654a4as d2edcug0\">\n<div class=\"page-title-head hgroup\">\n<div class=\"page-title-head hgroup\">\n<div class=\"page-title-head hgroup\">\n<div class=\"page-title-head hgroup\">\n<div class=\"page-title-head hgroup\">\n<div class=\"mkdf-post-text\">\n<div class=\"mkdf-post-text-inner\">\n<div class=\"mkdf-post-text-main\">\n<div class=\"mkdf-post-text\">\n<div class=\"mkdf-post-text-inner\">\n<div class=\"mkdf-post-text-main\">\n<div class=\"mkdf-post-text\">\n<div class=\"mkdf-post-text-inner\">\n<div class=\"mkdf-post-text-main\">\n<div class=\"page-title-head hgroup\">\n<div class=\"page-title-head hgroup\">\n<div class=\"mkdf-post-text\">\n<div class=\"mkdf-post-text-inner\">\n<div class=\"mkdf-post-text-main\">\n<div class=\"mkdf-post-text\">\n<div class=\"mkdf-post-text-inner\">\n<div class=\"mkdf-post-text-main\">\n<div class=\"page-title-head hgroup\">\n<div class=\"page-title-head hgroup\">\n<div class=\"page-title-head hgroup\">\n<div class=\"page-title-head hgroup\">\n<div class=\"b654a4as d2edcug0\">\n<div class=\"page-title-head hgroup\">\n<div class=\"page-title-head hgroup\">\n<div class=\"page-title-head hgroup\">\n<div class=\"page-title-head hgroup\">\n<div class=\"b654a4as d2edcug0\">\n<div class=\"page-title-head hgroup\">\n<div class=\"page-title-head hgroup\">\n<div class=\"page-title-head hgroup\">\n<div class=\"page-title-head hgroup\">\n<div class=\"b654a4as d2edcug0\">\n<div class=\"chat-input\">\n<div class=\"chat-input-container\">\n<div class=\"rows-wrapper chat-input-wrapper\">\n<div class=\"reply-wrapper\">\n<div class=\"btn-menu\">\n<div class=\"btn-menu-item tgico-replace rp\">\n<div class=\"c-ripple\">\n<div class=\"bubbles scrolled-down\">\n<div class=\"scrollable scrollable-y\">\n<div class=\"bubbles-inner has-rights is-chat is-channel\">\n<div class=\"bubbles-date-group\">\n<div class=\"bubble hide-name is-out can-have-tail is-group-first is-group-last is-read\" data-mid=\"5377294335\" data-peer-id=\"-1478820725\" data-timestamp=\"1638437407\">\n<div class=\"bubble-content-wrapper\">\n<div class=\"bubble-content\">\n<p class=\"message\" dir=\"auto\"><strong>\u00a0\u00a0<\/strong><\/p>\n<blockquote>\n<h2 dir=\"auto\">VIABILITA&#8217; PROVINCIA DI BELLUNO SUPERATI I 5000 ISCRITTI<\/h2>\n<\/blockquote>\n<p><strong><img loading=\"lazy\" decoding=\"async\" class=\"alignleft\" src=\"https:\/\/www.radiopiu.net\/wordpress\/wp-content\/uploads\/2021\/11\/9b947bea-13e3-41be-9ee8-5dc0fef4b37c.jpg\" width=\"275\" height=\"171\" \/>REDAZIONE\u00a0<\/strong> In caso di neve? Viabilit\u00e0 Provincia Belluno, il Canale Telegram che poco pi\u00f9 di un anno fa ha iniziato a raccontare le strade da un angolo all&#8217;altro della provincia. Occhi attenti, degli iscritti alla chat, notizie precise direttamente dai luoghi delle interruzioni, incidenti, disagi.<\/p>\n<p>In caso di pioggia, frane, ostacoli improvvisi, incidenti con la fauna selvatica? Viabilit\u00e0 Provincia di Belluno, il canale telegram\u00a0 cresciuto giorno dopo giorno <strong>c<\/strong>on la collaborazione di moderatori attenti.\u00a0 Ma assicura Walter Giolai, ideatore, fondatore e primo amministratore della chat <em>&#8220;Ci saranno ancora molte sorprese, intanto abbiamo oltre 10.000 occhi che informano sulla viabilit\u00e0 in provincia&#8230; mica poco&#8221;.<\/em><\/p>\n<blockquote>\n<h3><span style=\"color: #0000ff;\">https:\/\/t.me\/viabilitaBelluno\/19005<\/span><\/h3>\n<p><span style=\"color: #ff0000;\"><strong><a style=\"color: #ff0000;\" href=\"https:\/\/t.me\/viabilitaBelluno\/19005\">CLICCA QUI<\/a><\/strong><\/span><\/p><\/blockquote>\n<p dir=\"auto\">\n<\/div>\n<\/div>\n<\/div>\n<\/div>\n<\/div>\n<\/div>\n<\/div>\n<\/div>\n<\/div>\n<\/div>\n<\/div>\n<\/div>\n<\/div>\n<\/div>\n<\/div>\n<\/div>\n<\/div>\n<\/div>\n<\/div>\n<\/div>\n<\/div>\n<\/div>\n<\/div>\n<\/div>\n<\/div>\n<\/div>\n<\/div>\n<\/div>\n<\/div>\n<\/div>\n<\/div>\n<\/div>\n<\/div>\n<\/div>\n<\/div>\n<\/div>\n<\/div>\n<\/div>\n<\/div>\n<\/div>\n<\/div>\n<\/div>\n<\/div>\n<\/div>\n<\/div>\n<\/div>\n<\/div>\n<\/div>\n<\/div>\n<\/div>\n<\/div>\n<\/div>\n<\/div>\n<\/div>\n<\/div>\n<\/div>\n<\/div>\n<\/div>\n<\/div>\n<\/div>\n<\/div>\n<\/div>\n<\/div>\n<\/div>\n<\/div>\n<\/div>\n<\/div>\n<\/div>\n<\/div>\n<\/div>\n<\/div>\n<\/div>\n<\/div>\n<\/div>\n<\/div>\n<\/div>\n<\/div>\n<\/div>\n<\/div>\n<\/div>\n<\/div>\n<\/div>\n<\/div>\n<\/div>\n<\/div>\n<\/div>\n<\/div>\n<\/div>\n<\/div>\n<\/div>\n<\/div>\n<\/div>\n<\/div>\n<\/div>\n<\/div>\n<\/div>\n<\/div>\n<\/div>\n<\/div>\n<\/div>\n<\/div>\n<\/div>\n<\/div>\n<\/div>\n<\/div>\n<\/div>\n<\/div>\n<\/div>\n<\/div>\n<\/div>\n<\/div>\n<\/div>\n<\/div>\n<\/div>\n<\/div>\n<\/div>\n<\/div>\n<\/div>\n<\/div>\n<\/div>\n<\/div>\n<\/div>\n<\/div>\n<\/div>\n<\/div>\n<\/div>\n<\/div>\n<\/div>\n<\/div>\n<\/div>\n<\/div>\n<\/div>\n<\/div>\n<\/div>\n<\/div>\n<\/div>\n<\/div>\n<\/div>\n<\/div>\n<\/div>\n<\/div>\n<\/div>\n<\/div>\n<\/div>\n<\/div>\n<\/div>\n<\/div>\n<\/div>\n<\/div>\n<\/div>\n<\/div>\n<\/div>\n<\/div>\n<\/div>\n<\/div>\n<\/div>\n<\/div>\n<\/div>\n<\/div>\n<\/div>\n<\/div>\n<\/div>\n<\/div>\n<\/div>\n<\/div>\n<\/div>\n<\/div>\n<\/div>\n<div>\n<div class=\"page-title-head hgroup\">\n<div class=\"page-title-head hgroup\">\n<div class=\"b654a4as d2edcug0\">\n<div class=\"j83agx80 btwxx1t3 lhclo0ds hop8lmos nkwizq5d scwd0bx6 roh60bw9\">\n<div class=\"rq0escxv hkbzh7o3 jwdofwj8 n8tt0mok r8blr3vg hyh9befq\">\n<div class=\"do00u71z l9j0dhe7 k4urcfbm\">\n<div class=\"ecm0bbzt e5nlhep0 a8c37x1j\">\n<div class=\"kvgmc6g5 cxmmr5t8 oygrvhab hcukyx3x c1et5uql\">\n<div class=\"gmail-kvgmc6g5 gmail-cxmmr5t8 gmail-oygrvhab gmail-hcukyx3x gmail-c1et5uql gmail-ii04i59q\">\n<div class=\"page-title-head hgroup\">\n<div class=\"page-title-head hgroup\">\n<div class=\"b654a4as d2edcug0\">\n<div class=\"j83agx80 btwxx1t3 lhclo0ds hop8lmos nkwizq5d scwd0bx6 roh60bw9\">\n<div class=\"rq0escxv hkbzh7o3 jwdofwj8 n8tt0mok r8blr3vg hyh9befq\">\n<div class=\"do00u71z l9j0dhe7 k4urcfbm\">\n<div class=\"page-title-head hgroup\">\n<div class=\"page-title-head hgroup\">\n<div class=\"page-title-head hgroup\">\n<div class=\"page-title-head hgroup\">\n<div class=\"b654a4as d2edcug0\">\n<div class=\"page-title-head hgroup\">\n<div class=\"page-title-head hgroup\">\n<div class=\"page-title-head hgroup\">\n<div class=\"page-title-head hgroup\">\n<div class=\"b654a4as d2edcug0\">\n<div class=\"page-title-head hgroup\">\n<div class=\"page-title-head hgroup\">\n<div class=\"page-title-head hgroup\">\n<div class=\"page-title-head hgroup\">\n<div class=\"page-title-head hgroup\">\n<div class=\"page-title-head hgroup\">\n<div class=\"page-title-head hgroup\">\n<div class=\"page-title-head hgroup\">\n<div class=\"page-title-head hgroup\">\n<div class=\"b654a4as d2edcug0\">\n<div class=\"page-title-head hgroup\">\n<div class=\"page-title-head hgroup\">\n<div class=\"page-title-head hgroup\">\n<div class=\"page-title-head hgroup\">\n<div class=\"b654a4as d2edcug0\">\n<div class=\"page-title-head hgroup\">\n<div class=\"page-title-head hgroup\">\n<div class=\"page-title-head hgroup\">\n<div class=\"page-title-head hgroup\">\n<div class=\"page-title-head hgroup\">\n<div class=\"mkdf-post-text\">\n<div class=\"mkdf-post-text-inner\">\n<div class=\"mkdf-post-text-main\">\n<div class=\"mkdf-post-text\">\n<div class=\"mkdf-post-text-inner\">\n<div class=\"mkdf-post-text-main\">\n<div class=\"mkdf-post-text\">\n<div class=\"mkdf-post-text-inner\">\n<div class=\"mkdf-post-text-main\">\n<div class=\"page-title-head hgroup\">\n<div class=\"page-title-head hgroup\">\n<div class=\"mkdf-post-text\">\n<div class=\"mkdf-post-text-inner\">\n<div class=\"mkdf-post-text-main\">\n<div class=\"mkdf-post-text\">\n<div class=\"mkdf-post-text-inner\">\n<div class=\"mkdf-post-text-main\">\n<div class=\"page-title-head hgroup\">\n<div class=\"page-title-head hgroup\">\n<div class=\"page-title-head hgroup\">\n<div class=\"page-title-head hgroup\">\n<div class=\"b654a4as d2edcug0\">\n<div class=\"page-title-head hgroup\">\n<div class=\"page-title-head hgroup\">\n<div class=\"page-title-head hgroup\">\n<div class=\"page-title-head hgroup\">\n<div class=\"b654a4as d2edcug0\">\n<div class=\"page-title-head hgroup\">\n<div class=\"page-title-head hgroup\">\n<div class=\"page-title-head hgroup\">\n<div class=\"page-title-head hgroup\">\n<div class=\"b654a4as d2edcug0\">\n<div class=\"ecm0bbzt e5nlhep0 a8c37x1j\">\n<div class=\"kvgmc6g5 cxmmr5t8 oygrvhab hcukyx3x c1et5uql\">\n<div class=\"gmail-kvgmc6g5 gmail-cxmmr5t8 gmail-oygrvhab gmail-hcukyx3x gmail-c1et5uql gmail-ii04i59q\">\n<div class=\"page-title-head hgroup\">\n<div class=\"page-title-head hgroup\">\n<div class=\"b654a4as d2edcug0\">\n<div class=\"j83agx80 btwxx1t3 lhclo0ds hop8lmos nkwizq5d scwd0bx6 roh60bw9\">\n<div class=\"rq0escxv hkbzh7o3 jwdofwj8 n8tt0mok r8blr3vg hyh9befq\">\n<div class=\"do00u71z l9j0dhe7 k4urcfbm\">\n<div class=\"page-title-head hgroup\">\n<div class=\"page-title-head hgroup\">\n<div class=\"page-title-head hgroup\">\n<div class=\"page-title-head hgroup\">\n<div class=\"b654a4as d2edcug0\">\n<div class=\"page-title-head hgroup\">\n<div class=\"page-title-head hgroup\">\n<div class=\"page-title-head hgroup\">\n<div class=\"page-title-head hgroup\">\n<div class=\"b654a4as d2edcug0\">\n<div class=\"page-title-head hgroup\">\n<div class=\"page-title-head hgroup\">\n<div class=\"page-title-head hgroup\">\n<div class=\"page-title-head hgroup\">\n<div class=\"page-title-head hgroup\">\n<div class=\"page-title-head hgroup\">\n<div class=\"page-title-head hgroup\">\n<div class=\"page-title-head hgroup\">\n<div class=\"page-title-head hgroup\">\n<div class=\"b654a4as d2edcug0\">\n<div class=\"page-title-head hgroup\">\n<div class=\"page-title-head hgroup\">\n<div class=\"page-title-head hgroup\">\n<div class=\"page-title-head hgroup\">\n<div class=\"b654a4as d2edcug0\">\n<div class=\"page-title-head hgroup\">\n<div class=\"page-title-head hgroup\">\n<div class=\"page-title-head hgroup\">\n<div class=\"page-title-head hgroup\">\n<div class=\"page-title-head hgroup\">\n<div class=\"mkdf-post-text\">\n<div class=\"mkdf-post-text-inner\">\n<div class=\"mkdf-post-text-main\">\n<div class=\"mkdf-post-text\">\n<div class=\"mkdf-post-text-inner\">\n<div class=\"mkdf-post-text-main\">\n<div class=\"mkdf-post-text\">\n<div class=\"mkdf-post-text-inner\">\n<div class=\"mkdf-post-text-main\">\n<div class=\"page-title-head hgroup\">\n<div class=\"page-title-head hgroup\">\n<div class=\"mkdf-post-text\">\n<div class=\"mkdf-post-text-inner\">\n<div class=\"mkdf-post-text-main\">\n<div class=\"mkdf-post-text\">\n<div class=\"mkdf-post-text-inner\">\n<div class=\"mkdf-post-text-main\">\n<div class=\"page-title-head hgroup\">\n<div class=\"page-title-head hgroup\">\n<div class=\"page-title-head hgroup\">\n<div class=\"page-title-head hgroup\">\n<div class=\"b654a4as d2edcug0\">\n<div class=\"page-title-head hgroup\">\n<div class=\"page-title-head hgroup\">\n<div class=\"page-title-head hgroup\">\n<div class=\"page-title-head hgroup\">\n<div class=\"b654a4as d2edcug0\">\n<div class=\"page-title-head hgroup\">\n<div class=\"page-title-head hgroup\">\n<div class=\"page-title-head hgroup\">\n<div class=\"page-title-head hgroup\">\n<div class=\"b654a4as d2edcug0\">\n<blockquote class=\"wp-embedded-content\" data-secret=\"TdJdw901UU\"><p><a href=\"https:\/\/www.radiopiu.net\/wordpress\/viabilita\/\">viabilita<\/a><\/p><\/blockquote>\n<p><iframe loading=\"lazy\" class=\"wp-embedded-content\" sandbox=\"allow-scripts\" security=\"restricted\" style=\"position: absolute; clip: rect(1px, 1px, 1px, 1px);\" title=\"&#8220;viabilita&#8221; &#8212; Radio Pi\u00f9\" src=\"https:\/\/www.radiopiu.net\/wordpress\/viabilita\/embed\/#?secret=TdJdw901UU\" data-secret=\"TdJdw901UU\" width=\"600\" height=\"338\" frameborder=\"0\" marginwidth=\"0\" marginheight=\"0\" scrolling=\"no\"><\/iframe><\/p>\n<p>&nbsp;<\/p>\n<hr \/>\n<p>&nbsp;<\/p>\n<\/div>\n<div class=\"b654a4as d2edcug0\">\n<div class=\"ecm0bbzt e5nlhep0 a8c37x1j\">\n<div class=\"kvgmc6g5 cxmmr5t8 oygrvhab hcukyx3x c1et5uql\">\n<div class=\"gmail-kvgmc6g5 gmail-cxmmr5t8 gmail-oygrvhab gmail-hcukyx3x gmail-c1et5uql gmail-ii04i59q\">\n<div>\n<div class=\"page-title-head hgroup\">\n<div class=\"page-title-head hgroup\">\n<div class=\"b654a4as d2edcug0\">\n<div class=\"j83agx80 btwxx1t3 lhclo0ds hop8lmos nkwizq5d scwd0bx6 roh60bw9\">\n<div class=\"rq0escxv hkbzh7o3 jwdofwj8 n8tt0mok r8blr3vg hyh9befq\">\n<div class=\"do00u71z l9j0dhe7 k4urcfbm\">\n<div>\n<div class=\"page-title-head hgroup\">\n<div class=\"page-title-head hgroup\">\n<div class=\"page-title-head hgroup\">\n<div class=\"page-title-head hgroup\">\n<div class=\"b654a4as d2edcug0\">\n<div class=\"page-title-head hgroup\">\n<div class=\"page-title-head hgroup\">\n<div class=\"page-title-head hgroup\">\n<div class=\"page-title-head hgroup\">\n<div class=\"b654a4as d2edcug0\">\n<div class=\"page-title-head hgroup\">\n<div class=\"page-title-head hgroup\">\n<div class=\"page-title-head hgroup\">\n<div class=\"page-title-head hgroup\">\n<div class=\"page-title-head hgroup\">\n<div class=\"mkdf-post-text\">\n<div class=\"mkdf-post-text-inner\">\n<div class=\"mkdf-post-text-main\">\n<div class=\"mkdf-post-text\">\n<div class=\"mkdf-post-text-inner\">\n<div class=\"mkdf-post-text-main\">\n<div class=\"mkdf-post-text\">\n<div class=\"mkdf-post-text-inner\">\n<div class=\"mkdf-post-text-main\">\n<div class=\"page-title-head hgroup\">\n<div class=\"page-title-head hgroup\">\n<div class=\"mkdf-post-text\">\n<div class=\"mkdf-post-text-inner\">\n<div class=\"mkdf-post-text-main\">\n<div class=\"mkdf-post-text\">\n<div class=\"mkdf-post-text-inner\">\n<div class=\"mkdf-post-text-main\">\n<div>\n<div class=\"page-title-head hgroup\">\n<div class=\"page-title-head hgroup\">\n<div>\n<div class=\"page-title-head hgroup\">\n<div class=\"page-title-head hgroup\">\n<div class=\"b654a4as d2edcug0\">\n<div>\n<div class=\"page-title-head hgroup\" style=\"text-align: left;\">\n<div class=\"page-title-head hgroup\">\n<div dir=\"auto\">\n<p><a class=\"dt-pswp-item pspw-wrap-ready\" href=\"https:\/\/i0.wp.com\/www.radiopiu.net\/wordpress\/wp-content\/uploads\/2018\/09\/WhatsApp-Image-2018-09-20-at-16.04.06.jpeg?ssl=1\" data-dt-img-description=\"\" data-large_image_width=\"800\" data-large_image_height=\"100\"><img loading=\"lazy\" decoding=\"async\" class=\"aligncenter wp-image-61378 size-full jetpack-lazy-image jetpack-lazy-image--handled\" src=\"https:\/\/i0.wp.com\/www.radiopiu.net\/wordpress\/wp-content\/uploads\/2018\/09\/WhatsApp-Image-2018-09-20-at-16.04.06.jpeg?resize=800%2C100&amp;ssl=1\" sizes=\"auto, (max-width: 800px) 100vw, 800px\" srcset=\"https:\/\/i0.wp.com\/www.radiopiu.net\/wordpress\/wp-content\/uploads\/2018\/09\/WhatsApp-Image-2018-09-20-at-16.04.06.jpeg?w=800&amp;ssl=1 800w, https:\/\/i0.wp.com\/www.radiopiu.net\/wordpress\/wp-content\/uploads\/2018\/09\/WhatsApp-Image-2018-09-20-at-16.04.06.jpeg?resize=300%2C38&amp;ssl=1 300w, https:\/\/i0.wp.com\/www.radiopiu.net\/wordpress\/wp-content\/uploads\/2018\/09\/WhatsApp-Image-2018-09-20-at-16.04.06.jpeg?resize=768%2C96&amp;ssl=1 768w\" alt=\"\" width=\"800\" height=\"100\" data-lazy-loaded=\"1\" \/><\/a><\/p>\n<\/div>\n<\/div>\n<\/div>\n<\/div>\n<\/div>\n<\/div>\n<\/div>\n<\/div>\n<\/div>\n<\/div>\n<\/div>\n<\/div>\n<\/div>\n<\/div>\n<\/div>\n<\/div>\n<\/div>\n<\/div>\n<\/div>\n<\/div>\n<\/div>\n<\/div>\n<\/div>\n<\/div>\n<\/div>\n<\/div>\n<\/div>\n<\/div>\n<\/div>\n<\/div>\n<\/div>\n<\/div>\n<\/div>\n<\/div>\n<\/div>\n<\/div>\n<\/div>\n<\/div>\n<\/div>\n<\/div>\n<\/div>\n<\/div>\n<\/div>\n<\/div>\n<p>&nbsp;<\/p>\n<\/div>\n<\/div>\n<\/div>\n<\/div>\n<\/div>\n<\/div>\n<\/div>\n<\/div>\n<\/div>\n<\/div>\n<\/div>\n<\/div>\n<\/div>\n<\/div>\n<\/div>\n<\/div>\n<\/div>\n<\/div>\n<\/div>\n<\/div>\n<\/div>\n<\/div>\n<\/div>\n<\/div>\n<\/div>\n<\/div>\n<\/div>\n<\/div>\n<\/div>\n<\/div>\n<\/div>\n<\/div>\n<\/div>\n<\/div>\n<\/div>\n<\/div>\n<\/div>\n<\/div>\n<\/div>\n<\/div>\n<\/div>\n<\/div>\n<\/div>\n<\/div>\n<\/div>\n<\/div>\n<\/div>\n<\/div>\n<\/div>\n<\/div>\n<\/div>\n<\/div>\n<\/div>\n<\/div>\n<\/div>\n<\/div>\n<\/div>\n<\/div>\n<\/div>\n<\/div>\n<\/div>\n<\/div>\n<\/div>\n<\/div>\n<\/div>\n<\/div>\n<\/div>\n<\/div>\n<\/div>\n<\/div>\n<\/div>\n<\/div>\n<\/div>\n<\/div>\n<\/div>\n<\/div>\n<\/div>\n<\/div>\n<\/div>\n<\/div>\n<\/div>\n<\/div>\n<\/div>\n<\/div>\n<\/div>\n<\/div>\n<\/div>\n<\/div>\n<\/div>\n<\/div>\n<\/div>\n<\/div>\n<\/div>\n<\/div>\n<\/div>\n<\/div>\n<\/div>\n<\/div>\n<\/div>\n<\/div>\n<\/div>\n<\/div>\n<\/div>\n<\/div>\n<\/div>\n<\/div>\n<\/div>\n<\/div>\n<\/div>\n<\/div>\n<\/div>\n<\/div>\n<\/div>\n<\/div>\n<\/div>\n<\/div>\n<\/div>\n<\/div>\n<\/div>\n<\/div>\n<\/div>\n<\/div>\n<\/div>\n<\/div>\n<\/div>\n<\/div>\n<\/div>\n<\/div>\n<\/div>\n<\/div>\n<\/div>\n<\/div>\n<\/div>\n<\/div>\n<\/div>\n<\/div>\n<\/div>\n<\/div>\n<\/div>\n<\/div>\n<\/div>\n<\/div>\n<\/div>\n<\/div>\n<\/div>\n<\/div>\n<\/div>\n<\/div>\n<\/div>\n<\/div>\n<\/div>\n<\/div>\n<\/div>\n<\/div>\n<\/div>\n<\/div>\n<\/div>\n<\/div>\n<\/div>\n<div><center><b>Sabato 8<\/b><\/center><b>Tempo atteso: <\/b>Nottetempo breve passaggio nuvoloso, poi tempo ben soleggiato con cielo sereno, aria nitida e ottima visibilit\u00e0, tuttavia, non si escludono temporanei e modesti annuvolamenti nel corso della mattinata per transito di nubi medio-alte. Il gelo notturno sar\u00e0 meno intenso, per\u00f2 il contesto relativamente freddo si manterr\u00e0, specie nei settori in ombra.<br \/>\n<b>Precipitazioni: <\/b>Assenti (0%).<br \/>\n<b>Temperature: <\/b>Minime in calo in alta montagna e in ripresa altrove per minore irraggiamento notturno, ma il gelo sar\u00e0 ben presente ovunque; massime in calo in alta quota e senza notevoli variazioni nelle valli, salvo locali aumenti. Punte di 4\/5\u00b0C nei fondovalle prealpini e di 0\/2\u00b0C a 1000\/1200 m, valori pi\u00f9 bassi nei settori in ombra alle stesse quote (-4\/-1\u00b0C). Su Prealpi a 1500 m min -5\u00b0C max -3\u00b0C, a 2000 m min -8\u00b0C max -6\u00b0C Su Dolomiti a 2000 m min -9\u00b0C max -7\u00b0C, a 3000 m min -16\u00b0C max -13\u00b0C.<br \/>\n<b>Venti: <\/b>Nelle valli deboli di direzione variabile, salvo locali rinforzi per brezze di monte in alcuni fondovalle prealpini tra la notte e il primo mattino; in quota perlopi\u00f9 deboli da nord nord-ovest, a 5-10 km\/h a 2000 m, a 10-15 km\/h a 3000 m.<\/p>\n<hr \/>\n<p><center><b>Domenica 9<\/b><\/center><b>Tempo atteso: <\/b>Sulla montagna veneta cielo inizialmente nuvoloso o molto nuvoloso con rischio di qualche fiocco di neve. Con il passare delle ore diradamento della nuvolosit\u00e0 e rasserenamenti sulle Prealpi centro-occidentali, mentre la copertura nuvolosa permarr\u00e0 fino a sera sul Bellunese, anche se attenuandosi rispetto al mattino. Minore escursione termica giornaliera a tutte le quote.<br \/>\n<b>Precipitazioni: <\/b>Sulle Prealpi perlopi\u00f9 assenti nei fondovalle e eventuale nevischio sulle cime (10\/20%). Sulle Dolomiti qualche fiocco di neve potr\u00e0 scendere nel corso della mattinata, pi\u00f9 probabile in quota (20\/30%) che non nelle valli (10%).<br \/>\n<b>Temperature: <\/b>Minime in ulteriore lieve aumento rispetto a sabato e massime senza notevoli variazioni, eccetto leggera diminuzione in alcune valli. Su Prealpi a 1500 m min -4\u00b0C max -3\u00b0C, a 2000 m min -7\u00b0C max -6\u00b0C Su Dolomiti a 2000 m min -8\u00b0C max -7\u00b0C, a 3000 m min -14\u00b0C max -12\u00b0C.<br \/>\n<b>Venti: <\/b>Nelle valli deboli di direzione variabile, poi in rinforzo per episodi di Foehn al pomeriggio\/sera. In quota venti moderati da sud-ovest tra la notte e il primo mattino, moderati\/tesi da nord-ovest al pomeriggio\/sera, a 5-25 km\/h a 2000 m, a 20-40 km\/h a 3000 m.<\/p>\n<hr \/>\n<p><center><b>Lunedi 10<\/b><\/center>Nottetempo e al primo mattino copertura medio-alta stratiforme sul Bellunese, minore copertura sulle Prealpi occidentali. In giornata ritorno del sole con cielo sereno. Far\u00e0 un po&#8217; meno freddo dei giorni precedenti, gi\u00e0 al mattino per ridotto irraggiamento notturno, in giornata rialzo delle massime, in maniera pi\u00f9 sensibile nei settori pi\u00f9 assolati. Venti deboli di direzione variabile nelle valli, salvo locali rinforzi notturni per brezze di monte in alcuni settori prealpini; in quota deboli\/moderati da nord, a tratti tesi da nord-est sulle Prealpi occidentali.<\/p>\n<hr \/>\n<p><center><b>Martedi 11<\/b><\/center>Sole, cielo sereno, aria nitida e ottima visibilit\u00e0 in montagna. L&#8217;unica insidia sar\u00e0 la presenza di qualche banco di nebbia durante le ore pi\u00f9 fredde in Valbelluna. Temperature minime in calo e massime in ripresa. Venti deboli di direzione variabile nelle valli, salvo locali rinforzi notturni per brezze di monte in alcuni settori prealpini; in quota deboli\/moderati da nord-est. Previsore: R.L.Th.<\/p>\n<\/div>\n<\/div>\n<\/div>\n<\/div>\n<\/div>\n<\/div>\n<\/div>\n<\/div>\n<p>&nbsp;<\/p>\n<p>&nbsp;<\/p>\n<hr \/>\n<p>&nbsp;<\/p>\n<p><a href=\"https:\/\/www.radiopiu.net\/wordpress\/giornale-radiopiu-15-settembre-2018-direttore-mirko-mezzacasa\/sport-7\/\" rel=\"attachment wp-att-60761\"><img loading=\"lazy\" decoding=\"async\" class=\"wp-image-60761 size-full aligncenter\" src=\"https:\/\/www.radiopiu.net\/wordpress\/wp-content\/uploads\/2018\/09\/sport.jpg\" alt=\"\" width=\"800\" height=\"100\" srcset=\"https:\/\/www.radiopiu.net\/wordpress\/wp-content\/uploads\/2018\/09\/sport.jpg 800w, https:\/\/www.radiopiu.net\/wordpress\/wp-content\/uploads\/2018\/09\/sport-300x38.jpg 300w, https:\/\/www.radiopiu.net\/wordpress\/wp-content\/uploads\/2018\/09\/sport-768x96.jpg 768w\" sizes=\"auto, (max-width: 800px) 100vw, 800px\" \/><\/a><\/p>\n<p>&nbsp;<\/p>\n<blockquote>\n<h3>CALCIO E VOLLEY FERMO. IN AGORDINO SI GIOCA SOLO AD HOCKEY<\/h3>\n<\/blockquote>\n<p><strong><a href=\"https:\/\/www.radiopiu.net\/wordpress\/lo-sport-del-fine-settimana-seguito-da-radio-piu\/hockey-calcio-volley\/\" rel=\"attachment wp-att-104111\"><img loading=\"lazy\" decoding=\"async\" class=\" wp-image-104111 alignleft\" src=\"https:\/\/www.radiopiu.net\/wordpress\/wp-content\/uploads\/2019\/10\/hockey-calcio-volley-300x300.jpeg\" alt=\"\" width=\"291\" height=\"291\" srcset=\"https:\/\/www.radiopiu.net\/wordpress\/wp-content\/uploads\/2019\/10\/hockey-calcio-volley-300x300.jpeg 300w, https:\/\/www.radiopiu.net\/wordpress\/wp-content\/uploads\/2019\/10\/hockey-calcio-volley-150x150.jpeg 150w, https:\/\/www.radiopiu.net\/wordpress\/wp-content\/uploads\/2019\/10\/hockey-calcio-volley-768x768.jpeg 768w, https:\/\/www.radiopiu.net\/wordpress\/wp-content\/uploads\/2019\/10\/hockey-calcio-volley-1024x1024.jpeg 1024w, https:\/\/www.radiopiu.net\/wordpress\/wp-content\/uploads\/2019\/10\/hockey-calcio-volley.jpeg 1600w\" sizes=\"auto, (max-width: 291px) 100vw, 291px\" \/><\/a>REDAZIONE<\/strong> Doveva essere il primo fine settimana del 2022 con lo sport a pieno regime ma non sar\u00e0 cos\u00ec. Tutto, o quasi, fermo per quanto riguarda gli sport di squadra. Durante le festivit\u00e0 natalizie la FIGC ha comunicato che tutti i campionati di calcio a livello regionale venivano fermati in via preventiva. Negli ultimi giorni anche la decisione di fermare i campionati di Eccellenza maschili e femminili e, salvo ulteriori comunicazioni, si torner\u00e0 a giocare domenica 30 gennaio. Non solo il calcio si ferma ma anche la pallavolo a livello territoriale. La federazione ha comunicato proprio nei giorni scorsi che i campionati di prima, seconda e terza divisione si fermano. Anche in questo caso lo stop \u00e8 fino al 23 gennaio compreso. Agordina, Keralpen e Volley Club Agordino ai box in attesa di nuove disposizioni. L&#8217;unico sport di squadra che, fino ad ora, non ha avuto limitazioni \u00e8 l&#8217;hockey. Nel fine settimana l&#8217;Alleghe IHL non scender\u00e0 in campo visto che il calendario decreta la giornata di riposo per le civette nel master round proprio in questo weekend. Saranno impegnate le squadre giovanili con l&#8217;Alleghe Under 17 e Under 15 che scenderanno in campo per continuare la stagione.<\/p>\n<p>&nbsp;<\/p>\n<p>&nbsp;<\/p>\n<hr \/>\n<p>&nbsp;<\/p>\n<p><span style=\"color: #0000ff;\"><strong>SNOWBOARD<\/strong><\/span><\/p>\n<blockquote>\n<h3>LUCIA DALMASSO, LA SNOWBOARDISTA DI FALCADE CHE PUNTA ALLE OLIMPIADI<\/h3>\n<\/blockquote>\n<p><strong><a href=\"https:\/\/www.radiopiu.net\/wordpress\/lucia-dalmasso-la-snowboardista-di-falcade-che-punta-alle-olimpiadi\/schermata-2022-01-07-alle-10-51-06\/\" rel=\"attachment wp-att-252747\"><img loading=\"lazy\" decoding=\"async\" class=\"size-medium wp-image-252747 alignleft\" src=\"https:\/\/www.radiopiu.net\/wordpress\/wp-content\/uploads\/2022\/01\/Schermata-2022-01-07-alle-10.51.06-300x265.png\" alt=\"\" width=\"300\" height=\"265\" srcset=\"https:\/\/www.radiopiu.net\/wordpress\/wp-content\/uploads\/2022\/01\/Schermata-2022-01-07-alle-10.51.06-300x265.png 300w, https:\/\/www.radiopiu.net\/wordpress\/wp-content\/uploads\/2022\/01\/Schermata-2022-01-07-alle-10.51.06-1024x904.png 1024w, https:\/\/www.radiopiu.net\/wordpress\/wp-content\/uploads\/2022\/01\/Schermata-2022-01-07-alle-10.51.06-768x678.png 768w, https:\/\/www.radiopiu.net\/wordpress\/wp-content\/uploads\/2022\/01\/Schermata-2022-01-07-alle-10.51.06.png 1430w\" sizes=\"auto, (max-width: 300px) 100vw, 300px\" \/><\/a>FALCADE<\/strong> E&#8217; sempre stato il suo sogno nel cassetto quello di partecipare alle Olimpiadi ed ora, che ad accompagnarla sul casco c&#8217;\u00e8 l&#8217;ente di promozione turistica della sua terra Promo Falcade, inizia le gare del 2022 con Bejing nel mirino. L&#8217;ultima gara di Coppa del Mondo a Cortina a dicembre l&#8217;ha vista dodicesima; soddisfatta a met\u00e0 aveva detto, l&#8217;obiettivo \u00e8 di migliorarsi tecnicamente gara dopo gara ed anche nella tattica. Questo 2022 \u00e8 a tutti gli effetti il suo primo anno da titolare in Coppa del Mondo e quindi deve maturare esperienze su esperienze su piste che non ha mai &#8220;surfato&#8221;. Oggi a Scuol in Svizzera si ritrover\u00e0 al cancelletto di partenza a caccia della prima Top Ten in Coppa del Mondo. Dopodich\u00e8 ci sar\u00e0 una settimana importante con 4 gare in Austria con 2 Team Event. Ricordiamo che Lucia Dalmasso solo 5 anni fa era una promessa dello Sci Alpino e quindi in soli pochi anni \u00e8 arrivata al massimo livello nello Snowboard Parallelo. &#8220;<em>La strada \u00e8 ancora lunga &#8211; dice Lucia &#8211; e io devo imparare tanto, ma l&#8217;unica cosa che devo fare \u00e8 allenarmi e guardare avanti. Ringrazio chi mi sostiene come Promo Falcade che per la prima volta appoggia un atleta in Coppa del Mondo, il Rifugio Loresei, la Federazione, Onesporter ed il mio management DSF.Sport.<\/em>&#8221; L&#8217;Obiettivo di Lucia \u00e8 day by day, ma il Sogno di bambina di partecipare alle Olimpiadi \u00e8 sempre pi\u00f9 vicino.<\/p>\n","protected":false},"excerpt":{"rendered":"<p>INFORMAZIONE il canale su TELEGRAM informazione di prima mano e in tempo reale. iscriviti ed aiutaci a farlo conoscere\u00a0 &nbsp; &nbsp; &nbsp; PASSO STAULANZA: QUANTA GENTE REDAZIONE Da Telegram, Viabilit\u00e0 Provincia di Belluno, lo scatto di Paolo mette in evidenza il grande afflusso turistico odierno al Passo Staulanza e verso il Rifugio Citt\u00e0 di Fiume.&hellip;<\/p>\n","protected":false},"author":4,"featured_media":252868,"comment_status":"closed","ping_status":"open","sticky":false,"template":"","format":"standard","meta":{"_monsterinsights_skip_tracking":false,"_monsterinsights_sitenote_active":false,"_monsterinsights_sitenote_note":"","_monsterinsights_sitenote_category":0,"footnotes":""},"categories":[104,86,49],"tags":[],"class_list":["post-252671","post","type-post","status-publish","format-standard","has-post-thumbnail","hentry","category-evidenza_3","category-gr","category-news-18","category-104","category-86","category-49","description-off"],"img_url":"https:\/\/www.radiopiu.net\/wordpress\/wp-content\/uploads\/2022\/01\/71f8b624-2cf4-42ab-9a06-19a303cb065e.jpg","_links":{"self":[{"href":"https:\/\/www.radiopiu.net\/wordpress\/wp-json\/wp\/v2\/posts\/252671","targetHints":{"allow":["GET"]}}],"collection":[{"href":"https:\/\/www.radiopiu.net\/wordpress\/wp-json\/wp\/v2\/posts"}],"about":[{"href":"https:\/\/www.radiopiu.net\/wordpress\/wp-json\/wp\/v2\/types\/post"}],"author":[{"embeddable":true,"href":"https:\/\/www.radiopiu.net\/wordpress\/wp-json\/wp\/v2\/users\/4"}],"replies":[{"embeddable":true,"href":"https:\/\/www.radiopiu.net\/wordpress\/wp-json\/wp\/v2\/comments?post=252671"}],"version-history":[{"count":0,"href":"https:\/\/www.radiopiu.net\/wordpress\/wp-json\/wp\/v2\/posts\/252671\/revisions"}],"wp:featuredmedia":[{"embeddable":true,"href":"https:\/\/www.radiopiu.net\/wordpress\/wp-json\/wp\/v2\/media\/252868"}],"wp:attachment":[{"href":"https:\/\/www.radiopiu.net\/wordpress\/wp-json\/wp\/v2\/media?parent=252671"}],"wp:term":[{"taxonomy":"category","embeddable":true,"href":"https:\/\/www.radiopiu.net\/wordpress\/wp-json\/wp\/v2\/categories?post=252671"},{"taxonomy":"post_tag","embeddable":true,"href":"https:\/\/www.radiopiu.net\/wordpress\/wp-json\/wp\/v2\/tags?post=252671"}],"curies":[{"name":"wp","href":"https:\/\/api.w.org\/{rel}","templated":true}]}}