{"id":252689,"date":"2022-01-07T05:05:55","date_gmt":"2022-01-07T04:05:55","guid":{"rendered":"https:\/\/www.radiopiu.net\/wordpress\/?p=252689"},"modified":"2022-01-07T05:53:57","modified_gmt":"2022-01-07T04:53:57","slug":"in-difficolta","status":"publish","type":"post","link":"https:\/\/www.radiopiu.net\/wordpress\/in-difficolta\/","title":{"rendered":"ALLARME RIENTRATO PER SCIATORI IN DIFFICOLT\u00c0\u00a0"},"content":{"rendered":"<p><strong><img loading=\"lazy\" decoding=\"async\" class=\"alignleft\" src=\"https:\/\/www.radiopiu.net\/wordpress\/wp-content\/uploads\/2021\/04\/20210205_121923.jpg\" width=\"244\" height=\"113\" \/>FALCADE<\/strong>\u00a0 Attorno alle 16.15 il Soccorso alpino della Val Biois \u00e8 stato allertato per due sciatori, nonna e nipote, che scendendo lungo la Pista degli innamorati, al momento chiusa, si erano trovati in difficolt\u00e0. Poich\u00e9 sul posto non c&#8217;\u00e8 copertura telefonica e i soccorritori non riuscivano a mettersi in contatto con loro, una squadra si \u00e8 portata sul posto assieme alla Polizia del servizio piste e al personale degli impianti e ha avviato la ricerca finch\u00e9, verso le 17.30, i Carabinieri non hanno rintracciato i due che erano riusciti ad arrivare a Falcade e l&#8217;allarme \u00e8 rientrato.<\/p>\n","protected":false},"excerpt":{"rendered":"<p>FALCADE\u00a0 Attorno alle 16.15 il Soccorso alpino della Val Biois \u00e8 stato allertato per due sciatori, nonna e nipote, che scendendo lungo la Pista degli innamorati, al momento chiusa, si erano trovati in difficolt\u00e0. Poich\u00e9 sul posto non c&#8217;\u00e8 copertura telefonica e i soccorritori non riuscivano a mettersi in contatto con loro, una squadra si&hellip;<\/p>\n","protected":false},"author":4,"featured_media":202215,"comment_status":"closed","ping_status":"open","sticky":false,"template":"","format":"standard","meta":{"_monsterinsights_skip_tracking":false,"_monsterinsights_sitenote_active":false,"_monsterinsights_sitenote_note":"","_monsterinsights_sitenote_category":0,"footnotes":""},"categories":[51,49],"tags":[],"class_list":["post-252689","post","type-post","status-publish","format-standard","has-post-thumbnail","hentry","category-evidenza-top","category-news-18","category-51","category-49","description-off"],"img_url":"https:\/\/www.radiopiu.net\/wordpress\/wp-content\/uploads\/2021\/04\/20210205_121923.jpg","_links":{"self":[{"href":"https:\/\/www.radiopiu.net\/wordpress\/wp-json\/wp\/v2\/posts\/252689","targetHints":{"allow":["GET"]}}],"collection":[{"href":"https:\/\/www.radiopiu.net\/wordpress\/wp-json\/wp\/v2\/posts"}],"about":[{"href":"https:\/\/www.radiopiu.net\/wordpress\/wp-json\/wp\/v2\/types\/post"}],"author":[{"embeddable":true,"href":"https:\/\/www.radiopiu.net\/wordpress\/wp-json\/wp\/v2\/users\/4"}],"replies":[{"embeddable":true,"href":"https:\/\/www.radiopiu.net\/wordpress\/wp-json\/wp\/v2\/comments?post=252689"}],"version-history":[{"count":0,"href":"https:\/\/www.radiopiu.net\/wordpress\/wp-json\/wp\/v2\/posts\/252689\/revisions"}],"wp:featuredmedia":[{"embeddable":true,"href":"https:\/\/www.radiopiu.net\/wordpress\/wp-json\/wp\/v2\/media\/202215"}],"wp:attachment":[{"href":"https:\/\/www.radiopiu.net\/wordpress\/wp-json\/wp\/v2\/media?parent=252689"}],"wp:term":[{"taxonomy":"category","embeddable":true,"href":"https:\/\/www.radiopiu.net\/wordpress\/wp-json\/wp\/v2\/categories?post=252689"},{"taxonomy":"post_tag","embeddable":true,"href":"https:\/\/www.radiopiu.net\/wordpress\/wp-json\/wp\/v2\/tags?post=252689"}],"curies":[{"name":"wp","href":"https:\/\/api.w.org\/{rel}","templated":true}]}}