{"id":252746,"date":"2022-01-09T10:02:39","date_gmt":"2022-01-09T09:02:39","guid":{"rendered":"https:\/\/www.radiopiu.net\/wordpress\/?p=252746"},"modified":"2022-01-09T10:03:19","modified_gmt":"2022-01-09T09:03:19","slug":"luciadalmasso","status":"publish","type":"post","link":"https:\/\/www.radiopiu.net\/wordpress\/luciadalmasso\/","title":{"rendered":"LUCIA DODICESIMA IN SVIZZERA COME A CORTINA"},"content":{"rendered":"<p>&nbsp;<\/p>\n<p><strong><img loading=\"lazy\" decoding=\"async\" class=\"alignleft\" src=\"https:\/\/www.radiopiu.net\/wordpress\/wp-content\/uploads\/2022\/01\/Schermata-2022-01-07-alle-10.51.06.png\" width=\"303\" height=\"268\" \/>FALCADE <\/strong>L&#8217;agordina Lucia Dalmasso conquista anche gli ottavi di finale prima di chiudere in 12^posizione nella quarta tappa stagionale di Coppa del mondo. Ieri in Svizzera l&#8217;atleta dello Ski Team Fassa era impegnata nel gigante. Lucia ha ribadito la posizine gi\u00e0 conquistata a Cortina. Ieri solo 14 centesimi hanno allontanato la Dalmasso dalla top ten. <em>\u00abSono felice della gara disputata &#8211; ha detto la snowboardista -pian piano sto sempre migliorando ed ho un grande desiderio di arrivare in alto\u00bb.\u00a0<\/em><\/p>\n<p>&nbsp;<\/p>\n<p>&nbsp;<\/p>\n<blockquote>\n<h3>LUCIA DALMASSO, LA SNOWBOARDISTA DI FALCADE CHE PUNTA ALLE OLIMPIADI<\/h3>\n<\/blockquote>\n<p><strong>FALCADE<\/strong> E&#8217; sempre stato il suo sogno nel cassetto quello di partecipare alle Olimpiadi ed ora, che ad accompagnarla sul casco c&#8217;\u00e8 l&#8217;ente di promozione turistica della sua terra Promo Falcade, inizia le gare del 2022 con Bejing nel mirino. L&#8217;ultima gara di Coppa del Mondo a Cortina a dicembre l&#8217;ha vista dodicesima; soddisfatta a met\u00e0 aveva detto, l&#8217;obiettivo \u00e8 di migliorarsi tecnicamente gara dopo gara ed anche nella tattica. Questo 2022 \u00e8 a tutti gli effetti il suo primo anno da titolare in Coppa del Mondo e quindi deve maturare esperienze su esperienze su piste che non ha mai &#8220;surfato&#8221;. Domani a Scuol in Svizzera si ritrover\u00e0 al cancelletto di partenza a caccia della prima Top Ten in Coppa del Mondo. Dopodich\u00e8 ci sar\u00e0 una settimana importante con 4 gare in Austria con 2 Team Event. Ricordiamo che Lucia Dalmasso solo 5 anni fa era una promessa dello Sci Alpino e quindi in soli pochi anni \u00e8 arrivata al massimo livello nello Snowboard Parallelo. &#8220;<em>La strada \u00e8 ancora lunga &#8211; dice Lucia &#8211; e io devo imparare tanto, ma l&#8217;unica cosa che devo fare \u00e8 allenarmi e guardare avanti. Ringrazio chi mi sostiene come Promo Falcade che per la prima volta appoggia un atleta in Coppa del Mondo, il Rifugio Loresei, la Federazione, Onesporter ed il mio management DSF.Sport.<\/em>&#8221; L&#8217;Obiettivo di Lucia \u00e8 day by day, ma il Sogno di bambina di partecipare alle Olimpiadi \u00e8 sempre pi\u00f9 vicino.<\/p>\n<p>&nbsp;<\/p>\n<p>&nbsp;<\/p>\n<p>&nbsp;<\/p>\n<p>*****<\/p>\n","protected":false},"excerpt":{"rendered":"<p>&nbsp; FALCADE L&#8217;agordina Lucia Dalmasso conquista anche gli ottavi di finale prima di chiudere in 12^posizione nella quarta tappa stagionale di Coppa del mondo. Ieri in Svizzera l&#8217;atleta dello Ski Team Fassa era impegnata nel gigante. Lucia ha ribadito la posizine gi\u00e0 conquistata a Cortina. Ieri solo 14 centesimi hanno allontanato la Dalmasso dalla top&hellip;<\/p>\n","protected":false},"author":4,"featured_media":252747,"comment_status":"closed","ping_status":"open","sticky":false,"template":"","format":"standard","meta":{"_monsterinsights_skip_tracking":false,"_monsterinsights_sitenote_active":false,"_monsterinsights_sitenote_note":"","_monsterinsights_sitenote_category":0,"footnotes":""},"categories":[86,49],"tags":[],"class_list":["post-252746","post","type-post","status-publish","format-standard","has-post-thumbnail","hentry","category-gr","category-news-18","category-86","category-49","description-off"],"img_url":"https:\/\/www.radiopiu.net\/wordpress\/wp-content\/uploads\/2022\/01\/Schermata-2022-01-07-alle-10.51.06.png","_links":{"self":[{"href":"https:\/\/www.radiopiu.net\/wordpress\/wp-json\/wp\/v2\/posts\/252746","targetHints":{"allow":["GET"]}}],"collection":[{"href":"https:\/\/www.radiopiu.net\/wordpress\/wp-json\/wp\/v2\/posts"}],"about":[{"href":"https:\/\/www.radiopiu.net\/wordpress\/wp-json\/wp\/v2\/types\/post"}],"author":[{"embeddable":true,"href":"https:\/\/www.radiopiu.net\/wordpress\/wp-json\/wp\/v2\/users\/4"}],"replies":[{"embeddable":true,"href":"https:\/\/www.radiopiu.net\/wordpress\/wp-json\/wp\/v2\/comments?post=252746"}],"version-history":[{"count":0,"href":"https:\/\/www.radiopiu.net\/wordpress\/wp-json\/wp\/v2\/posts\/252746\/revisions"}],"wp:featuredmedia":[{"embeddable":true,"href":"https:\/\/www.radiopiu.net\/wordpress\/wp-json\/wp\/v2\/media\/252747"}],"wp:attachment":[{"href":"https:\/\/www.radiopiu.net\/wordpress\/wp-json\/wp\/v2\/media?parent=252746"}],"wp:term":[{"taxonomy":"category","embeddable":true,"href":"https:\/\/www.radiopiu.net\/wordpress\/wp-json\/wp\/v2\/categories?post=252746"},{"taxonomy":"post_tag","embeddable":true,"href":"https:\/\/www.radiopiu.net\/wordpress\/wp-json\/wp\/v2\/tags?post=252746"}],"curies":[{"name":"wp","href":"https:\/\/api.w.org\/{rel}","templated":true}]}}