{"id":252751,"date":"2022-01-07T12:25:56","date_gmt":"2022-01-07T11:25:56","guid":{"rendered":"https:\/\/www.radiopiu.net\/wordpress\/?p=252751"},"modified":"2022-01-07T13:31:55","modified_gmt":"2022-01-07T12:31:55","slug":"scuozaia","status":"publish","type":"post","link":"https:\/\/www.radiopiu.net\/wordpress\/scuozaia\/","title":{"rendered":"POCHE ORE E RIAPRONO LE SCUOLE  INTANTO I CONTAGI CRESCONO, DA VENEZIA IL PRESIDENTE LUCA ZAIA"},"content":{"rendered":"<p>&nbsp;<\/p>\n<p><strong>VENEZIA<\/strong> Diretta dalla sede della Protezione Civile a Marghera, il punto stampa del Presidente Luca Zaia.<\/p>\n<p><strong>IL BOLLETTINO\u00a0<\/strong>POSITIVI\u00a0 6846\u00a0 INCIDENZA\u00a0 17,34% POSITIVI TOTALI\u00a0 \u00a0POSITIVI ATTUALI\u00a0 \u00a0RICOVERATI 1680 (+153), IN AREA NON CRITICA\u00a0 1475\u00a0 IN TERAPIA INTENSIVA\u00a0 205\u00a0 \u00a0DECESSI\u00a0 13520\u00a0 \u00a0(+33)<\/p>\n<blockquote>\n<h3>LEGGI LA CONFERENZA STAMPA<\/h3>\n<p><em>Scuole chiuse a centinaia\u00a0 per mancanza di docenti<b> <\/b>in quarantena, in malattia, non vaccinati. Auspico che il covid diventi una malattia endemica, molto vicina al raffreddore. Con le 26mila inoculazione di ieri i veneti vaccinati sono l&#8217;87,8%.<\/em><\/p><\/blockquote>\n<p><strong>ARANCIONE<\/strong> Terapia\u00a0 intensiva al 19 % in area non critica 20% , con la terapia a 20% e l&#8217;area non critica a 30% scatta la zona arancione. <strong>SCUOLE\u00a0<\/strong> Riaprono lunedi ma molte rimarranno chiuse, altre in DAD e non ci sono altre soluzioni,\u00a0 c&#8217;\u00e8 molta confusione per i contact tracing, per i contatti stretti etc. La fase di testint \u00e8 impossibile, rischiamo di dover contattare 180mila persone in un giorno. Sono sempre pi\u00f9 convinto che bisogna modificare la definizione di caso e avere un altro e diverso atteggiamento con gli asintomatici positivi e coloro che positivi proprio non lo sono. Una volta con il morbillo chi stava male se ne stava a casa, ma i contatti, gli amici etc. rimanevano comunque in classe senza sintomi. Io ho chiesto al Governo se dal punto di vista scientifico \u00e8 auspicabile l&#8217;apertura delle scuole, ma nessuno ha risposto <strong>VACCINAZIONI<\/strong> Per gli oltre 150mila over 50 non vaccinati da oggi possibilit\u00e0 di prenotarsi o di approfittare dell&#8217;accesso libero. Domenica giornata dedicata ai piu&#8217; piccoli, vaccinazioni per la fascia 5-12 <strong>OBBIGO PER GLI OVER 50<\/strong> In Germania hanno imposto l&#8217;obbigo per gli over 60, resto dell&#8217;idea che l&#8217;obbligo vaccinale con l&#8217;uso della forza non \u00e8 degno di un Paese civile <strong>AUTONOMIA PER LA SCUOLA<\/strong> La Regione ha autonomia solo su base scientifica, il Governo dice che le scuole riaprono lunedi. <strong>ATTIVITA&#8217; PROGRAMMATA <\/strong>Dobbiamo fare una verifica sui numeri, oggi una circolare chiude l&#8217;attivit\u00e0 non urgente e programmatore di elezione che richiedono la terapia intensiva.<\/p>\n<p>&nbsp;<\/p>\n<blockquote>\n<h3><strong>Evelina Tacconelli<\/strong> prof.ordinario di Malattie infettive e direttore Clinica Malattie infettive di Verona<\/h3>\n<\/blockquote>\n<p><em>usiamo gli stessi termini e parametri di 2 anni fa per una situazione che \u00e8 oggi completamente cambiata<\/em><\/p>\n<p>Ci sono quattro visuali: medico infettivologo che da 24 mesi fanno solo questo con gli intensivisti e pneumologi o internisti a seconda della specializzazione. Noi vogliamo si riduca la mortalit\u00e0 dei pazienti, non ci importa se siano vaccinati o meno. Il chiurgo invece \u00e8 di non avere pazienti covid in ospedale. Poi c&#8217;\u00e8 l&#8217;opinione del paziente che ha diritto alle cure migliori sia esso vaccinato o meno e poi l&#8217;opzione politiica-sociale di sanit\u00e0 pubblica da valutare aspetti economici, diritto al lavoro e allo studio. Io posso parlare solo riferirmi alle malattie infettive con lo scopo di ridurre la mortalit\u00e0 e l&#8217;accesso agli ospedali. Rispetto ad un anno fa ho molte pi\u00f9 terapie, cinque diverse terapie per il paziente ambulatoriale. I pazienti ad alto rischio di covid hanno la possibilit\u00e0 di accedere a terapie anche per bocca e possojno essere trattati. C&#8217;\u00e8 una pillola antivirale da 4 compresse al giorno per 5 giorni con effetti collaterali gastro intestinali o cefalee molto lievi. Con il nuovo farmaco Molnupilavirabbiamo ridotto del 50% mortalit\u00e0 o ospedalizzazione. Ne hanno diritto gli stessi che hanno diritto agli anticorpi monoclonali che sono tre. C&#8217;\u00e8 anche la terapia orale e in breve anche il Remdesivir in uso della case di riposo.\u00a0 La variante Omicron nel vaccinato \u00e8 simil-influenzale\u00a0 trattabile a domicilio, continuo per\u00f2 a vedere pazienti non vaccinati che acquisiscono la variante Delta e che, complici<strong>i <\/strong>fattori di rischio per un Covid grave (obesit\u00e0, diabete scompensato, patologie oncologiche, deficienze immunitarie),\u00a0in tre giorni finiscono in Rianimazione.<\/p>\n<p>&nbsp;<\/p>\n<p><span style=\"color: #0000ff;\"><strong><a style=\"color: #0000ff;\" href=\"https:\/\/www.facebook.com\/ReteVeneta\/videos\/972722636679368\/\">VIDEO CLICCA QUI<\/a><\/strong><\/span><\/p>\n<p>&nbsp;<\/p>\n<p>&nbsp;<\/p>\n<p>***<\/p>\n","protected":false},"excerpt":{"rendered":"<p>&nbsp; VENEZIA Diretta dalla sede della Protezione Civile a Marghera, il punto stampa del Presidente Luca Zaia. IL BOLLETTINO\u00a0POSITIVI\u00a0 6846\u00a0 INCIDENZA\u00a0 17,34% POSITIVI TOTALI\u00a0 \u00a0POSITIVI ATTUALI\u00a0 \u00a0RICOVERATI 1680 (+153), IN AREA NON CRITICA\u00a0 1475\u00a0 IN TERAPIA INTENSIVA\u00a0 205\u00a0 \u00a0DECESSI\u00a0 13520\u00a0 \u00a0(+33) LEGGI LA CONFERENZA STAMPA Scuole chiuse a centinaia\u00a0 per mancanza di docenti in quarantena,&hellip;<\/p>\n","protected":false},"author":4,"featured_media":139388,"comment_status":"closed","ping_status":"open","sticky":false,"template":"","format":"standard","meta":{"_monsterinsights_skip_tracking":false,"_monsterinsights_sitenote_active":false,"_monsterinsights_sitenote_note":"","_monsterinsights_sitenote_category":0,"footnotes":""},"categories":[51,49],"tags":[],"class_list":["post-252751","post","type-post","status-publish","format-standard","has-post-thumbnail","hentry","category-evidenza-top","category-news-18","category-51","category-49","description-off"],"img_url":"https:\/\/www.radiopiu.net\/wordpress\/wp-content\/uploads\/2020\/05\/ZAIA-1.jpg","_links":{"self":[{"href":"https:\/\/www.radiopiu.net\/wordpress\/wp-json\/wp\/v2\/posts\/252751","targetHints":{"allow":["GET"]}}],"collection":[{"href":"https:\/\/www.radiopiu.net\/wordpress\/wp-json\/wp\/v2\/posts"}],"about":[{"href":"https:\/\/www.radiopiu.net\/wordpress\/wp-json\/wp\/v2\/types\/post"}],"author":[{"embeddable":true,"href":"https:\/\/www.radiopiu.net\/wordpress\/wp-json\/wp\/v2\/users\/4"}],"replies":[{"embeddable":true,"href":"https:\/\/www.radiopiu.net\/wordpress\/wp-json\/wp\/v2\/comments?post=252751"}],"version-history":[{"count":0,"href":"https:\/\/www.radiopiu.net\/wordpress\/wp-json\/wp\/v2\/posts\/252751\/revisions"}],"wp:featuredmedia":[{"embeddable":true,"href":"https:\/\/www.radiopiu.net\/wordpress\/wp-json\/wp\/v2\/media\/139388"}],"wp:attachment":[{"href":"https:\/\/www.radiopiu.net\/wordpress\/wp-json\/wp\/v2\/media?parent=252751"}],"wp:term":[{"taxonomy":"category","embeddable":true,"href":"https:\/\/www.radiopiu.net\/wordpress\/wp-json\/wp\/v2\/categories?post=252751"},{"taxonomy":"post_tag","embeddable":true,"href":"https:\/\/www.radiopiu.net\/wordpress\/wp-json\/wp\/v2\/tags?post=252751"}],"curies":[{"name":"wp","href":"https:\/\/api.w.org\/{rel}","templated":true}]}}