{"id":252791,"date":"2022-01-07T16:55:16","date_gmt":"2022-01-07T15:55:16","guid":{"rendered":"https:\/\/www.radiopiu.net\/wordpress\/?p=252791"},"modified":"2022-01-07T20:01:21","modified_gmt":"2022-01-07T19:01:21","slug":"calcio-e-volley-fermo-in-agordino-si-gioca-solo-ad-hockey","status":"publish","type":"post","link":"https:\/\/www.radiopiu.net\/wordpress\/calcio-e-volley-fermo-in-agordino-si-gioca-solo-ad-hockey\/","title":{"rendered":"CALCIO E VOLLEY FERMO. IN AGORDINO SI GIOCA SOLO AD HOCKEY"},"content":{"rendered":"<p><strong><a href=\"https:\/\/www.radiopiu.net\/wordpress\/lo-sport-del-fine-settimana-seguito-da-radio-piu\/hockey-calcio-volley\/\" rel=\"attachment wp-att-104111\"><img loading=\"lazy\" decoding=\"async\" class=\" wp-image-104111 alignleft\" src=\"https:\/\/www.radiopiu.net\/wordpress\/wp-content\/uploads\/2019\/10\/hockey-calcio-volley-300x300.jpeg\" alt=\"\" width=\"291\" height=\"291\" srcset=\"https:\/\/www.radiopiu.net\/wordpress\/wp-content\/uploads\/2019\/10\/hockey-calcio-volley-300x300.jpeg 300w, https:\/\/www.radiopiu.net\/wordpress\/wp-content\/uploads\/2019\/10\/hockey-calcio-volley-150x150.jpeg 150w, https:\/\/www.radiopiu.net\/wordpress\/wp-content\/uploads\/2019\/10\/hockey-calcio-volley-768x768.jpeg 768w, https:\/\/www.radiopiu.net\/wordpress\/wp-content\/uploads\/2019\/10\/hockey-calcio-volley-1024x1024.jpeg 1024w, https:\/\/www.radiopiu.net\/wordpress\/wp-content\/uploads\/2019\/10\/hockey-calcio-volley.jpeg 1600w\" sizes=\"auto, (max-width: 291px) 100vw, 291px\" \/><\/a>REDAZIONE<\/strong> Doveva essere il primo fine settimana del 2022 con lo sport a pieno regime ma non sar\u00e0 cos\u00ec. Tutto, o quasi, fermo per quanto riguarda gli sport di squadra. Durante le festivit\u00e0 natalizie la FIGC ha comunicato che tutti i campionati di calcio a livello regionale venivano fermati in via preventiva. Negli ultimi giorni anche la decisione di fermare i campionati di Eccellenza maschili e femminili e, salvo ulteriori comunicazioni, si torner\u00e0 a giocare domenica 30 gennaio. Non solo il calcio si ferma ma anche la pallavolo a livello territoriale. La federazione ha comunicato proprio nei giorni scorsi che i campionati di prima, seconda e terza divisione si fermano. Anche in questo caso lo stop \u00e8 fino al 23 gennaio compreso. Agordina, Keralpen e Volley Club Agordino ai box in attesa di nuove disposizioni. L&#8217;unico sport di squadra che, fino ad ora, non ha avuto limitazioni \u00e8 l&#8217;hockey. Nel fine settimana l&#8217;Alleghe IHL non scender\u00e0 in campo visto che il calendario decreta la giornata di riposo per le civette nel master round proprio in questo weekend. Saranno impegnate le squadre giovanili con l&#8217;Alleghe Under 17 e Under 15 che scenderanno in campo per continuare la stagione.<\/p>\n<p>&nbsp;<\/p>\n<p>&nbsp;<\/p>\n<p>*****<\/p>\n","protected":false},"excerpt":{"rendered":"<p>REDAZIONE Doveva essere il primo fine settimana del 2022 con lo sport a pieno regime ma non sar\u00e0 cos\u00ec. Tutto, o quasi, fermo per quanto riguarda gli sport di squadra. Durante le festivit\u00e0 natalizie la FIGC ha comunicato che tutti i campionati di calcio a livello regionale venivano fermati in via preventiva. Negli ultimi giorni&hellip;<\/p>\n","protected":false},"author":4,"featured_media":104111,"comment_status":"closed","ping_status":"open","sticky":false,"template":"","format":"standard","meta":{"_monsterinsights_skip_tracking":false,"_monsterinsights_sitenote_active":false,"_monsterinsights_sitenote_note":"","_monsterinsights_sitenote_category":0,"footnotes":""},"categories":[104,49],"tags":[],"class_list":["post-252791","post","type-post","status-publish","format-standard","has-post-thumbnail","hentry","category-evidenza_3","category-news-18","category-104","category-49","description-off"],"img_url":"https:\/\/www.radiopiu.net\/wordpress\/wp-content\/uploads\/2019\/10\/hockey-calcio-volley.jpeg","_links":{"self":[{"href":"https:\/\/www.radiopiu.net\/wordpress\/wp-json\/wp\/v2\/posts\/252791","targetHints":{"allow":["GET"]}}],"collection":[{"href":"https:\/\/www.radiopiu.net\/wordpress\/wp-json\/wp\/v2\/posts"}],"about":[{"href":"https:\/\/www.radiopiu.net\/wordpress\/wp-json\/wp\/v2\/types\/post"}],"author":[{"embeddable":true,"href":"https:\/\/www.radiopiu.net\/wordpress\/wp-json\/wp\/v2\/users\/4"}],"replies":[{"embeddable":true,"href":"https:\/\/www.radiopiu.net\/wordpress\/wp-json\/wp\/v2\/comments?post=252791"}],"version-history":[{"count":0,"href":"https:\/\/www.radiopiu.net\/wordpress\/wp-json\/wp\/v2\/posts\/252791\/revisions"}],"wp:featuredmedia":[{"embeddable":true,"href":"https:\/\/www.radiopiu.net\/wordpress\/wp-json\/wp\/v2\/media\/104111"}],"wp:attachment":[{"href":"https:\/\/www.radiopiu.net\/wordpress\/wp-json\/wp\/v2\/media?parent=252791"}],"wp:term":[{"taxonomy":"category","embeddable":true,"href":"https:\/\/www.radiopiu.net\/wordpress\/wp-json\/wp\/v2\/categories?post=252791"},{"taxonomy":"post_tag","embeddable":true,"href":"https:\/\/www.radiopiu.net\/wordpress\/wp-json\/wp\/v2\/tags?post=252791"}],"curies":[{"name":"wp","href":"https:\/\/api.w.org\/{rel}","templated":true}]}}