{"id":252806,"date":"2022-01-07T14:25:54","date_gmt":"2022-01-07T13:25:54","guid":{"rendered":"https:\/\/www.radiopiu.net\/wordpress\/?p=252806"},"modified":"2022-01-07T14:25:54","modified_gmt":"2022-01-07T13:25:54","slug":"rigenerazione-urbana-dinca-i-progetti-gia-cantierabili-saranno-finanziati","status":"publish","type":"post","link":"https:\/\/www.radiopiu.net\/wordpress\/rigenerazione-urbana-dinca-i-progetti-gia-cantierabili-saranno-finanziati\/","title":{"rendered":"RIGENERAZIONE URBANA: D&#8217;INCA&#8217;: &#8220;I PROGETTI GIA&#8217; CANTIERABILI SARANNO FINANZIATI&#8221;"},"content":{"rendered":"<p><strong><a href=\"https:\/\/www.radiopiu.net\/wordpress\/giornale-radiopiu-13-febbraio-2021-direttore-mirko-mezzacasa\/dinca-5\/\" rel=\"attachment wp-att-190918\"><img loading=\"lazy\" decoding=\"async\" class=\"size-medium wp-image-190918 alignleft\" src=\"https:\/\/www.radiopiu.net\/wordpress\/wp-content\/uploads\/2021\/02\/dinca-300x300.jpg\" alt=\"\" width=\"300\" height=\"300\" srcset=\"https:\/\/www.radiopiu.net\/wordpress\/wp-content\/uploads\/2021\/02\/dinca-300x300.jpg 300w, https:\/\/www.radiopiu.net\/wordpress\/wp-content\/uploads\/2021\/02\/dinca-1024x1024.jpg 1024w, https:\/\/www.radiopiu.net\/wordpress\/wp-content\/uploads\/2021\/02\/dinca-150x150.jpg 150w, https:\/\/www.radiopiu.net\/wordpress\/wp-content\/uploads\/2021\/02\/dinca-768x767.jpg 768w, https:\/\/www.radiopiu.net\/wordpress\/wp-content\/uploads\/2021\/02\/dinca.jpg 1080w\" sizes=\"auto, (max-width: 300px) 100vw, 300px\" \/><\/a>ROMA <\/strong>\u201c<em>I 541 progetti di rigenerazione urbana presentati dai Comuni della nostra regione e del nord e gi\u00e0 ammessi, saranno finanziati: ne ho parlato con il Ministro dell\u2019Economia Daniele Franco, con cui ci siamo confrontati sulla problematica. Ora si dovranno reperire 900 milioni di euro necessari: le Regioni hanno un proprio fondo di 2 miliardi di euro e nell\u2019ultima legge di bilancio le abbiamo autorizzate ad utilizzare le somme residue. Non solo: sar\u00e0 possibile anche servirsi delle risorse destinate al nord del Fondo di sviluppo e coesione. Inoltre, sar\u00e0 fatto un censimento dei fondi di parte capitale residui non investiti che si potranno riutilizzare su progetti gi\u00e0 ammessi ed escutivi<\/em>\u201d. Lo dichiara Federico D\u2019Inc\u00e0, Ministro per i Rapporti con il Parlamento in merito ai progetti di rigenerazione urbana che riguardano diversi comuni del Veneto e del nord Italia. &#8220;<em>Ho seguito con particolare attenzione la vicenda legata ai progetti di rigenerazione urbana con i Comuni che sono rimasti esclusi nonostante l\u2019approvazione di progetti gi\u00e0 cantierabili, ascoltando gli appelli dei sindaci di molti territori del Veneto. I criteri utilizzati per l\u2019assegnazione dei finanziamenti hanno avuto una particolare definizione ma \u00e8 giusto che i progetti ammessi trovino le dovute risorse per essere pienamente attuati. Abbiamo una grande opportunit\u00e0 per rilanciare i nostri territori che hanno bisogno di veri e propri interventi di riqualificazione: parliamo di progetti molto importanti per i che puntano a migliorare la qualit\u00e0 degli edifici, il decoro urbano e, di conseguenza, i servizi per i cittadini. E proprio per le nostre comunit\u00e0, dal Pnrr, per il Veneto, ci sono rilevanti risorse per il settore scolastico, con oltre 300 milioni per costruire nuove scuole, asili nido, nuove palestre e mense, oltre a 32 milioni destinati alla ristrutturazione dei borghi storici su cui dobbiamo necessariamente puntare per valorizzarli anche in un\u2019ottica di rilancio turistico. Un\u2019occasione da cogliere al meglio con un continuo raccordo tra Stato ed Enti Locali<\/em>&#8220;.<\/p>\n<p>&nbsp;<\/p>\n<p>&nbsp;<\/p>\n<p>*****<\/p>\n","protected":false},"excerpt":{"rendered":"<p>ROMA \u201cI 541 progetti di rigenerazione urbana presentati dai Comuni della nostra regione e del nord e gi\u00e0 ammessi, saranno finanziati: ne ho parlato con il Ministro dell\u2019Economia Daniele Franco, con cui ci siamo confrontati sulla problematica. Ora si dovranno reperire 900 milioni di euro necessari: le Regioni hanno un proprio fondo di 2 miliardi&hellip;<\/p>\n","protected":false},"author":4,"featured_media":190918,"comment_status":"closed","ping_status":"open","sticky":false,"template":"","format":"standard","meta":{"_monsterinsights_skip_tracking":false,"_monsterinsights_sitenote_active":false,"_monsterinsights_sitenote_note":"","_monsterinsights_sitenote_category":0,"footnotes":""},"categories":[51,49],"tags":[],"class_list":["post-252806","post","type-post","status-publish","format-standard","has-post-thumbnail","hentry","category-evidenza-top","category-news-18","category-51","category-49","description-off"],"img_url":"https:\/\/www.radiopiu.net\/wordpress\/wp-content\/uploads\/2021\/02\/dinca.jpg","_links":{"self":[{"href":"https:\/\/www.radiopiu.net\/wordpress\/wp-json\/wp\/v2\/posts\/252806","targetHints":{"allow":["GET"]}}],"collection":[{"href":"https:\/\/www.radiopiu.net\/wordpress\/wp-json\/wp\/v2\/posts"}],"about":[{"href":"https:\/\/www.radiopiu.net\/wordpress\/wp-json\/wp\/v2\/types\/post"}],"author":[{"embeddable":true,"href":"https:\/\/www.radiopiu.net\/wordpress\/wp-json\/wp\/v2\/users\/4"}],"replies":[{"embeddable":true,"href":"https:\/\/www.radiopiu.net\/wordpress\/wp-json\/wp\/v2\/comments?post=252806"}],"version-history":[{"count":0,"href":"https:\/\/www.radiopiu.net\/wordpress\/wp-json\/wp\/v2\/posts\/252806\/revisions"}],"wp:featuredmedia":[{"embeddable":true,"href":"https:\/\/www.radiopiu.net\/wordpress\/wp-json\/wp\/v2\/media\/190918"}],"wp:attachment":[{"href":"https:\/\/www.radiopiu.net\/wordpress\/wp-json\/wp\/v2\/media?parent=252806"}],"wp:term":[{"taxonomy":"category","embeddable":true,"href":"https:\/\/www.radiopiu.net\/wordpress\/wp-json\/wp\/v2\/categories?post=252806"},{"taxonomy":"post_tag","embeddable":true,"href":"https:\/\/www.radiopiu.net\/wordpress\/wp-json\/wp\/v2\/tags?post=252806"}],"curies":[{"name":"wp","href":"https:\/\/api.w.org\/{rel}","templated":true}]}}