{"id":252847,"date":"2022-01-08T05:39:31","date_gmt":"2022-01-08T04:39:31","guid":{"rendered":"https:\/\/www.radiopiu.net\/wordpress\/?p=252847"},"modified":"2022-01-08T06:12:18","modified_gmt":"2022-01-08T05:12:18","slug":"lanterne-cinesi-e-pericolo-incendi-peretti-serve-unordinanza-e-rispetto-per-la-montagna","status":"publish","type":"post","link":"https:\/\/www.radiopiu.net\/wordpress\/lanterne-cinesi-e-pericolo-incendi-peretti-serve-unordinanza-e-rispetto-per-la-montagna\/","title":{"rendered":"LANTERNE CINESI E PERICOLO INCENDI. PERETTI &#8220;SERVE UN&#8217;ORDINANZA E RISPETTO PER LA MONTAGNA&#8221;"},"content":{"rendered":"<p><a href=\"https:\/\/www.radiopiu.net\/wordpress\/lanterne-cinesi-e-pericolo-incendi-peretti-serve-unordinanza-e-rispetto-per-la-montagna\/271277903_4460172504108357_2521488045072165807_n\/\" rel=\"attachment wp-att-252848\"><img loading=\"lazy\" decoding=\"async\" class=\"size-medium wp-image-252848 alignleft\" src=\"https:\/\/www.radiopiu.net\/wordpress\/wp-content\/uploads\/2022\/01\/271277903_4460172504108357_2521488045072165807_n-225x300.jpg\" alt=\"\" width=\"225\" height=\"300\" srcset=\"https:\/\/www.radiopiu.net\/wordpress\/wp-content\/uploads\/2022\/01\/271277903_4460172504108357_2521488045072165807_n-225x300.jpg 225w, https:\/\/www.radiopiu.net\/wordpress\/wp-content\/uploads\/2022\/01\/271277903_4460172504108357_2521488045072165807_n.jpg 526w\" sizes=\"auto, (max-width: 225px) 100vw, 225px\" \/><\/a><strong>REDAZIONE<\/strong> Gi\u00e0 il sindaco di Rocca Pietore, Andrea De Bernardin, all&#8217;indomani del capodano era stato molto critico verso coloro che nella notte del 31 dicembre hanno lasciato &#8220;volare&#8221; le lanterne cinesi sopra tetti, alberi, legnaie o semplicemente il bosco e in montagna gli\u00a0 incendi di sterpaglia, fienili e abitazioni non sono cosa rara. Nelle stesse ore <span class=\"\"><span class=\"nc684nl6\"><a class=\"oajrlxb2 g5ia77u1 qu0x051f esr5mh6w e9989ue4 r7d6kgcz rq0escxv nhd2j8a9 nc684nl6 p7hjln8o kvgmc6g5 cxmmr5t8 oygrvhab hcukyx3x jb3vyjys rz4wbd8a qt6c0cv9 a8nywdso i1ao9s8h esuyzwwr f1sip0of lzcic4wl gpro0wi8 oo9gr5id lrazzd5p\" tabindex=\"0\" role=\"link\" href=\"https:\/\/www.facebook.com\/groups\/1441840852715463\/user\/100003469558554\/?__cft__[0]=AZVmvzhoyT9U-5ZqhPlcFbpA9DU2QDuIOvQj9ayxW1-C4E9ud7JE35_unJe4Q5W7fmt6pUC76ycjeTghNyHkprg_dQ5ubkYwQvNCVRam2mVKkq9heYcqpKQerzs_mS1PjlqbCfbmbKBnKLqGoGQE3XkvfOH_hBkAUwrtVQmbUH5lxbMT-S68m_R1fchXkJSzxG0&amp;__tn__=-UC%2CP-R\"><strong>Agostino Dell Andrea<\/strong><\/a>\u00a0 sulla pagina facebook &#8220;Son di Selva se&#8230;&#8221; ha pubblicato la foto (a lato) di ci\u00f2 che resta delle piccole <\/span><\/span>\u00a0mongolfiera di fuoco trasportate dal vento\u00a0 che\u00a0 quando cadono spesso sono ancora accese. <em>&#8220;Spero le proibiscano&#8221;<\/em> il commento di Agostino.<br \/>\nIl gruppo di minoranza &#8220;Insieme per Selva&#8221; critica il modo di divertirsi in montagna, mancando di rispetto alla montagna ed a chi l&#8217;abita tutto l&#8217;anno. <em>\u201cSono delle attrazioni pericolose gi\u00e0 vietate, perch\u00e9 una volta in aria non governabili e nel ricadere rischiano di finire in luoghi impervi dove \u00e8 difficile recuperarle &#8211; fa notare Adriano Peretti, capogruppo di minoranza in Comune e gestore dell\u2019hotel ski Lorenzini &#8211; senza contare che in alcuni casi hanno gi\u00e0 provocato in giro per l\u2019Italia dei principio di incendio, e qui in paese tra fienili e prati secchi non possiamo permetterci queste leggerezze\u201d. <\/em>Peretti mette in evidenza che non \u00e8 possibile n\u00e8 ammissibile che l&#8217;agente di Polizia Locale possa controllare un territorio comunale tanto vasto. Il consigliere chiede invece un&#8217;ordinanza specifica con opera di sensibilizzazione da parte delle associazioni locali e strutture ricettive. Giusto per non dimenticare nella notte di Capodanno i vigili del fuoco sono intervenuti a Pian di Falzarego e gli uomini di Veneto Strade sono stati costretti a chiudere la strada per alcune ore in seguito ad un incendio, provocato dai &#8220;botti&#8221; che ha poi causato anche caduta di materiale dai pendii in fiamme.<\/p>\n<p>DAL GIORNALE RADIOPIU DEL 01 GENNAIO 2022<\/p>\n<p><strong>ROCCA PIETORE<\/strong>, <span style=\"color: #ff0000;\">Il messaggio del sindaco<\/span>\u00a0 Ringrazio il Soccorso Alpino per le ronde effettuate che sono servite e la gente che ha perlopi\u00f9 capito la situazione ed ha usato anche determinate accortezze nello &#8220;sparare&#8221;. Ringrazio i nostri Vigili del Fuoco Volontari per l&#8217;intervento a Pian Falzarego per &#8220;incendio da botti&#8221; appiccato alla boscaglia con conseguente distacco di materiale. L&#8217;ignoranza estrema di qualche caso anche in valle andrebbe sottolineata ma evito polemiche. Menziono solo gli ignoti e permettetemi anche idioti che hanno mollato in cielo le pericolosissime lampade cinesi. In ogni caso anche stavolta ce la siamo cavata senza danni e quindi Buon Anno a tutti<\/p>\n","protected":false},"excerpt":{"rendered":"<p>REDAZIONE Gi\u00e0 il sindaco di Rocca Pietore, Andrea De Bernardin, all&#8217;indomani del capodano era stato molto critico verso coloro che nella notte del 31 dicembre hanno lasciato &#8220;volare&#8221; le lanterne cinesi sopra tetti, alberi, legnaie o semplicemente il bosco e in montagna gli\u00a0 incendi di sterpaglia, fienili e abitazioni non sono cosa rara. Nelle stesse&hellip;<\/p>\n","protected":false},"author":4,"featured_media":252848,"comment_status":"closed","ping_status":"open","sticky":false,"template":"","format":"standard","meta":{"_monsterinsights_skip_tracking":false,"_monsterinsights_sitenote_active":false,"_monsterinsights_sitenote_note":"","_monsterinsights_sitenote_category":0,"footnotes":""},"categories":[51,49],"tags":[],"class_list":["post-252847","post","type-post","status-publish","format-standard","has-post-thumbnail","hentry","category-evidenza-top","category-news-18","category-51","category-49","description-off"],"img_url":"https:\/\/www.radiopiu.net\/wordpress\/wp-content\/uploads\/2022\/01\/271277903_4460172504108357_2521488045072165807_n.jpg","_links":{"self":[{"href":"https:\/\/www.radiopiu.net\/wordpress\/wp-json\/wp\/v2\/posts\/252847","targetHints":{"allow":["GET"]}}],"collection":[{"href":"https:\/\/www.radiopiu.net\/wordpress\/wp-json\/wp\/v2\/posts"}],"about":[{"href":"https:\/\/www.radiopiu.net\/wordpress\/wp-json\/wp\/v2\/types\/post"}],"author":[{"embeddable":true,"href":"https:\/\/www.radiopiu.net\/wordpress\/wp-json\/wp\/v2\/users\/4"}],"replies":[{"embeddable":true,"href":"https:\/\/www.radiopiu.net\/wordpress\/wp-json\/wp\/v2\/comments?post=252847"}],"version-history":[{"count":0,"href":"https:\/\/www.radiopiu.net\/wordpress\/wp-json\/wp\/v2\/posts\/252847\/revisions"}],"wp:featuredmedia":[{"embeddable":true,"href":"https:\/\/www.radiopiu.net\/wordpress\/wp-json\/wp\/v2\/media\/252848"}],"wp:attachment":[{"href":"https:\/\/www.radiopiu.net\/wordpress\/wp-json\/wp\/v2\/media?parent=252847"}],"wp:term":[{"taxonomy":"category","embeddable":true,"href":"https:\/\/www.radiopiu.net\/wordpress\/wp-json\/wp\/v2\/categories?post=252847"},{"taxonomy":"post_tag","embeddable":true,"href":"https:\/\/www.radiopiu.net\/wordpress\/wp-json\/wp\/v2\/tags?post=252847"}],"curies":[{"name":"wp","href":"https:\/\/api.w.org\/{rel}","templated":true}]}}