{"id":252853,"date":"2022-01-08T05:42:35","date_gmt":"2022-01-08T04:42:35","guid":{"rendered":"https:\/\/www.radiopiu.net\/wordpress\/?p=252853"},"modified":"2022-01-08T06:14:26","modified_gmt":"2022-01-08T05:14:26","slug":"in-coro-da-lamon-forza-manuel-dopo-le-notizie-positive-da-treviso","status":"publish","type":"post","link":"https:\/\/www.radiopiu.net\/wordpress\/in-coro-da-lamon-forza-manuel-dopo-le-notizie-positive-da-treviso\/","title":{"rendered":"IN CORO DA LAMON &#8220;FORZA MANUEL&#8221; DOPO LE NOTIZIE POSITIVE DA TREVISO"},"content":{"rendered":"<p><strong><img loading=\"lazy\" decoding=\"async\" class=\"alignleft\" src=\"https:\/\/www.radiopiu.net\/wordpress\/wp-content\/uploads\/2022\/01\/469940_4692297597054_1278472485_o.jpg\" width=\"206\" height=\"275\" \/>LAMON <\/strong>Una bella notizia per Lamon con il fiato sospeso da ieri sera dopo l&#8217;incidente a Manuel Tommasini 26 anni, finito con la sua moto Ktm da cross contro la facciata di un&#8217;abitazione con conseguenze pesanti.\u00a0 La bella notizia \u00e8 che il giovane \u00e8 stato svegliato dal coma e sar\u00e0\u00a0 trasferito a &#8220;casa&#8221; all&#8217;ospedale Santa Maria del Prato di Feltre. <em>&#8220;Nel corso della giornata, infatti, Manuel \u00e8 stato risvegliato ed estubato ed \u00e8 stata comunicata ai familiari l\u2019intenzione di trasferirlo oggi all\u2019ospedale di Feltre&#8221;<\/em> lo scrive\u00a0 il sito on line del Corriere delle Alpi. Manuel ha riportato diverse fratture nell&#8217;impatto La zia Donatella, ha ringraziato dai social a nome della famiglia i tantissimi lamonesi e non solo che hanno mandato messaggi di affetto a Manuel.<\/p>\n<div id=\"paywall\">\n<div id=\"paywall-fixed\" class=\"paywall__meter\">\n<div class=\"paywall__container\">\n<div class=\"paywall__content\">\n<div class=\"paywall__offer\">\n<div class=\"paywall__offer__counter\">\n<div id=\"paywall\">\n<div id=\"paywall-fixed\" class=\"paywall__meter\">\n<div class=\"paywall__container\">\n<div class=\"paywall__content\">\n<div class=\"paywall__offer\">\n<div class=\"paywall__offer__counter\"><\/div>\n<\/div>\n<\/div>\n<\/div>\n<\/div>\n<\/div>\n<\/div>\n<\/div>\n<\/div>\n<\/div>\n<\/div>\n<\/div>\n","protected":false},"excerpt":{"rendered":"<p>LAMON Una bella notizia per Lamon con il fiato sospeso da ieri sera dopo l&#8217;incidente a Manuel Tommasini 26 anni, finito con la sua moto Ktm da cross contro la facciata di un&#8217;abitazione con conseguenze pesanti.\u00a0 La bella notizia \u00e8 che il giovane \u00e8 stato svegliato dal coma e sar\u00e0\u00a0 trasferito a &#8220;casa&#8221; all&#8217;ospedale Santa&hellip;<\/p>\n","protected":false},"author":4,"featured_media":252706,"comment_status":"closed","ping_status":"open","sticky":false,"template":"","format":"standard","meta":{"_monsterinsights_skip_tracking":false,"_monsterinsights_sitenote_active":false,"_monsterinsights_sitenote_note":"","_monsterinsights_sitenote_category":0,"footnotes":""},"categories":[51,49],"tags":[],"class_list":["post-252853","post","type-post","status-publish","format-standard","has-post-thumbnail","hentry","category-evidenza-top","category-news-18","category-51","category-49","description-off"],"img_url":"https:\/\/www.radiopiu.net\/wordpress\/wp-content\/uploads\/2022\/01\/469940_4692297597054_1278472485_o.jpg","_links":{"self":[{"href":"https:\/\/www.radiopiu.net\/wordpress\/wp-json\/wp\/v2\/posts\/252853","targetHints":{"allow":["GET"]}}],"collection":[{"href":"https:\/\/www.radiopiu.net\/wordpress\/wp-json\/wp\/v2\/posts"}],"about":[{"href":"https:\/\/www.radiopiu.net\/wordpress\/wp-json\/wp\/v2\/types\/post"}],"author":[{"embeddable":true,"href":"https:\/\/www.radiopiu.net\/wordpress\/wp-json\/wp\/v2\/users\/4"}],"replies":[{"embeddable":true,"href":"https:\/\/www.radiopiu.net\/wordpress\/wp-json\/wp\/v2\/comments?post=252853"}],"version-history":[{"count":0,"href":"https:\/\/www.radiopiu.net\/wordpress\/wp-json\/wp\/v2\/posts\/252853\/revisions"}],"wp:featuredmedia":[{"embeddable":true,"href":"https:\/\/www.radiopiu.net\/wordpress\/wp-json\/wp\/v2\/media\/252706"}],"wp:attachment":[{"href":"https:\/\/www.radiopiu.net\/wordpress\/wp-json\/wp\/v2\/media?parent=252853"}],"wp:term":[{"taxonomy":"category","embeddable":true,"href":"https:\/\/www.radiopiu.net\/wordpress\/wp-json\/wp\/v2\/categories?post=252853"},{"taxonomy":"post_tag","embeddable":true,"href":"https:\/\/www.radiopiu.net\/wordpress\/wp-json\/wp\/v2\/tags?post=252853"}],"curies":[{"name":"wp","href":"https:\/\/api.w.org\/{rel}","templated":true}]}}