{"id":252864,"date":"2022-01-10T05:52:15","date_gmt":"2022-01-10T04:52:15","guid":{"rendered":"https:\/\/www.radiopiu.net\/wordpress\/?p=252864"},"modified":"2022-01-10T13:58:10","modified_gmt":"2022-01-10T12:58:10","slug":"giornale-radiopiu-10-gennaio-2022-direttore-mirko-mezzacasa","status":"publish","type":"post","link":"https:\/\/www.radiopiu.net\/wordpress\/giornale-radiopiu-10-gennaio-2022-direttore-mirko-mezzacasa\/","title":{"rendered":"GIORNALE RADIOPIU 10 GENNAIO 2022 DIRETTORE MIRKO MEZZACASA"},"content":{"rendered":"<h3 class=\"kvgmc6g5 cxmmr5t8 oygrvhab hcukyx3x c1et5uql\"><span style=\"color: #0000ff;\"><strong>INFORMAZIONE il canale su TELEGRAM informazione di prima mano e in tempo reale. iscriviti ed aiutaci a farlo conoscere\u00a0\u00a0<\/strong><\/span><\/h3>\n<p>&nbsp;<\/p>\n<hr \/>\n<p>&nbsp;<\/p>\n<blockquote>\n<h3>LA FINE DELLE FESTE, IL RIENTRO E LE SOLITE CODE<\/h3>\n<p><strong>REDAZIONE<\/strong>\u00a0 Giornata in coda ieri sulle strade del bellunese anche se particolari criticit\u00e0 non sono state segnalate. Rallentamenti al Ponte Cadore, verso Longarone, da Falcade a Cencenighe, oltre la tangenziale di Agordo per Belluno. A Caralte i primi problemi gi\u00e0 alle 14 del pomeriggio. Di seguito le foto dalla chat TELEGRAM Viabilita Provincia di Belluno, 10mila occhi sulle strade del bellunese.<br \/>\n<strong>VALLE DEL BIOIS-FALCADE<\/strong><\/p>\n<div style=\"width: 1200px;\" class=\"wp-video\"><video class=\"wp-video-shortcode\" id=\"video-252864-1\" width=\"1200\" height=\"675\" preload=\"metadata\" controls=\"controls\"><source type=\"video\/mp4\" src=\"https:\/\/www.radiopiu.net\/wordpress\/wp-content\/uploads\/2022\/01\/b11954b5-d48a-4fc2-94b2-23d0d8b8679a-1.mp4?_=1\" \/><a href=\"https:\/\/www.radiopiu.net\/wordpress\/wp-content\/uploads\/2022\/01\/b11954b5-d48a-4fc2-94b2-23d0d8b8679a-1.mp4\">https:\/\/www.radiopiu.net\/wordpress\/wp-content\/uploads\/2022\/01\/b11954b5-d48a-4fc2-94b2-23d0d8b8679a-1.mp4<\/a><\/video><\/div><\/blockquote>\n\n\t\t\t<style type='text\/css'>\n\t\t\t\t#gallery-1 {\n\t\t\t\t\tmargin: auto;\n\t\t\t\t}\n\t\t\t\t#gallery-1 .gallery-item {\n\t\t\t\t\tfloat: left;\n\t\t\t\t\tmargin-top: 10px;\n\t\t\t\t\ttext-align: center;\n\t\t\t\t\twidth: 33%;\n\t\t\t\t}\n\t\t\t\t#gallery-1 img {\n\t\t\t\t\tborder: 2px solid #cfcfcf;\n\t\t\t\t}\n\t\t\t\t#gallery-1 .gallery-caption {\n\t\t\t\t\tmargin-left: 0;\n\t\t\t\t}\n\t\t\t\t\/* see gallery_shortcode() in wp-includes\/media.php *\/\n\t\t\t<\/style>\n\t\t<div id='gallery-1' class='dt-gallery-container gallery galleryid-252864 gallery-columns-3 gallery-size-medium'><dl class='gallery-item'>\n\t\t\t\t<dt class='gallery-icon landscape'>\n\t\t\t\t\t<a class=\"rollover rollover-zoom dt-pswp-item\" title=\"df41d20b-d5e7-44d5-a072-b07af19a6db2\" data-dt-img-description=\"\" data-large_image_width=\"800\" data-large_image_height=\"760\"href='https:\/\/www.radiopiu.net\/wordpress\/wp-content\/uploads\/2022\/01\/df41d20b-d5e7-44d5-a072-b07af19a6db2.jpg'><img loading=\"lazy\" decoding=\"async\" width=\"300\" height=\"285\" src=\"https:\/\/www.radiopiu.net\/wordpress\/wp-content\/uploads\/2022\/01\/df41d20b-d5e7-44d5-a072-b07af19a6db2-300x285.jpg\" class=\"attachment-medium size-medium\" alt=\"\" aria-describedby=\"gallery-1-253139\" srcset=\"https:\/\/www.radiopiu.net\/wordpress\/wp-content\/uploads\/2022\/01\/df41d20b-d5e7-44d5-a072-b07af19a6db2-300x285.jpg 300w, https:\/\/www.radiopiu.net\/wordpress\/wp-content\/uploads\/2022\/01\/df41d20b-d5e7-44d5-a072-b07af19a6db2-768x730.jpg 768w, https:\/\/www.radiopiu.net\/wordpress\/wp-content\/uploads\/2022\/01\/df41d20b-d5e7-44d5-a072-b07af19a6db2.jpg 800w\" sizes=\"auto, (max-width: 300px) 100vw, 300px\" \/><\/a>\n\t\t\t\t<\/dt>\n\t\t\t\t\t<dd class='wp-caption-text gallery-caption' id='gallery-1-253139'>\n\t\t\t\t\tCENCENIGHE\n\t\t\t\t\t<\/dd><\/dl><dl class='gallery-item'>\n\t\t\t\t<dt class='gallery-icon landscape'>\n\t\t\t\t\t<a class=\"rollover rollover-zoom dt-pswp-item\" title=\"a231d155-84f8-4baa-ac0f-f7d837896aa4\" data-dt-img-description=\"\" data-large_image_width=\"800\" data-large_image_height=\"547\"href='https:\/\/www.radiopiu.net\/wordpress\/wp-content\/uploads\/2022\/01\/a231d155-84f8-4baa-ac0f-f7d837896aa4.jpg'><img loading=\"lazy\" decoding=\"async\" width=\"300\" height=\"205\" src=\"https:\/\/www.radiopiu.net\/wordpress\/wp-content\/uploads\/2022\/01\/a231d155-84f8-4baa-ac0f-f7d837896aa4-300x205.jpg\" class=\"attachment-medium size-medium\" alt=\"\" aria-describedby=\"gallery-1-253141\" srcset=\"https:\/\/www.radiopiu.net\/wordpress\/wp-content\/uploads\/2022\/01\/a231d155-84f8-4baa-ac0f-f7d837896aa4-300x205.jpg 300w, https:\/\/www.radiopiu.net\/wordpress\/wp-content\/uploads\/2022\/01\/a231d155-84f8-4baa-ac0f-f7d837896aa4-768x525.jpg 768w, https:\/\/www.radiopiu.net\/wordpress\/wp-content\/uploads\/2022\/01\/a231d155-84f8-4baa-ac0f-f7d837896aa4.jpg 800w\" sizes=\"auto, (max-width: 300px) 100vw, 300px\" \/><\/a>\n\t\t\t\t<\/dt>\n\t\t\t\t\t<dd class='wp-caption-text gallery-caption' id='gallery-1-253141'>\n\t\t\t\t\tCORTINA\n\t\t\t\t\t<\/dd><\/dl>\n\t\t\t\t<br style='clear: both' \/>\n\t\t\t<\/div>\n\n<p>&nbsp;<\/p>\n<p>&nbsp;<\/p>\n<hr \/>\n<p>&nbsp;<\/p>\n<p>&nbsp;<\/p>\n<blockquote>\n<h3>L&#8217;EPIFANIA TUTTE LE FESTE SI PORTA VIA&#8230; MA CI HA LASCIATO I DELINQUENTI PER LE STRADE<\/h3>\n<\/blockquote>\n<p><strong><img loading=\"lazy\" decoding=\"async\" class=\"alignleft\" src=\"https:\/\/www.radiopiu.net\/wordpress\/wp-content\/uploads\/2022\/01\/burglar-4925202__340.webp\" width=\"173\" height=\"141\" \/>BELLUNO\u00a0<\/strong> Ancora furti a Belluno e Sedico nei giorni dell&#8217;efpifania a Sedico. I malviventi hanno trovato ben poco da rubare ma hanno lasciato i danni e tanta paura tra coloro che si sono viste case e cose violate.\u00a0 Due colpi\u00a0 in zona Nogar\u00e8:\u00a0 un&#8217;abitazione con due appartamenti e\u00a0 i malviventi si sono arrampicati sulle grondaie, ieri mattina \u00e8 intervenuta anche la polizia scientifica per i rilievi.<b> <\/b>A vuoto i due colpi tentati a Libano di Sedico sabato sera. I ladri sono fuggiti senza bottino\u00a0 dopo essere stati disturbati.<\/p>\n<p>&nbsp;<\/p>\n<hr \/>\n<p>&nbsp;<\/p>\n<blockquote>\n<h3>IL CORDOGLIO<\/h3>\n<p>E&#8217; MORTO LUCA DE PAOLI, NOME NOTO NEL CALCIO FELTRINO<\/p><\/blockquote>\n<p><strong><a href=\"https:\/\/www.radiopiu.net\/wordpress\/giornale-radiopiu-10-gennaio-2022-direttore-mirko-mezzacasa\/clipboard01\/\" rel=\"attachment wp-att-253147\"><img loading=\"lazy\" decoding=\"async\" class=\"size-medium wp-image-253147 alignleft\" src=\"https:\/\/www.radiopiu.net\/wordpress\/wp-content\/uploads\/2022\/01\/Clipboard01-300x169.webp\" alt=\"\" width=\"300\" height=\"169\" srcset=\"https:\/\/www.radiopiu.net\/wordpress\/wp-content\/uploads\/2022\/01\/Clipboard01-300x169.webp 300w, https:\/\/www.radiopiu.net\/wordpress\/wp-content\/uploads\/2022\/01\/Clipboard01-768x432.webp 768w, https:\/\/www.radiopiu.net\/wordpress\/wp-content\/uploads\/2022\/01\/Clipboard01.webp 960w\" sizes=\"auto, (max-width: 300px) 100vw, 300px\" \/><\/a>FELTRE<\/strong>\u00a0 Un infarto, la causa della morte di\u00a0 Luca De Paoli, giocatore feltrino. Un malore improvviso durante la notte che non gli ha lasciato scampo. Aveva 49 anni e lascia tre figli piccoli, \u00a0abitava nel quartiere Boscariz a Feltre insieme alla mamma ed al fratello e lavorava come autista nell&#8217;azienda Prenot di Seren del Grappa. Un portiere forte, cos\u00ec lo ricorderanno le societ\u00e0 del Ripa Fenadora, la Feltrese e il Lentiai calcio, ma anche la Juventina Veterani<\/p>\n<p><strong>Il calcio Lentiai:<\/strong><em> \u00abCon profondo dolore siamo vicini alla famiglia di Luca, per tante stagioni ha fatto parte del nostro gruppo da grande numero 1, ci mancherai\u00bb. Vittorio Ferrigno scrive invece: \u00abAddio Luca, amico e compagno di tante battaglie sul campo. Resterai sempre nei nostri cuori. Alla famiglia la mia vicinanza per una dolorosa e prematura scomparsa assieme ad un affettuoso abbraccio\u00bb<\/em>.<\/p>\n<p>&nbsp;<\/p>\n<p>&nbsp;<\/p>\n<hr \/>\n<p>&nbsp;<\/p>\n<p><span style=\"color: #ff0000;\"><strong><a href=\"https:\/\/www.radiopiu.net\/wordpress\/giornale-radiopiu-07-gennaio-2022-direttore-mirko-mezzacasa\/1426551_10201921945761917_291189305_n\/\" rel=\"attachment wp-att-252705\"><img loading=\"lazy\" decoding=\"async\" class=\" wp-image-252705 alignleft\" src=\"https:\/\/www.radiopiu.net\/wordpress\/wp-content\/uploads\/2022\/01\/1426551_10201921945761917_291189305_n-225x300.jpg\" alt=\"\" width=\"114\" height=\"152\" srcset=\"https:\/\/www.radiopiu.net\/wordpress\/wp-content\/uploads\/2022\/01\/1426551_10201921945761917_291189305_n-225x300.jpg 225w, https:\/\/www.radiopiu.net\/wordpress\/wp-content\/uploads\/2022\/01\/1426551_10201921945761917_291189305_n.jpg 720w\" sizes=\"auto, (max-width: 114px) 100vw, 114px\" \/><\/a>LA BUONA NOTIZIA<\/strong><\/span><\/p>\n<blockquote>\n<h3>MANUEL, BENTORNATO A FELTRE<\/h3>\n<\/blockquote>\n<div class=\"articlePlainTitle\"><strong>LAMON <\/strong>L&#8217;annunciato trasferimento dall&#8217;ospedale Ca&#8217; Foncello di Treviso a al Santa Maria del Prato di Feltre \u00e8 gi\u00e0 stato eseguito. Manuel Tommasini, il 26 enne protagonista dell&#8217;incidente stradale avvenuto mercoled\u00ec pomeriggio in via Resenterra a Lamon \u00e8 definitivamente fuori pericolo ed \u00e8 curato nel reparto di ortopedia dell&#8217;ospedale di Feltre. Un grande sollievo per la famiglia e tutto il paese di Lamon dopo l&#8217;incidente in moto di alcuni giorni fa, Manuel era finito contro la facciata di un&#8217;abitazione.<\/div>\n<div><\/div>\n<p>&nbsp;<\/p>\n<hr \/>\n<p>&nbsp;<\/p>\n<blockquote>\n<h3><a href=\"https:\/\/www.radiopiu.net\/wordpress\/49394d4a-be71-4216-8f46-567b5b983925\/\"><img loading=\"lazy\" decoding=\"async\" class=\"wp-image-222516 alignleft\" src=\"https:\/\/www.radiopiu.net\/wordpress\/wp-content\/uploads\/2021\/07\/49394d4a-be71-4216-8f46-567b5b983925-300x199.jpg\" alt=\"\" width=\"173\" height=\"115\" srcset=\"https:\/\/www.radiopiu.net\/wordpress\/wp-content\/uploads\/2021\/07\/49394d4a-be71-4216-8f46-567b5b983925-300x199.jpg 300w, https:\/\/www.radiopiu.net\/wordpress\/wp-content\/uploads\/2021\/07\/49394d4a-be71-4216-8f46-567b5b983925-1024x680.jpg 1024w, https:\/\/www.radiopiu.net\/wordpress\/wp-content\/uploads\/2021\/07\/49394d4a-be71-4216-8f46-567b5b983925-768x510.jpg 768w, https:\/\/www.radiopiu.net\/wordpress\/wp-content\/uploads\/2021\/07\/49394d4a-be71-4216-8f46-567b5b983925.jpg 1080w\" sizes=\"auto, (max-width: 173px) 100vw, 173px\" \/><\/a>VIGILI DEL FUOCO DI FELTRE, FINE SETTIMANA TRA CALCINACCI E PICK UP DISTRUTTI<\/h3>\n<\/blockquote>\n<p><strong>FELTRE<\/strong> Caduta di calcinacci su Campogiorgio provenienti dal soprastante Sentiero della sentinella, un pick-up distrutto ai Giaroni con il conducente uscito illeso e una canna fumaria messa in sicurezza ad Alano di Piave. Tre interventi ieri per i vigili del fuoco di Feltre, impegnati in citt\u00e0, a Fonzaso e nel Basso Feltrino.\u00a0 Circa la caduta di calcinacci non\u00a0 \u00e8 escluso l&#8217;atto vandalico. Ai Giaroni incidente autonomo occorso a un pick-up condotto da un arsedese. L&#8217;uomo \u00e8 rimasto illeso, ma il pick-up \u00e8 praticamente distrutto. Nessun altro veicolo \u00e8 rimasto coinvolto.<\/p>\n<p>&nbsp;<\/p>\n<p>&nbsp;<\/p>\n<hr \/>\n<h2 style=\"text-align: center;\"><span style=\"color: #0000ff;\">\u00a0<\/span><\/h2>\n<h2 style=\"text-align: center;\"><span style=\"color: #0000ff;\">PASSO FEDAIA APERTO! CHE E&#8217; UNA GRANDE NOVITA&#8217;&#8230; MA COME E&#8217; APERTO?<\/span><\/h2>\n<p><strong>ROCCA PIETORE<\/strong> Daniel ha percorso il Passo Fedaia, da Rocca Pietore a Canazei quindi anche lungo la discesa che porta in trentino. &#8220;Come una pista di bob&#8221; la definizione di Daniel a margine del video.<\/p>\n<p>&nbsp;<\/p>\n<div style=\"width: 848px;\" class=\"wp-video\"><video class=\"wp-video-shortcode\" id=\"video-252864-2\" width=\"848\" height=\"480\" preload=\"metadata\" controls=\"controls\"><source type=\"video\/mp4\" src=\"https:\/\/www.radiopiu.net\/wordpress\/wp-content\/uploads\/2022\/01\/WhatsApp-Video-2022-01-08-at-13.02.08.mp4?_=2\" \/><a href=\"https:\/\/www.radiopiu.net\/wordpress\/wp-content\/uploads\/2022\/01\/WhatsApp-Video-2022-01-08-at-13.02.08.mp4\">https:\/\/www.radiopiu.net\/wordpress\/wp-content\/uploads\/2022\/01\/WhatsApp-Video-2022-01-08-at-13.02.08.mp4<\/a><\/video><\/div>\n<p>&nbsp;<\/p>\n<blockquote>\n<h3>CI SONO PASSI E PASSI, DIVERSE ATTENZIONI NELLE VICINE REGIONI AUTONOME<\/h3>\n<\/blockquote>\n<div style=\"width: 848px;\" class=\"wp-video\"><video class=\"wp-video-shortcode\" id=\"video-252864-3\" width=\"848\" height=\"480\" preload=\"metadata\" controls=\"controls\"><source type=\"video\/mp4\" src=\"https:\/\/www.radiopiu.net\/wordpress\/wp-content\/uploads\/2022\/01\/WhatsApp-Video-2022-01-08-at-13.27.32.mp4?_=3\" \/><a href=\"https:\/\/www.radiopiu.net\/wordpress\/wp-content\/uploads\/2022\/01\/WhatsApp-Video-2022-01-08-at-13.27.32.mp4\">https:\/\/www.radiopiu.net\/wordpress\/wp-content\/uploads\/2022\/01\/WhatsApp-Video-2022-01-08-at-13.27.32.mp4<\/a><\/video><\/div>\n<p>&nbsp;<\/p>\n<hr \/>\n<p>&nbsp;<\/p>\n<blockquote>\n<h3><span style=\"color: #ff0000;\">LA CROCE VERDE VAL BIOIS COMUNICA I DISSERVIZI PER IL MESE DI GENNAIO 2022<\/span><\/h3>\n<\/blockquote>\n<p><strong><a href=\"https:\/\/www.radiopiu.net\/wordpress\/lassessore-gianpaolo-bottacin-ribatte-alle-accuse-del-presidente-della-croce-verde-val-biois-stefano-murer\/croce-verde-val-biois-2\/\" rel=\"attachment wp-att-153811\"><img loading=\"lazy\" decoding=\"async\" class=\" wp-image-153811 alignleft\" src=\"https:\/\/www.radiopiu.net\/wordpress\/wp-content\/uploads\/2020\/08\/CROCE-VERDE-VAL-BIOIS-300x225.jpg\" alt=\"\" width=\"157\" height=\"118\" srcset=\"https:\/\/www.radiopiu.net\/wordpress\/wp-content\/uploads\/2020\/08\/CROCE-VERDE-VAL-BIOIS-300x225.jpg 300w, https:\/\/www.radiopiu.net\/wordpress\/wp-content\/uploads\/2020\/08\/CROCE-VERDE-VAL-BIOIS-1024x768.jpg 1024w, https:\/\/www.radiopiu.net\/wordpress\/wp-content\/uploads\/2020\/08\/CROCE-VERDE-VAL-BIOIS-768x576.jpg 768w, https:\/\/www.radiopiu.net\/wordpress\/wp-content\/uploads\/2020\/08\/CROCE-VERDE-VAL-BIOIS-1536x1153.jpg 1536w, https:\/\/www.radiopiu.net\/wordpress\/wp-content\/uploads\/2020\/08\/CROCE-VERDE-VAL-BIOIS.jpg 1599w\" sizes=\"auto, (max-width: 157px) 100vw, 157px\" \/><\/a>FALCADE<\/strong> Anche nel mese di gennaio la Croce Verde Val Biois non assicura l&#8217;assistenza in alcune giornate. A comunicarlo il presidente Stefano Murer. Queste le date dei disservizi: GIOVEDI&#8217; 13 GENNAIO dalle ore 20 alle 20 di VENERDI&#8217; 14 GENNAIO; VENERDI&#8217; 21 GENNAIO dalle ore 6:00 alle ore 20:00; SABATO 22 GENNAIO dalle ore 6:00 alle ore 20:00; DOMENICA 23 GENNAIO dalle ore 20:00 alle 6 di LUNEDI&#8217; 24 GENNAIO; VENERDI&#8217; 28 GENNAIO dalle ore 6:00 alle ore 20:00; SABATO 29 GENNAIO dalle ore 6:00 alle ore 20:00. Le eventuali modifiche al calendario saranno comunicate tempestivamente.<\/p>\n<p>&nbsp;<\/p>\n<p>&nbsp;<\/p>\n<hr \/>\n<p>&nbsp;<\/p>\n<blockquote>\n<h3>SNOWBOARDER ACCUSA UN MALESSERE, RECUPERATO DAL SUEM<\/h3>\n<\/blockquote>\n<p><strong><a href=\"https:\/\/www.radiopiu.net\/wordpress\/si-fa-male-con-le-ciaspole-sotto-il-coldai\/salt-suem\/\" rel=\"attachment wp-att-247613\"><img loading=\"lazy\" decoding=\"async\" class=\" wp-image-247613 alignleft\" src=\"https:\/\/www.radiopiu.net\/wordpress\/wp-content\/uploads\/2021\/12\/salt-suem-300x225.jpg\" alt=\"\" width=\"168\" height=\"126\" srcset=\"https:\/\/www.radiopiu.net\/wordpress\/wp-content\/uploads\/2021\/12\/salt-suem-300x225.jpg 300w, https:\/\/www.radiopiu.net\/wordpress\/wp-content\/uploads\/2021\/12\/salt-suem-1024x768.jpg 1024w, https:\/\/www.radiopiu.net\/wordpress\/wp-content\/uploads\/2021\/12\/salt-suem-768x576.jpg 768w, https:\/\/www.radiopiu.net\/wordpress\/wp-content\/uploads\/2021\/12\/salt-suem.jpg 1440w\" sizes=\"auto, (max-width: 168px) 100vw, 168px\" \/><\/a>BORCA DI CADORE<\/strong> Ieri alle 11.10 circa la Centrale del Suem \u00e8 stata allertata per uno snowboarder, che aveva manifestato uno stato di malessere che gli impediva di muoversi, mentre con la compagna si trovava sul Col de la Puina, di fronte al Monte Pelmo. \u00c8 quindi decollato l&#8217;elicottero del Suem di Pieve di Cadore, che ha raggiunto il luogo indicato e sbarcato il tecnico di elisoccorso. C.C., 29 anni, di Noventa Padovana (PD), \u00e8 stato quindi recuperato con un verricello corto e trasportato fino al Rifugio Aquileia, dove \u00e8 stato sbarcato. La sua ragazza \u00e8 rientrata in autonomia con gli sci.<\/p>\n<p>&nbsp;<\/p>\n<p>&nbsp;<\/p>\n<hr \/>\n<p>&nbsp;<\/p>\n<blockquote>\n<h3 class=\"entry-title\">ACC, BONA \u201cUN VERO E PROPRIO MIRACOLO\u201d<\/h3>\n<\/blockquote>\n<p><strong><a href=\"https:\/\/www.radiopiu.net\/wordpress\/acc-consegna-i-compressori-gesto-simbolico-dai-grandi-significati\/download-1114\/\" rel=\"attachment wp-att-197665\"><img loading=\"lazy\" decoding=\"async\" class=\"wp-image-197665 alignleft\" src=\"https:\/\/www.radiopiu.net\/wordpress\/wp-content\/uploads\/2021\/03\/download-2.jpg\" alt=\"\" width=\"220\" height=\"123\" \/><\/a>BORGO VALBELLUNA<\/strong>\u00a0I prossimi venti giorni per l\u2019Acc di Mel saranno decisivi, venti giorni da qui al 31 gennaio data cerchiata di rosso, termine ultimo per inoltrare le offerte vincolanti all\u2019acquisto da parte di chi l\u2019interesse lo ha gi\u00e0 manifestato. In caso contrario? \u201cLe conseguenze sarebbero drammatiche \u2013 dice Stefano Bona della Fiom-Cgil \u2013 visto che nonostante le ripetute promesse e rassicurazioni non un euro di finanziamento \u00e8 stato garantito da parte del Governo\u201d. Ma la Acc merita l\u2019appellativo di \u201cimmortale\u201d, ha dato dimostrazione e con le sue sole forze di riprendere la produzione tanto a gennaio che a febbraio pur di garantire la fornitura ad un cliente.\u00a0\u00a0<em>\u201cUn vero e proprio miracolo!\u201d,\u00a0<\/em>chiosa Stefano Bona.<\/p>\n<p>&nbsp;<\/p>\n<p>&nbsp;<\/p>\n<hr \/>\n<p>&nbsp;<\/p>\n<blockquote>\n<h3>RECUPERATO UN CERVO DAL GRETO DEL TORRENTE CORDEVOLE<\/h3>\n<\/blockquote>\n<p><strong>TAIBON\u00a0<\/strong>I Vigili del Fuoco di Agordo e la Polizia Provinciale alla presenza del Presidente dei Cacciatori di Taibon Luca Lena hanno recuperato un grande cervo dalle acque del torrente Cordevole. Un recupero difficile, i Vigili del Fuoco si sono serviti di un argano per poter riportare in strada l&#8217;animale finito almeno 50 metri sotto la 203 Agordina. Il grande cervo non \u00e8 escluso sia stato investito sulla strada per poi morire sul greto del Cordevole.<\/p>\n\n\t\t\t<style type='text\/css'>\n\t\t\t\t#gallery-2 {\n\t\t\t\t\tmargin: auto;\n\t\t\t\t}\n\t\t\t\t#gallery-2 .gallery-item {\n\t\t\t\t\tfloat: left;\n\t\t\t\t\tmargin-top: 10px;\n\t\t\t\t\ttext-align: center;\n\t\t\t\t\twidth: 33%;\n\t\t\t\t}\n\t\t\t\t#gallery-2 img {\n\t\t\t\t\tborder: 2px solid #cfcfcf;\n\t\t\t\t}\n\t\t\t\t#gallery-2 .gallery-caption {\n\t\t\t\t\tmargin-left: 0;\n\t\t\t\t}\n\t\t\t\t\/* see gallery_shortcode() in wp-includes\/media.php *\/\n\t\t\t<\/style>\n\t\t<div id='gallery-2' class='dt-gallery-container gallery galleryid-252864 gallery-columns-3 gallery-size-medium'><dl class='gallery-item'>\n\t\t\t\t<dt class='gallery-icon landscape'>\n\t\t\t\t\t<a class=\"rollover rollover-zoom dt-pswp-item\" title=\"8c300a8b-0b39-43dc-881d-e64e9a079195\" data-dt-img-description=\"\" data-large_image_width=\"1920\" data-large_image_height=\"1080\"href='https:\/\/www.radiopiu.net\/wordpress\/wp-content\/uploads\/2022\/01\/8c300a8b-0b39-43dc-881d-e64e9a079195.jpg'><img loading=\"lazy\" decoding=\"async\" width=\"300\" height=\"169\" src=\"https:\/\/www.radiopiu.net\/wordpress\/wp-content\/uploads\/2022\/01\/8c300a8b-0b39-43dc-881d-e64e9a079195-300x169.jpg\" class=\"attachment-medium size-medium\" alt=\"\" srcset=\"https:\/\/www.radiopiu.net\/wordpress\/wp-content\/uploads\/2022\/01\/8c300a8b-0b39-43dc-881d-e64e9a079195-300x169.jpg 300w, https:\/\/www.radiopiu.net\/wordpress\/wp-content\/uploads\/2022\/01\/8c300a8b-0b39-43dc-881d-e64e9a079195-1024x576.jpg 1024w, https:\/\/www.radiopiu.net\/wordpress\/wp-content\/uploads\/2022\/01\/8c300a8b-0b39-43dc-881d-e64e9a079195-768x432.jpg 768w, https:\/\/www.radiopiu.net\/wordpress\/wp-content\/uploads\/2022\/01\/8c300a8b-0b39-43dc-881d-e64e9a079195-1536x864.jpg 1536w, https:\/\/www.radiopiu.net\/wordpress\/wp-content\/uploads\/2022\/01\/8c300a8b-0b39-43dc-881d-e64e9a079195.jpg 1920w\" sizes=\"auto, (max-width: 300px) 100vw, 300px\" \/><\/a>\n\t\t\t\t<\/dt><\/dl><dl class='gallery-item'>\n\t\t\t\t<dt class='gallery-icon landscape'>\n\t\t\t\t\t<a class=\"rollover rollover-zoom dt-pswp-item\" title=\"9520a8ae-fc0f-4c5c-afd0-8cf3d68c7222\" data-dt-img-description=\"\" data-large_image_width=\"1920\" data-large_image_height=\"1080\"href='https:\/\/www.radiopiu.net\/wordpress\/wp-content\/uploads\/2022\/01\/9520a8ae-fc0f-4c5c-afd0-8cf3d68c7222.jpg'><img loading=\"lazy\" decoding=\"async\" width=\"300\" height=\"169\" src=\"https:\/\/www.radiopiu.net\/wordpress\/wp-content\/uploads\/2022\/01\/9520a8ae-fc0f-4c5c-afd0-8cf3d68c7222-300x169.jpg\" class=\"attachment-medium size-medium\" alt=\"\" srcset=\"https:\/\/www.radiopiu.net\/wordpress\/wp-content\/uploads\/2022\/01\/9520a8ae-fc0f-4c5c-afd0-8cf3d68c7222-300x169.jpg 300w, https:\/\/www.radiopiu.net\/wordpress\/wp-content\/uploads\/2022\/01\/9520a8ae-fc0f-4c5c-afd0-8cf3d68c7222-1024x576.jpg 1024w, https:\/\/www.radiopiu.net\/wordpress\/wp-content\/uploads\/2022\/01\/9520a8ae-fc0f-4c5c-afd0-8cf3d68c7222-768x432.jpg 768w, https:\/\/www.radiopiu.net\/wordpress\/wp-content\/uploads\/2022\/01\/9520a8ae-fc0f-4c5c-afd0-8cf3d68c7222-1536x864.jpg 1536w, https:\/\/www.radiopiu.net\/wordpress\/wp-content\/uploads\/2022\/01\/9520a8ae-fc0f-4c5c-afd0-8cf3d68c7222.jpg 1920w\" sizes=\"auto, (max-width: 300px) 100vw, 300px\" \/><\/a>\n\t\t\t\t<\/dt><\/dl><dl class='gallery-item'>\n\t\t\t\t<dt class='gallery-icon landscape'>\n\t\t\t\t\t<a class=\"rollover rollover-zoom dt-pswp-item\" title=\"6ead4b7c-bf48-48e0-acb0-ada9bde4aac9\" data-dt-img-description=\"\" data-large_image_width=\"1920\" data-large_image_height=\"1080\"href='https:\/\/www.radiopiu.net\/wordpress\/wp-content\/uploads\/2022\/01\/6ead4b7c-bf48-48e0-acb0-ada9bde4aac9.jpg'><img loading=\"lazy\" decoding=\"async\" width=\"300\" height=\"169\" src=\"https:\/\/www.radiopiu.net\/wordpress\/wp-content\/uploads\/2022\/01\/6ead4b7c-bf48-48e0-acb0-ada9bde4aac9-300x169.jpg\" class=\"attachment-medium size-medium\" alt=\"\" srcset=\"https:\/\/www.radiopiu.net\/wordpress\/wp-content\/uploads\/2022\/01\/6ead4b7c-bf48-48e0-acb0-ada9bde4aac9-300x169.jpg 300w, https:\/\/www.radiopiu.net\/wordpress\/wp-content\/uploads\/2022\/01\/6ead4b7c-bf48-48e0-acb0-ada9bde4aac9-1024x576.jpg 1024w, https:\/\/www.radiopiu.net\/wordpress\/wp-content\/uploads\/2022\/01\/6ead4b7c-bf48-48e0-acb0-ada9bde4aac9-768x432.jpg 768w, https:\/\/www.radiopiu.net\/wordpress\/wp-content\/uploads\/2022\/01\/6ead4b7c-bf48-48e0-acb0-ada9bde4aac9-1536x864.jpg 1536w, https:\/\/www.radiopiu.net\/wordpress\/wp-content\/uploads\/2022\/01\/6ead4b7c-bf48-48e0-acb0-ada9bde4aac9.jpg 1920w\" sizes=\"auto, (max-width: 300px) 100vw, 300px\" \/><\/a>\n\t\t\t\t<\/dt><\/dl><br style=\"clear: both\" \/>\n\t\t\t<\/div>\n\n<p>&nbsp;<\/p>\n<p><strong>LA DIRETTA DI RADIO PIU&#8217;<\/strong><\/p>\n<p>https:\/\/www.facebook.com\/radiopiu\/videos\/665067998000386<\/p>\n<p>&nbsp;<\/p>\n<div style=\"width: 640px;\" class=\"wp-video\"><video class=\"wp-video-shortcode\" id=\"video-252864-4\" width=\"640\" height=\"352\" preload=\"metadata\" controls=\"controls\"><source type=\"video\/mp4\" src=\"https:\/\/www.radiopiu.net\/wordpress\/wp-content\/uploads\/2022\/01\/WhatsApp-Video-2022-01-09-at-13.26.53.mp4?_=4\" \/><a href=\"https:\/\/www.radiopiu.net\/wordpress\/wp-content\/uploads\/2022\/01\/WhatsApp-Video-2022-01-09-at-13.26.53.mp4\">https:\/\/www.radiopiu.net\/wordpress\/wp-content\/uploads\/2022\/01\/WhatsApp-Video-2022-01-09-at-13.26.53.mp4<\/a><\/video><\/div>\n<p>&nbsp;<\/p>\n<p>&nbsp;<\/p>\n<p>&nbsp;<\/p>\n<hr \/>\n<p>&nbsp;<\/p>\n<blockquote>\n<h3>UN NUOVO OSPITE A LA VALLE AGORDINA<\/h3>\n<\/blockquote>\n<p><strong>REDAZIONE<\/strong> In centro al paese, non lontano dalla chiesa s&#8217;aggira questo animale. Un lupo?\u00a0 Se lo chiede Silvano De Col osservando la foto di Enrico De Col scattata ieri.<br \/>\n<span style=\"color: #ff0000;\"><strong>La conferma dall&#8217;esperto Francesco Dell&#8217;Osbel, Polizia Provinciale Belluno: &#8220;sicuramente \u00e8 un lupo&#8221;<\/strong><\/span><\/p>\n<p><a href=\"https:\/\/www.radiopiu.net\/wordpress\/ospitelavalle\/468dafd3-5ba4-483c-8afb-7ce90c0b07af\/\" rel=\"attachment wp-att-253046\"><img loading=\"lazy\" decoding=\"async\" class=\"alignnone wp-image-253046 size-full\" src=\"https:\/\/www.radiopiu.net\/wordpress\/wp-content\/uploads\/2022\/01\/468dafd3-5ba4-483c-8afb-7ce90c0b07af.jpg\" alt=\"\" width=\"750\" height=\"1004\" srcset=\"https:\/\/www.radiopiu.net\/wordpress\/wp-content\/uploads\/2022\/01\/468dafd3-5ba4-483c-8afb-7ce90c0b07af.jpg 750w, https:\/\/www.radiopiu.net\/wordpress\/wp-content\/uploads\/2022\/01\/468dafd3-5ba4-483c-8afb-7ce90c0b07af-224x300.jpg 224w\" sizes=\"auto, (max-width: 750px) 100vw, 750px\" \/><\/a><\/p>\n<p>&nbsp;<\/p>\n<hr \/>\n<p>&nbsp;<\/p>\n<blockquote>\n<h3>ACQUEDOTTO COLABRODO, IL GUASTO E&#8217; STATO RIPARATO DOPO LE SEGNALAZIONI DELL&#8217;OTTOBRE 2020<\/h3>\n<\/blockquote>\n<p><strong>AGORDO<\/strong> Ci sono voluti pi\u00f9 di 14 mesi dalla prima segnalazione, ma alla fine Bim Gsp ha deciso di intervenire e sistemare quella fastidiosa perdita sotto al ponte della regionale 203 agordina a Toccol di Agordo, bivio per via Teto Piciol. Zona molto trafficata e per\u00a0 oltre 500 giorni centinaia di persone, anche in transito verso la zona industriale, si sono potuti rendere conto dello spreco d&#8217;acqua e dei tempi di intervento che non sono definibili immediati. Tra l&#8217;altro il cantiere \u00e8 stato aperto a dicembre, in pieno inverno durante l&#8217;unica fitta nevicata di stagione, con mezzi e materiale a ostruire parte della carreggiata della regionale 203 agordina gi\u00e0 stressata dalle nevicate, ma evidentemente anche i tempi scelti per l&#8217;intervento non sono stati proprio azzeccati. La bella notizia \u00e8 che il guasto \u00e8 stato riparto. A seguire le foto e il video dell&#8217;intervento e i servizi d&#8217;archivio di RADIOPIU.<\/p>\n<p>&nbsp;<\/p>\n\n\t\t\t<style type='text\/css'>\n\t\t\t\t#gallery-3 {\n\t\t\t\t\tmargin: auto;\n\t\t\t\t}\n\t\t\t\t#gallery-3 .gallery-item {\n\t\t\t\t\tfloat: left;\n\t\t\t\t\tmargin-top: 10px;\n\t\t\t\t\ttext-align: center;\n\t\t\t\t\twidth: 50%;\n\t\t\t\t}\n\t\t\t\t#gallery-3 img {\n\t\t\t\t\tborder: 2px solid #cfcfcf;\n\t\t\t\t}\n\t\t\t\t#gallery-3 .gallery-caption {\n\t\t\t\t\tmargin-left: 0;\n\t\t\t\t}\n\t\t\t\t\/* see gallery_shortcode() in wp-includes\/media.php *\/\n\t\t\t<\/style>\n\t\t<div id='gallery-3' class='dt-gallery-container gallery galleryid-252864 gallery-columns-2 gallery-size-large'><dl class='gallery-item'>\n\t\t\t\t<dt class='gallery-icon landscape'>\n\t\t\t\t\t<a class=\"rollover rollover-zoom dt-pswp-item\" title=\"bda34833-19ce-4467-9431-a78732e68bc6\" data-dt-img-description=\"\" data-large_image_width=\"1600\" data-large_image_height=\"1200\"href='https:\/\/www.radiopiu.net\/wordpress\/wp-content\/uploads\/2020\/11\/bda34833-19ce-4467-9431-a78732e68bc6.jpg'><img loading=\"lazy\" decoding=\"async\" width=\"1024\" height=\"768\" src=\"https:\/\/www.radiopiu.net\/wordpress\/wp-content\/uploads\/2020\/11\/bda34833-19ce-4467-9431-a78732e68bc6-1024x768.jpg\" class=\"attachment-large size-large\" alt=\"\" srcset=\"https:\/\/www.radiopiu.net\/wordpress\/wp-content\/uploads\/2020\/11\/bda34833-19ce-4467-9431-a78732e68bc6-1024x768.jpg 1024w, https:\/\/www.radiopiu.net\/wordpress\/wp-content\/uploads\/2020\/11\/bda34833-19ce-4467-9431-a78732e68bc6-300x225.jpg 300w, https:\/\/www.radiopiu.net\/wordpress\/wp-content\/uploads\/2020\/11\/bda34833-19ce-4467-9431-a78732e68bc6-768x576.jpg 768w, https:\/\/www.radiopiu.net\/wordpress\/wp-content\/uploads\/2020\/11\/bda34833-19ce-4467-9431-a78732e68bc6-1536x1152.jpg 1536w, https:\/\/www.radiopiu.net\/wordpress\/wp-content\/uploads\/2020\/11\/bda34833-19ce-4467-9431-a78732e68bc6.jpg 1600w\" sizes=\"auto, (max-width: 1024px) 100vw, 1024px\" \/><\/a>\n\t\t\t\t<\/dt><\/dl><dl class='gallery-item'>\n\t\t\t\t<dt class='gallery-icon landscape'>\n\t\t\t\t\t<a class=\"rollover rollover-zoom dt-pswp-item\" title=\"2bce0c20-eb06-460b-b464-4fb5200eff2d\" data-dt-img-description=\"\" data-large_image_width=\"1600\" data-large_image_height=\"1200\"href='https:\/\/www.radiopiu.net\/wordpress\/wp-content\/uploads\/2020\/11\/2bce0c20-eb06-460b-b464-4fb5200eff2d.jpg'><img loading=\"lazy\" decoding=\"async\" width=\"1024\" height=\"768\" src=\"https:\/\/www.radiopiu.net\/wordpress\/wp-content\/uploads\/2020\/11\/2bce0c20-eb06-460b-b464-4fb5200eff2d-1024x768.jpg\" class=\"attachment-large size-large\" alt=\"\" srcset=\"https:\/\/www.radiopiu.net\/wordpress\/wp-content\/uploads\/2020\/11\/2bce0c20-eb06-460b-b464-4fb5200eff2d-1024x768.jpg 1024w, https:\/\/www.radiopiu.net\/wordpress\/wp-content\/uploads\/2020\/11\/2bce0c20-eb06-460b-b464-4fb5200eff2d-300x225.jpg 300w, https:\/\/www.radiopiu.net\/wordpress\/wp-content\/uploads\/2020\/11\/2bce0c20-eb06-460b-b464-4fb5200eff2d-768x576.jpg 768w, https:\/\/www.radiopiu.net\/wordpress\/wp-content\/uploads\/2020\/11\/2bce0c20-eb06-460b-b464-4fb5200eff2d-1536x1152.jpg 1536w, https:\/\/www.radiopiu.net\/wordpress\/wp-content\/uploads\/2020\/11\/2bce0c20-eb06-460b-b464-4fb5200eff2d.jpg 1600w\" sizes=\"auto, (max-width: 1024px) 100vw, 1024px\" \/><\/a>\n\t\t\t\t<\/dt><\/dl><br style=\"clear: both\" \/>\n\t\t\t<\/div>\n\n<p>&nbsp;<\/p>\n<hr \/>\n<p>&nbsp;<\/p>\n<blockquote>\n<h3>QUASI 140 MILA EURO AL COMUNE DI RIVAMONTE PER I DANNI DI VAIA<\/h3>\n<\/blockquote>\n<p><strong><a href=\"https:\/\/www.radiopiu.net\/wordpress\/dalla-certosa-di-vedana-a-valle-imperina-di-gianni-santomaso\/dav-190\/\" rel=\"attachment wp-att-170177\"><img loading=\"lazy\" decoding=\"async\" class=\"size-medium wp-image-170177 alignleft\" src=\"https:\/\/www.radiopiu.net\/wordpress\/wp-content\/uploads\/2020\/11\/36_Valle-Imperina-300x169.jpg\" alt=\"\" width=\"300\" height=\"169\" srcset=\"https:\/\/www.radiopiu.net\/wordpress\/wp-content\/uploads\/2020\/11\/36_Valle-Imperina-300x169.jpg 300w, https:\/\/www.radiopiu.net\/wordpress\/wp-content\/uploads\/2020\/11\/36_Valle-Imperina-1024x578.jpg 1024w, https:\/\/www.radiopiu.net\/wordpress\/wp-content\/uploads\/2020\/11\/36_Valle-Imperina-768x434.jpg 768w, https:\/\/www.radiopiu.net\/wordpress\/wp-content\/uploads\/2020\/11\/36_Valle-Imperina.jpg 1280w\" sizes=\"auto, (max-width: 300px) 100vw, 300px\" \/><\/a>RIVAMONTE<\/strong><\/p>\n<p>di Gianni Santomaso<\/p>\n<audio class=\"wp-audio-shortcode\" id=\"audio-252864-1\" preload=\"none\" style=\"width: 100%;\" controls=\"controls\"><source type=\"audio\/mpeg\" src=\"https:\/\/www.radiopiu.net\/wordpress\/wp-content\/uploads\/2022\/01\/GIANNI-DANNI-VAIA-RIVAMONTE.mp3?_=1\" \/><a href=\"https:\/\/www.radiopiu.net\/wordpress\/wp-content\/uploads\/2022\/01\/GIANNI-DANNI-VAIA-RIVAMONTE.mp3\">https:\/\/www.radiopiu.net\/wordpress\/wp-content\/uploads\/2022\/01\/GIANNI-DANNI-VAIA-RIVAMONTE.mp3<\/a><\/audio>\n<p>&nbsp;<\/p>\n<p>&nbsp;<\/p>\n<hr \/>\n<p>&nbsp;<\/p>\n<p>&nbsp;<\/p>\n<blockquote>\n<h3>DA LIVINALLONGO A PALUDI PER TRE ORE DI FILA PER UN TAMPONE, CON DUE BIMBI PICCOLI<\/h3>\n<\/blockquote>\n<p><strong>DILLO A RADIO PIU<\/strong> Riceviamo e volentieri pubblichiamo il pensiero di Francesco Valt dopo una mezza giornata trascorsa in auto per un tampone.<\/p>\n<p><strong>di Francesco Valt<\/strong><\/p>\n<blockquote><p><strong><img loading=\"lazy\" decoding=\"async\" class=\"alignleft\" src=\"https:\/\/www.radiopiu.net\/wordpress\/wp-content\/uploads\/2022\/01\/Covid_Point_Paludi.jpg\" width=\"229\" height=\"118\" \/>LIVINALLONGO<\/strong> Oggi consapevoli di essere positivi a un tampone fatto in casa siamo dovuti partire da Livinallongo ed arrivare a Paludi per fare tre ore di fila per un tampone a tutta la famiglia (con due bimbi piccoli sintomatici). Partiti alle 12.45 con arrivo a casa alle 19.00 Non sarebbe stato il caso, vista l&#8217;imminente inizio delle scuole nonch\u00e9 il prevedibile aumento dei casi, prevedere un covid point almeno ad Agordo aperto almeno una giornata nel fine settimana? Non sarebbe il caso che l&#8217;Ulss preveda un aumento degli orari dei covid point ad Agordo? Un grande plauso va agli operatori del covid point di Paludi che nonostante la mole di lavoro si sono rivelati gentili e super efficenti.<\/p><\/blockquote>\n<p>&nbsp;<\/p>\n<hr \/>\n<p>&nbsp;<\/p>\n<blockquote class=\"wp-embedded-content\" data-secret=\"vZmufEONrt\"><p><a href=\"https:\/\/www.radiopiu.net\/wordpress\/aggiornamentonaz2022gen09\/\">CORONAVIRUS: AGGIORNAMENTO NAZIONALE 09 GENNAIO 2022<\/a><\/p><\/blockquote>\n<p><iframe loading=\"lazy\" class=\"wp-embedded-content\" sandbox=\"allow-scripts\" security=\"restricted\" style=\"position: absolute; clip: rect(1px, 1px, 1px, 1px);\" title=\"&#8220;CORONAVIRUS: AGGIORNAMENTO NAZIONALE 09 GENNAIO 2022&#8221; &#8212; Radio Pi\u00f9\" src=\"https:\/\/www.radiopiu.net\/wordpress\/aggiornamentonaz2022gen09\/embed\/#?secret=vZmufEONrt\" data-secret=\"vZmufEONrt\" width=\"600\" height=\"338\" frameborder=\"0\" marginwidth=\"0\" marginheight=\"0\" scrolling=\"no\"><\/iframe><\/p>\n<p>&nbsp;<\/p>\n<blockquote class=\"wp-embedded-content\" data-secret=\"2eL6wpVVQ2\"><p><a href=\"https:\/\/www.radiopiu.net\/wordpress\/deciso-aumento-delle-ospedalizzazioni-20-decessi-e-quasi-14-mila-nuove-positivita-nelle-ultime-24-ore-in-veneto\/\">DECISO AUMENTO DELLE OSPEDALIZZAZIONI, 20 DECESSI E QUASI 14 MILA NUOVE POSITIVITA&#8217; NELLE ULTIME 24 ORE IN VENETO<\/a><\/p><\/blockquote>\n<p><iframe loading=\"lazy\" class=\"wp-embedded-content\" sandbox=\"allow-scripts\" security=\"restricted\" style=\"position: absolute; clip: rect(1px, 1px, 1px, 1px);\" title=\"&#8220;DECISO AUMENTO DELLE OSPEDALIZZAZIONI, 20 DECESSI E QUASI 14 MILA NUOVE POSITIVITA&#8217; NELLE ULTIME 24 ORE IN VENETO&#8221; &#8212; Radio Pi\u00f9\" src=\"https:\/\/www.radiopiu.net\/wordpress\/deciso-aumento-delle-ospedalizzazioni-20-decessi-e-quasi-14-mila-nuove-positivita-nelle-ultime-24-ore-in-veneto\/embed\/#?secret=2eL6wpVVQ2\" data-secret=\"2eL6wpVVQ2\" width=\"600\" height=\"338\" frameborder=\"0\" marginwidth=\"0\" marginheight=\"0\" scrolling=\"no\"><\/iframe><\/p>\n<p>&nbsp;<\/p>\n<h2>I GRAFICI DI TIZIANO DE COL<\/h2>\n<blockquote>\n<h3>Provincia di Belluno sotto il dato del Veneto nel rapporto contagi cumulativi\/popolazione residente<\/h3>\n<\/blockquote>\n\n\t\t\t<style type='text\/css'>\n\t\t\t\t#gallery-4 {\n\t\t\t\t\tmargin: auto;\n\t\t\t\t}\n\t\t\t\t#gallery-4 .gallery-item {\n\t\t\t\t\tfloat: left;\n\t\t\t\t\tmargin-top: 10px;\n\t\t\t\t\ttext-align: center;\n\t\t\t\t\twidth: 33%;\n\t\t\t\t}\n\t\t\t\t#gallery-4 img {\n\t\t\t\t\tborder: 2px solid #cfcfcf;\n\t\t\t\t}\n\t\t\t\t#gallery-4 .gallery-caption {\n\t\t\t\t\tmargin-left: 0;\n\t\t\t\t}\n\t\t\t\t\/* see gallery_shortcode() in wp-includes\/media.php *\/\n\t\t\t<\/style>\n\t\t<div id='gallery-4' class='dt-gallery-container gallery galleryid-252864 gallery-columns-3 gallery-size-medium'><dl class='gallery-item'>\n\t\t\t\t<dt class='gallery-icon landscape'>\n\t\t\t\t\t<a class=\"rollover rollover-zoom dt-pswp-item\" title=\"677fa20e-bda0-4535-a5fe-61623f9a487b\" data-dt-img-description=\"\" data-large_image_width=\"598\" data-large_image_height=\"360\"href='https:\/\/www.radiopiu.net\/wordpress\/wp-content\/uploads\/2022\/01\/677fa20e-bda0-4535-a5fe-61623f9a487b.jpg'><img loading=\"lazy\" decoding=\"async\" width=\"300\" height=\"181\" src=\"https:\/\/www.radiopiu.net\/wordpress\/wp-content\/uploads\/2022\/01\/677fa20e-bda0-4535-a5fe-61623f9a487b-300x181.jpg\" class=\"attachment-medium size-medium\" alt=\"\" srcset=\"https:\/\/www.radiopiu.net\/wordpress\/wp-content\/uploads\/2022\/01\/677fa20e-bda0-4535-a5fe-61623f9a487b-300x181.jpg 300w, https:\/\/www.radiopiu.net\/wordpress\/wp-content\/uploads\/2022\/01\/677fa20e-bda0-4535-a5fe-61623f9a487b.jpg 598w\" sizes=\"auto, (max-width: 300px) 100vw, 300px\" \/><\/a>\n\t\t\t\t<\/dt><\/dl><dl class='gallery-item'>\n\t\t\t\t<dt class='gallery-icon landscape'>\n\t\t\t\t\t<a class=\"rollover rollover-zoom dt-pswp-item\" title=\"53c03d4f-7341-473d-a8a5-f032009859e1\" data-dt-img-description=\"\" data-large_image_width=\"620\" data-large_image_height=\"365\"href='https:\/\/www.radiopiu.net\/wordpress\/wp-content\/uploads\/2022\/01\/53c03d4f-7341-473d-a8a5-f032009859e1.jpg'><img loading=\"lazy\" decoding=\"async\" width=\"300\" height=\"177\" src=\"https:\/\/www.radiopiu.net\/wordpress\/wp-content\/uploads\/2022\/01\/53c03d4f-7341-473d-a8a5-f032009859e1-300x177.jpg\" class=\"attachment-medium size-medium\" alt=\"\" srcset=\"https:\/\/www.radiopiu.net\/wordpress\/wp-content\/uploads\/2022\/01\/53c03d4f-7341-473d-a8a5-f032009859e1-300x177.jpg 300w, https:\/\/www.radiopiu.net\/wordpress\/wp-content\/uploads\/2022\/01\/53c03d4f-7341-473d-a8a5-f032009859e1.jpg 620w\" sizes=\"auto, (max-width: 300px) 100vw, 300px\" \/><\/a>\n\t\t\t\t<\/dt><\/dl><dl class='gallery-item'>\n\t\t\t\t<dt class='gallery-icon landscape'>\n\t\t\t\t\t<a class=\"rollover rollover-zoom dt-pswp-item\" title=\"611625cf-2e38-4d34-a8e7-4739073a1a90\" data-dt-img-description=\"\" data-large_image_width=\"602\" data-large_image_height=\"351\"href='https:\/\/www.radiopiu.net\/wordpress\/wp-content\/uploads\/2022\/01\/611625cf-2e38-4d34-a8e7-4739073a1a90.jpg'><img loading=\"lazy\" decoding=\"async\" width=\"300\" height=\"175\" src=\"https:\/\/www.radiopiu.net\/wordpress\/wp-content\/uploads\/2022\/01\/611625cf-2e38-4d34-a8e7-4739073a1a90-300x175.jpg\" class=\"attachment-medium size-medium\" alt=\"\" srcset=\"https:\/\/www.radiopiu.net\/wordpress\/wp-content\/uploads\/2022\/01\/611625cf-2e38-4d34-a8e7-4739073a1a90-300x175.jpg 300w, https:\/\/www.radiopiu.net\/wordpress\/wp-content\/uploads\/2022\/01\/611625cf-2e38-4d34-a8e7-4739073a1a90.jpg 602w\" sizes=\"auto, (max-width: 300px) 100vw, 300px\" \/><\/a>\n\t\t\t\t<\/dt><\/dl><br style=\"clear: both\" \/><dl class='gallery-item'>\n\t\t\t\t<dt class='gallery-icon landscape'>\n\t\t\t\t\t<a class=\"rollover rollover-zoom dt-pswp-item\" title=\"69c521e5-f185-4f9b-b0d4-2891650f9238\" data-dt-img-description=\"\" data-large_image_width=\"600\" data-large_image_height=\"356\"href='https:\/\/www.radiopiu.net\/wordpress\/wp-content\/uploads\/2022\/01\/69c521e5-f185-4f9b-b0d4-2891650f9238.jpg'><img loading=\"lazy\" decoding=\"async\" width=\"300\" height=\"178\" src=\"https:\/\/www.radiopiu.net\/wordpress\/wp-content\/uploads\/2022\/01\/69c521e5-f185-4f9b-b0d4-2891650f9238-300x178.jpg\" class=\"attachment-medium size-medium\" alt=\"\" srcset=\"https:\/\/www.radiopiu.net\/wordpress\/wp-content\/uploads\/2022\/01\/69c521e5-f185-4f9b-b0d4-2891650f9238-300x178.jpg 300w, https:\/\/www.radiopiu.net\/wordpress\/wp-content\/uploads\/2022\/01\/69c521e5-f185-4f9b-b0d4-2891650f9238.jpg 600w\" sizes=\"auto, (max-width: 300px) 100vw, 300px\" \/><\/a>\n\t\t\t\t<\/dt><\/dl><dl class='gallery-item'>\n\t\t\t\t<dt class='gallery-icon landscape'>\n\t\t\t\t\t<a class=\"rollover rollover-zoom dt-pswp-item\" title=\"8b6da12f-4678-487a-a36c-ed1adcdf7f25\" data-dt-img-description=\"\" data-large_image_width=\"604\" data-large_image_height=\"349\"href='https:\/\/www.radiopiu.net\/wordpress\/wp-content\/uploads\/2022\/01\/8b6da12f-4678-487a-a36c-ed1adcdf7f25.jpg'><img loading=\"lazy\" decoding=\"async\" width=\"300\" height=\"173\" src=\"https:\/\/www.radiopiu.net\/wordpress\/wp-content\/uploads\/2022\/01\/8b6da12f-4678-487a-a36c-ed1adcdf7f25-300x173.jpg\" class=\"attachment-medium size-medium\" alt=\"\" srcset=\"https:\/\/www.radiopiu.net\/wordpress\/wp-content\/uploads\/2022\/01\/8b6da12f-4678-487a-a36c-ed1adcdf7f25-300x173.jpg 300w, https:\/\/www.radiopiu.net\/wordpress\/wp-content\/uploads\/2022\/01\/8b6da12f-4678-487a-a36c-ed1adcdf7f25.jpg 604w\" sizes=\"auto, (max-width: 300px) 100vw, 300px\" \/><\/a>\n\t\t\t\t<\/dt><\/dl>\n\t\t\t\t<br style='clear: both' \/>\n\t\t\t<\/div>\n\n<p>&nbsp;<\/p>\n<hr \/>\n<p>&nbsp;<\/p>\n<blockquote>\n<h3 class=\"entry-title\">DA OGGI TAMPONI SOLO SU PRENOTAZIONE<\/h3>\n<\/blockquote>\n<p><strong>BELLUNO<\/strong> L\u2019attuale impegnativa fase epidemica sta determinando un enorme accesso ai 4 covid point aziendali, con lunghi tempi di attesa per l\u2019esecuzione del tampone e impatto sulla viabilit\u00e0 di contorno. Per questo\u00a0 da oggi per eseguire un tampone diagnostico (molecolare o antigenico) prescritto con impegnativa dal medico curante \u00e8 necessaria la prenotazione online<\/p>\n\n\t\t\t<style type='text\/css'>\n\t\t\t\t#gallery-5 {\n\t\t\t\t\tmargin: auto;\n\t\t\t\t}\n\t\t\t\t#gallery-5 .gallery-item {\n\t\t\t\t\tfloat: left;\n\t\t\t\t\tmargin-top: 10px;\n\t\t\t\t\ttext-align: center;\n\t\t\t\t\twidth: 50%;\n\t\t\t\t}\n\t\t\t\t#gallery-5 img {\n\t\t\t\t\tborder: 2px solid #cfcfcf;\n\t\t\t\t}\n\t\t\t\t#gallery-5 .gallery-caption {\n\t\t\t\t\tmargin-left: 0;\n\t\t\t\t}\n\t\t\t\t\/* see gallery_shortcode() in wp-includes\/media.php *\/\n\t\t\t<\/style>\n\t\t<div id='gallery-5' class='dt-gallery-container gallery galleryid-252864 gallery-columns-2 gallery-size-medium'><dl class='gallery-item'>\n\t\t\t\t<dt class='gallery-icon portrait'>\n\t\t\t\t\t<a class=\"rollover rollover-zoom dt-pswp-item\" title=\"isolamento_gen2022\" data-dt-img-description=\"\" data-large_image_width=\"635\" data-large_image_height=\"891\"href='https:\/\/www.radiopiu.net\/wordpress\/wp-content\/uploads\/2022\/01\/isolamento_gen2022.jpeg'><img loading=\"lazy\" decoding=\"async\" width=\"214\" height=\"300\" src=\"https:\/\/www.radiopiu.net\/wordpress\/wp-content\/uploads\/2022\/01\/isolamento_gen2022-214x300.jpeg\" class=\"attachment-medium size-medium\" alt=\"\" aria-describedby=\"gallery-5-252837\" srcset=\"https:\/\/www.radiopiu.net\/wordpress\/wp-content\/uploads\/2022\/01\/isolamento_gen2022-214x300.jpeg 214w, https:\/\/www.radiopiu.net\/wordpress\/wp-content\/uploads\/2022\/01\/isolamento_gen2022.jpeg 635w\" sizes=\"auto, (max-width: 214px) 100vw, 214px\" \/><\/a>\n\t\t\t\t<\/dt>\n\t\t\t\t\t<dd class='wp-caption-text gallery-caption' id='gallery-5-252837'>\n\t\t\t\t\tREGOLE PER L&#8217;ISOLAMENTO\n\t\t\t\t\t<\/dd><\/dl><dl class='gallery-item'>\n\t\t\t\t<dt class='gallery-icon portrait'>\n\t\t\t\t\t<a class=\"rollover rollover-zoom dt-pswp-item\" title=\"quarantena_gen2022\" data-dt-img-description=\"\" data-large_image_width=\"631\" data-large_image_height=\"893\"href='https:\/\/www.radiopiu.net\/wordpress\/wp-content\/uploads\/2022\/01\/quarantena_gen2022.jpeg'><img loading=\"lazy\" decoding=\"async\" width=\"212\" height=\"300\" src=\"https:\/\/www.radiopiu.net\/wordpress\/wp-content\/uploads\/2022\/01\/quarantena_gen2022-212x300.jpeg\" class=\"attachment-medium size-medium\" alt=\"\" aria-describedby=\"gallery-5-252838\" srcset=\"https:\/\/www.radiopiu.net\/wordpress\/wp-content\/uploads\/2022\/01\/quarantena_gen2022-212x300.jpeg 212w, https:\/\/www.radiopiu.net\/wordpress\/wp-content\/uploads\/2022\/01\/quarantena_gen2022.jpeg 631w\" sizes=\"auto, (max-width: 212px) 100vw, 212px\" \/><\/a>\n\t\t\t\t<\/dt>\n\t\t\t\t\t<dd class='wp-caption-text gallery-caption' id='gallery-5-252838'>\n\t\t\t\t\tREGOLE PER LA QUARANTENA\n\t\t\t\t\t<\/dd><\/dl><br style=\"clear: both\" \/>\n\t\t\t<\/div>\n\n<p>&nbsp;<\/p>\n<hr \/>\n<p>&nbsp;<\/p>\n<blockquote>\n<h3>VACCINAZIONE DEI BAMBINI: I PEDIATRI OSPEDALIERI RISPONDONO AI DUBBI<\/h3>\n<\/blockquote>\n<p><strong><a href=\"https:\/\/www.radiopiu.net\/wordpress\/giornale-radiopiu-10-gennaio-2022-direttore-mirko-mezzacasa\/copia-di-rosa-donna-fitness-volantino-275-x-410-mm-300-x-428-mm-270-x-204-mm-post-di-facebook\/\" rel=\"attachment wp-att-253038\"><img loading=\"lazy\" decoding=\"async\" class=\"size-medium wp-image-253038 alignleft\" src=\"https:\/\/www.radiopiu.net\/wordpress\/wp-content\/uploads\/2022\/01\/Copia-di-Rosa-Donna-Fitness-Volantino-275-x-410-mm-300-x-428-mm-270-x-204-mm-Post-di-Facebook-300x251.png\" alt=\"\" width=\"300\" height=\"251\" srcset=\"https:\/\/www.radiopiu.net\/wordpress\/wp-content\/uploads\/2022\/01\/Copia-di-Rosa-Donna-Fitness-Volantino-275-x-410-mm-300-x-428-mm-270-x-204-mm-Post-di-Facebook-300x251.png 300w, https:\/\/www.radiopiu.net\/wordpress\/wp-content\/uploads\/2022\/01\/Copia-di-Rosa-Donna-Fitness-Volantino-275-x-410-mm-300-x-428-mm-270-x-204-mm-Post-di-Facebook-768x644.png 768w, https:\/\/www.radiopiu.net\/wordpress\/wp-content\/uploads\/2022\/01\/Copia-di-Rosa-Donna-Fitness-Volantino-275-x-410-mm-300-x-428-mm-270-x-204-mm-Post-di-Facebook.png 940w\" sizes=\"auto, (max-width: 300px) 100vw, 300px\" \/><\/a>BELLUNO <\/strong>I pediatri ospedalieri sono disponibili a rispondere direttamente alle domande dei genitori in merito alla vaccinazione dei propri figli in incontri a piccoli gruppi. L\u2019iniziativa, sul modello delle consulenze personalizzate gi\u00e0 utilizzate per la vaccinazione delle donne in gravidanza, sar\u00e0 proposta negli ospedali di Pieve di Cadore, Belluno e Feltre. Per partecipare agli incontri che si svolgeranno a piccoli gruppi nelle sale convegni, \u00e8 necessaria la prenotazione ai riferimenti indicati. Sar\u00e0 presente un medico pediatra che parler\u00e0 della vaccinazione anti covid tra i 5 e gli 11 anni e risponder\u00e0 alle domande dei genitori. Questo il calendario: mercoled\u00ec 12 gennaio 2022 alle 16.00 Ospedale di PIEVE DI CADORE\u00a0 prenotazioni via mail a pediatria.bl@aulss1.veneto.it; gioved\u00ec 13 gennaio 2022 alle 17.30 Ospedale di BELLUNO Prenotazioni via mail a pediatria.bl@aulss1.veneto.it; gioved\u00ec 13 gennaio 2022 alle 18.00 Ospedale di FELTRE prenotazioni via mail a pediatria.fe@aulss1.veneto.it\u00a0 o allo 0439\/883564 dalle 8 alle 13<\/p>\n<p>&nbsp;<\/p>\n<p>&nbsp;<\/p>\n<hr \/>\n<p>&nbsp;<\/p>\n<blockquote>\n<h3>ANEF VENETO. GRIGOLETTO: &#8220;PERDITE DEL 10-15% RISPETTO AL 2019. DISDETTE DAGLI STRANIERI, TROPPA CONFUSIONE SUL GREEN PASS&#8221;<\/h3>\n<\/blockquote>\n<p><a href=\"https:\/\/www.radiopiu.net\/wordpress\/anef-veneto-rinnova-il-consiglio-direttivo-il-nuovo-presidente-e-marco-grigoletto-a-d-di-sofma-spa-di-arabba\/foto_marco_grigoletto01\/\" rel=\"attachment wp-att-241599\"><img loading=\"lazy\" decoding=\"async\" class=\"size-medium wp-image-241599 alignleft\" src=\"https:\/\/www.radiopiu.net\/wordpress\/wp-content\/uploads\/2021\/11\/foto_Marco_Grigoletto01-300x200.jpg\" alt=\"\" width=\"300\" height=\"200\" srcset=\"https:\/\/www.radiopiu.net\/wordpress\/wp-content\/uploads\/2021\/11\/foto_Marco_Grigoletto01-300x200.jpg 300w, https:\/\/www.radiopiu.net\/wordpress\/wp-content\/uploads\/2021\/11\/foto_Marco_Grigoletto01-1024x681.jpg 1024w, https:\/\/www.radiopiu.net\/wordpress\/wp-content\/uploads\/2021\/11\/foto_Marco_Grigoletto01-768x511.jpg 768w, https:\/\/www.radiopiu.net\/wordpress\/wp-content\/uploads\/2021\/11\/foto_Marco_Grigoletto01-1536x1021.jpg 1536w, https:\/\/www.radiopiu.net\/wordpress\/wp-content\/uploads\/2021\/11\/foto_Marco_Grigoletto01.jpg 1600w\" sizes=\"auto, (max-width: 300px) 100vw, 300px\" \/><\/a>Con la fine del periodo dell\u2019epifania si iniziano a intravedere i primi risultati per il settore turistico montano. Molti i turisti che si sono affollati sulle piste in questi giorni festivi, la nevicata di pochi giorni fa poi ha regalato anche un panorama mozzafiato tra le Dolomiti. Il Presidente dell\u2019ANEF Veneto Marco Grigoletto sintetizza il periodo appena trascorso. \u201c<em>Questa prima parte della stagione, al di la dei problemi logistici, di covid e di decreti da applicare di settimana in settimana \u00e8 andata bene. Siamo sui livelli del 2017 il che pu\u00f2 essere definito un buon risultato vista la situazione pandemica. Rispetto al 2019, ultima stagione di apertura stiamo perdendo dal 10 al 15% dei fatturati ma dobbiamo anche dire che in questo contesto dobbiamo essere soddisfatti come categoria<\/em>.\u201d Da oggi il super green pass \u00e8 obbligatorio sugli impianti a fune in base al decreto del 31dicembre 2021 e poi c\u2019\u00e8 il rinnovo dell\u2019ordinanza sull\u2019uso delle mascherine ffp2 di ieri. Qualche considerazione? \u201c<em>Da un punto di vista prettamente tecnico non vi sar\u00e0 nessun problema per l\u2019applicazione agli italiani del decreto SGP e dell\u2019ordinanza sulle mascherine. Quindi si potr\u00e0 accedere agli impianti sia aperti che chiusi solo con la doppia vaccinazione o la guarigione da meno di 6 mesi. Su questo Anef Veneto ha le idee chiare e non esistono categorie esenti. Lo dico perch\u00e9 sembra che da un comunicato di una associazione sportiva nazionale si potessero fare delle eccezioni al SGP per alcune categorie di atleti. Non sar\u00e0 cos\u00ec e ce ne assumiamo volentieri la responsabilit\u00e0 oltre che applicare la norma di legge del decreto del 31.12.21. <\/em><em>Per quanto riguarda gli stranieri invece, abbiamo informazioni sul fatto che vi siano molte disdette per la confusione creata sulla durata del SGP in Italia rispetto all\u2019estero. Infatti molti turisti hanno green pass da vaccinazione da pi\u00f9 di 6 mesi ma con durata 12 mesi e questo per noi \u00e8 un grosso problema dato che a breve verr\u00e0 ridotta la durata del nostro a 6 mesi e dai 4 mesi dalla seconda dose c\u2019\u00e8 gi\u00e0 la terza da fare. Questa confusione non aiuta assolutamente il turismo e prego vivamente Governo e i nostri politici locali di cercare di trovare una \u201cstandardizzazione del metodo\u201d in Europa cosicch\u00e8 anche i turisti stranieri possano accedere da vaccinati alle nostre aree sciistiche. <\/em><em>In ogni caso c\u2019\u00e8 stato un calo fisiologico del turismo da oggi ma la caduta cos\u00ec verticale non si spiega solo con la fine delle festivit\u00e0 ma anche con una generale incertezza sui comportamenti che di fatto porta i turisti a rimanere a casa. Se veramente la strada sar\u00e0 questa non mancheremo di presentare il conto al Governo.<\/em>\u201d<\/p>\n<p>&nbsp;<\/p>\n<p>&nbsp;<\/p>\n<hr \/>\n<p>&nbsp;<\/p>\n<blockquote>\n<h3>ORDINANZA TRASPORTI: SUGLI SCUOLABUS MASCHERINA FFP2 (E SENZA GREEN PASS)<\/h3>\n<\/blockquote>\n<p><strong><a href=\"https:\/\/www.radiopiu.net\/wordpress\/giornale-radiopiu-06-novembre-2020-direttore-mirko-mezzacasa\/logouncem_no_scritta-wdtr\/\" rel=\"attachment wp-att-170846\"><img loading=\"lazy\" decoding=\"async\" class=\"wp-image-170846 alignleft\" src=\"https:\/\/www.radiopiu.net\/wordpress\/wp-content\/uploads\/2020\/11\/logoUNCEM_no_scritta-wdtr-300x300.jpg\" alt=\"\" width=\"140\" height=\"140\" srcset=\"https:\/\/www.radiopiu.net\/wordpress\/wp-content\/uploads\/2020\/11\/logoUNCEM_no_scritta-wdtr-300x300.jpg 300w, https:\/\/www.radiopiu.net\/wordpress\/wp-content\/uploads\/2020\/11\/logoUNCEM_no_scritta-wdtr-150x150.jpg 150w, https:\/\/www.radiopiu.net\/wordpress\/wp-content\/uploads\/2020\/11\/logoUNCEM_no_scritta-wdtr.jpg 640w\" sizes=\"auto, (max-width: 140px) 100vw, 140px\" \/><\/a>ROMA<\/strong> Uncem ha chiesto un&#8217;interpretazione al Ministero della Salute, relativa all&#8217;ordinanza\u00a0 per scuolabus. Questi i chiarimenti arrivati: Per i soli motivi di salute e di studio, accesso ai mezzi pubblici per lo spostamento da e per isole minori con Green pass base e non rafforzato fino al 10 febbraio. Il trasporto scolastico dedicato non \u00e8 equiparato a trasporto pubblico locale rispetto all&#8217;uso delle Certificazioni verdi Covid-19 ed \u00e8 accessibile fino al 10 febbraio agli studenti (primaria, secondaria di primo e di secondo grado), anche sopra i 12 anni, con solo obbligo di mascherina Ffp2 (e senza Green pass). Sugli scuolabus non c&#8217;\u00e8 obbligo di Green pass che invece da\u00a0 OGGI\u00a0 \u00e8 obbligatorio &#8211; nella forma &#8220;rafforzata&#8221; &#8211; sui mezzi pubblici normali.<\/p>\n<p>&nbsp;<\/p>\n<p>&nbsp;<\/p>\n<hr \/>\n<p>&nbsp;<\/p>\n<div class=\"page-title-head hgroup\">\n<blockquote>\n<h3 class=\"entry-title\">A 50 ANNI DALLA MORTE DI BUZZATI NUOVE TABELLE A LIMANA DEI \u201cMIRACOLI DI VAL MOREL\u201d<\/h3>\n<\/blockquote>\n<\/div>\n<div class=\"page-title-breadcrumbs\">\n<blockquote><p><strong><img loading=\"lazy\" decoding=\"async\" class=\"alignleft\" src=\"https:\/\/www.radiopiu.net\/wordpress\/wp-content\/uploads\/2021\/08\/Dino_Buzzati.jpg\" width=\"139\" height=\"185\" \/>LIMANA\u00a0<\/strong><\/p><\/blockquote>\n<p><strong>DI DAMIANO TORMEN<\/strong><\/p>\n<audio class=\"wp-audio-shortcode\" id=\"audio-252864-2\" preload=\"none\" style=\"width: 100%;\" controls=\"controls\"><source type=\"audio\/mpeg\" src=\"https:\/\/www.radiopiu.net\/wordpress\/wp-content\/uploads\/2022\/01\/DAMIANO-1.mp3?_=2\" \/><a href=\"https:\/\/www.radiopiu.net\/wordpress\/wp-content\/uploads\/2022\/01\/DAMIANO-1.mp3\">https:\/\/www.radiopiu.net\/wordpress\/wp-content\/uploads\/2022\/01\/DAMIANO-1.mp3<\/a><\/audio>\n<p>&nbsp;<\/p>\n<\/div>\n<p>&nbsp;<\/p>\n<p>&nbsp;<\/p>\n<hr \/>\n<p>&nbsp;<\/p>\n<h2><span style=\"color: #ff0000;\"><a href=\"https:\/\/www.radiopiu.net\/wordpress\/?attachment_id=253124\" rel=\"attachment wp-att-253124\"><img loading=\"lazy\" decoding=\"async\" class=\" wp-image-253124 alignleft\" src=\"https:\/\/www.radiopiu.net\/wordpress\/wp-content\/uploads\/2022\/01\/e8e525a7-f9b0-48f9-a179-d657974bc2fd-272x300.jpg\" alt=\"\" width=\"203\" height=\"224\" srcset=\"https:\/\/www.radiopiu.net\/wordpress\/wp-content\/uploads\/2022\/01\/e8e525a7-f9b0-48f9-a179-d657974bc2fd-272x300.jpg 272w, https:\/\/www.radiopiu.net\/wordpress\/wp-content\/uploads\/2022\/01\/e8e525a7-f9b0-48f9-a179-d657974bc2fd-768x846.jpg 768w, https:\/\/www.radiopiu.net\/wordpress\/wp-content\/uploads\/2022\/01\/e8e525a7-f9b0-48f9-a179-d657974bc2fd.jpg 930w\" sizes=\"auto, (max-width: 203px) 100vw, 203px\" \/><\/a> <\/span><\/h2>\n<h2><span style=\"color: #ff0000;\">\u00a0<\/span><\/h2>\n<h2><span style=\"color: #ff0000;\">\u00a0<\/span><\/h2>\n<h2><span style=\"color: #ff0000;\">OGGI SUL CORRIERE DELLE ALPI LO SPECIALE<\/span><\/h2>\n<h3 style=\"text-align: left;\">BRUNO GNECH E L&#8217;ARTE DI IMPAGLIARE LE SEDIE<\/h3>\n<p>di Gianni Santomaso<\/p>\n<p>&nbsp;<\/p>\n<p>&nbsp;<\/p>\n<p>&nbsp;<\/p>\n<hr \/>\n<p>&nbsp;<\/p>\n<blockquote>\n<h3>RADUNO INVERNALE ED ASSEMBLEA SOCI DEL GRUPPO ANA DI MEL<\/h3>\n<\/blockquote>\n<p><strong><a href=\"https:\/\/www.radiopiu.net\/wordpress\/giornale-radiopiu-10-gennaio-2022-direttore-mirko-mezzacasa\/ana-mel\/\" rel=\"attachment wp-att-253020\"><img loading=\"lazy\" decoding=\"async\" class=\"size-medium wp-image-253020 alignleft\" src=\"https:\/\/www.radiopiu.net\/wordpress\/wp-content\/uploads\/2022\/01\/ANA.MEL_-300x225.jpg\" alt=\"\" width=\"300\" height=\"225\" srcset=\"https:\/\/www.radiopiu.net\/wordpress\/wp-content\/uploads\/2022\/01\/ANA.MEL_-300x225.jpg 300w, https:\/\/www.radiopiu.net\/wordpress\/wp-content\/uploads\/2022\/01\/ANA.MEL_-768x576.jpg 768w, https:\/\/www.radiopiu.net\/wordpress\/wp-content\/uploads\/2022\/01\/ANA.MEL_.jpg 1024w\" sizes=\"auto, (max-width: 300px) 100vw, 300px\" \/><\/a>BORGO VALBELLUNA <\/strong>Per il Gruppo Alpini di Mel il 2021 \u00e8 stato un anno che, pur nelle limitazioni imposte dalla lotta contro la pandemia, ha permesso di svolgere le attivit\u00e0 istituzionali e partecipare a vari interventi. Come consuetudine, il raduno invernale si \u00e8 aperto con la Santa Messa celebrata presso la chiesa arcipretale di Mel da don Massimiliano in cui, nel corso della liturgia, si sono ricordati gli Alpini andati avanti nell\u2019ultimo anno e rivolto un pensiero commosso e preghiera in loro memoria, accumunati dalla preghiera dell\u2019Alpino letta dal capo Gruppo. Presenti otto Gagliardetti di Gruppi viciniori e altri vessilli, oltre alle autorit\u00e0 civili e militari. Dopo il trasferimento nella sede di Tallandino, alla presenza di circa settanta Soci, del Sindaco di Borgo Valbelluna Stefano Cesa e della madrina Lietta Ripesi, si \u00e8 svolta la cerimonia dell\u2019alzabandiera sulle note dell\u2019inno nazionale e l\u2019omaggio a chi \u00e8 andato avanti,. Nel corso dell\u2019assemblea il Capogruppo Aldo Mastellotto ha affermato : <em>Siamo giunti al termine di un anno abbastanza controverso, causa Covid19, che ci ha visti alternare momenti di libert\u00e0 \u201cvigilata\u201d ad altri di ristrettezze di movimento. L\u2019anno scorso non ci \u00e8 stato possibile fare il raduno invernale e l\u2019assemblea di Gruppo per una recrudescenza dei contagi. Solo una Messa a Villa di Villa a suffragio dei nostri soci andati avanti e la deposizione di una corona al monumento ai caduti, con la partecipazione di un numero ristretto di soci, autorit\u00e0 e amici di altri Gruppi Alpini e della Presidenza di Sezione. Anche la Protezione Civile ha dovuto rinunciare alla\u00a0 annuale assemblea ai primi di gennaio. <\/em><em>Per mantenere viva una tradizione decennale, si sono potute preparare le trippe a San Valentino, ma solo per asporto. Annullata l\u2019Adunata Nazionale, il Capogruppo e alcuni soci delegati sono stati presenti il 30 maggio all\u2019assemblea di Sezione presieduta dal nostro socio Edoardo Comiotto con la premiazione del Generale Cappello Lorenzo che proprio quel giorno compiva cento anni. <a href=\"https:\/\/www.radiopiu.net\/wordpress\/giornale-radiopiu-10-gennaio-2022-direttore-mirko-mezzacasa\/ana-mel-2\/\" rel=\"attachment wp-att-253021\"><img loading=\"lazy\" decoding=\"async\" class=\"size-medium wp-image-253021 alignright\" src=\"https:\/\/www.radiopiu.net\/wordpress\/wp-content\/uploads\/2022\/01\/ANA..MEL_-300x225.jpg\" alt=\"\" width=\"300\" height=\"225\" srcset=\"https:\/\/www.radiopiu.net\/wordpress\/wp-content\/uploads\/2022\/01\/ANA..MEL_-300x225.jpg 300w, https:\/\/www.radiopiu.net\/wordpress\/wp-content\/uploads\/2022\/01\/ANA..MEL_-768x576.jpg 768w, https:\/\/www.radiopiu.net\/wordpress\/wp-content\/uploads\/2022\/01\/ANA..MEL_.jpg 1024w\" sizes=\"auto, (max-width: 300px) 100vw, 300px\" \/><\/a><\/em>Fra le attivit\u00e0 attuate il Capogruppo ha ricordato l\u2019apertura della struttura di Praderadego che ha riscontrato notevole soddisfazione da parte delle numerose persone che l\u2019hanno frequentata, il tradizionale incontro dei Gruppi della pedemontana Bellunese\/Trevigiana e dopo mesi d\u2019isolamento dalla Casa di riposo di Mel l\u2019avvicinamento ideale agli ospiti con l\u2019offerta, assieme all\u2019Auser, di un concentratore di ossigeno a ricordo del socio Elio Del Pizzol. Intervenendo all\u2019incontro il Vice presidente vicario della Sezione di Belluno Ezio Caldart\u00a0 ha ribadito la volont\u00e0 dell\u2019ANA, situazione sanitaria permettendo, di proseguire nel suo cammino istituzionale\u00a0 con il Raduno nazionale di Rimini ed altri programmati nella stessa Belluno quale il Raduno della Cadore, il Raduno Triveneto ed i consueti appuntamenti in calendario. Ha poi ricordato il successo dei campi scuola per giovani i cui posti per il prossimo anno (2700 circa) sono gi\u00e0 stati prenotati. Caldart ha poi ricordato che, vista la sospensione del servizio di leva, sono in corso contatti con i tre Ministeri interessati per la costituzione di un sistema che coinvolga i giovani nel dedicare alcuni mesi della loro vita allo Stato. Ci\u00f2 permetter\u00e0 loro di scegliere come utilizzare i bonus maturati per questo servizio per la carriera nelle istituzioni militari o civili.<\/p>\n<p>&nbsp;<\/p>\n<p>&nbsp;<\/p>\n<hr \/>\n<p>&nbsp;<\/p>\n<blockquote>\n<h3 class=\"entry-title\">RINCARI ENERGIA ELETTRICA: QUEST\u2019ANNO LE IMPRESE VENETE PAGHERANNO QUASI 4 MILIARDI IN PIU\u2019<\/h3>\n<\/blockquote>\n<p class=\"photoswipe-wrapper\"><a class=\"dt-pswp-item pspw-wrap-ready\" href=\"https:\/\/www.radiopiu.net\/wordpress\/wp-content\/uploads\/2022\/01\/Schermata-2022-01-08-alle-09.41.27.png\" data-dt-img-description=\"\" data-large_image_width=\"1134\" data-large_image_height=\"1538\"><img loading=\"lazy\" decoding=\"async\" class=\"alignleft size-medium wp-image-252926\" src=\"https:\/\/www.radiopiu.net\/wordpress\/wp-content\/uploads\/2022\/01\/Schermata-2022-01-08-alle-09.41.27-221x300.png\" sizes=\"auto, (max-width: 221px) 100vw, 221px\" srcset=\"https:\/\/www.radiopiu.net\/wordpress\/wp-content\/uploads\/2022\/01\/Schermata-2022-01-08-alle-09.41.27-221x300.png 221w, https:\/\/www.radiopiu.net\/wordpress\/wp-content\/uploads\/2022\/01\/Schermata-2022-01-08-alle-09.41.27-755x1024.png 755w, https:\/\/www.radiopiu.net\/wordpress\/wp-content\/uploads\/2022\/01\/Schermata-2022-01-08-alle-09.41.27-768x1042.png 768w, https:\/\/www.radiopiu.net\/wordpress\/wp-content\/uploads\/2022\/01\/Schermata-2022-01-08-alle-09.41.27-1133x1536.png 1133w, https:\/\/www.radiopiu.net\/wordpress\/wp-content\/uploads\/2022\/01\/Schermata-2022-01-08-alle-09.41.27.png 1134w\" alt=\"\" width=\"221\" height=\"300\" \/><\/a>Rispetto al 2019, ammonta a quasi 4 miliardi di euro l\u2019extra costo che le imprese venete sosterranno quest\u2019anno a causa dell\u2019aumento del prezzo delle tariffe elettriche. Nel giro di 3 anni, infatti, il costo della bolletta della luce in capo alle nostre aziende \u00e8 pressoch\u00e9 raddoppiato. Un incremento spaventoso che, sommato al rincaro del gas, costringer\u00e0 molte attivit\u00e0, almeno temporaneamente, a chiudere gli impianti produttivi.<\/p>\n<p>I calcoli sono stati effettuati dall\u2019Ufficio studi della CGIA che, per l\u2019anno in corso, ha ipotizzato un consumo complessivo di energia elettrica delle imprese pari a quello registrato nel 2019 (anno pre-Covid). Si \u00e8 inoltre stimata per il 2022 una tariffa media dell\u2019energia elettrica per le imprese pari a 150 euro per MWh. E\u2019 stata determinata questa soglia dal momento che nei primi 5 giorni di questo nuovo anno la tariffa \u00e8 scesa al di sotto dei 200 euro per MWh. Si segnala, altres\u00ec, che le principali istituzioni prevedono una progressiva (anche se non velocissima) riduzione nel corso di tutto il 2022. Si ricorda, infine, che nello scorso mese di dicembre il prezzo medio dell\u2019energia elettrica per le imprese aveva toccato i 281 euro per MWh (media 2021 pari a 125,5 euro per MWh) (vedi Graf. 1 e Graf. 2).<\/p>\n<p>A livello territoriale il rincaro maggiore graver\u00e0 sulle imprese ubicate in Lombardia: rispetto al 2019, l\u2019incremento del costo per l\u2019energia elettrica sar\u00e0 pari a 8,5 miliardi di euro. Subito dopo scorgiamo la nostra regione con un extra costo pari a 3,9 miliardi di euro, l\u2019Emilia Romagna con 3,5 miliardi e subito dopo il Piemonte con 2,9 miliardi di euro. Essendo le attivit\u00e0 economiche concentrare prevalentemente al Nord, saranno le attivit\u00e0 di questa ripartizione ha subire l\u2019ammontare complessivo dei rincari pi\u00f9 importanti. A fronte di un aumento che, come dicevamo, sar\u00e0 a livello nazionale di quasi 36 miliardi, 22 (pari al 61 per cento del totale nazionale) interesseranno le imprese settentrionali (vedi Tab. 1).<\/p>\n<p>I settori pi\u00f9 \u201ccolpiti\u201d saranno, almeno in linea teorica, quelli che registrano anche in Veneto i consumi di energia elettrica pi\u00f9 importanti. Riferendoci ai dati dei consumi elettrici del 2019, essi sono:<\/p>\n<p class=\"photoswipe-wrapper\"><a class=\"dt-pswp-item pspw-wrap-ready\" href=\"https:\/\/www.radiopiu.net\/wordpress\/wp-content\/uploads\/2022\/01\/Schermata-2022-01-08-alle-09.41.38.png\" data-dt-img-description=\"\" data-large_image_width=\"1294\" data-large_image_height=\"1554\"><img loading=\"lazy\" decoding=\"async\" class=\"alignleft size-medium wp-image-252925\" src=\"https:\/\/www.radiopiu.net\/wordpress\/wp-content\/uploads\/2022\/01\/Schermata-2022-01-08-alle-09.41.38-250x300.png\" sizes=\"auto, (max-width: 250px) 100vw, 250px\" srcset=\"https:\/\/www.radiopiu.net\/wordpress\/wp-content\/uploads\/2022\/01\/Schermata-2022-01-08-alle-09.41.38-250x300.png 250w, https:\/\/www.radiopiu.net\/wordpress\/wp-content\/uploads\/2022\/01\/Schermata-2022-01-08-alle-09.41.38-853x1024.png 853w, https:\/\/www.radiopiu.net\/wordpress\/wp-content\/uploads\/2022\/01\/Schermata-2022-01-08-alle-09.41.38-768x922.png 768w, https:\/\/www.radiopiu.net\/wordpress\/wp-content\/uploads\/2022\/01\/Schermata-2022-01-08-alle-09.41.38-1279x1536.png 1279w, https:\/\/www.radiopiu.net\/wordpress\/wp-content\/uploads\/2022\/01\/Schermata-2022-01-08-alle-09.41.38.png 1294w\" alt=\"\" width=\"250\" height=\"300\" \/><\/a>metallurgia (acciaierie, fonderie, ferriere, etc.);<br \/>\ncommercio (negozi, botteghe, centri commerciali, etc.);<br \/>\naltri servizi (cinema, teatri, discoteche, lavanderie, parrucchieri, estetiste, etc.);<br \/>\nalimentari (pastifici, prosciuttifici, panifici, molini, etc.);<br \/>\nalberghi, bar e ristoranti;<br \/>\ntrasporto e logistica;<br \/>\nchimica (vedi Tab. 2).<\/p>\n<p>Per fronteggiare questa situazione, secondo la CGIA va attuata nel medio periodo una strategia europea comune per stabilizzare il prezzo del gas sul mercato, uniformando le condizioni di approvvigionamento e riducendo cos\u00ec i differenziali di prezzo tra i paesi membri. Auspicando che questa fiammata si esaurisca entro la prima parte del 2022, la situazione deve essere affrontata immediatamente con misure tampone. Secondo l\u2019Ufficio studi della CGIA, infatti, il Governo dovrebbe incrementare le risorse gi\u00e0 messe a disposizione con la legge di Bilancio 2022, mettendo a disposizione delle imprese almeno 1 miliardo di euro al mese fino al prossimo mese di giugno per compensare gli aumenti tariffari.<\/p>\n<p>&nbsp;<\/p>\n<p>&nbsp;<\/p>\n<p><em>Nota metodologica<\/em><br \/>\n<em>Le stime sono state costruite a partire dai dati sui consumi energetici delle imprese nel 2019 (anno prima del Covid) ipotizzando per l\u2019anno in corso (il 2022) gli stessi consumi del 2019.<\/em><br \/>\n<em>La stima della bolletta dell\u2019energia elettrica per le imprese nel 2019 (pari a 36 miliardi di euro al netto dell\u2019IVA) \u00e8 frutto di un calcolo che tiene conto dei prezzi medi ponderati per classe di consumo energetico ricavati dal database Eurostat per le utenze non domestiche su base semestrale.<\/em><br \/>\n<em>La stima dei costi dell\u2019energia elettrica relativa al 2022 \u00e8 stata costruita ipotizzando, per il 2022, un Prezzo Unico Nazionale (PUN) medio pari a 150 euro per MWh; il PUN \u00e8 il prezzo di riferimento dell\u2019energia elettrica rilevato sulla borsa elettrica italiana ed \u00e8 monitorato dalle statistiche del GME (Gestore dei Mercati Elettrici); in questa stima un tale incremento rispetto al 2019 (+187% per il PUN che nell\u2019anno pre-Covid si attestava a 52 euro per MWh), si traduce in una crescita percentuale \u201cleggermente\u201d inferiore della bolletta dell\u2019energia elettrica delle imprese che comunque raddoppierebbe (+100%) toccando i 72 miliardi di euro in quanto l\u2019aumento del prezzo della materia prima impatta su una parte e non su tutto il costo complessivo della bolletta (che comprende anche costi di commercializzazione, trasmissione, oneri, margini ecc.).<\/em><br \/>\n<em>La previsione di un prezzo medio di 150 euro per MWh per il 2022 \u00e8 superiore al prezzo medio del 2021 (125 euro per MWh), un anno che si \u00e8 tuttavia caratterizzato per la fiammata dei prezzi nell\u2019ultimo trimestre con valori che hanno sfondato abbondantemente i 200 euro per MWh; addirittura 281 euro per MWh nel mese di dicembre del 2021.<\/em><br \/>\n<em>In questo lavoro si \u00e8 scelto un prezzo medio di 150 euro per MWh dal momento che nei primi giorni di gennaio del 2022 il prezzo \u00e8 rientrato al di sotto dei 200 euro per MWh e che le principali istituzioni prevedono una progressiva (anche se non velocissima) riduzione dei prezzi nel corso del 2022. Tuttavia, nell\u2019ipotesi avversa di un prezzo medio di 200 euro per MWh nel 2022 l\u2019impatto sulle imprese sarebbe ancora pi\u00f9 drammatico con una bolletta dell\u2019energia elettrica che supererebbe i 90 miliardi di euro (+150% rispetto al 2019).<\/em><\/p>\n<p>&nbsp;<\/p>\n<hr \/>\n<p>&nbsp;<\/p>\n<blockquote>\n<h3>L&#8217;INTERVISTA A LORIS SERAFINI. IL NUOVO LIBRO SU DON ANTONIO DELLA LUCIA<\/h3>\n<\/blockquote>\n<p>&nbsp;<\/p>\n<p><strong>di Luisa Manfroi<\/strong><\/p>\n<p>&nbsp;<\/p>\n<p><a href=\"https:\/\/www.radiopiu.net\/wordpress\/lintervista-a-loris-serafini-il-nuovo-libro-su-don-antonio-della-lucia\/loris-serafini-con-una-copia-della-sua-ricerca-su-don-antonio-della-lucia-1\/\" rel=\"attachment wp-att-253135\"><img loading=\"lazy\" decoding=\"async\" class=\"size-medium wp-image-253135 alignleft\" src=\"https:\/\/www.radiopiu.net\/wordpress\/wp-content\/uploads\/2022\/01\/Loris-Serafini-con-una-copia-della-sua-ricerca-su-don-Antonio-Della-Lucia-1-225x300.jpg\" alt=\"\" width=\"225\" height=\"300\" srcset=\"https:\/\/www.radiopiu.net\/wordpress\/wp-content\/uploads\/2022\/01\/Loris-Serafini-con-una-copia-della-sua-ricerca-su-don-Antonio-Della-Lucia-1-225x300.jpg 225w, https:\/\/www.radiopiu.net\/wordpress\/wp-content\/uploads\/2022\/01\/Loris-Serafini-con-una-copia-della-sua-ricerca-su-don-Antonio-Della-Lucia-1-768x1024.jpg 768w, https:\/\/www.radiopiu.net\/wordpress\/wp-content\/uploads\/2022\/01\/Loris-Serafini-con-una-copia-della-sua-ricerca-su-don-Antonio-Della-Lucia-1-1152x1536.jpg 1152w, https:\/\/www.radiopiu.net\/wordpress\/wp-content\/uploads\/2022\/01\/Loris-Serafini-con-una-copia-della-sua-ricerca-su-don-Antonio-Della-Lucia-1.jpg 1200w\" sizes=\"auto, (max-width: 225px) 100vw, 225px\" \/><\/a> Quando si parla di don Antonio Della Lucia (1824 \u2013 1906) torna alla mente la foto che lo ritrae insieme ad altri, davanti alla latteria di Canale d\u2019Agordo, in abito scuro e con un cappello a cilindro in testa. La stessa immagine che fa da copertina dell\u2019ultimo lavoro di Loris Serafini \u201cIl Cavalier don Antonio Della Lucia. Biografia di un pastore rivoluzionario, filantropo e poeta\u201d (Edizioni Bellunesi nel Mondo). Un\u2019altra\u00a0 lodevole ricerca di Serafini,\u00a0 direttore della Fondazione Papa Luciani di Canale d\u2019Agordo e curatore scientifico del <strong>Museo Albino Luciani Papa Giovanni Paolo I (Musal)<\/strong> che ha gi\u00e0 all\u2019attivo una lunga serie di pubblicazioni a carattere storico.<\/p>\n<p><strong>Da dove nasce l&#8217;interesse per don Antonio Della Lucia?<\/strong><\/p>\n<p>\u00abL&#8217;interesse nasce da \u201cmia m\u00e9da\u201d Corinna Serafini. Quando era piccolo mi raccontava di come ci fosse stato a Canale un \u201cPiov\u00e0n\u201d davvero molto speciale, che sapeva ipnotizzare la gente, sia in senso figurato che in senso reale. Mi spiegava come don Antonio fosse riuscito a ipnotizzare due persone di Canale che avevano tentato di rubargli l&#8217;incasso della vendita del formaggio mentre tornava in calesse da Cencenighe in localit\u00e0 \u201cAi Forn\u201d. L&#8217;arciprete aveva poi schioccato le dita, risvegliandoli, quando era giunto in canonica. I due erano poi fuggiti per la vergogna. In secondo luogo l&#8217;interesse mi \u00e8 nato perch\u00e9 accanto a casa mia sorge la prima latteria cooperativa d&#8217;Italia da lui istituita e da piccolo, a scuola, ce la facevano visitare insieme al \u201ccas\u00e8r\u201d, \u201cel Vit\u00f2rio Luzi\u00e0ni\u201d, che sapeva &#8220;magicamente&#8221; spostare il fuoco con un sistema a leva da una parte all&#8217;altra della stanza di lavorazione del latte. Una volta cresciuto, la sua figura mi ha incuriosito molto, al punto di essermi ripromesso di scriverne una biografia, in accordo con Giorgia Menegolli, autrice del bellissimo saggio &#8220;il Maestro di papa Luciani&#8221; che parla della figura di un discepolo di don Antonio, don Filippo Carli, educatore di papa Luciani e con don Davide Fiocco, grande estimatore di don Antonio.\u00bb<\/p>\n<p>Una ventina di anni fa l\u2019allora parroco don Sirio Da Corte aveva incaricato Serafini di riordinare l\u2019archivio ed erano emersi dei carteggi significativi. La ricerca \u00e8 stata incoraggiata anche da Gianquinto Perissinotto, presidente della Fondazione Silla Ghedina di Cortina d&#8217;Ampezzo e quindi recentemente appoggiata dall\u2019&#8217;Associazione Bellunesi nel Mondo che ha voluto pubblicarla.<\/p>\n<p><strong>Nel sottotitolo della biografia di don Antonio si usano le espressioni &#8220;pastore rivoluzionario&#8221;, &#8220;filantropo&#8221; e &#8220;profeta&#8221;. Quali sono le motivazioni alla base di queste definizioni e quali sono stati i suoi meriti? <\/strong><\/p>\n<p>\u00ab&#8221;Pastore&#8221; perch\u00e9 oltre ad essere pienamente inserito nel contesto agricolo del suo territorio, egli si riteneva prima di tutto una guida spirituale, un sacerdote. &#8220;Rivoluzionario&#8221; perch\u00e9 rovesci\u00f2 letteralmente il punto di vista della sua gente, arroccata in una mentalit\u00e0 arretrata e controproducente, soprattutto per quanto riguarda l&#8217;utilizzo delle risorse per la propria sopravvivenza. &#8220;Filantropo&#8221;. Come dice la parola greca, egli era un vero appassionato delle persone, del loro benessere spirituale ed economico. Quindi, da vero pastore evangelico, &#8220;si prendeva cura delle sue pecorelle&#8221;, condividendone ansie, gioie, speranze, problemi. Per aiutare la sua gente istitu\u00ec per primo in provincia un asilo rurale, cre\u00f2 biblioteche popolari circolanti, la cassa rurale, le cooperative di consumo e del latte e molte altre iniziative finalizzate a migliorare le condizioni di vita dei suoi parrocchiani in patria come anche in Brasile, verso cui curava l&#8217;emigrazione in modo da permettere a chi non aveva alternative, di giungere in maniera sicura nelle terre del Sud America. \u201cProfeta&#8221;, perch\u00e9 ci vide molto pi\u00f9 in l\u00e0 dei propri contemporanei, anticip\u00f2 i tempi di molti decenni, anzi di pi\u00f9 di cent&#8217;anni (quando ad esempio chiedeva l&#8217;equiparazione giuridica della donna all&#8217;uomo), prepar\u00f2 il terreno a uno sviluppo spirituale e sociale inimmaginabile. Come San Giovanni Battista prepar\u00f2 la strada al Cristo, cos\u00ec don Antonio prepar\u00f2 lo sbocciare della vocazione di Albino Luciani, senza saperlo, perch\u00e9 fu il formatore dei suoi formatori. Ma ancora meglio, don Antonio \u00e8 un profeta perch\u00e9 aveva intravisto centocinquant\u2019anni una strada per il successo anche economico di questa terra che fu parzialmente realizzata allora, ma che resta ancora da realizzare oggi. I suoi meriti sono stati quelli di aver indicato una strada da seguire, un modello di societ\u00e0 da perseguire. Ma i suoi consigli oggi sono disattesi e sono caduti nell&#8217;oblio.\u00bb<\/p>\n<p><strong>La personalit\u00e0 e l&#8217;operato di don Antonio Della Lucia hanno avuto influenze su Albino Luciani? Esiste un legame con il Pontefice di Canale d\u2019Agordo? <\/strong><\/p>\n<p>\u00abIl legame con Albino Luciani si esplicita in maniera indiretta. Lo ricorda il Cardinale Parolin nella prefazione del libro, come pure il prof. Gullino: c&#8217;\u00e8 un filo che li lega. Bortola Tancon, Filippo Carli e Felice Cappello furono battezzati ed educati da don Antonio Della Lucia. Bortola divenne la madre di Albino Luciani, don Filippo il suo parroco, padre Felice, oltre che parente, anche un punto di riferimento continuo e un maestro spirituale. Nel 1906 moriva don Antonio Della Lucia e nel 1912 nasce Albino Luciani,futuro Beato. Don Antonio\u00a0 cavalier Della Lucia aveva seminato bene!\u00bb<\/p>\n<p><strong>Quali sono state le difficolt\u00e0 incontrate durante la ricerca?<\/strong><\/p>\n<p>\u00abLe difficolt\u00e0 incontrate sono state molte. Le chiusure dovute al Covid, che impedivano l&#8217;accesso a qualche archivio, la grande mole di documentazione da vagliare, il poco tempo a disposizione, la fatica di costruire una biografia incrociando dati ricavati da lettere private e documenti personali oltre al dubbio etico sul pubblicare o meno episodi, vicende e aspetti molto personali, che riguardavano persone pur morte da pi\u00f9 di cento anni.\u00bb<\/p>\n<p><strong>&#8220;La personalit\u00e0 e l\u2019operato di don Antonio Della Lucia hanno avuto influenze su Albino Luciani? Esiste un legame con il Pontefice di Canale d\u2019Agordo?<\/strong><\/p>\n<p>\u00abIl legame con Albino Luciani si esplicita in maniera indiretta. Lo ricorda il Cardinale Parolin nella prefazione del libro, come pure il prof. Gullino e il dott. don Davide Fiocco.\u00bb<\/p>\n<p>&nbsp;<\/p>\n<blockquote><p>Il libro, dopo le presentazioni del cardinale Pietro Parolin, di Giuseppe Gullino, del presidente dell&#8217;ABM Oscar De Bona e di don Davide Fiocco, dedica un capitolo introduttivo al contesto storico locale e nazionale. Viene poi presentata la biografia di don Antonio e la sua famiglia e analizzata la sua personalit\u00e0, la sua opera spirituale, la sua opera sociale e l&#8217;eredit\u00e0 spirituale.<\/p><\/blockquote>\n<p><em>La biografia \u00e8 stata presentata a Caviola per dalle Biblioteche della Valle del Biois e dalle amministrazioni comunali, sabato 8 gennaio. Si pu\u00f2 acquistare presso l&#8217;ABM di Belluno, presso il Museo Albino Luciani di Canale d&#8217;Agordo, l&#8217;Union Ladina Val Biois, le cartolerie e librerie della Valle del Biois.<\/em><\/p>\n<p>&nbsp;<\/p>\n<hr \/>\n<p>&nbsp;<\/p>\n<blockquote>\n<h3>S\u00d2STENE SCHENA E UNA PARTE DI VITA (SPERA SIA QUELLA\u2026 PIU DIVERTENTE!)<\/h3>\n<\/blockquote>\n<p><strong>di\u00a0 RENATO BONA<\/strong><\/p>\n<p>S\u00f2stene Schena ha dato alle stampe due edizioni (la prima in proprio, la seconda con la casa editrice Kimerik) del libro che in copertina porta il suo nome, proponendo una foto di quando il nostro aveva 4 anni. Il titolo: \u201cUn po\u2019 della mia vita\u2026 Non \u00e8 un romanzo\u201d. Oltre trecento pagine (erano 254 nella prima versione in diverso formato, comprese quelle dedicate alla traduzione delle frasi latine) nelle quali l\u2019autore (a proposito: mio amico fraterno da decenni oltre che collega apprezzato, e non \u00e8 dunque un caso se \u00e8 padrino di battesimo di mio figlio Marco) si racconta sin da quando aveva appunto 4 anni, ed era quasi\u2026 un secolo fa. Dico la verit\u00e0: non ho ben capito il titolo ed ho fatto dunque, come lui del resto, ricorso alla Enciclopedia Treccani, ricavando da cotanto \u201cpulpito\u201d che: romanzo, nell\u2019uso moderno, \u00e8 un componimento letterario in prosa, per lo pi\u00f9 di media estensione, che pu\u00f2 talvolta assumere le dimensioni e i caratteri di un racconto pi\u00f9 o meno lungo, o essere invece assai ampio e dare la narrazione continua delle vicende di un ambiente, una famiglia o persino di pi\u00f9 generazioni. Definizione che mi pare si attagli benissimo alle variegate vicende umane di \u201cSos\u201d il quale, nel post scriptum, spiega con la sua passione per la lingua latina, per la saggezza dei classici e per i proverbi in genere, perch\u00e9 all\u2019inizio di alcuni capitoli riporta detti o proverbi di grandi della letteratura e in chiusura propone una traduzione italiana degli stessi. Il collega Dino Bridda, che ha curato la presentazione sottolinea il fatto che Schena (giornalista professionista, scrittore, blogger, consulente finanziario, sommelier ed un sacco di altre attivit\u00e0) col suo libro ha confermato che il lavoro di giornalista diventa la professione \u201cpi\u00f9 bella del mondo quando ti da la possibilit\u00e0 di conoscere molte persone, di accostarti alle pi\u00f9 disparate realt\u00e0, di capire ci\u00f2 che ti circonda e di implementare il tuo bagaglio culturale ogni giorno di pi\u00f9\u201d. Aggiunge e conclude: \u201c\u2026 S\u00f2stene si \u00e8 raccontato con coraggio ed autoironia. Se questo suo libro \u00e8 un film non si pu\u00f2 non augurargli che i titoli di cosa siano ancora lontani. Se, invece, \u00e8 un lungo articolo di giornale, diciamo che vi sono ancora indefinite colonne bianche da riempire. Mettiamola cos\u00ec, giacch\u00e9 si tratta di un collega giornalista!\u201d. Dico subito che \u00e8 stato un grande piacere leggere il ponderoso racconto di \u201cSos\u201d (e sono orgoglioso che il capitolo 7, dedicato agli \u201camici veri\u201d, mi veda al primo posto della sua personale graduatoria; e che nella copia che mi ha dedicato della prima edizione abbia scritto: \u201cAll\u2019amico n. 1 con grande stima\u201d e che la prima della ristampa l\u2019abbia donata \u201cal mio grande amico Renato Bona\u201d): undici capitoli in cui c\u2019\u00e8, davvero, un di tutto e di pi\u00f9 che, lo affermo con convinzione, merita di essere letto (il libro \u00e8 in vendita al prezzo di 25 euro). Metterei al primo posto il suo amore per la famiglia, la sua voglia di vivere, il suo saper stare tra la gente. Nell\u2019impossibilit\u00e0 di commentare ogni capitolo, da vecchio cronista di \u201cnera\u201d e \u201cgiudiziaria\u201d mi piace richiamare l\u2019episodio legato fatto che &#8211; racconta &#8211; nel settembre 1979 ricevette una telefonata della collega Tina Merlin de l\u2019Unit\u00e0 che gli chiese: \u201cNon hai visto il telegiornale? A Roma c\u2019\u00e8 stato uno scontro a fuoco con dei brigatisti rossi e uno che \u00e8 morto, aveva in tasta i tuoi documenti: patente, carta d\u2019identit\u00e0, tessera dell\u2019ordine ed altro, tutto intestato a te\u2026\u201d. \u201cSos\u201d spieg\u00f2 all\u2019amica-collega che s\u00ec, qualche mese prima gli era stato rubato il borsello ed evidentemente la \u201cmala\u201d di Treviso l\u2019aveva riciclato al brigatista Prospero Gallinari che era evaso dal carcere locale. S\u00ec, proprio quel Gallinari considerato il capo della cellula romana delle brigate rosse (che tra l\u2019altro non era morto \u2013 ndr.) e fu tra i responsabili del sequestro di Aldo Moro e del massacro della sua scorta. Poi la sua passionaccia per i cani ed il suo amore in particolare per Pal un Komondor acquistato avventurosamente ma a buon prezzo a Pest, in Romania, che piaceva molto anche al calciatore campione del mondo \u201cPablito\u201d Paolo Rossi, che di Sostene era divenuto amico in occasione dei ritiri a Belluno con il Vicenza-calcio (\u201c\u2026lui mi firmava alcune sue foto che il nostro fotografo, Bepi Zanfron, mi passava e io gli davo delle musicassette che registravo dalla mia nuova collezione di dischi quando facevo il dj alla radio RadioteleOltreRai\u2026\u201d). Quindi quello legato al tragico ricordo del Vajont: \u201c\u2026Alle 22,39 di quel 9 ottobre 1963, ero nel bar dei miei in compagnia solo del mio vicino di casa, Luciano Bianchini (futuro preside del liceo scientifico Galilei di Belluno); stavamo guardando la partita di Coppa dei Campioni tra i Rangers di Glasgow e il Real Madrid quando improvvisamente manc\u00f2 la luce; uscimmo subito dal bar sulla strada per vedere cosa stava accadendo; tutto il paese era al buio; il cielo era terso e la luna illuminava a giorno Ponte nelle Alpi\u2026 Con Luciano decidemmo di andare a vedere cosa succedeva, proprio gi\u00f9 al ponte, soltanto un centinaio di metri a sud di casa, dove esiste quella strettoia che blocca l\u2019acqua quando il Piave \u00e8 in piena\u2026 Il fiume era salito quasi al livello della strada ed aveva spazzato via la passerella di ferro sottostante il ponte, sulla quale io, ogni luned\u00ec, andavo a cambiare la carta all\u2019idrometro di batteria carte che spedivo poi al Magistrato alle acque di Venezia\u2026 Capimmo che qualcosa di veramente grave era accaduto: assieme alla grande quantit\u00e0 di legname si vedevano galleggiare sulla furia delle acque automobili, grossi oggetti, mobili, perfino un pullman\u2026 Da buon giornalista-precario ma gi\u00e0 consapevole di cosa fosse uno scoop, chiusi il bar e mi misi alla guida della mia 600 Fiat in direzione Longarone\u2026 e proprio l\u00e0, dove fino a pochi minuti prima la strada faceva una curva a sinistra c\u2019era, proprio al centro dell\u2019asfalto, il corpo di una donna, probabilmente una vecchia, tutta vestita di nero, ancora con il suo fazzoletto scuro in testa. La strada finiva l\u00ec\u2026 Raggiunsi casa mia e telefonai al mio capo, Lucio De Grandis: \u201cSembra che sia crollata la diga del Vajont gli dissi, ora ritorno in su ma a Fa\u00e8 la strada \u00e8 sparita dovr\u00f2 andare a piedi e mi porter\u00f2 una torcia, appena avr\u00f2 qualche notizia in pi\u00f9 ritorner\u00f2 a Ponte e telefoner\u00f2\u2026\u201d. Concludo questa lettura dell\u2019entusiasmante diario (Non \u00e8 un romanzo, scrive lui\u2026) di S\u00f2stene Schena, citandolo con riferimento al capitolo \u201cGli amori\u201d: \u201cDaniela \u00e8 stata la prima persona che ho veramente amato\u2026 con tutti gli alti e bassi e i risvolti di un amore contrastato dalle mille vicende della vita, belle e brutte, piacevoli e sgradevoli. Purtroppo il fatto pi\u00f9 sgradevole di tutti mi \u00e8 capitato il 2 gennaio del 2019 come una \u2018ghigliottinata\u2019 tra capo e collo. Dicevamo spesso che \u2018morire fa parte della vita\u2019, e ricordo che mio padre, anche lui morto giovanissimo, diceva che un padre non \u00e8 un padre se non ha insegnato e preparato i suoi figli a quell\u2019avvenimento della vita che \u00e8 la morte\u2019. Forse \u00e8 per questo che in quel tragico momento non ho sentito nemmeno il dolore, o \u00e8 stata incoscienza, o, ancor di pi\u00f9, l\u2019incredulit\u00e0 di ci\u00f2 che era avvenuto\u2026 Niente lacrime e questo non mi ha stupito, da ultimo perch\u00e9 Lei non avrebbe voluto (ne abbiamo parlato tanto\u2026 non solo pochi mesi prima)\u2026 Sta di fatto che Lei \u00e8 sempre con me quando mi aggiro per la nostra casa-bazar, piena zeppa di \u2018oggetti-ricordo\u2019 dei quali non posso fare a meno anche se qualcuno \u00e8 kitsch, \u00e8 diventato inutile e magari ingombrante\u2026 Ultimamente ho constatato comunque che pi\u00f9 si va in la con gli anni e pi\u00f9 i sacchi lacrimali hanno\u2026 \u2018perdite\u2019. A cosa serve la vita se met\u00e0 del tuo essere, della tua esistenza non esiste pi\u00f9?\u201d. Serve, carissimo amico mio S\u00f2stene; se non altro per far conoscere persone per bene quale sei tu, e situazioni di vario genere che nel bene e nel male dobbiamo affrontare al meglio! NELLE<\/p>\n\n\t\t\t<style type='text\/css'>\n\t\t\t\t#gallery-6 {\n\t\t\t\t\tmargin: auto;\n\t\t\t\t}\n\t\t\t\t#gallery-6 .gallery-item {\n\t\t\t\t\tfloat: left;\n\t\t\t\t\tmargin-top: 10px;\n\t\t\t\t\ttext-align: center;\n\t\t\t\t\twidth: 33%;\n\t\t\t\t}\n\t\t\t\t#gallery-6 img {\n\t\t\t\t\tborder: 2px solid #cfcfcf;\n\t\t\t\t}\n\t\t\t\t#gallery-6 .gallery-caption {\n\t\t\t\t\tmargin-left: 0;\n\t\t\t\t}\n\t\t\t\t\/* see gallery_shortcode() in wp-includes\/media.php *\/\n\t\t\t<\/style>\n\t\t<div id='gallery-6' class='dt-gallery-container gallery galleryid-252864 gallery-columns-3 gallery-size-thumbnail'><dl class='gallery-item'>\n\t\t\t\t<dt class='gallery-icon landscape'>\n\t\t\t\t\t<a class=\"rollover\" href='https:\/\/www.radiopiu.net\/wordpress\/sostene-schena-e-una-parte-di-vita-spera-sia-quella-piu-divertente\/269797363_450232386572334_173637879100533228_n\/'><img loading=\"lazy\" decoding=\"async\" width=\"150\" height=\"150\" src=\"https:\/\/www.radiopiu.net\/wordpress\/wp-content\/uploads\/2022\/01\/269797363_450232386572334_173637879100533228_n-150x150.jpg\" class=\"attachment-thumbnail size-thumbnail\" alt=\"\" \/><\/a>\n\t\t\t\t<\/dt><\/dl><dl class='gallery-item'>\n\t\t\t\t<dt class='gallery-icon landscape'>\n\t\t\t\t\t<a class=\"rollover\" href='https:\/\/www.radiopiu.net\/wordpress\/sostene-schena-e-una-parte-di-vita-spera-sia-quella-piu-divertente\/270926394_346097503998675_6861988094924076515_n\/'><img loading=\"lazy\" decoding=\"async\" width=\"150\" height=\"150\" src=\"https:\/\/www.radiopiu.net\/wordpress\/wp-content\/uploads\/2022\/01\/270926394_346097503998675_6861988094924076515_n-150x150.jpg\" class=\"attachment-thumbnail size-thumbnail\" alt=\"\" \/><\/a>\n\t\t\t\t<\/dt><\/dl><dl class='gallery-item'>\n\t\t\t\t<dt class='gallery-icon landscape'>\n\t\t\t\t\t<a class=\"rollover\" href='https:\/\/www.radiopiu.net\/wordpress\/sostene-schena-e-una-parte-di-vita-spera-sia-quella-piu-divertente\/271475329_3099569786923256_1790887616793362169_n\/'><img loading=\"lazy\" decoding=\"async\" width=\"150\" height=\"150\" src=\"https:\/\/www.radiopiu.net\/wordpress\/wp-content\/uploads\/2022\/01\/271475329_3099569786923256_1790887616793362169_n-150x150.jpg\" class=\"attachment-thumbnail size-thumbnail\" alt=\"\" \/><\/a>\n\t\t\t\t<\/dt><\/dl><br style=\"clear: both\" \/><dl class='gallery-item'>\n\t\t\t\t<dt class='gallery-icon portrait'>\n\t\t\t\t\t<a class=\"rollover\" href='https:\/\/www.radiopiu.net\/wordpress\/sostene-schena-e-una-parte-di-vita-spera-sia-quella-piu-divertente\/269943209_728189461431493_783773166626668108_n\/'><img loading=\"lazy\" decoding=\"async\" width=\"150\" height=\"150\" src=\"https:\/\/www.radiopiu.net\/wordpress\/wp-content\/uploads\/2022\/01\/269943209_728189461431493_783773166626668108_n-150x150.jpg\" class=\"attachment-thumbnail size-thumbnail\" alt=\"\" \/><\/a>\n\t\t\t\t<\/dt><\/dl><dl class='gallery-item'>\n\t\t\t\t<dt class='gallery-icon portrait'>\n\t\t\t\t\t<a class=\"rollover\" href='https:\/\/www.radiopiu.net\/wordpress\/sostene-schena-e-una-parte-di-vita-spera-sia-quella-piu-divertente\/271490884_1614181425597116_1396259473932250319_n\/'><img loading=\"lazy\" decoding=\"async\" width=\"150\" height=\"150\" src=\"https:\/\/www.radiopiu.net\/wordpress\/wp-content\/uploads\/2022\/01\/271490884_1614181425597116_1396259473932250319_n-150x150.jpg\" class=\"attachment-thumbnail size-thumbnail\" alt=\"\" \/><\/a>\n\t\t\t\t<\/dt><\/dl><dl class='gallery-item'>\n\t\t\t\t<dt class='gallery-icon landscape'>\n\t\t\t\t\t<a class=\"rollover\" href='https:\/\/www.radiopiu.net\/wordpress\/sostene-schena-e-una-parte-di-vita-spera-sia-quella-piu-divertente\/271407422_969628237320583_5311555515608169014_n\/'><img loading=\"lazy\" decoding=\"async\" width=\"150\" height=\"150\" src=\"https:\/\/www.radiopiu.net\/wordpress\/wp-content\/uploads\/2022\/01\/271407422_969628237320583_5311555515608169014_n-150x150.jpg\" class=\"attachment-thumbnail size-thumbnail\" alt=\"\" \/><\/a>\n\t\t\t\t<\/dt><\/dl><br style=\"clear: both\" \/><dl class='gallery-item'>\n\t\t\t\t<dt class='gallery-icon landscape'>\n\t\t\t\t\t<a class=\"rollover\" href='https:\/\/www.radiopiu.net\/wordpress\/sostene-schena-e-una-parte-di-vita-spera-sia-quella-piu-divertente\/271186866_1058640198292065_6261667939827929132_n\/'><img loading=\"lazy\" decoding=\"async\" width=\"150\" height=\"150\" src=\"https:\/\/www.radiopiu.net\/wordpress\/wp-content\/uploads\/2022\/01\/271186866_1058640198292065_6261667939827929132_n-150x150.jpg\" class=\"attachment-thumbnail size-thumbnail\" alt=\"\" \/><\/a>\n\t\t\t\t<\/dt><\/dl><dl class='gallery-item'>\n\t\t\t\t<dt class='gallery-icon portrait'>\n\t\t\t\t\t<a class=\"rollover\" href='https:\/\/www.radiopiu.net\/wordpress\/sostene-schena-e-una-parte-di-vita-spera-sia-quella-piu-divertente\/271520737_1302051266886215_7104653940517769863_n\/'><img loading=\"lazy\" decoding=\"async\" width=\"150\" height=\"150\" src=\"https:\/\/www.radiopiu.net\/wordpress\/wp-content\/uploads\/2022\/01\/271520737_1302051266886215_7104653940517769863_n-150x150.jpg\" class=\"attachment-thumbnail size-thumbnail\" alt=\"\" \/><\/a>\n\t\t\t\t<\/dt><\/dl><dl class='gallery-item'>\n\t\t\t\t<dt class='gallery-icon landscape'>\n\t\t\t\t\t<a class=\"rollover\" href='https:\/\/www.radiopiu.net\/wordpress\/sostene-schena-e-una-parte-di-vita-spera-sia-quella-piu-divertente\/271392669_2216305445177570_2193732223189679335_n\/'><img loading=\"lazy\" decoding=\"async\" width=\"150\" height=\"150\" src=\"https:\/\/www.radiopiu.net\/wordpress\/wp-content\/uploads\/2022\/01\/271392669_2216305445177570_2193732223189679335_n-150x150.jpg\" class=\"attachment-thumbnail size-thumbnail\" alt=\"\" \/><\/a>\n\t\t\t\t<\/dt><\/dl><br style=\"clear: both\" \/><dl class='gallery-item'>\n\t\t\t\t<dt class='gallery-icon portrait'>\n\t\t\t\t\t<a class=\"rollover\" href='https:\/\/www.radiopiu.net\/wordpress\/sostene-schena-e-una-parte-di-vita-spera-sia-quella-piu-divertente\/271177472_602663487501357_3631225228784211082_n\/'><img loading=\"lazy\" decoding=\"async\" width=\"150\" height=\"150\" src=\"https:\/\/www.radiopiu.net\/wordpress\/wp-content\/uploads\/2022\/01\/271177472_602663487501357_3631225228784211082_n-150x150.jpg\" class=\"attachment-thumbnail size-thumbnail\" alt=\"\" \/><\/a>\n\t\t\t\t<\/dt><\/dl><dl class='gallery-item'>\n\t\t\t\t<dt class='gallery-icon landscape'>\n\t\t\t\t\t<a class=\"rollover\" href='https:\/\/www.radiopiu.net\/wordpress\/sostene-schena-e-una-parte-di-vita-spera-sia-quella-piu-divertente\/271383723_620311029202885_352469330750626012_n\/'><img loading=\"lazy\" decoding=\"async\" width=\"150\" height=\"150\" src=\"https:\/\/www.radiopiu.net\/wordpress\/wp-content\/uploads\/2022\/01\/271383723_620311029202885_352469330750626012_n-150x150.jpg\" class=\"attachment-thumbnail size-thumbnail\" alt=\"\" \/><\/a>\n\t\t\t\t<\/dt><\/dl><dl class='gallery-item'>\n\t\t\t\t<dt class='gallery-icon portrait'>\n\t\t\t\t\t<a class=\"rollover\" href='https:\/\/www.radiopiu.net\/wordpress\/sostene-schena-e-una-parte-di-vita-spera-sia-quella-piu-divertente\/271277903_4460172504108357_2521488045072165807_n-2\/'><img loading=\"lazy\" decoding=\"async\" width=\"150\" height=\"150\" src=\"https:\/\/www.radiopiu.net\/wordpress\/wp-content\/uploads\/2022\/01\/271277903_4460172504108357_2521488045072165807_n-1-150x150.jpg\" class=\"attachment-thumbnail size-thumbnail\" alt=\"\" \/><\/a>\n\t\t\t\t<\/dt><\/dl><br style=\"clear: both\" \/><dl class='gallery-item'>\n\t\t\t\t<dt class='gallery-icon portrait'>\n\t\t\t\t\t<a class=\"rollover\" href='https:\/\/www.radiopiu.net\/wordpress\/sostene-schena-e-una-parte-di-vita-spera-sia-quella-piu-divertente\/269879154_624242425514854_4522834416121963692_n\/'><img loading=\"lazy\" decoding=\"async\" width=\"150\" height=\"150\" src=\"https:\/\/www.radiopiu.net\/wordpress\/wp-content\/uploads\/2022\/01\/269879154_624242425514854_4522834416121963692_n-150x150.jpg\" class=\"attachment-thumbnail size-thumbnail\" alt=\"\" \/><\/a>\n\t\t\t\t<\/dt><\/dl><dl class='gallery-item'>\n\t\t\t\t<dt class='gallery-icon landscape'>\n\t\t\t\t\t<a class=\"rollover\" href='https:\/\/www.radiopiu.net\/wordpress\/sostene-schena-e-una-parte-di-vita-spera-sia-quella-piu-divertente\/271265468_6879052862166039_533406112251202351_n\/'><img loading=\"lazy\" decoding=\"async\" width=\"150\" height=\"150\" src=\"https:\/\/www.radiopiu.net\/wordpress\/wp-content\/uploads\/2022\/01\/271265468_6879052862166039_533406112251202351_n-150x150.jpg\" class=\"attachment-thumbnail size-thumbnail\" alt=\"\" srcset=\"https:\/\/www.radiopiu.net\/wordpress\/wp-content\/uploads\/2022\/01\/271265468_6879052862166039_533406112251202351_n-150x150.jpg 150w, https:\/\/www.radiopiu.net\/wordpress\/wp-content\/uploads\/2022\/01\/271265468_6879052862166039_533406112251202351_n.jpg 206w\" sizes=\"auto, (max-width: 150px) 100vw, 150px\" \/><\/a>\n\t\t\t\t<\/dt><\/dl><dl class='gallery-item'>\n\t\t\t\t<dt class='gallery-icon portrait'>\n\t\t\t\t\t<a class=\"rollover\" href='https:\/\/www.radiopiu.net\/wordpress\/sostene-schena-e-una-parte-di-vita-spera-sia-quella-piu-divertente\/270787714_1424198331328695_3420243802363218677_n\/'><img loading=\"lazy\" decoding=\"async\" width=\"150\" height=\"150\" src=\"https:\/\/www.radiopiu.net\/wordpress\/wp-content\/uploads\/2022\/01\/270787714_1424198331328695_3420243802363218677_n-150x150.jpg\" class=\"attachment-thumbnail size-thumbnail\" alt=\"\" \/><\/a>\n\t\t\t\t<\/dt><\/dl><br style=\"clear: both\" \/><dl class='gallery-item'>\n\t\t\t\t<dt class='gallery-icon portrait'>\n\t\t\t\t\t<a class=\"rollover\" href='https:\/\/www.radiopiu.net\/wordpress\/sostene-schena-e-una-parte-di-vita-spera-sia-quella-piu-divertente\/271440081_448260920329649_4875474877023709904_n\/'><img loading=\"lazy\" decoding=\"async\" width=\"150\" height=\"150\" src=\"https:\/\/www.radiopiu.net\/wordpress\/wp-content\/uploads\/2022\/01\/271440081_448260920329649_4875474877023709904_n-150x150.jpg\" class=\"attachment-thumbnail size-thumbnail\" alt=\"\" \/><\/a>\n\t\t\t\t<\/dt><\/dl><dl class='gallery-item'>\n\t\t\t\t<dt class='gallery-icon portrait'>\n\t\t\t\t\t<a class=\"rollover\" href='https:\/\/www.radiopiu.net\/wordpress\/sostene-schena-e-una-parte-di-vita-spera-sia-quella-piu-divertente\/269973389_1327717827666980_343417498631218660_n\/'><img loading=\"lazy\" decoding=\"async\" width=\"150\" height=\"150\" src=\"https:\/\/www.radiopiu.net\/wordpress\/wp-content\/uploads\/2022\/01\/269973389_1327717827666980_343417498631218660_n-150x150.jpg\" class=\"attachment-thumbnail size-thumbnail\" alt=\"\" \/><\/a>\n\t\t\t\t<\/dt><\/dl>\n\t\t\t\t<br style='clear: both' \/>\n\t\t\t<\/div>\n\n<p>FOTO (riproduzioni dal libro \u201c\u2026 Non \u00e8 un romanzo\u201d e album di famiglia di Renato Bona): la copertina con S\u00f2stene Schena all\u2019et\u00e0 di 4 anni; in occasione del battesimo del suo figlioccio Marco Bona, mio figlio; l\u2019autore, oggi; la casa natale di via Roma a Ponte nelle Alpi; il nostro, mascotte degli alpini; i suoi fratelli da bambini: Eros, Dolce e Viviano; Schena ripreso da Bepi Zanfron sul monte Toc, di fronte a Erto; suo padre Teofilo; mamma Rina; S\u00f2stene con colleghi consulenti finanziari Fideuram; spiega ad una scolaresca la professione del giornalista; con la moglie Daniela dopo il \u201cs\u00ec\u201d il 29 novembre 2011; uno dei libri da lui scritti sulla Croazia; i \u201cmitici\u201d colombi colorati all\u2019esterno del suo bar Roma; eccolo nella sua veste di sommelier; il suo amico, purtroppo scomparso, Paolo Rossi, col cane Pal di \u201cSos\u201d; l\u2019amica e collega de L\u2019Unit\u00e0, Tina Merlin.<\/p>\n<p>&nbsp;<\/p>\n<p>&nbsp;<\/p>\n<hr \/>\n<p>&nbsp;<\/p>\n<blockquote>\n<h3>L&#8217;UNIONE MONTANA FELTRINA APRE DUE BANDI<\/h3>\n<\/blockquote>\n<p><strong>FELTRE<\/strong> Sono due i bandi aperti dall&#8217;Unione Montana Feltrina. \u00c8 indetto un concorso pubblico per l&#8217;assunzione a tempo parziale (25 ore) presso l\u2019area amministrativa e un concorso per l&#8217;assunzione a tempo pieno e indeterminato un Istruttore Direttivo Area Tecnica\u00a0 presso il comune di Fonzaso. Termine di scadenza per la presentazione delle domande il 17 febbraio. Informazioni sul sito istituzionale\u00a0 \u00a0http:\/\/www.feltrino.bl.it\/web\/cmfeltrina nella sezione \u201cBandi di Concorso\u201d.<\/p>\n<p>&nbsp;<\/p>\n<p>&nbsp;<\/p>\n<hr \/>\n<p>&nbsp;<\/p>\n<blockquote>\n<h3>IL CEIS CERCA UN OPERATORE SOCIO SANITARIO A BELLUNO<\/h3>\n<\/blockquote>\n<p><strong>BELLUNO <\/strong>Rinviata al 15 febbraio 2022 la selezione per il corso Operatore Socio Sanitario.\u00a0 L\u2019Operatore Socio Sanitario \u00e8 una figura professionale regolata dalla L.R. n. 20 del 2001, si occupa di soddisfare i bisogni primari di persone in disagio, difficolt\u00e0 e malattia ospiti o in carico a Servizi Socio- Sanitari pubblici e privati. Chi sente e pensa che potrebbe essere la strada professionale giusta, per collocarsi o ricollocarsi lavorativamente pu\u00f2 accedere, previa iscrizione, alla selezione prevista per il 15\/02\/2022 alle ore 8.30, a Belluno presso il Ce.I.S. La selezione \u00e8 obbligatoria per poter iscriversi al corso. Per ogni informazione rivolgersi all\u2019Ente di Formazione di Ce.I.S. al telefono: 0437 950895 \u2013 mail: <a href=\"mailto:info@ceisbelluno.org\">info@ceisbelluno.org<\/a>. Ulteriori informazioni anche su: <a href=\"http:\/\/www.ceisbelluno.org\">www.ceisbelluno.org<\/a><\/p>\n<p>&nbsp;<\/p>\n<p>&nbsp;<\/p>\n<hr \/>\n<p>&nbsp;<\/p>\n<blockquote>\n<h3>DOMANI AL TEATRO COMUNALE PARTE LA 69\u00aa STAGIONE DEL CIRCOLO CULTURALE BELLUNESE<\/h3>\n<\/blockquote>\n<p><strong><a href=\"https:\/\/www.radiopiu.net\/wordpress\/giornale-radiopiu-07-gennaio-2022-direttore-mirko-mezzacasa\/foto-1-quartetto-werther\/\" rel=\"attachment wp-att-252664\"><img loading=\"lazy\" decoding=\"async\" class=\"size-medium wp-image-252664 alignleft\" src=\"https:\/\/www.radiopiu.net\/wordpress\/wp-content\/uploads\/2022\/01\/Foto-1.-Quartetto-Werther-300x216.jpg\" alt=\"\" width=\"300\" height=\"216\" srcset=\"https:\/\/www.radiopiu.net\/wordpress\/wp-content\/uploads\/2022\/01\/Foto-1.-Quartetto-Werther-300x216.jpg 300w, https:\/\/www.radiopiu.net\/wordpress\/wp-content\/uploads\/2022\/01\/Foto-1.-Quartetto-Werther-1024x738.jpg 1024w, https:\/\/www.radiopiu.net\/wordpress\/wp-content\/uploads\/2022\/01\/Foto-1.-Quartetto-Werther-768x554.jpg 768w, https:\/\/www.radiopiu.net\/wordpress\/wp-content\/uploads\/2022\/01\/Foto-1.-Quartetto-Werther-1536x1107.jpg 1536w, https:\/\/www.radiopiu.net\/wordpress\/wp-content\/uploads\/2022\/01\/Foto-1.-Quartetto-Werther-2048x1476.jpg 2048w\" sizes=\"auto, (max-width: 300px) 100vw, 300px\" \/><\/a>BELLUNO<\/strong> Parte la 69a Stagione 2022 del Circolo Culturale Bellunese, con una serata di presentazione degli appuntamenti di musica classica e jazz dell&#8217;anno, da parte del Presidente Sandro De Vecchi e il direttore musicale Melita Fontana: domani, ore 20:00, Teatro Comunale di Belluno, con a seguire, alle ore 20:30, il concerto inaugurale tenuto dal Quartetto Werther, (violino, viola, violoncello e pianoforte), composto da giovani musicisti di Roma, che proprio a Belluno iniziano il loro tour 2022. Prenotazione richiesta, presso Agenzia Alpe Bellunese: tel. 0437 940407, e-mail: <a href=\"mailto:info@alpebellunese.it\">info@alpebellunese.it<\/a>. Si accede con greenpass (a partire dai 12 anni) e con utilizzo della mascherina FFP2, nel rispetto delle distanze e delle norme anti Covid-19. Informazioni e aggiornamenti, come sempre, su <a href=\"http:\/\/www.belcircolo.org\/?fbclid=IwAR2izSUAVTlC4hs0H96AbyD10mlC_ghaG9qpPXhlQOqEutlluBICQ3y_C2c\">www.belcircolo.org<\/a><\/p>\n<p>&nbsp;<\/p>\n<hr \/>\n<p>&nbsp;<\/p>\n<blockquote>\n<h3>IL PROGRAMMA DEL CAI AGORDO E&#8217; ONLINE. IN PROGRAMMA ANCHE UN CORSO DI SCI ALPINISMO<\/h3>\n<\/blockquote>\n<p><strong><a href=\"https:\/\/www.radiopiu.net\/wordpress\/giornale-radiopiu-07-aprile\/cai-agordo-2\/\" rel=\"attachment wp-att-127841\"><img loading=\"lazy\" decoding=\"async\" class=\"size-full wp-image-127841 alignleft\" src=\"https:\/\/www.radiopiu.net\/wordpress\/wp-content\/uploads\/2020\/04\/cai-agordo.jpg\" alt=\"\" width=\"297\" height=\"170\" \/><\/a>AGORDO<\/strong> E&#8217; finalmente in distribuzione il nuovo programma della Sezione Agordina per il 2022. Il formato \u00e8 quello consueto degli ultimi anni e come sempre \u00e8 un programma annuale molto ricco di proposte per escursionisti, scialpinisti e cultori della montagna. Purtroppo la programmazione potrebbe subire delle modifiche a causa della situazione epidemiologica in continua evoluzione ma le attivit\u00e0 saranno effettuate nelle possibilit\u00e0 legate alle direttive sanitarie. Il deplian cartaceo \u00e8 distribuito nei consueti punti della conca agordina e scaricabile dal sito internet della Sezione <a href=\"https:\/\/caiagordo.us13.list-manage.com\/track\/click?u=0d61031440f4a49835ee4347d&amp;id=5042e524cc&amp;e=8f8f2f4739\" target=\"_blank\" rel=\"noopener\">http:\/\/www.caiagordo.it<\/a>\u00a0La Scuola di Alpinismo e Scialpinismo della Sezione Agordina propone il Corso Base di Scialpinismo SA1 rivolto a chi vuole avvicinarsi al mondo delle pelli di foca, acquisendo le nozioni base per poter poi\u00a0 svolgere in sicurezza e autonomamente le escursioni con gli sci in ambiente innevato. La presentazione del corso si terr\u00e0 presso la Sede sociale gioved\u00ec 13 gennaio alle ore 20.30. Al corso sono ammessi 12 allievi.<\/p>\n<p>&nbsp;<\/p>\n<p>&nbsp;<\/p>\n<hr \/>\n<p>&nbsp;<\/p>\n<blockquote>\n<h3>CAMBIANO GLI ORARI DELLA SKI AREA FORCELLA AURINE E DEL RISTOBAR GHEGI<\/h3>\n<\/blockquote>\n<p><strong>GOSALDO\u00a0<\/strong>A Forcella Aurine cambiano gli orari della Ski Area. Gli impianti rimarranno chiusi il luned\u00ec e il marted\u00ec. Negli altri giorni questi gli orari: mercoled\u00ec dalle 13:30 alle 16:30 e dalle 19:30 alle 22. Gioved\u00ec e venerd\u00ec dalle 13:30 alle 16:30 mentre il sabato e la domenica dalle 9 alle 16:30. Cambiano gli orari anche del RistoBar Ghegi con la chiusura settimanale il luned\u00ec. Il marted\u00ec aperto dalle 10:30 alle 16, mercoled\u00ec gioved\u00ec e venerd\u00ec dalle 10:30 alle 22:30 mentre il sabato e la domenica dalle 8:30 alle 18. Serate a tema il mercoled\u00ec con i panini gourmet e il venerd\u00ec con la cena a tema. Ricordiamo che il RISTOBAR GHEGI a mezzogiorno effettuer\u00e0 anche servizio MENSA OPERAI e che per la sera \u00e8 sempre gradita la prenotazione.<\/p>\n\n\t\t\t<style type='text\/css'>\n\t\t\t\t#gallery-7 {\n\t\t\t\t\tmargin: auto;\n\t\t\t\t}\n\t\t\t\t#gallery-7 .gallery-item {\n\t\t\t\t\tfloat: left;\n\t\t\t\t\tmargin-top: 10px;\n\t\t\t\t\ttext-align: center;\n\t\t\t\t\twidth: 50%;\n\t\t\t\t}\n\t\t\t\t#gallery-7 img {\n\t\t\t\t\tborder: 2px solid #cfcfcf;\n\t\t\t\t}\n\t\t\t\t#gallery-7 .gallery-caption {\n\t\t\t\t\tmargin-left: 0;\n\t\t\t\t}\n\t\t\t\t\/* see gallery_shortcode() in wp-includes\/media.php *\/\n\t\t\t<\/style>\n\t\t<div id='gallery-7' class='dt-gallery-container gallery galleryid-252864 gallery-columns-2 gallery-size-medium'><dl class='gallery-item'>\n\t\t\t\t<dt class='gallery-icon portrait'>\n\t\t\t\t\t<a class=\"rollover rollover-zoom dt-pswp-item\" title=\"51c2d9e9-8003-4dd1-9593-7b5bbd20c49a\" data-dt-img-description=\"\" data-large_image_width=\"159\" data-large_image_height=\"225\"href='https:\/\/www.radiopiu.net\/wordpress\/wp-content\/uploads\/2022\/01\/51c2d9e9-8003-4dd1-9593-7b5bbd20c49a.jpg'><img loading=\"lazy\" decoding=\"async\" width=\"159\" height=\"225\" src=\"https:\/\/www.radiopiu.net\/wordpress\/wp-content\/uploads\/2022\/01\/51c2d9e9-8003-4dd1-9593-7b5bbd20c49a.jpg\" class=\"attachment-medium size-medium\" alt=\"\" \/><\/a>\n\t\t\t\t<\/dt><\/dl><dl class='gallery-item'>\n\t\t\t\t<dt class='gallery-icon portrait'>\n\t\t\t\t\t<a class=\"rollover rollover-zoom dt-pswp-item\" title=\"14a1b188-2add-42b9-93ca-18e218662017\" data-dt-img-description=\"\" data-large_image_width=\"159\" data-large_image_height=\"225\"href='https:\/\/www.radiopiu.net\/wordpress\/wp-content\/uploads\/2022\/01\/14a1b188-2add-42b9-93ca-18e218662017.jpg'><img loading=\"lazy\" decoding=\"async\" width=\"159\" height=\"225\" src=\"https:\/\/www.radiopiu.net\/wordpress\/wp-content\/uploads\/2022\/01\/14a1b188-2add-42b9-93ca-18e218662017.jpg\" class=\"attachment-medium size-medium\" alt=\"\" \/><\/a>\n\t\t\t\t<\/dt><\/dl><br style=\"clear: both\" \/>\n\t\t\t<\/div>\n\n<p>&nbsp;<\/p>\n<hr \/>\n<p>&nbsp;<\/p>\n<h2><span style=\"color: #ff0000;\">IERI ALLA RADIO<\/span><\/h2>\n<h2><strong><a href=\"https:\/\/www.radiopiu.net\/wordpress\/laugurio-di-monsignor-giorgio-lise-agli-agordini\/don-giorgio-lise\/\" rel=\"attachment wp-att-177420\"><img loading=\"lazy\" decoding=\"async\" class=\"size-medium wp-image-177420 alignleft\" src=\"https:\/\/www.radiopiu.net\/wordpress\/wp-content\/uploads\/2020\/12\/DON-GIORGIO-LISE-300x169.jpg\" alt=\"\" width=\"300\" height=\"169\" srcset=\"https:\/\/www.radiopiu.net\/wordpress\/wp-content\/uploads\/2020\/12\/DON-GIORGIO-LISE-300x169.jpg 300w, https:\/\/www.radiopiu.net\/wordpress\/wp-content\/uploads\/2020\/12\/DON-GIORGIO-LISE-1024x577.jpg 1024w, https:\/\/www.radiopiu.net\/wordpress\/wp-content\/uploads\/2020\/12\/DON-GIORGIO-LISE-768x432.jpg 768w, https:\/\/www.radiopiu.net\/wordpress\/wp-content\/uploads\/2020\/12\/DON-GIORGIO-LISE-1536x865.jpg 1536w, https:\/\/www.radiopiu.net\/wordpress\/wp-content\/uploads\/2020\/12\/DON-GIORGIO-LISE.jpg 1600w\" sizes=\"auto, (max-width: 300px) 100vw, 300px\" \/><\/a><span style=\"color: #3366ff;\">DUE MINUTI PER TE<\/span><\/strong><\/h2>\n<p><strong>APPUNTAMENTO DEL FINE SETTIMANA CON DON GIORGIO LISE<\/strong><\/p>\n<audio class=\"wp-audio-shortcode\" id=\"audio-252864-3\" preload=\"none\" style=\"width: 100%;\" controls=\"controls\"><source type=\"audio\/mpeg\" src=\"https:\/\/www.radiopiu.net\/wordpress\/wp-content\/uploads\/2022\/01\/DON-GIORGIO-1.mp3?_=3\" \/><a href=\"https:\/\/www.radiopiu.net\/wordpress\/wp-content\/uploads\/2022\/01\/DON-GIORGIO-1.mp3\">https:\/\/www.radiopiu.net\/wordpress\/wp-content\/uploads\/2022\/01\/DON-GIORGIO-1.mp3<\/a><\/audio>\n<p>&nbsp;<\/p>\n<hr \/>\n<p>&nbsp;<\/p>\n<div>\n<div class=\"b654a4as d2edcug0\">\n<div class=\"rq0escxv hkbzh7o3 jwdofwj8 n8tt0mok r8blr3vg hyh9befq\">\n<p><a class=\"dt-pswp-item\" href=\"https:\/\/www.radiopiu.net\/wordpress\/wp-content\/uploads\/2020\/10\/pp.jpg\" data-dt-img-description=\"\" data-large_image_width=\"640\" data-large_image_height=\"640\"><img loading=\"lazy\" decoding=\"async\" class=\"wp-image-163678 alignleft\" src=\"https:\/\/www.radiopiu.net\/wordpress\/wp-content\/uploads\/2020\/10\/pp-300x300.jpg\" alt=\"\" width=\"106\" height=\"106\" srcset=\"https:\/\/www.radiopiu.net\/wordpress\/wp-content\/uploads\/2020\/10\/pp-300x300.jpg 300w, https:\/\/www.radiopiu.net\/wordpress\/wp-content\/uploads\/2020\/10\/pp-150x150.jpg 150w, https:\/\/www.radiopiu.net\/wordpress\/wp-content\/uploads\/2020\/10\/pp-125x125.jpg 125w, https:\/\/www.radiopiu.net\/wordpress\/wp-content\/uploads\/2020\/10\/pp-200x200.jpg 200w, https:\/\/www.radiopiu.net\/wordpress\/wp-content\/uploads\/2020\/10\/pp-80x80.jpg 80w, https:\/\/www.radiopiu.net\/wordpress\/wp-content\/uploads\/2020\/10\/pp-480x480.jpg 480w, https:\/\/www.radiopiu.net\/wordpress\/wp-content\/uploads\/2020\/10\/pp.jpg 640w\" sizes=\"auto, (max-width: 106px) 100vw, 106px\" \/><\/a><\/p>\n<\/div>\n<\/div>\n<\/div>\n<div>\n<div class=\"page-title-head hgroup\">\n<div class=\"page-title-head hgroup\">\n<div class=\"b654a4as d2edcug0\">\n<div class=\"j83agx80 btwxx1t3 lhclo0ds hop8lmos nkwizq5d scwd0bx6 roh60bw9\">\n<div class=\"rq0escxv hkbzh7o3 jwdofwj8 n8tt0mok r8blr3vg hyh9befq\">\n<div class=\"do00u71z l9j0dhe7 k4urcfbm\">\n<h2><span style=\"color: #000080;\">DON CESARE, IL PENSIERO DEL GIORNO. ALLA RADIO ALLE 7 DEL MATTINO E ALLE 19.30 DELLA SERA.\u00a0\u00a0<\/span><\/h2>\n<\/div>\n<div class=\"do00u71z l9j0dhe7 k4urcfbm\">\n<audio class=\"wp-audio-shortcode\" id=\"audio-252864-4\" preload=\"none\" style=\"width: 100%;\" controls=\"controls\"><source type=\"audio\/mpeg\" src=\"https:\/\/www.radiopiu.net\/wordpress\/wp-content\/uploads\/2022\/01\/CESARE-2.mp3?_=4\" \/><a href=\"https:\/\/www.radiopiu.net\/wordpress\/wp-content\/uploads\/2022\/01\/CESARE-2.mp3\">https:\/\/www.radiopiu.net\/wordpress\/wp-content\/uploads\/2022\/01\/CESARE-2.mp3<\/a><\/audio>\n<p>&nbsp;<\/p>\n<hr \/>\n<p>&nbsp;<\/p>\n<p>&nbsp;<\/p>\n<blockquote class=\"wp-embedded-content\" data-secret=\"962J2jtclo\"><p><a href=\"https:\/\/www.radiopiu.net\/wordpress\/sestadisei\/\">LA VALLE AGORDINA &#8211; 320 anni dalla BOA del 1701  RACCONTO IN SEI PARTI<\/a><\/p><\/blockquote>\n<p><iframe loading=\"lazy\" class=\"wp-embedded-content\" sandbox=\"allow-scripts\" security=\"restricted\" style=\"position: absolute; clip: rect(1px, 1px, 1px, 1px);\" title=\"&#8220;LA VALLE AGORDINA &#8211; 320 anni dalla BOA del 1701  RACCONTO IN SEI PARTI&#8221; &#8212; Radio Pi\u00f9\" src=\"https:\/\/www.radiopiu.net\/wordpress\/sestadisei\/embed\/#?secret=962J2jtclo\" data-secret=\"962J2jtclo\" width=\"600\" height=\"338\" frameborder=\"0\" marginwidth=\"0\" marginheight=\"0\" scrolling=\"no\"><\/iframe><\/p>\n<p>&nbsp;<\/p>\n<p>&nbsp;<\/p>\n<p>&nbsp;<\/p>\n<hr \/>\n<p>&nbsp;<\/p>\n<div>\n<div class=\"page-title-head hgroup\">\n<div class=\"page-title-head hgroup\">\n<div class=\"b654a4as d2edcug0\">\n<div class=\"j83agx80 btwxx1t3 lhclo0ds hop8lmos nkwizq5d scwd0bx6 roh60bw9\">\n<div class=\"rq0escxv hkbzh7o3 jwdofwj8 n8tt0mok r8blr3vg hyh9befq\">\n<div class=\"do00u71z l9j0dhe7 k4urcfbm\">\n<div class=\"ecm0bbzt e5nlhep0 a8c37x1j\">\n<div class=\"kvgmc6g5 cxmmr5t8 oygrvhab hcukyx3x c1et5uql\">\n<div class=\"gmail-kvgmc6g5 gmail-cxmmr5t8 gmail-oygrvhab gmail-hcukyx3x gmail-c1et5uql gmail-ii04i59q\">\n<div class=\"page-title-head hgroup\">\n<div class=\"page-title-head hgroup\">\n<div class=\"b654a4as d2edcug0\">\n<div class=\"j83agx80 btwxx1t3 lhclo0ds hop8lmos nkwizq5d scwd0bx6 roh60bw9\">\n<div class=\"rq0escxv hkbzh7o3 jwdofwj8 n8tt0mok r8blr3vg hyh9befq\">\n<div class=\"do00u71z l9j0dhe7 k4urcfbm\">\n<h3 class=\"kvgmc6g5 cxmmr5t8 oygrvhab hcukyx3x c1et5uql\"><span style=\"color: #0000ff;\"><strong>INFORMAZIONE il canale su TELEGRAM informazione di prima mano e in tempo reale. iscriviti ed aiutaci a farlo conoscere\u00a0\u00a0<\/strong><\/span><\/h3>\n<p>&nbsp;<\/p>\n<p>&nbsp;<\/p>\n<hr \/>\n<blockquote>\n<h3><\/h3>\n<h3>IN VIVO VERSO, SETTIMA STAGIONE CON BRUNELLA MORO, DAL LUNEDI AL VENERDI ALLE 7.10, 10.10 E 18.50<\/h3>\n<\/blockquote>\n<p>&nbsp;<\/p>\n<p><strong>LA RACCOLTA COMPLETA\u00a0 \u00a0<\/strong><\/p>\n<blockquote class=\"wp-embedded-content\" data-secret=\"xhg2HaeCWV\"><p><a href=\"https:\/\/www.radiopiu.net\/wordpress\/in-vivo-verso\/\">In Vivo Verso<\/a><\/p><\/blockquote>\n<p><iframe loading=\"lazy\" class=\"wp-embedded-content\" sandbox=\"allow-scripts\" security=\"restricted\" style=\"position: absolute; clip: rect(1px, 1px, 1px, 1px);\" title=\"&#8220;In Vivo Verso&#8221; &#8212; Radio Pi\u00f9\" src=\"https:\/\/www.radiopiu.net\/wordpress\/in-vivo-verso\/embed\/#?secret=xhg2HaeCWV\" data-secret=\"xhg2HaeCWV\" width=\"600\" height=\"338\" frameborder=\"0\" marginwidth=\"0\" marginheight=\"0\" scrolling=\"no\"><\/iframe><\/p>\n<p>&nbsp;<\/p>\n<p>&nbsp;<\/p>\n<hr \/>\n<p>&nbsp;<\/p>\n<h2><span style=\"color: #808000;\">GOCCE DI FILOSOFIA<\/span><\/h2>\n<p><strong>raccolta completa<\/strong><\/p>\n<blockquote class=\"wp-embedded-content\" data-secret=\"NglLdZDCqz\"><p><a href=\"https:\/\/www.radiopiu.net\/wordpress\/gocce-filosofia\/\">Gocce di filosofia, PRIMA E SECONDA STAGIONE 2022<\/a><\/p><\/blockquote>\n<p><iframe loading=\"lazy\" class=\"wp-embedded-content\" sandbox=\"allow-scripts\" security=\"restricted\" style=\"position: absolute; clip: rect(1px, 1px, 1px, 1px);\" title=\"&#8220;Gocce di filosofia, PRIMA E SECONDA STAGIONE 2022&#8221; &#8212; Radio Pi\u00f9\" src=\"https:\/\/www.radiopiu.net\/wordpress\/gocce-filosofia\/embed\/#?secret=NglLdZDCqz\" data-secret=\"NglLdZDCqz\" width=\"600\" height=\"338\" frameborder=\"0\" marginwidth=\"0\" marginheight=\"0\" scrolling=\"no\"><\/iframe><\/p>\n<p>&nbsp;<\/p>\n<hr \/>\n<p>&nbsp;<\/p>\n<p><span style=\"color: #0000ff;\">MUSICA PIU&#8217;\u00a0<\/span><\/p>\n<p><a href=\"https:\/\/www.radiopiu.net\/wordpress\/giornale-radiopiu-20-settembre-2021-direttore-mirko-mezzacasa\/pp-79\/\" rel=\"attachment wp-att-232921\"><img loading=\"lazy\" decoding=\"async\" class=\"wp-image-232921 alignleft\" src=\"https:\/\/www.radiopiu.net\/wordpress\/wp-content\/uploads\/2021\/09\/pp-1-300x300.jpg\" alt=\"\" width=\"135\" height=\"135\" srcset=\"https:\/\/www.radiopiu.net\/wordpress\/wp-content\/uploads\/2021\/09\/pp-1-300x300.jpg 300w, https:\/\/www.radiopiu.net\/wordpress\/wp-content\/uploads\/2021\/09\/pp-1-150x150.jpg 150w, https:\/\/www.radiopiu.net\/wordpress\/wp-content\/uploads\/2021\/09\/pp-1.jpg 640w\" sizes=\"auto, (max-width: 135px) 100vw, 135px\" \/><\/a><\/p>\n<div class=\"mkdf-post-text\">\n<div class=\"mkdf-post-text-inner\">\n<div class=\"mkdf-post-text-main\">\n<div class=\"mkdf-post-text\">\n<div class=\"mkdf-post-text-inner\">\n<div class=\"mkdf-post-text-main\">\n<div class=\"mkdf-post-text\">\n<div class=\"mkdf-post-text-inner\">\n<div class=\"mkdf-post-text-main\">\n<div class=\"page-title-head hgroup\">\n<div class=\"page-title-head hgroup\">\n<div class=\"mkdf-post-text\">\n<div class=\"mkdf-post-text-inner\">\n<div class=\"mkdf-post-text-main\">\n<div class=\"mkdf-post-text\">\n<div class=\"mkdf-post-text-inner\">\n<div class=\"mkdf-post-text-main\">\n<div class=\"page-title-head hgroup\">\n<div class=\"page-title-head hgroup\">\n<div class=\"page-title-head hgroup\">\n<div class=\"page-title-head hgroup\">\n<div class=\"b654a4as d2edcug0\">\n<div class=\"page-title-head hgroup\">\n<div class=\"page-title-head hgroup\">\n<div class=\"page-title-head hgroup\">\n<div class=\"page-title-head hgroup\">\n<div class=\"b654a4as d2edcug0\">\n<div class=\"page-title-head hgroup\">\n<div class=\"page-title-head hgroup\">\n<div class=\"page-title-head hgroup\">\n<div class=\"page-title-head hgroup\">\n<div class=\"b654a4as d2edcug0\">\n<div class=\"mkdf-post-text\">\n<div class=\"mkdf-post-text-inner\">\n<div class=\"mkdf-post-text-main\">\n<div class=\"mkdf-post-text\">\n<div class=\"mkdf-post-text-inner\">\n<div class=\"mkdf-post-text-main\">\n<div class=\"mkdf-post-text\">\n<div class=\"mkdf-post-text-inner\">\n<div class=\"mkdf-post-text-main\">\n<div class=\"page-title-head hgroup\">\n<div class=\"page-title-head hgroup\">\n<div class=\"mkdf-post-text\">\n<div class=\"mkdf-post-text-inner\">\n<div class=\"mkdf-post-text-main\">\n<div class=\"mkdf-post-text\">\n<div class=\"mkdf-post-text-inner\">\n<div class=\"mkdf-post-text-main\">\n<div class=\"page-title-head hgroup\">\n<div class=\"page-title-head hgroup\">\n<div class=\"page-title-head hgroup\">\n<div class=\"page-title-head hgroup\">\n<div class=\"b654a4as d2edcug0\">\n<div class=\"page-title-head hgroup\">\n<div class=\"page-title-head hgroup\">\n<div class=\"page-title-head hgroup\">\n<div class=\"page-title-head hgroup\">\n<div class=\"b654a4as d2edcug0\">\n<div class=\"page-title-head hgroup\">\n<div class=\"page-title-head hgroup\">\n<div class=\"page-title-head hgroup\">\n<div class=\"page-title-head hgroup\">\n<div class=\"b654a4as d2edcug0\">\n<div><\/div>\n<div><\/div>\n<div>\n<p><strong>MUSICA ALLA RADIO, IL PROGRAMMA DI LORIS SCUSSEL &#8220;COLLAGE OPERAZIONE NOSTALGIA&#8221; DAL LUNEDI AL VENERDI ALLE 16.00\u00a0 E ALLE 23\u00a0<\/strong><\/p>\n<\/div>\n<p>&nbsp;<\/p>\n<\/div>\n<\/div>\n<\/div>\n<\/div>\n<\/div>\n<\/div>\n<\/div>\n<\/div>\n<\/div>\n<\/div>\n<\/div>\n<\/div>\n<\/div>\n<\/div>\n<\/div>\n<\/div>\n<\/div>\n<\/div>\n<\/div>\n<\/div>\n<\/div>\n<\/div>\n<\/div>\n<\/div>\n<\/div>\n<\/div>\n<\/div>\n<\/div>\n<\/div>\n<\/div>\n<\/div>\n<\/div>\n<\/div>\n<\/div>\n<\/div>\n<\/div>\n<\/div>\n<\/div>\n<\/div>\n<\/div>\n<\/div>\n<\/div>\n<\/div>\n<\/div>\n<\/div>\n<\/div>\n<\/div>\n<\/div>\n<\/div>\n<\/div>\n<\/div>\n<\/div>\n<\/div>\n<\/div>\n<\/div>\n<\/div>\n<\/div>\n<\/div>\n<\/div>\n<\/div>\n<\/div>\n<\/div>\n<\/div>\n<\/div>\n<p>&nbsp;<\/p>\n<p><strong><a href=\"https:\/\/www.radiopiu.net\/wordpress\/collage-operazione-nostalgia-tra-musica-internazionale-italiana-e-rarita\/tognella-e-alberto\/\" rel=\"attachment wp-att-252982\"><img loading=\"lazy\" decoding=\"async\" class=\" wp-image-252982 alignleft\" src=\"https:\/\/www.radiopiu.net\/wordpress\/wp-content\/uploads\/2022\/01\/Tognella-e-Alberto-225x300.jpg\" alt=\"\" width=\"143\" height=\"190\" srcset=\"https:\/\/www.radiopiu.net\/wordpress\/wp-content\/uploads\/2022\/01\/Tognella-e-Alberto-225x300.jpg 225w, https:\/\/www.radiopiu.net\/wordpress\/wp-content\/uploads\/2022\/01\/Tognella-e-Alberto-768x1024.jpg 768w, https:\/\/www.radiopiu.net\/wordpress\/wp-content\/uploads\/2022\/01\/Tognella-e-Alberto-1152x1536.jpg 1152w, https:\/\/www.radiopiu.net\/wordpress\/wp-content\/uploads\/2022\/01\/Tognella-e-Alberto-1536x2048.jpg 1536w, https:\/\/www.radiopiu.net\/wordpress\/wp-content\/uploads\/2022\/01\/Tognella-e-Alberto-scaled.jpg 1920w\" sizes=\"auto, (max-width: 143px) 100vw, 143px\" \/><\/a>di Loris Scussel<\/strong><\/p>\n<p>La\u00a0 nuova settimana di \u00a0Collage prosegue nella consueta alternanza tra la musica internazionale e quella italiana, in particolare avremo una puntata dedicata al rock progressive inglese ed un\u2019altra dedicata alla musica che vorrebbe farci sorridere un po\u2019 che si aprir\u00e0 con un brano tratto dall\u2019album \u201cSotto il ciel di Lombardia ridendo e cantando\u201d una rarit\u00e0, un disco che mi \u00e8 stato regalato da Giovanna la moglie di Alberto Rossetti che ne \u00e8 il protagonista assieme al \u201cTognella\u201d al secolo Armando Russo attore cabarettista \u00a0che recitava impersonando la macchietta dell&#8217;operaio metallurgico vestito da una tuta da lavoro genericamente blu e con bretelle abbottonate in alto quasi fino alle ascelle e un cappello a visiera posto di traverso e che i nostri ascoltatori ricorderanno tra l\u2019altro nei film \u201cAl bar dello sport\u201d e \u201cPierino il fichissimo\u201d . Il programma andr\u00e0 in onda dal luned\u00ec al venerd\u00ec alle 16,00 e alle 23,00.<\/p>\n<p>&nbsp;<\/p>\n<p>&nbsp;<\/p>\n<hr \/>\n<p>&nbsp;<\/p>\n<p>&nbsp;<\/p>\n<blockquote class=\"wp-embedded-content\" data-secret=\"qkTpezsmPE\"><p><a href=\"https:\/\/www.radiopiu.net\/wordpress\/freemix-la-liberta-musicale-mixata-da-dj-athos-e-raccontata-da-dj-jack\/\">FREEMIX, LA LIBERTA&#8217; MUSICALE MIXATA DA DJ ATHOS E RACCONTATA DA DJ JACK<\/a><\/p><\/blockquote>\n<p><iframe loading=\"lazy\" class=\"wp-embedded-content\" sandbox=\"allow-scripts\" security=\"restricted\" style=\"position: absolute; clip: rect(1px, 1px, 1px, 1px);\" title=\"&#8220;FREEMIX, LA LIBERTA&#8217; MUSICALE MIXATA DA DJ ATHOS E RACCONTATA DA DJ JACK&#8221; &#8212; Radio Pi\u00f9\" src=\"https:\/\/www.radiopiu.net\/wordpress\/freemix-la-liberta-musicale-mixata-da-dj-athos-e-raccontata-da-dj-jack\/embed\/#?secret=qkTpezsmPE\" data-secret=\"qkTpezsmPE\" width=\"600\" height=\"338\" frameborder=\"0\" marginwidth=\"0\" marginheight=\"0\" scrolling=\"no\"><\/iframe><\/p>\n<p>&nbsp;<\/p>\n<blockquote class=\"wp-embedded-content\" data-secret=\"4IM5xfBSZ7\"><p><a href=\"https:\/\/www.radiopiu.net\/wordpress\/da-ieri-alla-radio-in-palinsesto-loris-e-maurizio-con-la-grande-musica\/\">IL BLUES ALLA RADIO &#8230; COME NON L&#8217;AVETE MAI SENTITO PRIMA<\/a><\/p><\/blockquote>\n<p><iframe loading=\"lazy\" class=\"wp-embedded-content\" sandbox=\"allow-scripts\" security=\"restricted\" style=\"position: absolute; clip: rect(1px, 1px, 1px, 1px);\" title=\"&#8220;IL BLUES ALLA RADIO &#8230; COME NON L&#8217;AVETE MAI SENTITO PRIMA&#8221; &#8212; Radio Pi\u00f9\" src=\"https:\/\/www.radiopiu.net\/wordpress\/da-ieri-alla-radio-in-palinsesto-loris-e-maurizio-con-la-grande-musica\/embed\/#?secret=4IM5xfBSZ7\" data-secret=\"4IM5xfBSZ7\" width=\"600\" height=\"338\" frameborder=\"0\" marginwidth=\"0\" marginheight=\"0\" scrolling=\"no\"><\/iframe><\/p>\n<p>&nbsp;<\/p>\n<hr \/>\n<p>&nbsp;<\/p>\n<blockquote>\n<h3><span style=\"color: #0000ff;\">INFORMAZIONE il canale su TELEGRAM informazione di prima mano e in tempo reale. iscriviti ed aiutaci a farlo conoscere\u00a0\u00a0<\/span><\/h3>\n<\/blockquote>\n<div>\n<div class=\"page-title-head hgroup\">\n<div class=\"page-title-head hgroup\">\n<div class=\"page-title-head hgroup\">\n<div class=\"page-title-head hgroup\">\n<div class=\"b654a4as d2edcug0\">\n<div class=\"page-title-head hgroup\">\n<div class=\"page-title-head hgroup\">\n<div class=\"page-title-head hgroup\">\n<div class=\"page-title-head hgroup\">\n<div class=\"b654a4as d2edcug0\">\n<div class=\"page-title-head hgroup\">\n<div class=\"page-title-head hgroup\">\n<div class=\"page-title-head hgroup\">\n<div class=\"page-title-head hgroup\">\n<div class=\"page-title-head hgroup\">\n<div class=\"page-title-head hgroup\">\n<div class=\"page-title-head hgroup\">\n<div class=\"page-title-head hgroup\">\n<div class=\"page-title-head hgroup\">\n<div class=\"b654a4as d2edcug0\">\n<div class=\"page-title-head hgroup\">\n<div class=\"page-title-head hgroup\">\n<div class=\"page-title-head hgroup\">\n<div class=\"page-title-head hgroup\">\n<div class=\"b654a4as d2edcug0\">\n<div>\n<p>&nbsp;<\/p>\n<\/div>\n<div>\n<div class=\"page-title-head hgroup\">\n<div class=\"page-title-head hgroup\">\n<div class=\"page-title-head hgroup\">\n<div class=\"page-title-head hgroup\">\n<div class=\"page-title-head hgroup\">\n<div class=\"b654a4as d2edcug0\">\n<div>\n<hr \/>\n<\/div>\n<\/div>\n<div>\n<div>\n<p>&nbsp;<\/p>\n<\/div>\n<div>\n<div>\n<p>&nbsp;<\/p>\n<\/div>\n<div>\n<div>\n<p><strong>DUE MINUTI UN LIBRO, TUTTI I GIORNI ALLA RADIO ALLE 9.40 E ALLE 17.50<\/strong><\/p>\n<div>\n<div>\n<p><strong>LA RACCOLTA COMPLETA\u00a0\u00a0<\/strong><\/p>\n<\/div>\n<div>\n<blockquote class=\"wp-embedded-content\" data-secret=\"r7ylIBK6m1\"><p><a href=\"https:\/\/www.radiopiu.net\/wordpress\/due-minuti-un-libro\/\">Due minuti un libro<\/a><\/p><\/blockquote>\n<p><iframe loading=\"lazy\" class=\"wp-embedded-content\" sandbox=\"allow-scripts\" security=\"restricted\" style=\"position: absolute; clip: rect(1px, 1px, 1px, 1px);\" title=\"&#8220;Due minuti un libro&#8221; &#8212; Radio Pi\u00f9\" src=\"https:\/\/www.radiopiu.net\/wordpress\/due-minuti-un-libro\/embed\/#?secret=r7ylIBK6m1\" data-secret=\"r7ylIBK6m1\" width=\"600\" height=\"338\" frameborder=\"0\" marginwidth=\"0\" marginheight=\"0\" scrolling=\"no\"><\/iframe><\/p>\n<\/div>\n<\/div>\n<\/div>\n<div class=\"mkdf-post-text\">\n<div class=\"mkdf-post-text-inner\">\n<div class=\"mkdf-post-text-main\">\n<div class=\"mkdf-post-text\">\n<div class=\"mkdf-post-text-inner\">\n<div class=\"mkdf-post-text-main\">\n<div class=\"mkdf-post-text\">\n<div class=\"mkdf-post-text-inner\">\n<div class=\"mkdf-post-text-main\">\n<div class=\"page-title-head hgroup\">\n<div class=\"page-title-head hgroup\">\n<div class=\"mkdf-post-text\">\n<div class=\"mkdf-post-text-inner\">\n<div class=\"mkdf-post-text-main\">\n<div class=\"mkdf-post-text\">\n<div class=\"mkdf-post-text-inner\">\n<div class=\"mkdf-post-text-main\">\n<div class=\"page-title-head hgroup\">\n<div class=\"page-title-head hgroup\">\n<div class=\"page-title-head hgroup\">\n<div class=\"page-title-head hgroup\">\n<div class=\"b654a4as d2edcug0\">\n<div class=\"page-title-head hgroup\">\n<div class=\"page-title-head hgroup\">\n<div class=\"page-title-head hgroup\">\n<div class=\"page-title-head hgroup\">\n<div class=\"b654a4as d2edcug0\">\n<div class=\"page-title-head hgroup\">\n<div class=\"page-title-head hgroup\">\n<div class=\"page-title-head hgroup\">\n<div class=\"page-title-head hgroup\">\n<div class=\"b654a4as d2edcug0\">\n<div>\n<p>&nbsp;<\/p>\n<\/div>\n<div>\n<hr \/>\n<p>&nbsp;<\/p>\n<\/div>\n<h2><span style=\"color: #808000;\">L&#8217;ALMANACCO LADINO\u00a0\u00a0<\/span><\/h2>\n<p><strong>LA RACCOLTA<\/strong><\/p>\n<blockquote class=\"wp-embedded-content\" data-secret=\"glItwreeXU\"><p><a href=\"https:\/\/www.radiopiu.net\/wordpress\/almanacco-ladino\/\">Almanacco Ladino<\/a><\/p><\/blockquote>\n<p><iframe loading=\"lazy\" class=\"wp-embedded-content\" sandbox=\"allow-scripts\" security=\"restricted\" style=\"position: absolute; clip: rect(1px, 1px, 1px, 1px);\" title=\"&#8220;Almanacco Ladino&#8221; &#8212; Radio Pi\u00f9\" src=\"https:\/\/www.radiopiu.net\/wordpress\/almanacco-ladino\/embed\/#?secret=glItwreeXU\" data-secret=\"glItwreeXU\" width=\"600\" height=\"338\" frameborder=\"0\" marginwidth=\"0\" marginheight=\"0\" scrolling=\"no\"><\/iframe><\/p>\n<p>&nbsp;<\/p>\n<hr \/>\n<p>&nbsp;<\/p>\n<h2><span style=\"color: #33cccc;\">LA RASSEGNA STAMPA DA L&#8217;AMICO DEL POPOLO<\/span><\/h2>\n<p><strong><a href=\"https:\/\/www.radiopiu.net\/wordpress\/petizione-per-mantenere-aperto-il-negozio-di-alimentari-a-frassene-raccolte-500-firme-le-considerazioni-di-luigi-paolo-della-lucia\/alimentari-frassene\/\" rel=\"attachment wp-att-252637\"><img loading=\"lazy\" decoding=\"async\" class=\"size-medium wp-image-252637 alignleft\" src=\"https:\/\/www.radiopiu.net\/wordpress\/wp-content\/uploads\/2022\/01\/ALIMENTARI-FRASSENE-300x225.jpeg\" alt=\"\" width=\"300\" height=\"225\" srcset=\"https:\/\/www.radiopiu.net\/wordpress\/wp-content\/uploads\/2022\/01\/ALIMENTARI-FRASSENE-300x225.jpeg 300w, https:\/\/www.radiopiu.net\/wordpress\/wp-content\/uploads\/2022\/01\/ALIMENTARI-FRASSENE.jpeg 600w\" sizes=\"auto, (max-width: 300px) 100vw, 300px\" \/><\/a>di Gianni Santomaso<\/strong><\/p>\n<p>OSPITE: Oretta Paternoster<\/p>\n<audio class=\"wp-audio-shortcode\" id=\"audio-252864-5\" preload=\"none\" style=\"width: 100%;\" controls=\"controls\"><source type=\"audio\/mpeg\" src=\"https:\/\/www.radiopiu.net\/wordpress\/wp-content\/uploads\/2022\/01\/RASSEGNA-GIANNI-1.mp3?_=5\" \/><a href=\"https:\/\/www.radiopiu.net\/wordpress\/wp-content\/uploads\/2022\/01\/RASSEGNA-GIANNI-1.mp3\">https:\/\/www.radiopiu.net\/wordpress\/wp-content\/uploads\/2022\/01\/RASSEGNA-GIANNI-1.mp3<\/a><\/audio>\n<p>&nbsp;<\/p>\n<p><strong>LA RACCOLTA COMPLETA<\/strong><\/p>\n<blockquote class=\"wp-embedded-content\" data-secret=\"qBOjsHL4gW\"><p><a href=\"https:\/\/www.radiopiu.net\/wordpress\/rassegna-stampa-di-gianni-santomaso\/\">Rassegna stampa da l&#8217;amico del popolo &#8211; di Gianni Santomaso<\/a><\/p><\/blockquote>\n<p><iframe loading=\"lazy\" class=\"wp-embedded-content\" sandbox=\"allow-scripts\" security=\"restricted\" style=\"position: absolute; clip: rect(1px, 1px, 1px, 1px);\" title=\"&#8220;Rassegna stampa da l&#8217;amico del popolo &#8211; di Gianni Santomaso&#8221; &#8212; Radio Pi\u00f9\" src=\"https:\/\/www.radiopiu.net\/wordpress\/rassegna-stampa-di-gianni-santomaso\/embed\/#?secret=qBOjsHL4gW\" data-secret=\"qBOjsHL4gW\" width=\"600\" height=\"338\" frameborder=\"0\" marginwidth=\"0\" marginheight=\"0\" scrolling=\"no\"><\/iframe><\/p>\n<p>&nbsp;<\/p>\n<hr \/>\n<p>&nbsp;<\/p>\n<h2><span style=\"color: #800080;\">I RACCONTI DI PAOLO SOPPELSA\u00a0<\/span><\/h2>\n<p><strong>LA RACCOLTA COMPLETA<\/strong><\/p>\n<blockquote class=\"wp-embedded-content\" data-secret=\"UZHKLgUpCX\"><p><a href=\"https:\/\/www.radiopiu.net\/wordpress\/i-racconti-di-paolo-soppelsa\/\">I racconti di Paolo Soppelsa<\/a><\/p><\/blockquote>\n<p><iframe loading=\"lazy\" class=\"wp-embedded-content\" sandbox=\"allow-scripts\" security=\"restricted\" style=\"position: absolute; clip: rect(1px, 1px, 1px, 1px);\" title=\"&#8220;I racconti di Paolo Soppelsa&#8221; &#8212; Radio Pi\u00f9\" src=\"https:\/\/www.radiopiu.net\/wordpress\/i-racconti-di-paolo-soppelsa\/embed\/#?secret=UZHKLgUpCX\" data-secret=\"UZHKLgUpCX\" width=\"600\" height=\"338\" frameborder=\"0\" marginwidth=\"0\" marginheight=\"0\" scrolling=\"no\"><\/iframe><\/p>\n<p>&nbsp;<\/p>\n<hr \/>\n<\/div>\n<div class=\"b654a4as d2edcug0\">\n<p>&nbsp;<\/p>\n<p><a href=\"https:\/\/www.radiopiu.net\/wordpress\/giornale-radiopiu-26-settembre-2018-direttore-mirko-mezzacasa\/viabilita-2\/\" rel=\"attachment wp-att-61954\"><img loading=\"lazy\" decoding=\"async\" class=\"aligncenter wp-image-61954 size-full\" src=\"https:\/\/www.radiopiu.net\/wordpress\/wp-content\/uploads\/2018\/09\/viabilita.jpeg\" sizes=\"auto, (max-width: 800px) 100vw, 800px\" srcset=\"https:\/\/www.radiopiu.net\/wordpress\/wp-content\/uploads\/2018\/09\/viabilita.jpeg 800w, https:\/\/www.radiopiu.net\/wordpress\/wp-content\/uploads\/2018\/09\/viabilita-300x38.jpeg 300w, https:\/\/www.radiopiu.net\/wordpress\/wp-content\/uploads\/2018\/09\/viabilita-768x96.jpeg 768w\" alt=\"\" width=\"800\" height=\"100\" \/><\/a><\/p>\n<div class=\"ecm0bbzt e5nlhep0 a8c37x1j\">\n<div class=\"kvgmc6g5 cxmmr5t8 oygrvhab hcukyx3x c1et5uql\">\n<div class=\"gmail-kvgmc6g5 gmail-cxmmr5t8 gmail-oygrvhab gmail-hcukyx3x gmail-c1et5uql gmail-ii04i59q\">\n<div class=\"page-title-head hgroup\">\n<div class=\"page-title-head hgroup\">\n<div class=\"b654a4as d2edcug0\">\n<div class=\"j83agx80 btwxx1t3 lhclo0ds hop8lmos nkwizq5d scwd0bx6 roh60bw9\">\n<div class=\"rq0escxv hkbzh7o3 jwdofwj8 n8tt0mok r8blr3vg hyh9befq\">\n<div class=\"do00u71z l9j0dhe7 k4urcfbm\">\n<div class=\"page-title-head hgroup\">\n<div class=\"page-title-head hgroup\">\n<div class=\"page-title-head hgroup\">\n<div class=\"page-title-head hgroup\">\n<div class=\"b654a4as d2edcug0\">\n<div class=\"page-title-head hgroup\">\n<div class=\"page-title-head hgroup\">\n<div class=\"page-title-head hgroup\">\n<div class=\"page-title-head hgroup\">\n<div class=\"b654a4as d2edcug0\">\n<div class=\"page-title-head hgroup\">\n<div class=\"page-title-head hgroup\">\n<div class=\"page-title-head hgroup\">\n<div class=\"page-title-head hgroup\">\n<div class=\"page-title-head hgroup\">\n<div class=\"page-title-head hgroup\">\n<div class=\"page-title-head hgroup\">\n<div class=\"page-title-head hgroup\">\n<div class=\"page-title-head hgroup\">\n<div class=\"b654a4as d2edcug0\">\n<div class=\"page-title-head hgroup\">\n<div class=\"page-title-head hgroup\">\n<div class=\"page-title-head hgroup\">\n<div class=\"page-title-head hgroup\">\n<div class=\"b654a4as d2edcug0\">\n<div class=\"page-title-head hgroup\">\n<div class=\"page-title-head hgroup\">\n<div class=\"page-title-head hgroup\">\n<div class=\"page-title-head hgroup\">\n<div class=\"page-title-head hgroup\">\n<div class=\"mkdf-post-text\">\n<div class=\"mkdf-post-text-inner\">\n<div class=\"mkdf-post-text-main\">\n<div class=\"mkdf-post-text\">\n<div class=\"mkdf-post-text-inner\">\n<div class=\"mkdf-post-text-main\">\n<div class=\"mkdf-post-text\">\n<div class=\"mkdf-post-text-inner\">\n<div class=\"mkdf-post-text-main\">\n<div class=\"page-title-head hgroup\">\n<div class=\"page-title-head hgroup\">\n<div class=\"mkdf-post-text\">\n<div class=\"mkdf-post-text-inner\">\n<div class=\"mkdf-post-text-main\">\n<div class=\"mkdf-post-text\">\n<div class=\"mkdf-post-text-inner\">\n<div class=\"mkdf-post-text-main\">\n<div class=\"page-title-head hgroup\">\n<div class=\"page-title-head hgroup\">\n<div class=\"page-title-head hgroup\">\n<div class=\"page-title-head hgroup\">\n<div class=\"b654a4as d2edcug0\">\n<div class=\"page-title-head hgroup\">\n<div class=\"page-title-head hgroup\">\n<div class=\"page-title-head hgroup\">\n<div class=\"page-title-head hgroup\">\n<div class=\"b654a4as d2edcug0\">\n<div class=\"page-title-head hgroup\">\n<div class=\"page-title-head hgroup\">\n<div class=\"page-title-head hgroup\">\n<div class=\"page-title-head hgroup\">\n<div class=\"b654a4as d2edcug0\">\n<div class=\"chat-input\">\n<div class=\"chat-input-container\">\n<div class=\"rows-wrapper chat-input-wrapper\">\n<div class=\"reply-wrapper\">\n<div class=\"btn-menu\">\n<div class=\"btn-menu-item tgico-replace rp\">\n<div class=\"c-ripple\">\n<div class=\"bubbles scrolled-down\">\n<div class=\"scrollable scrollable-y\">\n<div class=\"bubbles-inner has-rights is-chat is-channel\">\n<div class=\"bubbles-date-group\">\n<div class=\"bubble hide-name is-out can-have-tail is-group-first is-group-last is-read\" data-mid=\"5377294335\" data-peer-id=\"-1478820725\" data-timestamp=\"1638437407\">\n<div class=\"bubble-content-wrapper\">\n<div class=\"bubble-content\">\n<p class=\"message\" dir=\"auto\"><strong>\u00a0<\/strong><\/p>\n<\/div>\n<\/div>\n<\/div>\n<\/div>\n<\/div>\n<\/div>\n<\/div>\n<\/div>\n<\/div>\n<\/div>\n<\/div>\n<\/div>\n<\/div>\n<\/div>\n<\/div>\n<\/div>\n<\/div>\n<\/div>\n<\/div>\n<\/div>\n<\/div>\n<\/div>\n<\/div>\n<\/div>\n<\/div>\n<\/div>\n<\/div>\n<\/div>\n<\/div>\n<\/div>\n<\/div>\n<\/div>\n<\/div>\n<\/div>\n<\/div>\n<\/div>\n<\/div>\n<\/div>\n<\/div>\n<\/div>\n<\/div>\n<\/div>\n<\/div>\n<\/div>\n<\/div>\n<\/div>\n<\/div>\n<\/div>\n<\/div>\n<\/div>\n<\/div>\n<\/div>\n<\/div>\n<\/div>\n<\/div>\n<\/div>\n<\/div>\n<\/div>\n<\/div>\n<\/div>\n<\/div>\n<\/div>\n<\/div>\n<\/div>\n<\/div>\n<\/div>\n<\/div>\n<\/div>\n<\/div>\n<\/div>\n<\/div>\n<\/div>\n<\/div>\n<\/div>\n<\/div>\n<\/div>\n<\/div>\n<\/div>\n<\/div>\n<\/div>\n<\/div>\n<\/div>\n<\/div>\n<\/div>\n<\/div>\n<\/div>\n<\/div>\n<\/div>\n<\/div>\n<\/div>\n<\/div>\n<\/div>\n<\/div>\n<\/div>\n<\/div>\n<\/div>\n<\/div>\n<\/div>\n<\/div>\n<\/div>\n<\/div>\n<\/div>\n<\/div>\n<\/div>\n<\/div>\n<\/div>\n<\/div>\n<\/div>\n<\/div>\n<\/div>\n<\/div>\n<\/div>\n<\/div>\n<\/div>\n<\/div>\n<\/div>\n<\/div>\n<\/div>\n<\/div>\n<\/div>\n<\/div>\n<\/div>\n<\/div>\n<\/div>\n<\/div>\n<\/div>\n<\/div>\n<\/div>\n<\/div>\n<\/div>\n<\/div>\n<\/div>\n<\/div>\n<\/div>\n<\/div>\n<\/div>\n<\/div>\n<\/div>\n<\/div>\n<\/div>\n<\/div>\n<\/div>\n<\/div>\n<\/div>\n<\/div>\n<\/div>\n<\/div>\n<\/div>\n<\/div>\n<\/div>\n<\/div>\n<\/div>\n<\/div>\n<\/div>\n<\/div>\n<\/div>\n<\/div>\n<\/div>\n<\/div>\n<\/div>\n<\/div>\n<\/div>\n<\/div>\n<\/div>\n<\/div>\n<\/div>\n<\/div>\n<\/div>\n<div>\n<div class=\"page-title-head hgroup\">\n<div class=\"page-title-head hgroup\">\n<div class=\"b654a4as d2edcug0\">\n<div class=\"j83agx80 btwxx1t3 lhclo0ds hop8lmos nkwizq5d scwd0bx6 roh60bw9\">\n<div class=\"rq0escxv hkbzh7o3 jwdofwj8 n8tt0mok r8blr3vg hyh9befq\">\n<div class=\"do00u71z l9j0dhe7 k4urcfbm\">\n<div class=\"ecm0bbzt e5nlhep0 a8c37x1j\">\n<div class=\"kvgmc6g5 cxmmr5t8 oygrvhab hcukyx3x c1et5uql\">\n<div class=\"gmail-kvgmc6g5 gmail-cxmmr5t8 gmail-oygrvhab gmail-hcukyx3x gmail-c1et5uql gmail-ii04i59q\">\n<div class=\"page-title-head hgroup\">\n<div class=\"page-title-head hgroup\">\n<div class=\"b654a4as d2edcug0\">\n<div class=\"j83agx80 btwxx1t3 lhclo0ds hop8lmos nkwizq5d scwd0bx6 roh60bw9\">\n<div class=\"rq0escxv hkbzh7o3 jwdofwj8 n8tt0mok r8blr3vg hyh9befq\">\n<div class=\"do00u71z l9j0dhe7 k4urcfbm\">\n<div class=\"page-title-head hgroup\">\n<div class=\"page-title-head hgroup\">\n<div class=\"page-title-head hgroup\">\n<div class=\"page-title-head hgroup\">\n<div class=\"b654a4as d2edcug0\">\n<div class=\"page-title-head hgroup\">\n<div class=\"page-title-head hgroup\">\n<div class=\"page-title-head hgroup\">\n<div class=\"page-title-head hgroup\">\n<div class=\"b654a4as d2edcug0\">\n<div class=\"page-title-head hgroup\">\n<div class=\"page-title-head hgroup\">\n<div class=\"page-title-head hgroup\">\n<div class=\"page-title-head hgroup\">\n<div class=\"page-title-head hgroup\">\n<div class=\"page-title-head hgroup\">\n<div class=\"page-title-head hgroup\">\n<div class=\"page-title-head hgroup\">\n<div class=\"page-title-head hgroup\">\n<div class=\"b654a4as d2edcug0\">\n<div class=\"page-title-head hgroup\">\n<div class=\"page-title-head hgroup\">\n<div class=\"page-title-head hgroup\">\n<div class=\"page-title-head hgroup\">\n<div class=\"b654a4as d2edcug0\">\n<div class=\"page-title-head hgroup\">\n<div class=\"page-title-head hgroup\">\n<div class=\"page-title-head hgroup\">\n<div class=\"page-title-head hgroup\">\n<div class=\"page-title-head hgroup\">\n<div class=\"mkdf-post-text\">\n<div class=\"mkdf-post-text-inner\">\n<div class=\"mkdf-post-text-main\">\n<div class=\"mkdf-post-text\">\n<div class=\"mkdf-post-text-inner\">\n<div class=\"mkdf-post-text-main\">\n<div class=\"mkdf-post-text\">\n<div class=\"mkdf-post-text-inner\">\n<div class=\"mkdf-post-text-main\">\n<div class=\"page-title-head hgroup\">\n<div class=\"page-title-head hgroup\">\n<div class=\"mkdf-post-text\">\n<div class=\"mkdf-post-text-inner\">\n<div class=\"mkdf-post-text-main\">\n<div class=\"mkdf-post-text\">\n<div class=\"mkdf-post-text-inner\">\n<div class=\"mkdf-post-text-main\">\n<div class=\"page-title-head hgroup\">\n<div class=\"page-title-head hgroup\">\n<div class=\"page-title-head hgroup\">\n<div class=\"page-title-head hgroup\">\n<div class=\"b654a4as d2edcug0\">\n<div class=\"page-title-head hgroup\">\n<div class=\"page-title-head hgroup\">\n<div class=\"page-title-head hgroup\">\n<div class=\"page-title-head hgroup\">\n<div class=\"b654a4as d2edcug0\">\n<div class=\"page-title-head hgroup\">\n<div class=\"page-title-head hgroup\">\n<div class=\"page-title-head hgroup\">\n<div class=\"page-title-head hgroup\">\n<div class=\"b654a4as d2edcug0\">\n<div class=\"ecm0bbzt e5nlhep0 a8c37x1j\">\n<div class=\"kvgmc6g5 cxmmr5t8 oygrvhab hcukyx3x c1et5uql\">\n<div class=\"gmail-kvgmc6g5 gmail-cxmmr5t8 gmail-oygrvhab gmail-hcukyx3x gmail-c1et5uql gmail-ii04i59q\">\n<div class=\"page-title-head hgroup\">\n<div class=\"page-title-head hgroup\">\n<div class=\"b654a4as d2edcug0\">\n<div class=\"j83agx80 btwxx1t3 lhclo0ds hop8lmos nkwizq5d scwd0bx6 roh60bw9\">\n<div class=\"rq0escxv hkbzh7o3 jwdofwj8 n8tt0mok r8blr3vg hyh9befq\">\n<div class=\"do00u71z l9j0dhe7 k4urcfbm\">\n<div class=\"page-title-head hgroup\">\n<div class=\"page-title-head hgroup\">\n<div class=\"page-title-head hgroup\">\n<div class=\"page-title-head hgroup\">\n<div class=\"b654a4as d2edcug0\">\n<div class=\"page-title-head hgroup\">\n<div class=\"page-title-head hgroup\">\n<div class=\"page-title-head hgroup\">\n<div class=\"page-title-head hgroup\">\n<div class=\"b654a4as d2edcug0\">\n<div class=\"page-title-head hgroup\">\n<div class=\"page-title-head hgroup\">\n<div class=\"page-title-head hgroup\">\n<div class=\"page-title-head hgroup\">\n<div class=\"page-title-head hgroup\">\n<div class=\"page-title-head hgroup\">\n<div class=\"page-title-head hgroup\">\n<div class=\"page-title-head hgroup\">\n<div class=\"page-title-head hgroup\">\n<div class=\"b654a4as d2edcug0\">\n<div class=\"page-title-head hgroup\">\n<div class=\"page-title-head hgroup\">\n<div class=\"page-title-head hgroup\">\n<div class=\"page-title-head hgroup\">\n<div class=\"b654a4as d2edcug0\">\n<div class=\"page-title-head hgroup\">\n<div class=\"page-title-head hgroup\">\n<div class=\"page-title-head hgroup\">\n<div class=\"page-title-head hgroup\">\n<div class=\"page-title-head hgroup\">\n<div class=\"mkdf-post-text\">\n<div class=\"mkdf-post-text-inner\">\n<div class=\"mkdf-post-text-main\">\n<div class=\"mkdf-post-text\">\n<div class=\"mkdf-post-text-inner\">\n<div class=\"mkdf-post-text-main\">\n<div class=\"mkdf-post-text\">\n<div class=\"mkdf-post-text-inner\">\n<div class=\"mkdf-post-text-main\">\n<div class=\"page-title-head hgroup\">\n<div class=\"page-title-head hgroup\">\n<div class=\"mkdf-post-text\">\n<div class=\"mkdf-post-text-inner\">\n<div class=\"mkdf-post-text-main\">\n<div class=\"mkdf-post-text\">\n<div class=\"mkdf-post-text-inner\">\n<div class=\"mkdf-post-text-main\">\n<div class=\"page-title-head hgroup\">\n<div class=\"page-title-head hgroup\">\n<div class=\"page-title-head hgroup\">\n<div class=\"page-title-head hgroup\">\n<div class=\"b654a4as d2edcug0\">\n<div class=\"page-title-head hgroup\">\n<div class=\"page-title-head hgroup\">\n<div class=\"page-title-head hgroup\">\n<div class=\"page-title-head hgroup\">\n<div class=\"b654a4as d2edcug0\">\n<div class=\"page-title-head hgroup\">\n<div class=\"page-title-head hgroup\">\n<div class=\"page-title-head hgroup\">\n<div class=\"page-title-head hgroup\">\n<div class=\"b654a4as d2edcug0\">\n<blockquote class=\"wp-embedded-content\" data-secret=\"YKEqlG731G\"><p><a href=\"https:\/\/www.radiopiu.net\/wordpress\/viabilita\/\">viabilita<\/a><\/p><\/blockquote>\n<p><iframe loading=\"lazy\" class=\"wp-embedded-content\" sandbox=\"allow-scripts\" security=\"restricted\" style=\"position: absolute; clip: rect(1px, 1px, 1px, 1px);\" title=\"&#8220;viabilita&#8221; &#8212; Radio Pi\u00f9\" src=\"https:\/\/www.radiopiu.net\/wordpress\/viabilita\/embed\/#?secret=YKEqlG731G\" data-secret=\"YKEqlG731G\" width=\"600\" height=\"338\" frameborder=\"0\" marginwidth=\"0\" marginheight=\"0\" scrolling=\"no\"><\/iframe><\/p>\n<p>&nbsp;<\/p>\n<hr \/>\n<p>&nbsp;<\/p>\n<\/div>\n<div class=\"b654a4as d2edcug0\">\n<div class=\"ecm0bbzt e5nlhep0 a8c37x1j\">\n<div class=\"kvgmc6g5 cxmmr5t8 oygrvhab hcukyx3x c1et5uql\">\n<div class=\"gmail-kvgmc6g5 gmail-cxmmr5t8 gmail-oygrvhab gmail-hcukyx3x gmail-c1et5uql gmail-ii04i59q\">\n<div>\n<div class=\"page-title-head hgroup\">\n<div class=\"page-title-head hgroup\">\n<div class=\"b654a4as d2edcug0\">\n<div class=\"j83agx80 btwxx1t3 lhclo0ds hop8lmos nkwizq5d scwd0bx6 roh60bw9\">\n<div class=\"rq0escxv hkbzh7o3 jwdofwj8 n8tt0mok r8blr3vg hyh9befq\">\n<div class=\"do00u71z l9j0dhe7 k4urcfbm\">\n<div>\n<div class=\"page-title-head hgroup\">\n<div class=\"page-title-head hgroup\">\n<div class=\"page-title-head hgroup\">\n<div class=\"page-title-head hgroup\">\n<div class=\"b654a4as d2edcug0\">\n<div class=\"page-title-head hgroup\">\n<div class=\"page-title-head hgroup\">\n<div class=\"page-title-head hgroup\">\n<div class=\"page-title-head hgroup\">\n<div class=\"b654a4as d2edcug0\">\n<div class=\"page-title-head hgroup\">\n<div class=\"page-title-head hgroup\">\n<div class=\"page-title-head hgroup\">\n<div class=\"page-title-head hgroup\">\n<div class=\"page-title-head hgroup\">\n<div class=\"mkdf-post-text\">\n<div class=\"mkdf-post-text-inner\">\n<div class=\"mkdf-post-text-main\">\n<div class=\"mkdf-post-text\">\n<div class=\"mkdf-post-text-inner\">\n<div class=\"mkdf-post-text-main\">\n<div class=\"mkdf-post-text\">\n<div class=\"mkdf-post-text-inner\">\n<div class=\"mkdf-post-text-main\">\n<div class=\"page-title-head hgroup\">\n<div class=\"page-title-head hgroup\">\n<div class=\"mkdf-post-text\">\n<div class=\"mkdf-post-text-inner\">\n<div class=\"mkdf-post-text-main\">\n<div class=\"mkdf-post-text\">\n<div class=\"mkdf-post-text-inner\">\n<div class=\"mkdf-post-text-main\">\n<div>\n<div class=\"page-title-head hgroup\">\n<div class=\"page-title-head hgroup\">\n<div>\n<div class=\"page-title-head hgroup\">\n<div class=\"page-title-head hgroup\">\n<div class=\"b654a4as d2edcug0\">\n<div>\n<div class=\"page-title-head hgroup\" style=\"text-align: left;\">\n<div class=\"page-title-head hgroup\">\n<div dir=\"auto\">\n<p><a class=\"dt-pswp-item pspw-wrap-ready\" href=\"https:\/\/i0.wp.com\/www.radiopiu.net\/wordpress\/wp-content\/uploads\/2018\/09\/WhatsApp-Image-2018-09-20-at-16.04.06.jpeg?ssl=1\" data-dt-img-description=\"\" data-large_image_width=\"800\" data-large_image_height=\"100\"><img loading=\"lazy\" decoding=\"async\" class=\"aligncenter wp-image-61378 size-full jetpack-lazy-image jetpack-lazy-image--handled\" src=\"https:\/\/i0.wp.com\/www.radiopiu.net\/wordpress\/wp-content\/uploads\/2018\/09\/WhatsApp-Image-2018-09-20-at-16.04.06.jpeg?resize=800%2C100&amp;ssl=1\" sizes=\"auto, (max-width: 800px) 100vw, 800px\" srcset=\"https:\/\/i0.wp.com\/www.radiopiu.net\/wordpress\/wp-content\/uploads\/2018\/09\/WhatsApp-Image-2018-09-20-at-16.04.06.jpeg?w=800&amp;ssl=1 800w, https:\/\/i0.wp.com\/www.radiopiu.net\/wordpress\/wp-content\/uploads\/2018\/09\/WhatsApp-Image-2018-09-20-at-16.04.06.jpeg?resize=300%2C38&amp;ssl=1 300w, https:\/\/i0.wp.com\/www.radiopiu.net\/wordpress\/wp-content\/uploads\/2018\/09\/WhatsApp-Image-2018-09-20-at-16.04.06.jpeg?resize=768%2C96&amp;ssl=1 768w\" alt=\"\" width=\"800\" height=\"100\" data-lazy-loaded=\"1\" \/><\/a><\/p>\n<\/div>\n<\/div>\n<\/div>\n<\/div>\n<\/div>\n<\/div>\n<\/div>\n<\/div>\n<\/div>\n<\/div>\n<\/div>\n<\/div>\n<\/div>\n<\/div>\n<\/div>\n<\/div>\n<\/div>\n<\/div>\n<\/div>\n<\/div>\n<\/div>\n<\/div>\n<\/div>\n<\/div>\n<\/div>\n<\/div>\n<\/div>\n<\/div>\n<\/div>\n<\/div>\n<\/div>\n<\/div>\n<\/div>\n<\/div>\n<\/div>\n<\/div>\n<\/div>\n<\/div>\n<\/div>\n<\/div>\n<\/div>\n<\/div>\n<\/div>\n<\/div>\n<p>&nbsp;<\/p>\n<\/div>\n<\/div>\n<\/div>\n<\/div>\n<\/div>\n<\/div>\n<\/div>\n<\/div>\n<\/div>\n<\/div>\n<\/div>\n<\/div>\n<\/div>\n<\/div>\n<\/div>\n<\/div>\n<\/div>\n<\/div>\n<\/div>\n<\/div>\n<\/div>\n<\/div>\n<\/div>\n<\/div>\n<\/div>\n<\/div>\n<\/div>\n<\/div>\n<\/div>\n<\/div>\n<\/div>\n<\/div>\n<\/div>\n<\/div>\n<\/div>\n<\/div>\n<\/div>\n<\/div>\n<\/div>\n<\/div>\n<\/div>\n<\/div>\n<\/div>\n<\/div>\n<\/div>\n<\/div>\n<\/div>\n<\/div>\n<\/div>\n<\/div>\n<\/div>\n<\/div>\n<\/div>\n<\/div>\n<\/div>\n<\/div>\n<\/div>\n<\/div>\n<\/div>\n<\/div>\n<\/div>\n<\/div>\n<\/div>\n<\/div>\n<\/div>\n<\/div>\n<\/div>\n<\/div>\n<\/div>\n<\/div>\n<\/div>\n<\/div>\n<\/div>\n<\/div>\n<\/div>\n<\/div>\n<\/div>\n<\/div>\n<\/div>\n<\/div>\n<\/div>\n<\/div>\n<\/div>\n<\/div>\n<\/div>\n<\/div>\n<\/div>\n<\/div>\n<\/div>\n<\/div>\n<\/div>\n<\/div>\n<\/div>\n<\/div>\n<\/div>\n<\/div>\n<\/div>\n<\/div>\n<\/div>\n<\/div>\n<\/div>\n<\/div>\n<\/div>\n<\/div>\n<\/div>\n<\/div>\n<\/div>\n<\/div>\n<\/div>\n<\/div>\n<\/div>\n<\/div>\n<\/div>\n<\/div>\n<\/div>\n<\/div>\n<\/div>\n<\/div>\n<\/div>\n<\/div>\n<\/div>\n<\/div>\n<\/div>\n<\/div>\n<\/div>\n<\/div>\n<\/div>\n<\/div>\n<\/div>\n<\/div>\n<\/div>\n<\/div>\n<\/div>\n<\/div>\n<\/div>\n<\/div>\n<\/div>\n<\/div>\n<\/div>\n<\/div>\n<\/div>\n<\/div>\n<\/div>\n<\/div>\n<\/div>\n<\/div>\n<\/div>\n<\/div>\n<\/div>\n<\/div>\n<\/div>\n<\/div>\n<\/div>\n<\/div>\n<\/div>\n<\/div>\n<\/div>\n<\/div>\n<\/div>\n<\/div>\n<\/div>\n<\/div>\n<\/div>\n<\/div>\n<\/div>\n<\/div>\n<p><center><b>Lunedi 10<\/b><\/center><b>Tempo atteso: <\/b>Giornata gradualmente sempre pi\u00f9 soleggiata, ma un po&#8217; ventosa e fredda. Al mattino nuvolosit\u00e0 irregolare, con zone di sereno sempre pi\u00f9 ampie, nel pomeriggio cielo sereno o poco nuvoloso.<br \/>\n<b>Precipitazioni: <\/b>Assenti (0%)<br \/>\n<b>Temperature: <\/b>Senza notevoli variazioni, salvo un aumento delle massime nelle valli. Su Prealpi a 1500 m min -4\u00b0C max -1\u00b0C, a 2000 m min -6\u00b0C max -4\u00b0C Su Dolomiti a 2000 m min -11\u00b0C max -9\u00b0C, a 3000 m min -14\u00b0C max -11\u00b0C.<br \/>\n<b>Venti: <\/b>Nelle valli probabili raffiche di Foehn, soprattutto sulle Dolomiti. In quota venti moderati o tesi da nord-est, a tratti forti in serata, 20-40 km\/h a 2000 m, 20-50 km\/h a 3000 m.<\/p>\n<hr \/>\n<p><center><b>Martedi 11<\/b><\/center><b>Tempo atteso: <\/b>Tempo splendido, con cielo totalmente sereno e terso, anche se ancora un po&#8217; ventoso e freddo in quota ed inizialmente anche in qualche valle.<br \/>\n<b>Precipitazioni: <\/b>Assenti (0%)<br \/>\n<b>Temperature: <\/b>Minime stazionarie, massime in lieve aumento, specie in quota. Su Prealpi a 1500 m min -3\u00b0C max 0\u00b0C, a 2000 m min -5\u00b0C max -4\u00b0C Su Dolomiti a 2000 m min -10\u00b0C max -4\u00b0C, a 3000 m min -11\u00b0C max -8\u00b0C.<br \/>\n<b>Venti: <\/b>Nelle valli ancora probabili raffiche di Foehn nella notte e al primo mattino, soprattutto sulle Dolomiti. In quota venti moderati o tesi da nord-est, a tratti forti sulle cime, 20-35 km\/h a 2000 m, 30-45 km\/h a 3000 m.<\/p>\n<hr \/>\n<p><center><b>Mercoledi 12<\/b><\/center>Altra bella giornata di sole, con temporaneo transito di nubi alte e sottili a met\u00e0 giornata. Ancora abbastanza ventoso in quota. Temperature stazionarie nelle valli, in lieve rialzo in quota, su valori ovunque normali per il periodo. Venti in quota moderati o tesi da nord-est.<\/p>\n<hr \/>\n<p><center><b>Giovedi 13<\/b><\/center>Ancora tempo splendido con cielo sereno, molto pi\u00f9 mite e meno ventoso in quota. Se si eccettuano le minime a fondovalle, che rimarranno pressoch\u00e9 stazionarie, le temperature subiranno un aumento, anche marcato in quota, con inizio di inversione termica in serata\/notte. Venti in montagna moderati, a tratti forti, sempre da nord-est, tendenti ad attenuarsi gradualmente. Previsore: BR<\/p>\n<p>&nbsp;<\/p>\n<hr \/>\n<p>&nbsp;<\/p>\n<p><a href=\"https:\/\/www.radiopiu.net\/wordpress\/giornale-radiopiu-15-settembre-2018-direttore-mirko-mezzacasa\/sport-7\/\" rel=\"attachment wp-att-60761\"><img loading=\"lazy\" decoding=\"async\" class=\"wp-image-60761 size-full aligncenter\" src=\"https:\/\/www.radiopiu.net\/wordpress\/wp-content\/uploads\/2018\/09\/sport.jpg\" alt=\"\" width=\"800\" height=\"100\" srcset=\"https:\/\/www.radiopiu.net\/wordpress\/wp-content\/uploads\/2018\/09\/sport.jpg 800w, https:\/\/www.radiopiu.net\/wordpress\/wp-content\/uploads\/2018\/09\/sport-300x38.jpg 300w, https:\/\/www.radiopiu.net\/wordpress\/wp-content\/uploads\/2018\/09\/sport-768x96.jpg 768w\" sizes=\"auto, (max-width: 800px) 100vw, 800px\" \/><\/a><\/p>\n<p>&nbsp;<\/p>\n<p><span style=\"color: #0000ff;\"><strong>HOCKEY SU GHIACCIO<\/strong><\/span><\/p>\n<blockquote>\n<h3>ALLEGHE HOCKEY GIOVANILE: BENE L&#8217;UNDER 17, SECONDA SCONFITTA IN COPPA PER L&#8217;UNDER 15<\/h3>\n<\/blockquote>\n<p><strong><a href=\"https:\/\/www.radiopiu.net\/wordpress\/il-calendario-ufficiale-dellitalian-hockey-league\/logo-alleghe-hockey\/\" rel=\"attachment wp-att-95699\"><img loading=\"lazy\" decoding=\"async\" class=\"size-medium wp-image-95699 alignright\" src=\"https:\/\/www.radiopiu.net\/wordpress\/wp-content\/uploads\/2019\/08\/logo-alleghe-hockey-300x281.png\" alt=\"\" width=\"300\" height=\"281\" srcset=\"https:\/\/www.radiopiu.net\/wordpress\/wp-content\/uploads\/2019\/08\/logo-alleghe-hockey-300x281.png 300w, https:\/\/www.radiopiu.net\/wordpress\/wp-content\/uploads\/2019\/08\/logo-alleghe-hockey.png 547w\" sizes=\"auto, (max-width: 300px) 100vw, 300px\" \/><\/a>UNDER 17<\/strong><\/p>\n<p><strong>PADOVA &#8211; ALLEGHE 1-5<\/strong><\/p>\n<p>GOL ALLEGHE: Vigilante, Zandegiacomo, De pol, Talamini, Fontanive<\/p>\n<p>Tutto facile per l&#8217;Alleghe under 17 che torna dalla trasferta padovana con 3 punti in saccoccia. La squadra agordina domina in lungo in largo il campo ghiacciato e rifila 5 gol ad un Padova che non \u00e8 mai stato in partita. Alleghe che passa in vantaggio dopo 6&#8242; con Vigilante e primo tempo che si chiude in doppio vantaggio grazie alla rete di Zandegiacomo. De Pol porta a 3 le marcature per le civette mentre Talamini e Fontanive chiudono il match a fine secondo drittel. Nella terza frazione c&#8217;\u00e8 lo spazio per il gol della bandiera del Padova. Prossima sfida al De Toni per i biancorossi che il 22 gennaio ospiteranno il Bolzano.<\/p>\n<p><strong>UNDER 15 &#8211; COPPA ITALIA<\/strong><\/p>\n<p><strong>BOLZANO &#8211; ALLEGHE 5-2\u00a0<\/strong><\/p>\n<p>Seconda sconfitta i Coppa Italia per i giovani under 15 dell&#8217;Alleghe Hockey. In terra altoatesina le civette si devono arrendere di fronte ad un Bolzano che ha saputo rendersi pericoloso nei momenti giusti. Un inizio di coppa da dimenticare per i giovani agordini che ritorneranno in campo il 25 gennaio per giocare contro i Diavoli di Sesto.<\/p>\n<p>&nbsp;<\/p>\n<p>&nbsp;<\/p>\n<hr \/>\n<p>&nbsp;<\/p>\n<p><span style=\"color: #0000ff;\"><strong>SNOWBOARD<\/strong><\/span><\/p>\n<blockquote>\n<h3>LUCIA DODICESIMA IN SVIZZERA COME A CORTINA<\/h3>\n<\/blockquote>\n<p><strong><img loading=\"lazy\" decoding=\"async\" class=\"alignleft\" src=\"https:\/\/www.radiopiu.net\/wordpress\/wp-content\/uploads\/2022\/01\/Schermata-2022-01-07-alle-10.51.06.png\" width=\"303\" height=\"268\" \/>FALCADE <\/strong>L&#8217;agordina Lucia Dalmasso conquista anche gli ottavi di finale prima di chiudere in 12^posizione nella quarta tappa stagionale di Coppa del mondo. Sabato in Svizzera l&#8217;atleta dello Ski Team Fassa era impegnata nel gigante. Lucia ha ribadito la posizine gi\u00e0 conquistata a Cortina. Ieri solo 14 centesimi hanno allontanato la Dalmasso dalla top ten. <em>\u00abSono felice della gara disputata &#8211; ha detto la snowboardista -pian piano sto sempre migliorando ed ho un grande desiderio di arrivare in alto\u00bb.\u00a0<\/em><\/p>\n<p>&nbsp;<\/p>\n<p>&nbsp;<\/p>\n<blockquote>\n<h3>LUCIA DALMASSO, LA SNOWBOARDISTA DI FALCADE CHE PUNTA ALLE OLIMPIADI<\/h3>\n<\/blockquote>\n<p><strong>FALCADE<\/strong> E&#8217; sempre stato il suo sogno nel cassetto quello di partecipare alle Olimpiadi ed ora, che ad accompagnarla sul casco c&#8217;\u00e8 l&#8217;ente di promozione turistica della sua terra Promo Falcade, inizia le gare del 2022 con Bejing nel mirino. L&#8217;ultima gara di Coppa del Mondo a Cortina a dicembre l&#8217;ha vista dodicesima; soddisfatta a met\u00e0 aveva detto, l&#8217;obiettivo \u00e8 di migliorarsi tecnicamente gara dopo gara ed anche nella tattica. Questo 2022 \u00e8 a tutti gli effetti il suo primo anno da titolare in Coppa del Mondo e quindi deve maturare esperienze su esperienze su piste che non ha mai &#8220;surfato&#8221;. Domani a Scuol in Svizzera si ritrover\u00e0 al cancelletto di partenza a caccia della prima Top Ten in Coppa del Mondo. Dopodich\u00e8 ci sar\u00e0 una settimana importante con 4 gare in Austria con 2 Team Event. Ricordiamo che Lucia Dalmasso solo 5 anni fa era una promessa dello Sci Alpino e quindi in soli pochi anni \u00e8 arrivata al massimo livello nello Snowboard Parallelo. &#8220;<em>La strada \u00e8 ancora lunga &#8211; dice Lucia &#8211; e io devo imparare tanto, ma l&#8217;unica cosa che devo fare \u00e8 allenarmi e guardare avanti. Ringrazio chi mi sostiene come Promo Falcade che per la prima volta appoggia un atleta in Coppa del Mondo, il Rifugio Loresei, la Federazione, Onesporter ed il mio management DSF.Sport.<\/em>&#8221; L&#8217;Obiettivo di Lucia \u00e8 day by day, ma il Sogno di bambina di partecipare alle Olimpiadi \u00e8 sempre pi\u00f9 vicino.<\/p>\n<p>&nbsp;<\/p>\n<hr \/>\n<p>&nbsp;<\/p>\n<p><span style=\"color: #0000ff;\"><strong>PALLAVOLO<\/strong><\/span><\/p>\n<blockquote>\n<h3>SEI CONTAGIATI, CINQUE SI NEGATIVIZZANO<\/h3>\n<\/blockquote>\n<p><strong><a href=\"https:\/\/www.radiopiu.net\/wordpress\/giornale-radiopiu-10-gennaio-2022-direttore-mirko-mezzacasa\/drl_durante_un_timeout_contro_portomaggiore\/\" rel=\"attachment wp-att-252980\"><img loading=\"lazy\" decoding=\"async\" class=\"size-medium wp-image-252980 alignleft\" src=\"https:\/\/www.radiopiu.net\/wordpress\/wp-content\/uploads\/2022\/01\/Drl_durante_un_timeout_contro_Portomaggiore-300x200.jpeg\" alt=\"\" width=\"300\" height=\"200\" srcset=\"https:\/\/www.radiopiu.net\/wordpress\/wp-content\/uploads\/2022\/01\/Drl_durante_un_timeout_contro_Portomaggiore-300x200.jpeg 300w, https:\/\/www.radiopiu.net\/wordpress\/wp-content\/uploads\/2022\/01\/Drl_durante_un_timeout_contro_Portomaggiore-1024x683.jpeg 1024w, https:\/\/www.radiopiu.net\/wordpress\/wp-content\/uploads\/2022\/01\/Drl_durante_un_timeout_contro_Portomaggiore-768x512.jpeg 768w, https:\/\/www.radiopiu.net\/wordpress\/wp-content\/uploads\/2022\/01\/Drl_durante_un_timeout_contro_Portomaggiore-1536x1024.jpeg 1536w, https:\/\/www.radiopiu.net\/wordpress\/wp-content\/uploads\/2022\/01\/Drl_durante_un_timeout_contro_Portomaggiore.jpeg 1740w\" sizes=\"auto, (max-width: 300px) 100vw, 300px\" \/><\/a>BELLUNO <\/strong>Doveva essere una domenica abruzzese, per i rinoceronti. E invece la sfida con l\u2019Abba Pineto \u00e8 stata rinviata a data da destinarsi. Il motivo? Sempre il solito: i casi di positivit\u00e0 all\u2019interno del gruppo-squadra. O meglio, dei due gruppi: perch\u00e9 sia l\u2019Abba, sia la Da Rold Logistics, in questo primo scorcio di 2022, hanno dovuto fare i conti con il Covid.<span class=\"gmail-Apple-converted-space\"> \u00a0<\/span>A ogni modo, in casa bellunese la situazione sta tornando lentamente alla normalit\u00e0: \u00ab<em>In effetti non \u00e8 un periodo tradizionale &#8211; argomenta coach Diego Poletto -. Negli ultimi giorni, ci siamo adoperati far lavorare in palestra chi non ha contratto il virus e abbiamo strutturato un piano finalizzato a recuperare il prima possibile gli atleti costretti a sospendere l\u2019attivit\u00e0<\/em>\u00bb. <span class=\"gmail-Apple-converted-space\">\u00a0 <\/span>Il contagio ha coinvolto sei elementi della rosa: cinque hanno appena ricevuto l\u2019esito negativo del tampone molecolare. E uno \u00e8 ancora in attesa: \u00ab<em>Nelle sedute alla Spes Arena ci siamo concentrati maggiormente sulla sfera tecnica, sullo sviluppo delle abilit\u00e0 e la cura di quei dettagli che, durante la stagione, \u00e8 difficile coltivare per mancanza di tempo. Non avendo partite da disputare, \u00e8 importante mantenere una certa confidenza con la palla<\/em>\u00bb.<span class=\"gmail-Apple-converted-space\"> \u00a0<\/span>Nel frattempo, anche il prossimo avversario in calendario &#8211; la Med Store Tunit Macerata &#8211; presenta dei casi di positivit\u00e0 al Covid: \u00ab<em>Indipendentemente da quel che ci aspetta &#8211; prosegue coach Poletto &#8211; onoreremo al massimo tutti gli impegni, cercando di gestire nel migliore dei modi tempi e risorse umane. Poi \u00e8 evidente che ci sono degli aspetti sui quali non possiamo incidere, n\u00e9 decidere. Ma diverse squadre sono nella stessa condizione<\/em>\u00bb. Il fatto di aver chiuso l\u2019andata all\u2019ottavo posto rappresenta un\u2019ottima base di partenza. O meglio, di ripartenza: \u00ab<em>Tra le neopromosse &#8211; conclude il coach della Da Rold Logistics &#8211; siamo l\u2019unica formazione che \u00e8 riuscita a qualificarsi per la Coppa Italia. Tuttavia, sappiamo che il ritorno sar\u00e0 impegnativo: chi ha l\u2019organico pi\u00f9 profondo \u00e8 pi\u00f9 agevolato ad affrontare le inevitabili oscillazioni, anche in termini di preparazione, di un periodo complicato e caratterizzato dai contagi<\/em>\u00bb.<span class=\"gmail-Apple-converted-space\">\u00a0<\/span><\/p>\n","protected":false},"excerpt":{"rendered":"<p>INFORMAZIONE il canale su TELEGRAM informazione di prima mano e in tempo reale. iscriviti ed aiutaci a farlo conoscere\u00a0\u00a0 &nbsp; &nbsp; LA FINE DELLE FESTE, IL RIENTRO E LE SOLITE CODE REDAZIONE\u00a0 Giornata in coda ieri sulle strade del bellunese anche se particolari criticit\u00e0 non sono state segnalate. Rallentamenti al Ponte Cadore, verso Longarone, da&hellip;<\/p>\n","protected":false},"author":4,"featured_media":253049,"comment_status":"closed","ping_status":"open","sticky":false,"template":"","format":"standard","meta":{"_monsterinsights_skip_tracking":false,"_monsterinsights_sitenote_active":false,"_monsterinsights_sitenote_note":"","_monsterinsights_sitenote_category":0,"footnotes":""},"categories":[104,86,49],"tags":[],"class_list":["post-252864","post","type-post","status-publish","format-standard","has-post-thumbnail","hentry","category-evidenza_3","category-gr","category-news-18","category-104","category-86","category-49","description-off"],"img_url":"https:\/\/www.radiopiu.net\/wordpress\/wp-content\/uploads\/2022\/01\/Schermata-2022-01-09-alle-14.09.50.png","_links":{"self":[{"href":"https:\/\/www.radiopiu.net\/wordpress\/wp-json\/wp\/v2\/posts\/252864","targetHints":{"allow":["GET"]}}],"collection":[{"href":"https:\/\/www.radiopiu.net\/wordpress\/wp-json\/wp\/v2\/posts"}],"about":[{"href":"https:\/\/www.radiopiu.net\/wordpress\/wp-json\/wp\/v2\/types\/post"}],"author":[{"embeddable":true,"href":"https:\/\/www.radiopiu.net\/wordpress\/wp-json\/wp\/v2\/users\/4"}],"replies":[{"embeddable":true,"href":"https:\/\/www.radiopiu.net\/wordpress\/wp-json\/wp\/v2\/comments?post=252864"}],"version-history":[{"count":0,"href":"https:\/\/www.radiopiu.net\/wordpress\/wp-json\/wp\/v2\/posts\/252864\/revisions"}],"wp:featuredmedia":[{"embeddable":true,"href":"https:\/\/www.radiopiu.net\/wordpress\/wp-json\/wp\/v2\/media\/253049"}],"wp:attachment":[{"href":"https:\/\/www.radiopiu.net\/wordpress\/wp-json\/wp\/v2\/media?parent=252864"}],"wp:term":[{"taxonomy":"category","embeddable":true,"href":"https:\/\/www.radiopiu.net\/wordpress\/wp-json\/wp\/v2\/categories?post=252864"},{"taxonomy":"post_tag","embeddable":true,"href":"https:\/\/www.radiopiu.net\/wordpress\/wp-json\/wp\/v2\/tags?post=252864"}],"curies":[{"name":"wp","href":"https:\/\/api.w.org\/{rel}","templated":true}]}}