{"id":252893,"date":"2022-01-08T17:40:17","date_gmt":"2022-01-08T16:40:17","guid":{"rendered":"https:\/\/www.radiopiu.net\/wordpress\/?p=252893"},"modified":"2022-01-08T17:49:02","modified_gmt":"2022-01-08T16:49:02","slug":"iu22","status":"publish","type":"post","link":"https:\/\/www.radiopiu.net\/wordpress\/iu22\/","title":{"rendered":"DECESSO DI ILENIA TURRIN, LA ULSS1 RICOSTRUISCE I FATTI"},"content":{"rendered":"<div class=\"articlePlainText\">\n<div><\/div>\n<div>\n<p><strong>BELLUNO<\/strong> A seguito delle notizie pubblicate stamane nella edizione bellunese del Gazzettino la Ulss1 ha espresso la sua ricostruzione dei fatti con alcune considerazioni sulla scorta di quanto riportato.<\/p>\n<ul>\n<li><em>In ulss Dolomiti durante tutto il periodo natalizio \u00e8 sempre stato attivo con accesso libero almeno un punto tamponi anche nelle giornate festive oltre alla piena e completa attivit\u00e0 di tutti servizi di primo intervento h 24 territoriali e ospedalieri. Risulta che la signora Turrin abbia contattato il proprio medico di medicina generale che, pur in giornata prefestiva, ha risposto e dato le informazioni necessarie. La signora aveva riferito il contatto col marito positivo e aveva dichiarato di essere asintomatica. Il medico di medicina generale aveva concordato di essere ricontattata per aggiornamenti e per il monitoraggio. Non sono seguiti ulteriori contatti col medico di famiglia n\u00e9 notizie di peggioramento clinico. Il 118 \u00e8 stato contattato il 5 gennaio e ha potuto solo constatare il decesso della signora Turrin. Lo stesso 118 ha attivato gli USCA che come di prassi, si sono recati al domicilio per la valutazione clinica dei contatti familiari segnalati e sintomatici.<\/em><\/li>\n<\/ul>\n<p>&nbsp;<\/p>\n<p>&nbsp;<\/p>\n<\/div>\n<div><\/div>\n<div><\/div>\n<div>ARTICOLO PRECEDENTE<\/div>\n<div><\/div>\n<blockquote>\n<h2>ILENIA TURRIN, MALORE IMPROVVISO TRA LE MURA DI CASA MUORE A 39 ANNI<\/h2>\n<\/blockquote>\n<div><\/div>\n<div class=\"articlePlainText\"><strong><a href=\"https:\/\/www.radiopiu.net\/wordpress\/giornale-radiopiu-08-gennaio-2022-direttore-mirko-mezzacasa\/acffad39-6f4d-4e02-87f0-f2d63b70ae0b\/\" rel=\"attachment wp-att-252894\"><img loading=\"lazy\" decoding=\"async\" class=\"size-medium wp-image-252894 alignleft\" src=\"https:\/\/www.radiopiu.net\/wordpress\/wp-content\/uploads\/2022\/01\/acffad39-6f4d-4e02-87f0-f2d63b70ae0b-300x169.jpg\" alt=\"\" width=\"300\" height=\"169\" srcset=\"https:\/\/www.radiopiu.net\/wordpress\/wp-content\/uploads\/2022\/01\/acffad39-6f4d-4e02-87f0-f2d63b70ae0b-300x169.jpg 300w, https:\/\/www.radiopiu.net\/wordpress\/wp-content\/uploads\/2022\/01\/acffad39-6f4d-4e02-87f0-f2d63b70ae0b-1024x576.jpg 1024w, https:\/\/www.radiopiu.net\/wordpress\/wp-content\/uploads\/2022\/01\/acffad39-6f4d-4e02-87f0-f2d63b70ae0b-768x432.jpg 768w, https:\/\/www.radiopiu.net\/wordpress\/wp-content\/uploads\/2022\/01\/acffad39-6f4d-4e02-87f0-f2d63b70ae0b-1536x864.jpg 1536w, https:\/\/www.radiopiu.net\/wordpress\/wp-content\/uploads\/2022\/01\/acffad39-6f4d-4e02-87f0-f2d63b70ae0b.jpg 1920w\" sizes=\"auto, (max-width: 300px) 100vw, 300px\" \/><\/a>FELTRE<\/strong> A Pren \u00e8 morta a 39 anni Ilenia Turrin, colpita da un improvviso arresto cardiaco. La tragedi mercoled\u00ec: la giovane casalinga, sposata con Omar Zanella, \u00e8 stata colpita all&#8217;improvviso dal malore in casa e nemmeno i sanitari del 118 hanno potuto fare nulla. Oggi alle 14,30 l&#8217;ultimo nella chiesa parrocchiale di Pren.<strong><br \/>\n<\/strong><\/div>\n<div><\/div>\n<div><strong>I GENITORI<\/strong> <em>&#8220;Vogliamo che ora sia fatta chiarezza, che non si ripeta quanto stiamo passando noi&#8221;<\/em><\/div>\n<div><\/div>\n<div>\n<p><span style=\"color: #ff0000;\">DAL GAZZETTINO DI OGGI: LA GIOVANE NON ERA VACCINATA<\/span><\/p>\n<\/div>\n<div>\u00a0Ilenia Turrin, 39 anni, \u00e8 morta nella sua casa di Feltre, gioved\u00ec sera, senza che nessuno la sottoponesse mai nemmeno ad un tampone di verifica covid, nonostante fosse contatto di un positivo &#8220;<em>\u00abIl 27 dicembre &#8211; raccontano mamma Maria Rosa e pap\u00e0 Graziano Turrin al Gazzettino- nostro genero era risultato positivo con un tampone fatto per il lavoro. Poco dopo anche mia figlia ha iniziato ad accusare tosse, febbre alta. Dopo aver ricevuto i due numeri telefonici a cui rivolgersi hanno iniziato a chiamare. Con molta fatica sono riusciti a parlare con qualcuno: gli hanno risposto e gli hanno detto di chiamare l&#8217;altro numero e cos\u00ec hanno fatto\u00bb\u00a0\u00a0<\/em><\/div>\n<div>L&#8217;ARTICOLO COMPLETO SUL GAZZETTINO<\/div>\n<div><\/div>\n<div><\/div>\n<div>***<\/div>\n<\/div>\n","protected":false},"excerpt":{"rendered":"<p>BELLUNO A seguito delle notizie pubblicate stamane nella edizione bellunese del Gazzettino la Ulss1 ha espresso la sua ricostruzione dei fatti con alcune considerazioni sulla scorta di quanto riportato. In ulss Dolomiti durante tutto il periodo natalizio \u00e8 sempre stato attivo con accesso libero almeno un punto tamponi anche nelle giornate festive oltre alla piena&hellip;<\/p>\n","protected":false},"author":4,"featured_media":252894,"comment_status":"closed","ping_status":"open","sticky":false,"template":"","format":"standard","meta":{"_monsterinsights_skip_tracking":false,"_monsterinsights_sitenote_active":false,"_monsterinsights_sitenote_note":"","_monsterinsights_sitenote_category":0,"footnotes":""},"categories":[51,49],"tags":[],"class_list":["post-252893","post","type-post","status-publish","format-standard","has-post-thumbnail","hentry","category-evidenza-top","category-news-18","category-51","category-49","description-off"],"img_url":"https:\/\/www.radiopiu.net\/wordpress\/wp-content\/uploads\/2022\/01\/acffad39-6f4d-4e02-87f0-f2d63b70ae0b.jpg","_links":{"self":[{"href":"https:\/\/www.radiopiu.net\/wordpress\/wp-json\/wp\/v2\/posts\/252893","targetHints":{"allow":["GET"]}}],"collection":[{"href":"https:\/\/www.radiopiu.net\/wordpress\/wp-json\/wp\/v2\/posts"}],"about":[{"href":"https:\/\/www.radiopiu.net\/wordpress\/wp-json\/wp\/v2\/types\/post"}],"author":[{"embeddable":true,"href":"https:\/\/www.radiopiu.net\/wordpress\/wp-json\/wp\/v2\/users\/4"}],"replies":[{"embeddable":true,"href":"https:\/\/www.radiopiu.net\/wordpress\/wp-json\/wp\/v2\/comments?post=252893"}],"version-history":[{"count":0,"href":"https:\/\/www.radiopiu.net\/wordpress\/wp-json\/wp\/v2\/posts\/252893\/revisions"}],"wp:featuredmedia":[{"embeddable":true,"href":"https:\/\/www.radiopiu.net\/wordpress\/wp-json\/wp\/v2\/media\/252894"}],"wp:attachment":[{"href":"https:\/\/www.radiopiu.net\/wordpress\/wp-json\/wp\/v2\/media?parent=252893"}],"wp:term":[{"taxonomy":"category","embeddable":true,"href":"https:\/\/www.radiopiu.net\/wordpress\/wp-json\/wp\/v2\/categories?post=252893"},{"taxonomy":"post_tag","embeddable":true,"href":"https:\/\/www.radiopiu.net\/wordpress\/wp-json\/wp\/v2\/tags?post=252893"}],"curies":[{"name":"wp","href":"https:\/\/api.w.org\/{rel}","templated":true}]}}