{"id":252913,"date":"2022-01-08T06:40:58","date_gmt":"2022-01-08T05:40:58","guid":{"rendered":"https:\/\/www.radiopiu.net\/wordpress\/?p=252913"},"modified":"2022-01-08T06:40:59","modified_gmt":"2022-01-08T05:40:59","slug":"un-anno-con-gli-uomini-in-rosso-della-val-cordevole-da-caprile-alla-val-pettorina-e-fiorentina","status":"publish","type":"post","link":"https:\/\/www.radiopiu.net\/wordpress\/un-anno-con-gli-uomini-in-rosso-della-val-cordevole-da-caprile-alla-val-pettorina-e-fiorentina\/","title":{"rendered":"UN ANNO  CON GLI UOMINI IN ROSSO DELLA VAL CORDEVOLE, DA CAPRILE ALLA VAL PETTORINA E FIORENTINA"},"content":{"rendered":"<div class=\"kvgmc6g5 cxmmr5t8 oygrvhab hcukyx3x c1et5uql ii04i59q\">\n<div dir=\"auto\"><strong><a href=\"https:\/\/www.radiopiu.net\/wordpress\/un-anno-con-gli-uomini-in-rosso-della-val-cordevole-da-caprile-alla-val-pettorina-e-fiorentina\/270226200_1115156909023911_3782774930047850206_n\/\" rel=\"attachment wp-att-252914\"><img loading=\"lazy\" decoding=\"async\" class=\"wp-image-252914 alignleft\" src=\"https:\/\/www.radiopiu.net\/wordpress\/wp-content\/uploads\/2022\/01\/270226200_1115156909023911_3782774930047850206_n-300x300.jpg\" alt=\"\" width=\"186\" height=\"186\" srcset=\"https:\/\/www.radiopiu.net\/wordpress\/wp-content\/uploads\/2022\/01\/270226200_1115156909023911_3782774930047850206_n-300x300.jpg 300w, https:\/\/www.radiopiu.net\/wordpress\/wp-content\/uploads\/2022\/01\/270226200_1115156909023911_3782774930047850206_n-1024x1024.jpg 1024w, https:\/\/www.radiopiu.net\/wordpress\/wp-content\/uploads\/2022\/01\/270226200_1115156909023911_3782774930047850206_n-150x150.jpg 150w, https:\/\/www.radiopiu.net\/wordpress\/wp-content\/uploads\/2022\/01\/270226200_1115156909023911_3782774930047850206_n-768x768.jpg 768w, https:\/\/www.radiopiu.net\/wordpress\/wp-content\/uploads\/2022\/01\/270226200_1115156909023911_3782774930047850206_n-1536x1536.jpg 1536w, https:\/\/www.radiopiu.net\/wordpress\/wp-content\/uploads\/2022\/01\/270226200_1115156909023911_3782774930047850206_n.jpg 2048w\" sizes=\"auto, (max-width: 186px) 100vw, 186px\" \/><\/a>REDAZIONE-COLLE SANTA LUCIA<\/strong> Anche i nostri pompieri volontari tirano le somme al termine di un altro impegnativo anno di attivit\u00e0. Lo fanno i volontari di Colle Santa Lucia sottolineando la prima novit\u00e0: il cambio alla guida del distaccamento. Il Vigile Fabiano Pezzei ha infatti dato il cambio ad Andrea Chizzali.<em> &#8220;\u00c8 stato un anno per noi abbastanza tranquillo\u00a0 &#8211; dicono i pompieri &#8211; in quanto a richieste di soccorso, anche se, una in particolare ci ha messi a dura prova per vari giorni. Come ben sapete infatti il 4 giugno verso le 14.30 un furioso incendio ha distrutto parte della frazione di Canazei, coinvolgendo 4 edifici.<\/em><\/div>\n<\/div>\n<div class=\"cxmmr5t8 oygrvhab hcukyx3x c1et5uql o9v6fnle ii04i59q\">\n<div dir=\"auto\"><em>Grande \u00e8 stato l&#8217;impegno dei nostri volontari e di tutti i vigili dei distaccamenti limitrofi, permanenti e volontari&#8221;<\/em>. Nel corso del <a href=\"https:\/\/www.radiopiu.net\/wordpress\/un-anno-con-gli-uomini-in-rosso-della-val-cordevole-da-caprile-alla-val-pettorina-e-fiorentina\/270847145_1312968082464603_4724284414552431208_n\/\" rel=\"attachment wp-att-252915\"><img loading=\"lazy\" decoding=\"async\" class=\"size-medium wp-image-252915 alignright\" src=\"https:\/\/www.radiopiu.net\/wordpress\/wp-content\/uploads\/2022\/01\/270847145_1312968082464603_4724284414552431208_n-300x225.jpg\" alt=\"\" width=\"300\" height=\"225\" srcset=\"https:\/\/www.radiopiu.net\/wordpress\/wp-content\/uploads\/2022\/01\/270847145_1312968082464603_4724284414552431208_n-300x225.jpg 300w, https:\/\/www.radiopiu.net\/wordpress\/wp-content\/uploads\/2022\/01\/270847145_1312968082464603_4724284414552431208_n.jpg 720w\" sizes=\"auto, (max-width: 300px) 100vw, 300px\" \/><\/a>2021 i pompieri volontari di Colle hanno\u00a0 svolto due esercitazioni a Falcade e Larzonei in vista di operazioni difficili. Due vigili hanno partecipato ad un corso sugli autoprotettori a Vilpiano (BZ) assieme ai colleghi di Arabba e Caprile.<em> &#8220;Guardiamo al 2022 con fiducia e speranza&#8221;<\/em><\/div>\n<div dir=\"auto\">\n<div class=\"cxmmr5t8 oygrvhab hcukyx3x c1et5uql o9v6fnle ii04i59q\">\n<div dir=\"auto\"><strong>REDAZIONE-CAPRILE<\/strong>\u00a0 Il 2021 ricordano i volontari di Caprile-Rocca Pietore\u00a0 ha visto un attenuarsi degli interventi dovuti ad eventi atmosferici avversi nel periodo estivo mentre nei mesi freddi i vigili del fuoco sono stati allertati per i danni causati dalla neve o per auto in difficolt\u00e0 o incidenti stradali. Il furioso incendio a Canazei di Colle Santa Lucia ha messo a dura prova i volontari ma\u00a0 ha anche insegnato che la cooperazione tra i vari distaccamenti volontari e permanenti \u00e8 essenziale e va sviluppata. Da qualche anno il\u00a0 gruppo di Volontari \u00e8 in crescita con numerosi corsi patente eseguiti dal personale effettivo, ma\u00a0 cresce anche numericamente con l&#8217;ingresso nel Corpo Nazionale VVF di molti ragazzi che hanno scelto questa strada per aiutare la propria comunit\u00e0 e non solo. <em>&#8220;Grazie alle tante piccole attivit\u00e0 che svolgiamo abbiamo potuto implementare la nostra dotazione strumentale per il soccorso &#8211; dicono i volontari da Caprile &#8211;\u00a0 che sono il nostro vanto e il nostro orgoglio e fanno sentire pi\u00f9 al sicuro ogni cittadino. Vogliamo inoltre ringraziare le due amministrazioni comunali di Alleghe e Rocca Pietore che quando possibile, ci sostengono e ci aiutano a raggiungere i nostri obbiettivi&#8221;.<\/em><\/div>\n<\/div>\n<\/div>\n<\/div>\n","protected":false},"excerpt":{"rendered":"<p>REDAZIONE-COLLE SANTA LUCIA Anche i nostri pompieri volontari tirano le somme al termine di un altro impegnativo anno di attivit\u00e0. Lo fanno i volontari di Colle Santa Lucia sottolineando la prima novit\u00e0: il cambio alla guida del distaccamento. Il Vigile Fabiano Pezzei ha infatti dato il cambio ad Andrea Chizzali. &#8220;\u00c8 stato un anno per&hellip;<\/p>\n","protected":false},"author":4,"featured_media":252914,"comment_status":"closed","ping_status":"open","sticky":false,"template":"","format":"standard","meta":{"_monsterinsights_skip_tracking":false,"_monsterinsights_sitenote_active":false,"_monsterinsights_sitenote_note":"","_monsterinsights_sitenote_category":0,"footnotes":""},"categories":[49],"tags":[],"class_list":["post-252913","post","type-post","status-publish","format-standard","has-post-thumbnail","hentry","category-news-18","category-49","description-off"],"img_url":"https:\/\/www.radiopiu.net\/wordpress\/wp-content\/uploads\/2022\/01\/270226200_1115156909023911_3782774930047850206_n.jpg","_links":{"self":[{"href":"https:\/\/www.radiopiu.net\/wordpress\/wp-json\/wp\/v2\/posts\/252913","targetHints":{"allow":["GET"]}}],"collection":[{"href":"https:\/\/www.radiopiu.net\/wordpress\/wp-json\/wp\/v2\/posts"}],"about":[{"href":"https:\/\/www.radiopiu.net\/wordpress\/wp-json\/wp\/v2\/types\/post"}],"author":[{"embeddable":true,"href":"https:\/\/www.radiopiu.net\/wordpress\/wp-json\/wp\/v2\/users\/4"}],"replies":[{"embeddable":true,"href":"https:\/\/www.radiopiu.net\/wordpress\/wp-json\/wp\/v2\/comments?post=252913"}],"version-history":[{"count":0,"href":"https:\/\/www.radiopiu.net\/wordpress\/wp-json\/wp\/v2\/posts\/252913\/revisions"}],"wp:featuredmedia":[{"embeddable":true,"href":"https:\/\/www.radiopiu.net\/wordpress\/wp-json\/wp\/v2\/media\/252914"}],"wp:attachment":[{"href":"https:\/\/www.radiopiu.net\/wordpress\/wp-json\/wp\/v2\/media?parent=252913"}],"wp:term":[{"taxonomy":"category","embeddable":true,"href":"https:\/\/www.radiopiu.net\/wordpress\/wp-json\/wp\/v2\/categories?post=252913"},{"taxonomy":"post_tag","embeddable":true,"href":"https:\/\/www.radiopiu.net\/wordpress\/wp-json\/wp\/v2\/tags?post=252913"}],"curies":[{"name":"wp","href":"https:\/\/api.w.org\/{rel}","templated":true}]}}