{"id":252924,"date":"2022-01-08T09:43:42","date_gmt":"2022-01-08T08:43:42","guid":{"rendered":"https:\/\/www.radiopiu.net\/wordpress\/?p=252924"},"modified":"2022-01-09T10:55:42","modified_gmt":"2022-01-09T09:55:42","slug":"rincari-energia-elettrica-questanno-le-imprese-venete-pagheranno-quasi-4-miliardi-in-piu","status":"publish","type":"post","link":"https:\/\/www.radiopiu.net\/wordpress\/rincari-energia-elettrica-questanno-le-imprese-venete-pagheranno-quasi-4-miliardi-in-piu\/","title":{"rendered":"RINCARI ENERGIA ELETTRICA: QUEST\u2019ANNO LE IMPRESE VENETE PAGHERANNO QUASI 4 MILIARDI IN PIU\u2019"},"content":{"rendered":"<p><a class=\"dt-pswp-item\" href=\"https:\/\/www.radiopiu.net\/wordpress\/wp-content\/uploads\/2022\/01\/Schermata-2022-01-08-alle-09.41.27.png\" data-dt-img-description=\"\" data-large_image_width=\"1134\" data-large_image_height=\"1538\"><img loading=\"lazy\" decoding=\"async\" class=\"alignleft size-medium wp-image-252926\" src=\"https:\/\/www.radiopiu.net\/wordpress\/wp-content\/uploads\/2022\/01\/Schermata-2022-01-08-alle-09.41.27-221x300.png\" alt=\"\" width=\"221\" height=\"300\" srcset=\"https:\/\/www.radiopiu.net\/wordpress\/wp-content\/uploads\/2022\/01\/Schermata-2022-01-08-alle-09.41.27-221x300.png 221w, https:\/\/www.radiopiu.net\/wordpress\/wp-content\/uploads\/2022\/01\/Schermata-2022-01-08-alle-09.41.27-755x1024.png 755w, https:\/\/www.radiopiu.net\/wordpress\/wp-content\/uploads\/2022\/01\/Schermata-2022-01-08-alle-09.41.27-768x1042.png 768w, https:\/\/www.radiopiu.net\/wordpress\/wp-content\/uploads\/2022\/01\/Schermata-2022-01-08-alle-09.41.27-1133x1536.png 1133w, https:\/\/www.radiopiu.net\/wordpress\/wp-content\/uploads\/2022\/01\/Schermata-2022-01-08-alle-09.41.27.png 1134w\" sizes=\"auto, (max-width: 221px) 100vw, 221px\" \/><\/a>Rispetto al 2019, ammonta a quasi 4 miliardi di euro l\u2019extra costo che le imprese venete sosterranno quest\u2019anno a causa dell\u2019aumento del prezzo delle tariffe elettriche. Nel giro di 3 anni, infatti, il costo della bolletta della luce in capo alle nostre aziende \u00e8 pressoch\u00e9 raddoppiato. Un incremento spaventoso che, sommato al rincaro del gas, costringer\u00e0 molte attivit\u00e0, almeno temporaneamente, a chiudere gli impianti produttivi.<\/p>\n<p>I calcoli sono stati effettuati dall\u2019Ufficio studi della CGIA che, per l\u2019anno in corso, ha ipotizzato un consumo complessivo di energia elettrica delle imprese pari a quello registrato nel 2019 (anno pre-Covid). Si \u00e8 inoltre stimata per il 2022 una tariffa media dell\u2019energia elettrica per le imprese pari a 150 euro per MWh. E\u2019 stata determinata questa soglia dal momento che nei primi 5 giorni di questo nuovo anno la tariffa \u00e8 scesa al di sotto dei 200 euro per MWh. Si segnala, altres\u00ec, che le principali istituzioni prevedono una progressiva (anche se non velocissima) riduzione nel corso di tutto il 2022. Si ricorda, infine, che nello scorso mese di dicembre il prezzo medio dell\u2019energia elettrica per le imprese aveva toccato i 281 euro per MWh (media 2021 pari a 125,5 euro per MWh) (vedi Graf. 1 e Graf. 2).<\/p>\n<p>A livello territoriale il rincaro maggiore graver\u00e0 sulle imprese ubicate in Lombardia: rispetto al 2019, l\u2019incremento del costo per l\u2019energia elettrica sar\u00e0 pari a 8,5 miliardi di euro. Subito dopo scorgiamo la nostra regione con un extra costo pari a 3,9 miliardi di euro, l\u2019Emilia Romagna con 3,5 miliardi e subito dopo il Piemonte con 2,9 miliardi di euro. Essendo le attivit\u00e0 economiche concentrare prevalentemente al Nord, saranno le attivit\u00e0 di questa ripartizione ha subire l\u2019ammontare complessivo dei rincari pi\u00f9 importanti. A fronte di un aumento che, come dicevamo, sar\u00e0 a livello nazionale di quasi 36 miliardi, 22 (pari al 61 per cento del totale nazionale) interesseranno le imprese settentrionali (vedi Tab. 1).<\/p>\n<p>I settori pi\u00f9 \u201ccolpiti\u201d saranno, almeno in linea teorica, quelli che registrano anche in Veneto i consumi di energia elettrica pi\u00f9 importanti. Riferendoci ai dati dei consumi elettrici del 2019, essi sono:<\/p>\n<p><a class=\"dt-pswp-item\" href=\"https:\/\/www.radiopiu.net\/wordpress\/wp-content\/uploads\/2022\/01\/Schermata-2022-01-08-alle-09.41.38.png\" data-dt-img-description=\"\" data-large_image_width=\"1294\" data-large_image_height=\"1554\"><img loading=\"lazy\" decoding=\"async\" class=\"alignleft size-medium wp-image-252925\" src=\"https:\/\/www.radiopiu.net\/wordpress\/wp-content\/uploads\/2022\/01\/Schermata-2022-01-08-alle-09.41.38-250x300.png\" alt=\"\" width=\"250\" height=\"300\" srcset=\"https:\/\/www.radiopiu.net\/wordpress\/wp-content\/uploads\/2022\/01\/Schermata-2022-01-08-alle-09.41.38-250x300.png 250w, https:\/\/www.radiopiu.net\/wordpress\/wp-content\/uploads\/2022\/01\/Schermata-2022-01-08-alle-09.41.38-853x1024.png 853w, https:\/\/www.radiopiu.net\/wordpress\/wp-content\/uploads\/2022\/01\/Schermata-2022-01-08-alle-09.41.38-768x922.png 768w, https:\/\/www.radiopiu.net\/wordpress\/wp-content\/uploads\/2022\/01\/Schermata-2022-01-08-alle-09.41.38-1279x1536.png 1279w, https:\/\/www.radiopiu.net\/wordpress\/wp-content\/uploads\/2022\/01\/Schermata-2022-01-08-alle-09.41.38.png 1294w\" sizes=\"auto, (max-width: 250px) 100vw, 250px\" \/><\/a>metallurgia (acciaierie, fonderie, ferriere, etc.);<br \/>\ncommercio (negozi, botteghe, centri commerciali, etc.);<br \/>\naltri servizi (cinema, teatri, discoteche, lavanderie, parrucchieri, estetiste, etc.);<br \/>\nalimentari (pastifici, prosciuttifici, panifici, molini, etc.);<br \/>\nalberghi, bar e ristoranti;<br \/>\ntrasporto e logistica;<br \/>\nchimica (vedi Tab. 2).<\/p>\n<p>Per fronteggiare questa situazione, secondo la CGIA va attuata nel medio periodo una strategia europea comune per stabilizzare il prezzo del gas sul mercato, uniformando le condizioni di approvvigionamento e riducendo cos\u00ec i differenziali di prezzo tra i paesi membri. Auspicando che questa fiammata si esaurisca entro la prima parte del 2022, la situazione deve essere affrontata immediatamente con misure tampone. Secondo l\u2019Ufficio studi della CGIA, infatti, il Governo dovrebbe incrementare le risorse gi\u00e0 messe a disposizione con la legge di Bilancio 2022, mettendo a disposizione delle imprese almeno 1 miliardo di euro al mese fino al prossimo mese di giugno per compensare gli aumenti tariffari.<\/p>\n<p>&nbsp;<\/p>\n<p>&nbsp;<\/p>\n<p><em>Nota metodologica<\/em><br \/>\n<em>Le stime sono state costruite a partire dai dati sui consumi energetici delle imprese nel 2019 (anno prima del Covid) ipotizzando per l\u2019anno in corso (il 2022) gli stessi consumi del 2019.<\/em><br \/>\n<em>La stima della bolletta dell\u2019energia elettrica per le imprese nel 2019 (pari a 36 miliardi di euro al netto dell\u2019IVA) \u00e8 frutto di un calcolo che tiene conto dei prezzi medi ponderati per classe di consumo energetico ricavati dal database Eurostat per le utenze non domestiche su base semestrale.<\/em><br \/>\n<em>La stima dei costi dell\u2019energia elettrica relativa al 2022 \u00e8 stata costruita ipotizzando, per il 2022, un Prezzo Unico Nazionale (PUN) medio pari a 150 euro per MWh; il PUN \u00e8 il prezzo di riferimento dell\u2019energia elettrica rilevato sulla borsa elettrica italiana ed \u00e8 monitorato dalle statistiche del GME (Gestore dei Mercati Elettrici); in questa stima un tale incremento rispetto al 2019 (+187% per il PUN che nell\u2019anno pre-Covid si attestava a 52 euro per MWh), si traduce in una crescita percentuale \u201cleggermente\u201d inferiore della bolletta dell\u2019energia elettrica delle imprese che comunque raddoppierebbe (+100%) toccando i 72 miliardi di euro in quanto l\u2019aumento del prezzo della materia prima impatta su una parte e non su tutto il costo complessivo della bolletta (che comprende anche costi di commercializzazione, trasmissione, oneri, margini ecc.).<\/em><br \/>\n<em>La previsione di un prezzo medio di 150 euro per MWh per il 2022 \u00e8 superiore al prezzo medio del 2021 (125 euro per MWh), un anno che si \u00e8 tuttavia caratterizzato per la fiammata dei prezzi nell\u2019ultimo trimestre con valori che hanno sfondato abbondantemente i 200 euro per MWh; addirittura 281 euro per MWh nel mese di dicembre del 2021.<\/em><br \/>\n<em>In questo lavoro si \u00e8 scelto un prezzo medio di 150 euro per MWh dal momento che nei primi giorni di gennaio del 2022 il prezzo \u00e8 rientrato al di sotto dei 200 euro per MWh e che le principali istituzioni prevedono una progressiva (anche se non velocissima) riduzione dei prezzi nel corso del 2022. Tuttavia, nell\u2019ipotesi avversa di un prezzo medio di 200 euro per MWh nel 2022 l\u2019impatto sulle imprese sarebbe ancora pi\u00f9 drammatico con una bolletta dell\u2019energia elettrica che supererebbe i 90 miliardi di euro (+150% rispetto al 2019).<\/em><\/p>\n","protected":false},"excerpt":{"rendered":"<p>Rispetto al 2019, ammonta a quasi 4 miliardi di euro l\u2019extra costo che le imprese venete sosterranno quest\u2019anno a causa dell\u2019aumento del prezzo delle tariffe elettriche. Nel giro di 3 anni, infatti, il costo della bolletta della luce in capo alle nostre aziende \u00e8 pressoch\u00e9 raddoppiato. Un incremento spaventoso che, sommato al rincaro del gas,&hellip;<\/p>\n","protected":false},"author":2,"featured_media":136800,"comment_status":"closed","ping_status":"open","sticky":false,"template":"","format":"standard","meta":{"_monsterinsights_skip_tracking":false,"_monsterinsights_sitenote_active":false,"_monsterinsights_sitenote_note":"","_monsterinsights_sitenote_category":0,"footnotes":""},"categories":[51,49],"tags":[],"class_list":["post-252924","post","type-post","status-publish","format-standard","has-post-thumbnail","hentry","category-evidenza-top","category-news-18","category-51","category-49","description-off"],"img_url":"https:\/\/www.radiopiu.net\/wordpress\/wp-content\/uploads\/2020\/05\/euro-1605659_640.jpg","_links":{"self":[{"href":"https:\/\/www.radiopiu.net\/wordpress\/wp-json\/wp\/v2\/posts\/252924","targetHints":{"allow":["GET"]}}],"collection":[{"href":"https:\/\/www.radiopiu.net\/wordpress\/wp-json\/wp\/v2\/posts"}],"about":[{"href":"https:\/\/www.radiopiu.net\/wordpress\/wp-json\/wp\/v2\/types\/post"}],"author":[{"embeddable":true,"href":"https:\/\/www.radiopiu.net\/wordpress\/wp-json\/wp\/v2\/users\/2"}],"replies":[{"embeddable":true,"href":"https:\/\/www.radiopiu.net\/wordpress\/wp-json\/wp\/v2\/comments?post=252924"}],"version-history":[{"count":0,"href":"https:\/\/www.radiopiu.net\/wordpress\/wp-json\/wp\/v2\/posts\/252924\/revisions"}],"wp:featuredmedia":[{"embeddable":true,"href":"https:\/\/www.radiopiu.net\/wordpress\/wp-json\/wp\/v2\/media\/136800"}],"wp:attachment":[{"href":"https:\/\/www.radiopiu.net\/wordpress\/wp-json\/wp\/v2\/media?parent=252924"}],"wp:term":[{"taxonomy":"category","embeddable":true,"href":"https:\/\/www.radiopiu.net\/wordpress\/wp-json\/wp\/v2\/categories?post=252924"},{"taxonomy":"post_tag","embeddable":true,"href":"https:\/\/www.radiopiu.net\/wordpress\/wp-json\/wp\/v2\/tags?post=252924"}],"curies":[{"name":"wp","href":"https:\/\/api.w.org\/{rel}","templated":true}]}}