{"id":253069,"date":"2022-01-09T16:40:18","date_gmt":"2022-01-09T15:40:18","guid":{"rendered":"https:\/\/www.radiopiu.net\/wordpress\/?p=253069"},"modified":"2022-01-09T16:40:18","modified_gmt":"2022-01-09T15:40:18","slug":"anef-veneto-grigoletto-perdite-del-10-15-rispetto-al-2019-disdette-dagli-stranieri-troppa-confusione-sul-green-pass","status":"publish","type":"post","link":"https:\/\/www.radiopiu.net\/wordpress\/anef-veneto-grigoletto-perdite-del-10-15-rispetto-al-2019-disdette-dagli-stranieri-troppa-confusione-sul-green-pass\/","title":{"rendered":"ANEF VENETO. GRIGOLETTO: &#8220;PERDITE DEL 10-15% RISPETTO AL 2019. DISDETTE DAGLI STRANIERI, TROPPA CONFUSIONE SUL GREEN PASS&#8221;"},"content":{"rendered":"<p><a href=\"https:\/\/www.radiopiu.net\/wordpress\/anef-veneto-rinnova-il-consiglio-direttivo-il-nuovo-presidente-e-marco-grigoletto-a-d-di-sofma-spa-di-arabba\/foto_marco_grigoletto01\/\" rel=\"attachment wp-att-241599\"><img loading=\"lazy\" decoding=\"async\" class=\"size-medium wp-image-241599 alignleft\" src=\"https:\/\/www.radiopiu.net\/wordpress\/wp-content\/uploads\/2021\/11\/foto_Marco_Grigoletto01-300x200.jpg\" alt=\"\" width=\"300\" height=\"200\" srcset=\"https:\/\/www.radiopiu.net\/wordpress\/wp-content\/uploads\/2021\/11\/foto_Marco_Grigoletto01-300x200.jpg 300w, https:\/\/www.radiopiu.net\/wordpress\/wp-content\/uploads\/2021\/11\/foto_Marco_Grigoletto01-1024x681.jpg 1024w, https:\/\/www.radiopiu.net\/wordpress\/wp-content\/uploads\/2021\/11\/foto_Marco_Grigoletto01-768x511.jpg 768w, https:\/\/www.radiopiu.net\/wordpress\/wp-content\/uploads\/2021\/11\/foto_Marco_Grigoletto01-1536x1021.jpg 1536w, https:\/\/www.radiopiu.net\/wordpress\/wp-content\/uploads\/2021\/11\/foto_Marco_Grigoletto01.jpg 1600w\" sizes=\"auto, (max-width: 300px) 100vw, 300px\" \/><\/a>Con la fine del periodo dell\u2019epifania si iniziano a intravedere i primi risultati per il settore turistico montano. Molti i turisti che si sono affollati sulle piste in questi giorni festivi, la nevicata di pochi giorni fa poi ha regalato anche un panorama mozzafiato tra le Dolomiti. Il Presidente dell\u2019ANEF Veneto Marco Grigoletto sintetizza il periodo appena trascorso. \u201c<em>Questa prima parte della stagione, al di la dei problemi logistici, di covid e di decreti da applicare di settimana in settimana \u00e8 andata bene. Siamo sui livelli del 2017 il che pu\u00f2 essere definito un buon risultato vista la situazione pandemica. Rispetto al 2019, ultima stagione di apertura stiamo perdendo dal 10 al 15% dei fatturati ma dobbiamo anche dire che in questo contesto dobbiamo essere soddisfatti come categoria<\/em>.\u201d Da oggi il super green pass \u00e8 obbligatorio sugli impianti a fune in base al decreto del 31dicembre 2021 e poi c\u2019\u00e8 il rinnovo dell\u2019ordinanza sull\u2019uso delle mascherine ffp2 di ieri. Qualche considerazione? \u201c<em>Da un punto di vista prettamente tecnico non vi sar\u00e0 nessun problema per l\u2019applicazione agli italiani del decreto SGP e dell\u2019ordinanza sulle mascherine. Quindi si potr\u00e0 accedere agli impianti sia aperti che chiusi solo con la doppia vaccinazione o la guarigione da meno di 6 mesi. Su questo Anef Veneto ha le idee chiare e non esistono categorie esenti. Lo dico perch\u00e9 sembra che da un comunicato di una associazione sportiva nazionale si potessero fare delle eccezioni al SGP per alcune categorie di atleti. Non sar\u00e0 cos\u00ec e ce ne assumiamo volentieri la responsabilit\u00e0 oltre che applicare la norma di legge del decreto del 31.12.21. <\/em><em>Per quanto riguarda gli stranieri invece, abbiamo informazioni sul fatto che vi siano molte disdette per la confusione creata sulla durata del SGP in Italia rispetto all\u2019estero. Infatti molti turisti hanno green pass da vaccinazione da pi\u00f9 di 6 mesi ma con durata 12 mesi e questo per noi \u00e8 un grosso problema dato che a breve verr\u00e0 ridotta la durata del nostro a 6 mesi e dai 4 mesi dalla seconda dose c\u2019\u00e8 gi\u00e0 la terza da fare. Questa confusione non aiuta assolutamente il turismo e prego vivamente Governo e i nostri politici locali di cercare di trovare una \u201cstandardizzazione del metodo\u201d in Europa cosicch\u00e8 anche i turisti stranieri possano accedere da vaccinati alle nostre aree sciistiche. <\/em><em>In ogni caso c\u2019\u00e8 stato un calo fisiologico del turismo da oggi ma la caduta cos\u00ec verticale non si spiega solo con la fine delle festivit\u00e0 ma anche con una generale incertezza sui comportamenti che di fatto porta i turisti a rimanere a casa. Se veramente la strada sar\u00e0 questa non mancheremo di presentare il conto al Governo.<\/em>\u201d<\/p>\n","protected":false},"excerpt":{"rendered":"<p>Con la fine del periodo dell\u2019epifania si iniziano a intravedere i primi risultati per il settore turistico montano. Molti i turisti che si sono affollati sulle piste in questi giorni festivi, la nevicata di pochi giorni fa poi ha regalato anche un panorama mozzafiato tra le Dolomiti. Il Presidente dell\u2019ANEF Veneto Marco Grigoletto sintetizza il&hellip;<\/p>\n","protected":false},"author":4,"featured_media":46376,"comment_status":"closed","ping_status":"open","sticky":false,"template":"","format":"standard","meta":{"_monsterinsights_skip_tracking":false,"_monsterinsights_sitenote_active":false,"_monsterinsights_sitenote_note":"","_monsterinsights_sitenote_category":0,"footnotes":""},"categories":[104,49],"tags":[],"class_list":["post-253069","post","type-post","status-publish","format-standard","has-post-thumbnail","hentry","category-evidenza_3","category-news-18","category-104","category-49","description-off"],"img_url":"https:\/\/www.radiopiu.net\/wordpress\/wp-content\/uploads\/2018\/04\/impianti-alleghe-funivie.jpg","_links":{"self":[{"href":"https:\/\/www.radiopiu.net\/wordpress\/wp-json\/wp\/v2\/posts\/253069","targetHints":{"allow":["GET"]}}],"collection":[{"href":"https:\/\/www.radiopiu.net\/wordpress\/wp-json\/wp\/v2\/posts"}],"about":[{"href":"https:\/\/www.radiopiu.net\/wordpress\/wp-json\/wp\/v2\/types\/post"}],"author":[{"embeddable":true,"href":"https:\/\/www.radiopiu.net\/wordpress\/wp-json\/wp\/v2\/users\/4"}],"replies":[{"embeddable":true,"href":"https:\/\/www.radiopiu.net\/wordpress\/wp-json\/wp\/v2\/comments?post=253069"}],"version-history":[{"count":0,"href":"https:\/\/www.radiopiu.net\/wordpress\/wp-json\/wp\/v2\/posts\/253069\/revisions"}],"wp:featuredmedia":[{"embeddable":true,"href":"https:\/\/www.radiopiu.net\/wordpress\/wp-json\/wp\/v2\/media\/46376"}],"wp:attachment":[{"href":"https:\/\/www.radiopiu.net\/wordpress\/wp-json\/wp\/v2\/media?parent=253069"}],"wp:term":[{"taxonomy":"category","embeddable":true,"href":"https:\/\/www.radiopiu.net\/wordpress\/wp-json\/wp\/v2\/categories?post=253069"},{"taxonomy":"post_tag","embeddable":true,"href":"https:\/\/www.radiopiu.net\/wordpress\/wp-json\/wp\/v2\/tags?post=253069"}],"curies":[{"name":"wp","href":"https:\/\/api.w.org\/{rel}","templated":true}]}}