{"id":253078,"date":"2022-01-09T17:27:42","date_gmt":"2022-01-09T16:27:42","guid":{"rendered":"https:\/\/www.radiopiu.net\/wordpress\/?p=253078"},"modified":"2022-01-09T17:27:42","modified_gmt":"2022-01-09T16:27:42","slug":"cambiano-gli-orari-della-ski-area-forcella-aurine-e-del-ristobar-ghegi","status":"publish","type":"post","link":"https:\/\/www.radiopiu.net\/wordpress\/cambiano-gli-orari-della-ski-area-forcella-aurine-e-del-ristobar-ghegi\/","title":{"rendered":"CAMBIANO GLI ORARI DELLA SKI AREA FORCELLA AURINE E DEL RISTOBAR GHEGI"},"content":{"rendered":"<p><strong>GOSALDO\u00a0<\/strong>A Forcella Aurine cambiano gli orari della Ski Area. Gli impianti rimarranno chiusi il luned\u00ec e il marted\u00ec. Negli altri giorni questi gli orari: mercoled\u00ec dalle 13:30 alle 16:30 e dalle 19:30 alle 22. Gioved\u00ec e venerd\u00ec dalle 13:30 alle 16:30 mentre il sabato e la domenica dalle 9 alle 16:30. Cambiano gli orari anche del RistoBar Ghegi con la chiusura settimanale il luned\u00ec. Il marted\u00ec aperto dalle 10:30 alle 16, mercoled\u00ec gioved\u00ec e venerd\u00ec dalle 10:30 alle 22:30 mentre il sabato e la domenica dalle 8:30 alle 18. Serate a tema il mercoled\u00ec con i panini gourmet e il venerd\u00ec con la cena a tema. Ricordiamo che il RISTOBAR GHEGI a mezzogiorno effettuer\u00e0 anche servizio MENSA OPERAI e che per la sera \u00e8 sempre gradita la prenotazione.<\/p>\n\n\t\t\t<style type='text\/css'>\n\t\t\t\t#gallery-1 {\n\t\t\t\t\tmargin: auto;\n\t\t\t\t}\n\t\t\t\t#gallery-1 .gallery-item {\n\t\t\t\t\tfloat: left;\n\t\t\t\t\tmargin-top: 10px;\n\t\t\t\t\ttext-align: center;\n\t\t\t\t\twidth: 50%;\n\t\t\t\t}\n\t\t\t\t#gallery-1 img {\n\t\t\t\t\tborder: 2px solid #cfcfcf;\n\t\t\t\t}\n\t\t\t\t#gallery-1 .gallery-caption {\n\t\t\t\t\tmargin-left: 0;\n\t\t\t\t}\n\t\t\t\t\/* see gallery_shortcode() in wp-includes\/media.php *\/\n\t\t\t<\/style>\n\t\t<div id='gallery-1' class='dt-gallery-container gallery galleryid-253078 gallery-columns-2 gallery-size-medium'><dl class='gallery-item'>\n\t\t\t\t<dt class='gallery-icon portrait'>\n\t\t\t\t\t<a class=\"rollover rollover-zoom dt-pswp-item\" title=\"51c2d9e9-8003-4dd1-9593-7b5bbd20c49a\" data-dt-img-description=\"\" data-large_image_width=\"159\" data-large_image_height=\"225\"href='https:\/\/www.radiopiu.net\/wordpress\/wp-content\/uploads\/2022\/01\/51c2d9e9-8003-4dd1-9593-7b5bbd20c49a.jpg'><img loading=\"lazy\" decoding=\"async\" width=\"159\" height=\"225\" src=\"https:\/\/www.radiopiu.net\/wordpress\/wp-content\/uploads\/2022\/01\/51c2d9e9-8003-4dd1-9593-7b5bbd20c49a.jpg\" class=\"attachment-medium size-medium\" alt=\"\" \/><\/a>\n\t\t\t\t<\/dt><\/dl><dl class='gallery-item'>\n\t\t\t\t<dt class='gallery-icon portrait'>\n\t\t\t\t\t<a class=\"rollover rollover-zoom dt-pswp-item\" title=\"14a1b188-2add-42b9-93ca-18e218662017\" data-dt-img-description=\"\" data-large_image_width=\"159\" data-large_image_height=\"225\"href='https:\/\/www.radiopiu.net\/wordpress\/wp-content\/uploads\/2022\/01\/14a1b188-2add-42b9-93ca-18e218662017.jpg'><img loading=\"lazy\" decoding=\"async\" width=\"159\" height=\"225\" src=\"https:\/\/www.radiopiu.net\/wordpress\/wp-content\/uploads\/2022\/01\/14a1b188-2add-42b9-93ca-18e218662017.jpg\" class=\"attachment-medium size-medium\" alt=\"\" \/><\/a>\n\t\t\t\t<\/dt><\/dl><br style=\"clear: both\" \/>\n\t\t\t<\/div>\n\n","protected":false},"excerpt":{"rendered":"<p>GOSALDO\u00a0A Forcella Aurine cambiano gli orari della Ski Area. Gli impianti rimarranno chiusi il luned\u00ec e il marted\u00ec. Negli altri giorni questi gli orari: mercoled\u00ec dalle 13:30 alle 16:30 e dalle 19:30 alle 22. Gioved\u00ec e venerd\u00ec dalle 13:30 alle 16:30 mentre il sabato e la domenica dalle 9 alle 16:30. Cambiano gli orari anche&hellip;<\/p>\n","protected":false},"author":4,"featured_media":241538,"comment_status":"closed","ping_status":"open","sticky":false,"template":"","format":"standard","meta":{"_monsterinsights_skip_tracking":false,"_monsterinsights_sitenote_active":false,"_monsterinsights_sitenote_note":"","_monsterinsights_sitenote_category":0,"footnotes":""},"categories":[49],"tags":[],"class_list":["post-253078","post","type-post","status-publish","format-standard","has-post-thumbnail","hentry","category-news-18","category-49","description-off"],"img_url":"https:\/\/www.radiopiu.net\/wordpress\/wp-content\/uploads\/2021\/11\/FORCELLA-AURINE.jpg","_links":{"self":[{"href":"https:\/\/www.radiopiu.net\/wordpress\/wp-json\/wp\/v2\/posts\/253078","targetHints":{"allow":["GET"]}}],"collection":[{"href":"https:\/\/www.radiopiu.net\/wordpress\/wp-json\/wp\/v2\/posts"}],"about":[{"href":"https:\/\/www.radiopiu.net\/wordpress\/wp-json\/wp\/v2\/types\/post"}],"author":[{"embeddable":true,"href":"https:\/\/www.radiopiu.net\/wordpress\/wp-json\/wp\/v2\/users\/4"}],"replies":[{"embeddable":true,"href":"https:\/\/www.radiopiu.net\/wordpress\/wp-json\/wp\/v2\/comments?post=253078"}],"version-history":[{"count":0,"href":"https:\/\/www.radiopiu.net\/wordpress\/wp-json\/wp\/v2\/posts\/253078\/revisions"}],"wp:featuredmedia":[{"embeddable":true,"href":"https:\/\/www.radiopiu.net\/wordpress\/wp-json\/wp\/v2\/media\/241538"}],"wp:attachment":[{"href":"https:\/\/www.radiopiu.net\/wordpress\/wp-json\/wp\/v2\/media?parent=253078"}],"wp:term":[{"taxonomy":"category","embeddable":true,"href":"https:\/\/www.radiopiu.net\/wordpress\/wp-json\/wp\/v2\/categories?post=253078"},{"taxonomy":"post_tag","embeddable":true,"href":"https:\/\/www.radiopiu.net\/wordpress\/wp-json\/wp\/v2\/tags?post=253078"}],"curies":[{"name":"wp","href":"https:\/\/api.w.org\/{rel}","templated":true}]}}