{"id":253080,"date":"2022-01-09T23:59:44","date_gmt":"2022-01-09T22:59:44","guid":{"rendered":"https:\/\/www.radiopiu.net\/wordpress\/?p=253080"},"modified":"2022-01-09T17:26:30","modified_gmt":"2022-01-09T16:26:30","slug":"sostene-schena-e-una-parte-di-vita-spera-sia-quella-piu-divertente","status":"publish","type":"post","link":"https:\/\/www.radiopiu.net\/wordpress\/sostene-schena-e-una-parte-di-vita-spera-sia-quella-piu-divertente\/","title":{"rendered":"S\u00d2STENE SCHENA E UNA PARTE DI VITA (SPERA SIA QUELLA\u2026 PIU DIVERTENTE!)"},"content":{"rendered":"<p><strong>di\u00a0 RENATO BONA<\/strong><\/p>\n<p>S\u00f2stene Schena ha dato alle stampe due edizioni (la prima in proprio, la seconda con la casa editrice Kimerik) del libro che in copertina porta il suo nome, proponendo una foto di quando il nostro aveva 4 anni. Il titolo: \u201cUn po\u2019 della mia vita\u2026 Non \u00e8 un romanzo\u201d. Oltre trecento pagine (erano 254 nella prima versione in diverso formato, comprese quelle dedicate alla traduzione delle frasi latine) nelle quali l\u2019autore (a proposito: mio amico fraterno da decenni oltre che collega apprezzato, e non \u00e8 dunque un caso se \u00e8 padrino di battesimo di mio figlio Marco) si racconta sin da quando aveva appunto 4 anni, ed era quasi\u2026 un secolo fa. Dico la verit\u00e0: non ho ben capito il titolo ed ho fatto dunque, come lui del resto, ricorso alla Enciclopedia Treccani, ricavando da cotanto \u201cpulpito\u201d che: romanzo, nell\u2019uso moderno, \u00e8 un componimento letterario in prosa, per lo pi\u00f9 di media estensione, che pu\u00f2 talvolta assumere le dimensioni e i caratteri di un racconto pi\u00f9 o meno lungo, o essere invece assai ampio e dare la narrazione continua delle vicende di un ambiente, una famiglia o persino di pi\u00f9 generazioni. Definizione che mi pare si attagli benissimo alle variegate vicende umane di \u201cSos\u201d il quale, nel post scriptum, spiega con la sua passione per la lingua latina, per la saggezza dei classici e per i proverbi in genere, perch\u00e9 all\u2019inizio di alcuni capitoli riporta detti o proverbi di grandi della letteratura e in chiusura propone una traduzione italiana degli stessi. Il collega Dino Bridda, che ha curato la presentazione sottolinea il fatto che Schena (giornalista professionista, scrittore, blogger, consulente finanziario, sommelier ed un sacco di altre attivit\u00e0) col suo libro ha confermato che il lavoro di giornalista diventa la professione \u201cpi\u00f9 bella del mondo quando ti da la possibilit\u00e0 di conoscere molte persone, di accostarti alle pi\u00f9 disparate realt\u00e0, di capire ci\u00f2 che ti circonda e di implementare il tuo bagaglio culturale ogni giorno di pi\u00f9\u201d. Aggiunge e conclude: \u201c\u2026 S\u00f2stene si \u00e8 raccontato con coraggio ed autoironia. Se questo suo libro \u00e8 un film non si pu\u00f2 non augurargli che i titoli di cosa siano ancora lontani. Se, invece, \u00e8 un lungo articolo di giornale, diciamo che vi sono ancora indefinite colonne bianche da riempire. Mettiamola cos\u00ec, giacch\u00e9 si tratta di un collega giornalista!\u201d. Dico subito che \u00e8 stato un grande piacere leggere il ponderoso racconto di \u201cSos\u201d (e sono orgoglioso che il capitolo 7, dedicato agli \u201camici veri\u201d, mi veda al primo posto della sua personale graduatoria; e che nella copia che mi ha dedicato della prima edizione abbia scritto: \u201cAll\u2019amico n. 1 con grande stima\u201d e che la prima della ristampa l\u2019abbia donata \u201cal mio grande amico Renato Bona\u201d): undici capitoli in cui c\u2019\u00e8, davvero, un di tutto e di pi\u00f9 che, lo affermo con convinzione, merita di essere letto (il libro \u00e8 in vendita al prezzo di 25 euro). Metterei al primo posto il suo amore per la famiglia, la sua voglia di vivere, il suo saper stare tra la gente. Nell\u2019impossibilit\u00e0 di commentare ogni capitolo, da vecchio cronista di \u201cnera\u201d e \u201cgiudiziaria\u201d mi piace richiamare l\u2019episodio legato fatto che &#8211; racconta &#8211; nel settembre 1979 ricevette una telefonata della collega Tina Merlin de l\u2019Unit\u00e0 che gli chiese: \u201cNon hai visto il telegiornale? A Roma c\u2019\u00e8 stato uno scontro a fuoco con dei brigatisti rossi e uno che \u00e8 morto, aveva in tasta i tuoi documenti: patente, carta d\u2019identit\u00e0, tessera dell\u2019ordine ed altro, tutto intestato a te\u2026\u201d. \u201cSos\u201d spieg\u00f2 all\u2019amica-collega che s\u00ec, qualche mese prima gli era stato rubato il borsello ed evidentemente la \u201cmala\u201d di Treviso l\u2019aveva riciclato al brigatista Prospero Gallinari che era evaso dal carcere locale. S\u00ec, proprio quel Gallinari considerato il capo della cellula romana delle brigate rosse (che tra l\u2019altro non era morto \u2013 ndr.) e fu tra i responsabili del sequestro di Aldo Moro e del massacro della sua scorta. Poi la sua passionaccia per i cani ed il suo amore in particolare per Pal un Komondor acquistato avventurosamente ma a buon prezzo a Pest, in Romania, che piaceva molto anche al calciatore campione del mondo \u201cPablito\u201d Paolo Rossi, che di Sostene era divenuto amico in occasione dei ritiri a Belluno con il Vicenza-calcio (\u201c\u2026lui mi firmava alcune sue foto che il nostro fotografo, Bepi Zanfron, mi passava e io gli davo delle musicassette che registravo dalla mia nuova collezione di dischi quando facevo il dj alla radio RadioteleOltreRai\u2026\u201d). Quindi quello legato al tragico ricordo del Vajont: \u201c\u2026Alle 22,39 di quel 9 ottobre 1963, ero nel bar dei miei in compagnia solo del mio vicino di casa, Luciano Bianchini (futuro preside del liceo scientifico Galilei di Belluno); stavamo guardando la partita di Coppa dei Campioni tra i Rangers di Glasgow e il Real Madrid quando improvvisamente manc\u00f2 la luce; uscimmo subito dal bar sulla strada per vedere cosa stava accadendo; tutto il paese era al buio; il cielo era terso e la luna illuminava a giorno Ponte nelle Alpi\u2026 Con Luciano decidemmo di andare a vedere cosa succedeva, proprio gi\u00f9 al ponte, soltanto un centinaio di metri a sud di casa, dove esiste quella strettoia che blocca l\u2019acqua quando il Piave \u00e8 in piena\u2026 Il fiume era salito quasi al livello della strada ed aveva spazzato via la passerella di ferro sottostante il ponte, sulla quale io, ogni luned\u00ec, andavo a cambiare la carta all\u2019idrometro di batteria carte che spedivo poi al Magistrato alle acque di Venezia\u2026 Capimmo che qualcosa di veramente grave era accaduto: assieme alla grande quantit\u00e0 di legname si vedevano galleggiare sulla furia delle acque automobili, grossi oggetti, mobili, perfino un pullman\u2026 Da buon giornalista-precario ma gi\u00e0 consapevole di cosa fosse uno scoop, chiusi il bar e mi misi alla guida della mia 600 Fiat in direzione Longarone\u2026 e proprio l\u00e0, dove fino a pochi minuti prima la strada faceva una curva a sinistra c\u2019era, proprio al centro dell\u2019asfalto, il corpo di una donna, probabilmente una vecchia, tutta vestita di nero, ancora con il suo fazzoletto scuro in testa. La strada finiva l\u00ec\u2026 Raggiunsi casa mia e telefonai al mio capo, Lucio De Grandis: \u201cSembra che sia crollata la diga del Vajont gli dissi, ora ritorno in su ma a Fa\u00e8 la strada \u00e8 sparita dovr\u00f2 andare a piedi e mi porter\u00f2 una torcia, appena avr\u00f2 qualche notizia in pi\u00f9 ritorner\u00f2 a Ponte e telefoner\u00f2\u2026\u201d. Concludo questa lettura dell\u2019entusiasmante diario (Non \u00e8 un romanzo, scrive lui\u2026) di S\u00f2stene Schena, citandolo con riferimento al capitolo \u201cGli amori\u201d: \u201cDaniela \u00e8 stata la prima persona che ho veramente amato\u2026 con tutti gli alti e bassi e i risvolti di un amore contrastato dalle mille vicende della vita, belle e brutte, piacevoli e sgradevoli. Purtroppo il fatto pi\u00f9 sgradevole di tutti mi \u00e8 capitato il 2 gennaio del 2019 come una \u2018ghigliottinata\u2019 tra capo e collo. Dicevamo spesso che \u2018morire fa parte della vita\u2019, e ricordo che mio padre, anche lui morto giovanissimo, diceva che un padre non \u00e8 un padre se non ha insegnato e preparato i suoi figli a quell\u2019avvenimento della vita che \u00e8 la morte\u2019. Forse \u00e8 per questo che in quel tragico momento non ho sentito nemmeno il dolore, o \u00e8 stata incoscienza, o, ancor di pi\u00f9, l\u2019incredulit\u00e0 di ci\u00f2 che era avvenuto\u2026 Niente lacrime e questo non mi ha stupito, da ultimo perch\u00e9 Lei non avrebbe voluto (ne abbiamo parlato tanto\u2026 non solo pochi mesi prima)\u2026 Sta di fatto che Lei \u00e8 sempre con me quando mi aggiro per la nostra casa-bazar, piena zeppa di \u2018oggetti-ricordo\u2019 dei quali non posso fare a meno anche se qualcuno \u00e8 kitsch, \u00e8 diventato inutile e magari ingombrante\u2026 Ultimamente ho constatato comunque che pi\u00f9 si va in la con gli anni e pi\u00f9 i sacchi lacrimali hanno\u2026 \u2018perdite\u2019. A cosa serve la vita se met\u00e0 del tuo essere, della tua esistenza non esiste pi\u00f9?\u201d. Serve, carissimo amico mio S\u00f2stene; se non altro per far conoscere persone per bene quale sei tu, e situazioni di vario genere che nel bene e nel male dobbiamo affrontare al meglio! NELLE<\/p>\n\n\t\t\t<style type='text\/css'>\n\t\t\t\t#gallery-1 {\n\t\t\t\t\tmargin: auto;\n\t\t\t\t}\n\t\t\t\t#gallery-1 .gallery-item {\n\t\t\t\t\tfloat: left;\n\t\t\t\t\tmargin-top: 10px;\n\t\t\t\t\ttext-align: center;\n\t\t\t\t\twidth: 33%;\n\t\t\t\t}\n\t\t\t\t#gallery-1 img {\n\t\t\t\t\tborder: 2px solid #cfcfcf;\n\t\t\t\t}\n\t\t\t\t#gallery-1 .gallery-caption {\n\t\t\t\t\tmargin-left: 0;\n\t\t\t\t}\n\t\t\t\t\/* see gallery_shortcode() in wp-includes\/media.php *\/\n\t\t\t<\/style>\n\t\t<div id='gallery-1' class='dt-gallery-container gallery galleryid-253080 gallery-columns-3 gallery-size-thumbnail'><dl class='gallery-item'>\n\t\t\t\t<dt class='gallery-icon landscape'>\n\t\t\t\t\t<a class=\"rollover\" href='https:\/\/www.radiopiu.net\/wordpress\/sostene-schena-e-una-parte-di-vita-spera-sia-quella-piu-divertente\/269797363_450232386572334_173637879100533228_n\/'><img loading=\"lazy\" decoding=\"async\" width=\"150\" height=\"150\" src=\"https:\/\/www.radiopiu.net\/wordpress\/wp-content\/uploads\/2022\/01\/269797363_450232386572334_173637879100533228_n-150x150.jpg\" class=\"attachment-thumbnail size-thumbnail\" alt=\"\" \/><\/a>\n\t\t\t\t<\/dt><\/dl><dl class='gallery-item'>\n\t\t\t\t<dt class='gallery-icon landscape'>\n\t\t\t\t\t<a class=\"rollover\" href='https:\/\/www.radiopiu.net\/wordpress\/sostene-schena-e-una-parte-di-vita-spera-sia-quella-piu-divertente\/270926394_346097503998675_6861988094924076515_n\/'><img loading=\"lazy\" decoding=\"async\" width=\"150\" height=\"150\" src=\"https:\/\/www.radiopiu.net\/wordpress\/wp-content\/uploads\/2022\/01\/270926394_346097503998675_6861988094924076515_n-150x150.jpg\" class=\"attachment-thumbnail size-thumbnail\" alt=\"\" \/><\/a>\n\t\t\t\t<\/dt><\/dl><dl class='gallery-item'>\n\t\t\t\t<dt class='gallery-icon landscape'>\n\t\t\t\t\t<a class=\"rollover\" href='https:\/\/www.radiopiu.net\/wordpress\/sostene-schena-e-una-parte-di-vita-spera-sia-quella-piu-divertente\/271475329_3099569786923256_1790887616793362169_n\/'><img loading=\"lazy\" decoding=\"async\" width=\"150\" height=\"150\" src=\"https:\/\/www.radiopiu.net\/wordpress\/wp-content\/uploads\/2022\/01\/271475329_3099569786923256_1790887616793362169_n-150x150.jpg\" class=\"attachment-thumbnail size-thumbnail\" alt=\"\" \/><\/a>\n\t\t\t\t<\/dt><\/dl><br style=\"clear: both\" \/><dl class='gallery-item'>\n\t\t\t\t<dt class='gallery-icon portrait'>\n\t\t\t\t\t<a class=\"rollover\" href='https:\/\/www.radiopiu.net\/wordpress\/sostene-schena-e-una-parte-di-vita-spera-sia-quella-piu-divertente\/269943209_728189461431493_783773166626668108_n\/'><img loading=\"lazy\" decoding=\"async\" width=\"150\" height=\"150\" src=\"https:\/\/www.radiopiu.net\/wordpress\/wp-content\/uploads\/2022\/01\/269943209_728189461431493_783773166626668108_n-150x150.jpg\" class=\"attachment-thumbnail size-thumbnail\" alt=\"\" \/><\/a>\n\t\t\t\t<\/dt><\/dl><dl class='gallery-item'>\n\t\t\t\t<dt class='gallery-icon portrait'>\n\t\t\t\t\t<a class=\"rollover\" href='https:\/\/www.radiopiu.net\/wordpress\/sostene-schena-e-una-parte-di-vita-spera-sia-quella-piu-divertente\/271490884_1614181425597116_1396259473932250319_n\/'><img loading=\"lazy\" decoding=\"async\" width=\"150\" height=\"150\" src=\"https:\/\/www.radiopiu.net\/wordpress\/wp-content\/uploads\/2022\/01\/271490884_1614181425597116_1396259473932250319_n-150x150.jpg\" class=\"attachment-thumbnail size-thumbnail\" alt=\"\" \/><\/a>\n\t\t\t\t<\/dt><\/dl><dl class='gallery-item'>\n\t\t\t\t<dt class='gallery-icon landscape'>\n\t\t\t\t\t<a class=\"rollover\" href='https:\/\/www.radiopiu.net\/wordpress\/sostene-schena-e-una-parte-di-vita-spera-sia-quella-piu-divertente\/271407422_969628237320583_5311555515608169014_n\/'><img loading=\"lazy\" decoding=\"async\" width=\"150\" height=\"150\" src=\"https:\/\/www.radiopiu.net\/wordpress\/wp-content\/uploads\/2022\/01\/271407422_969628237320583_5311555515608169014_n-150x150.jpg\" class=\"attachment-thumbnail size-thumbnail\" alt=\"\" \/><\/a>\n\t\t\t\t<\/dt><\/dl><br style=\"clear: both\" \/><dl class='gallery-item'>\n\t\t\t\t<dt class='gallery-icon landscape'>\n\t\t\t\t\t<a class=\"rollover\" href='https:\/\/www.radiopiu.net\/wordpress\/sostene-schena-e-una-parte-di-vita-spera-sia-quella-piu-divertente\/271186866_1058640198292065_6261667939827929132_n\/'><img loading=\"lazy\" decoding=\"async\" width=\"150\" height=\"150\" src=\"https:\/\/www.radiopiu.net\/wordpress\/wp-content\/uploads\/2022\/01\/271186866_1058640198292065_6261667939827929132_n-150x150.jpg\" class=\"attachment-thumbnail size-thumbnail\" alt=\"\" \/><\/a>\n\t\t\t\t<\/dt><\/dl><dl class='gallery-item'>\n\t\t\t\t<dt class='gallery-icon portrait'>\n\t\t\t\t\t<a class=\"rollover\" href='https:\/\/www.radiopiu.net\/wordpress\/sostene-schena-e-una-parte-di-vita-spera-sia-quella-piu-divertente\/271520737_1302051266886215_7104653940517769863_n\/'><img loading=\"lazy\" decoding=\"async\" width=\"150\" height=\"150\" src=\"https:\/\/www.radiopiu.net\/wordpress\/wp-content\/uploads\/2022\/01\/271520737_1302051266886215_7104653940517769863_n-150x150.jpg\" class=\"attachment-thumbnail size-thumbnail\" alt=\"\" \/><\/a>\n\t\t\t\t<\/dt><\/dl><dl class='gallery-item'>\n\t\t\t\t<dt class='gallery-icon landscape'>\n\t\t\t\t\t<a class=\"rollover\" href='https:\/\/www.radiopiu.net\/wordpress\/sostene-schena-e-una-parte-di-vita-spera-sia-quella-piu-divertente\/271392669_2216305445177570_2193732223189679335_n\/'><img loading=\"lazy\" decoding=\"async\" width=\"150\" height=\"150\" src=\"https:\/\/www.radiopiu.net\/wordpress\/wp-content\/uploads\/2022\/01\/271392669_2216305445177570_2193732223189679335_n-150x150.jpg\" class=\"attachment-thumbnail size-thumbnail\" alt=\"\" \/><\/a>\n\t\t\t\t<\/dt><\/dl><br style=\"clear: both\" \/><dl class='gallery-item'>\n\t\t\t\t<dt class='gallery-icon portrait'>\n\t\t\t\t\t<a class=\"rollover\" href='https:\/\/www.radiopiu.net\/wordpress\/sostene-schena-e-una-parte-di-vita-spera-sia-quella-piu-divertente\/271177472_602663487501357_3631225228784211082_n\/'><img loading=\"lazy\" decoding=\"async\" width=\"150\" height=\"150\" src=\"https:\/\/www.radiopiu.net\/wordpress\/wp-content\/uploads\/2022\/01\/271177472_602663487501357_3631225228784211082_n-150x150.jpg\" class=\"attachment-thumbnail size-thumbnail\" alt=\"\" \/><\/a>\n\t\t\t\t<\/dt><\/dl><dl class='gallery-item'>\n\t\t\t\t<dt class='gallery-icon landscape'>\n\t\t\t\t\t<a class=\"rollover\" href='https:\/\/www.radiopiu.net\/wordpress\/sostene-schena-e-una-parte-di-vita-spera-sia-quella-piu-divertente\/271383723_620311029202885_352469330750626012_n\/'><img loading=\"lazy\" decoding=\"async\" width=\"150\" height=\"150\" src=\"https:\/\/www.radiopiu.net\/wordpress\/wp-content\/uploads\/2022\/01\/271383723_620311029202885_352469330750626012_n-150x150.jpg\" class=\"attachment-thumbnail size-thumbnail\" alt=\"\" \/><\/a>\n\t\t\t\t<\/dt><\/dl><dl class='gallery-item'>\n\t\t\t\t<dt class='gallery-icon portrait'>\n\t\t\t\t\t<a class=\"rollover\" href='https:\/\/www.radiopiu.net\/wordpress\/sostene-schena-e-una-parte-di-vita-spera-sia-quella-piu-divertente\/271277903_4460172504108357_2521488045072165807_n-2\/'><img loading=\"lazy\" decoding=\"async\" width=\"150\" height=\"150\" src=\"https:\/\/www.radiopiu.net\/wordpress\/wp-content\/uploads\/2022\/01\/271277903_4460172504108357_2521488045072165807_n-1-150x150.jpg\" class=\"attachment-thumbnail size-thumbnail\" alt=\"\" \/><\/a>\n\t\t\t\t<\/dt><\/dl><br style=\"clear: both\" \/><dl class='gallery-item'>\n\t\t\t\t<dt class='gallery-icon portrait'>\n\t\t\t\t\t<a class=\"rollover\" href='https:\/\/www.radiopiu.net\/wordpress\/sostene-schena-e-una-parte-di-vita-spera-sia-quella-piu-divertente\/269879154_624242425514854_4522834416121963692_n\/'><img loading=\"lazy\" decoding=\"async\" width=\"150\" height=\"150\" src=\"https:\/\/www.radiopiu.net\/wordpress\/wp-content\/uploads\/2022\/01\/269879154_624242425514854_4522834416121963692_n-150x150.jpg\" class=\"attachment-thumbnail size-thumbnail\" alt=\"\" \/><\/a>\n\t\t\t\t<\/dt><\/dl><dl class='gallery-item'>\n\t\t\t\t<dt class='gallery-icon landscape'>\n\t\t\t\t\t<a class=\"rollover\" href='https:\/\/www.radiopiu.net\/wordpress\/sostene-schena-e-una-parte-di-vita-spera-sia-quella-piu-divertente\/271265468_6879052862166039_533406112251202351_n\/'><img loading=\"lazy\" decoding=\"async\" width=\"150\" height=\"150\" src=\"https:\/\/www.radiopiu.net\/wordpress\/wp-content\/uploads\/2022\/01\/271265468_6879052862166039_533406112251202351_n-150x150.jpg\" class=\"attachment-thumbnail size-thumbnail\" alt=\"\" srcset=\"https:\/\/www.radiopiu.net\/wordpress\/wp-content\/uploads\/2022\/01\/271265468_6879052862166039_533406112251202351_n-150x150.jpg 150w, https:\/\/www.radiopiu.net\/wordpress\/wp-content\/uploads\/2022\/01\/271265468_6879052862166039_533406112251202351_n.jpg 206w\" sizes=\"auto, (max-width: 150px) 100vw, 150px\" \/><\/a>\n\t\t\t\t<\/dt><\/dl><dl class='gallery-item'>\n\t\t\t\t<dt class='gallery-icon portrait'>\n\t\t\t\t\t<a class=\"rollover\" href='https:\/\/www.radiopiu.net\/wordpress\/sostene-schena-e-una-parte-di-vita-spera-sia-quella-piu-divertente\/270787714_1424198331328695_3420243802363218677_n\/'><img loading=\"lazy\" decoding=\"async\" width=\"150\" height=\"150\" src=\"https:\/\/www.radiopiu.net\/wordpress\/wp-content\/uploads\/2022\/01\/270787714_1424198331328695_3420243802363218677_n-150x150.jpg\" class=\"attachment-thumbnail size-thumbnail\" alt=\"\" \/><\/a>\n\t\t\t\t<\/dt><\/dl><br style=\"clear: both\" \/><dl class='gallery-item'>\n\t\t\t\t<dt class='gallery-icon portrait'>\n\t\t\t\t\t<a class=\"rollover\" href='https:\/\/www.radiopiu.net\/wordpress\/sostene-schena-e-una-parte-di-vita-spera-sia-quella-piu-divertente\/271440081_448260920329649_4875474877023709904_n\/'><img loading=\"lazy\" decoding=\"async\" width=\"150\" height=\"150\" src=\"https:\/\/www.radiopiu.net\/wordpress\/wp-content\/uploads\/2022\/01\/271440081_448260920329649_4875474877023709904_n-150x150.jpg\" class=\"attachment-thumbnail size-thumbnail\" alt=\"\" \/><\/a>\n\t\t\t\t<\/dt><\/dl><dl class='gallery-item'>\n\t\t\t\t<dt class='gallery-icon portrait'>\n\t\t\t\t\t<a class=\"rollover\" href='https:\/\/www.radiopiu.net\/wordpress\/sostene-schena-e-una-parte-di-vita-spera-sia-quella-piu-divertente\/269973389_1327717827666980_343417498631218660_n\/'><img loading=\"lazy\" decoding=\"async\" width=\"150\" height=\"150\" src=\"https:\/\/www.radiopiu.net\/wordpress\/wp-content\/uploads\/2022\/01\/269973389_1327717827666980_343417498631218660_n-150x150.jpg\" class=\"attachment-thumbnail size-thumbnail\" alt=\"\" \/><\/a>\n\t\t\t\t<\/dt><\/dl>\n\t\t\t\t<br style='clear: both' \/>\n\t\t\t<\/div>\n\n<p>FOTO (riproduzioni dal libro \u201c\u2026 Non \u00e8 un romanzo\u201d e album di famiglia di Renato Bona): la copertina con S\u00f2stene Schena all\u2019et\u00e0 di 4 anni; in occasione del battesimo del suo figlioccio Marco Bona, mio figlio; l\u2019autore, oggi; la casa natale di via Roma a Ponte nelle Alpi; il nostro, mascotte degli alpini; i suoi fratelli da bambini: Eros, Dolce e Viviano; Schena ripreso da Bepi Zanfron sul monte Toc, di fronte a Erto; suo padre Teofilo; mamma Rina; S\u00f2stene con colleghi consulenti finanziari Fideuram; spiega ad una scolaresca la professione del giornalista; con la moglie Daniela dopo il \u201cs\u00ec\u201d il 29 novembre 2011; uno dei libri da lui scritti sulla Croazia; i \u201cmitici\u201d colombi colorati all\u2019esterno del suo bar Roma; eccolo nella sua veste di sommelier; il suo amico, purtroppo scomparso, Paolo Rossi, col cane Pal di \u201cSos\u201d; l\u2019amica e collega de L\u2019Unit\u00e0, Tina Merlin.<\/p>\n","protected":false},"excerpt":{"rendered":"<p>di\u00a0 RENATO BONA S\u00f2stene Schena ha dato alle stampe due edizioni (la prima in proprio, la seconda con la casa editrice Kimerik) del libro che in copertina porta il suo nome, proponendo una foto di quando il nostro aveva 4 anni. Il titolo: \u201cUn po\u2019 della mia vita\u2026 Non \u00e8 un romanzo\u201d. Oltre trecento pagine&hellip;<\/p>\n","protected":false},"author":4,"featured_media":253095,"comment_status":"closed","ping_status":"open","sticky":false,"template":"","format":"standard","meta":{"_monsterinsights_skip_tracking":false,"_monsterinsights_sitenote_active":false,"_monsterinsights_sitenote_note":"","_monsterinsights_sitenote_category":0,"footnotes":""},"categories":[104,49],"tags":[],"class_list":["post-253080","post","type-post","status-publish","format-standard","has-post-thumbnail","hentry","category-evidenza_3","category-news-18","category-104","category-49","description-off"],"img_url":"https:\/\/www.radiopiu.net\/wordpress\/wp-content\/uploads\/2022\/01\/270787714_1424198331328695_3420243802363218677_n.jpg","_links":{"self":[{"href":"https:\/\/www.radiopiu.net\/wordpress\/wp-json\/wp\/v2\/posts\/253080","targetHints":{"allow":["GET"]}}],"collection":[{"href":"https:\/\/www.radiopiu.net\/wordpress\/wp-json\/wp\/v2\/posts"}],"about":[{"href":"https:\/\/www.radiopiu.net\/wordpress\/wp-json\/wp\/v2\/types\/post"}],"author":[{"embeddable":true,"href":"https:\/\/www.radiopiu.net\/wordpress\/wp-json\/wp\/v2\/users\/4"}],"replies":[{"embeddable":true,"href":"https:\/\/www.radiopiu.net\/wordpress\/wp-json\/wp\/v2\/comments?post=253080"}],"version-history":[{"count":0,"href":"https:\/\/www.radiopiu.net\/wordpress\/wp-json\/wp\/v2\/posts\/253080\/revisions"}],"wp:featuredmedia":[{"embeddable":true,"href":"https:\/\/www.radiopiu.net\/wordpress\/wp-json\/wp\/v2\/media\/253095"}],"wp:attachment":[{"href":"https:\/\/www.radiopiu.net\/wordpress\/wp-json\/wp\/v2\/media?parent=253080"}],"wp:term":[{"taxonomy":"category","embeddable":true,"href":"https:\/\/www.radiopiu.net\/wordpress\/wp-json\/wp\/v2\/categories?post=253080"},{"taxonomy":"post_tag","embeddable":true,"href":"https:\/\/www.radiopiu.net\/wordpress\/wp-json\/wp\/v2\/tags?post=253080"}],"curies":[{"name":"wp","href":"https:\/\/api.w.org\/{rel}","templated":true}]}}