{"id":253128,"date":"2022-01-11T05:50:03","date_gmt":"2022-01-11T04:50:03","guid":{"rendered":"https:\/\/www.radiopiu.net\/wordpress\/?p=253128"},"modified":"2022-01-11T09:29:48","modified_gmt":"2022-01-11T08:29:48","slug":"giornale-radiopiu-11-gennaio-2022-direttore-mirko-mezzacasa","status":"publish","type":"post","link":"https:\/\/www.radiopiu.net\/wordpress\/giornale-radiopiu-11-gennaio-2022-direttore-mirko-mezzacasa\/","title":{"rendered":"GIORNALE RADIOPIU 11 GENNAIO 2022 DIRETTORE MIRKO MEZZACASA"},"content":{"rendered":"<h3 class=\"kvgmc6g5 cxmmr5t8 oygrvhab hcukyx3x c1et5uql\"><span style=\"color: #0000ff;\"><strong>INFORMAZIONE il canale su TELEGRAM informazione di prima mano e in tempo reale. iscriviti ed aiutaci a farlo conoscere\u00a0\u00a0<\/strong><\/span><\/h3>\n<p>&nbsp;<\/p>\n<hr \/>\n<p>&nbsp;<\/p>\n<p>&nbsp;<\/p>\n<blockquote>\n<h3>RADIO PIU E L&#8217;AGORDINO SALUTANO LE REGINE DELLA VELOCITA&#8217; IN ALLENAMENTO AL SAN PELLEGRINO<\/h3>\n<\/blockquote>\n<p><strong>FALCADE<\/strong> Quattro regine della velocit\u00e0\u00a0 su La VolatA per gli allenamenti di Coppa del Mondo. <a class=\"oajrlxb2 g5ia77u1 qu0x051f esr5mh6w e9989ue4 r7d6kgcz rq0escxv nhd2j8a9 nc684nl6 p7hjln8o kvgmc6g5 cxmmr5t8 oygrvhab hcukyx3x jb3vyjys rz4wbd8a qt6c0cv9 a8nywdso i1ao9s8h esuyzwwr f1sip0of lzcic4wl gpro0wi8 q66pz984 b1v8xokw\" tabindex=\"0\" role=\"link\" href=\"https:\/\/www.facebook.com\/martabassino?__cft__[0]=AZXpUan9-tvm6gRJc59gkXEN5tpDOjN2Le7peMocv1FDDYJU4LsUVH75VctRe02mOnJXz87DLJDagSHyK45-FlDq2Xkn21rh95M0z07M7A3d1COGmpTwVzwmBLwQAaqioImLopZWjqwbX5M041g-xExB&amp;__tn__=-]K-R\"><span class=\"nc684nl6\">Marta Bassino<\/span><\/a> <a class=\"oajrlxb2 g5ia77u1 qu0x051f esr5mh6w e9989ue4 r7d6kgcz rq0escxv nhd2j8a9 nc684nl6 p7hjln8o kvgmc6g5 cxmmr5t8 oygrvhab hcukyx3x jb3vyjys rz4wbd8a qt6c0cv9 a8nywdso i1ao9s8h esuyzwwr f1sip0of lzcic4wl gpro0wi8 q66pz984 b1v8xokw\" tabindex=\"0\" role=\"link\" href=\"https:\/\/www.facebook.com\/profile.php?id=100044228599588&amp;__cft__[0]=AZXpUan9-tvm6gRJc59gkXEN5tpDOjN2Le7peMocv1FDDYJU4LsUVH75VctRe02mOnJXz87DLJDagSHyK45-FlDq2Xkn21rh95M0z07M7A3d1COGmpTwVzwmBLwQAaqioImLopZWjqwbX5M041g-xExB&amp;__tn__=-]K-R\"><span class=\"nc684nl6\">Sofia Goggia<\/span><\/a> <a class=\"oajrlxb2 g5ia77u1 qu0x051f esr5mh6w e9989ue4 r7d6kgcz rq0escxv nhd2j8a9 nc684nl6 p7hjln8o kvgmc6g5 cxmmr5t8 oygrvhab hcukyx3x jb3vyjys rz4wbd8a qt6c0cv9 a8nywdso i1ao9s8h esuyzwwr f1sip0of lzcic4wl gpro0wi8 q66pz984 b1v8xokw\" tabindex=\"0\" role=\"link\" href=\"https:\/\/www.facebook.com\/elenacurtoni?__cft__[0]=AZXpUan9-tvm6gRJc59gkXEN5tpDOjN2Le7peMocv1FDDYJU4LsUVH75VctRe02mOnJXz87DLJDagSHyK45-FlDq2Xkn21rh95M0z07M7A3d1COGmpTwVzwmBLwQAaqioImLopZWjqwbX5M041g-xExB&amp;__tn__=-]K-R\"><span class=\"nc684nl6\">Elena Curtoni<\/span><\/a> e Roberta Melesi sono in pista sui 2400 m che scendono dal Col Margherita e giungono al Passo San Pellegrino Concentrazione, preparazione, tecnica e passione: c&#8217;\u00e8 tutto questo nelle fasi di riscaldamento della azzurre.<\/p>\n\n\t\t\t<style type='text\/css'>\n\t\t\t\t#gallery-1 {\n\t\t\t\t\tmargin: auto;\n\t\t\t\t}\n\t\t\t\t#gallery-1 .gallery-item {\n\t\t\t\t\tfloat: left;\n\t\t\t\t\tmargin-top: 10px;\n\t\t\t\t\ttext-align: center;\n\t\t\t\t\twidth: 33%;\n\t\t\t\t}\n\t\t\t\t#gallery-1 img {\n\t\t\t\t\tborder: 2px solid #cfcfcf;\n\t\t\t\t}\n\t\t\t\t#gallery-1 .gallery-caption {\n\t\t\t\t\tmargin-left: 0;\n\t\t\t\t}\n\t\t\t\t\/* see gallery_shortcode() in wp-includes\/media.php *\/\n\t\t\t<\/style>\n\t\t<div id='gallery-1' class='dt-gallery-container gallery galleryid-253128 gallery-columns-3 gallery-size-thumbnail'><dl class='gallery-item'>\n\t\t\t\t<dt class='gallery-icon landscape'>\n\t\t\t\t\t<a class=\"rollover\" href='https:\/\/www.radiopiu.net\/wordpress\/radio-piu-e-lagordino-salutano-le-regine-della-velocita-in-allenamento-al-san-pellegrino\/271666321_2846752555630980_8652926576977941019_n\/'><img loading=\"lazy\" decoding=\"async\" width=\"150\" height=\"150\" src=\"https:\/\/www.radiopiu.net\/wordpress\/wp-content\/uploads\/2022\/01\/271666321_2846752555630980_8652926576977941019_n-150x150.jpg\" class=\"attachment-thumbnail size-thumbnail\" alt=\"\" srcset=\"https:\/\/www.radiopiu.net\/wordpress\/wp-content\/uploads\/2022\/01\/271666321_2846752555630980_8652926576977941019_n-150x150.jpg 150w, https:\/\/www.radiopiu.net\/wordpress\/wp-content\/uploads\/2022\/01\/271666321_2846752555630980_8652926576977941019_n-300x300.jpg 300w, https:\/\/www.radiopiu.net\/wordpress\/wp-content\/uploads\/2022\/01\/271666321_2846752555630980_8652926576977941019_n.jpg 526w\" sizes=\"auto, (max-width: 150px) 100vw, 150px\" \/><\/a>\n\t\t\t\t<\/dt><\/dl><dl class='gallery-item'>\n\t\t\t\t<dt class='gallery-icon portrait'>\n\t\t\t\t\t<a class=\"rollover\" href='https:\/\/www.radiopiu.net\/wordpress\/radio-piu-e-lagordino-salutano-le-regine-della-velocita-in-allenamento-al-san-pellegrino\/271757835_2846842828955286_6273687516285693004_n\/'><img loading=\"lazy\" decoding=\"async\" width=\"150\" height=\"150\" src=\"https:\/\/www.radiopiu.net\/wordpress\/wp-content\/uploads\/2022\/01\/271757835_2846842828955286_6273687516285693004_n-150x150.jpg\" class=\"attachment-thumbnail size-thumbnail\" alt=\"\" \/><\/a>\n\t\t\t\t<\/dt><\/dl><dl class='gallery-item'>\n\t\t\t\t<dt class='gallery-icon portrait'>\n\t\t\t\t\t<a class=\"rollover\" href='https:\/\/www.radiopiu.net\/wordpress\/radio-piu-e-lagordino-salutano-le-regine-della-velocita-in-allenamento-al-san-pellegrino\/271728360_2846112189028350_4978524728870732564_n\/'><img loading=\"lazy\" decoding=\"async\" width=\"150\" height=\"150\" src=\"https:\/\/www.radiopiu.net\/wordpress\/wp-content\/uploads\/2022\/01\/271728360_2846112189028350_4978524728870732564_n-150x150.jpg\" class=\"attachment-thumbnail size-thumbnail\" alt=\"\" \/><\/a>\n\t\t\t\t<\/dt><\/dl><br style=\"clear: both\" \/><dl class='gallery-item'>\n\t\t\t\t<dt class='gallery-icon portrait'>\n\t\t\t\t\t<a class=\"rollover\" href='https:\/\/www.radiopiu.net\/wordpress\/radio-piu-e-lagordino-salutano-le-regine-della-velocita-in-allenamento-al-san-pellegrino\/271720019_2846112079028361_7254802198585283992_n\/'><img loading=\"lazy\" decoding=\"async\" width=\"150\" height=\"150\" src=\"https:\/\/www.radiopiu.net\/wordpress\/wp-content\/uploads\/2022\/01\/271720019_2846112079028361_7254802198585283992_n-150x150.jpg\" class=\"attachment-thumbnail size-thumbnail\" alt=\"\" \/><\/a>\n\t\t\t\t<\/dt><\/dl><dl class='gallery-item'>\n\t\t\t\t<dt class='gallery-icon portrait'>\n\t\t\t\t\t<a class=\"rollover\" href='https:\/\/www.radiopiu.net\/wordpress\/radio-piu-e-lagordino-salutano-le-regine-della-velocita-in-allenamento-al-san-pellegrino\/271656916_2846112105695025_6168503002789309788_n\/'><img loading=\"lazy\" decoding=\"async\" width=\"150\" height=\"150\" src=\"https:\/\/www.radiopiu.net\/wordpress\/wp-content\/uploads\/2022\/01\/271656916_2846112105695025_6168503002789309788_n-150x150.jpg\" class=\"attachment-thumbnail size-thumbnail\" alt=\"\" \/><\/a>\n\t\t\t\t<\/dt><\/dl>\n\t\t\t\t<br style='clear: both' \/>\n\t\t\t<\/div>\n\n<p>&nbsp;<\/p>\n<p>&nbsp;<\/p>\n<p>&nbsp;<\/p>\n<p>&nbsp;<\/p>\n<hr \/>\n<p>&nbsp;<\/p>\n<blockquote>\n<h3><span style=\"color: #ff0000;\">LA CROCE VERDE VAL BIOIS COMUNICA I DISSERVIZI PER IL MESE DI GENNAIO 2022<\/span><\/h3>\n<\/blockquote>\n<p><strong><a href=\"https:\/\/www.radiopiu.net\/wordpress\/lassessore-gianpaolo-bottacin-ribatte-alle-accuse-del-presidente-della-croce-verde-val-biois-stefano-murer\/croce-verde-val-biois-2\/\" rel=\"attachment wp-att-153811\"><img loading=\"lazy\" decoding=\"async\" class=\" wp-image-153811 alignleft\" src=\"https:\/\/www.radiopiu.net\/wordpress\/wp-content\/uploads\/2020\/08\/CROCE-VERDE-VAL-BIOIS-300x225.jpg\" alt=\"\" width=\"157\" height=\"118\" srcset=\"https:\/\/www.radiopiu.net\/wordpress\/wp-content\/uploads\/2020\/08\/CROCE-VERDE-VAL-BIOIS-300x225.jpg 300w, https:\/\/www.radiopiu.net\/wordpress\/wp-content\/uploads\/2020\/08\/CROCE-VERDE-VAL-BIOIS-1024x768.jpg 1024w, https:\/\/www.radiopiu.net\/wordpress\/wp-content\/uploads\/2020\/08\/CROCE-VERDE-VAL-BIOIS-768x576.jpg 768w, https:\/\/www.radiopiu.net\/wordpress\/wp-content\/uploads\/2020\/08\/CROCE-VERDE-VAL-BIOIS-1536x1153.jpg 1536w, https:\/\/www.radiopiu.net\/wordpress\/wp-content\/uploads\/2020\/08\/CROCE-VERDE-VAL-BIOIS.jpg 1599w\" sizes=\"auto, (max-width: 157px) 100vw, 157px\" \/><\/a>FALCADE<\/strong> Anche nel mese di gennaio la Croce Verde Val Biois non assicura l&#8217;assistenza in alcune giornate. A comunicarlo il presidente Stefano Murer. Queste le date dei disservizi: GIOVEDI&#8217; 13 GENNAIO dalle ore 20 alle 20 di VENERDI&#8217; 14 GENNAIO; VENERDI&#8217; 21 GENNAIO dalle ore 6:00 alle ore 20:00; SABATO 22 GENNAIO dalle ore 6:00 alle ore 20:00; DOMENICA 23 GENNAIO dalle ore 20:00 alle 6 di LUNEDI&#8217; 24 GENNAIO; VENERDI&#8217; 28 GENNAIO dalle ore 6:00 alle ore 20:00; SABATO 29 GENNAIO dalle ore 6:00 alle ore 20:00. Le eventuali modifiche al calendario saranno comunicate tempestivamente.<\/p>\n<p>&nbsp;<\/p>\n<p>&nbsp;<\/p>\n<hr \/>\n<p>&nbsp;<\/p>\n<blockquote>\n<h2>L&#8217;ALLEGHE HOCKEY PERDE UN&#8217;ALTRA BRAVA PERSONA<\/h2>\n<\/blockquote>\n<p><strong><a href=\"https:\/\/www.radiopiu.net\/wordpress\/lalleghe-hockey-perde-unaltra-brava-persona\/21742992_1801436349871322_8033238566166835732_n\/\" rel=\"attachment wp-att-253201\"><img loading=\"lazy\" decoding=\"async\" class=\" wp-image-253201 alignleft\" src=\"https:\/\/www.radiopiu.net\/wordpress\/wp-content\/uploads\/2022\/01\/21742992_1801436349871322_8033238566166835732_n-300x300.jpg\" alt=\"\" width=\"220\" height=\"220\" srcset=\"https:\/\/www.radiopiu.net\/wordpress\/wp-content\/uploads\/2022\/01\/21742992_1801436349871322_8033238566166835732_n-300x300.jpg 300w, https:\/\/www.radiopiu.net\/wordpress\/wp-content\/uploads\/2022\/01\/21742992_1801436349871322_8033238566166835732_n-150x150.jpg 150w, https:\/\/www.radiopiu.net\/wordpress\/wp-content\/uploads\/2022\/01\/21742992_1801436349871322_8033238566166835732_n-768x768.jpg 768w, https:\/\/www.radiopiu.net\/wordpress\/wp-content\/uploads\/2022\/01\/21742992_1801436349871322_8033238566166835732_n.jpg 960w\" sizes=\"auto, (max-width: 220px) 100vw, 220px\" \/><\/a>ALLEGHE<\/strong> Un&#8217;altra perdita nella famiglia dell&#8217;Alleghe Hockey, \u00e8 mancato Piero Migliarini volto noto per chi ha frequentato l&#8217;Alvise De Toni.\u00a0 Ad Alleghe Piero ha dato il suo grande impegno alla societ\u00e0 a fianco del genero Patrick De Silvestro e degli amati nipoti Thomas e Diego. Di origini triestine era un cittadino del mondo, soprattutto alleghese\u00a0 da molto pi\u00f9 di un ventennio e ci teneva al suo paese e alla sua vita tra Zunaia e Civetta.<\/p>\n<p><em>Alla famiglia Migliarini, alla moglie Fulvia e alle due figlie Roberta con Patrick ed Elena con Simone giunga l&#8217;abbraccio della redazione di RADIO PIU<\/em><\/p>\n<p><em>&#8220;Piero al nostro hockey ha dato molto, perdiamo un grande lavoratore, un collaboratore, un amico, un primo tifoso&#8221; &#8220;<\/em> dice il presidente\u00a0 dell&#8217;Alleghe Hockey Adriano Levis.<br \/>\n<strong>I funerali si svolgeranno domani alle 14.30 nella chiesa parrocchiale di Caprile &#8220;Un grazie particolare a quanti lo hanno seguito durante la malattia&#8221; \u00e8 il messaggio della famiglia.<\/strong><\/p>\n<p><em>nella foto dalla pagina facebook accanto a Tonino Zampieri\u00a0<\/em><\/p>\n<p>&nbsp;<\/p>\n<hr \/>\n<p>&nbsp;<\/p>\n<p>&nbsp;<\/p>\n<blockquote>\n<h3>COVID NELL&#8217;AGORDINO: 81 CASI AD AGORDO, 37 A LIVINALLONGO E 4 A GOSALDO<\/h3>\n<\/blockquote>\n<blockquote>\n<h2><strong style=\"color: #ff0000; font-size: 14px;\">CASI DI COVID NELL\u2019AGORDINO IN CONTINUO AGGIORNAMENTO<\/strong><\/h2>\n<p><img decoding=\"async\" src=\"https:\/\/www.radiopiu.net\/wordpress\/wp-content\/uploads\/2022\/01\/decc6cc7-f59c-4af6-bd05-fa981019de11.jpg\" \/>tra parentesi la differenza con venerdi<\/p><\/blockquote>\n<p><span style=\"color: #ff0000;\">AGORDO:<\/span>\u00a0 81 (65 )\u00a0 POSITIVI (+10) 2 (5) IN SORVEGLIANZA <span style=\"color: #ff0000;\">ROCCA PIETORE <span style=\"color: #000000;\">36 <\/span><\/span>\u00a0(21)\u00a0 POSITIVI\u00a0 \u00a0<span style=\"color: #ff0000;\">TAIBON<\/span> 14 (+14) POSITIVI 1 QUARANTENA <span style=\"color: #ff0000;\">CANALE D&#8217;AGORDO <span style=\"color: #000000;\">7\u00a0<\/span> <span style=\"color: #000000;\">(2)\u00a0POSITIVI <span style=\"color: #ff0000;\">ALLEGHE<\/span> 15 (6) POSITIVI (+2) <span style=\"color: #ff0000;\">VOLTAGO<\/span> 18 \u00a0(+9)\u00a0 4 (2)\u00a0 ISOLAMENTO <span style=\"color: #ff0000;\">FALCADE<\/span> 18 (7) POSITIVI 0 ISOLAMENTO <\/span><\/span><span style=\"color: #ff0000;\">LIVINALLONGO<\/span> 37 (33) positivi 0 (3) in isolamento\u00a0 <span style=\"color: #ff0000;\">CENCENIGHE<\/span> 15\u00a0 \u00a0(6) positivi\u00a0 positivi <span style=\"color: #ff0000;\">VALLADA<\/span> 1\u00a0 (1) <span style=\"color: #ff0000;\">LA VALLE\u00a0<\/span> 16 (12)\u00a0 positivi 4 (3) isolamento <span style=\"color: #ff0000;\">RIVAMONTE\u00a0<\/span> 9 (8)\u00a0 positivi\u00a0 5 (9)\u00a0 isolamento <span style=\"color: #ff0000;\">SELVA DI CADORE<\/span> 1 (2) <span style=\"color: #ff0000;\">SAN TOMASO<\/span> 11 (7) positivi\u00a0 0\u00a0 isolamento <span style=\"color: #ff0000;\">COLLE SANTA LUCIA<\/span>\u00a0 8 (7) positivi 2 isolamento <span style=\"color: #ff0000;\">GOSALDO<\/span> 4 POSITIVI (5)<\/p>\n<p>&nbsp;<\/p>\n<p>&nbsp;<\/p>\n<hr \/>\n<blockquote>\n<h3><\/h3>\n<h3>AGGIORNAMENTO COVID ULSS: 5230 PERSONE ATTUALMENTE POSITIVE, 54 PAZIENTI RICOVERATI E UN DECESSO NELLE ULTIME ORE<\/h3>\n<\/blockquote>\n<p><strong>BELLUNO <\/strong>Aggiornamento settimanale a cura dell&#8217;Ulss 1 Dolomiti sulla situazione epidemiologica in provincia di Belluno.<\/p>\n<table width=\"652\">\n<tbody>\n<tr>\n<td width=\"326\"><strong>ATTUALI POSITIVI<\/strong><\/td>\n<td width=\"326\">5230<\/p>\n<p>&nbsp;<\/td>\n<\/tr>\n<\/tbody>\n<\/table>\n<p>&nbsp;<\/p>\n<p><img loading=\"lazy\" decoding=\"async\" class=\" wp-image-253290 alignleft\" src=\"https:\/\/www.radiopiu.net\/wordpress\/wp-content\/uploads\/2022\/01\/2-290x300.jpg\" alt=\"\" width=\"246\" height=\"254\" srcset=\"https:\/\/www.radiopiu.net\/wordpress\/wp-content\/uploads\/2022\/01\/2-290x300.jpg 290w, https:\/\/www.radiopiu.net\/wordpress\/wp-content\/uploads\/2022\/01\/2-768x793.jpg 768w, https:\/\/www.radiopiu.net\/wordpress\/wp-content\/uploads\/2022\/01\/2.jpg 964w\" sizes=\"auto, (max-width: 246px) 100vw, 246px\" \/><\/p>\n<p>Appare evidente un incremento esponenziale delle nuove positivit\u00e0 registrate in quella che si definisce \u201cquarta ondata\u201d. Nel dettaglio, i nuovi casi rilevati nell\u2019ultima settimana sono <strong>3.080 <\/strong>(+1.347 rispetto alla scorsa settimana), con un conseguente tasso di incidenza settimanale di <strong>1.543 casi su 100 mila abitanti<\/strong>, circa il doppio rispetto alla settimana precedente, ma ancora <strong>inferiore all&#8217;incidenza nazionale<\/strong> (1.871 su 100 mila abitanti).<\/p>\n<p><strong>INCIDENZA<\/strong> La mappa dei colori aggiunge tonalit\u00e0 molto pi\u00f9 scure rispetto a tutti i precedenti aggiornamenti della quarta ondata. Si aggiungono infatti i Comuni con oltre 2000 casi ogni 100mila abitanti: a Cortina, Perarolo e Arsi\u00e8. Ci sono poi i tanti Comuni (il numero maggiore) con 1000-2000 casi ogni 100 mila abitanti. In Cadore ci sono anche due Comuni che non hanno segnalato casi negli ultimi sette giorni. Nell&#8217;Agordino maggior numero di casi tra la Conca Agordina e la Valle del Cordevole, meglio in Valle del Biois. Vallada e Voltago i Comuni con la minor incidenza.<\/p>\n<p>&nbsp;<\/p>\n<p><strong><a href=\"https:\/\/www.radiopiu.net\/wordpress\/aggiornamento-covid-ulss-5230-persone-attualmente-positive-54-pazienti-ricoverati-e-un-decesso-nelle-ultime-ore\/3-85\/\" rel=\"attachment wp-att-253291\"><img loading=\"lazy\" decoding=\"async\" class=\"size-medium wp-image-253291 alignright\" src=\"https:\/\/www.radiopiu.net\/wordpress\/wp-content\/uploads\/2022\/01\/3-290x300.jpg\" alt=\"\" width=\"290\" height=\"300\" srcset=\"https:\/\/www.radiopiu.net\/wordpress\/wp-content\/uploads\/2022\/01\/3-290x300.jpg 290w, https:\/\/www.radiopiu.net\/wordpress\/wp-content\/uploads\/2022\/01\/3-768x793.jpg 768w, https:\/\/www.radiopiu.net\/wordpress\/wp-content\/uploads\/2022\/01\/3.jpg 964w\" sizes=\"auto, (max-width: 290px) 100vw, 290px\" \/><\/a>NUOVI CASI IN SETTE GIORNI<\/strong> Si salvano solo due Comuni in Cadore, gli unici che non segnalano nuovi casi, nel resto della provincia \u00e8 un brulicar di numeri, ovvero di nuovi casi: 514 a Belluno, 273 Feltre, 186 Sedico, 182 Borgo Valbelluna, 139 Ponte nelle Alpi, 122 Cortina. Nell&#8217;Agordino maggior numero di nuovi casi a Taibon (24), 1 a Gosaldo.<\/p>\n<p>Nella settimana trascorsa i nuovi casi si collocano prevalentemente nelle fasce centrali 25-64 anni, attestando un probabile ruolo attivo della socializzazione legata alle festivit\u00e0. Si conferma il trend delle settimane precedenti in merito alle percentuali di contagi tra vaccinati e non vaccinati, con ulteriore evidenza del potere protettivo della vaccinazione non solo sulla casistica grave, ma anche sul rischio di infezione. Questa settimana: Il rapporto tra nuovi positivi vaccinati sulla popolazione <strong>vaccinata con terza dose \u00e8 di 0,45% <\/strong>Il rapporto tra nuovi positivi non vaccinati su popolazione non vaccinata \u00e8 di 2,48% In totale, nella settimana, sono stati refertati 16.769 tamponi (+1440 rispetto alla settimana precedente). Particolarmente significativo risulta il lavoro svolto dalle farmacie del territorio per i tamponi antigenici. Nella settimana qui analizzata sono stati somministrati 5 \u00a0trattamenti con monoclonali dall\u2019Unit\u00e0 Operativa di\u00a0 Malattie Infettive di Belluno, per un totale di 269 dosi complessive. Inoltre, \u00e8 stato prescritto il primo trattamento per via orale con Molnupiravir Il Molnupiravir \u00e8 un farmaco antivirale orale, il cui utilizzo \u00e8 indicato entro 5 giorni dall\u2019insorgenza dei sintomi in pazienti che presentano particolari fattori di rischio tra cui l\u2019obesit\u00e0, la BPCO, l\u2019insufficienza renale cronica, il diabete, etc. La durata del trattamento, che consiste nell\u2019assunzione di 4 compresse (da 200 mg) 2 volte al giorno, \u00e8 di 5 giorni. Al momento la prescrizione \u00e8 effettuata dalla UO Malattie Infettive, nelle prossime settimane saranno abilitati alla prescrizione anche i medici di assistenza primaria.<\/p>\n<p>Sono attualmente ricoverati<\/p>\n<table width=\"657\">\n<tbody>\n<tr>\n<td width=\"176\"><strong>Area <\/strong><\/td>\n<td width=\"154\"><strong>Belluno<\/strong><\/td>\n<td width=\"153\"><strong>Feltre<\/strong><\/td>\n<td width=\"175\"><strong>N totale pazienti ricoverati<\/strong><\/td>\n<\/tr>\n<tr>\n<td width=\"176\"><strong>Terapia Intensiva <\/strong><\/td>\n<td width=\"154\"><strong>0<\/strong><\/td>\n<td width=\"153\"><strong>5<\/strong><\/td>\n<td width=\"175\"><strong>5<\/strong><\/td>\n<\/tr>\n<tr>\n<td width=\"176\"><strong>Area non critica Belluno<\/strong><\/td>\n<td width=\"154\"><strong>22<\/strong><\/td>\n<td width=\"153\"><strong>16<\/strong><\/td>\n<td width=\"175\"><strong>38<\/strong><\/td>\n<\/tr>\n<tr>\n<td width=\"176\"><strong>Ospedale di Comunit\u00e0 <\/strong><\/td>\n<td width=\"154\"><strong>\/<\/strong><\/td>\n<td width=\"153\"><strong>11<\/strong><\/td>\n<td width=\"175\"><strong>11<\/strong><\/td>\n<\/tr>\n<\/tbody>\n<\/table>\n<p>&nbsp;<\/p>\n<p>Il 60% dei pazienti ricoverati \u00e8 NON vaccinato. La maggior parte delle persone ricoverate vaccinate ha ricevuto la seconda dose pi\u00f9 di cinque\/sei mesi fa, attestando l\u2019opportunit\u00e0 di eseguire il prima possibile la dose booster. Il 9 gennaio \u00e8 deceduto un uomo di 63 anni ricoverato in Rianimazione a Feltre<\/p>\n<p>&nbsp;<\/p>\n\n\t\t\t<style type='text\/css'>\n\t\t\t\t#gallery-2 {\n\t\t\t\t\tmargin: auto;\n\t\t\t\t}\n\t\t\t\t#gallery-2 .gallery-item {\n\t\t\t\t\tfloat: left;\n\t\t\t\t\tmargin-top: 10px;\n\t\t\t\t\ttext-align: center;\n\t\t\t\t\twidth: 33%;\n\t\t\t\t}\n\t\t\t\t#gallery-2 img {\n\t\t\t\t\tborder: 2px solid #cfcfcf;\n\t\t\t\t}\n\t\t\t\t#gallery-2 .gallery-caption {\n\t\t\t\t\tmargin-left: 0;\n\t\t\t\t}\n\t\t\t\t\/* see gallery_shortcode() in wp-includes\/media.php *\/\n\t\t\t<\/style>\n\t\t<div id='gallery-2' class='dt-gallery-container gallery galleryid-253128 gallery-columns-3 gallery-size-medium'><dl class='gallery-item'>\n\t\t\t\t<dt class='gallery-icon landscape'>\n\t\t\t\t\t<a class=\"rollover rollover-zoom dt-pswp-item\" title=\"1\" data-dt-img-description=\"\" data-large_image_width=\"964\" data-large_image_height=\"418\"href='https:\/\/www.radiopiu.net\/wordpress\/wp-content\/uploads\/2022\/01\/1.jpg'><img loading=\"lazy\" decoding=\"async\" width=\"300\" height=\"130\" src=\"https:\/\/www.radiopiu.net\/wordpress\/wp-content\/uploads\/2022\/01\/1-300x130.jpg\" class=\"attachment-medium size-medium\" alt=\"\" aria-describedby=\"gallery-2-253292\" srcset=\"https:\/\/www.radiopiu.net\/wordpress\/wp-content\/uploads\/2022\/01\/1-300x130.jpg 300w, https:\/\/www.radiopiu.net\/wordpress\/wp-content\/uploads\/2022\/01\/1-768x333.jpg 768w, https:\/\/www.radiopiu.net\/wordpress\/wp-content\/uploads\/2022\/01\/1.jpg 964w\" sizes=\"auto, (max-width: 300px) 100vw, 300px\" \/><\/a>\n\t\t\t\t<\/dt>\n\t\t\t\t\t<dd class='wp-caption-text gallery-caption' id='gallery-2-253292'>\n\t\t\t\t\tANDAMENTO EPIDEMICO DA MARZO 2020\n\t\t\t\t\t<\/dd><\/dl><dl class='gallery-item'>\n\t\t\t\t<dt class='gallery-icon landscape'>\n\t\t\t\t\t<a class=\"rollover rollover-zoom dt-pswp-item\" title=\"4\" data-dt-img-description=\"\" data-large_image_width=\"964\" data-large_image_height=\"586\"href='https:\/\/www.radiopiu.net\/wordpress\/wp-content\/uploads\/2022\/01\/4.png'><img loading=\"lazy\" decoding=\"async\" width=\"300\" height=\"182\" src=\"https:\/\/www.radiopiu.net\/wordpress\/wp-content\/uploads\/2022\/01\/4-300x182.png\" class=\"attachment-medium size-medium\" alt=\"\" aria-describedby=\"gallery-2-253293\" srcset=\"https:\/\/www.radiopiu.net\/wordpress\/wp-content\/uploads\/2022\/01\/4-300x182.png 300w, https:\/\/www.radiopiu.net\/wordpress\/wp-content\/uploads\/2022\/01\/4-768x467.png 768w, https:\/\/www.radiopiu.net\/wordpress\/wp-content\/uploads\/2022\/01\/4.png 964w\" sizes=\"auto, (max-width: 300px) 100vw, 300px\" \/><\/a>\n\t\t\t\t<\/dt>\n\t\t\t\t\t<dd class='wp-caption-text gallery-caption' id='gallery-2-253293'>\n\t\t\t\t\tNUMERO DI CASI POSITIVI PER FASCIA D&#8217;ETA&#8217;\n\t\t\t\t\t<\/dd><\/dl><dl class='gallery-item'>\n\t\t\t\t<dt class='gallery-icon landscape'>\n\t\t\t\t\t<a class=\"rollover rollover-zoom dt-pswp-item\" title=\"5\" data-dt-img-description=\"\" data-large_image_width=\"804\" data-large_image_height=\"314\"href='https:\/\/www.radiopiu.net\/wordpress\/wp-content\/uploads\/2022\/01\/5.jpg'><img loading=\"lazy\" decoding=\"async\" width=\"300\" height=\"117\" src=\"https:\/\/www.radiopiu.net\/wordpress\/wp-content\/uploads\/2022\/01\/5-300x117.jpg\" class=\"attachment-medium size-medium\" alt=\"\" aria-describedby=\"gallery-2-253294\" srcset=\"https:\/\/www.radiopiu.net\/wordpress\/wp-content\/uploads\/2022\/01\/5-300x117.jpg 300w, https:\/\/www.radiopiu.net\/wordpress\/wp-content\/uploads\/2022\/01\/5-768x300.jpg 768w, https:\/\/www.radiopiu.net\/wordpress\/wp-content\/uploads\/2022\/01\/5.jpg 804w\" sizes=\"auto, (max-width: 300px) 100vw, 300px\" \/><\/a>\n\t\t\t\t<\/dt>\n\t\t\t\t\t<dd class='wp-caption-text gallery-caption' id='gallery-2-253294'>\n\t\t\t\t\tTAMPONI ANTIGENICI EFFETUATI\n\t\t\t\t\t<\/dd><\/dl><br style=\"clear: both\" \/>\n\t\t\t<\/div>\n\n<p>&nbsp;<\/p>\n<hr \/>\n<p>&nbsp;<\/p>\n<blockquote>\n<h3>VENERDI, SCIOPERO DOLOMITIBUS DALLE 16 DEL POMERIGGIO<\/h3>\n<\/blockquote>\n<p><strong><img loading=\"lazy\" decoding=\"async\" class=\"alignleft\" src=\"https:\/\/www.radiopiu.net\/wordpress\/wp-content\/uploads\/2021\/10\/9396bbfc-2818-4225-b55d-9a56c39206f1.jpg\" width=\"219\" height=\"123\" \/>BELLUNO<\/strong> Venerdi 14 gennaio lo sciopero nazionale indetto dalle segreterie sindacali interesser\u00e0 anche le corse della Dolomitibus in provincia. Ovvero non verranno garantire le corse in partenza dalle 16.08 e fino alle 20.07. Dolomitibus precisa che le corse in partenza prima dello sciopero verranno effettuate regolarmente e una volta iniziate proseguiranno fino al capolinea. Dalle 20.08 tutto ritorner\u00e0 nella normalit\u00e0<\/p>\n<p>&nbsp;<\/p>\n<p>&nbsp;<\/p>\n<p>&nbsp;<\/p>\n<hr \/>\n<blockquote>\n<h3><\/h3>\n<h3>RIENTRO A SCUOLA, DOLOMITIBUS &#8220;SENZA INTOPPI CON STUDENTI COLLABORATIVI&#8221;<\/h3>\n<\/blockquote>\n<blockquote>\n<h3><em>In autobus: obbligo di indossare mascherine esclusivamente di tipo ffp2<\/em><\/h3>\n<\/blockquote>\n<p><strong><a href=\"https:\/\/www.radiopiu.net\/wordpress\/giornale-radiopiu-18-giugno-2020-direttore-mirko-mezzacasa\/0afabe74-2a63-40e0-89ca-a681c17813f9\/\" rel=\"attachment wp-att-144904\"><img loading=\"lazy\" decoding=\"async\" class=\" wp-image-144904 alignleft\" src=\"https:\/\/www.radiopiu.net\/wordpress\/wp-content\/uploads\/2020\/06\/0afabe74-2a63-40e0-89ca-a681c17813f9-300x225.jpg\" alt=\"\" width=\"223\" height=\"167\" srcset=\"https:\/\/www.radiopiu.net\/wordpress\/wp-content\/uploads\/2020\/06\/0afabe74-2a63-40e0-89ca-a681c17813f9-300x225.jpg 300w, https:\/\/www.radiopiu.net\/wordpress\/wp-content\/uploads\/2020\/06\/0afabe74-2a63-40e0-89ca-a681c17813f9-1024x768.jpg 1024w, https:\/\/www.radiopiu.net\/wordpress\/wp-content\/uploads\/2020\/06\/0afabe74-2a63-40e0-89ca-a681c17813f9-768x576.jpg 768w, https:\/\/www.radiopiu.net\/wordpress\/wp-content\/uploads\/2020\/06\/0afabe74-2a63-40e0-89ca-a681c17813f9-1536x1152.jpg 1536w, https:\/\/www.radiopiu.net\/wordpress\/wp-content\/uploads\/2020\/06\/0afabe74-2a63-40e0-89ca-a681c17813f9.jpg 2048w\" sizes=\"auto, (max-width: 223px) 100vw, 223px\" \/><\/a>BELLUNO<\/strong> Il rientro a scuola dopo le vacanze di Natale non ha incontrato difficolt\u00e0 su bus e pullman. L\u2019azienda locale, tramite personale delegato, ha effettuato le verifiche dei green pass perch\u00e9 da oggi sugli autobus \u00e8 obbligatorio il green pass \u201cRafforzato&#8221; (che si ottiene solo tramite vaccinazione o guarigione).\u00a0 Durante la mattinata, non si sono riscontrate irregolarit\u00e0 da parte degli utenti alle fermate, che sono risultati essere in possesso di certificazioni valide. <em>\u00abNelle attivit\u00e0 di verifica dei green pass abbiamo potuto riscontrare nuovamente, cos\u00ec come in dicembre, un atteggiamento collaborativo da parte degli studenti in attesa, che ha contribuito a evitare assembramenti e, in generale, a che le verifiche si svolgessero ordinatamente e senza incidere sulla regolarit\u00e0 del servizio\u00bb <\/em>fa sapere Dolomitibus.<em> \u00abIl numero degli studenti che hanno utilizzato il servizio stamattina \u00e8 apparso analogo e in linea rispetto a quello registrato prima dell&#8217;inizio delle vacanze\u00bb.<\/em><\/p>\n<blockquote>\n<h3><\/h3>\n<\/blockquote>\n<hr \/>\n<h3><\/h3>\n<blockquote>\n<h3>COVID A SCUOLA, LA FLC PREOCCUPATA PER IL RUOLO DEI DOCENTI<\/h3>\n<\/blockquote>\n<blockquote><p><span id=\"page3R_mcid16\" class=\"markedContent\"><span dir=\"ltr\" role=\"presentation\">L<\/span><span dir=\"ltr\" role=\"presentation\">\u2019<\/span><span dir=\"ltr\" role=\"presentation\">attivit\u00e0 didattica in<\/span> <span dir=\"ltr\" role=\"presentation\">presenza <\/span><span dir=\"ltr\" role=\"presentation\">apre un<\/span><span dir=\"ltr\" role=\"presentation\">o scenario alquanto in<\/span><span dir=\"ltr\" role=\"presentation\">quietante per <\/span><span dir=\"ltr\" role=\"presentation\">il personale della <\/span><span dir=\"ltr\" role=\"presentation\">scuola.<\/span> <span dir=\"ltr\" role=\"presentation\">Gi\u00e0 nella prima giornata di <\/span><span dir=\"ltr\" role=\"presentation\">riapertura<\/span> <span dir=\"ltr\" role=\"presentation\">sono <\/span><span dir=\"ltr\" role=\"presentation\">n<\/span><span dir=\"ltr\" role=\"presentation\">umerose <\/span><span dir=\"ltr\" role=\"presentation\">le segnalazioni<\/span> <span dir=\"ltr\" role=\"presentation\">di criticit\u00e0 e richieste di chiarimenti pervenute<\/span> <span dir=\"ltr\" role=\"presentation\">al<\/span> <span dir=\"ltr\" role=\"presentation\">Sindacato dalle <\/span><br role=\"presentation\" \/><span dir=\"ltr\" role=\"presentation\">scuole della prov<\/span><span dir=\"ltr\" role=\"presentation\">incia<\/span><span dir=\"ltr\" role=\"presentation\">.\u00a0<\/span><\/span><\/p><\/blockquote>\n<p><em><span id=\"page3R_mcid20\" class=\"markedContent\"><span dir=\"ltr\" role=\"presentation\"><a href=\"https:\/\/www.radiopiu.net\/wordpress\/covid-a-scuola-la-flc-preoccupata-per-il-ruolo-dei-docenti\/alessia-cerentin\/\" rel=\"attachment wp-att-253213\"><img loading=\"lazy\" decoding=\"async\" class=\" wp-image-253213 alignleft\" src=\"https:\/\/www.radiopiu.net\/wordpress\/wp-content\/uploads\/2022\/01\/Alessia-Cerentin.jpg\" alt=\"\" width=\"226\" height=\"226\" srcset=\"https:\/\/www.radiopiu.net\/wordpress\/wp-content\/uploads\/2022\/01\/Alessia-Cerentin.jpg 290w, https:\/\/www.radiopiu.net\/wordpress\/wp-content\/uploads\/2022\/01\/Alessia-Cerentin-150x150.jpg 150w\" sizes=\"auto, (max-width: 226px) 100vw, 226px\" \/><\/a>&#8220;Come <\/span><span dir=\"ltr\" role=\"presentation\">FLC\u00a0 &#8211; dice Alessia Cerentin segretaria generale FLC CGIL Belluno (foto)\u00a0 &#8211; siamo preoccupati per quanto sta accadendo in queste ore<\/span> <span dir=\"ltr\" role=\"presentation\">di <\/span><span dir=\"ltr\" role=\"presentation\">diffusione della pandemia<\/span><span dir=\"ltr\" role=\"presentation\">, il <\/span><span dir=\"ltr\" role=\"presentation\">\u00a0Decreto Min<\/span><span dir=\"ltr\" role=\"presentation\">isteriale<\/span> <span dir=\"ltr\" role=\"presentation\">del <\/span><span dir=\"ltr\" role=\"presentation\">7 gennaio <\/span><span dir=\"ltr\" role=\"presentation\">\u00a0non fornisce indicazioni chiare <\/span><span dir=\"ltr\" role=\"presentation\">n\u00e9<\/span> <span dir=\"ltr\" role=\"presentation\">certezza delle procedure<\/span><span dir=\"ltr\" role=\"presentation\">,<\/span> <span dir=\"ltr\" role=\"presentation\">scaricando <\/span><span dir=\"ltr\" role=\"presentation\">di fatto la responsabilit\u00e0<\/span> <span dir=\"ltr\" role=\"presentation\">della gestione scolastica<\/span> <span dir=\"ltr\" role=\"presentation\">su tutt<\/span><span dir=\"ltr\" role=\"presentation\">e<\/span> <span dir=\"ltr\" role=\"presentation\">l<\/span><span dir=\"ltr\" role=\"presentation\">e <\/span> <span dir=\"ltr\" role=\"presentation\">L<\/span><span dir=\"ltr\" role=\"presentation\">avoratrici <\/span> <span dir=\"ltr\" role=\"presentation\">e <\/span> <span dir=\"ltr\" role=\"presentation\">i <\/span><span dir=\"ltr\" role=\"presentation\">Lavoratori <\/span><span dir=\"ltr\" role=\"presentation\">della scuola<\/span> <span dir=\"ltr\" role=\"presentation\">assegnando <\/span><span dir=\"ltr\" role=\"presentation\">in part<\/span><span dir=\"ltr\" role=\"presentation\">i<\/span><span dir=\"ltr\" role=\"presentation\">colare ai<\/span> <span dir=\"ltr\" role=\"presentation\">docenti<\/span> <span dir=\"ltr\" role=\"presentation\">un ruolo <\/span><span dir=\"ltr\" role=\"presentation\">che va ben <\/span><span dir=\"ltr\" role=\"presentation\">o<\/span><span dir=\"ltr\" role=\"presentation\">ltre la didattica&#8221;<\/span><span dir=\"ltr\" role=\"presentation\">. <\/span><\/span><\/em><span id=\"page3R_mcid24\" class=\"markedContent\"><span dir=\"ltr\" role=\"presentation\">Gli insegna<\/span><span dir=\"ltr\" role=\"presentation\">nti<\/span><span dir=\"ltr\" role=\"presentation\">, <\/span><span dir=\"ltr\" role=\"presentation\">assieme<\/span> <span dir=\"ltr\" role=\"presentation\">ai Dirigenti<\/span> <span dir=\"ltr\" role=\"presentation\">e a tutto il personale della scuola<\/span><span dir=\"ltr\" role=\"presentation\">, <\/span><span dir=\"ltr\" role=\"presentation\">si <\/span><span dir=\"ltr\" role=\"presentation\">trova<\/span><span dir=\"ltr\" role=\"presentation\">no<\/span> <span dir=\"ltr\" role=\"presentation\">in una situazione alquanto complessa: <\/span><span dir=\"ltr\" role=\"presentation\">hanno <\/span><span dir=\"ltr\" role=\"presentation\">in primis l<\/span><span dir=\"ltr\" role=\"presentation\">\u2019<\/span><span dir=\"ltr\" role=\"presentation\">onere <\/span><span dir=\"ltr\" role=\"presentation\">di gestire <\/span><span dir=\"ltr\" role=\"presentation\">le <\/span><span dir=\"ltr\" role=\"presentation\">norme igienico sanitarie<\/span><span dir=\"ltr\" role=\"presentation\">,<\/span> <span dir=\"ltr\" role=\"presentation\">dettate dall<\/span><span dir=\"ltr\" role=\"presentation\">\u2019<\/span><span dir=\"ltr\" role=\"presentation\">emergenza da SARS<\/span><span dir=\"ltr\" role=\"presentation\">&#8211;<\/span><span dir=\"ltr\" role=\"presentation\">COV2<\/span><span dir=\"ltr\" role=\"presentation\">,<\/span> <span dir=\"ltr\" role=\"presentation\">per garantire <\/span><span dir=\"ltr\" role=\"presentation\">la vita di comunit\u00e0<\/span> <span dir=\"ltr\" role=\"presentation\">ed il difficile connubio tra lezioni in poresenza e DAD; <\/span><span dir=\"ltr\" role=\"presentation\">c<\/span><span dir=\"ltr\" role=\"presentation\">ontemporaneamente<\/span> <span dir=\"ltr\" role=\"presentation\">devono<\/span> <span dir=\"ltr\" role=\"presentation\">g<\/span><span dir=\"ltr\" role=\"presentation\">estire <\/span> <span dir=\"ltr\" role=\"presentation\">la <\/span> <span dir=\"ltr\" role=\"presentation\">preoccupazione <\/span> <span dir=\"ltr\" role=\"presentation\">per la <\/span> <span dir=\"ltr\" role=\"presentation\">propria salute <\/span><span dir=\"ltr\" role=\"presentation\">opera<\/span><span dir=\"ltr\" role=\"presentation\">ndo<\/span> <span dir=\"ltr\" role=\"presentation\">in<\/span> <span dir=\"ltr\" role=\"presentation\">un ambiente <\/span> <span dir=\"ltr\" role=\"presentation\">con alta probabilit\u00e0 di contaminazione<\/span> <span dir=\"ltr\" role=\"presentation\">e con una <\/span><span dir=\"ltr\" role=\"presentation\">carenza di organico che si prospetta<\/span> <span dir=\"ltr\" role=\"presentation\">via via in aumento.<em> &#8221; <\/em><\/span><\/span><em><span id=\"page3R_mcid28\" class=\"markedContent\"><span dir=\"ltr\" role=\"presentation\">\u00c8<\/span> <span dir=\"ltr\" role=\"presentation\">evidente -continua la Segretaria Cerentin &#8211; <\/span><span dir=\"ltr\" role=\"presentation\">che <\/span><span dir=\"ltr\" role=\"presentation\">in <\/span><span dir=\"ltr\" role=\"presentation\">questa <\/span><span dir=\"ltr\" role=\"presentation\">cornice <\/span><span dir=\"ltr\" role=\"presentation\">il <\/span><span dir=\"ltr\" role=\"presentation\">loro <\/span><span dir=\"ltr\" role=\"presentation\">ruolo <\/span><span dir=\"ltr\" role=\"presentation\">professionale<\/span> <span dir=\"ltr\" role=\"presentation\">della\u00a0 <\/span><span dir=\"ltr\" role=\"presentation\">trasmissione del <\/span><span dir=\"ltr\" role=\"presentation\">Sap<\/span><span dir=\"ltr\" role=\"presentation\">ere e della didattica<\/span> <span dir=\"ltr\" role=\"presentation\">diventa estremamente complicato<\/span> <span dir=\"ltr\" role=\"presentation\">e il <\/span><span dir=\"ltr\" role=\"presentation\">DL <\/span> <span dir=\"ltr\" role=\"presentation\">assieme<\/span> <span dir=\"ltr\" role=\"presentation\">al<\/span><span dir=\"ltr\" role=\"presentation\">le nuove e continue <\/span> <span dir=\"ltr\" role=\"presentation\">N<\/span><span dir=\"ltr\" role=\"presentation\">orme in mutazione lo<\/span> <span dir=\"ltr\" role=\"presentation\">privano <\/span> <span dir=\"ltr\" role=\"presentation\">del reale <\/span><span dir=\"ltr\" role=\"presentation\">significato e valore<\/span><span dir=\"ltr\" role=\"presentation\">,<\/span> <span dir=\"ltr\" role=\"presentation\">sottoponendo i <\/span><span dir=\"ltr\" role=\"presentation\">Collegi <\/span><span dir=\"ltr\" role=\"presentation\">D<\/span><span dir=\"ltr\" role=\"presentation\">ocenti a fare delle scelte che sono <\/span><span dir=\"ltr\" role=\"presentation\">prioritariamente organiz<\/span><span dir=\"ltr\" role=\"presentation\">zative <\/span><span dir=\"ltr\" role=\"presentation\">e<\/span><span dir=\"ltr\" role=\"presentation\">mergenziali<\/span> <span dir=\"ltr\" role=\"presentation\">a scapito <\/span><span dir=\"ltr\" role=\"presentation\">della <\/span><span dir=\"ltr\" role=\"presentation\">loro<\/span> <span dir=\"ltr\" role=\"presentation\">principale <\/span><span dir=\"ltr\" role=\"presentation\">funzione didattico educativa&#8221;. <\/span><\/span><\/em><span id=\"page3R_mcid32\" class=\"markedContent\"><span dir=\"ltr\" role=\"presentation\">La FLC \u00e8 al fianco del personale <\/span> <span dir=\"ltr\" role=\"presentation\">scolastico<\/span> <span dir=\"ltr\" role=\"presentation\">che in questo difficile <\/span><span dir=\"ltr\" role=\"presentation\">momento<\/span> <span dir=\"ltr\" role=\"presentation\">sta gestendo<\/span> <span dir=\"ltr\" role=\"presentation\">con il massimo dell<\/span><span dir=\"ltr\" role=\"presentation\">\u2019<\/span><span dir=\"ltr\" role=\"presentation\">impegno<\/span><span dir=\"ltr\" role=\"presentation\">,<\/span> <span dir=\"ltr\" role=\"presentation\">oltre le proprie competenze <\/span><span dir=\"ltr\" role=\"presentation\">professionali<\/span><span dir=\"ltr\" role=\"presentation\">,<\/span> <span dir=\"ltr\" role=\"presentation\">uno d<\/span><span dir=\"ltr\" role=\"presentation\">ei settori della societ\u00e0 <\/span><span dir=\"ltr\" role=\"presentation\">che necess<\/span><span dir=\"ltr\" role=\"presentation\">it<\/span><span dir=\"ltr\" role=\"presentation\">a<\/span> <span dir=\"ltr\" role=\"presentation\">del sostegno <\/span><span dir=\"ltr\" role=\"presentation\">dell<\/span><span dir=\"ltr\" role=\"presentation\">\u2019<\/span><span dir=\"ltr\" role=\"presentation\">intero <\/span><span dir=\"ltr\" role=\"presentation\">Paese.<\/span><\/span><\/p>\n<p>&nbsp;<\/p>\n<p>&nbsp;<\/p>\n<hr \/>\n<p>&nbsp;<\/p>\n<blockquote>\n<h3>ATTERRAGGIO DI EMERGENZA PER UNA MONGOLFIERA. UNA DONNA FERITA<\/h3>\n<\/blockquote>\n<p><strong>FORNO DI ZOLDO<\/strong> Ieri alle 14:30 circa, i Vigili del Fuoco sono intervenuti in Via Monte Punta a Forno di Zoldo per l\u2019atterraggio di emergenza di una mongolfiera: una donna ferita e tre uomini illesi. La mongolfiera, con 4 persone a bordo di origini danesi, era partita da Innsbruck e per cause tecniche ha perso quota, ha prima sfiorato il tetto di un garage tranciando dei fili elettrici per atterrare duramente nel centro della via. I pompieri arrivati dal locale distaccamento volontario di Zoldo Alto e da Belluno, hanno messo in sicurezza le bombole, mentre la donna ferita \u00e8 stata assistita dal personale del SUEM ed elitrasportata in ospedale. Medicate sul posto le altre tre persone. Le operazioni di soccorso dei Vigili del Fuoco sono terminate dopo circa due ore.<\/p>\n\n\t\t\t<style type='text\/css'>\n\t\t\t\t#gallery-3 {\n\t\t\t\t\tmargin: auto;\n\t\t\t\t}\n\t\t\t\t#gallery-3 .gallery-item {\n\t\t\t\t\tfloat: left;\n\t\t\t\t\tmargin-top: 10px;\n\t\t\t\t\ttext-align: center;\n\t\t\t\t\twidth: 33%;\n\t\t\t\t}\n\t\t\t\t#gallery-3 img {\n\t\t\t\t\tborder: 2px solid #cfcfcf;\n\t\t\t\t}\n\t\t\t\t#gallery-3 .gallery-caption {\n\t\t\t\t\tmargin-left: 0;\n\t\t\t\t}\n\t\t\t\t\/* see gallery_shortcode() in wp-includes\/media.php *\/\n\t\t\t<\/style>\n\t\t<div id='gallery-3' class='dt-gallery-container gallery galleryid-253128 gallery-columns-3 gallery-size-medium'><dl class='gallery-item'>\n\t\t\t\t<dt class='gallery-icon portrait'>\n\t\t\t\t\t<a class=\"rollover rollover-zoom dt-pswp-item\" title=\"bd7d433f-bd29-4493-9e85-87c8b9740fa1\" data-dt-img-description=\"\" data-large_image_width=\"576\" data-large_image_height=\"840\"href='https:\/\/www.radiopiu.net\/wordpress\/wp-content\/uploads\/2022\/01\/bd7d433f-bd29-4493-9e85-87c8b9740fa1.jpg'><img loading=\"lazy\" decoding=\"async\" width=\"206\" height=\"300\" src=\"https:\/\/www.radiopiu.net\/wordpress\/wp-content\/uploads\/2022\/01\/bd7d433f-bd29-4493-9e85-87c8b9740fa1-206x300.jpg\" class=\"attachment-medium size-medium\" alt=\"\" srcset=\"https:\/\/www.radiopiu.net\/wordpress\/wp-content\/uploads\/2022\/01\/bd7d433f-bd29-4493-9e85-87c8b9740fa1-206x300.jpg 206w, https:\/\/www.radiopiu.net\/wordpress\/wp-content\/uploads\/2022\/01\/bd7d433f-bd29-4493-9e85-87c8b9740fa1.jpg 576w\" sizes=\"auto, (max-width: 206px) 100vw, 206px\" \/><\/a>\n\t\t\t\t<\/dt><\/dl><dl class='gallery-item'>\n\t\t\t\t<dt class='gallery-icon landscape'>\n\t\t\t\t\t<a class=\"rollover rollover-zoom dt-pswp-item\" title=\"205e1729-2242-4e1d-ae5c-3dcdbc7d669f\" data-dt-img-description=\"\" data-large_image_width=\"983\" data-large_image_height=\"576\"href='https:\/\/www.radiopiu.net\/wordpress\/wp-content\/uploads\/2022\/01\/205e1729-2242-4e1d-ae5c-3dcdbc7d669f.jpg'><img loading=\"lazy\" decoding=\"async\" width=\"300\" height=\"176\" src=\"https:\/\/www.radiopiu.net\/wordpress\/wp-content\/uploads\/2022\/01\/205e1729-2242-4e1d-ae5c-3dcdbc7d669f-300x176.jpg\" class=\"attachment-medium size-medium\" alt=\"\" srcset=\"https:\/\/www.radiopiu.net\/wordpress\/wp-content\/uploads\/2022\/01\/205e1729-2242-4e1d-ae5c-3dcdbc7d669f-300x176.jpg 300w, https:\/\/www.radiopiu.net\/wordpress\/wp-content\/uploads\/2022\/01\/205e1729-2242-4e1d-ae5c-3dcdbc7d669f-768x450.jpg 768w, https:\/\/www.radiopiu.net\/wordpress\/wp-content\/uploads\/2022\/01\/205e1729-2242-4e1d-ae5c-3dcdbc7d669f.jpg 983w\" sizes=\"auto, (max-width: 300px) 100vw, 300px\" \/><\/a>\n\t\t\t\t<\/dt><\/dl><dl class='gallery-item'>\n\t\t\t\t<dt class='gallery-icon portrait'>\n\t\t\t\t\t<a class=\"rollover rollover-zoom dt-pswp-item\" title=\"49f54509-4975-470d-a706-d41e5d53b3c5\" data-dt-img-description=\"\" data-large_image_width=\"576\" data-large_image_height=\"748\"href='https:\/\/www.radiopiu.net\/wordpress\/wp-content\/uploads\/2022\/01\/49f54509-4975-470d-a706-d41e5d53b3c5.jpg'><img loading=\"lazy\" decoding=\"async\" width=\"231\" height=\"300\" src=\"https:\/\/www.radiopiu.net\/wordpress\/wp-content\/uploads\/2022\/01\/49f54509-4975-470d-a706-d41e5d53b3c5-231x300.jpg\" class=\"attachment-medium size-medium\" alt=\"\" srcset=\"https:\/\/www.radiopiu.net\/wordpress\/wp-content\/uploads\/2022\/01\/49f54509-4975-470d-a706-d41e5d53b3c5-231x300.jpg 231w, https:\/\/www.radiopiu.net\/wordpress\/wp-content\/uploads\/2022\/01\/49f54509-4975-470d-a706-d41e5d53b3c5.jpg 576w\" sizes=\"auto, (max-width: 231px) 100vw, 231px\" \/><\/a>\n\t\t\t\t<\/dt><\/dl><br style=\"clear: both\" \/>\n\t\t\t<\/div>\n\n<p>&nbsp;<\/p>\n<p><strong>IL VIDEO<\/strong><\/p>\n<div style=\"width: 640px;\" class=\"wp-video\"><video class=\"wp-video-shortcode\" id=\"video-253128-1\" width=\"640\" height=\"352\" preload=\"metadata\" controls=\"controls\"><source type=\"video\/mp4\" src=\"https:\/\/www.radiopiu.net\/wordpress\/wp-content\/uploads\/2022\/01\/WhatsApp-Video-2022-01-10-at-17.40.27.mp4?_=1\" \/><a href=\"https:\/\/www.radiopiu.net\/wordpress\/wp-content\/uploads\/2022\/01\/WhatsApp-Video-2022-01-10-at-17.40.27.mp4\">https:\/\/www.radiopiu.net\/wordpress\/wp-content\/uploads\/2022\/01\/WhatsApp-Video-2022-01-10-at-17.40.27.mp4<\/a><\/video><\/div>\n<p>&nbsp;<\/p>\n<p>07 gennaio 2020 il precedente dai notiziari di radio piu<\/p>\n<blockquote class=\"wp-embedded-content\" data-secret=\"vdOy2tDVjR\"><p><a href=\"https:\/\/www.radiopiu.net\/wordpress\/la-mongolfiera-perde-quota-ed-atterra-sul-monte-agudo\/\">LA MONGOLFIERA PERDE QUOTA ED &#8220;ATTERRA&#8221; SUL MONTE AGUDO<\/a><\/p><\/blockquote>\n<p><iframe loading=\"lazy\" class=\"wp-embedded-content\" sandbox=\"allow-scripts\" security=\"restricted\" style=\"position: absolute; clip: rect(1px, 1px, 1px, 1px);\" title=\"&#8220;LA MONGOLFIERA PERDE QUOTA ED &#8220;ATTERRA&#8221; SUL MONTE AGUDO&#8221; &#8212; Radio Pi\u00f9\" src=\"https:\/\/www.radiopiu.net\/wordpress\/la-mongolfiera-perde-quota-ed-atterra-sul-monte-agudo\/embed\/#?secret=vdOy2tDVjR\" data-secret=\"vdOy2tDVjR\" width=\"600\" height=\"338\" frameborder=\"0\" marginwidth=\"0\" marginheight=\"0\" scrolling=\"no\"><\/iframe><\/p>\n<p>&nbsp;<\/p>\n<p>&nbsp;<\/p>\n<hr \/>\n<p>&nbsp;<\/p>\n<blockquote>\n<h3>VIGILI DEL FUOCO AL LAVORO A SANTO STEFANO PER TOGLIERE LA NEVE DAI TETTI<\/h3>\n<\/blockquote>\n<p><strong>SANTO STEFANO DI CADORE<\/strong> Vigili Del Fuoco al lavoro a Santo Stefano di Cadore. Diversi gli interventi eseguiti questa mattina per liberare i tetti da cumuli di neve pericolosa. I pompieri sono intervenuti presso la Chiesa, edifici in piazza Roma, presso le scuole elementari, le ex scuole medie, la biblioteca comunale e sul fabbricato delle superiori.<\/p>\n\n\t\t\t<style type='text\/css'>\n\t\t\t\t#gallery-4 {\n\t\t\t\t\tmargin: auto;\n\t\t\t\t}\n\t\t\t\t#gallery-4 .gallery-item {\n\t\t\t\t\tfloat: left;\n\t\t\t\t\tmargin-top: 10px;\n\t\t\t\t\ttext-align: center;\n\t\t\t\t\twidth: 50%;\n\t\t\t\t}\n\t\t\t\t#gallery-4 img {\n\t\t\t\t\tborder: 2px solid #cfcfcf;\n\t\t\t\t}\n\t\t\t\t#gallery-4 .gallery-caption {\n\t\t\t\t\tmargin-left: 0;\n\t\t\t\t}\n\t\t\t\t\/* see gallery_shortcode() in wp-includes\/media.php *\/\n\t\t\t<\/style>\n\t\t<div id='gallery-4' class='dt-gallery-container gallery galleryid-253128 gallery-columns-2 gallery-size-medium'><dl class='gallery-item'>\n\t\t\t\t<dt class='gallery-icon landscape'>\n\t\t\t\t\t<a class=\"rollover rollover-zoom dt-pswp-item\" title=\"1afe31e9-ea6c-4cae-813a-2e5824d89eff\" data-dt-img-description=\"\" data-large_image_width=\"1280\" data-large_image_height=\"840\"href='https:\/\/www.radiopiu.net\/wordpress\/wp-content\/uploads\/2022\/01\/1afe31e9-ea6c-4cae-813a-2e5824d89eff.jpg'><img loading=\"lazy\" decoding=\"async\" width=\"300\" height=\"197\" src=\"https:\/\/www.radiopiu.net\/wordpress\/wp-content\/uploads\/2022\/01\/1afe31e9-ea6c-4cae-813a-2e5824d89eff-300x197.jpg\" class=\"attachment-medium size-medium\" alt=\"\" srcset=\"https:\/\/www.radiopiu.net\/wordpress\/wp-content\/uploads\/2022\/01\/1afe31e9-ea6c-4cae-813a-2e5824d89eff-300x197.jpg 300w, https:\/\/www.radiopiu.net\/wordpress\/wp-content\/uploads\/2022\/01\/1afe31e9-ea6c-4cae-813a-2e5824d89eff-1024x672.jpg 1024w, https:\/\/www.radiopiu.net\/wordpress\/wp-content\/uploads\/2022\/01\/1afe31e9-ea6c-4cae-813a-2e5824d89eff-768x504.jpg 768w, https:\/\/www.radiopiu.net\/wordpress\/wp-content\/uploads\/2022\/01\/1afe31e9-ea6c-4cae-813a-2e5824d89eff.jpg 1280w\" sizes=\"auto, (max-width: 300px) 100vw, 300px\" \/><\/a>\n\t\t\t\t<\/dt><\/dl><dl class='gallery-item'>\n\t\t\t\t<dt class='gallery-icon landscape'>\n\t\t\t\t\t<a class=\"rollover rollover-zoom dt-pswp-item\" title=\"ada151dc-e5df-4569-a6d1-77967549c962\" data-dt-img-description=\"\" data-large_image_width=\"1280\" data-large_image_height=\"876\"href='https:\/\/www.radiopiu.net\/wordpress\/wp-content\/uploads\/2022\/01\/ada151dc-e5df-4569-a6d1-77967549c962.jpg'><img loading=\"lazy\" decoding=\"async\" width=\"300\" height=\"205\" src=\"https:\/\/www.radiopiu.net\/wordpress\/wp-content\/uploads\/2022\/01\/ada151dc-e5df-4569-a6d1-77967549c962-300x205.jpg\" class=\"attachment-medium size-medium\" alt=\"\" srcset=\"https:\/\/www.radiopiu.net\/wordpress\/wp-content\/uploads\/2022\/01\/ada151dc-e5df-4569-a6d1-77967549c962-300x205.jpg 300w, https:\/\/www.radiopiu.net\/wordpress\/wp-content\/uploads\/2022\/01\/ada151dc-e5df-4569-a6d1-77967549c962-1024x701.jpg 1024w, https:\/\/www.radiopiu.net\/wordpress\/wp-content\/uploads\/2022\/01\/ada151dc-e5df-4569-a6d1-77967549c962-768x526.jpg 768w, https:\/\/www.radiopiu.net\/wordpress\/wp-content\/uploads\/2022\/01\/ada151dc-e5df-4569-a6d1-77967549c962.jpg 1280w\" sizes=\"auto, (max-width: 300px) 100vw, 300px\" \/><\/a>\n\t\t\t\t<\/dt><\/dl><br style=\"clear: both\" \/>\n\t\t\t<\/div>\n\n<p>&nbsp;<\/p>\n<hr \/>\n<p>&nbsp;<\/p>\n<blockquote>\n<h3>UNCEM &#8220;SINDACI NON SPEGNETE I PONTI TELEVISIVI&#8221;<\/h3>\n<\/blockquote>\n<p><strong><a href=\"https:\/\/www.radiopiu.net\/wordpress\/uncem-sindaci-non-spegnete-i-ponti-televisivi\/th-287\/\" rel=\"attachment wp-att-253209\"><img loading=\"lazy\" decoding=\"async\" class=\" wp-image-253209 alignleft\" src=\"https:\/\/www.radiopiu.net\/wordpress\/wp-content\/uploads\/2022\/01\/th-5-300x157.jpg\" alt=\"\" width=\"241\" height=\"126\" srcset=\"https:\/\/www.radiopiu.net\/wordpress\/wp-content\/uploads\/2022\/01\/th-5-300x157.jpg 300w, https:\/\/www.radiopiu.net\/wordpress\/wp-content\/uploads\/2022\/01\/th-5.jpg 378w\" sizes=\"auto, (max-width: 241px) 100vw, 241px\" \/><\/a>ROMA<\/strong> Uncem ha chiesto a tutti gli Enti montani italiani proprietari di impianti per la trasmissione televisiva di bloccare ogni tentativo di spegnimento dei ripetitori, a opera di imprese incaricate dal Ministero dello Sviluppo Economico. I ripetitori TV non si spengono. La mobilitazione \u00e8 necessaria, a tutela dei cittadini residenti nei Comuni montani.<em> &#8220;Intervenga con urgenza il MISE per sostenere gli Enti, Comuni, Comunit\u00e0, Unioni montane, in questo complesso passaggio di frequenze e adattamento tecnologico dei ripetori &#8211; afferma Marco Bussone, Presidente Uncem &#8211; Di certo gli impianti non possono e non devono essere spenti. Faremo resistenza. Perch\u00e9 non accettiamo di fare le spese, come comunit\u00e0 ed Enti locali dei territori, di una non gestione del cambio delle frequenze da parte del Ministero competente. Queste cose non si improvvisano. E vanno guidate, operativamente. Anche d&#8217;intesa con Rai e Inwitt. Uncem chiede da almeno un anno al Mise di intervenire. Nulla \u00e8 stato fatto. Ora il Ministero deve convocarci, in sede tecnica e politica, capire dove sono gli impianti e quante risorse servono per adeguarli. Se non riuscir\u00e0, allora si stanzino risorse per consentire ai cittadini delle aree montane coperti da segnali di ripetitori non Rai o RaiWay, di acquistare la parabola e il decoder e dunque vedere la televisione con il TVSat&#8221;.<\/em><\/p>\n<p>&nbsp;<\/p>\n<p>&nbsp;<\/p>\n<hr \/>\n<p>&nbsp;<\/p>\n<blockquote>\n<h3>AL VIA LA 69^ STAGIONE DEL CIRCOLO CULTURALE BELLUNESE<\/h3>\n<\/blockquote>\n<p><img loading=\"lazy\" decoding=\"async\" class=\"alignleft\" src=\"https:\/\/www.radiopiu.net\/wordpress\/wp-content\/uploads\/2022\/01\/57625ca9-e035-4192-93da-378171d68f40.jpg\" width=\"266\" height=\"150\" \/><strong>BELLUNO<\/strong><\/p>\n<p><strong>DI MORENO GIOLI<\/strong><\/p>\n<audio class=\"wp-audio-shortcode\" id=\"audio-253128-1\" preload=\"none\" style=\"width: 100%;\" controls=\"controls\"><source type=\"audio\/mpeg\" src=\"https:\/\/www.radiopiu.net\/wordpress\/wp-content\/uploads\/2022\/01\/MORENO.mp3?_=1\" \/><a href=\"https:\/\/www.radiopiu.net\/wordpress\/wp-content\/uploads\/2022\/01\/MORENO.mp3\">https:\/\/www.radiopiu.net\/wordpress\/wp-content\/uploads\/2022\/01\/MORENO.mp3<\/a><\/audio>\n<p>&nbsp;<\/p>\n<p>&nbsp;<\/p>\n<hr \/>\n<p>&nbsp;<\/p>\n<blockquote>\n<h3>SANA GOLIARDIA&#8230;.<\/h3>\n<p>La foto in rete, il ritratto futuristico di Daniel Sirena che nei giorni scorsi ci ha\u00a0 raccontato e documentato la situazione della strada di Passo Fedaia, lato Trento e quella degli altri passi alto atesini&#8230;.Dopo il video-reportage la satira con i complimenti agli autori<\/p><\/blockquote>\n<p><a href=\"https:\/\/www.radiopiu.net\/wordpress\/giornale-radiopiu-11-gennaio-2022-direttore-mirko-mezzacasa\/ac7a5a0f-0388-4740-9ce1-09ab4f8bd544\/\" rel=\"attachment wp-att-253333\"><img loading=\"lazy\" decoding=\"async\" class=\"size-medium wp-image-253333 aligncenter\" src=\"https:\/\/www.radiopiu.net\/wordpress\/wp-content\/uploads\/2022\/01\/ac7a5a0f-0388-4740-9ce1-09ab4f8bd544-233x300.jpg\" alt=\"\" width=\"233\" height=\"300\" srcset=\"https:\/\/www.radiopiu.net\/wordpress\/wp-content\/uploads\/2022\/01\/ac7a5a0f-0388-4740-9ce1-09ab4f8bd544-233x300.jpg 233w, https:\/\/www.radiopiu.net\/wordpress\/wp-content\/uploads\/2022\/01\/ac7a5a0f-0388-4740-9ce1-09ab4f8bd544-796x1024.jpg 796w, https:\/\/www.radiopiu.net\/wordpress\/wp-content\/uploads\/2022\/01\/ac7a5a0f-0388-4740-9ce1-09ab4f8bd544-768x988.jpg 768w, https:\/\/www.radiopiu.net\/wordpress\/wp-content\/uploads\/2022\/01\/ac7a5a0f-0388-4740-9ce1-09ab4f8bd544.jpg 1080w\" sizes=\"auto, (max-width: 233px) 100vw, 233px\" \/><\/a><\/p>\n<p>&nbsp;<\/p>\n<blockquote class=\"wp-embedded-content\" data-secret=\"vIbxFShjzk\"><p><a href=\"https:\/\/www.radiopiu.net\/wordpress\/passo-fedaia-aperto-che-e-una-grande-novita-ma-come-e-aperto\/\">PASSO FEDAIA APERTO! CHE E&#8217; UNA GRANDE NOVITA&#8217;&#8230; MA COME E&#8217; APERTO?<\/a><\/p><\/blockquote>\n<p><iframe loading=\"lazy\" class=\"wp-embedded-content\" sandbox=\"allow-scripts\" security=\"restricted\" style=\"position: absolute; clip: rect(1px, 1px, 1px, 1px);\" title=\"&#8220;PASSO FEDAIA APERTO! CHE E&#8217; UNA GRANDE NOVITA&#8217;&#8230; MA COME E&#8217; APERTO?&#8221; &#8212; Radio Pi\u00f9\" src=\"https:\/\/www.radiopiu.net\/wordpress\/passo-fedaia-aperto-che-e-una-grande-novita-ma-come-e-aperto\/embed\/#?secret=vIbxFShjzk\" data-secret=\"vIbxFShjzk\" width=\"600\" height=\"338\" frameborder=\"0\" marginwidth=\"0\" marginheight=\"0\" scrolling=\"no\"><\/iframe><\/p>\n<hr \/>\n<p>&nbsp;<\/p>\n<blockquote>\n<h3>GATTO IN FUGA&#8230; DA CAVIOLA A ROMA E SI CERCA IL PROPRIETARIO. MA ANCHE IN TRENTINO&#8230;.<\/h3>\n<div dir=\"auto\"><em><strong>\u00a0<\/strong><\/em><\/div>\n<div dir=\"auto\"><em><strong>Questo micio pu\u00f2 essere che sia salito nel vano motore di un conoscente che fino a ieri era in vacanza l\u00ec&#8230;. \u00e8 arrivato fino a Roma <\/strong><\/em><em><strong>Qualcuno lo riconosce&#8230;lo ha smarrito? Porta un collarino rosso.\u00a0 Se qualcuno lo riconosce mi contatti\u00a0<\/strong><\/em><\/div>\n<\/blockquote>\n<div dir=\"auto\"><\/div>\n<div dir=\"auto\"><strong>FALCADE<\/strong> Elisa Ciriesi ha lasciato questo messaggio alla pagina facebook Sei di Falcade se&#8230; La storia: \u00a0un gatto ritrovato vivo nel cofano di un&#8217;auto\u00a0 partita per la capitale dopo le feste di Natale da Caviola di Falcade. Durante il viaggio un miagolio e la sopresa dentro il cofano anteriore: un gattino. Ma a chi appartiene l&#8217;animale e come ha fatto a finire l\u00ec dentro? Da qui parte la ricerca sui social.\u00a0 La donna sta facendo girare la notizia sui social, nella speranza che i padroni del gatto si facciano sentire.<\/div>\n<div dir=\"auto\"><\/div>\n<blockquote>\n<div dir=\"auto\">\n<p><strong><span style=\"color: #ff0000;\"><em>LA COSA CURIOSA&#8230; LO STESSO MESSAGGIO COMPARE SU UN&#8217;ALTRA PAGINA FACEBOOK (TRENTINO) CON LE STESSE FOTO,\u00a0 NON PIU&#8217; CAVIOLA MA CASTELNUOVO&#8230;<\/em><\/span><\/strong><\/p>\n<div class=\"dati1w0a hv4rvrfc osnr6wyh\">\n<div class=\"btwxx1t3 j83agx80 cwj9ozl2\">\n<div class=\"j83agx80 cbu4d94t ew0dbk1b irj2b8pg\">\n<div class=\"qzhwtbm6 knvmm38d\">\n<h3 class=\"gmql0nx0 l94mrbxd p1ri9a11 lzcic4wl aahdfvyu hzawbc8m\"><span class=\"nc684nl6\"><a class=\"oajrlxb2 g5ia77u1 qu0x051f esr5mh6w e9989ue4 r7d6kgcz rq0escxv nhd2j8a9 nc684nl6 p7hjln8o kvgmc6g5 cxmmr5t8 oygrvhab hcukyx3x jb3vyjys rz4wbd8a qt6c0cv9 a8nywdso i1ao9s8h esuyzwwr f1sip0of lzcic4wl gpro0wi8 oo9gr5id lrazzd5p\" tabindex=\"0\" role=\"link\" href=\"https:\/\/www.facebook.com\/massimiliano.persiani.7?__cft__[0]=AZVKljDecmBMktgYdlUTRb7HJm3NIg4SJnTm_k1t1z0dnoV68nu37QPEgWCXAJheiqkNGhuVo9HYnE_ym5GbYVVpk6Wq_wxIZuw-1Nviqm8R235xd5EYYKtOOEiEzO9COJpFaTGsWFOyaGMbVqXsl3OYO6yK4xaQOPsLcP8lJl1tOA&amp;__tn__=-UC%2CP-y-R\"><strong>Massimiliano Persiani<\/strong><\/a> <\/span>Attenzione: mio cugino oggi,di ritorno dal Trentino \u00e8 venuto a trovarmi a casa e poi \u00e8 ripartito per tornare a Roma. Arrivato a casa si \u00e8 accorto che nel vano motore c\u2019era questo bellissimo gatto. Se qualcuno a Castelnuovo lo avesse smarrito potete messaggiarmi qui e vi metter\u00f2 in contatto con lui. Aggiungo: il gattino ieri \u00e8 stato portato dal veterinario,non ha il chip e ha circa un anno. Sono stati avvisati anche i carabinieri di Falcade e Castelnuovo Rangone<\/h3>\n<\/div>\n<\/div>\n<\/div>\n<\/div>\n<\/div>\n<\/blockquote>\n<div dir=\"auto\"><\/div>\n<div dir=\"auto\">\n\n\t\t\t<style type='text\/css'>\n\t\t\t\t#gallery-5 {\n\t\t\t\t\tmargin: auto;\n\t\t\t\t}\n\t\t\t\t#gallery-5 .gallery-item {\n\t\t\t\t\tfloat: left;\n\t\t\t\t\tmargin-top: 10px;\n\t\t\t\t\ttext-align: center;\n\t\t\t\t\twidth: 50%;\n\t\t\t\t}\n\t\t\t\t#gallery-5 img {\n\t\t\t\t\tborder: 2px solid #cfcfcf;\n\t\t\t\t}\n\t\t\t\t#gallery-5 .gallery-caption {\n\t\t\t\t\tmargin-left: 0;\n\t\t\t\t}\n\t\t\t\t\/* see gallery_shortcode() in wp-includes\/media.php *\/\n\t\t\t<\/style>\n\t\t<div id='gallery-5' class='dt-gallery-container gallery galleryid-253128 gallery-columns-2 gallery-size-medium'><dl class='gallery-item'>\n\t\t\t\t<dt class='gallery-icon portrait'>\n\t\t\t\t\t<a class=\"rollover rollover-zoom dt-pswp-item\" title=\"271279715_1957983681046395_5859860179969270385_n\" data-dt-img-description=\"\" data-large_image_width=\"450\" data-large_image_height=\"600\"href='https:\/\/www.radiopiu.net\/wordpress\/wp-content\/uploads\/2022\/01\/271279715_1957983681046395_5859860179969270385_n.jpg'><img loading=\"lazy\" decoding=\"async\" width=\"225\" height=\"300\" src=\"https:\/\/www.radiopiu.net\/wordpress\/wp-content\/uploads\/2022\/01\/271279715_1957983681046395_5859860179969270385_n-225x300.jpg\" class=\"attachment-medium size-medium\" alt=\"\" srcset=\"https:\/\/www.radiopiu.net\/wordpress\/wp-content\/uploads\/2022\/01\/271279715_1957983681046395_5859860179969270385_n-225x300.jpg 225w, https:\/\/www.radiopiu.net\/wordpress\/wp-content\/uploads\/2022\/01\/271279715_1957983681046395_5859860179969270385_n.jpg 450w\" sizes=\"auto, (max-width: 225px) 100vw, 225px\" \/><\/a>\n\t\t\t\t<\/dt><\/dl><dl class='gallery-item'>\n\t\t\t\t<dt class='gallery-icon portrait'>\n\t\t\t\t\t<a class=\"rollover rollover-zoom dt-pswp-item\" title=\"271609143_1957983634379733_907473943623508373_n\" data-dt-img-description=\"\" data-large_image_width=\"450\" data-large_image_height=\"600\"href='https:\/\/www.radiopiu.net\/wordpress\/wp-content\/uploads\/2022\/01\/271609143_1957983634379733_907473943623508373_n.jpg'><img loading=\"lazy\" decoding=\"async\" width=\"225\" height=\"300\" src=\"https:\/\/www.radiopiu.net\/wordpress\/wp-content\/uploads\/2022\/01\/271609143_1957983634379733_907473943623508373_n-225x300.jpg\" class=\"attachment-medium size-medium\" alt=\"\" srcset=\"https:\/\/www.radiopiu.net\/wordpress\/wp-content\/uploads\/2022\/01\/271609143_1957983634379733_907473943623508373_n-225x300.jpg 225w, https:\/\/www.radiopiu.net\/wordpress\/wp-content\/uploads\/2022\/01\/271609143_1957983634379733_907473943623508373_n.jpg 450w\" sizes=\"auto, (max-width: 225px) 100vw, 225px\" \/><\/a>\n\t\t\t\t<\/dt><\/dl><br style=\"clear: both\" \/><dl class='gallery-item'>\n\t\t\t\t<dt class='gallery-icon landscape'>\n\t\t\t\t\t<a class=\"rollover rollover-zoom dt-pswp-item\" title=\"75fa5859-3bec-42e4-8158-70a4ad500c71\" data-dt-img-description=\"\" data-large_image_width=\"1920\" data-large_image_height=\"1080\"href='https:\/\/www.radiopiu.net\/wordpress\/wp-content\/uploads\/2022\/01\/75fa5859-3bec-42e4-8158-70a4ad500c71-1.jpg'><img loading=\"lazy\" decoding=\"async\" width=\"300\" height=\"169\" src=\"https:\/\/www.radiopiu.net\/wordpress\/wp-content\/uploads\/2022\/01\/75fa5859-3bec-42e4-8158-70a4ad500c71-1-300x169.jpg\" class=\"attachment-medium size-medium\" alt=\"\" srcset=\"https:\/\/www.radiopiu.net\/wordpress\/wp-content\/uploads\/2022\/01\/75fa5859-3bec-42e4-8158-70a4ad500c71-1-300x169.jpg 300w, https:\/\/www.radiopiu.net\/wordpress\/wp-content\/uploads\/2022\/01\/75fa5859-3bec-42e4-8158-70a4ad500c71-1-1024x576.jpg 1024w, https:\/\/www.radiopiu.net\/wordpress\/wp-content\/uploads\/2022\/01\/75fa5859-3bec-42e4-8158-70a4ad500c71-1-768x432.jpg 768w, https:\/\/www.radiopiu.net\/wordpress\/wp-content\/uploads\/2022\/01\/75fa5859-3bec-42e4-8158-70a4ad500c71-1-1536x864.jpg 1536w, https:\/\/www.radiopiu.net\/wordpress\/wp-content\/uploads\/2022\/01\/75fa5859-3bec-42e4-8158-70a4ad500c71-1.jpg 1920w\" sizes=\"auto, (max-width: 300px) 100vw, 300px\" \/><\/a>\n\t\t\t\t<\/dt><\/dl><dl class='gallery-item'>\n\t\t\t\t<dt class='gallery-icon landscape'>\n\t\t\t\t\t<a class=\"rollover rollover-zoom dt-pswp-item\" title=\"AAAA\" data-dt-img-description=\"\" data-large_image_width=\"1920\" data-large_image_height=\"1080\"href='https:\/\/www.radiopiu.net\/wordpress\/wp-content\/uploads\/2022\/01\/AAAA-1.jpg'><img loading=\"lazy\" decoding=\"async\" width=\"300\" height=\"169\" src=\"https:\/\/www.radiopiu.net\/wordpress\/wp-content\/uploads\/2022\/01\/AAAA-1-300x169.jpg\" class=\"attachment-medium size-medium\" alt=\"\" srcset=\"https:\/\/www.radiopiu.net\/wordpress\/wp-content\/uploads\/2022\/01\/AAAA-1-300x169.jpg 300w, https:\/\/www.radiopiu.net\/wordpress\/wp-content\/uploads\/2022\/01\/AAAA-1-1024x576.jpg 1024w, https:\/\/www.radiopiu.net\/wordpress\/wp-content\/uploads\/2022\/01\/AAAA-1-768x432.jpg 768w, https:\/\/www.radiopiu.net\/wordpress\/wp-content\/uploads\/2022\/01\/AAAA-1-1536x864.jpg 1536w, https:\/\/www.radiopiu.net\/wordpress\/wp-content\/uploads\/2022\/01\/AAAA-1.jpg 1920w\" sizes=\"auto, (max-width: 300px) 100vw, 300px\" \/><\/a>\n\t\t\t\t<\/dt><\/dl><br style=\"clear: both\" \/>\n\t\t\t<\/div>\n\n<p>&nbsp;<\/p>\n<p>&nbsp;<\/p>\n<hr \/>\n<p>&nbsp;<\/p>\n<p>da <a class=\"oajrlxb2 g5ia77u1 qu0x051f esr5mh6w e9989ue4 r7d6kgcz rq0escxv nhd2j8a9 nc684nl6 p7hjln8o kvgmc6g5 cxmmr5t8 oygrvhab hcukyx3x jb3vyjys rz4wbd8a qt6c0cv9 a8nywdso i1ao9s8h esuyzwwr f1sip0of lzcic4wl gpro0wi8 oo9gr5id lrazzd5p\" tabindex=\"0\" role=\"link\" href=\"https:\/\/www.facebook.com\/groups\/696601703717574\/user\/1575141080\/?__cft__[0]=AZUkWABNGmPXIfrt8mKUDZO0lqdJgqsoGDZNehNIt9UpF2N0CSosEuQFfybgzTfd_QZSP8PavcR9h_nlok-UcXw7iBwJC19u8Sqp6pxlHF-SnF7jJD4-XoC0nC0KBpXED2DIuHRcIm013Hnblz12lJQka0udsrgiYRAah0IbxluacyoWpcZ0GcTFOJovmmJoObs&amp;__tn__=-UC%2CP-R\"><strong>Carla Mason<\/strong><\/a>\u00a0 <strong>UN MESSAGGIO PER VALPE AMBIENTE\u00a0<\/strong><\/p>\n<div>\n<div class=\"\" dir=\"auto\">\n<div id=\"jsc_c_ci5\" class=\"ecm0bbzt hv4rvrfc ihqw7lf3 dati1w0a\" data-ad-comet-preview=\"message\" data-ad-preview=\"message\">\n<div class=\"j83agx80 cbu4d94t ew0dbk1b irj2b8pg\">\n<div class=\"qzhwtbm6 knvmm38d\">\n<div class=\"kvgmc6g5 cxmmr5t8 oygrvhab hcukyx3x c1et5uql ii04i59q\">\n<div dir=\"auto\"><strong>Stasera ho inviato questa foto e segnalazione a Valpe. L\u2019idea dell\u2019isola ecologica \u00e8 buona ma credo che la sua gestione debba essere migliorata\u2026.\u00a0<\/strong><\/div>\n<div dir=\"auto\"><\/div>\n<div dir=\"auto\"><a href=\"https:\/\/www.radiopiu.net\/wordpress\/giornale-radiopiu-11-gennaio-2022-direttore-mirko-mezzacasa\/271725889_10224209902706667_1010912019713088768_n\/\" rel=\"attachment wp-att-253352\"><img loading=\"lazy\" decoding=\"async\" class=\"alignnone size-medium wp-image-253352\" src=\"https:\/\/www.radiopiu.net\/wordpress\/wp-content\/uploads\/2022\/01\/271725889_10224209902706667_1010912019713088768_n-300x225.jpg\" alt=\"\" width=\"300\" height=\"225\" srcset=\"https:\/\/www.radiopiu.net\/wordpress\/wp-content\/uploads\/2022\/01\/271725889_10224209902706667_1010912019713088768_n-300x225.jpg 300w, https:\/\/www.radiopiu.net\/wordpress\/wp-content\/uploads\/2022\/01\/271725889_10224209902706667_1010912019713088768_n.jpg 720w\" sizes=\"auto, (max-width: 300px) 100vw, 300px\" \/><\/a><\/div>\n<div dir=\"auto\"><\/div>\n<div dir=\"auto\"><\/div>\n<\/div>\n<\/div>\n<\/div>\n<\/div>\n<\/div>\n<\/div>\n<\/div>\n<p>&nbsp;<\/p>\n<hr \/>\n<p>&nbsp;<\/p>\n<blockquote class=\"wp-embedded-content\" data-secret=\"RdMxRGGYIM\"><p><a href=\"https:\/\/www.radiopiu.net\/wordpress\/aggiornamentonaz2022gen10\/\">CORONAVIRUS: AGGIORNAMENTO NAZIONALE 10 GENNAIO 2022<\/a><\/p><\/blockquote>\n<p><iframe loading=\"lazy\" class=\"wp-embedded-content\" sandbox=\"allow-scripts\" security=\"restricted\" style=\"position: absolute; clip: rect(1px, 1px, 1px, 1px);\" title=\"&#8220;CORONAVIRUS: AGGIORNAMENTO NAZIONALE 10 GENNAIO 2022&#8221; &#8212; Radio Pi\u00f9\" src=\"https:\/\/www.radiopiu.net\/wordpress\/aggiornamentonaz2022gen10\/embed\/#?secret=RdMxRGGYIM\" data-secret=\"RdMxRGGYIM\" width=\"600\" height=\"338\" frameborder=\"0\" marginwidth=\"0\" marginheight=\"0\" scrolling=\"no\"><\/iframe><\/p>\n<p>&nbsp;<\/p>\n<blockquote class=\"wp-embedded-content\" data-secret=\"75FkeGmo5r\"><p><a href=\"https:\/\/www.radiopiu.net\/wordpress\/azero10\/\">ARRETRANO I RICOVERI IN TERAPIA INTENSIVA, +30 IN AREA NON CRITICA E 24 DECESSI PER COVID<\/a><\/p><\/blockquote>\n<p><iframe loading=\"lazy\" class=\"wp-embedded-content\" sandbox=\"allow-scripts\" security=\"restricted\" style=\"position: absolute; clip: rect(1px, 1px, 1px, 1px);\" title=\"&#8220;ARRETRANO I RICOVERI IN TERAPIA INTENSIVA, +30 IN AREA NON CRITICA E 24 DECESSI PER COVID&#8221; &#8212; Radio Pi\u00f9\" src=\"https:\/\/www.radiopiu.net\/wordpress\/azero10\/embed\/#?secret=75FkeGmo5r\" data-secret=\"75FkeGmo5r\" width=\"600\" height=\"338\" frameborder=\"0\" marginwidth=\"0\" marginheight=\"0\" scrolling=\"no\"><\/iframe><\/p>\n<p>&nbsp;<\/p>\n<h2>I GRAFICI DI TIZIANO DE COL<\/h2>\n\n\t\t\t<style type='text\/css'>\n\t\t\t\t#gallery-6 {\n\t\t\t\t\tmargin: auto;\n\t\t\t\t}\n\t\t\t\t#gallery-6 .gallery-item {\n\t\t\t\t\tfloat: left;\n\t\t\t\t\tmargin-top: 10px;\n\t\t\t\t\ttext-align: center;\n\t\t\t\t\twidth: 33%;\n\t\t\t\t}\n\t\t\t\t#gallery-6 img {\n\t\t\t\t\tborder: 2px solid #cfcfcf;\n\t\t\t\t}\n\t\t\t\t#gallery-6 .gallery-caption {\n\t\t\t\t\tmargin-left: 0;\n\t\t\t\t}\n\t\t\t\t\/* see gallery_shortcode() in wp-includes\/media.php *\/\n\t\t\t<\/style>\n\t\t<div id='gallery-6' class='dt-gallery-container gallery galleryid-253128 gallery-columns-3 gallery-size-medium'><dl class='gallery-item'>\n\t\t\t\t<dt class='gallery-icon landscape'>\n\t\t\t\t\t<a class=\"rollover rollover-zoom dt-pswp-item\" title=\"5669a69d-c2da-47e9-96bc-5f5a0b5daa6c\" data-dt-img-description=\"\" data-large_image_width=\"589\" data-large_image_height=\"358\"href='https:\/\/www.radiopiu.net\/wordpress\/wp-content\/uploads\/2022\/01\/5669a69d-c2da-47e9-96bc-5f5a0b5daa6c.jpg'><img loading=\"lazy\" decoding=\"async\" width=\"300\" height=\"182\" src=\"https:\/\/www.radiopiu.net\/wordpress\/wp-content\/uploads\/2022\/01\/5669a69d-c2da-47e9-96bc-5f5a0b5daa6c-300x182.jpg\" class=\"attachment-medium size-medium\" alt=\"\" srcset=\"https:\/\/www.radiopiu.net\/wordpress\/wp-content\/uploads\/2022\/01\/5669a69d-c2da-47e9-96bc-5f5a0b5daa6c-300x182.jpg 300w, https:\/\/www.radiopiu.net\/wordpress\/wp-content\/uploads\/2022\/01\/5669a69d-c2da-47e9-96bc-5f5a0b5daa6c.jpg 589w\" sizes=\"auto, (max-width: 300px) 100vw, 300px\" \/><\/a>\n\t\t\t\t<\/dt><\/dl><dl class='gallery-item'>\n\t\t\t\t<dt class='gallery-icon landscape'>\n\t\t\t\t\t<a class=\"rollover rollover-zoom dt-pswp-item\" title=\"fd8b7bec-e881-4982-9509-5fa9834a70bc\" data-dt-img-description=\"\" data-large_image_width=\"620\" data-large_image_height=\"359\"href='https:\/\/www.radiopiu.net\/wordpress\/wp-content\/uploads\/2022\/01\/fd8b7bec-e881-4982-9509-5fa9834a70bc.jpg'><img loading=\"lazy\" decoding=\"async\" width=\"300\" height=\"174\" src=\"https:\/\/www.radiopiu.net\/wordpress\/wp-content\/uploads\/2022\/01\/fd8b7bec-e881-4982-9509-5fa9834a70bc-300x174.jpg\" class=\"attachment-medium size-medium\" alt=\"\" srcset=\"https:\/\/www.radiopiu.net\/wordpress\/wp-content\/uploads\/2022\/01\/fd8b7bec-e881-4982-9509-5fa9834a70bc-300x174.jpg 300w, https:\/\/www.radiopiu.net\/wordpress\/wp-content\/uploads\/2022\/01\/fd8b7bec-e881-4982-9509-5fa9834a70bc.jpg 620w\" sizes=\"auto, (max-width: 300px) 100vw, 300px\" \/><\/a>\n\t\t\t\t<\/dt><\/dl><dl class='gallery-item'>\n\t\t\t\t<dt class='gallery-icon landscape'>\n\t\t\t\t\t<a class=\"rollover rollover-zoom dt-pswp-item\" title=\"9987c99b-a443-4502-a8d3-afb82ddd08d7\" data-dt-img-description=\"\" data-large_image_width=\"608\" data-large_image_height=\"362\"href='https:\/\/www.radiopiu.net\/wordpress\/wp-content\/uploads\/2022\/01\/9987c99b-a443-4502-a8d3-afb82ddd08d7.jpg'><img loading=\"lazy\" decoding=\"async\" width=\"300\" height=\"179\" src=\"https:\/\/www.radiopiu.net\/wordpress\/wp-content\/uploads\/2022\/01\/9987c99b-a443-4502-a8d3-afb82ddd08d7-300x179.jpg\" class=\"attachment-medium size-medium\" alt=\"\" srcset=\"https:\/\/www.radiopiu.net\/wordpress\/wp-content\/uploads\/2022\/01\/9987c99b-a443-4502-a8d3-afb82ddd08d7-300x179.jpg 300w, https:\/\/www.radiopiu.net\/wordpress\/wp-content\/uploads\/2022\/01\/9987c99b-a443-4502-a8d3-afb82ddd08d7.jpg 608w\" sizes=\"auto, (max-width: 300px) 100vw, 300px\" \/><\/a>\n\t\t\t\t<\/dt><\/dl><br style=\"clear: both\" \/><dl class='gallery-item'>\n\t\t\t\t<dt class='gallery-icon landscape'>\n\t\t\t\t\t<a class=\"rollover rollover-zoom dt-pswp-item\" title=\"bea5bf68-4ae9-4565-a0ea-2ad0ee9e0857\" data-dt-img-description=\"\" data-large_image_width=\"604\" data-large_image_height=\"359\"href='https:\/\/www.radiopiu.net\/wordpress\/wp-content\/uploads\/2022\/01\/bea5bf68-4ae9-4565-a0ea-2ad0ee9e0857.jpg'><img loading=\"lazy\" decoding=\"async\" width=\"300\" height=\"178\" src=\"https:\/\/www.radiopiu.net\/wordpress\/wp-content\/uploads\/2022\/01\/bea5bf68-4ae9-4565-a0ea-2ad0ee9e0857-300x178.jpg\" class=\"attachment-medium size-medium\" alt=\"\" srcset=\"https:\/\/www.radiopiu.net\/wordpress\/wp-content\/uploads\/2022\/01\/bea5bf68-4ae9-4565-a0ea-2ad0ee9e0857-300x178.jpg 300w, https:\/\/www.radiopiu.net\/wordpress\/wp-content\/uploads\/2022\/01\/bea5bf68-4ae9-4565-a0ea-2ad0ee9e0857.jpg 604w\" sizes=\"auto, (max-width: 300px) 100vw, 300px\" \/><\/a>\n\t\t\t\t<\/dt><\/dl><dl class='gallery-item'>\n\t\t\t\t<dt class='gallery-icon landscape'>\n\t\t\t\t\t<a class=\"rollover rollover-zoom dt-pswp-item\" title=\"bf8a2cce-733b-4525-ae0b-1b705234b717\" data-dt-img-description=\"\" data-large_image_width=\"606\" data-large_image_height=\"356\"href='https:\/\/www.radiopiu.net\/wordpress\/wp-content\/uploads\/2022\/01\/bf8a2cce-733b-4525-ae0b-1b705234b717.jpg'><img loading=\"lazy\" decoding=\"async\" width=\"300\" height=\"176\" src=\"https:\/\/www.radiopiu.net\/wordpress\/wp-content\/uploads\/2022\/01\/bf8a2cce-733b-4525-ae0b-1b705234b717-300x176.jpg\" class=\"attachment-medium size-medium\" alt=\"\" srcset=\"https:\/\/www.radiopiu.net\/wordpress\/wp-content\/uploads\/2022\/01\/bf8a2cce-733b-4525-ae0b-1b705234b717-300x176.jpg 300w, https:\/\/www.radiopiu.net\/wordpress\/wp-content\/uploads\/2022\/01\/bf8a2cce-733b-4525-ae0b-1b705234b717.jpg 606w\" sizes=\"auto, (max-width: 300px) 100vw, 300px\" \/><\/a>\n\t\t\t\t<\/dt><\/dl>\n\t\t\t\t<br style='clear: both' \/>\n\t\t\t<\/div>\n\n<p>&nbsp;<\/p>\n<hr \/>\n<p>&nbsp;<\/p>\n<blockquote>\n<h3>TERZA DOSE 12-15 ANNI: APERTE LE PRENOTAZIONI<\/h3>\n<\/blockquote>\n<p><strong>BELLUNO <\/strong>\u00c8 possibile prenotare dal sito <a href=\"http:\/\/www.aulss1.veneto.it\">www.aulss1.veneto.it<\/a> la dose booster di vaccino anti covid anche per i 12-15enni che abbiano completato il ciclo vaccinale primario da almeno 4 mesi (120 giorni).<\/p>\n<p>&nbsp;<\/p>\n<p>&nbsp;<\/p>\n<hr \/>\n<p>&nbsp;<\/p>\n<blockquote>\n<h3>GALLERIA COMELICO, SCOPEL &#8220;IL TEMPO DEL TIRARE A CAMPARE E&#8217; FINITO&#8221;<\/h3>\n<\/blockquote>\n<p><em>\u00a0<\/em><em>&#8220;La Politica bellunese ha un\u2019occasione unica per far vedere la propria capacit\u00e0 di coesione con il supporto dei due ministri bellunesi al governo. Non sprechiamola, altrimenti la storia ci decreter\u00e0 tutti colpevoli&#8221;<\/em><\/p>\n<p>&nbsp;<\/p>\n<p>ALLA RADIO<\/p>\n<audio class=\"wp-audio-shortcode\" id=\"audio-253128-2\" preload=\"none\" style=\"width: 100%;\" controls=\"controls\"><source type=\"audio\/mpeg\" src=\"https:\/\/www.radiopiu.net\/wordpress\/wp-content\/uploads\/2022\/01\/scopel.mp3?_=2\" \/><a href=\"https:\/\/www.radiopiu.net\/wordpress\/wp-content\/uploads\/2022\/01\/scopel.mp3\">https:\/\/www.radiopiu.net\/wordpress\/wp-content\/uploads\/2022\/01\/scopel.mp3<\/a><\/audio>\n<p>&nbsp;<\/p>\n<p><strong><a href=\"https:\/\/www.radiopiu.net\/wordpress\/belluno-la-citta-del-nulla-di-fatto-da-tiziano-alla-pallavolo\/972ec435-fa04-49e8-bf1e-048263cab367\/\" rel=\"attachment wp-att-226219\"><img loading=\"lazy\" decoding=\"async\" class=\"wp-image-226219 alignleft\" src=\"https:\/\/www.radiopiu.net\/wordpress\/wp-content\/uploads\/2021\/08\/972ec435-fa04-49e8-bf1e-048263cab367-300x200.jpg\" alt=\"\" width=\"213\" height=\"142\" srcset=\"https:\/\/www.radiopiu.net\/wordpress\/wp-content\/uploads\/2021\/08\/972ec435-fa04-49e8-bf1e-048263cab367-300x200.jpg 300w, https:\/\/www.radiopiu.net\/wordpress\/wp-content\/uploads\/2021\/08\/972ec435-fa04-49e8-bf1e-048263cab367-768x513.jpg 768w, https:\/\/www.radiopiu.net\/wordpress\/wp-content\/uploads\/2021\/08\/972ec435-fa04-49e8-bf1e-048263cab367.jpg 1024w\" sizes=\"auto, (max-width: 213px) 100vw, 213px\" \/><\/a>BELLUNO<\/strong> Il coordinatore provinciale di Forza Italia Dario Scopel sull\u2019avvio dei lavori alla galleria Comelico, annunciati da ANAS a partire dal prossimo mese di aprile non risparmia una battuta sferzante <em>&#8220;\u00e8 possibile annunciare un intervento cos\u00ec importante per un territorio tanto vasto a pochissimi mesi dall\u2019avvio? Non si poteva, quanto meno, programmare il cantiere con i tempi necessari a istituzioni locali, imprese e famiglie per poter studiare soluzioni alternative e programmare in maniera adeguata quello che si annuncia come un vero e proprio stravolgimento di tragitti, orari e tempi di vita? <\/em>Il piano di chiusure notturne e aperture a senso unico di giorno che dovrebbe protrarsi per almeno due anni (salvo i \u201cconsueti\u201d ritardi) non regge per\u00a0 Scopel.<em> Qui il rischio concreto \u00e8 di assistere ad una lenta e inesorabile agonia della comunit\u00e0 comeliana \u00e8 molto concreto&#8221;. Se necessario si inchiodi senza sconti Anas dinanzi alle proprie responsabilit\u00e0, si attui un pressing asfissiante nei confronti del Ministero. Lo si faccia subito, con il supporto della Regione<\/em><\/p>\n<p>&nbsp;<\/p>\n<p>&nbsp;<\/p>\n<hr \/>\n<p>&nbsp;<\/p>\n<blockquote>\n<h3>BOTTEGHE DI PROSSIMITA&#8217;, IL PENSIERO DELLA LEGA<\/h3>\n<\/blockquote>\n<p><strong><a href=\"https:\/\/www.radiopiu.net\/wordpress\/giornale-radiopiu-21-marzo-2021-direttore-mirko-mezzacasa\/lega-salvini\/\" rel=\"attachment wp-att-198269\"><img loading=\"lazy\" decoding=\"async\" class=\"wp-image-198269 alignleft\" src=\"https:\/\/www.radiopiu.net\/wordpress\/wp-content\/uploads\/2021\/03\/LEGA-SALVINI.png\" alt=\"\" width=\"139\" height=\"139\" srcset=\"https:\/\/www.radiopiu.net\/wordpress\/wp-content\/uploads\/2021\/03\/LEGA-SALVINI.png 262w, https:\/\/www.radiopiu.net\/wordpress\/wp-content\/uploads\/2021\/03\/LEGA-SALVINI-150x150.png 150w\" sizes=\"auto, (max-width: 139px) 100vw, 139px\" \/><\/a>BELLUNO<\/strong> Uno dei quartieri pi\u00f9 popolosi della citt\u00e0, Cavarzano, rester\u00e0 senza supermercato e, da qualche giorno, anche a Salce ha chiuso il negozio di una catena di alimentari. Due botteghe di prossimit\u00e0 hanno abbassato le serrande in pochi giorni. Insomma, il segnale non \u00e8 buono.<\/p>\n<p><strong>PAOLO LUCIANI, SEGRETARIO CITTADINO DELLA LEGA<\/strong><\/p>\n<audio class=\"wp-audio-shortcode\" id=\"audio-253128-3\" preload=\"none\" style=\"width: 100%;\" controls=\"controls\"><source type=\"audio\/mpeg\" src=\"https:\/\/www.radiopiu.net\/wordpress\/wp-content\/uploads\/2022\/01\/Luciani-su-botteghe-di-quartiere.mp3?_=3\" \/><a href=\"https:\/\/www.radiopiu.net\/wordpress\/wp-content\/uploads\/2022\/01\/Luciani-su-botteghe-di-quartiere.mp3\">https:\/\/www.radiopiu.net\/wordpress\/wp-content\/uploads\/2022\/01\/Luciani-su-botteghe-di-quartiere.mp3<\/a><\/audio>\n<p>&nbsp;<\/p>\n<p>&nbsp;<\/p>\n<hr \/>\n<p>&nbsp;<\/p>\n<blockquote>\n<h3>BRUNO GNECH E L&#8217;ARTE DI IMPAGLIARE LE SEDIE<\/h3>\n<\/blockquote>\n<p><strong>RIVAMONTE<\/strong><\/p>\n<p>di Gianni Santomaso<\/p>\n<audio class=\"wp-audio-shortcode\" id=\"audio-253128-4\" preload=\"none\" style=\"width: 100%;\" controls=\"controls\"><source type=\"audio\/mpeg\" src=\"https:\/\/www.radiopiu.net\/wordpress\/wp-content\/uploads\/2022\/01\/GIANNI-SPECIALE-BRUNO-GNECH.mp3?_=4\" \/><a href=\"https:\/\/www.radiopiu.net\/wordpress\/wp-content\/uploads\/2022\/01\/GIANNI-SPECIALE-BRUNO-GNECH.mp3\">https:\/\/www.radiopiu.net\/wordpress\/wp-content\/uploads\/2022\/01\/GIANNI-SPECIALE-BRUNO-GNECH.mp3<\/a><\/audio>\n<p>LA CANZONE ALLA RADIO&#8230; era na olta dei Belumat<\/p>\n<audio class=\"wp-audio-shortcode\" id=\"audio-253128-5\" preload=\"none\" style=\"width: 100%;\" controls=\"controls\"><source type=\"audio\/mpeg\" src=\"https:\/\/www.radiopiu.net\/wordpress\/wp-content\/uploads\/2022\/01\/belumat-ERA-NA-OTA.mp3?_=5\" \/><a href=\"https:\/\/www.radiopiu.net\/wordpress\/wp-content\/uploads\/2022\/01\/belumat-ERA-NA-OTA.mp3\">https:\/\/www.radiopiu.net\/wordpress\/wp-content\/uploads\/2022\/01\/belumat-ERA-NA-OTA.mp3<\/a><\/audio>\n<p>&nbsp;<\/p>\n<p>&nbsp;<\/p>\n\n\t\t\t<style type='text\/css'>\n\t\t\t\t#gallery-7 {\n\t\t\t\t\tmargin: auto;\n\t\t\t\t}\n\t\t\t\t#gallery-7 .gallery-item {\n\t\t\t\t\tfloat: left;\n\t\t\t\t\tmargin-top: 10px;\n\t\t\t\t\ttext-align: center;\n\t\t\t\t\twidth: 50%;\n\t\t\t\t}\n\t\t\t\t#gallery-7 img {\n\t\t\t\t\tborder: 2px solid #cfcfcf;\n\t\t\t\t}\n\t\t\t\t#gallery-7 .gallery-caption {\n\t\t\t\t\tmargin-left: 0;\n\t\t\t\t}\n\t\t\t\t\/* see gallery_shortcode() in wp-includes\/media.php *\/\n\t\t\t<\/style>\n\t\t<div id='gallery-7' class='dt-gallery-container gallery galleryid-253128 gallery-columns-2 gallery-size-thumbnail'><dl class='gallery-item'>\n\t\t\t\t<dt class='gallery-icon portrait'>\n\t\t\t\t\t<a class=\"rollover rollover-zoom dt-pswp-item\" title=\"e8e525a7-f9b0-48f9-a179-d657974bc2fd\" data-dt-img-description=\"\" data-large_image_width=\"930\" data-large_image_height=\"1024\"href='https:\/\/www.radiopiu.net\/wordpress\/wp-content\/uploads\/2022\/01\/e8e525a7-f9b0-48f9-a179-d657974bc2fd.jpg'><img loading=\"lazy\" decoding=\"async\" width=\"150\" height=\"150\" src=\"https:\/\/www.radiopiu.net\/wordpress\/wp-content\/uploads\/2022\/01\/e8e525a7-f9b0-48f9-a179-d657974bc2fd-150x150.jpg\" class=\"attachment-thumbnail size-thumbnail\" alt=\"\" \/><\/a>\n\t\t\t\t<\/dt><\/dl><dl class='gallery-item'>\n\t\t\t\t<dt class='gallery-icon landscape'>\n\t\t\t\t\t<a class=\"rollover rollover-zoom dt-pswp-item\" title=\"92c9a0ea-7046-4581-aca8-57d17e5656a3\" data-dt-img-description=\"\" data-large_image_width=\"2048\" data-large_image_height=\"1154\"href='https:\/\/www.radiopiu.net\/wordpress\/wp-content\/uploads\/2022\/01\/92c9a0ea-7046-4581-aca8-57d17e5656a3.jpg'><img loading=\"lazy\" decoding=\"async\" width=\"150\" height=\"150\" src=\"https:\/\/www.radiopiu.net\/wordpress\/wp-content\/uploads\/2022\/01\/92c9a0ea-7046-4581-aca8-57d17e5656a3-150x150.jpg\" class=\"attachment-thumbnail size-thumbnail\" alt=\"\" \/><\/a>\n\t\t\t\t<\/dt><\/dl><br style=\"clear: both\" \/><dl class='gallery-item'>\n\t\t\t\t<dt class='gallery-icon landscape'>\n\t\t\t\t\t<a class=\"rollover rollover-zoom dt-pswp-item\" title=\"37aa9577-bf96-416d-af88-445a35157dd7\" data-dt-img-description=\"\" data-large_image_width=\"2048\" data-large_image_height=\"1154\"href='https:\/\/www.radiopiu.net\/wordpress\/wp-content\/uploads\/2022\/01\/37aa9577-bf96-416d-af88-445a35157dd7.jpg'><img loading=\"lazy\" decoding=\"async\" width=\"150\" height=\"150\" src=\"https:\/\/www.radiopiu.net\/wordpress\/wp-content\/uploads\/2022\/01\/37aa9577-bf96-416d-af88-445a35157dd7-150x150.jpg\" class=\"attachment-thumbnail size-thumbnail\" alt=\"\" \/><\/a>\n\t\t\t\t<\/dt><\/dl><dl class='gallery-item'>\n\t\t\t\t<dt class='gallery-icon landscape'>\n\t\t\t\t\t<a class=\"rollover rollover-zoom dt-pswp-item\" title=\"c4a751a0-a89e-4865-a302-958ee80003cf\" data-dt-img-description=\"\" data-large_image_width=\"2048\" data-large_image_height=\"1154\"href='https:\/\/www.radiopiu.net\/wordpress\/wp-content\/uploads\/2022\/01\/c4a751a0-a89e-4865-a302-958ee80003cf.jpg'><img loading=\"lazy\" decoding=\"async\" width=\"150\" height=\"150\" src=\"https:\/\/www.radiopiu.net\/wordpress\/wp-content\/uploads\/2022\/01\/c4a751a0-a89e-4865-a302-958ee80003cf-150x150.jpg\" class=\"attachment-thumbnail size-thumbnail\" alt=\"\" \/><\/a>\n\t\t\t\t<\/dt><\/dl><br style=\"clear: both\" \/>\n\t\t\t<\/div>\n\n<p>&nbsp;<\/p>\n<p>&nbsp;<\/p>\n<hr \/>\n<p>&nbsp;<\/p>\n<p>&nbsp;<\/p>\n<blockquote>\n<h3>\u201cALLEGHE. STORIA DI UNA COMUNIT\u00c0\u201d PREZIOSO LIBRO DEL PROF. DON TAMIS<\/h3>\n<\/blockquote>\n<p><strong>di\u00a0 RENATO BONA<\/strong><\/p>\n<p>Praticamente un reperto, prezioso, il libro \u201cAlleghe. Storia di una comunit\u00e0\u201d che l\u2019agordino prof. don Ferdinando Tamis ha dato alle stampe nel gennaio del 1974, vale a dire 48 anni fa, con la bellunese litotipografia Piave (che nei mesi scorsi ha purtroppo cessato l\u2019attivit\u00e0). L\u2019opera, puntualizzava l\u2019autore, era stata finanziata con il ricavato del libro \u201cLa Cattedrale di Belluno\u201d. Nella copertina \u00e8 riprodotta un\u2019immagine di Alleghe, opera di Luciano Piani; le fotografie sono dell\u2019alleghese Gianfranco Riva, gli zinchi della trentina Tridentum. Dopo la presentazione, curata dal lamonese prof. Bortolo Mastel. il libro si articola in tre capitoli: La Cappella, La chiesa, L\u2019Azione pastorale. Mastel esordisce scrivendo che \u201cQuesto vivo libro di Alleghe \u00e8 un altro contributo del sacerdote prof. Ferdinando Tamis alla conoscenza scientifica della vita delle popolazioni alpine, attraverso i tempi\u201d, quel Tamis, cultore di storia, di diritto e scrittore insigne che \u201criservato e modesto, rimanendo ai margini, per la sua esemplarit\u00e0 di sacerdote e studioso, \u00e8 figura caratteristica, nota e stimata\u201d che \u201ccammin\u00f2 con i tempie port\u00f2 alla luce, all\u2019ammirazione la vita, le istituzioni comunitarie e democratiche, le tradizioni, i modi ed i comportamenti degli uomini di ieri, che possono offrire ai giovani, con i quali \u00e8 sempre largo di aiuti, una possibilit\u00e0 di ricerca, un messaggio sicuro di esempio valido, una chiave che apre finestre di sole su questo nostro mondo\u201d. Detto dell\u2019autore, chi ne ha firmato la presentazione scrive anche che: \u201cAlleghe\u201d \u00e8 \u201cun libro di vita comunitaria, sostanziata di idee, di originale cultura e di rapporti; un paradigma pensoso e visivo, uno scorrere semplice e sano di un\u2019affluenza di uomini miranti il terreno e il divino, ma articolato ininterrottamente nell\u2019arco di circa dieci secoli\u201d. Rammenta quindi che \u201cEra l\u2019anno 720 e gi\u00e0 o diaconi stazionari salivano periodicamente a san Simon, per incontrare, benedire e celebrare le sacre funzioni con le genti di Alleghe e Rocca. Poi le chiese-cappelle vedono il potere degli imperatori, la potest\u00e0 dei vescovi-conti, il sorgere dell\u2019arcidiaconato, della parrocchia attuale. Passano gli Ottoni, i Berengari, i Pr\u00ecncipi, i Signori, l\u2019Austria, la Serenissima, Napoleone e la fede resta fruttuosa nelle popolazioni, unico vincolo di unione, di conservazione delle proprie tradizioni, cultura ed autenticit\u00e0\u2026 Ne risulta un \u201ccodice diplomatico scientifico e glossato che, sorprendentemente riscopre e riporta anche importanti aspetti, questioni e scritture di tipografia, di filologia romanza, di linguistica, allo stato nativo\u201d. Viene posto come modello perspicuo ed opportuno, l\u2019Agordino, nel tempo, ma la scelta poteva essere Belluno, come Padova o Roma\u201d. In questo servizio, grazie a Tamis possiamo proporre una interessante notizia, traendo dal capitolo che egli ha dedicato alla Cappella, dove ricorda fra l\u2019altro che \u201cla prima chiesa dell\u2019Alto Agordino fu quella di san Simone del Celentone, che le cronache fanno risalire al 720 dopo Cristo: nei primi tempi serv\u00ec agli abitanti dell\u2019alto e medio Cordevole: quelli di Alleghe raggiungevano la localit\u00e0 attraverso la Forcella di San Tommaso e quelli di Rocca Pietore attraverso la Forcella Pianezza\u201d. E quindi, citando dalla cronaca del \u201cCelentone\u201d, rammenta che il vescovo Abdonio fece una visita con l\u2019intenzione di andare solo in Agordo ma nel ritorno da Rocca Pietore visit\u00f2 anche la chiesa di S. Simone e Giuda apostoli e stabil\u00ec che \u201ctutti quelli abitanti dovessero esser soggetti alla detta Chiesa, anche quelli della Rocca di Pietore, della Val di Gar\u00e9s e di Alleghe e diede ordine al Diacono di Agordo che dovesse mandarvi un Cappellano per tutti i giorni festivi\u201d. Vi si diceva ancora che \u201cIl vescovo di Belluno non aveva alcun potere sopra questi popoli, perch\u00e9 erano soggetti agli imperiali, ma dopo alcuni anni essi diventarono suoi fedeli sudditi: e in realt\u00e0 l\u2019Agordino era sottomesso all\u2019imperatore Berengario primo che, nel 923 ne faceva donazione al vescovo Aimone o Almone, il quale diede principio al vero potere temporale del Vescovato di Belluno, che la cronaca del \u2018Celentone\u2019 attribuisce invece ad Abdonio\u201d<\/p>\n\n\t\t\t<style type='text\/css'>\n\t\t\t\t#gallery-8 {\n\t\t\t\t\tmargin: auto;\n\t\t\t\t}\n\t\t\t\t#gallery-8 .gallery-item {\n\t\t\t\t\tfloat: left;\n\t\t\t\t\tmargin-top: 10px;\n\t\t\t\t\ttext-align: center;\n\t\t\t\t\twidth: 25%;\n\t\t\t\t}\n\t\t\t\t#gallery-8 img {\n\t\t\t\t\tborder: 2px solid #cfcfcf;\n\t\t\t\t}\n\t\t\t\t#gallery-8 .gallery-caption {\n\t\t\t\t\tmargin-left: 0;\n\t\t\t\t}\n\t\t\t\t\/* see gallery_shortcode() in wp-includes\/media.php *\/\n\t\t\t<\/style>\n\t\t<div id='gallery-8' class='dt-gallery-container gallery galleryid-253128 gallery-columns-4 gallery-size-thumbnail'><dl class='gallery-item'>\n\t\t\t\t<dt class='gallery-icon portrait'>\n\t\t\t\t\t<a class=\"rollover rollover-zoom dt-pswp-item\" title=\"271715383_628836444903691_4125316568873816283_n\" data-dt-img-description=\"\" data-large_image_width=\"202\" data-large_image_height=\"206\"href='https:\/\/www.radiopiu.net\/wordpress\/wp-content\/uploads\/2022\/01\/271715383_628836444903691_4125316568873816283_n.jpg'><img loading=\"lazy\" decoding=\"async\" width=\"150\" height=\"150\" src=\"https:\/\/www.radiopiu.net\/wordpress\/wp-content\/uploads\/2022\/01\/271715383_628836444903691_4125316568873816283_n-150x150.jpg\" class=\"attachment-thumbnail size-thumbnail\" alt=\"\" \/><\/a>\n\t\t\t\t<\/dt><\/dl><dl class='gallery-item'>\n\t\t\t\t<dt class='gallery-icon portrait'>\n\t\t\t\t\t<a class=\"rollover rollover-zoom dt-pswp-item\" title=\"271481356_352576892949834_2485067785716304225_n\" data-dt-img-description=\"\" data-large_image_width=\"150\" data-large_image_height=\"206\"href='https:\/\/www.radiopiu.net\/wordpress\/wp-content\/uploads\/2022\/01\/271481356_352576892949834_2485067785716304225_n.jpg'><img loading=\"lazy\" decoding=\"async\" width=\"150\" height=\"150\" src=\"https:\/\/www.radiopiu.net\/wordpress\/wp-content\/uploads\/2022\/01\/271481356_352576892949834_2485067785716304225_n-150x150.jpg\" class=\"attachment-thumbnail size-thumbnail\" alt=\"\" \/><\/a>\n\t\t\t\t<\/dt><\/dl><dl class='gallery-item'>\n\t\t\t\t<dt class='gallery-icon landscape'>\n\t\t\t\t\t<a class=\"rollover rollover-zoom dt-pswp-item\" title=\"270010781_1332601923843689_4507773050343450866_n\" data-dt-img-description=\"\" data-large_image_width=\"150\" data-large_image_height=\"150\"href='https:\/\/www.radiopiu.net\/wordpress\/wp-content\/uploads\/2022\/01\/270010781_1332601923843689_4507773050343450866_n.jpg'><img loading=\"lazy\" decoding=\"async\" width=\"150\" height=\"150\" src=\"https:\/\/www.radiopiu.net\/wordpress\/wp-content\/uploads\/2022\/01\/270010781_1332601923843689_4507773050343450866_n.jpg\" class=\"attachment-thumbnail size-thumbnail\" alt=\"\" \/><\/a>\n\t\t\t\t<\/dt><\/dl><dl class='gallery-item'>\n\t\t\t\t<dt class='gallery-icon portrait'>\n\t\t\t\t\t<a class=\"rollover rollover-zoom dt-pswp-item\" title=\"271546879_918990072140629_1947470636189543092_n\" data-dt-img-description=\"\" data-large_image_width=\"153\" data-large_image_height=\"225\"href='https:\/\/www.radiopiu.net\/wordpress\/wp-content\/uploads\/2022\/01\/271546879_918990072140629_1947470636189543092_n.jpg'><img loading=\"lazy\" decoding=\"async\" width=\"150\" height=\"150\" src=\"https:\/\/www.radiopiu.net\/wordpress\/wp-content\/uploads\/2022\/01\/271546879_918990072140629_1947470636189543092_n-150x150.jpg\" class=\"attachment-thumbnail size-thumbnail\" alt=\"\" \/><\/a>\n\t\t\t\t<\/dt><\/dl><br style=\"clear: both\" \/><dl class='gallery-item'>\n\t\t\t\t<dt class='gallery-icon landscape'>\n\t\t\t\t\t<a class=\"rollover rollover-zoom dt-pswp-item\" title=\"269843928_1072610663537483_5116380742587106062_n\" data-dt-img-description=\"\" data-large_image_width=\"206\" data-large_image_height=\"201\"href='https:\/\/www.radiopiu.net\/wordpress\/wp-content\/uploads\/2022\/01\/269843928_1072610663537483_5116380742587106062_n.jpg'><img loading=\"lazy\" decoding=\"async\" width=\"150\" height=\"150\" src=\"https:\/\/www.radiopiu.net\/wordpress\/wp-content\/uploads\/2022\/01\/269843928_1072610663537483_5116380742587106062_n-150x150.jpg\" class=\"attachment-thumbnail size-thumbnail\" alt=\"\" \/><\/a>\n\t\t\t\t<\/dt><\/dl><dl class='gallery-item'>\n\t\t\t\t<dt class='gallery-icon portrait'>\n\t\t\t\t\t<a class=\"rollover rollover-zoom dt-pswp-item\" title=\"271191467_969084057297836_1371777043770271203_n\" data-dt-img-description=\"\" data-large_image_width=\"154\" data-large_image_height=\"206\"href='https:\/\/www.radiopiu.net\/wordpress\/wp-content\/uploads\/2022\/01\/271191467_969084057297836_1371777043770271203_n.jpg'><img loading=\"lazy\" decoding=\"async\" width=\"150\" height=\"150\" src=\"https:\/\/www.radiopiu.net\/wordpress\/wp-content\/uploads\/2022\/01\/271191467_969084057297836_1371777043770271203_n-150x150.jpg\" class=\"attachment-thumbnail size-thumbnail\" alt=\"\" \/><\/a>\n\t\t\t\t<\/dt><\/dl><dl class='gallery-item'>\n\t\t\t\t<dt class='gallery-icon portrait'>\n\t\t\t\t\t<a class=\"rollover rollover-zoom dt-pswp-item\" title=\"271379254_3149367165347633_5479959075574002350_n\" data-dt-img-description=\"\" data-large_image_width=\"150\" data-large_image_height=\"225\"href='https:\/\/www.radiopiu.net\/wordpress\/wp-content\/uploads\/2022\/01\/271379254_3149367165347633_5479959075574002350_n.jpg'><img loading=\"lazy\" decoding=\"async\" width=\"150\" height=\"150\" src=\"https:\/\/www.radiopiu.net\/wordpress\/wp-content\/uploads\/2022\/01\/271379254_3149367165347633_5479959075574002350_n-150x150.jpg\" class=\"attachment-thumbnail size-thumbnail\" alt=\"\" \/><\/a>\n\t\t\t\t<\/dt><\/dl><dl class='gallery-item'>\n\t\t\t\t<dt class='gallery-icon portrait'>\n\t\t\t\t\t<a class=\"rollover rollover-zoom dt-pswp-item\" title=\"271388487_249140210630373_5100633069876208044_n\" data-dt-img-description=\"\" data-large_image_width=\"159\" data-large_image_height=\"225\"href='https:\/\/www.radiopiu.net\/wordpress\/wp-content\/uploads\/2022\/01\/271388487_249140210630373_5100633069876208044_n.jpg'><img loading=\"lazy\" decoding=\"async\" width=\"150\" height=\"150\" src=\"https:\/\/www.radiopiu.net\/wordpress\/wp-content\/uploads\/2022\/01\/271388487_249140210630373_5100633069876208044_n-150x150.jpg\" class=\"attachment-thumbnail size-thumbnail\" alt=\"\" \/><\/a>\n\t\t\t\t<\/dt><\/dl><br style=\"clear: both\" \/>\n\t\t\t<\/div>\n\n<p>NELLE FOTO (riproduzioni dal libro \u201cAlleghe. Storia di una comunit\u00e0\u201d): la copertina del prezioso volume; l\u2019autore della pubblicazione, prof. don Ferdinando Tamis; il sacerdote agordino disegnato da Dunio; il prete, docente e storico; il pittore Luciano Piani: sua l\u2019opera riprodotta in copertina; lo storico lamonese Bortolo Mastel che ha curato la presentazione del libro di Tamis; Alleghe e il suo lago; la chiesa e il campanile verso la piazza.<\/p>\n<p>&nbsp;<\/p>\n<p>&nbsp;<\/p>\n<hr \/>\n<p>&nbsp;<\/p>\n<blockquote>\n<h3>L&#8217;UNIONE MONTANA FELTRINA APRE DUE BANDI<\/h3>\n<\/blockquote>\n<p><strong>FELTRE<\/strong> Sono due i bandi aperti dall&#8217;Unione Montana Feltrina. \u00c8 indetto un concorso pubblico per l&#8217;assunzione a tempo parziale (25 ore) presso l\u2019area amministrativa e un concorso per l&#8217;assunzione a tempo pieno e indeterminato un Istruttore Direttivo Area Tecnica\u00a0 presso il comune di Fonzaso. Termine di scadenza per la presentazione delle domande il 17 febbraio. Informazioni sul sito istituzionale\u00a0 \u00a0http:\/\/www.feltrino.bl.it\/web\/cmfeltrina nella sezione \u201cBandi di Concorso\u201d.<\/p>\n<p>&nbsp;<\/p>\n<p>&nbsp;<\/p>\n<hr \/>\n<p>&nbsp;<\/p>\n<blockquote>\n<h3>IL CEIS CERCA UN OPERATORE SOCIO SANITARIO A BELLUNO<\/h3>\n<\/blockquote>\n<p><strong>BELLUNO <\/strong>Rinviata al 15 febbraio 2022 la selezione per il corso Operatore Socio Sanitario.\u00a0 L\u2019Operatore Socio Sanitario \u00e8 una figura professionale regolata dalla L.R. n. 20 del 2001, si occupa di soddisfare i bisogni primari di persone in disagio, difficolt\u00e0 e malattia ospiti o in carico a Servizi Socio- Sanitari pubblici e privati. Chi sente e pensa che potrebbe essere la strada professionale giusta, per collocarsi o ricollocarsi lavorativamente pu\u00f2 accedere, previa iscrizione, alla selezione prevista per il 15\/02\/2022 alle ore 8.30, a Belluno presso il Ce.I.S. La selezione \u00e8 obbligatoria per poter iscriversi al corso. Per ogni informazione rivolgersi all\u2019Ente di Formazione di Ce.I.S. al telefono: 0437 950895 \u2013 mail: <a href=\"mailto:info@ceisbelluno.org\">info@ceisbelluno.org<\/a>. Ulteriori informazioni anche su: <a href=\"http:\/\/www.ceisbelluno.org\">www.ceisbelluno.org<\/a><\/p>\n<p>&nbsp;<\/p>\n<p>&nbsp;<\/p>\n<hr \/>\n<p>&nbsp;<\/p>\n<blockquote>\n<h3>IL PROGRAMMA DEL CAI AGORDO E&#8217; ONLINE. IN PROGRAMMA ANCHE UN CORSO DI SCI ALPINISMO<\/h3>\n<\/blockquote>\n<p><strong><a href=\"https:\/\/www.radiopiu.net\/wordpress\/giornale-radiopiu-07-aprile\/cai-agordo-2\/\" rel=\"attachment wp-att-127841\"><img loading=\"lazy\" decoding=\"async\" class=\"size-full wp-image-127841 alignleft\" src=\"https:\/\/www.radiopiu.net\/wordpress\/wp-content\/uploads\/2020\/04\/cai-agordo.jpg\" alt=\"\" width=\"297\" height=\"170\" \/><\/a>AGORDO<\/strong> E&#8217; finalmente in distribuzione il nuovo programma della Sezione Agordina per il 2022. Il formato \u00e8 quello consueto degli ultimi anni e come sempre \u00e8 un programma annuale molto ricco di proposte per escursionisti, scialpinisti e cultori della montagna. Purtroppo la programmazione potrebbe subire delle modifiche a causa della situazione epidemiologica in continua evoluzione ma le attivit\u00e0 saranno effettuate nelle possibilit\u00e0 legate alle direttive sanitarie. Il deplian cartaceo \u00e8 distribuito nei consueti punti della conca agordina e scaricabile dal sito internet della Sezione <a href=\"https:\/\/caiagordo.us13.list-manage.com\/track\/click?u=0d61031440f4a49835ee4347d&amp;id=5042e524cc&amp;e=8f8f2f4739\" target=\"_blank\" rel=\"noopener\">http:\/\/www.caiagordo.it<\/a>\u00a0La Scuola di Alpinismo e Scialpinismo della Sezione Agordina propone il Corso Base di Scialpinismo SA1 rivolto a chi vuole avvicinarsi al mondo delle pelli di foca, acquisendo le nozioni base per poter poi\u00a0 svolgere in sicurezza e autonomamente le escursioni con gli sci in ambiente innevato. La presentazione del corso si terr\u00e0 presso la Sede sociale gioved\u00ec 13 gennaio alle ore 20.30. Al corso sono ammessi 12 allievi.<\/p>\n<p>&nbsp;<\/p>\n<p>&nbsp;<\/p>\n<hr \/>\n<p>&nbsp;<\/p>\n<blockquote>\n<h3>\u00a0A FEBBRAIO LA JUBILEUMSVASAN ANCHE CON WILLIAM DA ROIT<\/h3>\n<\/blockquote>\n<div class=\"kvgmc6g5 cxmmr5t8 oygrvhab hcukyx3x c1et5uql ii04i59q\">\n<div dir=\"auto\"><strong><a href=\"https:\/\/www.radiopiu.net\/wordpress\/giornale-radiopiu-11-gennaio-2022-direttore-mirko-mezzacasa\/271687129_5092413854126295_3229862098094273248_n\/\" rel=\"attachment wp-att-253338\"><img loading=\"lazy\" decoding=\"async\" class=\"wp-image-253338 alignleft\" src=\"https:\/\/www.radiopiu.net\/wordpress\/wp-content\/uploads\/2022\/01\/271687129_5092413854126295_3229862098094273248_n-300x208.jpg\" alt=\"\" width=\"199\" height=\"138\" srcset=\"https:\/\/www.radiopiu.net\/wordpress\/wp-content\/uploads\/2022\/01\/271687129_5092413854126295_3229862098094273248_n-300x208.jpg 300w, https:\/\/www.radiopiu.net\/wordpress\/wp-content\/uploads\/2022\/01\/271687129_5092413854126295_3229862098094273248_n-768x532.jpg 768w, https:\/\/www.radiopiu.net\/wordpress\/wp-content\/uploads\/2022\/01\/271687129_5092413854126295_3229862098094273248_n.jpg 779w\" sizes=\"auto, (max-width: 199px) 100vw, 199px\" \/><\/a>CESIOMAGGIORE<\/strong> Il 12 febbraio si terr\u00e0 la &#8220;Jubileumsvasan&#8221; per i 100 anni della &#8220;Vasaloppet&#8221;, la manifestazione di sci di fondo pi\u00f9 importante al mondo. E&#8217; un percorso di 90km da S\u00e4len a Mora (Svezia) che ricalca la prima edizione storica del 1922. L&#8217;attrezzatura \u00e8 composta solo da scii e abbigliamento storico anni &#8217;20. I partecipanti sono 139 (stesso numero della primissima edizione), di cui 3 italiani, tutti veneti: Ornella Mortagna (Cesiomaggiore &#8211; BL) &#8211; Mauro Vaccari (Cesiomaggiore &#8211; BL) &#8211; Da Roit William (La Valle Agordina &#8211; BL). <span class=\"pq6dq46d tbxw36s4 knj5qynh kvgmc6g5 ditlmg2l oygrvhab nvdbi5me sf5mxxl7 gl3lb2sf hhz5lgdu\"><img loading=\"lazy\" decoding=\"async\" src=\"https:\/\/static.xx.fbcdn.net\/images\/emoji.php\/v9\/t4f\/1\/16\/1f3bf.png\" alt=\"&#x1f3bf;\" width=\"16\" height=\"16\" \/><\/span><\/div>\n<\/div>\n<div class=\"cxmmr5t8 oygrvhab hcukyx3x c1et5uql o9v6fnle ii04i59q\">\n<div dir=\"auto\">Qui sotto trovate alcuni link utili sull&#8217;argomento:<\/div>\n<\/div>\n<div class=\"cxmmr5t8 oygrvhab hcukyx3x c1et5uql o9v6fnle ii04i59q\">\n<div dir=\"auto\"><a class=\"oajrlxb2 g5ia77u1 qu0x051f esr5mh6w e9989ue4 r7d6kgcz rq0escxv nhd2j8a9 nc684nl6 p7hjln8o kvgmc6g5 cxmmr5t8 oygrvhab hcukyx3x jb3vyjys rz4wbd8a qt6c0cv9 a8nywdso i1ao9s8h esuyzwwr f1sip0of lzcic4wl gpro0wi8 py34i1dx\" tabindex=\"0\" role=\"link\" href=\"https:\/\/www.vasaloppet.se\/en\/100years\/jubileumsvasan\/?fbclid=IwAR01dyoedb2jQbWYlCSGvwfj66swlnuiEZowEHk5NPUttbMhHbm5ZeXrM6w\" target=\"_blank\" rel=\"nofollow noopener\">https:\/\/www.vasaloppet.se\/en\/100years\/jubileumsvasan\/<\/a><\/div>\n<\/div>\n<div class=\"cxmmr5t8 oygrvhab hcukyx3x c1et5uql o9v6fnle ii04i59q\">\n<div dir=\"auto\"><a class=\"oajrlxb2 g5ia77u1 qu0x051f esr5mh6w e9989ue4 r7d6kgcz rq0escxv nhd2j8a9 nc684nl6 p7hjln8o kvgmc6g5 cxmmr5t8 oygrvhab hcukyx3x jb3vyjys rz4wbd8a qt6c0cv9 a8nywdso i1ao9s8h esuyzwwr f1sip0of lzcic4wl gpro0wi8 oo9gr5id lrazzd5p\" tabindex=\"0\" role=\"link\" href=\"https:\/\/www.facebook.com\/groups\/337996158078876\/posts\/392853955926429\/?__cft__[0]=AZVSO8A2HYTjhv567w8-mplgXr2o6r0q-7QijYuAhIBLUOb-UcCOCB4ICslMN6p3KQOqpAphhafsfVDp6TmC3QuJhIEBOGafwYdcU9WKJsX-2pKBkBk_b3PTv1Xj-dGNb9HLHnUYwR8JVcaiyMr3-bYg&amp;__tn__=-UK-R\">https:\/\/www.facebook.com\/groups\/337996158078876\/permalink\/392853955926429\/\u00a0<\/a><\/div>\n<div dir=\"auto\"><\/div>\n<\/div>\n<p>&nbsp;<\/p>\n<hr \/>\n<p>&nbsp;<\/p>\n<blockquote>\n<h3>CAMBIANO GLI ORARI DELLA SKI AREA FORCELLA AURINE E DEL RISTOBAR GHEGI<\/h3>\n<\/blockquote>\n<p><strong>GOSALDO\u00a0<\/strong>A Forcella Aurine cambiano gli orari della Ski Area. Gli impianti rimarranno chiusi il luned\u00ec e il marted\u00ec. Negli altri giorni questi gli orari: mercoled\u00ec dalle 13:30 alle 16:30 e dalle 19:30 alle 22. Gioved\u00ec e venerd\u00ec dalle 13:30 alle 16:30 mentre il sabato e la domenica dalle 9 alle 16:30. Cambiano gli orari anche del RistoBar Ghegi con la chiusura settimanale il luned\u00ec. Il marted\u00ec aperto dalle 10:30 alle 16, mercoled\u00ec gioved\u00ec e venerd\u00ec dalle 10:30 alle 22:30 mentre il sabato e la domenica dalle 8:30 alle 18. Serate a tema il mercoled\u00ec con i panini gourmet e il venerd\u00ec con la cena a tema. Ricordiamo che il RISTOBAR GHEGI a mezzogiorno effettuer\u00e0 anche servizio MENSA OPERAI e che per la sera \u00e8 sempre gradita la prenotazione.<\/p>\n\n\t\t\t<style type='text\/css'>\n\t\t\t\t#gallery-9 {\n\t\t\t\t\tmargin: auto;\n\t\t\t\t}\n\t\t\t\t#gallery-9 .gallery-item {\n\t\t\t\t\tfloat: left;\n\t\t\t\t\tmargin-top: 10px;\n\t\t\t\t\ttext-align: center;\n\t\t\t\t\twidth: 50%;\n\t\t\t\t}\n\t\t\t\t#gallery-9 img {\n\t\t\t\t\tborder: 2px solid #cfcfcf;\n\t\t\t\t}\n\t\t\t\t#gallery-9 .gallery-caption {\n\t\t\t\t\tmargin-left: 0;\n\t\t\t\t}\n\t\t\t\t\/* see gallery_shortcode() in wp-includes\/media.php *\/\n\t\t\t<\/style>\n\t\t<div id='gallery-9' class='dt-gallery-container gallery galleryid-253128 gallery-columns-2 gallery-size-medium'><dl class='gallery-item'>\n\t\t\t\t<dt class='gallery-icon portrait'>\n\t\t\t\t\t<a class=\"rollover rollover-zoom dt-pswp-item\" title=\"51c2d9e9-8003-4dd1-9593-7b5bbd20c49a\" data-dt-img-description=\"\" data-large_image_width=\"159\" data-large_image_height=\"225\"href='https:\/\/www.radiopiu.net\/wordpress\/wp-content\/uploads\/2022\/01\/51c2d9e9-8003-4dd1-9593-7b5bbd20c49a.jpg'><img loading=\"lazy\" decoding=\"async\" width=\"159\" height=\"225\" src=\"https:\/\/www.radiopiu.net\/wordpress\/wp-content\/uploads\/2022\/01\/51c2d9e9-8003-4dd1-9593-7b5bbd20c49a.jpg\" class=\"attachment-medium size-medium\" alt=\"\" \/><\/a>\n\t\t\t\t<\/dt><\/dl><dl class='gallery-item'>\n\t\t\t\t<dt class='gallery-icon portrait'>\n\t\t\t\t\t<a class=\"rollover rollover-zoom dt-pswp-item\" title=\"14a1b188-2add-42b9-93ca-18e218662017\" data-dt-img-description=\"\" data-large_image_width=\"159\" data-large_image_height=\"225\"href='https:\/\/www.radiopiu.net\/wordpress\/wp-content\/uploads\/2022\/01\/14a1b188-2add-42b9-93ca-18e218662017.jpg'><img loading=\"lazy\" decoding=\"async\" width=\"159\" height=\"225\" src=\"https:\/\/www.radiopiu.net\/wordpress\/wp-content\/uploads\/2022\/01\/14a1b188-2add-42b9-93ca-18e218662017.jpg\" class=\"attachment-medium size-medium\" alt=\"\" \/><\/a>\n\t\t\t\t<\/dt><\/dl><br style=\"clear: both\" \/>\n\t\t\t<\/div>\n\n<p>&nbsp;<\/p>\n<hr \/>\n<p>&nbsp;<\/p>\n<h2><span style=\"color: #008000;\">OGGI\u00a0 ALLA RADIO\u00a0<\/span><\/h2>\n<h3>ALLE 10.30 E ALLE 19: OSPITE IL GIORNALISTA DI BELLUNO SOSTENE SCHENA, PRESENTA I SUOI LIBRI<\/h3>\n<p>https:\/\/www.facebook.com\/radiopiu\/videos\/662326228253808<\/p>\n<p>&nbsp;<\/p>\n<hr \/>\n<p>&nbsp;<\/p>\n<h2><span style=\"color: #ff0000;\">IERI ALLA RADIO<\/span><\/h2>\n<blockquote>\n<h3>SALUTE E SOCIETA&#8217;, RUBRICA SETTIMANALE DI MEDICINA CON IL DOTTOR MARCO CARACCIOLO<\/h3>\n<\/blockquote>\n<p><a href=\"https:\/\/www.radiopiu.net\/wordpress\/giornale-radiopiu-11-gennaio-2022-direttore-mirko-mezzacasa\/52f568ed-8ce5-49b1-806f-b43e330af196\/\" rel=\"attachment wp-att-253228\"><img loading=\"lazy\" decoding=\"async\" class=\"wp-image-253228 alignleft\" src=\"https:\/\/www.radiopiu.net\/wordpress\/wp-content\/uploads\/2022\/01\/52f568ed-8ce5-49b1-806f-b43e330af196-300x167.jpg\" alt=\"\" width=\"214\" height=\"119\" srcset=\"https:\/\/www.radiopiu.net\/wordpress\/wp-content\/uploads\/2022\/01\/52f568ed-8ce5-49b1-806f-b43e330af196-300x167.jpg 300w, https:\/\/www.radiopiu.net\/wordpress\/wp-content\/uploads\/2022\/01\/52f568ed-8ce5-49b1-806f-b43e330af196-768x427.jpg 768w, https:\/\/www.radiopiu.net\/wordpress\/wp-content\/uploads\/2022\/01\/52f568ed-8ce5-49b1-806f-b43e330af196.jpg 800w\" sizes=\"auto, (max-width: 214px) 100vw, 214px\" \/><\/a>In questo numero: <strong>Emofilia A acquisita <\/strong>A differenza di altre coagulopatie, l\u2019emofilia A acquisita non \u00e8 ereditaria e pu\u00f2 verificarsi in maniera improvvisa nel corso della vita. Si tratta di una patologia grave, non solo per l\u2019incidenza di emorragie gravi, ma anche per l\u2019elevata mortalit\u00e0 <strong>Donne in meta <\/strong>La campagna \u2018Donne in meta\u2019, ha l\u2019obiettivo di offrire \u2013 attraverso il sito www.donneinmeta.it \u2013 un punto di riferimento per corrette informazioni sul carcinoma mammario metastatico triplo negativo<\/p>\n<p><strong>AUDIO\u00a0\u00a0<\/strong><\/p>\n<audio class=\"wp-audio-shortcode\" id=\"audio-253128-6\" preload=\"none\" style=\"width: 100%;\" controls=\"controls\"><source type=\"audio\/mpeg\" src=\"https:\/\/www.radiopiu.net\/wordpress\/wp-content\/uploads\/2022\/01\/SALUTE-1.mp3?_=6\" \/><a href=\"https:\/\/www.radiopiu.net\/wordpress\/wp-content\/uploads\/2022\/01\/SALUTE-1.mp3\">https:\/\/www.radiopiu.net\/wordpress\/wp-content\/uploads\/2022\/01\/SALUTE-1.mp3<\/a><\/audio>\n<p>&nbsp;<\/p>\n<hr \/>\n<p>&nbsp;<\/p>\n<p>&nbsp;<\/p>\n<h2><span style=\"color: #ff0000;\">IERI ALLA RADIO<\/span><\/h2>\n<blockquote>\n<h3>007 IN CONDOTTA, LA SCUOLA&#8230; CON LA PROF. MARIA ROSA SALMAZO<\/h3>\n<p>AUDIO<\/p><\/blockquote>\n<audio class=\"wp-audio-shortcode\" id=\"audio-253128-7\" preload=\"none\" style=\"width: 100%;\" controls=\"controls\"><source type=\"audio\/mpeg\" src=\"https:\/\/www.radiopiu.net\/wordpress\/wp-content\/uploads\/2022\/01\/007-10-gennaio.mp3?_=7\" \/><a href=\"https:\/\/www.radiopiu.net\/wordpress\/wp-content\/uploads\/2022\/01\/007-10-gennaio.mp3\">https:\/\/www.radiopiu.net\/wordpress\/wp-content\/uploads\/2022\/01\/007-10-gennaio.mp3<\/a><\/audio>\n<p>&nbsp;<\/p>\n<p><strong>LA RACCOLTA COMPLETA<\/strong><\/p>\n<blockquote class=\"wp-embedded-content\" data-secret=\"aVE3FC0ri8\"><p><a href=\"https:\/\/www.radiopiu.net\/wordpress\/007incondotta-9\/\">007 in condotta<\/a><\/p><\/blockquote>\n<p><iframe loading=\"lazy\" class=\"wp-embedded-content\" sandbox=\"allow-scripts\" security=\"restricted\" style=\"position: absolute; clip: rect(1px, 1px, 1px, 1px);\" title=\"&#8220;007 in condotta&#8221; &#8212; Radio Pi\u00f9\" src=\"https:\/\/www.radiopiu.net\/wordpress\/007incondotta-9\/embed\/#?secret=aVE3FC0ri8\" data-secret=\"aVE3FC0ri8\" width=\"600\" height=\"338\" frameborder=\"0\" marginwidth=\"0\" marginheight=\"0\" scrolling=\"no\"><\/iframe><\/p>\n<p>&nbsp;<\/p>\n<hr \/>\n<p>&nbsp;<\/p>\n<p>&nbsp;<\/p>\n<blockquote>\n<h3>INVERNO 2022: LO ZERO TERMICO E&#8217;&#8230;.A RADIO PIU&#8217;.<\/h3>\n<p><span style=\"color: #ff0000;\"><em><a href=\"https:\/\/www.radiopiu.net\/wordpress\/giornale-radiopiu-11-gennaio-2022-direttore-mirko-mezzacasa\/sergio-pra-9\/\" rel=\"attachment wp-att-253233\"><img loading=\"lazy\" decoding=\"async\" class=\"wp-image-253233 alignleft\" src=\"https:\/\/www.radiopiu.net\/wordpress\/wp-content\/uploads\/2022\/01\/Sergio-Pra.jpg\" alt=\"\" width=\"122\" height=\"173\" \/><\/a>ZERO TERMICO E&#8217; UN VIAGGIO ALLA SCOPERTA DEL NOSTRO TERRITORIO, DALLA VOCE DEI PROTAGONISTI. TURISMO, SPORT, EVENTI, CULTURA, INTRATTENIMENTO. DAL LUNEDI&#8217; AL VENERDI ALLE 15.10 ALLE 20.30. ZERO TERMICO. UN APPUNTAMENTO IN COLLABORAZIONE CON: SPORT 203. LA NATURALE PORTA D&#8217;INGRESSO&#8230;.VERSO LO ZERO TERMICO. LOCALITA&#8217; LE CAMPE STRADA AGORDO BBELLUNO. ABBIGLIAMENTO E ATTREZZATURA&#8230;.DEDICATI A CHI AMA LA MONTAGNA.<\/em><\/span><\/p><\/blockquote>\n<p><strong>di Claudio Fontanive<\/strong><\/p>\n<p><strong>PUNTATA 01, DEL 10 GENNAIO 2022 OSPITE SERGIO PRA, ALLEGHE FUNIVIE\u00a0<\/strong><\/p>\n<audio class=\"wp-audio-shortcode\" id=\"audio-253128-8\" preload=\"none\" style=\"width: 100%;\" controls=\"controls\"><source type=\"audio\/mpeg\" src=\"https:\/\/www.radiopiu.net\/wordpress\/wp-content\/uploads\/2022\/01\/sergio-pra-10-gennaio.mp3?_=8\" \/><a href=\"https:\/\/www.radiopiu.net\/wordpress\/wp-content\/uploads\/2022\/01\/sergio-pra-10-gennaio.mp3\">https:\/\/www.radiopiu.net\/wordpress\/wp-content\/uploads\/2022\/01\/sergio-pra-10-gennaio.mp3<\/a><\/audio>\n<p>&nbsp;<\/p>\n<p>&nbsp;<\/p>\n<p>&nbsp;<\/p>\n<hr \/>\n<p>&nbsp;<\/p>\n<div>\n<div class=\"b654a4as d2edcug0\">\n<div class=\"rq0escxv hkbzh7o3 jwdofwj8 n8tt0mok r8blr3vg hyh9befq\">\n<p><a class=\"dt-pswp-item\" href=\"https:\/\/www.radiopiu.net\/wordpress\/wp-content\/uploads\/2020\/10\/pp.jpg\" data-dt-img-description=\"\" data-large_image_width=\"640\" data-large_image_height=\"640\"><img loading=\"lazy\" decoding=\"async\" class=\"wp-image-163678 alignleft\" src=\"https:\/\/www.radiopiu.net\/wordpress\/wp-content\/uploads\/2020\/10\/pp-300x300.jpg\" alt=\"\" width=\"106\" height=\"106\" srcset=\"https:\/\/www.radiopiu.net\/wordpress\/wp-content\/uploads\/2020\/10\/pp-300x300.jpg 300w, https:\/\/www.radiopiu.net\/wordpress\/wp-content\/uploads\/2020\/10\/pp-150x150.jpg 150w, https:\/\/www.radiopiu.net\/wordpress\/wp-content\/uploads\/2020\/10\/pp-125x125.jpg 125w, https:\/\/www.radiopiu.net\/wordpress\/wp-content\/uploads\/2020\/10\/pp-200x200.jpg 200w, https:\/\/www.radiopiu.net\/wordpress\/wp-content\/uploads\/2020\/10\/pp-80x80.jpg 80w, https:\/\/www.radiopiu.net\/wordpress\/wp-content\/uploads\/2020\/10\/pp-480x480.jpg 480w, https:\/\/www.radiopiu.net\/wordpress\/wp-content\/uploads\/2020\/10\/pp.jpg 640w\" sizes=\"auto, (max-width: 106px) 100vw, 106px\" \/><\/a><\/p>\n<\/div>\n<\/div>\n<\/div>\n<div>\n<div class=\"page-title-head hgroup\">\n<div class=\"page-title-head hgroup\">\n<div class=\"b654a4as d2edcug0\">\n<div class=\"j83agx80 btwxx1t3 lhclo0ds hop8lmos nkwizq5d scwd0bx6 roh60bw9\">\n<div class=\"rq0escxv hkbzh7o3 jwdofwj8 n8tt0mok r8blr3vg hyh9befq\">\n<div class=\"do00u71z l9j0dhe7 k4urcfbm\">\n<h2><span style=\"color: #000080;\">DON CESARE, IL PENSIERO DEL GIORNO. ALLA RADIO ALLE 7 DEL MATTINO E ALLE 19.30 DELLA SERA.\u00a0\u00a0<\/span><\/h2>\n<\/div>\n<div class=\"do00u71z l9j0dhe7 k4urcfbm\">\n<audio class=\"wp-audio-shortcode\" id=\"audio-253128-9\" preload=\"none\" style=\"width: 100%;\" controls=\"controls\"><source type=\"audio\/mpeg\" src=\"https:\/\/www.radiopiu.net\/wordpress\/wp-content\/uploads\/2022\/01\/CESARE-3.mp3?_=9\" \/><a href=\"https:\/\/www.radiopiu.net\/wordpress\/wp-content\/uploads\/2022\/01\/CESARE-3.mp3\">https:\/\/www.radiopiu.net\/wordpress\/wp-content\/uploads\/2022\/01\/CESARE-3.mp3<\/a><\/audio>\n<p>&nbsp;<\/p>\n<hr \/>\n<p>&nbsp;<\/p>\n<div>\n<div class=\"page-title-head hgroup\">\n<div class=\"page-title-head hgroup\">\n<div class=\"b654a4as d2edcug0\">\n<div class=\"j83agx80 btwxx1t3 lhclo0ds hop8lmos nkwizq5d scwd0bx6 roh60bw9\">\n<div class=\"rq0escxv hkbzh7o3 jwdofwj8 n8tt0mok r8blr3vg hyh9befq\">\n<div class=\"do00u71z l9j0dhe7 k4urcfbm\">\n<div class=\"ecm0bbzt e5nlhep0 a8c37x1j\">\n<div class=\"kvgmc6g5 cxmmr5t8 oygrvhab hcukyx3x c1et5uql\">\n<div class=\"gmail-kvgmc6g5 gmail-cxmmr5t8 gmail-oygrvhab gmail-hcukyx3x gmail-c1et5uql gmail-ii04i59q\">\n<div class=\"page-title-head hgroup\">\n<div class=\"page-title-head hgroup\">\n<div class=\"b654a4as d2edcug0\">\n<div class=\"j83agx80 btwxx1t3 lhclo0ds hop8lmos nkwizq5d scwd0bx6 roh60bw9\">\n<div class=\"rq0escxv hkbzh7o3 jwdofwj8 n8tt0mok r8blr3vg hyh9befq\">\n<div class=\"do00u71z l9j0dhe7 k4urcfbm\">\n<h3 class=\"kvgmc6g5 cxmmr5t8 oygrvhab hcukyx3x c1et5uql\"><span style=\"color: #0000ff;\"><strong>INFORMAZIONE il canale su TELEGRAM informazione di prima mano e in tempo reale. iscriviti ed aiutaci a farlo conoscere\u00a0\u00a0<\/strong><\/span><\/h3>\n<p>&nbsp;<\/p>\n<p>&nbsp;<\/p>\n<hr \/>\n<blockquote>\n<h3><\/h3>\n<h3>IN VIVO VERSO, SETTIMA STAGIONE CON BRUNELLA MORO, DAL LUNEDI AL VENERDI ALLE 7.10, 10.10 E 18.50<\/h3>\n<h3>LE FESTE di FRANCESCO ZANARINI<\/h3>\n<\/blockquote>\n<p><strong>AUDIO<\/strong><\/p>\n<audio class=\"wp-audio-shortcode\" id=\"audio-253128-10\" preload=\"none\" style=\"width: 100%;\" controls=\"controls\"><source type=\"audio\/mpeg\" src=\"https:\/\/www.radiopiu.net\/wordpress\/wp-content\/uploads\/2022\/01\/1-FRANCESCO-ZANARINI-LE-FESTE.mp3?_=10\" \/><a href=\"https:\/\/www.radiopiu.net\/wordpress\/wp-content\/uploads\/2022\/01\/1-FRANCESCO-ZANARINI-LE-FESTE.mp3\">https:\/\/www.radiopiu.net\/wordpress\/wp-content\/uploads\/2022\/01\/1-FRANCESCO-ZANARINI-LE-FESTE.mp3<\/a><\/audio>\n<p>&nbsp;<\/p>\n<p><a href=\"https:\/\/www.radiopiu.net\/wordpress\/le-feste-di-francesco-zanarini\/1-zanarini-rancesco\/\" rel=\"attachment wp-att-253217\"><img loading=\"lazy\" decoding=\"async\" class=\"wp-image-253217 alignleft\" src=\"https:\/\/www.radiopiu.net\/wordpress\/wp-content\/uploads\/2022\/01\/1-ZANARINI-RANCESCO-e1641817125388-300x285.jpg\" alt=\"\" width=\"158\" height=\"150\" srcset=\"https:\/\/www.radiopiu.net\/wordpress\/wp-content\/uploads\/2022\/01\/1-ZANARINI-RANCESCO-e1641817125388-300x285.jpg 300w, https:\/\/www.radiopiu.net\/wordpress\/wp-content\/uploads\/2022\/01\/1-ZANARINI-RANCESCO-e1641817125388.jpg 726w\" sizes=\"auto, (max-width: 158px) 100vw, 158px\" \/><\/a><strong>LE FESTE<\/strong><\/p>\n<p>Finte forse, ma meravigliosa realt\u00e0.<br \/>\nPiena di un loro amore che altrimenti&#8230;<br \/>\nnon avresti.<\/p>\n<p>Non negarlo.<\/p>\n<p>Ama .<br \/>\nGuarda.<br \/>\nRicorda e regala, se puoi.<\/p>\n<p>Ch&#8217;\u00e8 divino, in s\u00e9.<br \/>\nCos&#8217;altro,<br \/>\ndolcifica tutto.<br \/>\nTempo e Vita duran il loro.<\/p>\n<p>&nbsp;<\/p>\n<p><strong>LA RACCOLTA COMPLETA\u00a0 \u00a0<\/strong><\/p>\n<blockquote class=\"wp-embedded-content\" data-secret=\"aaJyglPK39\"><p><a href=\"https:\/\/www.radiopiu.net\/wordpress\/in-vivo-verso\/\">In Vivo Verso<\/a><\/p><\/blockquote>\n<p><iframe loading=\"lazy\" class=\"wp-embedded-content\" sandbox=\"allow-scripts\" security=\"restricted\" style=\"position: absolute; clip: rect(1px, 1px, 1px, 1px);\" title=\"&#8220;In Vivo Verso&#8221; &#8212; Radio Pi\u00f9\" src=\"https:\/\/www.radiopiu.net\/wordpress\/in-vivo-verso\/embed\/#?secret=aaJyglPK39\" data-secret=\"aaJyglPK39\" width=\"600\" height=\"338\" frameborder=\"0\" marginwidth=\"0\" marginheight=\"0\" scrolling=\"no\"><\/iframe><\/p>\n<p>&nbsp;<\/p>\n<p>&nbsp;<\/p>\n<hr \/>\n<p>&nbsp;<\/p>\n<h2><span style=\"color: #808000;\">GOCCE DI FILOSOFIA<\/span><\/h2>\n<p><strong>PUNTATA 111 DEL 10 GENNAIO 2022<\/strong><\/p>\n<audio class=\"wp-audio-shortcode\" id=\"audio-253128-11\" preload=\"none\" style=\"width: 100%;\" controls=\"controls\"><source type=\"audio\/mpeg\" src=\"https:\/\/www.radiopiu.net\/wordpress\/wp-content\/uploads\/2022\/01\/FI1-1.mp3?_=11\" \/><a href=\"https:\/\/www.radiopiu.net\/wordpress\/wp-content\/uploads\/2022\/01\/FI1-1.mp3\">https:\/\/www.radiopiu.net\/wordpress\/wp-content\/uploads\/2022\/01\/FI1-1.mp3<\/a><\/audio>\n<p><strong>\u00a0<\/strong><\/p>\n<p><strong>raccolta completa<\/strong><\/p>\n<blockquote class=\"wp-embedded-content\" data-secret=\"gPEXrbSz8F\"><p><a href=\"https:\/\/www.radiopiu.net\/wordpress\/gocce-filosofia\/\">Gocce di filosofia, PRIMA E SECONDA STAGIONE 2022<\/a><\/p><\/blockquote>\n<p><iframe loading=\"lazy\" class=\"wp-embedded-content\" sandbox=\"allow-scripts\" security=\"restricted\" style=\"position: absolute; clip: rect(1px, 1px, 1px, 1px);\" title=\"&#8220;Gocce di filosofia, PRIMA E SECONDA STAGIONE 2022&#8221; &#8212; Radio Pi\u00f9\" src=\"https:\/\/www.radiopiu.net\/wordpress\/gocce-filosofia\/embed\/#?secret=gPEXrbSz8F\" data-secret=\"gPEXrbSz8F\" width=\"600\" height=\"338\" frameborder=\"0\" marginwidth=\"0\" marginheight=\"0\" scrolling=\"no\"><\/iframe><\/p>\n<p>&nbsp;<\/p>\n<hr \/>\n<p>&nbsp;<\/p>\n<p><span style=\"color: #0000ff;\">MUSICA PIU&#8217;\u00a0<\/span><\/p>\n<p><a href=\"https:\/\/www.radiopiu.net\/wordpress\/giornale-radiopiu-20-settembre-2021-direttore-mirko-mezzacasa\/pp-79\/\" rel=\"attachment wp-att-232921\"><img loading=\"lazy\" decoding=\"async\" class=\"wp-image-232921 alignleft\" src=\"https:\/\/www.radiopiu.net\/wordpress\/wp-content\/uploads\/2021\/09\/pp-1-300x300.jpg\" alt=\"\" width=\"135\" height=\"135\" srcset=\"https:\/\/www.radiopiu.net\/wordpress\/wp-content\/uploads\/2021\/09\/pp-1-300x300.jpg 300w, https:\/\/www.radiopiu.net\/wordpress\/wp-content\/uploads\/2021\/09\/pp-1-150x150.jpg 150w, https:\/\/www.radiopiu.net\/wordpress\/wp-content\/uploads\/2021\/09\/pp-1.jpg 640w\" sizes=\"auto, (max-width: 135px) 100vw, 135px\" \/><\/a><\/p>\n<div class=\"mkdf-post-text\">\n<div class=\"mkdf-post-text-inner\">\n<div class=\"mkdf-post-text-main\">\n<div class=\"mkdf-post-text\">\n<div class=\"mkdf-post-text-inner\">\n<div class=\"mkdf-post-text-main\">\n<div class=\"mkdf-post-text\">\n<div class=\"mkdf-post-text-inner\">\n<div class=\"mkdf-post-text-main\">\n<div class=\"page-title-head hgroup\">\n<div class=\"page-title-head hgroup\">\n<div class=\"mkdf-post-text\">\n<div class=\"mkdf-post-text-inner\">\n<div class=\"mkdf-post-text-main\">\n<div class=\"mkdf-post-text\">\n<div class=\"mkdf-post-text-inner\">\n<div class=\"mkdf-post-text-main\">\n<div class=\"page-title-head hgroup\">\n<div class=\"page-title-head hgroup\">\n<div class=\"page-title-head hgroup\">\n<div class=\"page-title-head hgroup\">\n<div class=\"b654a4as d2edcug0\">\n<div class=\"page-title-head hgroup\">\n<div class=\"page-title-head hgroup\">\n<div class=\"page-title-head hgroup\">\n<div class=\"page-title-head hgroup\">\n<div class=\"b654a4as d2edcug0\">\n<div class=\"page-title-head hgroup\">\n<div class=\"page-title-head hgroup\">\n<div class=\"page-title-head hgroup\">\n<div class=\"page-title-head hgroup\">\n<div class=\"b654a4as d2edcug0\">\n<div class=\"mkdf-post-text\">\n<div class=\"mkdf-post-text-inner\">\n<div class=\"mkdf-post-text-main\">\n<div class=\"mkdf-post-text\">\n<div class=\"mkdf-post-text-inner\">\n<div class=\"mkdf-post-text-main\">\n<div class=\"mkdf-post-text\">\n<div class=\"mkdf-post-text-inner\">\n<div class=\"mkdf-post-text-main\">\n<div class=\"page-title-head hgroup\">\n<div class=\"page-title-head hgroup\">\n<div class=\"mkdf-post-text\">\n<div class=\"mkdf-post-text-inner\">\n<div class=\"mkdf-post-text-main\">\n<div class=\"mkdf-post-text\">\n<div class=\"mkdf-post-text-inner\">\n<div class=\"mkdf-post-text-main\">\n<div class=\"page-title-head hgroup\">\n<div class=\"page-title-head hgroup\">\n<div class=\"page-title-head hgroup\">\n<div class=\"page-title-head hgroup\">\n<div class=\"b654a4as d2edcug0\">\n<div class=\"page-title-head hgroup\">\n<div class=\"page-title-head hgroup\">\n<div class=\"page-title-head hgroup\">\n<div class=\"page-title-head hgroup\">\n<div class=\"b654a4as d2edcug0\">\n<div class=\"page-title-head hgroup\">\n<div class=\"page-title-head hgroup\">\n<div class=\"page-title-head hgroup\">\n<div class=\"page-title-head hgroup\">\n<div class=\"b654a4as d2edcug0\">\n<div><\/div>\n<div><\/div>\n<div>\n<p><strong>MUSICA ALLA RADIO, IL PROGRAMMA DI LORIS SCUSSEL &#8220;COLLAGE OPERAZIONE NOSTALGIA&#8221; DAL LUNEDI AL VENERDI ALLE 16.00\u00a0 E ALLE 23\u00a0<\/strong><\/p>\n<\/div>\n<p><strong>\u00a0<\/strong><\/p>\n<p><strong>PUNTATA 516 DEL 10 GENNAIO<\/strong><\/p>\n<\/div>\n<\/div>\n<\/div>\n<\/div>\n<\/div>\n<\/div>\n<\/div>\n<\/div>\n<\/div>\n<\/div>\n<\/div>\n<\/div>\n<\/div>\n<\/div>\n<\/div>\n<\/div>\n<\/div>\n<\/div>\n<\/div>\n<\/div>\n<\/div>\n<\/div>\n<\/div>\n<\/div>\n<\/div>\n<\/div>\n<\/div>\n<\/div>\n<\/div>\n<\/div>\n<\/div>\n<\/div>\n<\/div>\n<\/div>\n<\/div>\n<\/div>\n<\/div>\n<\/div>\n<\/div>\n<\/div>\n<\/div>\n<\/div>\n<\/div>\n<\/div>\n<\/div>\n<\/div>\n<\/div>\n<\/div>\n<\/div>\n<\/div>\n<\/div>\n<\/div>\n<\/div>\n<\/div>\n<\/div>\n<\/div>\n<\/div>\n<\/div>\n<\/div>\n<\/div>\n<\/div>\n<\/div>\n<\/div>\n<\/div>\n<audio class=\"wp-audio-shortcode\" id=\"audio-253128-12\" preload=\"none\" style=\"width: 100%;\" controls=\"controls\"><source type=\"audio\/mpeg\" src=\"https:\/\/www.radiopiu.net\/wordpress\/wp-content\/uploads\/2022\/01\/Collage-516.mp3?_=12\" \/><a href=\"https:\/\/www.radiopiu.net\/wordpress\/wp-content\/uploads\/2022\/01\/Collage-516.mp3\">https:\/\/www.radiopiu.net\/wordpress\/wp-content\/uploads\/2022\/01\/Collage-516.mp3<\/a><\/audio>\n<p>&nbsp;<\/p>\n<p><strong><a href=\"https:\/\/www.radiopiu.net\/wordpress\/collage-operazione-nostalgia-tra-musica-internazionale-italiana-e-rarita\/tognella-e-alberto\/\" rel=\"attachment wp-att-252982\"><img loading=\"lazy\" decoding=\"async\" class=\" wp-image-252982 alignleft\" src=\"https:\/\/www.radiopiu.net\/wordpress\/wp-content\/uploads\/2022\/01\/Tognella-e-Alberto-225x300.jpg\" alt=\"\" width=\"143\" height=\"190\" srcset=\"https:\/\/www.radiopiu.net\/wordpress\/wp-content\/uploads\/2022\/01\/Tognella-e-Alberto-225x300.jpg 225w, https:\/\/www.radiopiu.net\/wordpress\/wp-content\/uploads\/2022\/01\/Tognella-e-Alberto-768x1024.jpg 768w, https:\/\/www.radiopiu.net\/wordpress\/wp-content\/uploads\/2022\/01\/Tognella-e-Alberto-1152x1536.jpg 1152w, https:\/\/www.radiopiu.net\/wordpress\/wp-content\/uploads\/2022\/01\/Tognella-e-Alberto-1536x2048.jpg 1536w, https:\/\/www.radiopiu.net\/wordpress\/wp-content\/uploads\/2022\/01\/Tognella-e-Alberto-scaled.jpg 1920w\" sizes=\"auto, (max-width: 143px) 100vw, 143px\" \/><\/a>di Loris Scussel<\/strong><\/p>\n<p>La\u00a0 nuova settimana di \u00a0Collage prosegue nella consueta alternanza tra la musica internazionale e quella italiana, in particolare avremo una puntata dedicata al rock progressive inglese ed un\u2019altra dedicata alla musica che vorrebbe farci sorridere un po\u2019 che si aprir\u00e0 con un brano tratto dall\u2019album \u201cSotto il ciel di Lombardia ridendo e cantando\u201d una rarit\u00e0, un disco che mi \u00e8 stato regalato da Giovanna la moglie di Alberto Rossetti che ne \u00e8 il protagonista assieme al \u201cTognella\u201d al secolo Armando Russo attore cabarettista \u00a0che recitava impersonando la macchietta dell&#8217;operaio metallurgico vestito da una tuta da lavoro genericamente blu e con bretelle abbottonate in alto quasi fino alle ascelle e un cappello a visiera posto di traverso e che i nostri ascoltatori ricorderanno tra l\u2019altro nei film \u201cAl bar dello sport\u201d e \u201cPierino il fichissimo\u201d . Il programma andr\u00e0 in onda dal luned\u00ec al venerd\u00ec alle 16,00 e alle 23,00.<\/p>\n<p>&nbsp;<\/p>\n<p>&nbsp;<\/p>\n<hr \/>\n<p>&nbsp;<\/p>\n<p>&nbsp;<\/p>\n<blockquote class=\"wp-embedded-content\" data-secret=\"fN7eisYj6Q\"><p><a href=\"https:\/\/www.radiopiu.net\/wordpress\/freemix-la-liberta-musicale-mixata-da-dj-athos-e-raccontata-da-dj-jack\/\">FREEMIX, LA LIBERTA&#8217; MUSICALE MIXATA DA DJ ATHOS E RACCONTATA DA DJ JACK<\/a><\/p><\/blockquote>\n<p><iframe loading=\"lazy\" class=\"wp-embedded-content\" sandbox=\"allow-scripts\" security=\"restricted\" style=\"position: absolute; clip: rect(1px, 1px, 1px, 1px);\" title=\"&#8220;FREEMIX, LA LIBERTA&#8217; MUSICALE MIXATA DA DJ ATHOS E RACCONTATA DA DJ JACK&#8221; &#8212; Radio Pi\u00f9\" src=\"https:\/\/www.radiopiu.net\/wordpress\/freemix-la-liberta-musicale-mixata-da-dj-athos-e-raccontata-da-dj-jack\/embed\/#?secret=fN7eisYj6Q\" data-secret=\"fN7eisYj6Q\" width=\"600\" height=\"338\" frameborder=\"0\" marginwidth=\"0\" marginheight=\"0\" scrolling=\"no\"><\/iframe><\/p>\n<p>&nbsp;<\/p>\n<blockquote class=\"wp-embedded-content\" data-secret=\"SKVodslLVS\"><p><a href=\"https:\/\/www.radiopiu.net\/wordpress\/da-ieri-alla-radio-in-palinsesto-loris-e-maurizio-con-la-grande-musica\/\">IL BLUES ALLA RADIO &#8230; COME NON L&#8217;AVETE MAI SENTITO PRIMA<\/a><\/p><\/blockquote>\n<p><iframe loading=\"lazy\" class=\"wp-embedded-content\" sandbox=\"allow-scripts\" security=\"restricted\" style=\"position: absolute; clip: rect(1px, 1px, 1px, 1px);\" title=\"&#8220;IL BLUES ALLA RADIO &#8230; COME NON L&#8217;AVETE MAI SENTITO PRIMA&#8221; &#8212; Radio Pi\u00f9\" src=\"https:\/\/www.radiopiu.net\/wordpress\/da-ieri-alla-radio-in-palinsesto-loris-e-maurizio-con-la-grande-musica\/embed\/#?secret=SKVodslLVS\" data-secret=\"SKVodslLVS\" width=\"600\" height=\"338\" frameborder=\"0\" marginwidth=\"0\" marginheight=\"0\" scrolling=\"no\"><\/iframe><\/p>\n<p>&nbsp;<\/p>\n<hr \/>\n<p>&nbsp;<\/p>\n<blockquote>\n<h3><span style=\"color: #0000ff;\">INFORMAZIONE il canale su TELEGRAM informazione di prima mano e in tempo reale. iscriviti ed aiutaci a farlo conoscere\u00a0\u00a0<\/span><\/h3>\n<\/blockquote>\n<div>\n<div class=\"page-title-head hgroup\">\n<div class=\"page-title-head hgroup\">\n<div class=\"page-title-head hgroup\">\n<div class=\"page-title-head hgroup\">\n<div class=\"b654a4as d2edcug0\">\n<div class=\"page-title-head hgroup\">\n<div class=\"page-title-head hgroup\">\n<div class=\"page-title-head hgroup\">\n<div class=\"page-title-head hgroup\">\n<div class=\"b654a4as d2edcug0\">\n<div class=\"page-title-head hgroup\">\n<div class=\"page-title-head hgroup\">\n<div class=\"page-title-head hgroup\">\n<div class=\"page-title-head hgroup\">\n<div class=\"page-title-head hgroup\">\n<div class=\"page-title-head hgroup\">\n<div class=\"page-title-head hgroup\">\n<div class=\"page-title-head hgroup\">\n<div class=\"page-title-head hgroup\">\n<div class=\"b654a4as d2edcug0\">\n<div class=\"page-title-head hgroup\">\n<div class=\"page-title-head hgroup\">\n<div class=\"page-title-head hgroup\">\n<div class=\"page-title-head hgroup\">\n<div class=\"b654a4as d2edcug0\">\n<div>\n<p>&nbsp;<\/p>\n<\/div>\n<div>\n<div class=\"page-title-head hgroup\">\n<div class=\"page-title-head hgroup\">\n<div class=\"page-title-head hgroup\">\n<div class=\"page-title-head hgroup\">\n<div class=\"page-title-head hgroup\">\n<div class=\"b654a4as d2edcug0\">\n<div>\n<hr \/>\n<\/div>\n<\/div>\n<div>\n<div>\n<p>&nbsp;<\/p>\n<\/div>\n<div>\n<div>\n<p>&nbsp;<\/p>\n<\/div>\n<div>\n<div>\n<p><strong>DUE MINUTI UN LIBRO, TUTTI I GIORNI ALLA RADIO ALLE 9.40 E ALLE 17.50<\/strong><\/p>\n<div>\n<div>\n<p><strong>LA RACCOLTA COMPLETA\u00a0\u00a0<\/strong><\/p>\n<\/div>\n<div>\n<blockquote class=\"wp-embedded-content\" data-secret=\"h7mWyDES49\"><p><a href=\"https:\/\/www.radiopiu.net\/wordpress\/due-minuti-un-libro\/\">Due minuti un libro<\/a><\/p><\/blockquote>\n<p><iframe loading=\"lazy\" class=\"wp-embedded-content\" sandbox=\"allow-scripts\" security=\"restricted\" style=\"position: absolute; clip: rect(1px, 1px, 1px, 1px);\" title=\"&#8220;Due minuti un libro&#8221; &#8212; Radio Pi\u00f9\" src=\"https:\/\/www.radiopiu.net\/wordpress\/due-minuti-un-libro\/embed\/#?secret=h7mWyDES49\" data-secret=\"h7mWyDES49\" width=\"600\" height=\"338\" frameborder=\"0\" marginwidth=\"0\" marginheight=\"0\" scrolling=\"no\"><\/iframe><\/p>\n<\/div>\n<\/div>\n<\/div>\n<div class=\"mkdf-post-text\">\n<div class=\"mkdf-post-text-inner\">\n<div class=\"mkdf-post-text-main\">\n<div class=\"mkdf-post-text\">\n<div class=\"mkdf-post-text-inner\">\n<div class=\"mkdf-post-text-main\">\n<div class=\"mkdf-post-text\">\n<div class=\"mkdf-post-text-inner\">\n<div class=\"mkdf-post-text-main\">\n<div class=\"page-title-head hgroup\">\n<div class=\"page-title-head hgroup\">\n<div class=\"mkdf-post-text\">\n<div class=\"mkdf-post-text-inner\">\n<div class=\"mkdf-post-text-main\">\n<div class=\"mkdf-post-text\">\n<div class=\"mkdf-post-text-inner\">\n<div class=\"mkdf-post-text-main\">\n<div class=\"page-title-head hgroup\">\n<div class=\"page-title-head hgroup\">\n<div class=\"page-title-head hgroup\">\n<div class=\"page-title-head hgroup\">\n<div class=\"b654a4as d2edcug0\">\n<div class=\"page-title-head hgroup\">\n<div class=\"page-title-head hgroup\">\n<div class=\"page-title-head hgroup\">\n<div class=\"page-title-head hgroup\">\n<div class=\"b654a4as d2edcug0\">\n<div class=\"page-title-head hgroup\">\n<div class=\"page-title-head hgroup\">\n<div class=\"page-title-head hgroup\">\n<div class=\"page-title-head hgroup\">\n<div class=\"b654a4as d2edcug0\">\n<div>\n<p>&nbsp;<\/p>\n<\/div>\n<div>\n<hr \/>\n<p>&nbsp;<\/p>\n<\/div>\n<h2><span style=\"color: #808000;\">L&#8217;ALMANACCO LADINO\u00a0\u00a0<\/span><\/h2>\n<p><strong>LA RACCOLTA<\/strong><\/p>\n<blockquote class=\"wp-embedded-content\" data-secret=\"uwuRiZqA2Z\"><p><a href=\"https:\/\/www.radiopiu.net\/wordpress\/almanacco-ladino\/\">Almanacco Ladino<\/a><\/p><\/blockquote>\n<p><iframe loading=\"lazy\" class=\"wp-embedded-content\" sandbox=\"allow-scripts\" security=\"restricted\" style=\"position: absolute; clip: rect(1px, 1px, 1px, 1px);\" title=\"&#8220;Almanacco Ladino&#8221; &#8212; Radio Pi\u00f9\" src=\"https:\/\/www.radiopiu.net\/wordpress\/almanacco-ladino\/embed\/#?secret=uwuRiZqA2Z\" data-secret=\"uwuRiZqA2Z\" width=\"600\" height=\"338\" frameborder=\"0\" marginwidth=\"0\" marginheight=\"0\" scrolling=\"no\"><\/iframe><\/p>\n<p>&nbsp;<\/p>\n<hr \/>\n<p>&nbsp;<\/p>\n<h2><span style=\"color: #33cccc;\">LA RASSEGNA STAMPA DA L&#8217;AMICO DEL POPOLO<\/span><\/h2>\n<p><strong><a href=\"https:\/\/www.radiopiu.net\/wordpress\/petizione-per-mantenere-aperto-il-negozio-di-alimentari-a-frassene-raccolte-500-firme-le-considerazioni-di-luigi-paolo-della-lucia\/alimentari-frassene\/\" rel=\"attachment wp-att-252637\"><img loading=\"lazy\" decoding=\"async\" class=\" wp-image-252637 alignleft\" src=\"https:\/\/www.radiopiu.net\/wordpress\/wp-content\/uploads\/2022\/01\/ALIMENTARI-FRASSENE-300x225.jpeg\" alt=\"\" width=\"175\" height=\"131\" srcset=\"https:\/\/www.radiopiu.net\/wordpress\/wp-content\/uploads\/2022\/01\/ALIMENTARI-FRASSENE-300x225.jpeg 300w, https:\/\/www.radiopiu.net\/wordpress\/wp-content\/uploads\/2022\/01\/ALIMENTARI-FRASSENE.jpeg 600w\" sizes=\"auto, (max-width: 175px) 100vw, 175px\" \/><\/a>di Gianni Santomaso<\/strong><\/p>\n<p>OSPITE: Oretta Paternoster<\/p>\n<audio class=\"wp-audio-shortcode\" id=\"audio-253128-13\" preload=\"none\" style=\"width: 100%;\" controls=\"controls\"><source type=\"audio\/mpeg\" src=\"https:\/\/www.radiopiu.net\/wordpress\/wp-content\/uploads\/2022\/01\/RASSEGNA-GIANNI-1.mp3?_=13\" \/><a href=\"https:\/\/www.radiopiu.net\/wordpress\/wp-content\/uploads\/2022\/01\/RASSEGNA-GIANNI-1.mp3\">https:\/\/www.radiopiu.net\/wordpress\/wp-content\/uploads\/2022\/01\/RASSEGNA-GIANNI-1.mp3<\/a><\/audio>\n<p>&nbsp;<\/p>\n<p><strong>LA RACCOLTA COMPLETA<\/strong><\/p>\n<blockquote class=\"wp-embedded-content\" data-secret=\"5ZB6wwNnLB\"><p><a href=\"https:\/\/www.radiopiu.net\/wordpress\/rassegna-stampa-di-gianni-santomaso\/\">Rassegna stampa da l&#8217;amico del popolo &#8211; di Gianni Santomaso<\/a><\/p><\/blockquote>\n<p><iframe loading=\"lazy\" class=\"wp-embedded-content\" sandbox=\"allow-scripts\" security=\"restricted\" style=\"position: absolute; clip: rect(1px, 1px, 1px, 1px);\" title=\"&#8220;Rassegna stampa da l&#8217;amico del popolo &#8211; di Gianni Santomaso&#8221; &#8212; Radio Pi\u00f9\" src=\"https:\/\/www.radiopiu.net\/wordpress\/rassegna-stampa-di-gianni-santomaso\/embed\/#?secret=5ZB6wwNnLB\" data-secret=\"5ZB6wwNnLB\" width=\"600\" height=\"338\" frameborder=\"0\" marginwidth=\"0\" marginheight=\"0\" scrolling=\"no\"><\/iframe><\/p>\n<p>&nbsp;<\/p>\n<hr \/>\n<p>&nbsp;<\/p>\n<h2><span style=\"color: #800080;\">I RACCONTI DI PAOLO SOPPELSA\u00a0<\/span><\/h2>\n<p><strong>LA SERA DEI PAVARUI<\/strong><\/p>\n<p><em><strong>AUDIO<\/strong><\/em><\/p>\n<audio class=\"wp-audio-shortcode\" id=\"audio-253128-14\" preload=\"none\" style=\"width: 100%;\" controls=\"controls\"><source type=\"audio\/mpeg\" src=\"https:\/\/www.radiopiu.net\/wordpress\/wp-content\/uploads\/2022\/01\/PAOLO-SOPPELSA-LA-SERA-DEI-PAVARUI.mp3?_=14\" \/><a href=\"https:\/\/www.radiopiu.net\/wordpress\/wp-content\/uploads\/2022\/01\/PAOLO-SOPPELSA-LA-SERA-DEI-PAVARUI.mp3\">https:\/\/www.radiopiu.net\/wordpress\/wp-content\/uploads\/2022\/01\/PAOLO-SOPPELSA-LA-SERA-DEI-PAVARUI.mp3<\/a><\/audio>\n<p>&nbsp;<\/p>\n<p><a href=\"https:\/\/www.radiopiu.net\/wordpress\/i-racconti-di-paolo-soppelsa-puntata-108\/75318a81-47e8-468e-bf81-326179ca6d59\/\" rel=\"attachment wp-att-253013\"><img loading=\"lazy\" decoding=\"async\" class=\"size-medium wp-image-253013 alignleft\" src=\"https:\/\/www.radiopiu.net\/wordpress\/wp-content\/uploads\/2022\/01\/75318a81-47e8-468e-bf81-326179ca6d59-300x225.jpg\" alt=\"\" width=\"300\" height=\"225\" srcset=\"https:\/\/www.radiopiu.net\/wordpress\/wp-content\/uploads\/2022\/01\/75318a81-47e8-468e-bf81-326179ca6d59-300x225.jpg 300w, https:\/\/www.radiopiu.net\/wordpress\/wp-content\/uploads\/2022\/01\/75318a81-47e8-468e-bf81-326179ca6d59-768x576.jpg 768w, https:\/\/www.radiopiu.net\/wordpress\/wp-content\/uploads\/2022\/01\/75318a81-47e8-468e-bf81-326179ca6d59.jpg 960w\" sizes=\"auto, (max-width: 300px) 100vw, 300px\" \/><\/a>L&#8217;inverno 2005\/2006 fu inverno serio, di quelli vecchio stampo. Uno degli ultimi in cui in Valbelluna nevic\u00f2 come ai tempi d&#8217;oro ed era un sogno passeggiare in una Belluno carica di neve come quando ero bambino. Il 5 gennaio del 2006 c&#8217;era un gran freddo e quel pomeriggio, poco prima che venisse buio, partii insieme pap\u00e0 in direzione Cencenighe. La sera della Befana in Agordino \u00e8 sera speciale: quando c&#8217;\u00e8 neve si pu\u00f2 assistere allo spettacolo dei Pavarui. Sarebbe stato interessante tentare qualche fotografia notturna per immortalare questo evento sempre affascinante. Scintillava la neve alla luce dei fari lungo la 203, l&#8217;asfalto era coperto da lastroni di ghiaccio ed occorreva un p\u00f2 di sana prudenza. Arrivammo a Cencenighe all&#8217;imbrunire. Pap\u00e0 non mi segu\u00ec nel mio reportage fotografico: prefer\u00ec andarsene al caldo, ed in fondo aveva pure ragione. C&#8217;erano 12\u00b0sottozero e pensare di stare oltre un&#8217;ora immobile a scattare foto era idea alquanto malsana. Ma ero giovane e determinato, e pure &#8220;professional&#8221; in quel tardo pomeriggio di gelo; munito di mitica Olympus C-5000 che tante foto ha scattato in montagna e perfino di cavalletto, ero pronto per consegnare ai posteri la fredda edizione dei Pavarui di met\u00e0 anni 2000. Parcheggiai la Sporting a Veronetta e salii fino al terzo tornante della strada che sale a Martin; piazzai perfettamente in bolla il cavalletto, recuperai la batteria della Olympus dalla tasca pi\u00f9 interna della giacca e, come un consumato professionista, scattai le prime foto di prova. &#8220;Cence&#8221; era un sogno di ghiaccio: si spegneva il giorno e si accendevano le luminarie di Natale che facevano luccicare la neve. Ed io, mezzo ibernato, scattavo foto aspettando l&#8217;accendersi dei Pavarui. All&#8217;accensione dei fal\u00f2 Cencenighe si tramut\u00f2 in una sorta di grandioso presepe illuminato. Come di consueto, le torce rosse erano presenti sulle cime che sovrastano il paese. Pensai al freddo che stavo patendo io, che era poco rispetto a quello che sentivano loro lass\u00f9. Ci stavano regalando un grande show, e mentalmente li ringraziai. Quando fu del tutto buio mi spostai sulla Provinciale di San Tomaso, dove faceva ancora pi\u00f9 freddo. Piazzai nuovamente il cavalletto in strada e scattai fino a riempire la memoria della scheda. Che allora la fotografia digitale era ancora un p\u00f2 agli albori e non c&#8217;erano migliaia di scatti a disposizione come oggi. Oppure c&#8217;erano, ma occorreva spendere. Poi i Pavarui si spensero e mezzo congelato e felice recuperai pap\u00e0. Mangiamo un boccone al volo in un bar e poi via verso Alleghe a prendere un&#8217;altra rata di gelo. Destinazione Stadio del Ghiaccio Alvise De Toni. Era ancora in restauro il palaghiaccio, ed ai lati era ancora aperto. Il termometro in Zunaia segnava un bel -14\u00b0 ed era necessario imbacuccarsi per bene. Calzini da montagna al ginocchio, jeans pesanti, canottiera di lana e maglia tecnica, pile, giacca a vento e per terminare, sciarpa guanti e berretto. E pure gli scarponi da montagna. Cos\u00ec, in versione palombari, assistemmo ad un combattuto Alleghe vs Renon con pausa t\u00e8 caldo a 240\u00b0 fra secondo e terzo tempo. Appena prima di perdere la sensibilit\u00e0 degli arti inferiori arriv\u00f2 il suono della sirena, L&#8217;Alleghe aveva vinto e noi, assiderati e felici, uscimmo dall&#8217;Alvise De Toni per riprendere la strada di casa. Il termometro della cabinovia stavolta segnava -16\u00b0, la chiusura centralizzata della Sporting era impazzita e le serrature erano congelate. E menomale che in tasca avevo la provvidenziale bottiglietta di apposito liquido deghiacciante. La cinquina, dopo un paio di rantoli, si mise svogliatamente in moto e partimmo con i vetri ghiacciati all&#8217;interno. Il lago era un blocco di ghiaccio e la strada brillava alla luce dei lampioni. Giunti ad Avoscan ci guardammo, ma nessuno dei due voleva pronunciare la fatidica frase: fui io a parlare per primo &#8220;&#8230;mah\u2026quasi quasi me fermaria a Cence da calche banda a beve valk de caldo\u2026&#8221;. A met\u00e0 frase arriv\u00f2 un perentorio &#8220;&#8230;fermete ala coprativa\u2026&#8221;. E fu l&#8217;unica, sera in anni ed anni di partite, che ci fermammo causa freddo per riscaldarci. Ci rianimammo accanto al termosifone del bar di Via Roma e verso mezzanotte arrivarono &#8220;&#8230;chei dei Pavarui\u2026&#8221; che erano saliti ad accendere i fuochi sulla Cima di Pape. Entarono allegri nel bar, anch&#8217;essi ibernati e felici. Stavolta li ringraziai di persona per il grande show che ci avevano donato mentre tentavano di riscaldarsi a suon di brul\u00e8. Dopo una mezz&#8217;oretta ripartimmo verso la piccola citt\u00e0 con il riscaldamento della macchina che diede i primi cenni di vita solo nei pressi di La Stanga. Ritrovammo una Belluno immersa nel sonno e ricoperta da tanta neve. Ed anche se i gradi erano -10\u00b0 pareva caldo. Andava cos\u00ec in quegli inverni divertenti. Inverni di neve, di ghiaccio e di hockey. E, per una sera all&#8217;anno, anche di Pavarui\u2026Magiche Dolomiti!!<\/p>\n<p><strong>LA RACCOLTA COMPLETA<\/strong><\/p>\n<blockquote class=\"wp-embedded-content\" data-secret=\"GUdA5Kim2h\"><p><a href=\"https:\/\/www.radiopiu.net\/wordpress\/i-racconti-di-paolo-soppelsa\/\">I racconti di Paolo Soppelsa<\/a><\/p><\/blockquote>\n<p><iframe loading=\"lazy\" class=\"wp-embedded-content\" sandbox=\"allow-scripts\" security=\"restricted\" style=\"position: absolute; clip: rect(1px, 1px, 1px, 1px);\" title=\"&#8220;I racconti di Paolo Soppelsa&#8221; &#8212; Radio Pi\u00f9\" src=\"https:\/\/www.radiopiu.net\/wordpress\/i-racconti-di-paolo-soppelsa\/embed\/#?secret=GUdA5Kim2h\" data-secret=\"GUdA5Kim2h\" width=\"600\" height=\"338\" frameborder=\"0\" marginwidth=\"0\" marginheight=\"0\" scrolling=\"no\"><\/iframe><\/p>\n<p>&nbsp;<\/p>\n<hr \/>\n<\/div>\n<div class=\"b654a4as d2edcug0\">\n<p>&nbsp;<\/p>\n<p><a href=\"https:\/\/www.radiopiu.net\/wordpress\/giornale-radiopiu-26-settembre-2018-direttore-mirko-mezzacasa\/viabilita-2\/\" rel=\"attachment wp-att-61954\"><img loading=\"lazy\" decoding=\"async\" class=\"aligncenter wp-image-61954 size-full\" src=\"https:\/\/www.radiopiu.net\/wordpress\/wp-content\/uploads\/2018\/09\/viabilita.jpeg\" sizes=\"auto, (max-width: 800px) 100vw, 800px\" srcset=\"https:\/\/www.radiopiu.net\/wordpress\/wp-content\/uploads\/2018\/09\/viabilita.jpeg 800w, https:\/\/www.radiopiu.net\/wordpress\/wp-content\/uploads\/2018\/09\/viabilita-300x38.jpeg 300w, https:\/\/www.radiopiu.net\/wordpress\/wp-content\/uploads\/2018\/09\/viabilita-768x96.jpeg 768w\" alt=\"\" width=\"800\" height=\"100\" \/><\/a><\/p>\n<div class=\"ecm0bbzt e5nlhep0 a8c37x1j\">\n<div class=\"kvgmc6g5 cxmmr5t8 oygrvhab hcukyx3x c1et5uql\">\n<div class=\"gmail-kvgmc6g5 gmail-cxmmr5t8 gmail-oygrvhab gmail-hcukyx3x gmail-c1et5uql gmail-ii04i59q\">\n<div class=\"page-title-head hgroup\">\n<div class=\"page-title-head hgroup\">\n<div class=\"b654a4as d2edcug0\">\n<div class=\"j83agx80 btwxx1t3 lhclo0ds hop8lmos nkwizq5d scwd0bx6 roh60bw9\">\n<div class=\"rq0escxv hkbzh7o3 jwdofwj8 n8tt0mok r8blr3vg hyh9befq\">\n<div class=\"do00u71z l9j0dhe7 k4urcfbm\">\n<div class=\"page-title-head hgroup\">\n<div class=\"page-title-head hgroup\">\n<div class=\"page-title-head hgroup\">\n<div class=\"page-title-head hgroup\">\n<div class=\"b654a4as d2edcug0\">\n<div class=\"page-title-head hgroup\">\n<div class=\"page-title-head hgroup\">\n<div class=\"page-title-head hgroup\">\n<div class=\"page-title-head hgroup\">\n<div class=\"b654a4as d2edcug0\">\n<div class=\"page-title-head hgroup\">\n<div class=\"page-title-head hgroup\">\n<div class=\"page-title-head hgroup\">\n<div class=\"page-title-head hgroup\">\n<div class=\"page-title-head hgroup\">\n<div class=\"page-title-head hgroup\">\n<div class=\"page-title-head hgroup\">\n<div class=\"page-title-head hgroup\">\n<div class=\"page-title-head hgroup\">\n<div class=\"b654a4as d2edcug0\">\n<div class=\"page-title-head hgroup\">\n<div class=\"page-title-head hgroup\">\n<div class=\"page-title-head hgroup\">\n<div class=\"page-title-head hgroup\">\n<div class=\"b654a4as d2edcug0\">\n<div class=\"page-title-head hgroup\">\n<div class=\"page-title-head hgroup\">\n<div class=\"page-title-head hgroup\">\n<div class=\"page-title-head hgroup\">\n<div class=\"page-title-head hgroup\">\n<div class=\"mkdf-post-text\">\n<div class=\"mkdf-post-text-inner\">\n<div class=\"mkdf-post-text-main\">\n<div class=\"mkdf-post-text\">\n<div class=\"mkdf-post-text-inner\">\n<div class=\"mkdf-post-text-main\">\n<div class=\"mkdf-post-text\">\n<div class=\"mkdf-post-text-inner\">\n<div class=\"mkdf-post-text-main\">\n<div class=\"page-title-head hgroup\">\n<div class=\"page-title-head hgroup\">\n<div class=\"mkdf-post-text\">\n<div class=\"mkdf-post-text-inner\">\n<div class=\"mkdf-post-text-main\">\n<div class=\"mkdf-post-text\">\n<div class=\"mkdf-post-text-inner\">\n<div class=\"mkdf-post-text-main\">\n<div class=\"page-title-head hgroup\">\n<div class=\"page-title-head hgroup\">\n<div class=\"page-title-head hgroup\">\n<div class=\"page-title-head hgroup\">\n<div class=\"b654a4as d2edcug0\">\n<div class=\"page-title-head hgroup\">\n<div class=\"page-title-head hgroup\">\n<div class=\"page-title-head hgroup\">\n<div class=\"page-title-head hgroup\">\n<div class=\"b654a4as d2edcug0\">\n<div class=\"page-title-head hgroup\">\n<div class=\"page-title-head hgroup\">\n<div class=\"page-title-head hgroup\">\n<div class=\"page-title-head hgroup\">\n<div class=\"b654a4as d2edcug0\">\n<div class=\"chat-input\">\n<div class=\"chat-input-container\">\n<div class=\"rows-wrapper chat-input-wrapper\">\n<div class=\"reply-wrapper\">\n<div class=\"btn-menu\">\n<div class=\"btn-menu-item tgico-replace rp\">\n<div class=\"c-ripple\">\n<div class=\"bubbles scrolled-down\">\n<div class=\"scrollable scrollable-y\">\n<div class=\"bubbles-inner has-rights is-chat is-channel\">\n<div class=\"bubbles-date-group\">\n<div class=\"bubble hide-name is-out can-have-tail is-group-first is-group-last is-read\" data-mid=\"5377294335\" data-peer-id=\"-1478820725\" data-timestamp=\"1638437407\">\n<div class=\"bubble-content-wrapper\">\n<div class=\"bubble-content\">\n<p class=\"message\" dir=\"auto\"><strong>\u00a0<\/strong><\/p>\n<\/div>\n<\/div>\n<\/div>\n<\/div>\n<\/div>\n<\/div>\n<\/div>\n<\/div>\n<\/div>\n<\/div>\n<\/div>\n<\/div>\n<\/div>\n<\/div>\n<\/div>\n<\/div>\n<\/div>\n<\/div>\n<\/div>\n<\/div>\n<\/div>\n<\/div>\n<\/div>\n<\/div>\n<\/div>\n<\/div>\n<\/div>\n<\/div>\n<\/div>\n<\/div>\n<\/div>\n<\/div>\n<\/div>\n<\/div>\n<\/div>\n<\/div>\n<\/div>\n<\/div>\n<\/div>\n<\/div>\n<\/div>\n<\/div>\n<\/div>\n<\/div>\n<\/div>\n<\/div>\n<\/div>\n<\/div>\n<\/div>\n<\/div>\n<\/div>\n<\/div>\n<\/div>\n<\/div>\n<\/div>\n<\/div>\n<\/div>\n<\/div>\n<\/div>\n<\/div>\n<\/div>\n<\/div>\n<\/div>\n<\/div>\n<\/div>\n<\/div>\n<\/div>\n<\/div>\n<\/div>\n<\/div>\n<\/div>\n<\/div>\n<\/div>\n<\/div>\n<\/div>\n<\/div>\n<\/div>\n<\/div>\n<\/div>\n<\/div>\n<\/div>\n<\/div>\n<\/div>\n<\/div>\n<\/div>\n<\/div>\n<\/div>\n<\/div>\n<\/div>\n<\/div>\n<\/div>\n<\/div>\n<\/div>\n<\/div>\n<\/div>\n<\/div>\n<\/div>\n<\/div>\n<\/div>\n<\/div>\n<\/div>\n<\/div>\n<\/div>\n<\/div>\n<\/div>\n<\/div>\n<\/div>\n<\/div>\n<\/div>\n<\/div>\n<\/div>\n<\/div>\n<\/div>\n<\/div>\n<\/div>\n<\/div>\n<\/div>\n<\/div>\n<\/div>\n<\/div>\n<\/div>\n<\/div>\n<\/div>\n<\/div>\n<\/div>\n<\/div>\n<\/div>\n<\/div>\n<\/div>\n<\/div>\n<\/div>\n<\/div>\n<\/div>\n<\/div>\n<\/div>\n<\/div>\n<\/div>\n<\/div>\n<\/div>\n<\/div>\n<\/div>\n<\/div>\n<\/div>\n<\/div>\n<\/div>\n<\/div>\n<\/div>\n<\/div>\n<\/div>\n<\/div>\n<\/div>\n<\/div>\n<\/div>\n<\/div>\n<\/div>\n<\/div>\n<\/div>\n<\/div>\n<\/div>\n<\/div>\n<\/div>\n<\/div>\n<\/div>\n<\/div>\n<\/div>\n<\/div>\n<\/div>\n<\/div>\n<div>\n<div class=\"page-title-head hgroup\">\n<div class=\"page-title-head hgroup\">\n<div class=\"b654a4as d2edcug0\">\n<div class=\"j83agx80 btwxx1t3 lhclo0ds hop8lmos nkwizq5d scwd0bx6 roh60bw9\">\n<div class=\"rq0escxv hkbzh7o3 jwdofwj8 n8tt0mok r8blr3vg hyh9befq\">\n<div class=\"do00u71z l9j0dhe7 k4urcfbm\">\n<div class=\"ecm0bbzt e5nlhep0 a8c37x1j\">\n<div class=\"kvgmc6g5 cxmmr5t8 oygrvhab hcukyx3x c1et5uql\">\n<div class=\"gmail-kvgmc6g5 gmail-cxmmr5t8 gmail-oygrvhab gmail-hcukyx3x gmail-c1et5uql gmail-ii04i59q\">\n<div class=\"page-title-head hgroup\">\n<div class=\"page-title-head hgroup\">\n<div class=\"b654a4as d2edcug0\">\n<div class=\"j83agx80 btwxx1t3 lhclo0ds hop8lmos nkwizq5d scwd0bx6 roh60bw9\">\n<div class=\"rq0escxv hkbzh7o3 jwdofwj8 n8tt0mok r8blr3vg hyh9befq\">\n<div class=\"do00u71z l9j0dhe7 k4urcfbm\">\n<div class=\"page-title-head hgroup\">\n<div class=\"page-title-head hgroup\">\n<div class=\"page-title-head hgroup\">\n<div class=\"page-title-head hgroup\">\n<div class=\"b654a4as d2edcug0\">\n<div class=\"page-title-head hgroup\">\n<div class=\"page-title-head hgroup\">\n<div class=\"page-title-head hgroup\">\n<div class=\"page-title-head hgroup\">\n<div class=\"b654a4as d2edcug0\">\n<div class=\"page-title-head hgroup\">\n<div class=\"page-title-head hgroup\">\n<div class=\"page-title-head hgroup\">\n<div class=\"page-title-head hgroup\">\n<div class=\"page-title-head hgroup\">\n<div class=\"page-title-head hgroup\">\n<div class=\"page-title-head hgroup\">\n<div class=\"page-title-head hgroup\">\n<div class=\"page-title-head hgroup\">\n<div class=\"b654a4as d2edcug0\">\n<div class=\"page-title-head hgroup\">\n<div class=\"page-title-head hgroup\">\n<div class=\"page-title-head hgroup\">\n<div class=\"page-title-head hgroup\">\n<div class=\"b654a4as d2edcug0\">\n<div class=\"page-title-head hgroup\">\n<div class=\"page-title-head hgroup\">\n<div class=\"page-title-head hgroup\">\n<div class=\"page-title-head hgroup\">\n<div class=\"page-title-head hgroup\">\n<div class=\"mkdf-post-text\">\n<div class=\"mkdf-post-text-inner\">\n<div class=\"mkdf-post-text-main\">\n<div class=\"mkdf-post-text\">\n<div class=\"mkdf-post-text-inner\">\n<div class=\"mkdf-post-text-main\">\n<div class=\"mkdf-post-text\">\n<div class=\"mkdf-post-text-inner\">\n<div class=\"mkdf-post-text-main\">\n<div class=\"page-title-head hgroup\">\n<div class=\"page-title-head hgroup\">\n<div class=\"mkdf-post-text\">\n<div class=\"mkdf-post-text-inner\">\n<div class=\"mkdf-post-text-main\">\n<div class=\"mkdf-post-text\">\n<div class=\"mkdf-post-text-inner\">\n<div class=\"mkdf-post-text-main\">\n<div class=\"page-title-head hgroup\">\n<div class=\"page-title-head hgroup\">\n<div class=\"page-title-head hgroup\">\n<div class=\"page-title-head hgroup\">\n<div class=\"b654a4as d2edcug0\">\n<div class=\"page-title-head hgroup\">\n<div class=\"page-title-head hgroup\">\n<div class=\"page-title-head hgroup\">\n<div class=\"page-title-head hgroup\">\n<div class=\"b654a4as d2edcug0\">\n<div class=\"page-title-head hgroup\">\n<div class=\"page-title-head hgroup\">\n<div class=\"page-title-head hgroup\">\n<div class=\"page-title-head hgroup\">\n<div class=\"b654a4as d2edcug0\">\n<div class=\"ecm0bbzt e5nlhep0 a8c37x1j\">\n<div class=\"kvgmc6g5 cxmmr5t8 oygrvhab hcukyx3x c1et5uql\">\n<div class=\"gmail-kvgmc6g5 gmail-cxmmr5t8 gmail-oygrvhab gmail-hcukyx3x gmail-c1et5uql gmail-ii04i59q\">\n<div class=\"page-title-head hgroup\">\n<div class=\"page-title-head hgroup\">\n<div class=\"b654a4as d2edcug0\">\n<div class=\"j83agx80 btwxx1t3 lhclo0ds hop8lmos nkwizq5d scwd0bx6 roh60bw9\">\n<div class=\"rq0escxv hkbzh7o3 jwdofwj8 n8tt0mok r8blr3vg hyh9befq\">\n<div class=\"do00u71z l9j0dhe7 k4urcfbm\">\n<div class=\"page-title-head hgroup\">\n<div class=\"page-title-head hgroup\">\n<div class=\"page-title-head hgroup\">\n<div class=\"page-title-head hgroup\">\n<div class=\"b654a4as d2edcug0\">\n<div class=\"page-title-head hgroup\">\n<div class=\"page-title-head hgroup\">\n<div class=\"page-title-head hgroup\">\n<div class=\"page-title-head hgroup\">\n<div class=\"b654a4as d2edcug0\">\n<div class=\"page-title-head hgroup\">\n<div class=\"page-title-head hgroup\">\n<div class=\"page-title-head hgroup\">\n<div class=\"page-title-head hgroup\">\n<div class=\"page-title-head hgroup\">\n<div class=\"page-title-head hgroup\">\n<div class=\"page-title-head hgroup\">\n<div class=\"page-title-head hgroup\">\n<div class=\"page-title-head hgroup\">\n<div class=\"b654a4as d2edcug0\">\n<div class=\"page-title-head hgroup\">\n<div class=\"page-title-head hgroup\">\n<div class=\"page-title-head hgroup\">\n<div class=\"page-title-head hgroup\">\n<div class=\"b654a4as d2edcug0\">\n<div class=\"page-title-head hgroup\">\n<div class=\"page-title-head hgroup\">\n<div class=\"page-title-head hgroup\">\n<div class=\"page-title-head hgroup\">\n<div class=\"page-title-head hgroup\">\n<div class=\"mkdf-post-text\">\n<div class=\"mkdf-post-text-inner\">\n<div class=\"mkdf-post-text-main\">\n<div class=\"mkdf-post-text\">\n<div class=\"mkdf-post-text-inner\">\n<div class=\"mkdf-post-text-main\">\n<div class=\"mkdf-post-text\">\n<div class=\"mkdf-post-text-inner\">\n<div class=\"mkdf-post-text-main\">\n<div class=\"page-title-head hgroup\">\n<div class=\"page-title-head hgroup\">\n<div class=\"mkdf-post-text\">\n<div class=\"mkdf-post-text-inner\">\n<div class=\"mkdf-post-text-main\">\n<div class=\"mkdf-post-text\">\n<div class=\"mkdf-post-text-inner\">\n<div class=\"mkdf-post-text-main\">\n<div class=\"page-title-head hgroup\">\n<div class=\"page-title-head hgroup\">\n<div class=\"page-title-head hgroup\">\n<div class=\"page-title-head hgroup\">\n<div class=\"b654a4as d2edcug0\">\n<div class=\"page-title-head hgroup\">\n<div class=\"page-title-head hgroup\">\n<div class=\"page-title-head hgroup\">\n<div class=\"page-title-head hgroup\">\n<div class=\"b654a4as d2edcug0\">\n<div class=\"page-title-head hgroup\">\n<div class=\"page-title-head hgroup\">\n<div class=\"page-title-head hgroup\">\n<div class=\"page-title-head hgroup\">\n<div class=\"b654a4as d2edcug0\">\n<blockquote class=\"wp-embedded-content\" data-secret=\"Sx4fZWRTrY\"><p><a href=\"https:\/\/www.radiopiu.net\/wordpress\/viabilita\/\">viabilita<\/a><\/p><\/blockquote>\n<p><iframe loading=\"lazy\" class=\"wp-embedded-content\" sandbox=\"allow-scripts\" security=\"restricted\" style=\"position: absolute; clip: rect(1px, 1px, 1px, 1px);\" title=\"&#8220;viabilita&#8221; &#8212; Radio Pi\u00f9\" src=\"https:\/\/www.radiopiu.net\/wordpress\/viabilita\/embed\/#?secret=Sx4fZWRTrY\" data-secret=\"Sx4fZWRTrY\" width=\"600\" height=\"338\" frameborder=\"0\" marginwidth=\"0\" marginheight=\"0\" scrolling=\"no\"><\/iframe><\/p>\n<p>&nbsp;<\/p>\n<hr \/>\n<p>&nbsp;<\/p>\n<\/div>\n<div class=\"b654a4as d2edcug0\">\n<div class=\"ecm0bbzt e5nlhep0 a8c37x1j\">\n<div class=\"kvgmc6g5 cxmmr5t8 oygrvhab hcukyx3x c1et5uql\">\n<div class=\"gmail-kvgmc6g5 gmail-cxmmr5t8 gmail-oygrvhab gmail-hcukyx3x gmail-c1et5uql gmail-ii04i59q\">\n<div>\n<div class=\"page-title-head hgroup\">\n<div class=\"page-title-head hgroup\">\n<div class=\"b654a4as d2edcug0\">\n<div class=\"j83agx80 btwxx1t3 lhclo0ds hop8lmos nkwizq5d scwd0bx6 roh60bw9\">\n<div class=\"rq0escxv hkbzh7o3 jwdofwj8 n8tt0mok r8blr3vg hyh9befq\">\n<div class=\"do00u71z l9j0dhe7 k4urcfbm\">\n<div>\n<div class=\"page-title-head hgroup\">\n<div class=\"page-title-head hgroup\">\n<div class=\"page-title-head hgroup\">\n<div class=\"page-title-head hgroup\">\n<div class=\"b654a4as d2edcug0\">\n<div class=\"page-title-head hgroup\">\n<div class=\"page-title-head hgroup\">\n<div class=\"page-title-head hgroup\">\n<div class=\"page-title-head hgroup\">\n<div class=\"b654a4as d2edcug0\">\n<div class=\"page-title-head hgroup\">\n<div class=\"page-title-head hgroup\">\n<div class=\"page-title-head hgroup\">\n<div class=\"page-title-head hgroup\">\n<div class=\"page-title-head hgroup\">\n<div class=\"mkdf-post-text\">\n<div class=\"mkdf-post-text-inner\">\n<div class=\"mkdf-post-text-main\">\n<div class=\"mkdf-post-text\">\n<div class=\"mkdf-post-text-inner\">\n<div class=\"mkdf-post-text-main\">\n<div class=\"mkdf-post-text\">\n<div class=\"mkdf-post-text-inner\">\n<div class=\"mkdf-post-text-main\">\n<div class=\"page-title-head hgroup\">\n<div class=\"page-title-head hgroup\">\n<div class=\"mkdf-post-text\">\n<div class=\"mkdf-post-text-inner\">\n<div class=\"mkdf-post-text-main\">\n<div class=\"mkdf-post-text\">\n<div class=\"mkdf-post-text-inner\">\n<div class=\"mkdf-post-text-main\">\n<div>\n<div class=\"page-title-head hgroup\">\n<div class=\"page-title-head hgroup\">\n<div>\n<div class=\"page-title-head hgroup\">\n<div class=\"page-title-head hgroup\">\n<div class=\"b654a4as d2edcug0\">\n<div>\n<div class=\"page-title-head hgroup\" style=\"text-align: left;\">\n<div class=\"page-title-head hgroup\">\n<div dir=\"auto\">\n<p><a class=\"dt-pswp-item pspw-wrap-ready\" href=\"https:\/\/i0.wp.com\/www.radiopiu.net\/wordpress\/wp-content\/uploads\/2018\/09\/WhatsApp-Image-2018-09-20-at-16.04.06.jpeg?ssl=1\" data-dt-img-description=\"\" data-large_image_width=\"800\" data-large_image_height=\"100\"><img loading=\"lazy\" decoding=\"async\" class=\"aligncenter wp-image-61378 size-full jetpack-lazy-image jetpack-lazy-image--handled\" src=\"https:\/\/i0.wp.com\/www.radiopiu.net\/wordpress\/wp-content\/uploads\/2018\/09\/WhatsApp-Image-2018-09-20-at-16.04.06.jpeg?resize=800%2C100&amp;ssl=1\" sizes=\"auto, (max-width: 800px) 100vw, 800px\" srcset=\"https:\/\/i0.wp.com\/www.radiopiu.net\/wordpress\/wp-content\/uploads\/2018\/09\/WhatsApp-Image-2018-09-20-at-16.04.06.jpeg?w=800&amp;ssl=1 800w, https:\/\/i0.wp.com\/www.radiopiu.net\/wordpress\/wp-content\/uploads\/2018\/09\/WhatsApp-Image-2018-09-20-at-16.04.06.jpeg?resize=300%2C38&amp;ssl=1 300w, https:\/\/i0.wp.com\/www.radiopiu.net\/wordpress\/wp-content\/uploads\/2018\/09\/WhatsApp-Image-2018-09-20-at-16.04.06.jpeg?resize=768%2C96&amp;ssl=1 768w\" alt=\"\" width=\"800\" height=\"100\" data-lazy-loaded=\"1\" \/><\/a><\/p>\n<\/div>\n<\/div>\n<\/div>\n<\/div>\n<\/div>\n<\/div>\n<\/div>\n<\/div>\n<\/div>\n<\/div>\n<\/div>\n<\/div>\n<\/div>\n<\/div>\n<\/div>\n<\/div>\n<\/div>\n<\/div>\n<\/div>\n<\/div>\n<\/div>\n<\/div>\n<\/div>\n<\/div>\n<\/div>\n<\/div>\n<\/div>\n<\/div>\n<\/div>\n<\/div>\n<\/div>\n<\/div>\n<\/div>\n<\/div>\n<\/div>\n<\/div>\n<\/div>\n<\/div>\n<\/div>\n<\/div>\n<\/div>\n<\/div>\n<\/div>\n<\/div>\n<p>&nbsp;<\/p>\n<\/div>\n<\/div>\n<\/div>\n<\/div>\n<\/div>\n<\/div>\n<\/div>\n<\/div>\n<\/div>\n<\/div>\n<\/div>\n<\/div>\n<\/div>\n<\/div>\n<\/div>\n<\/div>\n<\/div>\n<\/div>\n<\/div>\n<\/div>\n<\/div>\n<\/div>\n<\/div>\n<\/div>\n<\/div>\n<\/div>\n<\/div>\n<\/div>\n<\/div>\n<\/div>\n<\/div>\n<\/div>\n<\/div>\n<\/div>\n<\/div>\n<\/div>\n<\/div>\n<\/div>\n<\/div>\n<\/div>\n<\/div>\n<\/div>\n<\/div>\n<\/div>\n<\/div>\n<\/div>\n<\/div>\n<\/div>\n<\/div>\n<\/div>\n<\/div>\n<\/div>\n<\/div>\n<\/div>\n<\/div>\n<\/div>\n<\/div>\n<\/div>\n<\/div>\n<\/div>\n<\/div>\n<\/div>\n<\/div>\n<\/div>\n<\/div>\n<\/div>\n<\/div>\n<\/div>\n<\/div>\n<\/div>\n<\/div>\n<\/div>\n<\/div>\n<\/div>\n<\/div>\n<\/div>\n<\/div>\n<\/div>\n<\/div>\n<\/div>\n<\/div>\n<\/div>\n<\/div>\n<\/div>\n<\/div>\n<\/div>\n<\/div>\n<\/div>\n<\/div>\n<\/div>\n<\/div>\n<\/div>\n<\/div>\n<\/div>\n<\/div>\n<\/div>\n<\/div>\n<\/div>\n<\/div>\n<\/div>\n<\/div>\n<\/div>\n<\/div>\n<\/div>\n<\/div>\n<\/div>\n<\/div>\n<\/div>\n<\/div>\n<\/div>\n<\/div>\n<\/div>\n<\/div>\n<\/div>\n<\/div>\n<\/div>\n<\/div>\n<\/div>\n<\/div>\n<\/div>\n<\/div>\n<\/div>\n<\/div>\n<\/div>\n<\/div>\n<\/div>\n<\/div>\n<\/div>\n<\/div>\n<\/div>\n<\/div>\n<\/div>\n<\/div>\n<\/div>\n<\/div>\n<\/div>\n<\/div>\n<\/div>\n<\/div>\n<\/div>\n<\/div>\n<\/div>\n<\/div>\n<\/div>\n<\/div>\n<\/div>\n<\/div>\n<\/div>\n<\/div>\n<\/div>\n<\/div>\n<\/div>\n<\/div>\n<\/div>\n<\/div>\n<\/div>\n<\/div>\n<\/div>\n<\/div>\n<\/div>\n<\/div>\n<\/div>\n<\/div>\n<\/div>\n<\/div>\n<\/div>\n<p><center><b>Martedi 11<\/b><\/center><b>Tempo atteso: <\/b>Tempo splendido, con cielo sereno e terso, anche se ancora un po&#8217; ventoso e freddo in quota ed inizialmente anche in qualche valle.<br \/>\n<b>Precipitazioni: <\/b>Assenti (0%)<br \/>\n<b>Temperature: <\/b>Minime in lieve calo nelle valli, massime in lieve aumento specie in quota. Su Prealpi a 1500 m min -3\u00b0C max 0\u00b0C, a 2000 m min -5\u00b0C max -3\u00b0C Su Dolomiti a 2000 m min -9\u00b0C max -6\u00b0C, a 3000 m min -13\u00b0C max -9\u00b0C.<br \/>\n<b>Venti: <\/b>Nelle valli ancora possibile qualche raffica di Foehn nella notte e al primo mattino, soprattutto sulle Dolomiti. In quota venti moderati o tesi da nord-est, a tratti forti sulle cime, 15-30 km\/h a 2000 m, 30-45 km\/h a 3000 m.<\/p>\n<hr \/>\n<p><center><b>Mercoledi 12<\/b><\/center><b>Tempo atteso: <\/b>Altra bella giornata di sole, con cielo sereno o al pi\u00f9 poco nuvoloso per qualche velatura. Ancora abbastanza ventoso in quota.<br \/>\n<b>Precipitazioni: <\/b>Assenti (0%)<br \/>\n<b>Temperature: <\/b>Temperature stazionarie nelle valli o in lieve calo le minime, in lieve rialzo in quota, su valori ovunque normali per il periodo. Su Prealpi a 1500 m min -2\u00b0C max 0\u00b0C, a 2000 m min -5\u00b0C max -2\u00b0C Su Dolomiti a 2000 m min -8\u00b0C max -2\u00b0C, a 3000 m min -11\u00b0C max -8\u00b0C<br \/>\n<b>Venti: <\/b>Venti in quota moderati o tesi da nord-est a 15-30 km\/h a 2000 m, 30-45 km\/h a 3000 m.<\/p>\n<hr \/>\n<p><center><b>Giovedi 13<\/b><\/center>Ancora tempo splendido con cielo sereno, meno freddo e meno ventoso in quota. Se si eccettuano le minime a fondovalle, che rimarranno pressoch\u00e9 stazionarie, le temperature subiranno un aumento, anche marcato in quota, con inizio di inversione termica in serata\/notte. Venti in quota tesi a tratti forti, sempre da nord-est, tendenti ad attenuarsi gradualmente.<\/p>\n<hr \/>\n<p><center><b>Venerdi 14<\/b><\/center>Bel tempo con cielo sereno e ottima visibilit\u00e0. Ulteriore marcato rialzo termico sia in quota che nelle valli specie per quanto riguarda i valori massimi. Venti in quota moderati da nordest. Previsore: DDL<\/p>\n<p>&nbsp;<\/p>\n<hr \/>\n<p>&nbsp;<\/p>\n<p><a href=\"https:\/\/www.radiopiu.net\/wordpress\/giornale-radiopiu-15-settembre-2018-direttore-mirko-mezzacasa\/sport-7\/\" rel=\"attachment wp-att-60761\"><img loading=\"lazy\" decoding=\"async\" class=\"wp-image-60761 size-full aligncenter\" src=\"https:\/\/www.radiopiu.net\/wordpress\/wp-content\/uploads\/2018\/09\/sport.jpg\" alt=\"\" width=\"800\" height=\"100\" srcset=\"https:\/\/www.radiopiu.net\/wordpress\/wp-content\/uploads\/2018\/09\/sport.jpg 800w, https:\/\/www.radiopiu.net\/wordpress\/wp-content\/uploads\/2018\/09\/sport-300x38.jpg 300w, https:\/\/www.radiopiu.net\/wordpress\/wp-content\/uploads\/2018\/09\/sport-768x96.jpg 768w\" sizes=\"auto, (max-width: 800px) 100vw, 800px\" \/><\/a><\/p>\n<p>&nbsp;<\/p>\n<blockquote>\n<h3>BROOMBALL BELLUNO, UNA VITTORIA E L&#8217;ALTRA DI RIGORE<\/h3>\n<\/blockquote>\n<div class=\"__fb-light-mode l9j0dhe7\" role=\"row\">\n<div class=\"\">\n<div class=\"j83agx80 cbu4d94t l9j0dhe7\" tabindex=\"0\" role=\"gridcell\" data-scope=\"messages_table\" data-release-focus-from=\"CLICK\">\n<div class=\"j83agx80\" role=\"none\">\n<div class=\"j83agx80 buofh1pr e409flbk\" role=\"none\" data-testid=\"message-container\">\n<div class=\"ns4p8fja j83agx80 cbu4d94t a6sixzi8 bkfpd7mw nred35xi a1xu1aao\" role=\"none\">\n<div class=\"j83agx80 k4urcfbm\" role=\"none\">\n<div class=\"ll8tlv6m j83agx80 cbu4d94t d2edcug0 l9j0dhe7\">\n<div class=\"j83agx80 k4urcfbm\" role=\"none\">\n<div class=\"cxgpxx05 d1544ag0 sj5x9vvc tw6a2znq l9j0dhe7 ni8dbmo4 stjgntxs e72ty7fz qlfml3jp inkptoze jm1wdb64 qv66sw1b ljqsnud1 odn2s2vf tkr6xdv7 qttc61fc\" role=\"none\">\n<div class=\"rq0escxv l9j0dhe7 du4w35lb __fb-light-mode\" role=\"none\">\n<p dir=\"auto\" role=\"none\"><strong><a href=\"https:\/\/www.radiopiu.net\/wordpress\/broomball-belluno-una-vittoria-e-laltra-di-rigore\/95489620_3035158539877077_8840766037910618112_n\/\" rel=\"attachment wp-att-253241\"><img loading=\"lazy\" decoding=\"async\" class=\"wp-image-253241 alignleft\" src=\"https:\/\/www.radiopiu.net\/wordpress\/wp-content\/uploads\/2022\/01\/95489620_3035158539877077_8840766037910618112_n-300x300.jpg\" alt=\"\" width=\"220\" height=\"220\" srcset=\"https:\/\/www.radiopiu.net\/wordpress\/wp-content\/uploads\/2022\/01\/95489620_3035158539877077_8840766037910618112_n-300x300.jpg 300w, https:\/\/www.radiopiu.net\/wordpress\/wp-content\/uploads\/2022\/01\/95489620_3035158539877077_8840766037910618112_n-150x150.jpg 150w, https:\/\/www.radiopiu.net\/wordpress\/wp-content\/uploads\/2022\/01\/95489620_3035158539877077_8840766037910618112_n-768x768.jpg 768w, https:\/\/www.radiopiu.net\/wordpress\/wp-content\/uploads\/2022\/01\/95489620_3035158539877077_8840766037910618112_n.jpg 960w\" sizes=\"auto, (max-width: 220px) 100vw, 220px\" \/><\/a>BELLUNO<\/strong> Doppio incontro in\u00a0 settimana per il Broomball Club Belluno, martedi coronato dalla vittoria 4-1 con il Brunico e domenica ancora festa per la vittoria ai rigori con il Laives, 0-0 nei minuti regolamentari. Prossimo appuntamento il 23 gennaio a Feltre alle 18 per l&#8217;ultima di regular season.<\/p>\n<\/div>\n<\/div>\n<div class=\"buofh1pr rj1gh0hx\" role=\"none\"><strong>A Feltre<\/strong> con il Brunico i bellunesi ottengono la prima vittoria sul ghiaccio. Gol del vantaggio di Alex Farenzena. Dopo il pareggio di nuovo Belluno con Matteo Da Rold ed \u00e8 l&#8217;inizio di un pressing che porta al terzo gol di Matteo Vieceli e il definitivo ko da poker di Matteo Pioggia.<\/div>\n<div role=\"none\"><\/div>\n<\/div>\n<\/div>\n<p class=\"ns4p8fja j83agx80 cbu4d94t a6sixzi8 bkfpd7mw d2edcug0 buofh1pr nred35xi\" role=\"none\">\n<\/div>\n<\/div>\n<\/div>\n<\/div>\n<\/div>\n<\/div>\n<\/div>\n<div class=\"__fb-light-mode l9j0dhe7\" role=\"row\">\n<div class=\"\">\n<div class=\"j83agx80 cbu4d94t l9j0dhe7\" tabindex=\"0\" role=\"gridcell\" data-scope=\"messages_table\" data-release-focus-from=\"CLICK\">\n<div class=\"j83agx80\" role=\"none\">\n<div class=\"ns4p8fja j83agx80 cbu4d94t a6sixzi8 bkfpd7mw d2edcug0 kb5gq1qc nred35xi pcp91wgn dflh9lhu\" role=\"none\">\n<p class=\"pfnyh3mw ciadx1gn mudddibn aovydwv3 j83agx80\"><strong>A Egna<\/strong> il Belluno si \u00e8 presentato al gran completo. \u00c8 uno scambio continuo di contropiedi e tiri dalla distanza, Vieceli-Appamea-Farenzena prima Canei-Da Rold-Delazer\u00a0 e poi la terza linea d&#8217;attacco Toldo-Casagrande-Pioggia, la partita finisce in parit\u00e0. Ai rigori segnano\u00a0 Lorenzo Battistel e Danilo Canei e in porta c&#8217;\u00e8 un muro invalicabile.<\/p>\n<p>&nbsp;<\/p>\n<p>&nbsp;<\/p>\n<hr \/>\n<p>&nbsp;<\/p>\n<blockquote>\n<h3>ALL&#8217;INTERNATIONAL MOTOR DAY DI CORTINA CON ANDREA FONTANA<\/h3>\n<\/blockquote>\n<p><strong><a href=\"https:\/\/www.radiopiu.net\/wordpress\/allinternational-motor-day-di-cortina-con-andrea-fontana\/8a9661c8-6ce6-4c68-fcfd-df1a08c04aed\/\" rel=\"attachment wp-att-253263\"><img loading=\"lazy\" decoding=\"async\" class=\"size-medium wp-image-253263 alignleft\" src=\"https:\/\/www.radiopiu.net\/wordpress\/wp-content\/uploads\/2022\/01\/8a9661c8-6ce6-4c68-fcfd-df1a08c04aed-300x199.jpeg\" alt=\"\" width=\"300\" height=\"199\" srcset=\"https:\/\/www.radiopiu.net\/wordpress\/wp-content\/uploads\/2022\/01\/8a9661c8-6ce6-4c68-fcfd-df1a08c04aed-300x199.jpeg 300w, https:\/\/www.radiopiu.net\/wordpress\/wp-content\/uploads\/2022\/01\/8a9661c8-6ce6-4c68-fcfd-df1a08c04aed-1024x680.jpeg 1024w, https:\/\/www.radiopiu.net\/wordpress\/wp-content\/uploads\/2022\/01\/8a9661c8-6ce6-4c68-fcfd-df1a08c04aed-768x510.jpeg 768w, https:\/\/www.radiopiu.net\/wordpress\/wp-content\/uploads\/2022\/01\/8a9661c8-6ce6-4c68-fcfd-df1a08c04aed.jpeg 1465w\" sizes=\"auto, (max-width: 300px) 100vw, 300px\" \/><\/a>CORTINA<\/strong> Nel prossimo fine settimana si accendono i motori a Cortina. Venerd\u00ec, sabato e domenica \u00e8 in programma l&#8217;International Motor Day sulle nevi di Fiames. Tra i protagonisti della tre giorni dedicata ai motori anche il pilota bellunese Andrea Fontana. &#8220;<em><span class=\"s1\">E&#8217; con grande entusiasmo che annuncio che nel prossimo fine settimana sar\u00f2 nelle mie valli, a Cortina d&#8217;Ampezzo con una vera RaceCar &#8211; dice Fontana &#8211; la\u00a0Mercedes AMG GT4 a scaldare le nevi di Fiames e Corso Italia. Grazie a International Motors Day avr\u00f2 la possibilit\u00e0 di scatenare tutti i 450 cavalli del V8 Bi-turbo AMG, bruciare un p\u00f2 di gomme e farvi salire a bordo con me per un&#8217;experience adrenalinica. Ma soprattuto regalarvi emozioni uniche in un contesto irripetibile, le Dolomiti di Cortina d\u2019Ampezzo. <\/span><span class=\"s1\">E&#8217; Qualcosa mai fatto prima &#8211; conclude Fontana &#8211; un festival dedicato ai motori che vedr\u00e0 esibizioni di Freestyle motocross, spettacoli Stunt-man, Taxi Drift, Off-Road experience, Test Drive Jeep, Motoslitte, servizio Elitour, musica, show con ospiti, Dj set, Bike trial, simulatore F1 e tanto altro..<\/span><\/em><span class=\"s1\">&#8220;<\/span><\/p>\n<p><strong>IL PROGRAMMA DELLA TRE GIORNI A CORTINA<\/strong><\/p>\n<p><a href=\"https:\/\/www.radiopiu.net\/wordpress\/allinternational-motor-day-di-cortina-con-andrea-fontana\/3139ec52-04e8-e712-0d2e-1cd546a6397b\/\" rel=\"attachment wp-att-253262\"><img loading=\"lazy\" decoding=\"async\" class=\"alignnone wp-image-253262 size-large\" src=\"https:\/\/www.radiopiu.net\/wordpress\/wp-content\/uploads\/2022\/01\/3139ec52-04e8-e712-0d2e-1cd546a6397b-1024x1020.jpg\" alt=\"\" width=\"1024\" height=\"1020\" srcset=\"https:\/\/www.radiopiu.net\/wordpress\/wp-content\/uploads\/2022\/01\/3139ec52-04e8-e712-0d2e-1cd546a6397b-1024x1020.jpg 1024w, https:\/\/www.radiopiu.net\/wordpress\/wp-content\/uploads\/2022\/01\/3139ec52-04e8-e712-0d2e-1cd546a6397b-300x300.jpg 300w, https:\/\/www.radiopiu.net\/wordpress\/wp-content\/uploads\/2022\/01\/3139ec52-04e8-e712-0d2e-1cd546a6397b-150x150.jpg 150w, https:\/\/www.radiopiu.net\/wordpress\/wp-content\/uploads\/2022\/01\/3139ec52-04e8-e712-0d2e-1cd546a6397b-768x765.jpg 768w, https:\/\/www.radiopiu.net\/wordpress\/wp-content\/uploads\/2022\/01\/3139ec52-04e8-e712-0d2e-1cd546a6397b.jpg 1280w\" sizes=\"auto, (max-width: 1024px) 100vw, 1024px\" \/><\/a><\/p>\n<p>&nbsp;<\/p>\n<p><strong>IL VIDEO TRAILER DELL&#8217;EVENTO<\/strong><\/p>\n<p><iframe loading=\"lazy\" title=\"IMD Cortina - Trailer\" width=\"1200\" height=\"675\" src=\"https:\/\/www.youtube.com\/embed\/__JTN6DDfRY?feature=oembed\" frameborder=\"0\" allow=\"accelerometer; autoplay; clipboard-write; encrypted-media; gyroscope; picture-in-picture\" allowfullscreen><\/iframe><\/p>\n<p>&nbsp;<\/p>\n<div><\/div>\n<\/div>\n<\/div>\n<\/div>\n<\/div>\n<\/div>\n","protected":false},"excerpt":{"rendered":"<p>INFORMAZIONE il canale su TELEGRAM informazione di prima mano e in tempo reale. iscriviti ed aiutaci a farlo conoscere\u00a0\u00a0 &nbsp; &nbsp; &nbsp; RADIO PIU E L&#8217;AGORDINO SALUTANO LE REGINE DELLA VELOCITA&#8217; IN ALLENAMENTO AL SAN PELLEGRINO FALCADE Quattro regine della velocit\u00e0\u00a0 su La VolatA per gli allenamenti di Coppa del Mondo. Marta Bassino Sofia Goggia&hellip;<\/p>\n","protected":false},"author":4,"featured_media":253280,"comment_status":"closed","ping_status":"open","sticky":false,"template":"","format":"standard","meta":{"_monsterinsights_skip_tracking":false,"_monsterinsights_sitenote_active":false,"_monsterinsights_sitenote_note":"","_monsterinsights_sitenote_category":0,"footnotes":""},"categories":[104,86,49],"tags":[],"class_list":["post-253128","post","type-post","status-publish","format-standard","has-post-thumbnail","hentry","category-evidenza_3","category-gr","category-news-18","category-104","category-86","category-49","description-off"],"img_url":"https:\/\/www.radiopiu.net\/wordpress\/wp-content\/uploads\/2022\/01\/bd7d433f-bd29-4493-9e85-87c8b9740fa1.jpg","_links":{"self":[{"href":"https:\/\/www.radiopiu.net\/wordpress\/wp-json\/wp\/v2\/posts\/253128","targetHints":{"allow":["GET"]}}],"collection":[{"href":"https:\/\/www.radiopiu.net\/wordpress\/wp-json\/wp\/v2\/posts"}],"about":[{"href":"https:\/\/www.radiopiu.net\/wordpress\/wp-json\/wp\/v2\/types\/post"}],"author":[{"embeddable":true,"href":"https:\/\/www.radiopiu.net\/wordpress\/wp-json\/wp\/v2\/users\/4"}],"replies":[{"embeddable":true,"href":"https:\/\/www.radiopiu.net\/wordpress\/wp-json\/wp\/v2\/comments?post=253128"}],"version-history":[{"count":0,"href":"https:\/\/www.radiopiu.net\/wordpress\/wp-json\/wp\/v2\/posts\/253128\/revisions"}],"wp:featuredmedia":[{"embeddable":true,"href":"https:\/\/www.radiopiu.net\/wordpress\/wp-json\/wp\/v2\/media\/253280"}],"wp:attachment":[{"href":"https:\/\/www.radiopiu.net\/wordpress\/wp-json\/wp\/v2\/media?parent=253128"}],"wp:term":[{"taxonomy":"category","embeddable":true,"href":"https:\/\/www.radiopiu.net\/wordpress\/wp-json\/wp\/v2\/categories?post=253128"},{"taxonomy":"post_tag","embeddable":true,"href":"https:\/\/www.radiopiu.net\/wordpress\/wp-json\/wp\/v2\/tags?post=253128"}],"curies":[{"name":"wp","href":"https:\/\/api.w.org\/{rel}","templated":true}]}}