{"id":253164,"date":"2022-01-10T06:10:47","date_gmt":"2022-01-10T05:10:47","guid":{"rendered":"https:\/\/www.radiopiu.net\/wordpress\/?p=253164"},"modified":"2022-01-10T06:11:05","modified_gmt":"2022-01-10T05:11:05","slug":"la-lettera-del-dottor-luca-favero-sospeso-dallordine-dei-medici","status":"publish","type":"post","link":"https:\/\/www.radiopiu.net\/wordpress\/la-lettera-del-dottor-luca-favero-sospeso-dallordine-dei-medici\/","title":{"rendered":"LA LETTERA, DEL DOTTOR LUCA FAVERO SOSPESO DALL&#8217;ORDINE DEI MEDICI"},"content":{"rendered":"<div>\n<div class=\"\" dir=\"auto\">\n<div id=\"jsc_c_32\" class=\"ecm0bbzt hv4rvrfc dati1w0a e5nlhep0\" data-ad-comet-preview=\"message\" data-ad-preview=\"message\">\n<div class=\"j83agx80 cbu4d94t ew0dbk1b irj2b8pg\">\n<div class=\"qzhwtbm6 knvmm38d\">\n<div class=\"kvgmc6g5 cxmmr5t8 oygrvhab hcukyx3x c1et5uql ii04i59q\">\n<blockquote>\n<div dir=\"auto\"><em>&#8220;Ritengo sia necessario un atto di coraggio che vada oltre le cieche imposizioni e prassi burocratiche accettando di considerare valide le indicazioni insite nei documenti circa l&#8217; AUTOMATICIT\u00c0 del reintegro dei Medici che si vaccinano, fin dal giorno della inoculazione della prima dose, e senza l&#8217;attesa della presa d&#8217;atto da parte dell&#8217;Ordine o delle Aulss di appartenenza&#8221;.<\/em><\/div>\n<\/blockquote>\n<\/div>\n<div class=\"cxmmr5t8 oygrvhab hcukyx3x c1et5uql o9v6fnle ii04i59q\">\n<div dir=\"auto\"><\/div>\n<div dir=\"auto\"><a href=\"https:\/\/www.radiopiu.net\/wordpress\/la-lettera-del-dottor-luca-favero-sospeso-dallordine-dei-medici\/163394915_3308657419235178_2256665177312296886_n-2\/\" rel=\"attachment wp-att-253165\"><img loading=\"lazy\" decoding=\"async\" class=\" wp-image-253165 alignleft\" src=\"https:\/\/www.radiopiu.net\/wordpress\/wp-content\/uploads\/2022\/01\/163394915_3308657419235178_2256665177312296886_n-1-300x297.jpg\" alt=\"\" width=\"182\" height=\"180\" srcset=\"https:\/\/www.radiopiu.net\/wordpress\/wp-content\/uploads\/2022\/01\/163394915_3308657419235178_2256665177312296886_n-1-300x297.jpg 300w, https:\/\/www.radiopiu.net\/wordpress\/wp-content\/uploads\/2022\/01\/163394915_3308657419235178_2256665177312296886_n-1.jpg 590w\" sizes=\"auto, (max-width: 182px) 100vw, 182px\" \/><\/a><strong>LIVINALLONGO<\/strong> Ecco anche domani lavorer\u00f2 da &#8220;FUORI LEGGE&#8221; come Medico di Medicina Generale\u00a0 a Pieve di Livinallongo come ieri ho lavorato da &#8220;FUORI LEGGE&#8221; nella sede CA di Caprile per il prefestivo del 08\/01\/&#8217;22 dopo aver fatto la guardia da &#8220;FUORI LEGGE&#8221; di Canale d&#8217;Agordo la notte precedente! Solo che il vaccino (SECONDA DOSE) l&#8217;ho fatto il 07\/01\/2022 alle ore 14:20<\/div>\n<div dir=\"auto\"><\/div>\n<\/div>\n<div class=\"cxmmr5t8 oygrvhab hcukyx3x c1et5uql o9v6fnle ii04i59q\">\n<div dir=\"auto\">Secondo la assurda burocrazia dovrei ANCORA UNA VOLTA aspettare la presa d&#8217;atto da parte dell&#8217;Ordine dei Medici lasciando scoperti i servizi? RIDICOLO!<\/div>\n<\/div>\n<div class=\"cxmmr5t8 oygrvhab hcukyx3x c1et5uql o9v6fnle ii04i59q\">\n<div dir=\"auto\">NON \u00c8 COLPA MIA SE LA ATTUALE AFFANNOSA LEGIFERAZIONE NEL SETTORE NON \u00c8 IN GRADO DI SEGUIRE IN MODO EFFICACE E FUNZIONALE, (PER NON DIRE LOGICO!), LA REALT\u00c0 PROFESSIONALE DI NOI MEDICI ! Come gi\u00e0 noto non mi sono mai fermato dall&#8217;esercitare la mia Professione dal giorno in cui ho assolto l&#8217;obbligo vaccinazione il 09\/12\/&#8217;21 in quanto oggettivamente in regola con il Super Greenpass che mi da libero accesso da allora a qualsiasi ambiente sia pubblico che privato ed avendo comunque effettuato ulteriori tamponi di verifica come in precedenza. La sospensione quindi risulta essere del tutto priva di fondamento, oltre che incostituzionale. PS: Si segnala inoltre che la Aulss1 Dolomiti presso cui svolgo la mie mansioni non ha mai smesso nel periodo della impropria &#8220;sospensione&#8221; di fornirmi le documentazioni giornaliere di servizio come le liste COT di pazienti fragili da servire in CA, le liste di sorveglianza Covid dal SISP dei miei pazienti e per ultimo non sono stato bloccato nemmeno nella produzione dei molteplici certificati INPS: come \u00e8 giustificabile tutto ci\u00f2? A quanto pare l&#8217;unica cosa realmente sospesa sembra essere il mio stipendio per il gravoso impegno professionale di dicembre, che nessuno tra l&#8217;altro avrebbe potuto svolgere a mie veci in questo periodo di grave crisi di personale medico! Non \u00e8 ammissibile che se per la prima intimazione di sospensione comunicata dalla mia Aulss3 Serenissima sarebbe stata necessaria e sufficiente la sola prima dose vaccinale del 10\/11\/&#8217;21 a Mestre (250 km da dove vivo e svolgo il mio lavoro nell&#8217;impossibilit\u00e0 di essere sostituito) per essere considerato in regola (ovviamente con le successive verifiche di completamento del ciclo vaccinale), ora invece si richieda la seconda dose (a me assegnata dal SISP di Belluno ad un mese di distanza dalla prima!). Assurdo! Mi trovo tuttora nella situazione che se non lavoro vengo tacciato come &#8220;ASSENTE INGIUSTIFICATO&#8221; e se invece lavoro vengo accusato di &#8220;esercitare ABUSIVAMENTE la professione medica&#8221;! Incredibilmente assurdo!<\/div>\n<\/div>\n<div class=\"cxmmr5t8 oygrvhab hcukyx3x c1et5uql o9v6fnle ii04i59q\">\n<div dir=\"auto\">\n<div dir=\"auto\"><strong>Luca Favero<\/strong><\/div>\n<\/div>\n<\/div>\n<\/div>\n<\/div>\n<\/div>\n<\/div>\n<\/div>\n<div>\n<div class=\"stjgntxs ni8dbmo4 l82x9zwi uo3d90p7 h905i5nu monazrh9\" data-visualcompletion=\"ignore-dynamic\">\n<div>\n<div>\n<div>\n<div class=\"l9j0dhe7\">\n<div class=\"bp9cbjyn m9osqain j83agx80 jq4qci2q bkfpd7mw a3bd9o3v kvgmc6g5 wkznzc2l oygrvhab dhix69tm jktsbyx5 rz4wbd8a osnr6wyh a8nywdso s1tcr66n\">\n<div class=\"bp9cbjyn j83agx80 buofh1pr ni8dbmo4 stjgntxs\"><\/div>\n<\/div>\n<\/div>\n<\/div>\n<\/div>\n<\/div>\n<\/div>\n<\/div>\n","protected":false},"excerpt":{"rendered":"<p>&#8220;Ritengo sia necessario un atto di coraggio che vada oltre le cieche imposizioni e prassi burocratiche accettando di considerare valide le indicazioni insite nei documenti circa l&#8217; AUTOMATICIT\u00c0 del reintegro dei Medici che si vaccinano, fin dal giorno della inoculazione della prima dose, e senza l&#8217;attesa della presa d&#8217;atto da parte dell&#8217;Ordine o delle Aulss&hellip;<\/p>\n","protected":false},"author":4,"featured_media":253165,"comment_status":"closed","ping_status":"open","sticky":false,"template":"","format":"standard","meta":{"_monsterinsights_skip_tracking":false,"_monsterinsights_sitenote_active":false,"_monsterinsights_sitenote_note":"","_monsterinsights_sitenote_category":0,"footnotes":""},"categories":[51,49],"tags":[],"class_list":["post-253164","post","type-post","status-publish","format-standard","has-post-thumbnail","hentry","category-evidenza-top","category-news-18","category-51","category-49","description-off"],"img_url":"https:\/\/www.radiopiu.net\/wordpress\/wp-content\/uploads\/2022\/01\/163394915_3308657419235178_2256665177312296886_n-1.jpg","_links":{"self":[{"href":"https:\/\/www.radiopiu.net\/wordpress\/wp-json\/wp\/v2\/posts\/253164","targetHints":{"allow":["GET"]}}],"collection":[{"href":"https:\/\/www.radiopiu.net\/wordpress\/wp-json\/wp\/v2\/posts"}],"about":[{"href":"https:\/\/www.radiopiu.net\/wordpress\/wp-json\/wp\/v2\/types\/post"}],"author":[{"embeddable":true,"href":"https:\/\/www.radiopiu.net\/wordpress\/wp-json\/wp\/v2\/users\/4"}],"replies":[{"embeddable":true,"href":"https:\/\/www.radiopiu.net\/wordpress\/wp-json\/wp\/v2\/comments?post=253164"}],"version-history":[{"count":0,"href":"https:\/\/www.radiopiu.net\/wordpress\/wp-json\/wp\/v2\/posts\/253164\/revisions"}],"wp:featuredmedia":[{"embeddable":true,"href":"https:\/\/www.radiopiu.net\/wordpress\/wp-json\/wp\/v2\/media\/253165"}],"wp:attachment":[{"href":"https:\/\/www.radiopiu.net\/wordpress\/wp-json\/wp\/v2\/media?parent=253164"}],"wp:term":[{"taxonomy":"category","embeddable":true,"href":"https:\/\/www.radiopiu.net\/wordpress\/wp-json\/wp\/v2\/categories?post=253164"},{"taxonomy":"post_tag","embeddable":true,"href":"https:\/\/www.radiopiu.net\/wordpress\/wp-json\/wp\/v2\/tags?post=253164"}],"curies":[{"name":"wp","href":"https:\/\/api.w.org\/{rel}","templated":true}]}}