{"id":253249,"date":"2022-01-14T05:03:01","date_gmt":"2022-01-14T04:03:01","guid":{"rendered":"https:\/\/www.radiopiu.net\/wordpress\/?p=253249"},"modified":"2022-01-14T05:05:40","modified_gmt":"2022-01-14T04:05:40","slug":"allinternational-motor-day-di-cortina-con-andrea-fontana","status":"publish","type":"post","link":"https:\/\/www.radiopiu.net\/wordpress\/allinternational-motor-day-di-cortina-con-andrea-fontana\/","title":{"rendered":"ALL&#8217;INTERNATIONAL MOTOR DAY DI CORTINA CON ANDREA FONTANA"},"content":{"rendered":"<p>&nbsp;<\/p>\n<h2><span style=\"color: #ff0000;\">IERI ALLA RADIO\u00a0<\/span><\/h2>\n<blockquote>\n<h3>INVERNO 2022: LO ZERO TERMICO E&#8217;&#8230;.A RADIO PIU&#8217;.<\/h3>\n<p><span style=\"color: #ff0000;\"><em><a href=\"https:\/\/www.radiopiu.net\/wordpress\/giornale-radiopiu-05-aprile-2019-direttore-mirko-mezzacasa\/fontana-con-bmw-a-monza\/\" rel=\"attachment wp-att-81576\"><img loading=\"lazy\" decoding=\"async\" class=\"wp-image-81576 alignleft\" src=\"https:\/\/www.radiopiu.net\/wordpress\/wp-content\/uploads\/2019\/04\/FONTANA-CON-BMW-A-MONZA-225x300.jpg\" alt=\"\" width=\"151\" height=\"201\" srcset=\"https:\/\/www.radiopiu.net\/wordpress\/wp-content\/uploads\/2019\/04\/FONTANA-CON-BMW-A-MONZA-225x300.jpg 225w, https:\/\/www.radiopiu.net\/wordpress\/wp-content\/uploads\/2019\/04\/FONTANA-CON-BMW-A-MONZA-768x1024.jpg 768w\" sizes=\"auto, (max-width: 151px) 100vw, 151px\" \/><\/a>ZERO TERMICO E&#8217; UN VIAGGIO ALLA SCOPERTA DEL NOSTRO TERRITORIO, DALLA VOCE DEI PROTAGONISTI. TURISMO, SPORT, EVENTI, CULTURA, INTRATTENIMENTO. DAL LUNEDI&#8217; AL VENERDI ALLE 15.10 ALLE 20.30. ZERO TERMICO. UN APPUNTAMENTO IN COLLABORAZIONE CON: SPORT 203. LA NATURALE PORTA D&#8217;INGRESSO&#8230;.VERSO LO ZERO TERMICO. LOCALITA&#8217; LE CAMPE STRADA AGORDO BBELLUNO. ABBIGLIAMENTO E ATTREZZATURA&#8230;.DEDICATI A CHI AMA LA MONTAGNA.<\/em><\/span><\/p><\/blockquote>\n<p><strong>di Claudio Fontanive<\/strong><\/p>\n<p><strong>PUNTATA 04 DEL 13 GENNAIO 2022, OSPITE\u00a0 ANDREA FONTANA_PILOTA<br \/>\n<\/strong><\/p>\n<audio class=\"wp-audio-shortcode\" id=\"audio-253249-1\" preload=\"none\" style=\"width: 100%;\" controls=\"controls\"><source type=\"audio\/mpeg\" src=\"https:\/\/www.radiopiu.net\/wordpress\/wp-content\/uploads\/2022\/01\/andrea-fontana-13-gennaio.mp3?_=1\" \/><a href=\"https:\/\/www.radiopiu.net\/wordpress\/wp-content\/uploads\/2022\/01\/andrea-fontana-13-gennaio.mp3\">https:\/\/www.radiopiu.net\/wordpress\/wp-content\/uploads\/2022\/01\/andrea-fontana-13-gennaio.mp3<\/a><\/audio>\n<p>&nbsp;<\/p>\n<p>&nbsp;<\/p>\n<hr \/>\n<p>&nbsp;<\/p>\n<p>&nbsp;<\/p>\n<p><strong>CORTINA<\/strong> Nel prossimo fine settimana si accendono i motori a Cortina. Venerd\u00ec, sabato e domenica \u00e8 in programma l&#8217;International Motor Day sulle nevi di Fiames. Tra i protagonisti della tre giorni dedicata ai motori anche il pilota bellunese Andrea Fontana. &#8220;<em><span class=\"s1\">E&#8217; con grande entusiasmo che annuncio che nel prossimo fine settimana sar\u00f2 nelle mie valli, a Cortina d&#8217;Ampezzo con una vera RaceCar &#8211; dice Fontana &#8211; la <span class=\"Apple-converted-space\">\u00a0<\/span>Mercedes AMG GT4 a scaldare le nevi di Fiames e Corso Italia. Grazie a International Motors Day avr\u00f2 la possibilit\u00e0 di scatenare tutti i 450 cavalli del V8 Bi-turbo AMG, bruciare un p\u00f2 di gomme e farvi salire a bordo con me per un&#8217;experience adrenalinica. Ma soprattuto regalarvi emozioni uniche in un contesto irripetibile, le Dolomiti di Cortina d\u2019Ampezzo. <\/span><span class=\"s1\">E&#8217; Qualcosa mai fatto prima &#8211; conclude Fontana &#8211; un festival dedicato ai motori che vedr\u00e0 esibizioni di Freestyle motocross, spettacoli Stunt-man, Taxi Drift, Off-Road experience, Test Drive Jeep, Motoslitte, servizio Elitour, musica, show con ospiti, Dj set, Bike trial, simulatore F1 e tanto altro..<\/span><\/em><span class=\"s1\">&#8220;<\/span><\/p>\n<p><strong>IL PROGRAMMA DELLA TRE GIORNI A CORTINA<\/strong><\/p>\n<p><a href=\"https:\/\/www.radiopiu.net\/wordpress\/allinternational-motor-day-di-cortina-con-andrea-fontana\/3139ec52-04e8-e712-0d2e-1cd546a6397b\/\" rel=\"attachment wp-att-253262\"><img loading=\"lazy\" decoding=\"async\" class=\"alignnone wp-image-253262 size-large\" src=\"https:\/\/www.radiopiu.net\/wordpress\/wp-content\/uploads\/2022\/01\/3139ec52-04e8-e712-0d2e-1cd546a6397b-1024x1020.jpg\" alt=\"\" width=\"1024\" height=\"1020\" srcset=\"https:\/\/www.radiopiu.net\/wordpress\/wp-content\/uploads\/2022\/01\/3139ec52-04e8-e712-0d2e-1cd546a6397b-1024x1020.jpg 1024w, https:\/\/www.radiopiu.net\/wordpress\/wp-content\/uploads\/2022\/01\/3139ec52-04e8-e712-0d2e-1cd546a6397b-300x300.jpg 300w, https:\/\/www.radiopiu.net\/wordpress\/wp-content\/uploads\/2022\/01\/3139ec52-04e8-e712-0d2e-1cd546a6397b-150x150.jpg 150w, https:\/\/www.radiopiu.net\/wordpress\/wp-content\/uploads\/2022\/01\/3139ec52-04e8-e712-0d2e-1cd546a6397b-768x765.jpg 768w, https:\/\/www.radiopiu.net\/wordpress\/wp-content\/uploads\/2022\/01\/3139ec52-04e8-e712-0d2e-1cd546a6397b.jpg 1280w\" sizes=\"auto, (max-width: 1024px) 100vw, 1024px\" \/><\/a><\/p>\n<p>&nbsp;<\/p>\n<p><strong>IL VIDEO TRAILER DELL&#8217;EVENTO<\/strong><\/p>\n<p><iframe loading=\"lazy\" title=\"IMD Cortina - Trailer\" width=\"1200\" height=\"675\" src=\"https:\/\/www.youtube.com\/embed\/__JTN6DDfRY?feature=oembed\" frameborder=\"0\" allow=\"accelerometer; autoplay; clipboard-write; encrypted-media; gyroscope; picture-in-picture\" allowfullscreen><\/iframe><\/p>\n<p>&nbsp;<\/p>\n<p>&nbsp;<\/p>\n<p>*****<\/p>\n","protected":false},"excerpt":{"rendered":"<p>&nbsp; IERI ALLA RADIO\u00a0 INVERNO 2022: LO ZERO TERMICO E&#8217;&#8230;.A RADIO PIU&#8217;. ZERO TERMICO E&#8217; UN VIAGGIO ALLA SCOPERTA DEL NOSTRO TERRITORIO, DALLA VOCE DEI PROTAGONISTI. TURISMO, SPORT, EVENTI, CULTURA, INTRATTENIMENTO. DAL LUNEDI&#8217; AL VENERDI ALLE 15.10 ALLE 20.30. ZERO TERMICO. UN APPUNTAMENTO IN COLLABORAZIONE CON: SPORT 203. LA NATURALE PORTA D&#8217;INGRESSO&#8230;.VERSO LO ZERO TERMICO.&hellip;<\/p>\n","protected":false},"author":4,"featured_media":253263,"comment_status":"closed","ping_status":"open","sticky":false,"template":"","format":"standard","meta":{"_monsterinsights_skip_tracking":false,"_monsterinsights_sitenote_active":false,"_monsterinsights_sitenote_note":"","_monsterinsights_sitenote_category":0,"footnotes":""},"categories":[104,49],"tags":[],"class_list":["post-253249","post","type-post","status-publish","format-standard","has-post-thumbnail","hentry","category-evidenza_3","category-news-18","category-104","category-49","description-off"],"img_url":"https:\/\/www.radiopiu.net\/wordpress\/wp-content\/uploads\/2022\/01\/8a9661c8-6ce6-4c68-fcfd-df1a08c04aed.jpeg","_links":{"self":[{"href":"https:\/\/www.radiopiu.net\/wordpress\/wp-json\/wp\/v2\/posts\/253249","targetHints":{"allow":["GET"]}}],"collection":[{"href":"https:\/\/www.radiopiu.net\/wordpress\/wp-json\/wp\/v2\/posts"}],"about":[{"href":"https:\/\/www.radiopiu.net\/wordpress\/wp-json\/wp\/v2\/types\/post"}],"author":[{"embeddable":true,"href":"https:\/\/www.radiopiu.net\/wordpress\/wp-json\/wp\/v2\/users\/4"}],"replies":[{"embeddable":true,"href":"https:\/\/www.radiopiu.net\/wordpress\/wp-json\/wp\/v2\/comments?post=253249"}],"version-history":[{"count":0,"href":"https:\/\/www.radiopiu.net\/wordpress\/wp-json\/wp\/v2\/posts\/253249\/revisions"}],"wp:featuredmedia":[{"embeddable":true,"href":"https:\/\/www.radiopiu.net\/wordpress\/wp-json\/wp\/v2\/media\/253263"}],"wp:attachment":[{"href":"https:\/\/www.radiopiu.net\/wordpress\/wp-json\/wp\/v2\/media?parent=253249"}],"wp:term":[{"taxonomy":"category","embeddable":true,"href":"https:\/\/www.radiopiu.net\/wordpress\/wp-json\/wp\/v2\/categories?post=253249"},{"taxonomy":"post_tag","embeddable":true,"href":"https:\/\/www.radiopiu.net\/wordpress\/wp-json\/wp\/v2\/tags?post=253249"}],"curies":[{"name":"wp","href":"https:\/\/api.w.org\/{rel}","templated":true}]}}