{"id":253289,"date":"2022-01-11T05:44:38","date_gmt":"2022-01-11T04:44:38","guid":{"rendered":"https:\/\/www.radiopiu.net\/wordpress\/?p=253289"},"modified":"2022-01-11T06:09:21","modified_gmt":"2022-01-11T05:09:21","slug":"aggiornamento-covid-ulss-5230-persone-attualmente-positive-54-pazienti-ricoverati-e-un-decesso-nelle-ultime-ore","status":"publish","type":"post","link":"https:\/\/www.radiopiu.net\/wordpress\/aggiornamento-covid-ulss-5230-persone-attualmente-positive-54-pazienti-ricoverati-e-un-decesso-nelle-ultime-ore\/","title":{"rendered":"AGGIORNAMENTO COVID ULSS: 5230 PERSONE ATTUALMENTE POSITIVE, 54 PAZIENTI RICOVERATI E UN DECESSO NELLE ULTIME ORE"},"content":{"rendered":"<p><strong>BELLUNO <\/strong>Aggiornamento settimanale a cura dell&#8217;Ulss 1 Dolomiti sulla situazione epidemiologica in provincia di Belluno.<\/p>\n<table width=\"652\">\n<tbody>\n<tr>\n<td width=\"326\"><strong>ATTUALI POSITIVI<\/strong><\/td>\n<td width=\"326\">5230<\/p>\n<p>&nbsp;<\/td>\n<\/tr>\n<\/tbody>\n<\/table>\n<p>&nbsp;<\/p>\n<p><img loading=\"lazy\" decoding=\"async\" class=\" wp-image-253290 alignleft\" src=\"https:\/\/www.radiopiu.net\/wordpress\/wp-content\/uploads\/2022\/01\/2-290x300.jpg\" alt=\"\" width=\"246\" height=\"254\" srcset=\"https:\/\/www.radiopiu.net\/wordpress\/wp-content\/uploads\/2022\/01\/2-290x300.jpg 290w, https:\/\/www.radiopiu.net\/wordpress\/wp-content\/uploads\/2022\/01\/2-768x793.jpg 768w, https:\/\/www.radiopiu.net\/wordpress\/wp-content\/uploads\/2022\/01\/2.jpg 964w\" sizes=\"auto, (max-width: 246px) 100vw, 246px\" \/><\/p>\n<p>Appare evidente un incremento esponenziale delle nuove positivit\u00e0 registrate in quella che si definisce \u201cquarta ondata\u201d. Nel dettaglio, i nuovi casi rilevati nell\u2019ultima settimana sono <strong>3.080 <\/strong>(+1.347 rispetto alla scorsa settimana), con un conseguente tasso di incidenza settimanale di <strong>1.543 casi su 100 mila abitanti<\/strong>, circa il doppio rispetto alla settimana precedente, ma ancora <strong>inferiore all&#8217;incidenza nazionale<\/strong> (1.871 su 100 mila abitanti).<\/p>\n<p><strong>INCIDENZA<\/strong> La mappa dei colori aggiunge tonalit\u00e0 molto pi\u00f9 scure rispetto a tutti i precedenti aggiornamenti della quarta ondata. Si aggiungono infatti i Comuni con oltre 2000 casi ogni 100mila abitanti: a Cortina, Perarolo e Arsi\u00e8. Ci sono poi i tanti Comuni (il numero maggiore) con 1000-2000 casi ogni 100 mila abitanti. In Cadore ci sono anche due Comuni che non hanno segnalato casi negli ultimi sette giorni. Nell&#8217;Agordino maggior numero di casi tra la Conca Agordina e la Valle del Cordevole, meglio in Valle del Biois. Vallada e Voltago i Comuni con la minor incidenza.<\/p>\n<p>&nbsp;<\/p>\n<p><strong><a href=\"https:\/\/www.radiopiu.net\/wordpress\/aggiornamento-covid-ulss-5230-persone-attualmente-positive-54-pazienti-ricoverati-e-un-decesso-nelle-ultime-ore\/3-85\/\" rel=\"attachment wp-att-253291\"><img loading=\"lazy\" decoding=\"async\" class=\"size-medium wp-image-253291 alignright\" src=\"https:\/\/www.radiopiu.net\/wordpress\/wp-content\/uploads\/2022\/01\/3-290x300.jpg\" alt=\"\" width=\"290\" height=\"300\" srcset=\"https:\/\/www.radiopiu.net\/wordpress\/wp-content\/uploads\/2022\/01\/3-290x300.jpg 290w, https:\/\/www.radiopiu.net\/wordpress\/wp-content\/uploads\/2022\/01\/3-768x793.jpg 768w, https:\/\/www.radiopiu.net\/wordpress\/wp-content\/uploads\/2022\/01\/3.jpg 964w\" sizes=\"auto, (max-width: 290px) 100vw, 290px\" \/><\/a>NUOVI CASI IN SETTE GIORNI<\/strong> Si salvano solo due Comuni in Cadore, gli unici che non segnalano nuovi casi, nel resto della provincia \u00e8 un brulicar di numeri, ovvero di nuovi casi: 514 a Belluno, 273 Feltre, 186 Sedico, 182 Borgo Valbelluna, 139 Ponte nelle Alpi, 122 Cortina. Nell&#8217;Agordino maggior numero di nuovi casi a Taibon (24), 1 a Gosaldo.<\/p>\n<p>Nella settimana trascorsa i nuovi casi si collocano prevalentemente nelle fasce centrali 25-64 anni, attestando un probabile ruolo attivo della socializzazione legata alle festivit\u00e0. Si conferma il trend delle settimane precedenti in merito alle percentuali di contagi tra vaccinati e non vaccinati, con ulteriore evidenza del potere protettivo della vaccinazione non solo sulla casistica grave, ma anche sul rischio di infezione. Questa settimana: Il rapporto tra nuovi positivi vaccinati sulla popolazione <strong>vaccinata con terza dose \u00e8 di 0,45% <\/strong>Il rapporto tra nuovi positivi non vaccinati su popolazione non vaccinata \u00e8 di 2,48% In totale, nella settimana, sono stati refertati 16.769 tamponi (+1440 rispetto alla settimana precedente). Particolarmente significativo risulta il lavoro svolto dalle farmacie del territorio per i tamponi antigenici. Nella settimana qui analizzata sono stati somministrati 5 \u00a0trattamenti con monoclonali dall\u2019Unit\u00e0 Operativa di\u00a0 Malattie Infettive di Belluno, per un totale di 269 dosi complessive. Inoltre, \u00e8 stato prescritto il primo trattamento per via orale con Molnupiravir Il Molnupiravir \u00e8 un farmaco antivirale orale, il cui utilizzo \u00e8 indicato entro 5 giorni dall\u2019insorgenza dei sintomi in pazienti che presentano particolari fattori di rischio tra cui l\u2019obesit\u00e0, la BPCO, l\u2019insufficienza renale cronica, il diabete, etc. La durata del trattamento, che consiste nell\u2019assunzione di 4 compresse (da 200 mg) 2 volte al giorno, \u00e8 di 5 giorni. Al momento la prescrizione \u00e8 effettuata dalla UO Malattie Infettive, nelle prossime settimane saranno abilitati alla prescrizione anche i medici di assistenza primaria.<\/p>\n<p>Sono attualmente ricoverati<\/p>\n<table width=\"657\">\n<tbody>\n<tr>\n<td width=\"176\"><strong>Area <\/strong><\/td>\n<td width=\"154\"><strong>Belluno<\/strong><\/td>\n<td width=\"153\"><strong>Feltre<\/strong><\/td>\n<td width=\"175\"><strong>N totale pazienti ricoverati<\/strong><\/td>\n<\/tr>\n<tr>\n<td width=\"176\"><strong>Terapia Intensiva <\/strong><\/td>\n<td width=\"154\"><strong>0<\/strong><\/td>\n<td width=\"153\"><strong>5<\/strong><\/td>\n<td width=\"175\"><strong>5<\/strong><\/td>\n<\/tr>\n<tr>\n<td width=\"176\"><strong>Area non critica Belluno<\/strong><\/td>\n<td width=\"154\"><strong>22<\/strong><\/td>\n<td width=\"153\"><strong>16<\/strong><\/td>\n<td width=\"175\"><strong>38<\/strong><\/td>\n<\/tr>\n<tr>\n<td width=\"176\"><strong>Ospedale di Comunit\u00e0 <\/strong><\/td>\n<td width=\"154\"><strong>\/<\/strong><\/td>\n<td width=\"153\"><strong>11<\/strong><\/td>\n<td width=\"175\"><strong>11<\/strong><\/td>\n<\/tr>\n<\/tbody>\n<\/table>\n<p>&nbsp;<\/p>\n<p>Il 60% dei pazienti ricoverati \u00e8 NON vaccinato. La maggior parte delle persone ricoverate vaccinate ha ricevuto la seconda dose pi\u00f9 di cinque\/sei mesi fa, attestando l\u2019opportunit\u00e0 di eseguire il prima possibile la dose booster. Il 9 gennaio \u00e8 deceduto un uomo di 63 anni ricoverato in Rianimazione a Feltre<\/p>\n<p>&nbsp;<\/p>\n\n\t\t\t<style type='text\/css'>\n\t\t\t\t#gallery-1 {\n\t\t\t\t\tmargin: auto;\n\t\t\t\t}\n\t\t\t\t#gallery-1 .gallery-item {\n\t\t\t\t\tfloat: left;\n\t\t\t\t\tmargin-top: 10px;\n\t\t\t\t\ttext-align: center;\n\t\t\t\t\twidth: 33%;\n\t\t\t\t}\n\t\t\t\t#gallery-1 img {\n\t\t\t\t\tborder: 2px solid #cfcfcf;\n\t\t\t\t}\n\t\t\t\t#gallery-1 .gallery-caption {\n\t\t\t\t\tmargin-left: 0;\n\t\t\t\t}\n\t\t\t\t\/* see gallery_shortcode() in wp-includes\/media.php *\/\n\t\t\t<\/style>\n\t\t<div id='gallery-1' class='dt-gallery-container gallery galleryid-253289 gallery-columns-3 gallery-size-medium'><dl class='gallery-item'>\n\t\t\t\t<dt class='gallery-icon landscape'>\n\t\t\t\t\t<a class=\"rollover rollover-zoom dt-pswp-item\" title=\"1\" data-dt-img-description=\"\" data-large_image_width=\"964\" data-large_image_height=\"418\"href='https:\/\/www.radiopiu.net\/wordpress\/wp-content\/uploads\/2022\/01\/1.jpg'><img loading=\"lazy\" decoding=\"async\" width=\"300\" height=\"130\" src=\"https:\/\/www.radiopiu.net\/wordpress\/wp-content\/uploads\/2022\/01\/1-300x130.jpg\" class=\"attachment-medium size-medium\" alt=\"\" aria-describedby=\"gallery-1-253292\" srcset=\"https:\/\/www.radiopiu.net\/wordpress\/wp-content\/uploads\/2022\/01\/1-300x130.jpg 300w, https:\/\/www.radiopiu.net\/wordpress\/wp-content\/uploads\/2022\/01\/1-768x333.jpg 768w, https:\/\/www.radiopiu.net\/wordpress\/wp-content\/uploads\/2022\/01\/1.jpg 964w\" sizes=\"auto, (max-width: 300px) 100vw, 300px\" \/><\/a>\n\t\t\t\t<\/dt>\n\t\t\t\t\t<dd class='wp-caption-text gallery-caption' id='gallery-1-253292'>\n\t\t\t\t\tANDAMENTO EPIDEMICO DA MARZO 2020\n\t\t\t\t\t<\/dd><\/dl><dl class='gallery-item'>\n\t\t\t\t<dt class='gallery-icon landscape'>\n\t\t\t\t\t<a class=\"rollover rollover-zoom dt-pswp-item\" title=\"4\" data-dt-img-description=\"\" data-large_image_width=\"964\" data-large_image_height=\"586\"href='https:\/\/www.radiopiu.net\/wordpress\/wp-content\/uploads\/2022\/01\/4.png'><img loading=\"lazy\" decoding=\"async\" width=\"300\" height=\"182\" src=\"https:\/\/www.radiopiu.net\/wordpress\/wp-content\/uploads\/2022\/01\/4-300x182.png\" class=\"attachment-medium size-medium\" alt=\"\" aria-describedby=\"gallery-1-253293\" srcset=\"https:\/\/www.radiopiu.net\/wordpress\/wp-content\/uploads\/2022\/01\/4-300x182.png 300w, https:\/\/www.radiopiu.net\/wordpress\/wp-content\/uploads\/2022\/01\/4-768x467.png 768w, https:\/\/www.radiopiu.net\/wordpress\/wp-content\/uploads\/2022\/01\/4.png 964w\" sizes=\"auto, (max-width: 300px) 100vw, 300px\" \/><\/a>\n\t\t\t\t<\/dt>\n\t\t\t\t\t<dd class='wp-caption-text gallery-caption' id='gallery-1-253293'>\n\t\t\t\t\tNUMERO DI CASI POSITIVI PER FASCIA D&#8217;ETA&#8217;\n\t\t\t\t\t<\/dd><\/dl><dl class='gallery-item'>\n\t\t\t\t<dt class='gallery-icon landscape'>\n\t\t\t\t\t<a class=\"rollover rollover-zoom dt-pswp-item\" title=\"5\" data-dt-img-description=\"\" data-large_image_width=\"804\" data-large_image_height=\"314\"href='https:\/\/www.radiopiu.net\/wordpress\/wp-content\/uploads\/2022\/01\/5.jpg'><img loading=\"lazy\" decoding=\"async\" width=\"300\" height=\"117\" src=\"https:\/\/www.radiopiu.net\/wordpress\/wp-content\/uploads\/2022\/01\/5-300x117.jpg\" class=\"attachment-medium size-medium\" alt=\"\" aria-describedby=\"gallery-1-253294\" srcset=\"https:\/\/www.radiopiu.net\/wordpress\/wp-content\/uploads\/2022\/01\/5-300x117.jpg 300w, https:\/\/www.radiopiu.net\/wordpress\/wp-content\/uploads\/2022\/01\/5-768x300.jpg 768w, https:\/\/www.radiopiu.net\/wordpress\/wp-content\/uploads\/2022\/01\/5.jpg 804w\" sizes=\"auto, (max-width: 300px) 100vw, 300px\" \/><\/a>\n\t\t\t\t<\/dt>\n\t\t\t\t\t<dd class='wp-caption-text gallery-caption' id='gallery-1-253294'>\n\t\t\t\t\tTAMPONI ANTIGENICI EFFETUATI\n\t\t\t\t\t<\/dd><\/dl><br style=\"clear: both\" \/>\n\t\t\t<\/div>\n\n<p>&nbsp;<\/p>\n<p>&nbsp;<\/p>\n<p>******<\/p>\n","protected":false},"excerpt":{"rendered":"<p>BELLUNO Aggiornamento settimanale a cura dell&#8217;Ulss 1 Dolomiti sulla situazione epidemiologica in provincia di Belluno. ATTUALI POSITIVI 5230 &nbsp; &nbsp; Appare evidente un incremento esponenziale delle nuove positivit\u00e0 registrate in quella che si definisce \u201cquarta ondata\u201d. Nel dettaglio, i nuovi casi rilevati nell\u2019ultima settimana sono 3.080 (+1.347 rispetto alla scorsa settimana), con un conseguente tasso&hellip;<\/p>\n","protected":false},"author":4,"featured_media":253291,"comment_status":"closed","ping_status":"open","sticky":false,"template":"","format":"standard","meta":{"_monsterinsights_skip_tracking":false,"_monsterinsights_sitenote_active":false,"_monsterinsights_sitenote_note":"","_monsterinsights_sitenote_category":0,"footnotes":""},"categories":[51,49],"tags":[],"class_list":["post-253289","post","type-post","status-publish","format-standard","has-post-thumbnail","hentry","category-evidenza-top","category-news-18","category-51","category-49","description-off"],"img_url":"https:\/\/www.radiopiu.net\/wordpress\/wp-content\/uploads\/2022\/01\/3.jpg","_links":{"self":[{"href":"https:\/\/www.radiopiu.net\/wordpress\/wp-json\/wp\/v2\/posts\/253289","targetHints":{"allow":["GET"]}}],"collection":[{"href":"https:\/\/www.radiopiu.net\/wordpress\/wp-json\/wp\/v2\/posts"}],"about":[{"href":"https:\/\/www.radiopiu.net\/wordpress\/wp-json\/wp\/v2\/types\/post"}],"author":[{"embeddable":true,"href":"https:\/\/www.radiopiu.net\/wordpress\/wp-json\/wp\/v2\/users\/4"}],"replies":[{"embeddable":true,"href":"https:\/\/www.radiopiu.net\/wordpress\/wp-json\/wp\/v2\/comments?post=253289"}],"version-history":[{"count":0,"href":"https:\/\/www.radiopiu.net\/wordpress\/wp-json\/wp\/v2\/posts\/253289\/revisions"}],"wp:featuredmedia":[{"embeddable":true,"href":"https:\/\/www.radiopiu.net\/wordpress\/wp-json\/wp\/v2\/media\/253291"}],"wp:attachment":[{"href":"https:\/\/www.radiopiu.net\/wordpress\/wp-json\/wp\/v2\/media?parent=253289"}],"wp:term":[{"taxonomy":"category","embeddable":true,"href":"https:\/\/www.radiopiu.net\/wordpress\/wp-json\/wp\/v2\/categories?post=253289"},{"taxonomy":"post_tag","embeddable":true,"href":"https:\/\/www.radiopiu.net\/wordpress\/wp-json\/wp\/v2\/tags?post=253289"}],"curies":[{"name":"wp","href":"https:\/\/api.w.org\/{rel}","templated":true}]}}