{"id":253429,"date":"2022-01-12T05:38:22","date_gmt":"2022-01-12T04:38:22","guid":{"rendered":"https:\/\/www.radiopiu.net\/wordpress\/?p=253429"},"modified":"2022-01-12T05:59:39","modified_gmt":"2022-01-12T04:59:39","slug":"dalla-direzione-dellulss1-dolomiti-la-conferenza-stampa-in-diretta-su-radiopiu","status":"publish","type":"post","link":"https:\/\/www.radiopiu.net\/wordpress\/dalla-direzione-dellulss1-dolomiti-la-conferenza-stampa-in-diretta-su-radiopiu\/","title":{"rendered":"DALLA DIREZIONE DELL&#8217;ULSS1 DOLOMITI, LA CONFERENZA STAMPA IN DIRETTA  SU RADIOPIU"},"content":{"rendered":"<p>&nbsp;<\/p>\n<p><strong>BELLUNO<\/strong> Punto stampa aggiornamento covid 19 in provincia, dalla Direzione dell&#8217;Ulss1 Dolomiti.<br \/>\nDiretta facebook.<\/p>\n<blockquote>\n<h3>LEGGI LA CONFERENZA STAMPA IN TEMPO REALE, AGGIORNAMENTO CONTINUO<\/h3>\n<\/blockquote>\n<p>Eccoci pronti per il punto dopo le festivit\u00e0. <strong>La situazione epidemiologica<\/strong>: 5820 positivi, nelle ultime 24 ore 672, incidenza che aumenta e lo si vede dalla colorazione delle mappe rese note ieri, 1539 nuovi casi su 100mila abitanti, inferiore rispetto al dato nazionale, ma aumentando non consola. Mai tanti positivi come oggi.\u00a0 <strong>Da fine dicembre del 2021<\/strong> l&#8217;istogramma del grafico supera quello dell&#8217;anno precedente. Stiamo facendo parecchi<strong> tamponi<\/strong>, si aggiungono tutti i tamponi delle farmacie territoriali. Raggiungiamo importanti soglie, un importante carico di lavoro per i laboratori, perch\u00e9 tutti gli esami vengono fatti dai nostri laboratori che sono in sofferenza. Mettendo insieme tamponi e positivit\u00e0 i positivi sono in aumento nel territorio cos\u00ec anche in Veneto e tutta Italia. <strong>Ricoveri<\/strong> 34 area non critica\u00a0 5 terapia intensiva\u00a0 11 ospedale comunit\u00e0 Feltre,\u00a0 et\u00e0 media vaccinati 76,2,\u00a0 \u00a0non vaccinate ricoverati et\u00e0 media 69,3,\u00a0 i 5 della terapia intensiva non sono vaccinati nemmeno il 60% dei ricoverati in area non critica. Rispetto allo scorso anno il numero dei ricoveri non \u00e8 paragonabile, erano molti di pi\u00f9 un anno fa pur con un numero di positivi oggi molto pi\u00f9 alto, conseguenza della vaccinazione. <strong>Nelle case di riposo<\/strong> un anno fa erano in sofferenza, oggi abbiamo 3 case di riposo con qualche ospite positivo ma senza problemi: 1 Alano di Piave 2 Seren del Grappa e 8 Pieve di Cadore. <strong>Ecco cosa deve fare il positivo<\/strong>: isolarsi, seguire le indicazioni, avvisare i contatti stretti. Sia per l&#8217;isolamento (del positivo) che la quarantena del contatto di caso, differenziata soprattutto tra vaccinati e non vaccinati. I vaccinati isolati per 7 giorni, gli altri per 10. <strong>I contatti stretti<\/strong> di caso beneficiano di un&#8217;autosorveglianza non vanno nemmeno in quarantena con 5 giorni di automonitoraggio portando la mascherina ffp2. Hanno invece la quarantena breve se vaccinati parziali e la quarantena lunga se non vaccinati. <strong>Oltre 396mila dosi di vaccino<\/strong>, l&#8217;83% della popolazione vaccinabile con almeno una dose (160mila) 80,5% ciclo completo (155mila) e 16,9% non ancora vaccinata cio\u00e8 32.500 bellunesi che non sono pochi. Quasi tutte la fasce d&#8217;et\u00e0 sopra l&#8217;80%, 19% dei 5-11 anni, 93% over 79. <strong>Persone da vaccinare<\/strong> 1549 (70-79 anni) 3&#8217;046 (60-69) 4452 (50-59) 2899 (40-49) 2731 (12-19)\u00a0 8823 (5-11) <strong>Terze dosi,<\/strong> eseguite oltre 93mila anche grazie ai medici di medicina generale, 85,7% over 80 vaccinati con terza dose, 86,5% tra i 70 e i 79 anni. In generale 75,4% della popolazione vaccinata con la terza dose. Vaccinazione pediatrica, vaccinati 2065 bambini tra i 5-11 anni pari al 19% della popolazione vaccinabile. Sono partite tre iniziative: prima dose ad accesso libero per gli over 50: dose booster 12-15 anni e aggiornamento dose booster a 4 mesi. Sul portale le modalit\u00e0 per prenotarsi. In questi giorni problemi informatici, di server, elevato numero di accessi in contemporanea. Ieri in tarda serata \u00e8 stato fatto un lavoro straordinario che dovrebbe aver risolto il problema. Un rallentamento che ha comportato ritardi e ci scusiamo. <strong>PREVISIONE DEL PICCO IN PROVINCIA <\/strong>Difficile fare previsioni anche nelle Universit\u00e0 per chi lo fa di mestiere. Quello che viviamo \u00e8 una novit\u00e0 mai vissuta, un virus che si modifica e rende difficile anche l&#8217;applicazione di qualsiasi modello matematico. Siamo in crescita in questo momento e non abbiamo evidenza d&#8217;essere in una fase di plateau. Non sappiamo per quanto continuer\u00e0 a crescere. Abbiamo ancora davanti giorni faticosi. <strong>15% OVER 80 NON VACCINATI terza dose, PERCHE&#8217;? <\/strong>L&#8217;85% \u00e8 vaccinato e c&#8217;\u00e8 gente in prenotazione. No la popolazione ha risposto bene. <strong>PERSONE CHE INVITANO A CENA POSITIVI <\/strong>Non merita risposta \u00e8 il momento della responsabilit\u00e0 e non solo pensare a se stessi ma alle comunit\u00e0.<\/p>\n<p>&nbsp;<\/p>\n<p><a href=\"https:\/\/www.facebook.com\/radiopiu\/videos\/300594312018198\">https:\/\/www.facebook.com\/radiopiu\/videos\/300594312018198<\/a><\/p>\n<p>&nbsp;<\/p>\n<p><strong>LA SLIDE DELL&#8217;ULSS 1 DOLOMITI PRESENTATA IN CONFERENZA STAMPA (20 PAGINE)<\/strong><\/p>\n<a href=\"https:\/\/www.radiopiu.net\/wordpress\/wp-content\/uploads\/2022\/01\/conferenza-stampa-11-gennaio-2021.pdf\" class=\"pdfemb-viewer\" style=\"\" data-width=\"max\" data-height=\"max\" data-toolbar=\"top\" data-toolbar-fixed=\"on\">conferenza stampa 11 gennaio 2021<\/a>\n<p>&nbsp;<\/p>\n<p>&nbsp;<\/p>\n<p>***<\/p>\n","protected":false},"excerpt":{"rendered":"<p>&nbsp; BELLUNO Punto stampa aggiornamento covid 19 in provincia, dalla Direzione dell&#8217;Ulss1 Dolomiti. Diretta facebook. LEGGI LA CONFERENZA STAMPA IN TEMPO REALE, AGGIORNAMENTO CONTINUO Eccoci pronti per il punto dopo le festivit\u00e0. La situazione epidemiologica: 5820 positivi, nelle ultime 24 ore 672, incidenza che aumenta e lo si vede dalla colorazione delle mappe rese note&hellip;<\/p>\n","protected":false},"author":4,"featured_media":121260,"comment_status":"closed","ping_status":"open","sticky":false,"template":"","format":"standard","meta":{"_monsterinsights_skip_tracking":false,"_monsterinsights_sitenote_active":false,"_monsterinsights_sitenote_note":"","_monsterinsights_sitenote_category":0,"footnotes":""},"categories":[51,49],"tags":[],"class_list":["post-253429","post","type-post","status-publish","format-standard","has-post-thumbnail","hentry","category-evidenza-top","category-news-18","category-51","category-49","description-off"],"img_url":"https:\/\/www.radiopiu.net\/wordpress\/wp-content\/uploads\/2020\/03\/covid-ulss.jpg","_links":{"self":[{"href":"https:\/\/www.radiopiu.net\/wordpress\/wp-json\/wp\/v2\/posts\/253429","targetHints":{"allow":["GET"]}}],"collection":[{"href":"https:\/\/www.radiopiu.net\/wordpress\/wp-json\/wp\/v2\/posts"}],"about":[{"href":"https:\/\/www.radiopiu.net\/wordpress\/wp-json\/wp\/v2\/types\/post"}],"author":[{"embeddable":true,"href":"https:\/\/www.radiopiu.net\/wordpress\/wp-json\/wp\/v2\/users\/4"}],"replies":[{"embeddable":true,"href":"https:\/\/www.radiopiu.net\/wordpress\/wp-json\/wp\/v2\/comments?post=253429"}],"version-history":[{"count":0,"href":"https:\/\/www.radiopiu.net\/wordpress\/wp-json\/wp\/v2\/posts\/253429\/revisions"}],"wp:featuredmedia":[{"embeddable":true,"href":"https:\/\/www.radiopiu.net\/wordpress\/wp-json\/wp\/v2\/media\/121260"}],"wp:attachment":[{"href":"https:\/\/www.radiopiu.net\/wordpress\/wp-json\/wp\/v2\/media?parent=253429"}],"wp:term":[{"taxonomy":"category","embeddable":true,"href":"https:\/\/www.radiopiu.net\/wordpress\/wp-json\/wp\/v2\/categories?post=253429"},{"taxonomy":"post_tag","embeddable":true,"href":"https:\/\/www.radiopiu.net\/wordpress\/wp-json\/wp\/v2\/tags?post=253429"}],"curies":[{"name":"wp","href":"https:\/\/api.w.org\/{rel}","templated":true}]}}