{"id":253516,"date":"2022-01-13T05:41:22","date_gmt":"2022-01-13T04:41:22","guid":{"rendered":"https:\/\/www.radiopiu.net\/wordpress\/?p=253516"},"modified":"2022-01-13T10:14:49","modified_gmt":"2022-01-13T09:14:49","slug":"gr13gen","status":"publish","type":"post","link":"https:\/\/www.radiopiu.net\/wordpress\/gr13gen\/","title":{"rendered":"GIORNALE RADIOPIU 13 GENNAIO 2022 DIRETTORE MIRKO MEZZACASA"},"content":{"rendered":"<h3 class=\"kvgmc6g5 cxmmr5t8 oygrvhab hcukyx3x c1et5uql\"><span style=\"color: #0000ff;\"><strong>INFORMAZIONE il canale su TELEGRAM informazione di prima mano e in tempo reale. iscriviti ed aiutaci a farlo conoscere\u00a0<\/strong><\/span><\/h3>\n<hr \/>\n<p>&nbsp;<\/p>\n<p><strong>IL LUTTO\u00a0\u00a0<\/strong><\/p>\n<blockquote>\n<h3><a href=\"https:\/\/www.radiopiu.net\/wordpress\/giornale-radiopiu-13-gennaio-2022-direttore-mirko-mezzacasa\/giuseppe-guglielmi\/\" rel=\"attachment wp-att-253701\"><img loading=\"lazy\" decoding=\"async\" class=\" wp-image-253701 alignleft\" src=\"https:\/\/www.radiopiu.net\/wordpress\/wp-content\/uploads\/2022\/01\/Giuseppe-Guglielmi-300x153.jpg\" alt=\"\" width=\"243\" height=\"124\" srcset=\"https:\/\/www.radiopiu.net\/wordpress\/wp-content\/uploads\/2022\/01\/Giuseppe-Guglielmi-300x153.jpg 300w, https:\/\/www.radiopiu.net\/wordpress\/wp-content\/uploads\/2022\/01\/Giuseppe-Guglielmi.jpg 768w\" sizes=\"auto, (max-width: 243px) 100vw, 243px\" \/><\/a>E&#8217; MANCATO GIUSEPPE, <em>schietto, sorridente, buono.\u00a0<\/em><\/h3>\n<\/blockquote>\n<p><strong>BELLUNO<\/strong> Nella mattinata di ieri \u00e8 mancato Giuseppe Guglielmi, pap\u00e0 di Luigi. Giuseppe Guglielmi aveva 92 anni. Ha prestato\u00a0 servizio con la Polizia di Stato in Cadore e poi a Belluno dal 1968. La sua numerosa famiglia, con tanti fratelli, molti tuttora attivi, ha visto la nascita di due figli e sei nipotI. I funerali saranno celebrati nella chiesa parrocchiale di Mussoi sabato alle 10.30.\u00a0 Al nostro collega\u00a0 Luigi (Amico del Popolo-Radio Piave) e a tutta la famiglia di Giuseppe Guglielmi le condoglianze pi\u00f9 sincere\u00a0 da tutta la redazione di Radio Pi\u00f9.<\/p>\n<p>.<\/p>\n<p>&nbsp;<\/p>\n<p>&nbsp;<\/p>\n<p>&nbsp;<\/p>\n<hr \/>\n<p>&nbsp;<\/p>\n<blockquote>\n<h3><span style=\"color: #ff0000;\">LA CROCE VERDE VAL BIOIS COMUNICA I DISSERVIZI PER IL MESE DI GENNAIO 2022<\/span><\/h3>\n<\/blockquote>\n<p><strong><a href=\"https:\/\/www.radiopiu.net\/wordpress\/lassessore-gianpaolo-bottacin-ribatte-alle-accuse-del-presidente-della-croce-verde-val-biois-stefano-murer\/croce-verde-val-biois-2\/\" rel=\"attachment wp-att-153811\"><img loading=\"lazy\" decoding=\"async\" class=\" wp-image-153811 alignleft\" src=\"https:\/\/www.radiopiu.net\/wordpress\/wp-content\/uploads\/2020\/08\/CROCE-VERDE-VAL-BIOIS-300x225.jpg\" alt=\"\" width=\"157\" height=\"118\" srcset=\"https:\/\/www.radiopiu.net\/wordpress\/wp-content\/uploads\/2020\/08\/CROCE-VERDE-VAL-BIOIS-300x225.jpg 300w, https:\/\/www.radiopiu.net\/wordpress\/wp-content\/uploads\/2020\/08\/CROCE-VERDE-VAL-BIOIS-1024x768.jpg 1024w, https:\/\/www.radiopiu.net\/wordpress\/wp-content\/uploads\/2020\/08\/CROCE-VERDE-VAL-BIOIS-768x576.jpg 768w, https:\/\/www.radiopiu.net\/wordpress\/wp-content\/uploads\/2020\/08\/CROCE-VERDE-VAL-BIOIS-1536x1153.jpg 1536w, https:\/\/www.radiopiu.net\/wordpress\/wp-content\/uploads\/2020\/08\/CROCE-VERDE-VAL-BIOIS.jpg 1599w\" sizes=\"auto, (max-width: 157px) 100vw, 157px\" \/><\/a>FALCADE<\/strong> Anche nel mese di gennaio la Croce Verde Val Biois non assicura l&#8217;assistenza in alcune giornate. A comunicarlo il presidente Stefano Murer. Queste le date dei disservizi: dalle 20 di\u00a0 OGGI alle\u00a0 20 di DOMANI; VENERDI&#8217; 21 GENNAIO dalle\u00a0 6 alle 20; SABATO 22 GENNAIO dalle\u00a0 6 alle\u00a0 20; DOMENICA 23 GENNAIO dalle\u00a0 20:00 alle 6 di LUNEDI&#8217; 24 GENNAIO; VENERDI&#8217; 28 GENNAIO dalle 6:00 alle 20:00; SABATO 29 GENNAIO dalle 6:00 alle\u00a0 20:00.<\/p>\n<p>&nbsp;<\/p>\n<p>&nbsp;<\/p>\n<hr \/>\n<p>&nbsp;<\/p>\n<blockquote>\n<h3>TRE MEDICI SOSPESI, IN PROVINCIA ORA SONO TREDICI, L&#8217;1,1% DEGLI ISCRITTI ALL&#8217;ALBO<\/h3>\n<\/blockquote>\n<p><a href=\"https:\/\/www.radiopiu.net\/wordpress\/nuove-sospensioni-dallordine-dei-medici-il-punto-in-provincia\/pp-87\/\" rel=\"attachment wp-att-238457\"><img loading=\"lazy\" decoding=\"async\" class=\" wp-image-238457 alignleft\" src=\"https:\/\/www.radiopiu.net\/wordpress\/wp-content\/uploads\/2021\/10\/pp-7.jpg\" alt=\"\" width=\"99\" height=\"99\" srcset=\"https:\/\/www.radiopiu.net\/wordpress\/wp-content\/uploads\/2021\/10\/pp-7.jpg 192w, https:\/\/www.radiopiu.net\/wordpress\/wp-content\/uploads\/2021\/10\/pp-7-150x150.jpg 150w\" sizes=\"auto, (max-width: 99px) 100vw, 99px\" \/><\/a><strong>BELLUNO<\/strong> L\u2019Ordine dei Medici Chirurghi ed Odontoiatri della provincia di Belluno ha valutato le posizioni di iscritti, segnalati dalla Federazione Nazionale degli Ordini dei Medici Chirurghi ed Odontoiatri come inadempienti all\u2019obbligo di vaccinazione anti covid.\u00a0 Sono state irrogate altre 3 sanzioni di sospensione. Ieri i sospesi sono: 9 medici, 3 odontoiatri e un iscritto ad entrambi gli Albi, pari all\u20191,1 % del totale degli attuali iscritti all&#8217;ordine dei Medici.<\/p>\n<p>&nbsp;<\/p>\n<p>&nbsp;<\/p>\n<hr \/>\n<p>&nbsp;<\/p>\n<blockquote>\n<h3><a href=\"https:\/\/www.radiopiu.net\/wordpress\/giornale-radiopiu-10-gennaio-2022-direttore-mirko-mezzacasa\/clipboard01\/\" rel=\"attachment wp-att-253147\"><img loading=\"lazy\" decoding=\"async\" class=\" wp-image-253147 alignleft\" src=\"https:\/\/www.radiopiu.net\/wordpress\/wp-content\/uploads\/2022\/01\/Clipboard01-300x169.webp\" alt=\"\" width=\"211\" height=\"119\" srcset=\"https:\/\/www.radiopiu.net\/wordpress\/wp-content\/uploads\/2022\/01\/Clipboard01-300x169.webp 300w, https:\/\/www.radiopiu.net\/wordpress\/wp-content\/uploads\/2022\/01\/Clipboard01-768x432.webp 768w, https:\/\/www.radiopiu.net\/wordpress\/wp-content\/uploads\/2022\/01\/Clipboard01.webp 960w\" sizes=\"auto, (max-width: 211px) 100vw, 211px\" \/><\/a>DOMANI I FUNERALI DI LUCA DE PAOLI<\/h3>\n<\/blockquote>\n<p><strong>FELTRE<\/strong> Saranno celebrati domani alle 14,30 nella chiesa parrocchiale del Boscariz i funerali di Luca De Paoli, deceduto per un infarto domenica. De paoli noto nel mondo calcistico bellunese e feltrino era pap\u00e0 di tre figli Asia, Filippo e Tommaso. Luca lascia la mamma Enrichetta, i fratelli Renato, a Sara e a Giada.<\/p>\n<p>&nbsp;<\/p>\n<p>&nbsp;<\/p>\n<hr \/>\n<p>&nbsp;<\/p>\n<blockquote>\n<h3>MARIO 102 ANNI E&#8217; ANDATO AVANTI<\/h3>\n<\/blockquote>\n<p><strong><img loading=\"lazy\" decoding=\"async\" class=\"alignleft\" src=\"https:\/\/www.radiopiu.net\/wordpress\/wp-content\/uploads\/2022\/01\/46b8a57d-117a-4c4e-91cc-ead9c993a584.jpg\" width=\"247\" height=\"139\" \/>BORGO VALBELLUNA<\/strong> Due anni fa la festa per i 100 anni, oggi i ricordi dei sui\u00a0 102 anni di vita. E&#8217; mancato l&#8217;alpino Mario Zuccolotto,\u00a0 la mascotte del centro servizi di Lentiai, dove risiedeva da qualche mese. Ieri pomeriggio si \u00e8 tenuto l&#8217;ultimo saluto nella chiesa di Lentiai.\u00a0 Ha svolto la professione di sarto e, per oltre mezzo secolo, ha combattuto la seconda guerra mondiale in Montenegro dove ha perso un fratello. Ha una figlia, Daria, mentre un figlio \u00e8\u00a0 deceduto in un incidente stradale. Il 10 dicembre\u00a0 nella Casa di riposo Ettore e Rosa Mione di Lentiai, si era tenuta la festa per i 102 anni.<\/p>\n<p>LA FESTA pagina facebook Sei di Borgo Valbelluna\u00a0 <span style=\"color: #0000ff;\"><strong><a style=\"color: #0000ff;\" href=\"https:\/\/www.facebook.com\/stefania.dalborgo.5\/videos\/386772473219857\">CLICCA QUI<\/a>\u00a0<\/strong><\/span><\/p>\n<p>&nbsp;<\/p>\n<p>&nbsp;<\/p>\n<hr \/>\n<p>&nbsp;<\/p>\n<blockquote>\n<h3>COVID NELL&#8217;AGORDINO: SU I NUMERI TENENDO CONTO ANCHE DEI TAMPONI DELLE FARMACIE<\/h3>\n<\/blockquote>\n<p>&nbsp;<\/p>\n<blockquote>\n<h2><strong style=\"color: #ff0000; font-size: 14px;\">CASI DI COVID NELL\u2019AGORDINO IN CONTINUO AGGIORNAMENTO<\/strong><\/h2>\n<p><a href=\"https:\/\/www.radiopiu.net\/wordpress\/contagioagordino\/4be2f35d-03ba-4903-a8fe-02d55f867345\/\" rel=\"attachment wp-att-253699\"><img loading=\"lazy\" decoding=\"async\" class=\"wp-image-253699 size-full aligncenter\" src=\"https:\/\/www.radiopiu.net\/wordpress\/wp-content\/uploads\/2022\/01\/4be2f35d-03ba-4903-a8fe-02d55f867345.jpg\" alt=\"\" width=\"596\" height=\"383\" srcset=\"https:\/\/www.radiopiu.net\/wordpress\/wp-content\/uploads\/2022\/01\/4be2f35d-03ba-4903-a8fe-02d55f867345.jpg 596w, https:\/\/www.radiopiu.net\/wordpress\/wp-content\/uploads\/2022\/01\/4be2f35d-03ba-4903-a8fe-02d55f867345-300x193.jpg 300w\" sizes=\"auto, (max-width: 596px) 100vw, 596px\" \/><\/a><\/p>\n<p>&nbsp;<\/p>\n<p><strong>Contagi in forte aumento, 26 casi in pi\u00f9 rispetto a ieri ad Alleghe, 35 a Taibon, ma da oggi il nuovo metodo di conteggio include anche i tamponi delle farmacie,\u00a0 per questo i numeri schizzano verso l&#8217;alto al raffronto con quelli di ieri (dato tra parentesi). Unica eccezione in territorio Fodom dove i contagi (37) gi\u00e0 alti sono gli stessi di ieri.<\/strong><\/p><\/blockquote>\n<p><span style=\"color: #ff0000;\">AGORDO:<\/span>\u00a0 \u00a0ieri 81\u00a0 <span style=\"color: #ff0000;\">ROCCA PIETORE <span style=\"color: #000000;\">55 <\/span><\/span>\u00a0(+19)\u00a0 \u00a0<span style=\"color: #ff0000;\">TAIBON<\/span> 59 (+35) <span style=\"color: #ff0000;\">CANALE D&#8217;AGORDO <span style=\"color: #000000;\">20 (+13)\u00a0<\/span> <span style=\"color: #000000;\">\u00a0 ALLEGHE 42 (+26)\u00a0 VOLTAGO 29\u00a0 (+11)\u00a0 FALCADE 33 (+15)\u00a0 <\/span><\/span><span style=\"color: #ff0000;\">LIVINALLONGO<\/span> 37 (0)\u00a0 <span style=\"color: #ff0000;\">CENCENIGHE<\/span> 24 (+9)\u00a0 <span style=\"color: #ff0000;\">VALLADA<\/span>\u00a0 9\u00a0 <span style=\"color: #ff0000;\">LA VALLE\u00a0<\/span> 25 (+9)\u00a0 \u00a0<span style=\"color: #ff0000;\">RIVAMONTE\u00a0<\/span> 30 (+21)\u00a0 \u00a0<span style=\"color: #ff0000;\">SELVA DI CADORE<\/span> 7 (+5) <span style=\"color: #ff0000;\">SAN TOMASO<\/span> 17 (+5) <span style=\"color: #ff0000;\">COLLE SANTA LUCIA<\/span>\u00a0 13\u00a0 (+5)\u00a0 <span style=\"color: #ff0000;\">GOSALDO<\/span> 7 (+3)<\/p>\n<p><a href=\"https:\/\/www.radiopiu.net\/wordpress\/giornale-radiopiu-13-gennaio-2022-direttore-mirko-mezzacasa\/9bbe9bfd-37ab-4352-99d0-c71825f0d05a\/\" rel=\"attachment wp-att-253721\"><img loading=\"lazy\" decoding=\"async\" class=\"aligncenter wp-image-253721 size-full\" src=\"https:\/\/www.radiopiu.net\/wordpress\/wp-content\/uploads\/2022\/01\/9bbe9bfd-37ab-4352-99d0-c71825f0d05a.jpg\" alt=\"\" width=\"560\" height=\"348\" srcset=\"https:\/\/www.radiopiu.net\/wordpress\/wp-content\/uploads\/2022\/01\/9bbe9bfd-37ab-4352-99d0-c71825f0d05a.jpg 560w, https:\/\/www.radiopiu.net\/wordpress\/wp-content\/uploads\/2022\/01\/9bbe9bfd-37ab-4352-99d0-c71825f0d05a-300x186.jpg 300w\" sizes=\"auto, (max-width: 560px) 100vw, 560px\" \/><\/a><\/p>\n<p>&nbsp;<\/p>\n<p>&nbsp;<\/p>\n<p>&nbsp;<\/p>\n<hr \/>\n<blockquote>\n<h3><\/h3>\n<h3>RIAPERTURA PRODUTTIVA DI ACC, ZUGLIAN (FIM CISL): \u201cNULLA HA FERMATO LA VOLONT\u00c0 DEI LAVORATORI DI RIPRENDERE LA PRODUZIONE\u201d<\/h3>\n<\/blockquote>\n<p><strong><a href=\"https:\/\/www.radiopiu.net\/wordpress\/il-ritorno-al-lavoro-dei-licenzati-dai-cinesi\/acc-mel\/\" rel=\"attachment wp-att-145345\"><img loading=\"lazy\" decoding=\"async\" class=\"size-medium wp-image-145345 alignleft\" src=\"https:\/\/www.radiopiu.net\/wordpress\/wp-content\/uploads\/2020\/06\/ACC-MEL-300x300.png\" alt=\"\" width=\"300\" height=\"300\" srcset=\"https:\/\/www.radiopiu.net\/wordpress\/wp-content\/uploads\/2020\/06\/ACC-MEL-300x300.png 300w, https:\/\/www.radiopiu.net\/wordpress\/wp-content\/uploads\/2020\/06\/ACC-MEL-150x150.png 150w, https:\/\/www.radiopiu.net\/wordpress\/wp-content\/uploads\/2020\/06\/ACC-MEL-768x768.png 768w, https:\/\/www.radiopiu.net\/wordpress\/wp-content\/uploads\/2020\/06\/ACC-MEL.png 796w\" sizes=\"auto, (max-width: 300px) 100vw, 300px\" \/><\/a>BORGO VALBELLUNA <\/strong>Nei primi giorni della prossima settimana Acc riaprir\u00e0 i cancelli per evadere un importante ordine arrivato da Bosch. \u201c<em>L\u2019asse fondamentale con i clienti e in particolare con il gruppo Bosch &#8211; commenta Mauro Zuglian della Fim Cisl Belluno Treviso &#8211; ha garantito la liquidit\u00e0 necessaria per far fronte ai costi per la ripresa produttiva di Acc: il 18-19-20 gennaio si riapriranno i cancelli, per proseguire a febbraio con circa altre 8 giornate di lavoro<\/em>\u201d. \u201c<em>Nulla &#8211; prosegue Zuglian &#8211; ha fermato la volont\u00e0 dei lavoratori di riprendere la produzione, neppure le impennante dei prezzi delle materie prime. Bench\u00e9 sia definito da alcuni un prodotto banale, il compressore \u00e8 composto da molti componenti: i pi\u00f9 ricorrenti sono costituiti da rame, alluminio e acciaio, materie che hanno avuto aumenti rispetto ai prezzi di gennaio 2021 rispettivamente del 55%, 50% e 110%<\/em>\u201d. Le difficolt\u00e0 relative all\u2019aumento del costo delle materie prime, i cui effetti non sono ancora del tutto chiari, sono comuni a molte aziende e proiettano scenari preoccupanti per il futuro. Nel frattempo proseguono le verifiche delle tre aziende che hanno manifestato l\u2019interesse d\u2019acquisto. \u201cIl massimo riserbo &#8211; prosegue il sindacalista della Fim &#8211; \u00e8 segnale di grande seriet\u00e0 dei richiedenti: nel passato abbiamo gi\u00e0 assistito a proclami roboanti poi conclusi con un nulla di fatto. Fa eccezione LegaCoop, che, in vista di una possibile operazione di <em>workers buyout<\/em>, predilige un rapporto stretto con le maestranze protagoniste indiscusse di tale soluzione\u201d. Il prossimo 20 gennaio LegaCoop sar\u00e0 in visita allo stabilimento e incontrer\u00e0 i rappresentanti dei lavoratori e le segreterie sindacali territoriali.<\/p>\n<p>&nbsp;<\/p>\n<p>&nbsp;<\/p>\n<hr \/>\n<p>&nbsp;<\/p>\n<blockquote>\n<h3>TURISMO, ZAIA\u00a0 &#8220;BRAVI GLI OPERATORI A RIPOSIZIONARE L\u2019OFFERTA E A INSISTERE SULLA QUALITA\u2019\u201d<\/h3>\n<\/blockquote>\n<p><strong>VENEZIA<\/strong> L\u2019Istat certifica che il livello di gradimento dell\u2019offerta turistica veneta resta altissimo, nonostante il Covid. E\u2019 la prima economia turistica del Veneto, facendo segnare un pi\u00f9 48,2% di presenze rispetto alla clientela italiana. \u201c<em>Anche in questo momento per certi versi drammatico per molte attivit\u00e0 economiche \u2013 ha detto il Presidente Luca Zaia Zaia \u2013 il nostro turismo gioca la partita mettendo in campo le sue risorse migliori: gli ambienti naturali, la sua imprenditoria coraggiosa, l\u2019enogastronomia di qualit\u00e0, l\u2019offerta sempre pi\u00f9 integrata e green, l\u2019arte, la cultura, i borghi, i siti Patrimonio dell\u2019Umanit\u00e0 Unesco, la cui attrattiva si rafforza ogni giorno\u201d.<\/em><\/p>\n<p>&nbsp;<\/p>\n<hr \/>\n<blockquote>\n<h3><\/h3>\n<h3>PNRR: 22 GENNAIO SCADE IL TERMINE PER PRESENTARE I PROGETTI DI RIQUALIFICAZIONE URBANA DI UN BORGO VENETO A RISCHIO SPOPOLAMENTO<\/h3>\n<\/blockquote>\n<p><strong>VENEZIA <\/strong>C\u2019\u00e8 tempo ancora qualche giorno, fino al 22 gennaio, per i Comuni del territorio regionale, per presentare la domanda di partecipazione al bando da 20 milioni di euro che consentir\u00e0 di scegliere un borgo veneto a rischio spopolamento da valorizzare. Si tratta di individuare un soggetto pubblico interessato ad attuare per il Veneto un progetto pilota per la rigenerazione culturale, sociale ed economica di un borgo storico a rischio abbandono o abbandonato.\u00a0 Il progetto viene finanziato con i fondi per PNRR. Possono presentare domanda di partecipazione i Comuni del Veneto che abbiano nel proprio territorio un borgo storico in avanzato processo di spopolamento, con un numero di unit\u00e0 abitative inferiore a 300.<\/p>\n<p>&nbsp;<\/p>\n<hr \/>\n<p>&nbsp;<\/p>\n<blockquote>\n<h3>COVID 19 E MONTAGNA: L\u2019UPI IN AUDIZIONE PER MISURE A FAVORE DEL TURISMO<\/h3>\n<\/blockquote>\n<p><a href=\"https:\/\/www.radiopiu.net\/wordpress\/covid-19-e-montagna-lupi-in-audizione-per-misure-a-favore-del-turismo\/049695f3-ca3c-44c6-9be9-b2a604920970\/\" rel=\"attachment wp-att-253653\"><img loading=\"lazy\" decoding=\"async\" class=\"size-medium wp-image-253653 alignleft\" src=\"https:\/\/www.radiopiu.net\/wordpress\/wp-content\/uploads\/2022\/01\/049695f3-ca3c-44c6-9be9-b2a604920970-300x225.jpg\" alt=\"\" width=\"300\" height=\"225\" srcset=\"https:\/\/www.radiopiu.net\/wordpress\/wp-content\/uploads\/2022\/01\/049695f3-ca3c-44c6-9be9-b2a604920970-300x225.jpg 300w, https:\/\/www.radiopiu.net\/wordpress\/wp-content\/uploads\/2022\/01\/049695f3-ca3c-44c6-9be9-b2a604920970-768x576.jpg 768w, https:\/\/www.radiopiu.net\/wordpress\/wp-content\/uploads\/2022\/01\/049695f3-ca3c-44c6-9be9-b2a604920970.jpg 1024w\" sizes=\"auto, (max-width: 300px) 100vw, 300px\" \/><\/a><strong>BELLUNO<\/strong> Il Presidente della Provincia di Belluno, Roberto Padrin \u00e8 intervenuto in rappresentanza dell\u2019Unione delle Province d\u2019Italia alla Commissione turismo della Camera dei Deputati nell\u2019ambito dell\u2019indagine conoscitiva sulle proposte per la ripresa economica delle attivit\u00e0 turistico-ricettive della Montagna invernale, in funzione delle riaperture previste a partire dalla stagione 2021\/2022.<\/p>\n<p>&nbsp;<\/p>\n<div style=\"width: 848px;\" class=\"wp-video\"><video class=\"wp-video-shortcode\" id=\"video-253516-1\" width=\"848\" height=\"480\" preload=\"metadata\" controls=\"controls\"><source type=\"video\/mp4\" src=\"https:\/\/www.radiopiu.net\/wordpress\/wp-content\/uploads\/2022\/01\/VIDEO-2022-01-12-15-58-39.mp4?_=1\" \/><a href=\"https:\/\/www.radiopiu.net\/wordpress\/wp-content\/uploads\/2022\/01\/VIDEO-2022-01-12-15-58-39.mp4\">https:\/\/www.radiopiu.net\/wordpress\/wp-content\/uploads\/2022\/01\/VIDEO-2022-01-12-15-58-39.mp4<\/a><\/video><\/div>\n<p>&nbsp;<\/p>\n<hr \/>\n<p>&nbsp;<\/p>\n<blockquote>\n<h3>L&#8217;AMMINISTRAZIONE COMUNALE DI TAIBON PENSA AL RILANCIO DELLE PESCHIERE IN VALLE DI SAN LUCANO<\/h3>\n<\/blockquote>\n<p><strong><a href=\"https:\/\/www.radiopiu.net\/wordpress\/lamministrazione-comunale-di-taibon-pensa-al-rilancio-delle-peschiere-in-valle-di-san-lucano\/lago-peschiere-agosto-2019-03-2\/\" rel=\"attachment wp-att-253681\"><img loading=\"lazy\" decoding=\"async\" class=\" wp-image-253681 alignleft\" src=\"https:\/\/www.radiopiu.net\/wordpress\/wp-content\/uploads\/2022\/01\/LAGO-PESCHIERE-AGOSTO-2019-03-300x225.jpg\" alt=\"\" width=\"171\" height=\"128\" srcset=\"https:\/\/www.radiopiu.net\/wordpress\/wp-content\/uploads\/2022\/01\/LAGO-PESCHIERE-AGOSTO-2019-03-300x225.jpg 300w, https:\/\/www.radiopiu.net\/wordpress\/wp-content\/uploads\/2022\/01\/LAGO-PESCHIERE-AGOSTO-2019-03-1024x768.jpg 1024w, https:\/\/www.radiopiu.net\/wordpress\/wp-content\/uploads\/2022\/01\/LAGO-PESCHIERE-AGOSTO-2019-03-768x576.jpg 768w, https:\/\/www.radiopiu.net\/wordpress\/wp-content\/uploads\/2022\/01\/LAGO-PESCHIERE-AGOSTO-2019-03-1536x1152.jpg 1536w, https:\/\/www.radiopiu.net\/wordpress\/wp-content\/uploads\/2022\/01\/LAGO-PESCHIERE-AGOSTO-2019-03.jpg 1600w\" sizes=\"auto, (max-width: 171px) 100vw, 171px\" \/><\/a>TAIBON<\/strong><\/p>\n<p>di Gianni Santomaso<\/p>\n<audio class=\"wp-audio-shortcode\" id=\"audio-253516-1\" preload=\"none\" style=\"width: 100%;\" controls=\"controls\"><source type=\"audio\/mpeg\" src=\"https:\/\/www.radiopiu.net\/wordpress\/wp-content\/uploads\/2022\/01\/GIANNI-TAIBON-PESCHIERE.mp3?_=1\" \/><a href=\"https:\/\/www.radiopiu.net\/wordpress\/wp-content\/uploads\/2022\/01\/GIANNI-TAIBON-PESCHIERE.mp3\">https:\/\/www.radiopiu.net\/wordpress\/wp-content\/uploads\/2022\/01\/GIANNI-TAIBON-PESCHIERE.mp3<\/a><\/audio>\n<p>&nbsp;<\/p>\n<hr \/>\n<p>&nbsp;<\/p>\n<blockquote>\n<h3>GARA DEL GAS, LA SENTENZA DEL CONSIGLIO DI STATO IL 3 FEBBRAIO<\/h3>\n<\/blockquote>\n<p><strong><a href=\"https:\/\/www.radiopiu.net\/wordpress\/gara-dappalto-per-la-distribuzione-del-gas-se-ne-riparlera-ad-ottobre\/fiamma-gas\/\" rel=\"attachment wp-att-150271\"><img loading=\"lazy\" decoding=\"async\" class=\" wp-image-150271 alignleft\" src=\"https:\/\/www.radiopiu.net\/wordpress\/wp-content\/uploads\/2020\/07\/FIAMMA-GAS-300x225.jpg\" alt=\"\" width=\"201\" height=\"151\" srcset=\"https:\/\/www.radiopiu.net\/wordpress\/wp-content\/uploads\/2020\/07\/FIAMMA-GAS-300x225.jpg 300w, https:\/\/www.radiopiu.net\/wordpress\/wp-content\/uploads\/2020\/07\/FIAMMA-GAS-1024x768.jpg 1024w, https:\/\/www.radiopiu.net\/wordpress\/wp-content\/uploads\/2020\/07\/FIAMMA-GAS-768x576.jpg 768w, https:\/\/www.radiopiu.net\/wordpress\/wp-content\/uploads\/2020\/07\/FIAMMA-GAS-1536x1152.jpg 1536w, https:\/\/www.radiopiu.net\/wordpress\/wp-content\/uploads\/2020\/07\/FIAMMA-GAS.jpg 1920w\" sizes=\"auto, (max-width: 201px) 100vw, 201px\" \/><\/a>BELLUNO<\/strong><\/p>\n<p>di Moreno Gioli<\/p>\n<audio class=\"wp-audio-shortcode\" id=\"audio-253516-2\" preload=\"none\" style=\"width: 100%;\" controls=\"controls\"><source type=\"audio\/mpeg\" src=\"https:\/\/www.radiopiu.net\/wordpress\/wp-content\/uploads\/2022\/01\/GIOLI-ACCORDO-GAS.mp3?_=2\" \/><a href=\"https:\/\/www.radiopiu.net\/wordpress\/wp-content\/uploads\/2022\/01\/GIOLI-ACCORDO-GAS.mp3\">https:\/\/www.radiopiu.net\/wordpress\/wp-content\/uploads\/2022\/01\/GIOLI-ACCORDO-GAS.mp3<\/a><\/audio>\n<p>&nbsp;<\/p>\n<hr \/>\n<p>&nbsp;<\/p>\n<blockquote>\n<h3><strong>EDILIZIA RESIDENZIALE PUBBLICA, PUBBLICATO IL PIANO REGIONALE DEGLI INTERVENTI. AL COMUNE DI BELLUNO UN MILIONE DI EURO <\/strong><\/h3>\n<\/blockquote>\n<p><strong><a href=\"https:\/\/www.radiopiu.net\/wordpress\/giornale-radiopiu-27-agosto-2021-direttore-mirko-mezzacasa\/belluno_feltre_b_panoramica-sulla-citta-2\/\" rel=\"attachment wp-att-229687\"><img loading=\"lazy\" decoding=\"async\" class=\"size-medium wp-image-229687 alignleft\" src=\"https:\/\/www.radiopiu.net\/wordpress\/wp-content\/uploads\/2021\/08\/Belluno_Feltre_b_Panoramica-sulla-citta-300x190.jpg\" alt=\"\" width=\"300\" height=\"190\" srcset=\"https:\/\/www.radiopiu.net\/wordpress\/wp-content\/uploads\/2021\/08\/Belluno_Feltre_b_Panoramica-sulla-citta-300x190.jpg 300w, https:\/\/www.radiopiu.net\/wordpress\/wp-content\/uploads\/2021\/08\/Belluno_Feltre_b_Panoramica-sulla-citta-768x487.jpg 768w, https:\/\/www.radiopiu.net\/wordpress\/wp-content\/uploads\/2021\/08\/Belluno_Feltre_b_Panoramica-sulla-citta.jpg 1024w\" sizes=\"auto, (max-width: 300px) 100vw, 300px\" \/><\/a>BELLUNO <\/strong>Un milione di euro per la riqualificazione dell&#8217;edilizia residenziale pubblica nel Comune di Belluno: questa la notizia accolta con grande soddisfazione dall&#8217; amministrazione Massaro arrivata\u00a0 con la pubblicazione sul Bollettino Ufficiale Regionale della delibera della Giunta Regionale con la quale \u00e8 stato approvato il <em>Piano Regionale degli interventi di riqualificazione edilizia residenziale pubblica<\/em> finanziato con i fondi complementari al Piano Nazionale di Ripresa e Resilienza, per un importo complessivo di quasi 100 milioni di euro. Il Comune vede inserito in graduatoria il progetto di riqualificazione delle ex case Kraller a Borgo Pra.<\/p>\n<p><strong>FRANCO FRISON, ASSESSORE ALL&#8217;URBANISTICA DI BELLUNO<\/strong><\/p>\n<audio class=\"wp-audio-shortcode\" id=\"audio-253516-3\" preload=\"none\" style=\"width: 100%;\" controls=\"controls\"><source type=\"audio\/mpeg\" src=\"https:\/\/www.radiopiu.net\/wordpress\/wp-content\/uploads\/2022\/01\/FRISON-EDILIZIA-BELLUNO.mp3?_=3\" \/><a href=\"https:\/\/www.radiopiu.net\/wordpress\/wp-content\/uploads\/2022\/01\/FRISON-EDILIZIA-BELLUNO.mp3\">https:\/\/www.radiopiu.net\/wordpress\/wp-content\/uploads\/2022\/01\/FRISON-EDILIZIA-BELLUNO.mp3<\/a><\/audio>\n<p>&nbsp;<\/p>\n<hr \/>\n<p>&nbsp;<\/p>\n<blockquote>\n<h3>FELTRE, VERSO LE ELEZIONI. LA MINORANZA INCALZA &#8220;300MILA EURO PER IL NATALE, COSE IN GRANDE&#8221;<\/h3>\n<\/blockquote>\n<p><strong><a href=\"https:\/\/www.radiopiu.net\/wordpress\/natale-a-feltre-visalli-dai-turisti-e-cittadini-risposta-ottima-nel-natale-allinsegna-della-luce\/269882524_409441534260430_1770231443337133363_n\/\" rel=\"attachment wp-att-252881\"><img loading=\"lazy\" decoding=\"async\" class=\" wp-image-252881 alignleft\" src=\"https:\/\/www.radiopiu.net\/wordpress\/wp-content\/uploads\/2022\/01\/269882524_409441534260430_1770231443337133363_n-138x300.jpg\" alt=\"\" width=\"102\" height=\"222\" srcset=\"https:\/\/www.radiopiu.net\/wordpress\/wp-content\/uploads\/2022\/01\/269882524_409441534260430_1770231443337133363_n-138x300.jpg 138w, https:\/\/www.radiopiu.net\/wordpress\/wp-content\/uploads\/2022\/01\/269882524_409441534260430_1770231443337133363_n-473x1024.jpg 473w, https:\/\/www.radiopiu.net\/wordpress\/wp-content\/uploads\/2022\/01\/269882524_409441534260430_1770231443337133363_n-768x1664.jpg 768w, https:\/\/www.radiopiu.net\/wordpress\/wp-content\/uploads\/2022\/01\/269882524_409441534260430_1770231443337133363_n-709x1536.jpg 709w, https:\/\/www.radiopiu.net\/wordpress\/wp-content\/uploads\/2022\/01\/269882524_409441534260430_1770231443337133363_n.jpg 945w\" sizes=\"auto, (max-width: 102px) 100vw, 102px\" \/><\/a>FELTRE<\/strong> L&#8217;epifania si porta via le feste, spegne le luminarie e apre non solo al carnevale ma anche alla lista della spesa. I<span dir=\"ltr\" role=\"presentation\">l Natale 2021 organizzato dall\u2019Amministrazione di Feltre \u00e8 stato molto scenografico <\/span><span dir=\"ltr\" role=\"presentation\">e di impatto rispetto al passato con le sole forze dei commercianti e di qualche <\/span><span dir=\"ltr\" role=\"presentation\">sponsor <em>&#8220;E ci mancherebbe -dicono i consiglieri comunali Alberto Vettoretto, Ennio Trento e France De Bortoli &#8211; visti gli oltre trecentomila euro investiti per gli anni <\/em><\/span><em><span dir=\"ltr\" role=\"presentation\">2020\/2021. Il Comune, attraverso l\u2019assessore Irma Visalli ha sicuramente fatto le cose in grande, anche se <\/span><span dir=\"ltr\" role=\"presentation\">rimane da capire se con l\u2019ingente cifra investita non si sarebbe potuto fare di meglio o quantomeno di <\/span><\/em><em><span dir=\"ltr\" role=\"presentation\">diverso&#8221;.\u00a0 <\/span><\/em><span dir=\"ltr\" role=\"presentation\">Un Natale luminoso solo grazie ai\u00a0 <\/span><span dir=\"ltr\" role=\"presentation\">Fondi di Confine <\/span><span dir=\"ltr\" role=\"presentation\">(anno 2020) e da quelli che il Comune aveva destinato per la pandemia Covid 19 (anno 2021), mentre una <\/span><span dir=\"ltr\" role=\"presentation\">minima parte sono fondi propri del Comune.<em> &#8220;<\/em><\/span><em><span dir=\"ltr\" role=\"presentation\">Amministrazione fortunata con l&#8217;accesso a fondi<\/span><span dir=\"ltr\" role=\"presentation\"> che normalmente non sono a disposizione<\/span><span dir=\"ltr\" role=\"presentation\">&#8220;. <\/span><\/em>Quello\u00a0 <span dir=\"ltr\" role=\"presentation\">che\u00a0 lascia perplessi ribadiscono i\u00a0 consiglieri di minoranza\u00a0 <\/span><span dir=\"ltr\" role=\"presentation\">sono le considerazioni finali dell\u2019assessore Visalli nel momento che parla di creare un <\/span><span dir=\"ltr\" role=\"presentation\">\u201cente per eventi\u201d. <em>&#8220;<\/em><\/span><em><span dir=\"ltr\" role=\"presentation\">Lodevole intento, ma i soldi?\u00a0 Mica sempre la <\/span><span dir=\"ltr\" role=\"presentation\">\u00a0fortuna permette di accedere ai finanziamenti, <\/span><span dir=\"ltr\" role=\"presentation\">\u00a0soprattutto se non si \u00e8 un ente pubblico<\/span><span dir=\"ltr\" role=\"presentation\">. <\/span><span dir=\"ltr\" role=\"presentation\">Lo sfilarsi dell\u2019Amministrazione da questi eventi &#8211; forse dovuto anche al <\/span><span dir=\"ltr\" role=\"presentation\">fatto che \u00e8 in chiusura di mandato e con l\u2019assessore Visalli probabile candidato sindaco in quel di Belluno <\/span><span dir=\"ltr\" role=\"presentation\">&#8211; un pochino ci preoccupa e non vorremmo che la collaborazione con il comune di Pedavena fosse il <\/span><span dir=\"ltr\" role=\"presentation\">solito classico \u201cmatrimonio con i fichi secchi&#8221;<\/span><\/em><\/p>\n<p>&nbsp;<\/p>\n<p>&nbsp;<\/p>\n<hr \/>\n<p>&nbsp;<\/p>\n<blockquote>\n<h3><a href=\"https:\/\/www.radiopiu.net\/wordpress\/giornale-radiopiu-13-gennaio-2022-direttore-mirko-mezzacasa\/via-borgonuovo-2\/\" rel=\"attachment wp-att-253639\"><img loading=\"lazy\" decoding=\"async\" class=\"size-medium wp-image-253639 alignleft\" src=\"https:\/\/www.radiopiu.net\/wordpress\/wp-content\/uploads\/2022\/01\/Via-Borgonuovo-2-300x169.jpg\" alt=\"\" width=\"300\" height=\"169\" srcset=\"https:\/\/www.radiopiu.net\/wordpress\/wp-content\/uploads\/2022\/01\/Via-Borgonuovo-2-300x169.jpg 300w, https:\/\/www.radiopiu.net\/wordpress\/wp-content\/uploads\/2022\/01\/Via-Borgonuovo-2-1024x576.jpg 1024w, https:\/\/www.radiopiu.net\/wordpress\/wp-content\/uploads\/2022\/01\/Via-Borgonuovo-2-768x432.jpg 768w, https:\/\/www.radiopiu.net\/wordpress\/wp-content\/uploads\/2022\/01\/Via-Borgonuovo-2-1536x864.jpg 1536w, https:\/\/www.radiopiu.net\/wordpress\/wp-content\/uploads\/2022\/01\/Via-Borgonuovo-2.jpg 2048w\" sizes=\"auto, (max-width: 300px) 100vw, 300px\" \/><\/a>VIA BORGONUOVO, INTERVENTO DA 100MILA EURO PER LA MESSA IN SICUREZZA<\/h3>\n<\/blockquote>\n<p><strong>FELTRE<\/strong>\u00a0 Sono iniziati i lavori di regimazione delle acque\u00a0 della strada che conduce dalla localit\u00e0 Pasquer all&#8217;abitato di Vellai, nei pressi della centrale elettrica di Terna. L&#8217;intervento mira a risolvere lo sversamento delle acque meteoriche sulla sede stradale che si registra soprattutto in occasione di precipitazioni abbondanti, mettendo cos\u00ec in piena sicurezza la zona. In concomitanza dei lavori, che si protrarranno indicativamente per circa un mese, la circolazione \u00e8 regolata a senso unico alternato gestito da semaforo nell&#8217;arco delle 24 ore tutti i giorni della settimana.<\/p>\n<p><strong>L&#8217;ASSESSORE AI LAVORI PUBBLICI ADIS ZATTA\u00a0\u00a0<\/strong><\/p>\n<audio class=\"wp-audio-shortcode\" id=\"audio-253516-4\" preload=\"none\" style=\"width: 100%;\" controls=\"controls\"><source type=\"audio\/mpeg\" src=\"https:\/\/www.radiopiu.net\/wordpress\/wp-content\/uploads\/2022\/01\/zatta.mp3?_=4\" \/><a href=\"https:\/\/www.radiopiu.net\/wordpress\/wp-content\/uploads\/2022\/01\/zatta.mp3\">https:\/\/www.radiopiu.net\/wordpress\/wp-content\/uploads\/2022\/01\/zatta.mp3<\/a><\/audio>\n<p>&nbsp;<\/p>\n<p>&nbsp;<\/p>\n<hr \/>\n<p>&nbsp;<\/p>\n<p>&nbsp;<\/p>\n<blockquote>\n<h3><a href=\"https:\/\/www.radiopiu.net\/wordpress\/giornale-radiopiu-13-gennaio-2022-direttore-mirko-mezzacasa\/pp-94\/\" rel=\"attachment wp-att-253640\"><img loading=\"lazy\" decoding=\"async\" class=\"wp-image-253640 alignleft\" src=\"https:\/\/www.radiopiu.net\/wordpress\/wp-content\/uploads\/2022\/01\/pp-2-300x300.jpg\" alt=\"\" width=\"97\" height=\"97\" srcset=\"https:\/\/www.radiopiu.net\/wordpress\/wp-content\/uploads\/2022\/01\/pp-2-300x300.jpg 300w, https:\/\/www.radiopiu.net\/wordpress\/wp-content\/uploads\/2022\/01\/pp-2-150x150.jpg 150w, https:\/\/www.radiopiu.net\/wordpress\/wp-content\/uploads\/2022\/01\/pp-2.jpg 640w\" sizes=\"auto, (max-width: 97px) 100vw, 97px\" \/><\/a><\/h3>\n<h3>UNA MOZIONE URGENTE PER I CRITERI DI ASSEGNAZIONE DEI FONDI DI RIGENERAZIONE URBANA<\/h3>\n<h3><strong style=\"font-size: 14px;\">di Mirco Badole, Deputato alla Camera dei Deputati, Gruppo Lega Nord<\/strong><\/h3>\n<\/blockquote>\n<audio class=\"wp-audio-shortcode\" id=\"audio-253516-5\" preload=\"none\" style=\"width: 100%;\" controls=\"controls\"><source type=\"audio\/mpeg\" src=\"https:\/\/www.radiopiu.net\/wordpress\/wp-content\/uploads\/2022\/01\/badole.mp3?_=5\" \/><a href=\"https:\/\/www.radiopiu.net\/wordpress\/wp-content\/uploads\/2022\/01\/badole.mp3\">https:\/\/www.radiopiu.net\/wordpress\/wp-content\/uploads\/2022\/01\/badole.mp3<\/a><\/audio>\n<p>&nbsp;<\/p>\n<p>&nbsp;<\/p>\n<hr \/>\n<p>&nbsp;<\/p>\n<blockquote>\n<h3>PASTI CALDI AGLI ANZIANI, GRAZIE LUXOTTICA<br \/>\n<img decoding=\"async\" class=\"alignleft\" src=\"https:\/\/www.radiopiu.net\/wordpress\/wp-content\/uploads\/2022\/01\/th-7.jpg\" \/><\/h3>\n<\/blockquote>\n<p><strong>SEDICO<\/strong> \u00a0Prorogato fino a tutto giugno il protocollo di intesa tra Comune di Sedico e Luxottica per la fornitura a domicilio agli anziani e ai disabili dei pasti caldi preparati nelle cucine dell&#8217;azienda, collaborazione\u00a0 iniziata nel 2019,\u00a0 ancora pi\u00f9 decisiva con l&#8217;esplosione della pandemia di Covid.\u00a0 A marzo Comune e azienda si incontreranno per valutare l&#8217;andamento del progetto.<\/p>\n<p>&nbsp;<\/p>\n<p>&nbsp;<\/p>\n<p>&nbsp;<\/p>\n<p>&nbsp;<\/p>\n<p>&nbsp;<\/p>\n<hr \/>\n<p>&nbsp;<\/p>\n<blockquote>\n<h3>SANT&#8217;ANTONIO &#8220;CANCELLATO&#8221; DAL COVID IN ATTESA DELLA NORMALITA&#8217;, LA MESSA DOMENICA 16. LA DOMENICA SUCCESSIVA GIORNATA DI VACCINAZIONI AL NOF FILO&#8217;<\/h3>\n<\/blockquote>\n<p>&nbsp;<\/p>\n<p><a href=\"https:\/\/www.radiopiu.net\/wordpress\/precipita-dopo-il-volo-con-la-tuta-alare-in-valle-di-san-lucano\/cencenighe-4-3\/\" rel=\"attachment wp-att-237925\"><img loading=\"lazy\" decoding=\"async\" class=\"wp-image-237925 alignleft\" src=\"https:\/\/www.radiopiu.net\/wordpress\/wp-content\/uploads\/2021\/10\/CENCENIGHE-4-300x169.jpg\" alt=\"\" width=\"222\" height=\"125\" srcset=\"https:\/\/www.radiopiu.net\/wordpress\/wp-content\/uploads\/2021\/10\/CENCENIGHE-4-300x169.jpg 300w, https:\/\/www.radiopiu.net\/wordpress\/wp-content\/uploads\/2021\/10\/CENCENIGHE-4-1024x576.jpg 1024w, https:\/\/www.radiopiu.net\/wordpress\/wp-content\/uploads\/2021\/10\/CENCENIGHE-4-768x432.jpg 768w, https:\/\/www.radiopiu.net\/wordpress\/wp-content\/uploads\/2021\/10\/CENCENIGHE-4-1536x864.jpg 1536w, https:\/\/www.radiopiu.net\/wordpress\/wp-content\/uploads\/2021\/10\/CENCENIGHE-4.jpg 1920w\" sizes=\"auto, (max-width: 222px) 100vw, 222px\" \/><\/a>CENCENIGHE<\/p>\n<p><strong>audio<\/strong><\/p>\n<p>&nbsp;<\/p>\n<p><strong>IL SINDACO MAURO SOPPELSA<\/strong><\/p>\n<audio class=\"wp-audio-shortcode\" id=\"audio-253516-6\" preload=\"none\" style=\"width: 100%;\" controls=\"controls\"><source type=\"audio\/mpeg\" src=\"https:\/\/www.radiopiu.net\/wordpress\/wp-content\/uploads\/2022\/01\/MAURO.mp3?_=6\" \/><a href=\"https:\/\/www.radiopiu.net\/wordpress\/wp-content\/uploads\/2022\/01\/MAURO.mp3\">https:\/\/www.radiopiu.net\/wordpress\/wp-content\/uploads\/2022\/01\/MAURO.mp3<\/a><\/audio>\n<p>&nbsp;<\/p>\n<hr \/>\n<p>&nbsp;<\/p>\n<blockquote>\n<h3>DILLO A RADIO PIU&#8217;&#8230; DAL PASSAGGIO PEDONALE DI PRAGRANDE AL CAPITELLO DEL CRISTO<\/h3>\n<\/blockquote>\n<p><strong>REDAZIONE<\/strong> Di buon mattino due segnalazioni a Radio Pi\u00f9. La prima da Agordo, Michela mette in evidenza i pericoli &#8211; noti &#8211; della regionale 203 agordina, non a caso sul tratto di strada in prossimit\u00e0 di Pragrande, tra l&#8217;Hotel Valle Imperina e Pragrande per dissuadere i troppo veloci il Comune ha installato l&#8217;autovelox, non fisso perch\u00e9 prevede la presenza dell&#8217;agente di Polizia.<em> &#8220;Qui &#8211; scrive Michela &#8211;\u00a0 chi guida spesso il limite di velocit\u00e0 non lo osserva nonostante ci sia pure un passaggio pedonale. A questo proposito sarebbe da ripristinare anche il cartello che lo indica piegato in due&#8230;non certo dal vento di Vaia&#8221;.<\/em><\/p>\n\n\t\t\t<style type='text\/css'>\n\t\t\t\t#gallery-1 {\n\t\t\t\t\tmargin: auto;\n\t\t\t\t}\n\t\t\t\t#gallery-1 .gallery-item {\n\t\t\t\t\tfloat: left;\n\t\t\t\t\tmargin-top: 10px;\n\t\t\t\t\ttext-align: center;\n\t\t\t\t\twidth: 50%;\n\t\t\t\t}\n\t\t\t\t#gallery-1 img {\n\t\t\t\t\tborder: 2px solid #cfcfcf;\n\t\t\t\t}\n\t\t\t\t#gallery-1 .gallery-caption {\n\t\t\t\t\tmargin-left: 0;\n\t\t\t\t}\n\t\t\t\t\/* see gallery_shortcode() in wp-includes\/media.php *\/\n\t\t\t<\/style>\n\t\t<div id='gallery-1' class='dt-gallery-container gallery galleryid-253516 gallery-columns-2 gallery-size-medium'><dl class='gallery-item'>\n\t\t\t\t<dt class='gallery-icon portrait'>\n\t\t\t\t\t<a class=\"rollover rollover-zoom dt-pswp-item\" title=\"271392189_4795864707173203_8194380307142626691_n\" data-dt-img-description=\"\" data-large_image_width=\"1536\" data-large_image_height=\"2048\"href='https:\/\/www.radiopiu.net\/wordpress\/wp-content\/uploads\/2022\/01\/271392189_4795864707173203_8194380307142626691_n.jpg'><img loading=\"lazy\" decoding=\"async\" width=\"225\" height=\"300\" src=\"https:\/\/www.radiopiu.net\/wordpress\/wp-content\/uploads\/2022\/01\/271392189_4795864707173203_8194380307142626691_n-225x300.jpg\" class=\"attachment-medium size-medium\" alt=\"\" srcset=\"https:\/\/www.radiopiu.net\/wordpress\/wp-content\/uploads\/2022\/01\/271392189_4795864707173203_8194380307142626691_n-225x300.jpg 225w, https:\/\/www.radiopiu.net\/wordpress\/wp-content\/uploads\/2022\/01\/271392189_4795864707173203_8194380307142626691_n-768x1024.jpg 768w, https:\/\/www.radiopiu.net\/wordpress\/wp-content\/uploads\/2022\/01\/271392189_4795864707173203_8194380307142626691_n-1152x1536.jpg 1152w, https:\/\/www.radiopiu.net\/wordpress\/wp-content\/uploads\/2022\/01\/271392189_4795864707173203_8194380307142626691_n.jpg 1536w\" sizes=\"auto, (max-width: 225px) 100vw, 225px\" \/><\/a>\n\t\t\t\t<\/dt><\/dl><dl class='gallery-item'>\n\t\t\t\t<dt class='gallery-icon portrait'>\n\t\t\t\t\t<a class=\"rollover rollover-zoom dt-pswp-item\" title=\"271492063_650360649432760_7265438490542770391_n\" data-dt-img-description=\"\" data-large_image_width=\"1536\" data-large_image_height=\"2048\"href='https:\/\/www.radiopiu.net\/wordpress\/wp-content\/uploads\/2022\/01\/271492063_650360649432760_7265438490542770391_n.jpg'><img loading=\"lazy\" decoding=\"async\" width=\"225\" height=\"300\" src=\"https:\/\/www.radiopiu.net\/wordpress\/wp-content\/uploads\/2022\/01\/271492063_650360649432760_7265438490542770391_n-225x300.jpg\" class=\"attachment-medium size-medium\" alt=\"\" srcset=\"https:\/\/www.radiopiu.net\/wordpress\/wp-content\/uploads\/2022\/01\/271492063_650360649432760_7265438490542770391_n-225x300.jpg 225w, https:\/\/www.radiopiu.net\/wordpress\/wp-content\/uploads\/2022\/01\/271492063_650360649432760_7265438490542770391_n-768x1024.jpg 768w, https:\/\/www.radiopiu.net\/wordpress\/wp-content\/uploads\/2022\/01\/271492063_650360649432760_7265438490542770391_n-1152x1536.jpg 1152w, https:\/\/www.radiopiu.net\/wordpress\/wp-content\/uploads\/2022\/01\/271492063_650360649432760_7265438490542770391_n.jpg 1536w\" sizes=\"auto, (max-width: 225px) 100vw, 225px\" \/><\/a>\n\t\t\t\t<\/dt><\/dl><br style=\"clear: both\" \/>\n\t\t\t<\/div>\n\n<p>&nbsp;<\/p>\n<div dir=\"auto\" role=\"none\">\n<div dir=\"auto\" role=\"none\"><strong>VOLTAGO<\/strong> La seconda segnalazione di buon mattino \u00e8 arrivata da Voltago, da Roberto che ogni giorno per lavoro percorre la regionale 347 del Duran e Cereda per raggiungere Agordo <em>&#8220;Ho notato ormai da giorni, scendendo al lavoro al mattino che manca l&#8217;illuminazione al Cristo delle Pianizze nel Capitello, si \u00e8 forse bruciata la lampadina o insiste un altro guasto? Di certo accesso \u00e8 di tutt&#8217;altro aspetto&#8221;<\/em><\/div>\n<div dir=\"auto\" role=\"none\"><\/div>\n<div dir=\"auto\" role=\"none\">\n\n\t\t\t<style type='text\/css'>\n\t\t\t\t#gallery-2 {\n\t\t\t\t\tmargin: auto;\n\t\t\t\t}\n\t\t\t\t#gallery-2 .gallery-item {\n\t\t\t\t\tfloat: left;\n\t\t\t\t\tmargin-top: 10px;\n\t\t\t\t\ttext-align: center;\n\t\t\t\t\twidth: 50%;\n\t\t\t\t}\n\t\t\t\t#gallery-2 img {\n\t\t\t\t\tborder: 2px solid #cfcfcf;\n\t\t\t\t}\n\t\t\t\t#gallery-2 .gallery-caption {\n\t\t\t\t\tmargin-left: 0;\n\t\t\t\t}\n\t\t\t\t\/* see gallery_shortcode() in wp-includes\/media.php *\/\n\t\t\t<\/style>\n\t\t<div id='gallery-2' class='dt-gallery-container gallery galleryid-253516 gallery-columns-2 gallery-size-medium'><dl class='gallery-item'>\n\t\t\t\t<dt class='gallery-icon landscape'>\n\t\t\t\t\t<a class=\"rollover rollover-zoom dt-pswp-item\" title=\"660a0d28-9459-401d-9148-c7b5277dc799\" data-dt-img-description=\"\" data-large_image_width=\"1600\" data-large_image_height=\"747\"href='https:\/\/www.radiopiu.net\/wordpress\/wp-content\/uploads\/2022\/01\/660a0d28-9459-401d-9148-c7b5277dc799.jpg'><img loading=\"lazy\" decoding=\"async\" width=\"300\" height=\"140\" src=\"https:\/\/www.radiopiu.net\/wordpress\/wp-content\/uploads\/2022\/01\/660a0d28-9459-401d-9148-c7b5277dc799-300x140.jpg\" class=\"attachment-medium size-medium\" alt=\"\" srcset=\"https:\/\/www.radiopiu.net\/wordpress\/wp-content\/uploads\/2022\/01\/660a0d28-9459-401d-9148-c7b5277dc799-300x140.jpg 300w, https:\/\/www.radiopiu.net\/wordpress\/wp-content\/uploads\/2022\/01\/660a0d28-9459-401d-9148-c7b5277dc799-1024x478.jpg 1024w, https:\/\/www.radiopiu.net\/wordpress\/wp-content\/uploads\/2022\/01\/660a0d28-9459-401d-9148-c7b5277dc799-768x359.jpg 768w, https:\/\/www.radiopiu.net\/wordpress\/wp-content\/uploads\/2022\/01\/660a0d28-9459-401d-9148-c7b5277dc799-1536x717.jpg 1536w, https:\/\/www.radiopiu.net\/wordpress\/wp-content\/uploads\/2022\/01\/660a0d28-9459-401d-9148-c7b5277dc799.jpg 1600w\" sizes=\"auto, (max-width: 300px) 100vw, 300px\" \/><\/a>\n\t\t\t\t<\/dt><\/dl><dl class='gallery-item'>\n\t\t\t\t<dt class='gallery-icon landscape'>\n\t\t\t\t\t<a class=\"rollover rollover-zoom dt-pswp-item\" title=\"ee6f3680-3b5d-40a3-8be4-8199227542a5\" data-dt-img-description=\"\" data-large_image_width=\"1600\" data-large_image_height=\"747\"href='https:\/\/www.radiopiu.net\/wordpress\/wp-content\/uploads\/2022\/01\/ee6f3680-3b5d-40a3-8be4-8199227542a5.jpg'><img loading=\"lazy\" decoding=\"async\" width=\"300\" height=\"140\" src=\"https:\/\/www.radiopiu.net\/wordpress\/wp-content\/uploads\/2022\/01\/ee6f3680-3b5d-40a3-8be4-8199227542a5-300x140.jpg\" class=\"attachment-medium size-medium\" alt=\"\" srcset=\"https:\/\/www.radiopiu.net\/wordpress\/wp-content\/uploads\/2022\/01\/ee6f3680-3b5d-40a3-8be4-8199227542a5-300x140.jpg 300w, https:\/\/www.radiopiu.net\/wordpress\/wp-content\/uploads\/2022\/01\/ee6f3680-3b5d-40a3-8be4-8199227542a5-1024x478.jpg 1024w, https:\/\/www.radiopiu.net\/wordpress\/wp-content\/uploads\/2022\/01\/ee6f3680-3b5d-40a3-8be4-8199227542a5-768x359.jpg 768w, https:\/\/www.radiopiu.net\/wordpress\/wp-content\/uploads\/2022\/01\/ee6f3680-3b5d-40a3-8be4-8199227542a5-1536x717.jpg 1536w, https:\/\/www.radiopiu.net\/wordpress\/wp-content\/uploads\/2022\/01\/ee6f3680-3b5d-40a3-8be4-8199227542a5.jpg 1600w\" sizes=\"auto, (max-width: 300px) 100vw, 300px\" \/><\/a>\n\t\t\t\t<\/dt><\/dl><br style=\"clear: both\" \/>\n\t\t\t<\/div>\n\n<\/div>\n<div dir=\"auto\" role=\"none\"><\/div>\n<\/div>\n<div dir=\"auto\" role=\"none\"><\/div>\n<div dir=\"auto\" role=\"none\"><\/div>\n<div dir=\"auto\" role=\"none\"><\/div>\n<div dir=\"auto\" role=\"none\"><\/div>\n<hr \/>\n<p>&nbsp;<\/p>\n<blockquote>\n<h3>ARRIVA LA PENSILINA PER I VIAGGIATORI NEI PRESSI DELLA CASA CANTONIERA DI LA STANGA<\/h3>\n<\/blockquote>\n<p><strong><a href=\"https:\/\/www.radiopiu.net\/wordpress\/arriva-la-pensilina-per-i-viaggiatori-nei-pressi-della-casa-cantoniera-di-la-stanga\/casa-cantoniera-la-pissa\/\" rel=\"attachment wp-att-253684\"><img loading=\"lazy\" decoding=\"async\" class=\" wp-image-253684 alignleft\" src=\"https:\/\/www.radiopiu.net\/wordpress\/wp-content\/uploads\/2022\/01\/CASA-CANTONIERA-LA-PISSA-300x225.jpeg\" alt=\"\" width=\"193\" height=\"145\" srcset=\"https:\/\/www.radiopiu.net\/wordpress\/wp-content\/uploads\/2022\/01\/CASA-CANTONIERA-LA-PISSA-300x225.jpeg 300w, https:\/\/www.radiopiu.net\/wordpress\/wp-content\/uploads\/2022\/01\/CASA-CANTONIERA-LA-PISSA-1024x768.jpeg 1024w, https:\/\/www.radiopiu.net\/wordpress\/wp-content\/uploads\/2022\/01\/CASA-CANTONIERA-LA-PISSA-768x576.jpeg 768w, https:\/\/www.radiopiu.net\/wordpress\/wp-content\/uploads\/2022\/01\/CASA-CANTONIERA-LA-PISSA-1536x1152.jpeg 1536w, https:\/\/www.radiopiu.net\/wordpress\/wp-content\/uploads\/2022\/01\/CASA-CANTONIERA-LA-PISSA-2048x1536.jpeg 2048w\" sizes=\"auto, (max-width: 193px) 100vw, 193px\" \/><\/a>SEDICO<\/strong><\/p>\n<p>di Gianni Santomaso<\/p>\n<audio class=\"wp-audio-shortcode\" id=\"audio-253516-7\" preload=\"none\" style=\"width: 100%;\" controls=\"controls\"><source type=\"audio\/mpeg\" src=\"https:\/\/www.radiopiu.net\/wordpress\/wp-content\/uploads\/2022\/01\/GIANNI-PENSILINA-LA-PISSA.mp3?_=7\" \/><a href=\"https:\/\/www.radiopiu.net\/wordpress\/wp-content\/uploads\/2022\/01\/GIANNI-PENSILINA-LA-PISSA.mp3\">https:\/\/www.radiopiu.net\/wordpress\/wp-content\/uploads\/2022\/01\/GIANNI-PENSILINA-LA-PISSA.mp3<\/a><\/audio>\n<p>&nbsp;<\/p>\n<hr \/>\n<p>&nbsp;<\/p>\n<blockquote>\n<h3><a href=\"https:\/\/www.radiopiu.net\/wordpress\/giornale-radiopiu-13-gennaio-2022-direttore-mirko-mezzacasa\/8f09f4bb-b86d-4c58-bba6-a1671057531c\/\" rel=\"attachment wp-att-253704\"><img loading=\"lazy\" decoding=\"async\" class=\" wp-image-253704 alignleft\" src=\"https:\/\/www.radiopiu.net\/wordpress\/wp-content\/uploads\/2022\/01\/8f09f4bb-b86d-4c58-bba6-a1671057531c-135x300.jpg\" alt=\"\" width=\"114\" height=\"253\" srcset=\"https:\/\/www.radiopiu.net\/wordpress\/wp-content\/uploads\/2022\/01\/8f09f4bb-b86d-4c58-bba6-a1671057531c-135x300.jpg 135w, https:\/\/www.radiopiu.net\/wordpress\/wp-content\/uploads\/2022\/01\/8f09f4bb-b86d-4c58-bba6-a1671057531c-461x1024.jpg 461w, https:\/\/www.radiopiu.net\/wordpress\/wp-content\/uploads\/2022\/01\/8f09f4bb-b86d-4c58-bba6-a1671057531c-691x1536.jpg 691w, https:\/\/www.radiopiu.net\/wordpress\/wp-content\/uploads\/2022\/01\/8f09f4bb-b86d-4c58-bba6-a1671057531c.jpg 720w\" sizes=\"auto, (max-width: 114px) 100vw, 114px\" \/><\/a>IL PICCO DEI CONTAGI TRA 10 GIORNI, TRA UN MESE QUELLO DEI RICOVERI. OGGI ALLE 12.30 IL PUNTO STAMPA DA MARGHERA CON IL PRESIDENTE LUCA ZAIA, IN DIRETTA SUI NOSTRI CANALI SOCIAL.<\/h3>\n<\/blockquote>\n<p>contagi sempre alti: 19.811 nuovi positivi, Verona in testa, 29 vittime. In isolamento 215.195 cittadini Covid, boom dei contagi nelle scuole trevigiane: &#8220;colpite&#8221; 330 classi (+160%), 1700 malati in area medica e 215 in terapia intensiva, al 75-80% non vaccinati Zaia <em>&#8220;prevediamo il picco dei contagi intorno al 23 gennaio e quello dei ricoveri il 12 febbraio\u00bb.<\/em><\/p>\n<p>&nbsp;<\/p>\n<p>&nbsp;<\/p>\n<blockquote class=\"wp-embedded-content\" data-secret=\"yes1R0AwZn\"><p><a href=\"https:\/\/www.radiopiu.net\/wordpress\/aggiornamentonaz2022gen12\/\">CORONAVIRUS: AGGIORNAMENTO NAZIONALE 12 GENNAIO 2022<\/a><\/p><\/blockquote>\n<p><iframe loading=\"lazy\" class=\"wp-embedded-content\" sandbox=\"allow-scripts\" security=\"restricted\" style=\"position: absolute; clip: rect(1px, 1px, 1px, 1px);\" title=\"&#8220;CORONAVIRUS: AGGIORNAMENTO NAZIONALE 12 GENNAIO 2022&#8221; &#8212; Radio Pi\u00f9\" src=\"https:\/\/www.radiopiu.net\/wordpress\/aggiornamentonaz2022gen12\/embed\/#?secret=yes1R0AwZn\" data-secret=\"yes1R0AwZn\" width=\"600\" height=\"338\" frameborder=\"0\" marginwidth=\"0\" marginheight=\"0\" scrolling=\"no\"><\/iframe><\/p>\n<p>&nbsp;<\/p>\n<blockquote class=\"wp-embedded-content\" data-secret=\"bEJwtDLg9b\"><p><a href=\"https:\/\/www.radiopiu.net\/wordpress\/azero12\/\">OLTRE 800MILA CASI DA INIZIO EPIDEMIA, CONTAGI SEMPRE A QUOTA 20MILA,  9 DECESSI E 215MILA VENETI IN QUARANTENA<\/a><\/p><\/blockquote>\n<p><iframe loading=\"lazy\" class=\"wp-embedded-content\" sandbox=\"allow-scripts\" security=\"restricted\" style=\"position: absolute; clip: rect(1px, 1px, 1px, 1px);\" title=\"&#8220;OLTRE 800MILA CASI DA INIZIO EPIDEMIA, CONTAGI SEMPRE A QUOTA 20MILA,  9 DECESSI E 215MILA VENETI IN QUARANTENA&#8221; &#8212; Radio Pi\u00f9\" src=\"https:\/\/www.radiopiu.net\/wordpress\/azero12\/embed\/#?secret=bEJwtDLg9b\" data-secret=\"bEJwtDLg9b\" width=\"600\" height=\"338\" frameborder=\"0\" marginwidth=\"0\" marginheight=\"0\" scrolling=\"no\"><\/iframe><\/p>\n<p>&nbsp;<\/p>\n<h2>I GRAFICI DI TIZIANO DE COL<\/h2>\n\n\t\t\t<style type='text\/css'>\n\t\t\t\t#gallery-3 {\n\t\t\t\t\tmargin: auto;\n\t\t\t\t}\n\t\t\t\t#gallery-3 .gallery-item {\n\t\t\t\t\tfloat: left;\n\t\t\t\t\tmargin-top: 10px;\n\t\t\t\t\ttext-align: center;\n\t\t\t\t\twidth: 33%;\n\t\t\t\t}\n\t\t\t\t#gallery-3 img {\n\t\t\t\t\tborder: 2px solid #cfcfcf;\n\t\t\t\t}\n\t\t\t\t#gallery-3 .gallery-caption {\n\t\t\t\t\tmargin-left: 0;\n\t\t\t\t}\n\t\t\t\t\/* see gallery_shortcode() in wp-includes\/media.php *\/\n\t\t\t<\/style>\n\t\t<div id='gallery-3' class='dt-gallery-container gallery galleryid-253516 gallery-columns-3 gallery-size-medium'><dl class='gallery-item'>\n\t\t\t\t<dt class='gallery-icon landscape'>\n\t\t\t\t\t<a class=\"rollover rollover-zoom dt-pswp-item\" title=\"c7e120c0-2ee6-4ab8-85f4-bfd826133ec2\" data-dt-img-description=\"\" data-large_image_width=\"601\" data-large_image_height=\"360\"href='https:\/\/www.radiopiu.net\/wordpress\/wp-content\/uploads\/2022\/01\/c7e120c0-2ee6-4ab8-85f4-bfd826133ec2.jpg'><img loading=\"lazy\" decoding=\"async\" width=\"300\" height=\"180\" src=\"https:\/\/www.radiopiu.net\/wordpress\/wp-content\/uploads\/2022\/01\/c7e120c0-2ee6-4ab8-85f4-bfd826133ec2-300x180.jpg\" class=\"attachment-medium size-medium\" alt=\"\" srcset=\"https:\/\/www.radiopiu.net\/wordpress\/wp-content\/uploads\/2022\/01\/c7e120c0-2ee6-4ab8-85f4-bfd826133ec2-300x180.jpg 300w, https:\/\/www.radiopiu.net\/wordpress\/wp-content\/uploads\/2022\/01\/c7e120c0-2ee6-4ab8-85f4-bfd826133ec2.jpg 601w\" sizes=\"auto, (max-width: 300px) 100vw, 300px\" \/><\/a>\n\t\t\t\t<\/dt><\/dl><dl class='gallery-item'>\n\t\t\t\t<dt class='gallery-icon landscape'>\n\t\t\t\t\t<a class=\"rollover rollover-zoom dt-pswp-item\" title=\"4e1f4f8c-7957-4a50-b0a4-0cc01c45422a\" data-dt-img-description=\"\" data-large_image_width=\"612\" data-large_image_height=\"357\"href='https:\/\/www.radiopiu.net\/wordpress\/wp-content\/uploads\/2022\/01\/4e1f4f8c-7957-4a50-b0a4-0cc01c45422a.jpg'><img loading=\"lazy\" decoding=\"async\" width=\"300\" height=\"175\" src=\"https:\/\/www.radiopiu.net\/wordpress\/wp-content\/uploads\/2022\/01\/4e1f4f8c-7957-4a50-b0a4-0cc01c45422a-300x175.jpg\" class=\"attachment-medium size-medium\" alt=\"\" srcset=\"https:\/\/www.radiopiu.net\/wordpress\/wp-content\/uploads\/2022\/01\/4e1f4f8c-7957-4a50-b0a4-0cc01c45422a-300x175.jpg 300w, https:\/\/www.radiopiu.net\/wordpress\/wp-content\/uploads\/2022\/01\/4e1f4f8c-7957-4a50-b0a4-0cc01c45422a.jpg 612w\" sizes=\"auto, (max-width: 300px) 100vw, 300px\" \/><\/a>\n\t\t\t\t<\/dt><\/dl><dl class='gallery-item'>\n\t\t\t\t<dt class='gallery-icon landscape'>\n\t\t\t\t\t<a class=\"rollover rollover-zoom dt-pswp-item\" title=\"ee28d39b-b2d6-44df-acd4-d51dd6b6fdf5\" data-dt-img-description=\"\" data-large_image_width=\"608\" data-large_image_height=\"356\"href='https:\/\/www.radiopiu.net\/wordpress\/wp-content\/uploads\/2022\/01\/ee28d39b-b2d6-44df-acd4-d51dd6b6fdf5.jpg'><img loading=\"lazy\" decoding=\"async\" width=\"300\" height=\"176\" src=\"https:\/\/www.radiopiu.net\/wordpress\/wp-content\/uploads\/2022\/01\/ee28d39b-b2d6-44df-acd4-d51dd6b6fdf5-300x176.jpg\" class=\"attachment-medium size-medium\" alt=\"\" srcset=\"https:\/\/www.radiopiu.net\/wordpress\/wp-content\/uploads\/2022\/01\/ee28d39b-b2d6-44df-acd4-d51dd6b6fdf5-300x176.jpg 300w, https:\/\/www.radiopiu.net\/wordpress\/wp-content\/uploads\/2022\/01\/ee28d39b-b2d6-44df-acd4-d51dd6b6fdf5.jpg 608w\" sizes=\"auto, (max-width: 300px) 100vw, 300px\" \/><\/a>\n\t\t\t\t<\/dt><\/dl><br style=\"clear: both\" \/><dl class='gallery-item'>\n\t\t\t\t<dt class='gallery-icon landscape'>\n\t\t\t\t\t<a class=\"rollover rollover-zoom dt-pswp-item\" title=\"241903e5-414f-43e8-985c-e0319896ff3f\" data-dt-img-description=\"\" data-large_image_width=\"612\" data-large_image_height=\"363\"href='https:\/\/www.radiopiu.net\/wordpress\/wp-content\/uploads\/2022\/01\/241903e5-414f-43e8-985c-e0319896ff3f.jpg'><img loading=\"lazy\" decoding=\"async\" width=\"300\" height=\"178\" src=\"https:\/\/www.radiopiu.net\/wordpress\/wp-content\/uploads\/2022\/01\/241903e5-414f-43e8-985c-e0319896ff3f-300x178.jpg\" class=\"attachment-medium size-medium\" alt=\"\" srcset=\"https:\/\/www.radiopiu.net\/wordpress\/wp-content\/uploads\/2022\/01\/241903e5-414f-43e8-985c-e0319896ff3f-300x178.jpg 300w, https:\/\/www.radiopiu.net\/wordpress\/wp-content\/uploads\/2022\/01\/241903e5-414f-43e8-985c-e0319896ff3f.jpg 612w\" sizes=\"auto, (max-width: 300px) 100vw, 300px\" \/><\/a>\n\t\t\t\t<\/dt><\/dl><dl class='gallery-item'>\n\t\t\t\t<dt class='gallery-icon landscape'>\n\t\t\t\t\t<a class=\"rollover rollover-zoom dt-pswp-item\" title=\"26920098-d4b2-4ea8-bb31-6f9868022b19\" data-dt-img-description=\"\" data-large_image_width=\"596\" data-large_image_height=\"358\"href='https:\/\/www.radiopiu.net\/wordpress\/wp-content\/uploads\/2022\/01\/26920098-d4b2-4ea8-bb31-6f9868022b19.jpg'><img loading=\"lazy\" decoding=\"async\" width=\"300\" height=\"180\" src=\"https:\/\/www.radiopiu.net\/wordpress\/wp-content\/uploads\/2022\/01\/26920098-d4b2-4ea8-bb31-6f9868022b19-300x180.jpg\" class=\"attachment-medium size-medium\" alt=\"\" srcset=\"https:\/\/www.radiopiu.net\/wordpress\/wp-content\/uploads\/2022\/01\/26920098-d4b2-4ea8-bb31-6f9868022b19-300x180.jpg 300w, https:\/\/www.radiopiu.net\/wordpress\/wp-content\/uploads\/2022\/01\/26920098-d4b2-4ea8-bb31-6f9868022b19.jpg 596w\" sizes=\"auto, (max-width: 300px) 100vw, 300px\" \/><\/a>\n\t\t\t\t<\/dt><\/dl>\n\t\t\t\t<br style='clear: both' \/>\n\t\t\t<\/div>\n\n<p>&nbsp;<\/p>\n<hr \/>\n<p>&nbsp;<\/p>\n<blockquote>\n<h3>AGGIORNAMENTO DELL&#8217;ULSS 1 DOLOMITI SULLA CAMPAGNA VACCINALE. L&#8217;83,2% DELLA POPOLAZIONE BELLUNESE HA RICEVUTO IL PRIMO CICLO<\/h3>\n<\/blockquote>\n<p><strong><a href=\"https:\/\/www.radiopiu.net\/wordpress\/open-day-vaccinazioni-pediatriche-domenica-a-sedico\/vaccino-bambini\/\" rel=\"attachment wp-att-252796\"><img loading=\"lazy\" decoding=\"async\" class=\"size-medium wp-image-252796 alignleft\" src=\"https:\/\/www.radiopiu.net\/wordpress\/wp-content\/uploads\/2022\/01\/VACCINO-BAMBINI-300x215.png\" alt=\"\" width=\"300\" height=\"215\" srcset=\"https:\/\/www.radiopiu.net\/wordpress\/wp-content\/uploads\/2022\/01\/VACCINO-BAMBINI-300x215.png 300w, https:\/\/www.radiopiu.net\/wordpress\/wp-content\/uploads\/2022\/01\/VACCINO-BAMBINI-1024x734.png 1024w, https:\/\/www.radiopiu.net\/wordpress\/wp-content\/uploads\/2022\/01\/VACCINO-BAMBINI-768x550.png 768w, https:\/\/www.radiopiu.net\/wordpress\/wp-content\/uploads\/2022\/01\/VACCINO-BAMBINI.png 1280w\" sizes=\"auto, (max-width: 300px) 100vw, 300px\" \/><\/a>BELLUNO<\/strong> Aggiornamento settimanale dell&#8217;Ulss 1 Dolomiti sulla campagna vaccinale anti covid in provincia di Belluno. Totale dosi somministrate: 398.521, l&#8217;83,2% \u2013 160.903 persone vaccinate con primo ciclo over 5, l&#8217;80,6% &#8211; 155.781 persone con ciclo completo over 5, 32. 377 persone ancora da vaccinare over 5 anni. Risultano vaccinati con almeno una dose: Il 19,4% dei 5-11 enni (2.117), l\u201981,1% \u00a0% dei 12- 19 enni (11.527 persone), l\u2019 84,8 % dei 20-29enni (16.060), l\u2019 80,7 % dei 30-39enni (16.015), l\u2019 80,1% dei 40-49enni (22.017), l\u201986,7% dei 50-59enni (28.788), l\u201989,2\u00a0 % dei 60-69enni (24.904), il 93,6% dei 70-79enni (22.240), circa il 100% degli over 80 (17.242). Le persone ancora da vaccinare sono cos\u00ec suddivise: 5-11 anni: 8.771 (80,6%), 12-19 anni: 2.680 (18,9%), 20-29 anni: 2.889 (15,2%), 30-39 anni: 3.833 (19,3%), 40-49 anni: 5.475 (19,9%), 50-59 anni: 4.430 (13,3%), 60-69 anni: 3.021 (10,8%), 70 79 anni: 1.533 (6,4%) <strong>TERZE DOSI\/dosi booster <\/strong>95.154 terze dosi gi\u00e0 somministrate, l&#8217;86,1 % degli over 80 eleggibili gi\u00e0 vaccinati con dose booster, l&#8217;87,1% dei 70-79enni eleggibili gi\u00e0 vaccinati con dose booster, il 76,8% della popolazione totale eleggibile gi\u00e0 vaccinato con dose booster. Sono stati aperti ulteriori posti in tutte le sedi vaccinali, oltre alle numerose sedute ad accesso libero programmate. Da luned\u00ec 10 gennaio \u00e8 stato anticipato a 4 mesi l\u2019intervallo tra la conclusione del ciclo primario e la possibile somministrazione della dose booster. <strong>VACCINAZIONI PEDIATRICHE 5-11 ANNI <\/strong>I pediatri ospedalieri sono disponibili per rispondere ai dubbi dei genitori attraverso degli incontri. Per informazioni inviare una mail alla pediatria di Belluno: <a href=\"mailto:pediatria.bl@aulss1.veneto.it\">pediatria.bl@aulss1.veneto.it<\/a> o alla Pediatria di Feltre <a href=\"mailto:pediatria.fe@aulss1.veneto.it\">pediatria.fe@aulss1.veneto.it<\/a> . Nel weekend sono in programma due sedute vaccinali per bambini ad accesso libero: sabato 15 gennaio dalle 9.00 alle 18.00 al Palaskating di Sedico, domenica 16 gennaio dalle 15.00 alle 18.30 al Centro prelievi di Feltre.<\/p>\n<p>&nbsp;<\/p>\n<p>&nbsp;<\/p>\n<hr \/>\n<p>&nbsp;<\/p>\n<blockquote>\n<h3>ADOLE\u2013SCIENZA: INCONTRI ONLINE PER GENITORI<\/h3>\n<\/blockquote>\n<p><strong>BELLUNO <\/strong>Il Dipartimento Dipendenze dell\u2019Ulss Dolomiti ha organizzato una serie di incontri per genitori e adulti di riferimento di ragazzi adolescenti su tematiche di interesse, per discutere insieme a degli esperti dubbi che interessano questa fase della crescita vissuta in un contesto particolare come quello che stiamo vivendo. Gli incontri si terranno online nelle serate di venerd\u00ec 28 gennaio, 4,11 e 25 febbraio dalle 20.30 alle 22.00. Questi i temi: 28 gennaio: Tra banco e divano: gli adolescenti bellunesi e la pandemia; 4 febbraio: Adolescenza stupefacente! Sostanze psicoattive: effetti, rischi, risposte; 11 febbraio: Vuoti a perdere? Divertimento, consumi e ricerca del senso; 25 febbraio: Tiro alla fune: genitori e figli alle prese con l\u2019adolescenza<\/p>\n<p>&nbsp;<\/p>\n<p>&nbsp;<\/p>\n<hr \/>\n<p>&nbsp;<\/p>\n<blockquote>\n<h3><a href=\"https:\/\/www.radiopiu.net\/wordpress\/169-anniversario-di-fondazione-della-polizia-di-stato\/img-20210207-wa0009\/\" rel=\"attachment wp-att-202223\"><img loading=\"lazy\" decoding=\"async\" class=\"wp-image-202223 alignleft\" src=\"https:\/\/www.radiopiu.net\/wordpress\/wp-content\/uploads\/2021\/04\/IMG-20210207-WA0009-300x225.jpg\" alt=\"\" width=\"172\" height=\"129\" srcset=\"https:\/\/www.radiopiu.net\/wordpress\/wp-content\/uploads\/2021\/04\/IMG-20210207-WA0009-300x225.jpg 300w, https:\/\/www.radiopiu.net\/wordpress\/wp-content\/uploads\/2021\/04\/IMG-20210207-WA0009-1024x768.jpg 1024w, https:\/\/www.radiopiu.net\/wordpress\/wp-content\/uploads\/2021\/04\/IMG-20210207-WA0009-768x576.jpg 768w, https:\/\/www.radiopiu.net\/wordpress\/wp-content\/uploads\/2021\/04\/IMG-20210207-WA0009-1536x1152.jpg 1536w, https:\/\/www.radiopiu.net\/wordpress\/wp-content\/uploads\/2021\/04\/IMG-20210207-WA0009.jpg 1632w\" sizes=\"auto, (max-width: 172px) 100vw, 172px\" \/><\/a>LA POLIZIA DI STATO CERCA QUARANTA MEDICI<\/h3>\n<\/blockquote>\n<p><b>BELLUNO <\/b>E&#8217; stato pubblicato il concorso per titoli ed esami per l&#8217;assunzione di 40 medici per la Polizia di Stato. La domanda di partecipazione al concorso deve essere compilato entro 30 giorni attraverso il sito www.poliziadistato.it<\/p>\n<p>&nbsp;<\/p>\n<p>&nbsp;<\/p>\n<p>&nbsp;<\/p>\n<hr \/>\n<p>&nbsp;<\/p>\n<blockquote>\n<h1 style=\"text-align: left;\">PER DUE STUDENTI MERITEVOLI LE BORSE DI STUDIO &#8220;CARLA LASEN&#8221;<\/h1>\n<\/blockquote>\n<p><b><img loading=\"lazy\" decoding=\"async\" class=\"aligncenter\" src=\"https:\/\/www.radiopiu.net\/wordpress\/wp-content\/uploads\/2022\/01\/Borse-di-studio-Carla-Lasen.jpg\" width=\"467\" height=\"263\" \/><\/b><\/p>\n<p>&nbsp;<\/p>\n<p><b>FELTRE <\/b>Le borse di studio della Fondazione \u201cCarla Lasen\u201d sono state\u00a0 istituite alcuni anni fa per volere dell&#8217;omonima insegnate per sostenere nel proprio percorso di formazione giovani feltrini meritevoli. I due assegni, di 4.500 euro cadauno, sono stati assegnati a Matteo Titton e Yasmine Es Saadi. <strong>MATTEO TITTON<\/strong> si \u00e8 diplomato a pieni voti lo scorso anno presso l&#8217;ITIS \u201cNegrelli\u201d in informatica\u00a0 e telecomunicazioni e frequenta ora il primo anno del corso di scienze politiche e internazionali dell&#8217;Universit\u00e0 di Trento.\u00a0 <strong>YASMINE ES SAADI<\/strong> ha conseguito nel 2021 il diploma in biotecnologie sanitarie, sempre con la valutazione di 100\/100esimi, \u00e8 iscritta al corso di chimica\u00a0 e tecnologie farmaceutiche presso l&#8217;Universit\u00e0 di Ferrara. Alla breve cerimonia erano presenti anche il sindaco di Feltre, Paolo Perenzin, l&#8217;assessore alla cultura e alla formazione Alessandro Del Bianco e il consigliere Giovanni Pelosio, che rappresenta il Comune di Feltre in seno al cda della Fondazione.<\/p>\n<p>&nbsp;<\/p>\n<p>&nbsp;<\/p>\n<hr \/>\n<blockquote>\n<h3><\/h3>\n<h3>SERVIZIO CIVILE UNIVERSALE PROGETTO \u201cABBRACCIO<\/h3>\n<\/blockquote>\n<p><strong><a href=\"https:\/\/www.radiopiu.net\/wordpress\/giornale-radiopiu-12-gennaio-2022-direttore-mirko-mezzacasa\/tree-97986_960_720\/\" rel=\"attachment wp-att-253452\"><img loading=\"lazy\" decoding=\"async\" class=\"wp-image-253452 alignleft\" src=\"https:\/\/www.radiopiu.net\/wordpress\/wp-content\/uploads\/2022\/01\/tree-97986_960_720-300x225.jpg\" alt=\"\" width=\"181\" height=\"136\" srcset=\"https:\/\/www.radiopiu.net\/wordpress\/wp-content\/uploads\/2022\/01\/tree-97986_960_720-300x225.jpg 300w, https:\/\/www.radiopiu.net\/wordpress\/wp-content\/uploads\/2022\/01\/tree-97986_960_720-768x575.jpg 768w, https:\/\/www.radiopiu.net\/wordpress\/wp-content\/uploads\/2022\/01\/tree-97986_960_720.jpg 960w\" sizes=\"auto, (max-width: 181px) 100vw, 181px\" \/><\/a>\u00a0BELLUNO<\/strong> Il Centro Italiano Solidariet\u00e0 di Belluno (Ceis) seleziona\u00a0 10\u00a0 volontari per il progetto di contrasto alle dipendente. Le domande vanno presentate entro il 26 gennaio. Previste\u00a0 25 ore settimanali\u00a0 per un anno, \u00a0rimborso mensile\u00a0 444,30 euro. Il Servizio prevede l\u2019inserimento nelle Comunit\u00e0 Terapeutiche\u00a0 per persone con problemi di dipendenza da sostanze d\u2019abuso o nel settore di progettazione sociale e inserimento lavorativo di Ce.I.S. e della Cooperativa Sociale Integra (Comune di Belluno e Sospirolo). Informazioni sul sito www.serviziocivile.gov.it \u201csezione volontari\u201d,\u00a0 rivolgersi al Ce.I.S.,\u00a0 telefono: 0437 950895 \u2013 mail: info@ceisbelluno.org. Ulteriori informazioni anche su: www.ceisbelluno.org<\/p>\n<p>&nbsp;<\/p>\n<p>&nbsp;<\/p>\n<hr \/>\n<p>&nbsp;<\/p>\n<blockquote>\n<h3>WORLD SNOW DAY, IL 16 GENNAIO NELLA SKI AREA SAN PELLEGRINO<\/h3>\n<\/blockquote>\n<p><strong><a href=\"https:\/\/www.radiopiu.net\/wordpress\/world-snow-day-il-16-gennaio-nella-ski-area-san-pellegrino\/lezioni-di-sci-per-bambini-a-falcade\/\" rel=\"attachment wp-att-253395\"><img loading=\"lazy\" decoding=\"async\" class=\" wp-image-253395 alignleft\" src=\"https:\/\/www.radiopiu.net\/wordpress\/wp-content\/uploads\/2022\/01\/lezioni-di-sci-per-bambini-a-Falcade-300x200.jpg\" alt=\"\" width=\"210\" height=\"140\" srcset=\"https:\/\/www.radiopiu.net\/wordpress\/wp-content\/uploads\/2022\/01\/lezioni-di-sci-per-bambini-a-Falcade-300x200.jpg 300w, https:\/\/www.radiopiu.net\/wordpress\/wp-content\/uploads\/2022\/01\/lezioni-di-sci-per-bambini-a-Falcade-768x512.jpg 768w, https:\/\/www.radiopiu.net\/wordpress\/wp-content\/uploads\/2022\/01\/lezioni-di-sci-per-bambini-a-Falcade.jpg 800w\" sizes=\"auto, (max-width: 210px) 100vw, 210px\" \/><\/a>FALCADE<\/strong> Domenica 16 gennaio 2022 Falcade ospiter\u00e0 l\u2019undicesima edizione della giornata mondiale dedicata alla neve, WORLD SNOW DAY, evento a livello internazionale che si prefigge l\u2019obiettivo di avvicinare i bambini alla neve in modo divertente e originale. La Scuola Sci &amp; Snowboard Equipe, che si dedica in particolare ai pi\u00f9 piccoli ed alle famiglie specializzandosi come Family Ski School, sar\u00e0 impegnata come organizzatore dell\u2019evento. Scopo finale di World Snow Day sar\u00e0 promuovere l\u2019Ambiente, i Benefici delle attivit\u00e0 invernali per la Salute e l\u2019importanza della Sicurezza durante le attivit\u00e0 sulla neve. Il programma di WORLD SNOW DAY organizzato a Falcade \/ Passo San Pellegrino, luogo ideale per lo sci fuoripista, sar\u00e0 improntato sulla tematica FREERIDE . Tutte le novit\u00e0 riguardo la giornata e i divertenti video promozionali sul sito www.world-snow-day.com e www.scuolasciequipe.it<\/p>\n<p>FOTO sito www.scuolasciequipe.it<\/p>\n<p>&nbsp;<\/p>\n<p>&nbsp;<\/p>\n<hr \/>\n<p>&nbsp;<\/p>\n<p>&nbsp;<\/p>\n<blockquote>\n<h3>TERENZIO GAMBIN ONORA IL DIALETTO<\/h3>\n<\/blockquote>\n<p><strong>SOSPIROLO<\/strong> In occasione della Giornata Nazionale del Dialetto, venerd\u00ec alle 20.30 al Centro civico di Sospirolo, la Pro loco \u201cMonti del Sole\u201d\u00a0 organizza lo spettacolo\u00a0 divertente e allo stesso tempo di memoria storica con Terenzio Gambin in \u201cQu\u00e0nde che s\u00f3te a l l\u00e8t ghe n&#8217;era ancora el boc\u00e0l\u201d con Maurizio Contessotto a chitarra, armonica e voce. Terenzio Gambin, di Mosnigo (Moriago della Battaglia) ha unito la passione per la sua terra, le tradizioni, il paesaggio e la lingua dialettale con la scrittura e il desiderio di trasmettere una memoria alle generazioni future. Autore di numerose pubblicazioni in dialetto veneto, ha collaborato con Gianni Secco, indimenticato ricercatore ed etnomusicologo, alla fortunata trasmissione televisiva \u201cA marenda coi Belumat\u201d\u00a0 La data effettiva della Giornata nazionale del dialetto sar\u00e0 poi il 17 gennaio, istituita nel 2013 dall&#8217;Unione Nazionale delle Pro Loco con il fine di salvaguardare e valorizzare queste espressioni appartenenti al nostro patrimonio immateriale. L\u2019evento ha ingresso libero. Obbligatorio il rispetto delle regole anti Covid-19, Green Pass rafforzato e mascherina Ffp2.<\/p>\n<p>&nbsp;<\/p>\n<p>&nbsp;<\/p>\n<hr \/>\n<p>&nbsp;<\/p>\n<h2><span style=\"color: #ff0000;\">IERI ALLA RADIO\u00a0<\/span><\/h2>\n<blockquote>\n<h3>INVERNO 2022: LO ZERO TERMICO E&#8217;&#8230;.A RADIO PIU&#8217;.<\/h3>\n<p><span style=\"color: #ff0000;\"><em><a href=\"https:\/\/www.radiopiu.net\/wordpress\/giornale-radiopiu-13-gennaio-2022-direttore-mirko-mezzacasa\/pp-93\/\" rel=\"attachment wp-att-253616\"><img loading=\"lazy\" decoding=\"async\" class=\"wp-image-253616 alignleft\" src=\"https:\/\/www.radiopiu.net\/wordpress\/wp-content\/uploads\/2022\/01\/pp-1.jpg\" alt=\"\" width=\"123\" height=\"123\" srcset=\"https:\/\/www.radiopiu.net\/wordpress\/wp-content\/uploads\/2022\/01\/pp-1.jpg 236w, https:\/\/www.radiopiu.net\/wordpress\/wp-content\/uploads\/2022\/01\/pp-1-150x150.jpg 150w\" sizes=\"auto, (max-width: 123px) 100vw, 123px\" \/><\/a>ZERO TERMICO E&#8217; UN VIAGGIO ALLA SCOPERTA DEL NOSTRO TERRITORIO, DALLA VOCE DEI PROTAGONISTI. TURISMO, SPORT, EVENTI, CULTURA, INTRATTENIMENTO. DAL LUNEDI&#8217; AL VENERDI ALLE 15.10 ALLE 20.30. ZERO TERMICO. UN APPUNTAMENTO IN COLLABORAZIONE CON: SPORT 203. LA NATURALE PORTA D&#8217;INGRESSO&#8230;.VERSO LO ZERO TERMICO. LOCALITA&#8217; LE CAMPE STRADA AGORDO BBELLUNO. ABBIGLIAMENTO E ATTREZZATURA&#8230;.DEDICATI A CHI AMA LA MONTAGNA.<\/em><\/span><\/p><\/blockquote>\n<p><strong>di Claudio Fontanive<\/strong><\/p>\n<p><strong>PUNTATA 03 DEL 12\u00a0 GENNAIO 2022, OSPITE PAOLO CAPRARO_ bando del Servizio Civile Universale<\/strong><\/p>\n<audio class=\"wp-audio-shortcode\" id=\"audio-253516-8\" preload=\"none\" style=\"width: 100%;\" controls=\"controls\"><source type=\"audio\/mpeg\" src=\"https:\/\/www.radiopiu.net\/wordpress\/wp-content\/uploads\/2022\/01\/paolo-capraro-csv-12-gennaio.mp3?_=8\" \/><a href=\"https:\/\/www.radiopiu.net\/wordpress\/wp-content\/uploads\/2022\/01\/paolo-capraro-csv-12-gennaio.mp3\">https:\/\/www.radiopiu.net\/wordpress\/wp-content\/uploads\/2022\/01\/paolo-capraro-csv-12-gennaio.mp3<\/a><\/audio>\n<p>&nbsp;<\/p>\n<p>&nbsp;<\/p>\n<p>&nbsp;<\/p>\n<hr \/>\n<p>&nbsp;<\/p>\n<div>\n<div class=\"b654a4as d2edcug0\">\n<div class=\"rq0escxv hkbzh7o3 jwdofwj8 n8tt0mok r8blr3vg hyh9befq\">\n<p><a class=\"dt-pswp-item\" href=\"https:\/\/www.radiopiu.net\/wordpress\/wp-content\/uploads\/2020\/10\/pp.jpg\" data-dt-img-description=\"\" data-large_image_width=\"640\" data-large_image_height=\"640\"><img loading=\"lazy\" decoding=\"async\" class=\"wp-image-163678 alignleft\" src=\"https:\/\/www.radiopiu.net\/wordpress\/wp-content\/uploads\/2020\/10\/pp-300x300.jpg\" alt=\"\" width=\"106\" height=\"106\" srcset=\"https:\/\/www.radiopiu.net\/wordpress\/wp-content\/uploads\/2020\/10\/pp-300x300.jpg 300w, https:\/\/www.radiopiu.net\/wordpress\/wp-content\/uploads\/2020\/10\/pp-150x150.jpg 150w, https:\/\/www.radiopiu.net\/wordpress\/wp-content\/uploads\/2020\/10\/pp-125x125.jpg 125w, https:\/\/www.radiopiu.net\/wordpress\/wp-content\/uploads\/2020\/10\/pp-200x200.jpg 200w, https:\/\/www.radiopiu.net\/wordpress\/wp-content\/uploads\/2020\/10\/pp-80x80.jpg 80w, https:\/\/www.radiopiu.net\/wordpress\/wp-content\/uploads\/2020\/10\/pp-480x480.jpg 480w, https:\/\/www.radiopiu.net\/wordpress\/wp-content\/uploads\/2020\/10\/pp.jpg 640w\" sizes=\"auto, (max-width: 106px) 100vw, 106px\" \/><\/a><\/p>\n<\/div>\n<\/div>\n<\/div>\n<div>\n<div class=\"page-title-head hgroup\">\n<div class=\"page-title-head hgroup\">\n<div class=\"b654a4as d2edcug0\">\n<div class=\"j83agx80 btwxx1t3 lhclo0ds hop8lmos nkwizq5d scwd0bx6 roh60bw9\">\n<div class=\"rq0escxv hkbzh7o3 jwdofwj8 n8tt0mok r8blr3vg hyh9befq\">\n<div class=\"do00u71z l9j0dhe7 k4urcfbm\">\n<h2><span style=\"color: #000080;\">\u00a0<\/span><\/h2>\n<h2><span style=\"color: #000080;\">DON CESARE, IL PENSIERO DEL GIORNO. ALLA RADIO ALLE 7 DEL MATTINO E ALLE 19.30 DELLA SERA.\u00a0<\/span><\/h2>\n<audio class=\"wp-audio-shortcode\" id=\"audio-253516-9\" preload=\"none\" style=\"width: 100%;\" controls=\"controls\"><source type=\"audio\/mpeg\" src=\"https:\/\/www.radiopiu.net\/wordpress\/wp-content\/uploads\/2022\/01\/cesare-4.mp3?_=9\" \/><a href=\"https:\/\/www.radiopiu.net\/wordpress\/wp-content\/uploads\/2022\/01\/cesare-4.mp3\">https:\/\/www.radiopiu.net\/wordpress\/wp-content\/uploads\/2022\/01\/cesare-4.mp3<\/a><\/audio>\n<\/div>\n<div class=\"do00u71z l9j0dhe7 k4urcfbm\">\n<p>&nbsp;<\/p>\n<p>&nbsp;<\/p>\n<p>&nbsp;<\/p>\n<hr \/>\n<p>&nbsp;<\/p>\n<blockquote class=\"wp-embedded-content\" data-secret=\"7L4pFMry7H\"><p><a href=\"https:\/\/www.radiopiu.net\/wordpress\/a-feltre-cinque-incontri-di-formazione-proposti-dalla-convergenza-foraniale\/\">A FELTRE CINQUE INCONTRI DI FORMAZIONE PROPOSTI DALLA CONVERGENZA FORANIALE<\/a><\/p><\/blockquote>\n<p><iframe loading=\"lazy\" class=\"wp-embedded-content\" sandbox=\"allow-scripts\" security=\"restricted\" style=\"position: absolute; clip: rect(1px, 1px, 1px, 1px);\" title=\"&#8220;A FELTRE CINQUE INCONTRI DI FORMAZIONE PROPOSTI DALLA CONVERGENZA FORANIALE&#8221; &#8212; Radio Pi\u00f9\" src=\"https:\/\/www.radiopiu.net\/wordpress\/a-feltre-cinque-incontri-di-formazione-proposti-dalla-convergenza-foraniale\/embed\/#?secret=7L4pFMry7H\" data-secret=\"7L4pFMry7H\" width=\"600\" height=\"338\" frameborder=\"0\" marginwidth=\"0\" marginheight=\"0\" scrolling=\"no\"><\/iframe><\/p>\n<p>&nbsp;<\/p>\n<hr \/>\n<p>&nbsp;<\/p>\n<div>\n<div class=\"page-title-head hgroup\">\n<div class=\"page-title-head hgroup\">\n<div class=\"b654a4as d2edcug0\">\n<div class=\"j83agx80 btwxx1t3 lhclo0ds hop8lmos nkwizq5d scwd0bx6 roh60bw9\">\n<div class=\"rq0escxv hkbzh7o3 jwdofwj8 n8tt0mok r8blr3vg hyh9befq\">\n<div class=\"do00u71z l9j0dhe7 k4urcfbm\">\n<div class=\"ecm0bbzt e5nlhep0 a8c37x1j\">\n<div class=\"kvgmc6g5 cxmmr5t8 oygrvhab hcukyx3x c1et5uql\">\n<div class=\"gmail-kvgmc6g5 gmail-cxmmr5t8 gmail-oygrvhab gmail-hcukyx3x gmail-c1et5uql gmail-ii04i59q\">\n<div class=\"page-title-head hgroup\">\n<div class=\"page-title-head hgroup\">\n<div class=\"b654a4as d2edcug0\">\n<div class=\"j83agx80 btwxx1t3 lhclo0ds hop8lmos nkwizq5d scwd0bx6 roh60bw9\">\n<div class=\"rq0escxv hkbzh7o3 jwdofwj8 n8tt0mok r8blr3vg hyh9befq\">\n<div class=\"do00u71z l9j0dhe7 k4urcfbm\">\n<h3 class=\"kvgmc6g5 cxmmr5t8 oygrvhab hcukyx3x c1et5uql\"><span style=\"color: #0000ff;\"><strong>INFORMAZIONE il canale su TELEGRAM informazione di prima mano e in tempo reale. iscriviti ed aiutaci a farlo conoscere\u00a0\u00a0<\/strong><\/span><\/h3>\n<p>&nbsp;<\/p>\n<p>&nbsp;<\/p>\n<hr \/>\n<blockquote>\n<h3><\/h3>\n<h3>IN VIVO VERSO, SETTIMA STAGIONE CON BRUNELLA MORO, DAL LUNEDI AL VENERDI ALLE 7.10, 10.10 E 18.50<\/h3>\n<h3>COME I MONTI di ANTONIETTA CREPAZ<\/h3>\n<\/blockquote>\n<p>audio<\/p>\n<audio class=\"wp-audio-shortcode\" id=\"audio-253516-10\" preload=\"none\" style=\"width: 100%;\" controls=\"controls\"><source type=\"audio\/mpeg\" src=\"https:\/\/www.radiopiu.net\/wordpress\/wp-content\/uploads\/2022\/01\/3-ANTONIETTA-CREPAZ-COME-I-MONTI.mp3?_=10\" \/><a href=\"https:\/\/www.radiopiu.net\/wordpress\/wp-content\/uploads\/2022\/01\/3-ANTONIETTA-CREPAZ-COME-I-MONTI.mp3\">https:\/\/www.radiopiu.net\/wordpress\/wp-content\/uploads\/2022\/01\/3-ANTONIETTA-CREPAZ-COME-I-MONTI.mp3<\/a><\/audio>\n<p>&nbsp;<\/p>\n<p><img loading=\"lazy\" decoding=\"async\" class=\"alignleft\" src=\"https:\/\/www.radiopiu.net\/wordpress\/wp-content\/uploads\/2022\/01\/3-ANTONIETTA-CREPAZ.jpg\" width=\"174\" height=\"194\" \/><strong>COME I MONTI<\/strong><\/p>\n<p>Vorrei arrossire<br \/>\ncome i monti<br \/>\naccarezzati dal sole<br \/>\na ricordo di un antico pudore<br \/>\ndesiderio fugace<br \/>\ndi una notte d&#8217;amore.<\/p>\n<p>Traspare l&#8217;aria<br \/>\nin un velo<br \/>\nlontano s&#8217;intravede la sera<br \/>\nle cime infuocate<br \/>\nrisvegliano arcaici pensieri<br \/>\ned il rimpianto<br \/>\ndella forza di un sogno<br \/>\nche mai s&#8217;\u00e8 destato.<\/p>\n<p><strong>LA RACCOLTA COMPLETA\u00a0 \u00a0<\/strong><\/p>\n<blockquote class=\"wp-embedded-content\" data-secret=\"zaFEKMNyz9\"><p><a href=\"https:\/\/www.radiopiu.net\/wordpress\/in-vivo-verso\/\">In Vivo Verso<\/a><\/p><\/blockquote>\n<p><iframe loading=\"lazy\" class=\"wp-embedded-content\" sandbox=\"allow-scripts\" security=\"restricted\" style=\"position: absolute; clip: rect(1px, 1px, 1px, 1px);\" title=\"&#8220;In Vivo Verso&#8221; &#8212; Radio Pi\u00f9\" src=\"https:\/\/www.radiopiu.net\/wordpress\/in-vivo-verso\/embed\/#?secret=zaFEKMNyz9\" data-secret=\"zaFEKMNyz9\" width=\"600\" height=\"338\" frameborder=\"0\" marginwidth=\"0\" marginheight=\"0\" scrolling=\"no\"><\/iframe><\/p>\n<p>&nbsp;<\/p>\n<hr \/>\n<p>&nbsp;<\/p>\n<p>&nbsp;<\/p>\n<blockquote class=\"wp-embedded-content\" data-secret=\"iskR5yZmmx\"><p><a href=\"https:\/\/www.radiopiu.net\/wordpress\/rimettiamo-ordine-ricordando-gino-bianchet\/\">RIMETTIAMO ORDINE&#8230;. RICORDANDO GINO BIANCHET<\/a><\/p><\/blockquote>\n<p><iframe loading=\"lazy\" class=\"wp-embedded-content\" sandbox=\"allow-scripts\" security=\"restricted\" style=\"position: absolute; clip: rect(1px, 1px, 1px, 1px);\" title=\"&#8220;RIMETTIAMO ORDINE&#8230;. RICORDANDO GINO BIANCHET&#8221; &#8212; Radio Pi\u00f9\" src=\"https:\/\/www.radiopiu.net\/wordpress\/rimettiamo-ordine-ricordando-gino-bianchet\/embed\/#?secret=iskR5yZmmx\" data-secret=\"iskR5yZmmx\" width=\"600\" height=\"338\" frameborder=\"0\" marginwidth=\"0\" marginheight=\"0\" scrolling=\"no\"><\/iframe><\/p>\n<p>&nbsp;<\/p>\n<p>&nbsp;<\/p>\n<hr \/>\n<p>&nbsp;<\/p>\n<h2><span style=\"color: #808000;\">GOCCE DI FILOSOFIA<\/span><\/h2>\n<p><strong>PUNTATA 113 DEL 12 GENNAIO 2022<\/strong><\/p>\n<audio class=\"wp-audio-shortcode\" id=\"audio-253516-11\" preload=\"none\" style=\"width: 100%;\" controls=\"controls\"><source type=\"audio\/mpeg\" src=\"https:\/\/www.radiopiu.net\/wordpress\/wp-content\/uploads\/2022\/01\/FI3-1.mp3?_=11\" \/><a href=\"https:\/\/www.radiopiu.net\/wordpress\/wp-content\/uploads\/2022\/01\/FI3-1.mp3\">https:\/\/www.radiopiu.net\/wordpress\/wp-content\/uploads\/2022\/01\/FI3-1.mp3<\/a><\/audio>\n<p><strong>\u00a0<\/strong><\/p>\n<p><strong>raccolta completa<\/strong><\/p>\n<blockquote class=\"wp-embedded-content\" data-secret=\"Yr0xDIbBiO\"><p><a href=\"https:\/\/www.radiopiu.net\/wordpress\/gocce-filosofia\/\">Gocce di filosofia, PRIMA E SECONDA STAGIONE 2022<\/a><\/p><\/blockquote>\n<p><iframe loading=\"lazy\" class=\"wp-embedded-content\" sandbox=\"allow-scripts\" security=\"restricted\" style=\"position: absolute; clip: rect(1px, 1px, 1px, 1px);\" title=\"&#8220;Gocce di filosofia, PRIMA E SECONDA STAGIONE 2022&#8221; &#8212; Radio Pi\u00f9\" src=\"https:\/\/www.radiopiu.net\/wordpress\/gocce-filosofia\/embed\/#?secret=Yr0xDIbBiO\" data-secret=\"Yr0xDIbBiO\" width=\"600\" height=\"338\" frameborder=\"0\" marginwidth=\"0\" marginheight=\"0\" scrolling=\"no\"><\/iframe><\/p>\n<p>&nbsp;<\/p>\n<hr \/>\n<p>&nbsp;<\/p>\n<p><span style=\"color: #0000ff;\">MUSICA PIU&#8217;\u00a0<\/span><\/p>\n<p><a href=\"https:\/\/www.radiopiu.net\/wordpress\/giornale-radiopiu-20-settembre-2021-direttore-mirko-mezzacasa\/pp-79\/\" rel=\"attachment wp-att-232921\"><img loading=\"lazy\" decoding=\"async\" class=\"wp-image-232921 alignleft\" src=\"https:\/\/www.radiopiu.net\/wordpress\/wp-content\/uploads\/2021\/09\/pp-1-300x300.jpg\" alt=\"\" width=\"135\" height=\"135\" srcset=\"https:\/\/www.radiopiu.net\/wordpress\/wp-content\/uploads\/2021\/09\/pp-1-300x300.jpg 300w, https:\/\/www.radiopiu.net\/wordpress\/wp-content\/uploads\/2021\/09\/pp-1-150x150.jpg 150w, https:\/\/www.radiopiu.net\/wordpress\/wp-content\/uploads\/2021\/09\/pp-1.jpg 640w\" sizes=\"auto, (max-width: 135px) 100vw, 135px\" \/><\/a><\/p>\n<div class=\"mkdf-post-text\">\n<div class=\"mkdf-post-text-inner\">\n<div class=\"mkdf-post-text-main\">\n<div class=\"mkdf-post-text\">\n<div class=\"mkdf-post-text-inner\">\n<div class=\"mkdf-post-text-main\">\n<div class=\"mkdf-post-text\">\n<div class=\"mkdf-post-text-inner\">\n<div class=\"mkdf-post-text-main\">\n<div class=\"page-title-head hgroup\">\n<div class=\"page-title-head hgroup\">\n<div class=\"mkdf-post-text\">\n<div class=\"mkdf-post-text-inner\">\n<div class=\"mkdf-post-text-main\">\n<div class=\"mkdf-post-text\">\n<div class=\"mkdf-post-text-inner\">\n<div class=\"mkdf-post-text-main\">\n<div class=\"page-title-head hgroup\">\n<div class=\"page-title-head hgroup\">\n<div class=\"page-title-head hgroup\">\n<div class=\"page-title-head hgroup\">\n<div class=\"b654a4as d2edcug0\">\n<div class=\"page-title-head hgroup\">\n<div class=\"page-title-head hgroup\">\n<div class=\"page-title-head hgroup\">\n<div class=\"page-title-head hgroup\">\n<div class=\"b654a4as d2edcug0\">\n<div class=\"page-title-head hgroup\">\n<div class=\"page-title-head hgroup\">\n<div class=\"page-title-head hgroup\">\n<div class=\"page-title-head hgroup\">\n<div class=\"b654a4as d2edcug0\">\n<div class=\"mkdf-post-text\">\n<div class=\"mkdf-post-text-inner\">\n<div class=\"mkdf-post-text-main\">\n<div class=\"mkdf-post-text\">\n<div class=\"mkdf-post-text-inner\">\n<div class=\"mkdf-post-text-main\">\n<div class=\"mkdf-post-text\">\n<div class=\"mkdf-post-text-inner\">\n<div class=\"mkdf-post-text-main\">\n<div class=\"page-title-head hgroup\">\n<div class=\"page-title-head hgroup\">\n<div class=\"mkdf-post-text\">\n<div class=\"mkdf-post-text-inner\">\n<div class=\"mkdf-post-text-main\">\n<div class=\"mkdf-post-text\">\n<div class=\"mkdf-post-text-inner\">\n<div class=\"mkdf-post-text-main\">\n<div class=\"page-title-head hgroup\">\n<div class=\"page-title-head hgroup\">\n<div class=\"page-title-head hgroup\">\n<div class=\"page-title-head hgroup\">\n<div class=\"b654a4as d2edcug0\">\n<div class=\"page-title-head hgroup\">\n<div class=\"page-title-head hgroup\">\n<div class=\"page-title-head hgroup\">\n<div class=\"page-title-head hgroup\">\n<div class=\"b654a4as d2edcug0\">\n<div class=\"page-title-head hgroup\">\n<div class=\"page-title-head hgroup\">\n<div class=\"page-title-head hgroup\">\n<div class=\"page-title-head hgroup\">\n<div class=\"b654a4as d2edcug0\">\n<div><\/div>\n<div><\/div>\n<div>\n<p><strong>MUSICA ALLA RADIO, IL PROGRAMMA DI LORIS SCUSSEL &#8220;COLLAGE OPERAZIONE NOSTALGIA&#8221; DAL LUNEDI AL VENERDI ALLE 16.00\u00a0 E ALLE 23\u00a0<\/strong><\/p>\n<\/div>\n<p><strong>\u00a0<\/strong><\/p>\n<p><strong>PUNTATA 518 DEL 12 GENNAIO<\/strong><\/p>\n<\/div>\n<\/div>\n<\/div>\n<\/div>\n<\/div>\n<\/div>\n<\/div>\n<\/div>\n<\/div>\n<\/div>\n<\/div>\n<\/div>\n<\/div>\n<\/div>\n<\/div>\n<\/div>\n<\/div>\n<\/div>\n<\/div>\n<\/div>\n<\/div>\n<\/div>\n<\/div>\n<\/div>\n<\/div>\n<\/div>\n<\/div>\n<\/div>\n<\/div>\n<\/div>\n<\/div>\n<\/div>\n<\/div>\n<\/div>\n<\/div>\n<\/div>\n<\/div>\n<\/div>\n<\/div>\n<\/div>\n<\/div>\n<\/div>\n<\/div>\n<\/div>\n<\/div>\n<\/div>\n<\/div>\n<\/div>\n<\/div>\n<\/div>\n<\/div>\n<\/div>\n<\/div>\n<\/div>\n<\/div>\n<\/div>\n<\/div>\n<\/div>\n<\/div>\n<\/div>\n<\/div>\n<\/div>\n<\/div>\n<\/div>\n<audio class=\"wp-audio-shortcode\" id=\"audio-253516-12\" preload=\"none\" style=\"width: 100%;\" controls=\"controls\"><source type=\"audio\/mpeg\" src=\"https:\/\/www.radiopiu.net\/wordpress\/wp-content\/uploads\/2022\/01\/Collage-512.mp3?_=12\" \/><a href=\"https:\/\/www.radiopiu.net\/wordpress\/wp-content\/uploads\/2022\/01\/Collage-512.mp3\">https:\/\/www.radiopiu.net\/wordpress\/wp-content\/uploads\/2022\/01\/Collage-512.mp3<\/a><\/audio>\n<p>&nbsp;<\/p>\n<p>&nbsp;<\/p>\n<hr \/>\n<p>&nbsp;<\/p>\n<p>&nbsp;<\/p>\n<blockquote class=\"wp-embedded-content\" data-secret=\"oyxEM2IDse\"><p><a href=\"https:\/\/www.radiopiu.net\/wordpress\/freemix-la-liberta-musicale-mixata-da-dj-athos-e-raccontata-da-dj-jack\/\">FREEMIX, LA LIBERTA&#8217; MUSICALE MIXATA DA DJ ATHOS E RACCONTATA DA DJ JACK<\/a><\/p><\/blockquote>\n<p><iframe loading=\"lazy\" class=\"wp-embedded-content\" sandbox=\"allow-scripts\" security=\"restricted\" style=\"position: absolute; clip: rect(1px, 1px, 1px, 1px);\" title=\"&#8220;FREEMIX, LA LIBERTA&#8217; MUSICALE MIXATA DA DJ ATHOS E RACCONTATA DA DJ JACK&#8221; &#8212; Radio Pi\u00f9\" src=\"https:\/\/www.radiopiu.net\/wordpress\/freemix-la-liberta-musicale-mixata-da-dj-athos-e-raccontata-da-dj-jack\/embed\/#?secret=oyxEM2IDse\" data-secret=\"oyxEM2IDse\" width=\"600\" height=\"338\" frameborder=\"0\" marginwidth=\"0\" marginheight=\"0\" scrolling=\"no\"><\/iframe><\/p>\n<p>&nbsp;<\/p>\n<blockquote class=\"wp-embedded-content\" data-secret=\"7DRKt1si4t\"><p><a href=\"https:\/\/www.radiopiu.net\/wordpress\/da-ieri-alla-radio-in-palinsesto-loris-e-maurizio-con-la-grande-musica\/\">IL BLUES ALLA RADIO &#8230; COME NON L&#8217;AVETE MAI SENTITO PRIMA<\/a><\/p><\/blockquote>\n<p><iframe loading=\"lazy\" class=\"wp-embedded-content\" sandbox=\"allow-scripts\" security=\"restricted\" style=\"position: absolute; clip: rect(1px, 1px, 1px, 1px);\" title=\"&#8220;IL BLUES ALLA RADIO &#8230; COME NON L&#8217;AVETE MAI SENTITO PRIMA&#8221; &#8212; Radio Pi\u00f9\" src=\"https:\/\/www.radiopiu.net\/wordpress\/da-ieri-alla-radio-in-palinsesto-loris-e-maurizio-con-la-grande-musica\/embed\/#?secret=7DRKt1si4t\" data-secret=\"7DRKt1si4t\" width=\"600\" height=\"338\" frameborder=\"0\" marginwidth=\"0\" marginheight=\"0\" scrolling=\"no\"><\/iframe><\/p>\n<p>&nbsp;<\/p>\n<hr \/>\n<p>&nbsp;<\/p>\n<blockquote>\n<h3><span style=\"color: #0000ff;\">INFORMAZIONE il canale su TELEGRAM informazione di prima mano e in tempo reale. iscriviti ed aiutaci a farlo conoscere\u00a0\u00a0<\/span><\/h3>\n<\/blockquote>\n<div>\n<div class=\"page-title-head hgroup\">\n<div class=\"page-title-head hgroup\">\n<div class=\"page-title-head hgroup\">\n<div class=\"page-title-head hgroup\">\n<div class=\"b654a4as d2edcug0\">\n<div class=\"page-title-head hgroup\">\n<div class=\"page-title-head hgroup\">\n<div class=\"page-title-head hgroup\">\n<div class=\"page-title-head hgroup\">\n<div class=\"b654a4as d2edcug0\">\n<div class=\"page-title-head hgroup\">\n<div class=\"page-title-head hgroup\">\n<div class=\"page-title-head hgroup\">\n<div class=\"page-title-head hgroup\">\n<div class=\"page-title-head hgroup\">\n<div class=\"page-title-head hgroup\">\n<div class=\"page-title-head hgroup\">\n<div class=\"page-title-head hgroup\">\n<div class=\"page-title-head hgroup\">\n<div class=\"b654a4as d2edcug0\">\n<div class=\"page-title-head hgroup\">\n<div class=\"page-title-head hgroup\">\n<div class=\"page-title-head hgroup\">\n<div class=\"page-title-head hgroup\">\n<div class=\"b654a4as d2edcug0\">\n<div>\n<p>&nbsp;<\/p>\n<\/div>\n<div>\n<div class=\"page-title-head hgroup\">\n<div class=\"page-title-head hgroup\">\n<div class=\"page-title-head hgroup\">\n<div class=\"page-title-head hgroup\">\n<div class=\"page-title-head hgroup\">\n<div class=\"b654a4as d2edcug0\">\n<div>\n<hr \/>\n<\/div>\n<\/div>\n<div>\n<div>\n<p>&nbsp;<\/p>\n<\/div>\n<div>\n<div>\n<p>&nbsp;<\/p>\n<\/div>\n<div>\n<div>\n<p><strong>DUE MINUTI UN LIBRO, TUTTI I GIORNI ALLA RADIO ALLE 9.40 E ALLE 17.50<\/strong><\/p>\n<div>\n<div>\n<p><strong>LA RACCOLTA COMPLETA\u00a0\u00a0<\/strong><\/p>\n<\/div>\n<div>\n<blockquote class=\"wp-embedded-content\" data-secret=\"EdJXYEq34z\"><p><a href=\"https:\/\/www.radiopiu.net\/wordpress\/due-minuti-un-libro\/\">Due minuti un libro<\/a><\/p><\/blockquote>\n<p><iframe loading=\"lazy\" class=\"wp-embedded-content\" sandbox=\"allow-scripts\" security=\"restricted\" style=\"position: absolute; clip: rect(1px, 1px, 1px, 1px);\" title=\"&#8220;Due minuti un libro&#8221; &#8212; Radio Pi\u00f9\" src=\"https:\/\/www.radiopiu.net\/wordpress\/due-minuti-un-libro\/embed\/#?secret=EdJXYEq34z\" data-secret=\"EdJXYEq34z\" width=\"600\" height=\"338\" frameborder=\"0\" marginwidth=\"0\" marginheight=\"0\" scrolling=\"no\"><\/iframe><\/p>\n<\/div>\n<\/div>\n<\/div>\n<div class=\"mkdf-post-text\">\n<div class=\"mkdf-post-text-inner\">\n<div class=\"mkdf-post-text-main\">\n<div class=\"mkdf-post-text\">\n<div class=\"mkdf-post-text-inner\">\n<div class=\"mkdf-post-text-main\">\n<div class=\"mkdf-post-text\">\n<div class=\"mkdf-post-text-inner\">\n<div class=\"mkdf-post-text-main\">\n<div class=\"page-title-head hgroup\">\n<div class=\"page-title-head hgroup\">\n<div class=\"mkdf-post-text\">\n<div class=\"mkdf-post-text-inner\">\n<div class=\"mkdf-post-text-main\">\n<div class=\"mkdf-post-text\">\n<div class=\"mkdf-post-text-inner\">\n<div class=\"mkdf-post-text-main\">\n<div class=\"page-title-head hgroup\">\n<div class=\"page-title-head hgroup\">\n<div class=\"page-title-head hgroup\">\n<div class=\"page-title-head hgroup\">\n<div class=\"b654a4as d2edcug0\">\n<div class=\"page-title-head hgroup\">\n<div class=\"page-title-head hgroup\">\n<div class=\"page-title-head hgroup\">\n<div class=\"page-title-head hgroup\">\n<div class=\"b654a4as d2edcug0\">\n<div class=\"page-title-head hgroup\">\n<div class=\"page-title-head hgroup\">\n<div class=\"page-title-head hgroup\">\n<div class=\"page-title-head hgroup\">\n<div class=\"b654a4as d2edcug0\">\n<div>\n<p>&nbsp;<\/p>\n<\/div>\n<div>\n<hr \/>\n<p>&nbsp;<\/p>\n<\/div>\n<h2><span style=\"color: #808000;\">L&#8217;ALMANACCO LADINO\u00a0\u00a0<\/span><\/h2>\n<p><strong>LA RACCOLTA<\/strong><\/p>\n<blockquote class=\"wp-embedded-content\" data-secret=\"XTemiv67Vj\"><p><a href=\"https:\/\/www.radiopiu.net\/wordpress\/almanacco-ladino\/\">Almanacco Ladino<\/a><\/p><\/blockquote>\n<p><iframe loading=\"lazy\" class=\"wp-embedded-content\" sandbox=\"allow-scripts\" security=\"restricted\" style=\"position: absolute; clip: rect(1px, 1px, 1px, 1px);\" title=\"&#8220;Almanacco Ladino&#8221; &#8212; Radio Pi\u00f9\" src=\"https:\/\/www.radiopiu.net\/wordpress\/almanacco-ladino\/embed\/#?secret=XTemiv67Vj\" data-secret=\"XTemiv67Vj\" width=\"600\" height=\"338\" frameborder=\"0\" marginwidth=\"0\" marginheight=\"0\" scrolling=\"no\"><\/iframe><\/p>\n<p>&nbsp;<\/p>\n<hr \/>\n<p>&nbsp;<\/p>\n<h2><span style=\"color: #33cccc;\">LA RASSEGNA STAMPA DA L&#8217;AMICO DEL POPOLO<\/span><\/h2>\n<p><strong>LA RACCOLTA COMPLETA<\/strong><\/p>\n<blockquote class=\"wp-embedded-content\" data-secret=\"m3kq8zZt2k\"><p><a href=\"https:\/\/www.radiopiu.net\/wordpress\/rassegna-stampa-di-gianni-santomaso\/\">Rassegna stampa da l&#8217;amico del popolo &#8211; di Gianni Santomaso<\/a><\/p><\/blockquote>\n<p><iframe loading=\"lazy\" class=\"wp-embedded-content\" sandbox=\"allow-scripts\" security=\"restricted\" style=\"position: absolute; clip: rect(1px, 1px, 1px, 1px);\" title=\"&#8220;Rassegna stampa da l&#8217;amico del popolo &#8211; di Gianni Santomaso&#8221; &#8212; Radio Pi\u00f9\" src=\"https:\/\/www.radiopiu.net\/wordpress\/rassegna-stampa-di-gianni-santomaso\/embed\/#?secret=m3kq8zZt2k\" data-secret=\"m3kq8zZt2k\" width=\"600\" height=\"338\" frameborder=\"0\" marginwidth=\"0\" marginheight=\"0\" scrolling=\"no\"><\/iframe><\/p>\n<p>&nbsp;<\/p>\n<hr \/>\n<p>&nbsp;<\/p>\n<h2><span style=\"color: #800080;\">I RACCONTI DI PAOLO SOPPELSA\u00a0<\/span><\/h2>\n<p><strong>LA RACCOLTA COMPLETA<\/strong><\/p>\n<blockquote class=\"wp-embedded-content\" data-secret=\"PsI8kucOML\"><p><a href=\"https:\/\/www.radiopiu.net\/wordpress\/i-racconti-di-paolo-soppelsa\/\">I racconti di Paolo Soppelsa<\/a><\/p><\/blockquote>\n<p><iframe loading=\"lazy\" class=\"wp-embedded-content\" sandbox=\"allow-scripts\" security=\"restricted\" style=\"position: absolute; clip: rect(1px, 1px, 1px, 1px);\" title=\"&#8220;I racconti di Paolo Soppelsa&#8221; &#8212; Radio Pi\u00f9\" src=\"https:\/\/www.radiopiu.net\/wordpress\/i-racconti-di-paolo-soppelsa\/embed\/#?secret=PsI8kucOML\" data-secret=\"PsI8kucOML\" width=\"600\" height=\"338\" frameborder=\"0\" marginwidth=\"0\" marginheight=\"0\" scrolling=\"no\"><\/iframe><\/p>\n<p>&nbsp;<\/p>\n<hr \/>\n<\/div>\n<div class=\"b654a4as d2edcug0\">\n<p>&nbsp;<\/p>\n<p><a href=\"https:\/\/www.radiopiu.net\/wordpress\/giornale-radiopiu-26-settembre-2018-direttore-mirko-mezzacasa\/viabilita-2\/\" rel=\"attachment wp-att-61954\"><img loading=\"lazy\" decoding=\"async\" class=\"aligncenter wp-image-61954 size-full\" src=\"https:\/\/www.radiopiu.net\/wordpress\/wp-content\/uploads\/2018\/09\/viabilita.jpeg\" sizes=\"auto, (max-width: 800px) 100vw, 800px\" srcset=\"https:\/\/www.radiopiu.net\/wordpress\/wp-content\/uploads\/2018\/09\/viabilita.jpeg 800w, https:\/\/www.radiopiu.net\/wordpress\/wp-content\/uploads\/2018\/09\/viabilita-300x38.jpeg 300w, https:\/\/www.radiopiu.net\/wordpress\/wp-content\/uploads\/2018\/09\/viabilita-768x96.jpeg 768w\" alt=\"\" width=\"800\" height=\"100\" \/><\/a><\/p>\n<div class=\"ecm0bbzt e5nlhep0 a8c37x1j\">\n<div class=\"kvgmc6g5 cxmmr5t8 oygrvhab hcukyx3x c1et5uql\">\n<div class=\"gmail-kvgmc6g5 gmail-cxmmr5t8 gmail-oygrvhab gmail-hcukyx3x gmail-c1et5uql gmail-ii04i59q\">\n<div class=\"page-title-head hgroup\">\n<div class=\"page-title-head hgroup\">\n<div class=\"b654a4as d2edcug0\">\n<div class=\"j83agx80 btwxx1t3 lhclo0ds hop8lmos nkwizq5d scwd0bx6 roh60bw9\">\n<div class=\"rq0escxv hkbzh7o3 jwdofwj8 n8tt0mok r8blr3vg hyh9befq\">\n<div class=\"do00u71z l9j0dhe7 k4urcfbm\">\n<div class=\"page-title-head hgroup\">\n<div class=\"page-title-head hgroup\">\n<div class=\"page-title-head hgroup\">\n<div class=\"page-title-head hgroup\">\n<div class=\"b654a4as d2edcug0\">\n<div class=\"page-title-head hgroup\">\n<div class=\"page-title-head hgroup\">\n<div class=\"page-title-head hgroup\">\n<div class=\"page-title-head hgroup\">\n<div class=\"b654a4as d2edcug0\">\n<div class=\"page-title-head hgroup\">\n<div class=\"page-title-head hgroup\">\n<div class=\"page-title-head hgroup\">\n<div class=\"page-title-head hgroup\">\n<div class=\"page-title-head hgroup\">\n<div class=\"page-title-head hgroup\">\n<div class=\"page-title-head hgroup\">\n<div class=\"page-title-head hgroup\">\n<div class=\"page-title-head hgroup\">\n<div class=\"b654a4as d2edcug0\">\n<div class=\"page-title-head hgroup\">\n<div class=\"page-title-head hgroup\">\n<div class=\"page-title-head hgroup\">\n<div class=\"page-title-head hgroup\">\n<div class=\"b654a4as d2edcug0\">\n<div class=\"page-title-head hgroup\">\n<div class=\"page-title-head hgroup\">\n<div class=\"page-title-head hgroup\">\n<div class=\"page-title-head hgroup\">\n<div class=\"page-title-head hgroup\">\n<div class=\"mkdf-post-text\">\n<div class=\"mkdf-post-text-inner\">\n<div class=\"mkdf-post-text-main\">\n<div class=\"mkdf-post-text\">\n<div class=\"mkdf-post-text-inner\">\n<div class=\"mkdf-post-text-main\">\n<div class=\"mkdf-post-text\">\n<div class=\"mkdf-post-text-inner\">\n<div class=\"mkdf-post-text-main\">\n<div class=\"page-title-head hgroup\">\n<div class=\"page-title-head hgroup\">\n<div class=\"mkdf-post-text\">\n<div class=\"mkdf-post-text-inner\">\n<div class=\"mkdf-post-text-main\">\n<div class=\"mkdf-post-text\">\n<div class=\"mkdf-post-text-inner\">\n<div class=\"mkdf-post-text-main\">\n<div class=\"page-title-head hgroup\">\n<div class=\"page-title-head hgroup\">\n<div class=\"page-title-head hgroup\">\n<div class=\"page-title-head hgroup\">\n<div class=\"b654a4as d2edcug0\">\n<div class=\"page-title-head hgroup\">\n<div class=\"page-title-head hgroup\">\n<div class=\"page-title-head hgroup\">\n<div class=\"page-title-head hgroup\">\n<div class=\"b654a4as d2edcug0\">\n<div class=\"page-title-head hgroup\">\n<div class=\"page-title-head hgroup\">\n<div class=\"page-title-head hgroup\">\n<div class=\"page-title-head hgroup\">\n<div class=\"b654a4as d2edcug0\">\n<div class=\"chat-input\">\n<div class=\"chat-input-container\">\n<div class=\"rows-wrapper chat-input-wrapper\">\n<div class=\"reply-wrapper\">\n<div class=\"btn-menu\">\n<div class=\"btn-menu-item tgico-replace rp\">\n<div class=\"c-ripple\">\n<div class=\"bubbles scrolled-down\">\n<div class=\"scrollable scrollable-y\">\n<div class=\"bubbles-inner has-rights is-chat is-channel\">\n<div class=\"bubbles-date-group\">\n<div class=\"bubble hide-name is-out can-have-tail is-group-first is-group-last is-read\" data-mid=\"5377294335\" data-peer-id=\"-1478820725\" data-timestamp=\"1638437407\">\n<div class=\"bubble-content-wrapper\">\n<div class=\"bubble-content\">\n<p class=\"message\" dir=\"auto\"><strong>\u00a0<\/strong><\/p>\n<\/div>\n<\/div>\n<\/div>\n<\/div>\n<\/div>\n<\/div>\n<\/div>\n<\/div>\n<\/div>\n<\/div>\n<\/div>\n<\/div>\n<\/div>\n<\/div>\n<\/div>\n<\/div>\n<\/div>\n<\/div>\n<\/div>\n<\/div>\n<\/div>\n<\/div>\n<\/div>\n<\/div>\n<\/div>\n<\/div>\n<\/div>\n<\/div>\n<\/div>\n<\/div>\n<\/div>\n<\/div>\n<\/div>\n<\/div>\n<\/div>\n<\/div>\n<\/div>\n<\/div>\n<\/div>\n<\/div>\n<\/div>\n<\/div>\n<\/div>\n<\/div>\n<\/div>\n<\/div>\n<\/div>\n<\/div>\n<\/div>\n<\/div>\n<\/div>\n<\/div>\n<\/div>\n<\/div>\n<\/div>\n<\/div>\n<\/div>\n<\/div>\n<\/div>\n<\/div>\n<\/div>\n<\/div>\n<\/div>\n<\/div>\n<\/div>\n<\/div>\n<\/div>\n<\/div>\n<\/div>\n<\/div>\n<\/div>\n<\/div>\n<\/div>\n<\/div>\n<\/div>\n<\/div>\n<\/div>\n<\/div>\n<\/div>\n<\/div>\n<\/div>\n<\/div>\n<\/div>\n<\/div>\n<\/div>\n<\/div>\n<\/div>\n<\/div>\n<\/div>\n<\/div>\n<\/div>\n<\/div>\n<\/div>\n<\/div>\n<\/div>\n<\/div>\n<\/div>\n<\/div>\n<\/div>\n<\/div>\n<\/div>\n<\/div>\n<\/div>\n<\/div>\n<\/div>\n<\/div>\n<\/div>\n<\/div>\n<\/div>\n<\/div>\n<\/div>\n<\/div>\n<\/div>\n<\/div>\n<\/div>\n<\/div>\n<\/div>\n<\/div>\n<\/div>\n<\/div>\n<\/div>\n<\/div>\n<\/div>\n<\/div>\n<\/div>\n<\/div>\n<\/div>\n<\/div>\n<\/div>\n<\/div>\n<\/div>\n<\/div>\n<\/div>\n<\/div>\n<\/div>\n<\/div>\n<\/div>\n<\/div>\n<\/div>\n<\/div>\n<\/div>\n<\/div>\n<\/div>\n<\/div>\n<\/div>\n<\/div>\n<\/div>\n<\/div>\n<\/div>\n<\/div>\n<\/div>\n<\/div>\n<\/div>\n<\/div>\n<\/div>\n<\/div>\n<\/div>\n<\/div>\n<\/div>\n<\/div>\n<\/div>\n<\/div>\n<\/div>\n<\/div>\n<\/div>\n<\/div>\n<\/div>\n<\/div>\n<div>\n<div class=\"page-title-head hgroup\">\n<div class=\"page-title-head hgroup\">\n<div class=\"b654a4as d2edcug0\">\n<div class=\"j83agx80 btwxx1t3 lhclo0ds hop8lmos nkwizq5d scwd0bx6 roh60bw9\">\n<div class=\"rq0escxv hkbzh7o3 jwdofwj8 n8tt0mok r8blr3vg hyh9befq\">\n<div class=\"do00u71z l9j0dhe7 k4urcfbm\">\n<div class=\"ecm0bbzt e5nlhep0 a8c37x1j\">\n<div class=\"kvgmc6g5 cxmmr5t8 oygrvhab hcukyx3x c1et5uql\">\n<div class=\"gmail-kvgmc6g5 gmail-cxmmr5t8 gmail-oygrvhab gmail-hcukyx3x gmail-c1et5uql gmail-ii04i59q\">\n<div class=\"page-title-head hgroup\">\n<div class=\"page-title-head hgroup\">\n<div class=\"b654a4as d2edcug0\">\n<div class=\"j83agx80 btwxx1t3 lhclo0ds hop8lmos nkwizq5d scwd0bx6 roh60bw9\">\n<div class=\"rq0escxv hkbzh7o3 jwdofwj8 n8tt0mok r8blr3vg hyh9befq\">\n<div class=\"do00u71z l9j0dhe7 k4urcfbm\">\n<div class=\"page-title-head hgroup\">\n<div class=\"page-title-head hgroup\">\n<div class=\"page-title-head hgroup\">\n<div class=\"page-title-head hgroup\">\n<div class=\"b654a4as d2edcug0\">\n<div class=\"page-title-head hgroup\">\n<div class=\"page-title-head hgroup\">\n<div class=\"page-title-head hgroup\">\n<div class=\"page-title-head hgroup\">\n<div class=\"b654a4as d2edcug0\">\n<div class=\"page-title-head hgroup\">\n<div class=\"page-title-head hgroup\">\n<div class=\"page-title-head hgroup\">\n<div class=\"page-title-head hgroup\">\n<div class=\"page-title-head hgroup\">\n<div class=\"page-title-head hgroup\">\n<div class=\"page-title-head hgroup\">\n<div class=\"page-title-head hgroup\">\n<div class=\"page-title-head hgroup\">\n<div class=\"b654a4as d2edcug0\">\n<div class=\"page-title-head hgroup\">\n<div class=\"page-title-head hgroup\">\n<div class=\"page-title-head hgroup\">\n<div class=\"page-title-head hgroup\">\n<div class=\"b654a4as d2edcug0\">\n<div class=\"page-title-head hgroup\">\n<div class=\"page-title-head hgroup\">\n<div class=\"page-title-head hgroup\">\n<div class=\"page-title-head hgroup\">\n<div class=\"page-title-head hgroup\">\n<div class=\"mkdf-post-text\">\n<div class=\"mkdf-post-text-inner\">\n<div class=\"mkdf-post-text-main\">\n<div class=\"mkdf-post-text\">\n<div class=\"mkdf-post-text-inner\">\n<div class=\"mkdf-post-text-main\">\n<div class=\"mkdf-post-text\">\n<div class=\"mkdf-post-text-inner\">\n<div class=\"mkdf-post-text-main\">\n<div class=\"page-title-head hgroup\">\n<div class=\"page-title-head hgroup\">\n<div class=\"mkdf-post-text\">\n<div class=\"mkdf-post-text-inner\">\n<div class=\"mkdf-post-text-main\">\n<div class=\"mkdf-post-text\">\n<div class=\"mkdf-post-text-inner\">\n<div class=\"mkdf-post-text-main\">\n<div class=\"page-title-head hgroup\">\n<div class=\"page-title-head hgroup\">\n<div class=\"page-title-head hgroup\">\n<div class=\"page-title-head hgroup\">\n<div class=\"b654a4as d2edcug0\">\n<div class=\"page-title-head hgroup\">\n<div class=\"page-title-head hgroup\">\n<div class=\"page-title-head hgroup\">\n<div class=\"page-title-head hgroup\">\n<div class=\"b654a4as d2edcug0\">\n<div class=\"page-title-head hgroup\">\n<div class=\"page-title-head hgroup\">\n<div class=\"page-title-head hgroup\">\n<div class=\"page-title-head hgroup\">\n<div class=\"b654a4as d2edcug0\">\n<div class=\"ecm0bbzt e5nlhep0 a8c37x1j\">\n<div class=\"kvgmc6g5 cxmmr5t8 oygrvhab hcukyx3x c1et5uql\">\n<div class=\"gmail-kvgmc6g5 gmail-cxmmr5t8 gmail-oygrvhab gmail-hcukyx3x gmail-c1et5uql gmail-ii04i59q\">\n<div class=\"page-title-head hgroup\">\n<div class=\"page-title-head hgroup\">\n<div class=\"b654a4as d2edcug0\">\n<div class=\"j83agx80 btwxx1t3 lhclo0ds hop8lmos nkwizq5d scwd0bx6 roh60bw9\">\n<div class=\"rq0escxv hkbzh7o3 jwdofwj8 n8tt0mok r8blr3vg hyh9befq\">\n<div class=\"do00u71z l9j0dhe7 k4urcfbm\">\n<div class=\"page-title-head hgroup\">\n<div class=\"page-title-head hgroup\">\n<div class=\"page-title-head hgroup\">\n<div class=\"page-title-head hgroup\">\n<div class=\"b654a4as d2edcug0\">\n<div class=\"page-title-head hgroup\">\n<div class=\"page-title-head hgroup\">\n<div class=\"page-title-head hgroup\">\n<div class=\"page-title-head hgroup\">\n<div class=\"b654a4as d2edcug0\">\n<div class=\"page-title-head hgroup\">\n<div class=\"page-title-head hgroup\">\n<div class=\"page-title-head hgroup\">\n<div class=\"page-title-head hgroup\">\n<div class=\"page-title-head hgroup\">\n<div class=\"page-title-head hgroup\">\n<div class=\"page-title-head hgroup\">\n<div class=\"page-title-head hgroup\">\n<div class=\"page-title-head hgroup\">\n<div class=\"b654a4as d2edcug0\">\n<div class=\"page-title-head hgroup\">\n<div class=\"page-title-head hgroup\">\n<div class=\"page-title-head hgroup\">\n<div class=\"page-title-head hgroup\">\n<div class=\"b654a4as d2edcug0\">\n<div class=\"page-title-head hgroup\">\n<div class=\"page-title-head hgroup\">\n<div class=\"page-title-head hgroup\">\n<div class=\"page-title-head hgroup\">\n<div class=\"page-title-head hgroup\">\n<div class=\"mkdf-post-text\">\n<div class=\"mkdf-post-text-inner\">\n<div class=\"mkdf-post-text-main\">\n<div class=\"mkdf-post-text\">\n<div class=\"mkdf-post-text-inner\">\n<div class=\"mkdf-post-text-main\">\n<div class=\"mkdf-post-text\">\n<div class=\"mkdf-post-text-inner\">\n<div class=\"mkdf-post-text-main\">\n<div class=\"page-title-head hgroup\">\n<div class=\"page-title-head hgroup\">\n<div class=\"mkdf-post-text\">\n<div class=\"mkdf-post-text-inner\">\n<div class=\"mkdf-post-text-main\">\n<div class=\"mkdf-post-text\">\n<div class=\"mkdf-post-text-inner\">\n<div class=\"mkdf-post-text-main\">\n<div class=\"page-title-head hgroup\">\n<div class=\"page-title-head hgroup\">\n<div class=\"page-title-head hgroup\">\n<div class=\"page-title-head hgroup\">\n<div class=\"b654a4as d2edcug0\">\n<div class=\"page-title-head hgroup\">\n<div class=\"page-title-head hgroup\">\n<div class=\"page-title-head hgroup\">\n<div class=\"page-title-head hgroup\">\n<div class=\"b654a4as d2edcug0\">\n<div class=\"page-title-head hgroup\">\n<div class=\"page-title-head hgroup\">\n<div class=\"page-title-head hgroup\">\n<div class=\"page-title-head hgroup\">\n<div class=\"b654a4as d2edcug0\">\n<blockquote class=\"wp-embedded-content\" data-secret=\"gIgt4cgG0H\"><p><a href=\"https:\/\/www.radiopiu.net\/wordpress\/viabilita\/\">viabilita<\/a><\/p><\/blockquote>\n<p><iframe loading=\"lazy\" class=\"wp-embedded-content\" sandbox=\"allow-scripts\" security=\"restricted\" style=\"position: absolute; clip: rect(1px, 1px, 1px, 1px);\" title=\"&#8220;viabilita&#8221; &#8212; Radio Pi\u00f9\" src=\"https:\/\/www.radiopiu.net\/wordpress\/viabilita\/embed\/#?secret=gIgt4cgG0H\" data-secret=\"gIgt4cgG0H\" width=\"600\" height=\"338\" frameborder=\"0\" marginwidth=\"0\" marginheight=\"0\" scrolling=\"no\"><\/iframe><\/p>\n<p>&nbsp;<\/p>\n<hr \/>\n<p>&nbsp;<\/p>\n<\/div>\n<div class=\"b654a4as d2edcug0\">\n<div class=\"ecm0bbzt e5nlhep0 a8c37x1j\">\n<div class=\"kvgmc6g5 cxmmr5t8 oygrvhab hcukyx3x c1et5uql\">\n<div class=\"gmail-kvgmc6g5 gmail-cxmmr5t8 gmail-oygrvhab gmail-hcukyx3x gmail-c1et5uql gmail-ii04i59q\">\n<div>\n<div class=\"page-title-head hgroup\">\n<div class=\"page-title-head hgroup\">\n<div class=\"b654a4as d2edcug0\">\n<div class=\"j83agx80 btwxx1t3 lhclo0ds hop8lmos nkwizq5d scwd0bx6 roh60bw9\">\n<div class=\"rq0escxv hkbzh7o3 jwdofwj8 n8tt0mok r8blr3vg hyh9befq\">\n<div class=\"do00u71z l9j0dhe7 k4urcfbm\">\n<div>\n<div class=\"page-title-head hgroup\">\n<div class=\"page-title-head hgroup\">\n<div class=\"page-title-head hgroup\">\n<div class=\"page-title-head hgroup\">\n<div class=\"b654a4as d2edcug0\">\n<div class=\"page-title-head hgroup\">\n<div class=\"page-title-head hgroup\">\n<div class=\"page-title-head hgroup\">\n<div class=\"page-title-head hgroup\">\n<div class=\"b654a4as d2edcug0\">\n<div class=\"page-title-head hgroup\">\n<div class=\"page-title-head hgroup\">\n<div class=\"page-title-head hgroup\">\n<div class=\"page-title-head hgroup\">\n<div class=\"page-title-head hgroup\">\n<div class=\"mkdf-post-text\">\n<div class=\"mkdf-post-text-inner\">\n<div class=\"mkdf-post-text-main\">\n<div class=\"mkdf-post-text\">\n<div class=\"mkdf-post-text-inner\">\n<div class=\"mkdf-post-text-main\">\n<div class=\"mkdf-post-text\">\n<div class=\"mkdf-post-text-inner\">\n<div class=\"mkdf-post-text-main\">\n<div class=\"page-title-head hgroup\">\n<div class=\"page-title-head hgroup\">\n<div class=\"mkdf-post-text\">\n<div class=\"mkdf-post-text-inner\">\n<div class=\"mkdf-post-text-main\">\n<div class=\"mkdf-post-text\">\n<div class=\"mkdf-post-text-inner\">\n<div class=\"mkdf-post-text-main\">\n<div>\n<div class=\"page-title-head hgroup\">\n<div class=\"page-title-head hgroup\">\n<div>\n<div class=\"page-title-head hgroup\">\n<div class=\"page-title-head hgroup\">\n<div class=\"b654a4as d2edcug0\">\n<div>\n<div class=\"page-title-head hgroup\" style=\"text-align: left;\">\n<div class=\"page-title-head hgroup\">\n<div dir=\"auto\">\n<p><a class=\"dt-pswp-item pspw-wrap-ready\" href=\"https:\/\/i0.wp.com\/www.radiopiu.net\/wordpress\/wp-content\/uploads\/2018\/09\/WhatsApp-Image-2018-09-20-at-16.04.06.jpeg?ssl=1\" data-dt-img-description=\"\" data-large_image_width=\"800\" data-large_image_height=\"100\"><img loading=\"lazy\" decoding=\"async\" class=\"aligncenter wp-image-61378 size-full jetpack-lazy-image jetpack-lazy-image--handled\" src=\"https:\/\/i0.wp.com\/www.radiopiu.net\/wordpress\/wp-content\/uploads\/2018\/09\/WhatsApp-Image-2018-09-20-at-16.04.06.jpeg?resize=800%2C100&amp;ssl=1\" sizes=\"auto, (max-width: 800px) 100vw, 800px\" srcset=\"https:\/\/i0.wp.com\/www.radiopiu.net\/wordpress\/wp-content\/uploads\/2018\/09\/WhatsApp-Image-2018-09-20-at-16.04.06.jpeg?w=800&amp;ssl=1 800w, https:\/\/i0.wp.com\/www.radiopiu.net\/wordpress\/wp-content\/uploads\/2018\/09\/WhatsApp-Image-2018-09-20-at-16.04.06.jpeg?resize=300%2C38&amp;ssl=1 300w, https:\/\/i0.wp.com\/www.radiopiu.net\/wordpress\/wp-content\/uploads\/2018\/09\/WhatsApp-Image-2018-09-20-at-16.04.06.jpeg?resize=768%2C96&amp;ssl=1 768w\" alt=\"\" width=\"800\" height=\"100\" data-lazy-loaded=\"1\" \/><\/a><\/p>\n<\/div>\n<\/div>\n<\/div>\n<\/div>\n<\/div>\n<\/div>\n<\/div>\n<\/div>\n<\/div>\n<\/div>\n<\/div>\n<\/div>\n<\/div>\n<\/div>\n<\/div>\n<\/div>\n<\/div>\n<\/div>\n<\/div>\n<\/div>\n<\/div>\n<\/div>\n<\/div>\n<\/div>\n<\/div>\n<\/div>\n<\/div>\n<\/div>\n<\/div>\n<\/div>\n<\/div>\n<\/div>\n<\/div>\n<\/div>\n<\/div>\n<\/div>\n<\/div>\n<\/div>\n<\/div>\n<\/div>\n<\/div>\n<\/div>\n<\/div>\n<\/div>\n<p>&nbsp;<\/p>\n<\/div>\n<\/div>\n<\/div>\n<\/div>\n<\/div>\n<\/div>\n<\/div>\n<\/div>\n<\/div>\n<\/div>\n<\/div>\n<\/div>\n<\/div>\n<\/div>\n<\/div>\n<\/div>\n<\/div>\n<\/div>\n<\/div>\n<\/div>\n<\/div>\n<\/div>\n<\/div>\n<\/div>\n<\/div>\n<\/div>\n<\/div>\n<\/div>\n<\/div>\n<\/div>\n<\/div>\n<\/div>\n<\/div>\n<\/div>\n<\/div>\n<\/div>\n<\/div>\n<\/div>\n<\/div>\n<\/div>\n<\/div>\n<\/div>\n<\/div>\n<\/div>\n<\/div>\n<\/div>\n<\/div>\n<\/div>\n<\/div>\n<\/div>\n<\/div>\n<\/div>\n<\/div>\n<\/div>\n<\/div>\n<\/div>\n<\/div>\n<\/div>\n<\/div>\n<\/div>\n<\/div>\n<\/div>\n<\/div>\n<\/div>\n<\/div>\n<\/div>\n<\/div>\n<\/div>\n<\/div>\n<\/div>\n<\/div>\n<\/div>\n<\/div>\n<\/div>\n<\/div>\n<\/div>\n<\/div>\n<\/div>\n<\/div>\n<\/div>\n<\/div>\n<\/div>\n<\/div>\n<\/div>\n<\/div>\n<\/div>\n<\/div>\n<\/div>\n<\/div>\n<\/div>\n<\/div>\n<\/div>\n<\/div>\n<\/div>\n<\/div>\n<\/div>\n<\/div>\n<\/div>\n<\/div>\n<\/div>\n<\/div>\n<\/div>\n<\/div>\n<\/div>\n<\/div>\n<\/div>\n<\/div>\n<\/div>\n<\/div>\n<\/div>\n<\/div>\n<\/div>\n<\/div>\n<\/div>\n<\/div>\n<\/div>\n<\/div>\n<\/div>\n<\/div>\n<\/div>\n<\/div>\n<\/div>\n<\/div>\n<\/div>\n<\/div>\n<\/div>\n<\/div>\n<\/div>\n<\/div>\n<\/div>\n<\/div>\n<\/div>\n<\/div>\n<\/div>\n<\/div>\n<\/div>\n<\/div>\n<\/div>\n<\/div>\n<\/div>\n<\/div>\n<\/div>\n<\/div>\n<\/div>\n<\/div>\n<\/div>\n<\/div>\n<\/div>\n<\/div>\n<\/div>\n<\/div>\n<\/div>\n<\/div>\n<\/div>\n<\/div>\n<\/div>\n<\/div>\n<\/div>\n<\/div>\n<\/div>\n<\/div>\n<\/div>\n<\/div>\n<\/div>\n<\/div>\n<\/div>\n<p><center><b>Giovedi 13<\/b><\/center><b>Tempo atteso: <\/b>Ancora tempo splendido con cielo sereno e ottima visibilit\u00e0; meno freddo e un p\u00f2 meno ventoso in alta quota.<br \/>\n<b>Precipitazioni: <\/b>Assenti (0%)<br \/>\n<b>Temperature: <\/b>Minime stazionarie nelle valli con forti gelate, massime in aumento anche marcato in quota, con inizio di inversione termica in serata\/notte. Su Prealpi a 1500 m: min 0 max 5, a 2000 m: min -1 max 3 Dolomiti &#8211; a 2000 m: min -1 max 3, a 3000 m: min -5 max -1<br \/>\n<b>Venti: <\/b>Venti nella valli deboli variabili, in quota moderati o tesi da nord-est, a 10-20 km\/h a 2000 m, 30-40 km\/h a 3000 m.<\/p>\n<hr \/>\n<p><center><b>Venerdi 14<\/b><\/center><b>Tempo atteso: <\/b>Bel tempo con cielo sereno e ottima visibilit\u00e0. Forte inversione termica nelle valli nella notte ed al mattino e forte escursione termica diurna specie nei settori assolati.<br \/>\n<b>Precipitazioni: <\/b>Assenti (0%)<br \/>\n<b>Temperature: <\/b>marcato rialzo termico sia in quota che nelle valli specie per quanto riguarda i valori massimi e nei settori pi\u00f9 assolati. Possibili massime attorno a 13\/15 \u00b0C sulla pedemontana e settori prealpini pi\u00f9 assolati. Su Prealpi a 1500 m: min 6 max 10, a 2000 m: min 5 max 7 Dolomiti &#8211; a 2000 m: min 4 max 6, a 3000 m: min -1 max 1<br \/>\n<b>Venti: <\/b>Venti in quota deboli\/moderati settentrionali, deboli variabili nelle valli a 5-15 km\/h a 2000 m, 15-25 km\/h a 3000 m.<\/p>\n<hr \/>\n<p><center><b>Sabato 15<\/b><\/center>Tempo stabile con cielo sereno e ottima visibilit\u00e0. Temperature stazionarie o in lieve calo le massime e sempre superiori alla media del periodo con forte inversione termica nelle valli e nei settori in ombra. Venti in quota deboli settentrionali, deboli variabili nelle valli.<\/p>\n<hr \/>\n<p><center><b>Domenica 16<\/b><\/center>Persistono condizioni di tempo stabile con cielo sereno ed ottima visibilit\u00e0. Temperature in lieve calo in quota ma sempre superiori alla media del periodo con forte inversione termica nelle valli e nei settori in ombra. Venti deboli settentrionali in quota. Previsore: DDL<\/p>\n<p>&nbsp;<\/p>\n<hr \/>\n<p>&nbsp;<\/p>\n<p><a href=\"https:\/\/www.radiopiu.net\/wordpress\/giornale-radiopiu-15-settembre-2018-direttore-mirko-mezzacasa\/sport-7\/\" rel=\"attachment wp-att-60761\"><img loading=\"lazy\" decoding=\"async\" class=\"wp-image-60761 size-full aligncenter\" src=\"https:\/\/www.radiopiu.net\/wordpress\/wp-content\/uploads\/2018\/09\/sport.jpg\" alt=\"\" width=\"800\" height=\"100\" srcset=\"https:\/\/www.radiopiu.net\/wordpress\/wp-content\/uploads\/2018\/09\/sport.jpg 800w, https:\/\/www.radiopiu.net\/wordpress\/wp-content\/uploads\/2018\/09\/sport-300x38.jpg 300w, https:\/\/www.radiopiu.net\/wordpress\/wp-content\/uploads\/2018\/09\/sport-768x96.jpg 768w\" sizes=\"auto, (max-width: 800px) 100vw, 800px\" \/><\/a><\/p>\n<p>&nbsp;<\/p>\n<p>&nbsp;<\/p>\n<p><strong><span style=\"color: #0000ff;\">SCI ALPINO<\/span><\/strong><\/p>\n<blockquote><p><strong>DALLA RASSEGNA STAMPA DELLE OTTO DEL MATTINO, IL RESPONSABILE MARKETING SKI AREA SAN PELLEGRINO RENZO MINELLA\u00a0<\/strong><\/p><\/blockquote>\n<p><strong>audio\u00a0<\/strong><\/p>\n<audio class=\"wp-audio-shortcode\" id=\"audio-253516-13\" preload=\"none\" style=\"width: 100%;\" controls=\"controls\"><source type=\"audio\/mpeg\" src=\"https:\/\/www.radiopiu.net\/wordpress\/wp-content\/uploads\/2022\/01\/RENZO.mp3?_=13\" \/><a href=\"https:\/\/www.radiopiu.net\/wordpress\/wp-content\/uploads\/2022\/01\/RENZO.mp3\">https:\/\/www.radiopiu.net\/wordpress\/wp-content\/uploads\/2022\/01\/RENZO.mp3<\/a><\/audio>\n<p>&nbsp;<\/p>\n\n\t\t\t<style type='text\/css'>\n\t\t\t\t#gallery-4 {\n\t\t\t\t\tmargin: auto;\n\t\t\t\t}\n\t\t\t\t#gallery-4 .gallery-item {\n\t\t\t\t\tfloat: left;\n\t\t\t\t\tmargin-top: 10px;\n\t\t\t\t\ttext-align: center;\n\t\t\t\t\twidth: 50%;\n\t\t\t\t}\n\t\t\t\t#gallery-4 img {\n\t\t\t\t\tborder: 2px solid #cfcfcf;\n\t\t\t\t}\n\t\t\t\t#gallery-4 .gallery-caption {\n\t\t\t\t\tmargin-left: 0;\n\t\t\t\t}\n\t\t\t\t\/* see gallery_shortcode() in wp-includes\/media.php *\/\n\t\t\t<\/style>\n\t\t<div id='gallery-4' class='dt-gallery-container gallery galleryid-253516 gallery-columns-2 gallery-size-thumbnail'><dl class='gallery-item'>\n\t\t\t\t<dt class='gallery-icon portrait'>\n\t\t\t\t\t<a class=\"rollover rollover-zoom dt-pswp-item\" title=\"08ad0fdf-85a9-4fd7-a452-e533b787de10\" data-dt-img-description=\"\" data-large_image_width=\"768\" data-large_image_height=\"1024\"href='https:\/\/www.radiopiu.net\/wordpress\/wp-content\/uploads\/2022\/01\/08ad0fdf-85a9-4fd7-a452-e533b787de10.jpg'><img loading=\"lazy\" decoding=\"async\" width=\"150\" height=\"150\" src=\"https:\/\/www.radiopiu.net\/wordpress\/wp-content\/uploads\/2022\/01\/08ad0fdf-85a9-4fd7-a452-e533b787de10-150x150.jpg\" class=\"attachment-thumbnail size-thumbnail\" alt=\"\" \/><\/a>\n\t\t\t\t<\/dt><\/dl><dl class='gallery-item'>\n\t\t\t\t<dt class='gallery-icon landscape'>\n\t\t\t\t\t<a class=\"rollover rollover-zoom dt-pswp-item\" title=\"09a23b34-d109-4f08-8d3d-81ee4be1dcda\" data-dt-img-description=\"\" data-large_image_width=\"1024\" data-large_image_height=\"768\"href='https:\/\/www.radiopiu.net\/wordpress\/wp-content\/uploads\/2022\/01\/09a23b34-d109-4f08-8d3d-81ee4be1dcda.jpg'><img loading=\"lazy\" decoding=\"async\" width=\"150\" height=\"150\" src=\"https:\/\/www.radiopiu.net\/wordpress\/wp-content\/uploads\/2022\/01\/09a23b34-d109-4f08-8d3d-81ee4be1dcda-150x150.jpg\" class=\"attachment-thumbnail size-thumbnail\" alt=\"\" \/><\/a>\n\t\t\t\t<\/dt><\/dl><br style=\"clear: both\" \/>\n\t\t\t<\/div>\n\n<p>&nbsp;<\/p>\n<hr \/>\n<p>&nbsp;<\/p>\n<blockquote>\n<h3><span style=\"color: #0000ff;\"><strong>PALLAVOLO\u00a0<\/strong><\/span><\/h3>\n<p><a href=\"https:\/\/www.radiopiu.net\/wordpress\/giornale-radiopiu-13-gennaio-2022-direttore-mirko-mezzacasa\/covid_espulso_dal_gruppo\/\" rel=\"attachment wp-att-253641\"><img loading=\"lazy\" decoding=\"async\" class=\" wp-image-253641 alignleft\" src=\"https:\/\/www.radiopiu.net\/wordpress\/wp-content\/uploads\/2022\/01\/Covid_espulso_dal_gruppo-300x200.jpg\" alt=\"\" width=\"227\" height=\"151\" srcset=\"https:\/\/www.radiopiu.net\/wordpress\/wp-content\/uploads\/2022\/01\/Covid_espulso_dal_gruppo-300x200.jpg 300w, https:\/\/www.radiopiu.net\/wordpress\/wp-content\/uploads\/2022\/01\/Covid_espulso_dal_gruppo-1024x682.jpg 1024w, https:\/\/www.radiopiu.net\/wordpress\/wp-content\/uploads\/2022\/01\/Covid_espulso_dal_gruppo-768x512.jpg 768w, https:\/\/www.radiopiu.net\/wordpress\/wp-content\/uploads\/2022\/01\/Covid_espulso_dal_gruppo.jpg 1235w\" sizes=\"auto, (max-width: 227px) 100vw, 227px\" \/><\/a><strong>NEGATIVO ANCHE L&#8217;ULTIMO TAMPONE, DA ROLD A FORZA PIENA<\/strong><\/p><\/blockquote>\n<div>\n<p>La Da Rold Logistics Belluno pu\u00f2 tornare ad allenarsi a pieno regime. I sei atleti contagiati a fine dicembre si sono tutti \u201cnegativizzati\u201d. Il sestetto che aveva contratto il virus pu\u00f2 tornare\u00a0 alla Spes Arena, dove \u00e8 ripresa la preparazione in vista del prossimo impegno il 23 gennaio con il Bologna, la sfida di domenica con la Med Store Tunit Macerata \u00e8 stata rinviata a data da destinarsi.<strong>\u00a0COPPA ITALIA<\/strong> posticipata di una settimana, scatter\u00e0 mercoled\u00ec\u00a0 26 gennaio, nelle prossime ore\u00a0 i biancobl\u00f9 conosceranno il nome della loro avversaria: una tra Abba Pineto e Videx Grottazzolina.<span class=\"gmail-Apple-converted-space\">\u00a0<\/span><\/p>\n<\/div>\n<p>&nbsp;<\/p>\n","protected":false},"excerpt":{"rendered":"<p>INFORMAZIONE il canale su TELEGRAM informazione di prima mano e in tempo reale. iscriviti ed aiutaci a farlo conoscere\u00a0 &nbsp; IL LUTTO\u00a0\u00a0 E&#8217; MANCATO GIUSEPPE, schietto, sorridente, buono.\u00a0 BELLUNO Nella mattinata di ieri \u00e8 mancato Giuseppe Guglielmi, pap\u00e0 di Luigi. Giuseppe Guglielmi aveva 92 anni. Ha prestato\u00a0 servizio con la Polizia di Stato in Cadore&hellip;<\/p>\n","protected":false},"author":4,"featured_media":253690,"comment_status":"closed","ping_status":"open","sticky":false,"template":"","format":"standard","meta":{"_monsterinsights_skip_tracking":false,"_monsterinsights_sitenote_active":false,"_monsterinsights_sitenote_note":"","_monsterinsights_sitenote_category":0,"footnotes":""},"categories":[104,86,49],"tags":[],"class_list":["post-253516","post","type-post","status-publish","format-standard","has-post-thumbnail","hentry","category-evidenza_3","category-gr","category-news-18","category-104","category-86","category-49","description-off"],"img_url":"https:\/\/www.radiopiu.net\/wordpress\/wp-content\/uploads\/2022\/01\/c7e120c0-2ee6-4ab8-85f4-bfd826133ec2.jpg","_links":{"self":[{"href":"https:\/\/www.radiopiu.net\/wordpress\/wp-json\/wp\/v2\/posts\/253516","targetHints":{"allow":["GET"]}}],"collection":[{"href":"https:\/\/www.radiopiu.net\/wordpress\/wp-json\/wp\/v2\/posts"}],"about":[{"href":"https:\/\/www.radiopiu.net\/wordpress\/wp-json\/wp\/v2\/types\/post"}],"author":[{"embeddable":true,"href":"https:\/\/www.radiopiu.net\/wordpress\/wp-json\/wp\/v2\/users\/4"}],"replies":[{"embeddable":true,"href":"https:\/\/www.radiopiu.net\/wordpress\/wp-json\/wp\/v2\/comments?post=253516"}],"version-history":[{"count":0,"href":"https:\/\/www.radiopiu.net\/wordpress\/wp-json\/wp\/v2\/posts\/253516\/revisions"}],"wp:featuredmedia":[{"embeddable":true,"href":"https:\/\/www.radiopiu.net\/wordpress\/wp-json\/wp\/v2\/media\/253690"}],"wp:attachment":[{"href":"https:\/\/www.radiopiu.net\/wordpress\/wp-json\/wp\/v2\/media?parent=253516"}],"wp:term":[{"taxonomy":"category","embeddable":true,"href":"https:\/\/www.radiopiu.net\/wordpress\/wp-json\/wp\/v2\/categories?post=253516"},{"taxonomy":"post_tag","embeddable":true,"href":"https:\/\/www.radiopiu.net\/wordpress\/wp-json\/wp\/v2\/tags?post=253516"}],"curies":[{"name":"wp","href":"https:\/\/api.w.org\/{rel}","templated":true}]}}