{"id":253527,"date":"2022-01-11T19:52:17","date_gmt":"2022-01-11T18:52:17","guid":{"rendered":"https:\/\/www.radiopiu.net\/wordpress\/?p=253527"},"modified":"2022-01-11T19:52:17","modified_gmt":"2022-01-11T18:52:17","slug":"presentata-uninterrogazione-sulla-sorveglianza-privata-a-belluno-addamiano-chiede-chiarimenti","status":"publish","type":"post","link":"https:\/\/www.radiopiu.net\/wordpress\/presentata-uninterrogazione-sulla-sorveglianza-privata-a-belluno-addamiano-chiede-chiarimenti\/","title":{"rendered":"PRESENTATA UN&#8217;INTERROGAZIONE SULLA SORVEGLIANZA PRIVATA A BELLUNO. ADDAMIANO CHIEDE CHIARIMENTI"},"content":{"rendered":"<p><strong><a href=\"https:\/\/www.radiopiu.net\/wordpress\/solidarieta-al-cinquantenne-aggredito-addamiano-dobbiamo-risalire-agli-autori-di-questi-gravi-fatti\/raffaele-addamiano-2\/\" rel=\"attachment wp-att-250846\"><img loading=\"lazy\" decoding=\"async\" class=\" wp-image-250846 alignleft\" src=\"https:\/\/www.radiopiu.net\/wordpress\/wp-content\/uploads\/2021\/12\/RAFFAELE-ADDAMIANO-221x300.jpg\" alt=\"\" width=\"167\" height=\"226\" srcset=\"https:\/\/www.radiopiu.net\/wordpress\/wp-content\/uploads\/2021\/12\/RAFFAELE-ADDAMIANO-221x300.jpg 221w, https:\/\/www.radiopiu.net\/wordpress\/wp-content\/uploads\/2021\/12\/RAFFAELE-ADDAMIANO-753x1024.jpg 753w, https:\/\/www.radiopiu.net\/wordpress\/wp-content\/uploads\/2021\/12\/RAFFAELE-ADDAMIANO-768x1045.jpg 768w, https:\/\/www.radiopiu.net\/wordpress\/wp-content\/uploads\/2021\/12\/RAFFAELE-ADDAMIANO.jpg 1080w\" sizes=\"auto, (max-width: 167px) 100vw, 167px\" \/><\/a>BELLUNO<\/strong> Il consigliere comunale di Obiettivo Belluno-Fratelli d\u2019Italia Raffaele Addamiano, assieme al collega Andrea Stella, ha presentato un&#8217;interrogazione presso il Comune di Belluno per la sorveglianza privata. &#8220;Come noto, negli scorsi mesi la Citt\u00e0 di Belluno \u00e8 stata purtroppo teatro di numerosi episodi di criminalit\u00e0, quali, a esempio, furti in abitazione, danneggiamenti, risse e lesioni personali, che hanno determinato un profondo allarme tra la popolazione e una crescente percezione di insicurezza &#8211; dice Addamiano &#8211; con la delibera nr. 264 del 30\/12\/2021 la Giunta Comunale di Belluno ha stabilito di destinare la somma di 3 mila euro nel capitolo denominato <em>\u201cSorveglianza privata\u201d<\/em>, riducendo all\u2019uopo il cosiddetto Fondo di riserva e ci\u00f2 al fine di attivare un progetto di sorveglianza privata &#8211; in collaborazione con l\u2019Ascom, gli esercenti e altri soggetti che verranno coinvolti nell\u2019iniziativa<em>\u201c .<\/em> Da qui la richiesta al primo cittadino di Belluno Jacopo Massaro di conoscere quali siano gli sviluppi nonch\u00e8 i risultati concreti del finanziamento e quali siano stati i necessari riscontri\/intendimenti in merito da parte dell\u2019Ascom, degli esercenti e di tutti gli altri soggetti eventualmente coinvolti nella iniziativa.<\/p>\n<p>&nbsp;<\/p>\n<p>&nbsp;<\/p>\n<p>&nbsp;<\/p>\n<p>*****<\/p>\n","protected":false},"excerpt":{"rendered":"<p>BELLUNO Il consigliere comunale di Obiettivo Belluno-Fratelli d\u2019Italia Raffaele Addamiano, assieme al collega Andrea Stella, ha presentato un&#8217;interrogazione presso il Comune di Belluno per la sorveglianza privata. &#8220;Come noto, negli scorsi mesi la Citt\u00e0 di Belluno \u00e8 stata purtroppo teatro di numerosi episodi di criminalit\u00e0, quali, a esempio, furti in abitazione, danneggiamenti, risse e lesioni&hellip;<\/p>\n","protected":false},"author":4,"featured_media":250847,"comment_status":"closed","ping_status":"open","sticky":false,"template":"","format":"standard","meta":{"_monsterinsights_skip_tracking":false,"_monsterinsights_sitenote_active":false,"_monsterinsights_sitenote_note":"","_monsterinsights_sitenote_category":0,"footnotes":""},"categories":[49],"tags":[],"class_list":["post-253527","post","type-post","status-publish","format-standard","has-post-thumbnail","hentry","category-news-18","category-49","description-off"],"img_url":"https:\/\/www.radiopiu.net\/wordpress\/wp-content\/uploads\/2021\/12\/ADDAMIANO.png","_links":{"self":[{"href":"https:\/\/www.radiopiu.net\/wordpress\/wp-json\/wp\/v2\/posts\/253527","targetHints":{"allow":["GET"]}}],"collection":[{"href":"https:\/\/www.radiopiu.net\/wordpress\/wp-json\/wp\/v2\/posts"}],"about":[{"href":"https:\/\/www.radiopiu.net\/wordpress\/wp-json\/wp\/v2\/types\/post"}],"author":[{"embeddable":true,"href":"https:\/\/www.radiopiu.net\/wordpress\/wp-json\/wp\/v2\/users\/4"}],"replies":[{"embeddable":true,"href":"https:\/\/www.radiopiu.net\/wordpress\/wp-json\/wp\/v2\/comments?post=253527"}],"version-history":[{"count":0,"href":"https:\/\/www.radiopiu.net\/wordpress\/wp-json\/wp\/v2\/posts\/253527\/revisions"}],"wp:featuredmedia":[{"embeddable":true,"href":"https:\/\/www.radiopiu.net\/wordpress\/wp-json\/wp\/v2\/media\/250847"}],"wp:attachment":[{"href":"https:\/\/www.radiopiu.net\/wordpress\/wp-json\/wp\/v2\/media?parent=253527"}],"wp:term":[{"taxonomy":"category","embeddable":true,"href":"https:\/\/www.radiopiu.net\/wordpress\/wp-json\/wp\/v2\/categories?post=253527"},{"taxonomy":"post_tag","embeddable":true,"href":"https:\/\/www.radiopiu.net\/wordpress\/wp-json\/wp\/v2\/tags?post=253527"}],"curies":[{"name":"wp","href":"https:\/\/api.w.org\/{rel}","templated":true}]}}