{"id":253621,"date":"2022-01-12T23:59:17","date_gmt":"2022-01-12T22:59:17","guid":{"rendered":"https:\/\/www.radiopiu.net\/wordpress\/?p=253621"},"modified":"2022-01-12T14:20:12","modified_gmt":"2022-01-12T13:20:12","slug":"a-feltre-cinque-incontri-di-formazione-proposti-dalla-convergenza-foraniale","status":"publish","type":"post","link":"https:\/\/www.radiopiu.net\/wordpress\/a-feltre-cinque-incontri-di-formazione-proposti-dalla-convergenza-foraniale\/","title":{"rendered":"A FELTRE CINQUE INCONTRI DI FORMAZIONE PROPOSTI DALLA CONVERGENZA FORANIALE"},"content":{"rendered":"<p><strong>di\u00a0 RENATO BONA<\/strong><\/p>\n<p><strong>\u00a0<\/strong><\/p>\n<p><strong>BELLUNO\u00a0<\/strong> Il sito \u201cchiesabellunofeltre\u201dannuncia che venerd\u00ec 14 dalle 20,30 alle 22 prender\u00e0 il via, nei locali della parrocchia di Santa Maria degli Angeli, nel viale Giuseppe Mazzini 7 di Feltre (ci sar\u00e0 la possibilit\u00e0 di parcheggiare all\u2019interno del cortile parrocchiale) un ciclo di incontri di formazione proposti ed organizzati dalla Convergenza foraniale di Feltre, Lamon, Pedavena, sul tema generale: \u201cCamminava con loro\u2026\u201d. E\u2019 previsto che gli incontri si svolgano sempre di venerd\u00ec dalle 20,30 alle 22 (ai partecipanti viene richiesto di giungere entro le 20,15) con questo programma: venerd\u00ec 14 gennaio: \u201cFormazione e spiritualit\u00e0 del lettore\u201d, incontro introduttivo a cura di don Alberto Ganz, parroco di Pedavena, Facen, Norcen e Travagola, vicario foraneo della Convergenza foraniale di Feltre, Lamon e Pedavena, e don Angelo Balcon, parroco della Concattedrale di Feltre, di Santa Maria degli Angeli e del Sacro Cuore in Feltre curatore del corso. Venerd\u00ec 21 gennaio il tema sar\u00e0: \u201cLa parola di Dio nella vita della Chiesa. Dalla \u2018Dei Verbum\u2019 all\u2019istituzione della Domenica della Parola\u201d. Relatore sar\u00e0 don Sandro De Gasperi, vicario parrocchiale della Concattedrale, di Santa Maria degli Angeli, del Sacro Cuore a Feltre. A seguire, il 28 gennaio: \u201cParola ed Eucaristia: il lettore nella liturgia. Indicazioni teologico-pastorali\u201d; relatore don Alex Vascellari, vicario parrocchiale di Duomo-Loreto in Belluno, direttore dell&#8217;Ufficio diocesano per la liturgia di Belluno-Feltre, cerimoniere del Vescovo monsignor Renato Marangoni in cattedrale, delegato vescovile per la pastorale dell\u2019educazione e della scuola. Venerd\u00ec 4 febbraio, ecco il tema: \u201cLa voce: strumento di Dio per Dio. Elementi di qualit\u00e0 della voce che proclama la parola di Dio\u201d, con Camilla Da Vico, esperta di funzionalit\u00e0 vocale e responsabile dello Studio d\u2019arti \u2018Pituit\u2019 di Trento. Laureata in filosofia, la da Vico \u2013 come si pu\u00f2 leggere nel sito \u201cpituit.it\u201d &#8211; si \u00e8 dedicata al teatro, alla vocalit\u00e0 e alla relazione, con particolare cura dell\u2019infanzia e delle fasce marginali. Dal 1999 collabora con Finisterrae Teatri, partecipando come attrice alle numerose produzioni. Approfondisce lo studio della vocalit\u00e0 presso il Roy Hart Center (Francia) e il Centro di Formazione Vocale Voce Mea (Belluno), dove ora insegna stabilmente. Ha collaborato anche con il Centro Servizi Culturali Santa Chiara, il MuSe, il Comune e la Provincia Autonoma di Trento. Dal 2015 segue la direzione artistica di Pituit Studio d\u2019Arti, tiene corsi di aggiornamento per educatori e insegnanti, collabora come docente presso scuole di teatro, associazioni e altre realt\u00e0 che desiderano approfondire la conoscenza della voce. Infine venerd\u00ec 11 febbraio conclusioni con don Angelo Balcon su: \u201cLo scorrere della vita nella liturgia della Parola\u201d: meditazione conclusiva sul ciclo delle letture per il tempo di Quaresima dell\u2019anno\u201d. L\u2019organizzazione precisa che le iscrizioni possono essere perfezionate col modulo online scaricabile dal sito: <span role=\"gridcell\"><a class=\"oajrlxb2 g5ia77u1 qu0x051f esr5mh6w e9989ue4 r7d6kgcz rq0escxv nhd2j8a9 nc684nl6 p7hjln8o kvgmc6g5 cxmmr5t8 oygrvhab hcukyx3x jb3vyjys rz4wbd8a qt6c0cv9 a8nywdso i1ao9s8h f1sip0of lzcic4wl gmql0nx0 gpro0wi8 oo483o9r\" tabindex=\"-1\" role=\"link\" href=\"https:\/\/l.facebook.com\/l.php?u=http%3A%2F%2Fwww.parrocchiaduomo.it%2F%3Ffbclid%3DIwAR3hZfQKn_WmPgMBHL0n3JHemKJ0O2JtpaHpLjdeAGwLWHXLXdplsfRo_Dk&amp;h=AT1KS0F2MFbc4yQ-iyXKq5_xLeGWlsDgWBDyqhZQZ_Ylsuo-eVLDwq0veDPvYLb5d7S3cjwV1dP6zdrhIGGthcOHqhhAHtLNuPjrywRVcNTPgpRMKENmjviqTk8trTitV_ZN4g\" target=\"_blank\" rel=\"nofollow noopener\">www.parrocchiaduomo.it<\/a><\/span> dal link \u201cCamminava con loro\u201d o direttamente rivolgendosi a don Balcon nella via Antonio Vecellio di Feltre, telefono 0439-2312: il numero dei partecipanti \u00e8 limitato a cinquanta; viene richiesta la quota di 15 euro come collaborazione per sostenere le spese e i sussidi. Viene in particolare raccomandata l\u2019osservanza scrupolosa e responsabile delle norme anti Covid 19: uso di mascherina da indossare per tutto il tempo dell\u2019incontro, uso di gel per le mani: per essere ammessi non \u00e8 tuttavia richiesto il green pass. Ultima precisazione: gli incontri si inseriscono nel percorso di collaborazione tra parrocchie e sono aperti a tutti i laici che desiderino approfondire la formazione cristiana in ordine alla liturgia.<\/p>\n\n\t\t\t<style type='text\/css'>\n\t\t\t\t#gallery-1 {\n\t\t\t\t\tmargin: auto;\n\t\t\t\t}\n\t\t\t\t#gallery-1 .gallery-item {\n\t\t\t\t\tfloat: left;\n\t\t\t\t\tmargin-top: 10px;\n\t\t\t\t\ttext-align: center;\n\t\t\t\t\twidth: 25%;\n\t\t\t\t}\n\t\t\t\t#gallery-1 img {\n\t\t\t\t\tborder: 2px solid #cfcfcf;\n\t\t\t\t}\n\t\t\t\t#gallery-1 .gallery-caption {\n\t\t\t\t\tmargin-left: 0;\n\t\t\t\t}\n\t\t\t\t\/* see gallery_shortcode() in wp-includes\/media.php *\/\n\t\t\t<\/style>\n\t\t<div id='gallery-1' class='dt-gallery-container gallery galleryid-253621 gallery-columns-4 gallery-size-thumbnail'><dl class='gallery-item'>\n\t\t\t\t<dt class='gallery-icon landscape'>\n\t\t\t\t\t<a class=\"rollover rollover-zoom dt-pswp-item\" title=\"270010781_1126078437928864_3815232591701054820_n\" data-dt-img-description=\"\" data-large_image_width=\"306\" data-large_image_height=\"206\"href='https:\/\/www.radiopiu.net\/wordpress\/wp-content\/uploads\/2022\/01\/270010781_1126078437928864_3815232591701054820_n.jpg'><img loading=\"lazy\" decoding=\"async\" width=\"150\" height=\"150\" src=\"https:\/\/www.radiopiu.net\/wordpress\/wp-content\/uploads\/2022\/01\/270010781_1126078437928864_3815232591701054820_n-150x150.jpg\" class=\"attachment-thumbnail size-thumbnail\" alt=\"\" \/><\/a>\n\t\t\t\t<\/dt><\/dl><dl class='gallery-item'>\n\t\t\t\t<dt class='gallery-icon portrait'>\n\t\t\t\t\t<a class=\"rollover rollover-zoom dt-pswp-item\" title=\"271277325_472577870897828_1618785022391680597_n\" data-dt-img-description=\"\" data-large_image_width=\"132\" data-large_image_height=\"236\"href='https:\/\/www.radiopiu.net\/wordpress\/wp-content\/uploads\/2022\/01\/271277325_472577870897828_1618785022391680597_n.jpg'><img loading=\"lazy\" decoding=\"async\" width=\"132\" height=\"150\" src=\"https:\/\/www.radiopiu.net\/wordpress\/wp-content\/uploads\/2022\/01\/271277325_472577870897828_1618785022391680597_n-132x150.jpg\" class=\"attachment-thumbnail size-thumbnail\" alt=\"\" \/><\/a>\n\t\t\t\t<\/dt><\/dl><dl class='gallery-item'>\n\t\t\t\t<dt class='gallery-icon landscape'>\n\t\t\t\t\t<a class=\"rollover rollover-zoom dt-pswp-item\" title=\"271442646_1003951376877234_2454531054821390891_n\" data-dt-img-description=\"\" data-large_image_width=\"142\" data-large_image_height=\"131\"href='https:\/\/www.radiopiu.net\/wordpress\/wp-content\/uploads\/2022\/01\/271442646_1003951376877234_2454531054821390891_n.jpg'><img loading=\"lazy\" decoding=\"async\" width=\"142\" height=\"131\" src=\"https:\/\/www.radiopiu.net\/wordpress\/wp-content\/uploads\/2022\/01\/271442646_1003951376877234_2454531054821390891_n.jpg\" class=\"attachment-thumbnail size-thumbnail\" alt=\"\" \/><\/a>\n\t\t\t\t<\/dt><\/dl><dl class='gallery-item'>\n\t\t\t\t<dt class='gallery-icon landscape'>\n\t\t\t\t\t<a class=\"rollover rollover-zoom dt-pswp-item\" title=\"271198121_465389198323916_2900647043974682607_n\" data-dt-img-description=\"\" data-large_image_width=\"394\" data-large_image_height=\"206\"href='https:\/\/www.radiopiu.net\/wordpress\/wp-content\/uploads\/2022\/01\/271198121_465389198323916_2900647043974682607_n.jpg'><img loading=\"lazy\" decoding=\"async\" width=\"150\" height=\"150\" src=\"https:\/\/www.radiopiu.net\/wordpress\/wp-content\/uploads\/2022\/01\/271198121_465389198323916_2900647043974682607_n-150x150.jpg\" class=\"attachment-thumbnail size-thumbnail\" alt=\"\" \/><\/a>\n\t\t\t\t<\/dt><\/dl><br style=\"clear: both\" \/><dl class='gallery-item'>\n\t\t\t\t<dt class='gallery-icon landscape'>\n\t\t\t\t\t<a class=\"rollover rollover-zoom dt-pswp-item\" title=\"270260184_461868952006113_1722646247030015174_n\" data-dt-img-description=\"\" data-large_image_width=\"393\" data-large_image_height=\"206\"href='https:\/\/www.radiopiu.net\/wordpress\/wp-content\/uploads\/2022\/01\/270260184_461868952006113_1722646247030015174_n.jpg'><img loading=\"lazy\" decoding=\"async\" width=\"150\" height=\"150\" src=\"https:\/\/www.radiopiu.net\/wordpress\/wp-content\/uploads\/2022\/01\/270260184_461868952006113_1722646247030015174_n-150x150.jpg\" class=\"attachment-thumbnail size-thumbnail\" alt=\"\" \/><\/a>\n\t\t\t\t<\/dt><\/dl><dl class='gallery-item'>\n\t\t\t\t<dt class='gallery-icon landscape'>\n\t\t\t\t\t<a class=\"rollover rollover-zoom dt-pswp-item\" title=\"271654381_602410870856463_7350425677967744007_n\" data-dt-img-description=\"\" data-large_image_width=\"206\" data-large_image_height=\"206\"href='https:\/\/www.radiopiu.net\/wordpress\/wp-content\/uploads\/2022\/01\/271654381_602410870856463_7350425677967744007_n.jpg'><img loading=\"lazy\" decoding=\"async\" width=\"150\" height=\"150\" src=\"https:\/\/www.radiopiu.net\/wordpress\/wp-content\/uploads\/2022\/01\/271654381_602410870856463_7350425677967744007_n-150x150.jpg\" class=\"attachment-thumbnail size-thumbnail\" alt=\"\" srcset=\"https:\/\/www.radiopiu.net\/wordpress\/wp-content\/uploads\/2022\/01\/271654381_602410870856463_7350425677967744007_n-150x150.jpg 150w, https:\/\/www.radiopiu.net\/wordpress\/wp-content\/uploads\/2022\/01\/271654381_602410870856463_7350425677967744007_n.jpg 206w\" sizes=\"auto, (max-width: 150px) 100vw, 150px\" \/><\/a>\n\t\t\t\t<\/dt><\/dl><dl class='gallery-item'>\n\t\t\t\t<dt class='gallery-icon portrait'>\n\t\t\t\t\t<a class=\"rollover rollover-zoom dt-pswp-item\" title=\"269953362_643178367030993_6933173092815877556_n\" data-dt-img-description=\"\" data-large_image_width=\"159\" data-large_image_height=\"225\"href='https:\/\/www.radiopiu.net\/wordpress\/wp-content\/uploads\/2022\/01\/269953362_643178367030993_6933173092815877556_n.jpg'><img loading=\"lazy\" decoding=\"async\" width=\"150\" height=\"150\" src=\"https:\/\/www.radiopiu.net\/wordpress\/wp-content\/uploads\/2022\/01\/269953362_643178367030993_6933173092815877556_n-150x150.jpg\" class=\"attachment-thumbnail size-thumbnail\" alt=\"\" \/><\/a>\n\t\t\t\t<\/dt><\/dl>\n\t\t\t\t<br style='clear: both' \/>\n\t\t\t<\/div>\n\n<p>NELLE FOTO (siti \u201cchiesabellunofeltre\u201d e \u201cpituit.it\u201d, L\u2019Amico del Popolo): panoramica della citt\u00e0 di Feltre; il curatore del corso, don Angelo Balcon; don Alberto Ganz; don Sandro De Gasperi; don Alex Vascellari; Camilla Da Vico esperta di funzionalit\u00e0 vocale; la docente che fa anche l\u2019attrice.<\/p>\n","protected":false},"excerpt":{"rendered":"<p>di\u00a0 RENATO BONA \u00a0 BELLUNO\u00a0 Il sito \u201cchiesabellunofeltre\u201dannuncia che venerd\u00ec 14 dalle 20,30 alle 22 prender\u00e0 il via, nei locali della parrocchia di Santa Maria degli Angeli, nel viale Giuseppe Mazzini 7 di Feltre (ci sar\u00e0 la possibilit\u00e0 di parcheggiare all\u2019interno del cortile parrocchiale) un ciclo di incontri di formazione proposti ed organizzati dalla Convergenza&hellip;<\/p>\n","protected":false},"author":4,"featured_media":253628,"comment_status":"closed","ping_status":"open","sticky":false,"template":"","format":"standard","meta":{"_monsterinsights_skip_tracking":false,"_monsterinsights_sitenote_active":false,"_monsterinsights_sitenote_note":"","_monsterinsights_sitenote_category":0,"footnotes":""},"categories":[49],"tags":[],"class_list":["post-253621","post","type-post","status-publish","format-standard","has-post-thumbnail","hentry","category-news-18","category-49","description-off"],"img_url":"https:\/\/www.radiopiu.net\/wordpress\/wp-content\/uploads\/2022\/01\/269953362_643178367030993_6933173092815877556_n.jpg","_links":{"self":[{"href":"https:\/\/www.radiopiu.net\/wordpress\/wp-json\/wp\/v2\/posts\/253621","targetHints":{"allow":["GET"]}}],"collection":[{"href":"https:\/\/www.radiopiu.net\/wordpress\/wp-json\/wp\/v2\/posts"}],"about":[{"href":"https:\/\/www.radiopiu.net\/wordpress\/wp-json\/wp\/v2\/types\/post"}],"author":[{"embeddable":true,"href":"https:\/\/www.radiopiu.net\/wordpress\/wp-json\/wp\/v2\/users\/4"}],"replies":[{"embeddable":true,"href":"https:\/\/www.radiopiu.net\/wordpress\/wp-json\/wp\/v2\/comments?post=253621"}],"version-history":[{"count":0,"href":"https:\/\/www.radiopiu.net\/wordpress\/wp-json\/wp\/v2\/posts\/253621\/revisions"}],"wp:featuredmedia":[{"embeddable":true,"href":"https:\/\/www.radiopiu.net\/wordpress\/wp-json\/wp\/v2\/media\/253628"}],"wp:attachment":[{"href":"https:\/\/www.radiopiu.net\/wordpress\/wp-json\/wp\/v2\/media?parent=253621"}],"wp:term":[{"taxonomy":"category","embeddable":true,"href":"https:\/\/www.radiopiu.net\/wordpress\/wp-json\/wp\/v2\/categories?post=253621"},{"taxonomy":"post_tag","embeddable":true,"href":"https:\/\/www.radiopiu.net\/wordpress\/wp-json\/wp\/v2\/tags?post=253621"}],"curies":[{"name":"wp","href":"https:\/\/api.w.org\/{rel}","templated":true}]}}